{"id":7174,"date":"2020-08-03T10:50:23","date_gmt":"2020-08-03T13:50:23","guid":{"rendered":"https:\/\/jornalfatosenoticias.com.br\/?p=7174"},"modified":"2020-08-03T10:52:35","modified_gmt":"2020-08-03T13:52:35","slug":"navio-grego-naufragado-ha-25-mil-anos-e-transformado-em-museu-submarino","status":"publish","type":"post","link":"https:\/\/jornalfatosenoticias.com.br\/index.php\/2020\/08\/03\/navio-grego-naufragado-ha-25-mil-anos-e-transformado-em-museu-submarino\/","title":{"rendered":"Navio grego naufragado h\u00e1 2,5 mil anos \u00e9 transformado em museu submarino"},"content":{"rendered":"\n<h6 class=\"wp-block-heading\"><em>Esta ser\u00e1 a primeira vez que a Gr\u00e9cia vai permitir que mergulhadores visitem a embarca\u00e7\u00e3o, que \u00e9 a maior de seu tipo j\u00e1 encontrada no fundo do mar<\/em><\/h6>\n\n\n\n<p>No fundo do mar Egeu, pr\u00f3ximo \u00e0 ilha grega de Alonissos, est\u00e1 o naufr\u00e1gio Peristera: um enorme navio de carga que levava quatro mil \u00e2nforas de argila \u2014 provavelmente cheias de vinho \u2014 quando afundou no final do s\u00e9culo 5 a.C. Ele foi descoberto no in\u00edcio dos anos 1990 e agora ser\u00e1 o primeiro a receber visitas na Gr\u00e9cia, que devem acontecer entre 3 de agosto e 2 de outubro.<br>Segundo historiadores, ele \u00e9 o maior navio desse tipo j\u00e1 descoberto no fundo do mar e serviu para transformar a compreens\u00e3o de especialistas sobre embarca\u00e7\u00f5es. Isso porque os arque\u00f3logos originalmente pensavam que esse tipo de constru\u00e7\u00e3o naval se originava com os romanos. Por\u00e9m, os destro\u00e7os de Peristera provaram que eram os gregos que estavam \u00e0 frente do assunto.<br>Ainda n\u00e3o se sabe ao certo o que causou o naufr\u00e1gio ou se mais descobertas podem ser feitas no local, j\u00e1 que nem todos os ambientes foram escavados. Embora algumas pistas apontem para um inc\u00eandio a bordo, os especialistas n\u00e3o t\u00eam certeza se isso causou o desaparecimento do navio.<br>A madeira foi decomposta com o tempo, mas os visitantes poder\u00e3o encontrar uma paisagem vasta e interessante a cerca de 30 metros debaixo d&#8217;\u00e1gua. O local tamb\u00e9m virou moradia de esponjas e peixes, que adicionam cores inesperadas \u00e0 cer\u00e2mica e prometem encantar os mergulhadores.<\/p>\n\n\n\n<figure class=\"wp-block-embed-youtube wp-block-embed is-type-video is-provider-youtube wp-embed-aspect-16-9 wp-has-aspect-ratio\"><div class=\"wp-block-embed__wrapper\">\n<iframe loading=\"lazy\" title=\"Peristera shipwreck - Alonissos, Greece\" width=\"660\" height=\"371\" src=\"https:\/\/www.youtube.com\/embed\/uIGlIh_5PMg?feature=oembed\" frameborder=\"0\" allow=\"accelerometer; autoplay; clipboard-write; encrypted-media; gyroscope; picture-in-picture; web-share\" referrerpolicy=\"strict-origin-when-cross-origin\" allowfullscreen><\/iframe>\n<\/div><\/figure>\n\n\n\n<p><strong><em>Fonte: <a href=\"https:\/\/revistagalileu.globo.com\/Ciencia\/Arqueologia\/noticia\/2020\/08\/navio-grego-naufragado-ha-25-mil-anos-e-transformado-em-museu-submarino.html\">Revista Galileu<\/a><\/em><\/strong><\/p>\n","protected":false},"excerpt":{"rendered":"<p>Esta ser\u00e1 a primeira vez que a Gr\u00e9cia vai permitir que mergulhadores visitem a embarca\u00e7\u00e3o, que \u00e9 a maior de seu tipo j\u00e1 encontrada no fundo do mar No fundo do mar Egeu, pr\u00f3ximo \u00e0 ilha grega de Alonissos, est\u00e1 o naufr\u00e1gio Peristera: um enorme navio de carga que levava quatro mil \u00e2nforas de argila [&hellip;]<\/p>\n","protected":false},"author":2,"featured_media":7175,"comment_status":"open","ping_status":"open","sticky":false,"template":"","format":"standard","meta":{"footnotes":""},"categories":[41],"tags":[4097,668,248,4098,4099],"class_list":["post-7174","post","type-post","status-publish","format-standard","has-post-thumbnail","hentry","category-internacional","tag-embarcacao","tag-grecia","tag-naufragio","tag-navio","tag-submarino"],"yoast_head":"<!-- This site is optimized with the Yoast SEO plugin v26.5 - https:\/\/yoast.com\/wordpress\/plugins\/seo\/ -->\n<title>Navio grego naufragado h\u00e1 2,5 mil anos \u00e9 transformado em museu submarino - Jornal Fatos e Not\u00edcias<\/title>\n<meta name=\"robots\" content=\"index, follow, max-snippet:-1, max-image-preview:large, max-video-preview:-1\" \/>\n<link rel=\"canonical\" href=\"https:\/\/jornalfatosenoticias.com.br\/index.php\/2020\/08\/03\/navio-grego-naufragado-ha-25-mil-anos-e-transformado-em-museu-submarino\/\" \/>\n<meta property=\"og:locale\" content=\"pt_BR\" \/>\n<meta property=\"og:type\" content=\"article\" \/>\n<meta property=\"og:title\" content=\"Navio grego naufragado h\u00e1 2,5 mil anos \u00e9 transformado em museu submarino - Jornal Fatos e Not\u00edcias\" \/>\n<meta property=\"og:description\" content=\"Esta ser\u00e1 a primeira vez que a Gr\u00e9cia vai permitir que mergulhadores visitem a embarca\u00e7\u00e3o, que \u00e9 a maior de seu tipo j\u00e1 encontrada no fundo do mar No fundo do mar Egeu, pr\u00f3ximo \u00e0 ilha grega de Alonissos, est\u00e1 o naufr\u00e1gio Peristera: um enorme navio de carga que levava quatro mil \u00e2nforas de argila [&hellip;]\" \/>\n<meta property=\"og:url\" content=\"https:\/\/jornalfatosenoticias.com.br\/index.php\/2020\/08\/03\/navio-grego-naufragado-ha-25-mil-anos-e-transformado-em-museu-submarino\/\" \/>\n<meta property=\"og:site_name\" content=\"Jornal Fatos e Not\u00edcias\" \/>\n<meta property=\"article:published_time\" content=\"2020-08-03T13:50:23+00:00\" \/>\n<meta property=\"article:modified_time\" content=\"2020-08-03T13:52:35+00:00\" \/>\n<meta property=\"og:image\" content=\"https:\/\/jornalfatosenoticias.com.br\/wp-content\/uploads\/2020\/08\/navio-grecia.jpg\" \/>\n\t<meta property=\"og:image:width\" content=\"1000\" \/>\n\t<meta property=\"og:image:height\" content=\"667\" \/>\n\t<meta property=\"og:image:type\" content=\"image\/jpeg\" \/>\n<meta name=\"author\" content=\"Luzimara Fernandes\" \/>\n<meta name=\"twitter:card\" content=\"summary_large_image\" \/>\n<meta name=\"twitter:label1\" content=\"Escrito por\" \/>\n\t<meta name=\"twitter:data1\" content=\"Luzimara Fernandes\" \/>\n\t<meta name=\"twitter:label2\" content=\"Est. tempo de leitura\" \/>\n\t<meta name=\"twitter:data2\" content=\"1 minuto\" \/>\n<script type=\"application\/ld+json\" class=\"yoast-schema-graph\">{\"@context\":\"https:\/\/schema.org\",\"@graph\":[{\"@type\":\"Article\",\"@id\":\"https:\/\/jornalfatosenoticias.com.br\/index.php\/2020\/08\/03\/navio-grego-naufragado-ha-25-mil-anos-e-transformado-em-museu-submarino\/#article\",\"isPartOf\":{\"@id\":\"https:\/\/jornalfatosenoticias.com.br\/index.php\/2020\/08\/03\/navio-grego-naufragado-ha-25-mil-anos-e-transformado-em-museu-submarino\/\"},\"author\":{\"name\":\"Luzimara Fernandes\",\"@id\":\"https:\/\/jornalfatosenoticias.com.br\/#\/schema\/person\/d63837fa13ac8666eb9e74e0985d6f81\"},\"headline\":\"Navio grego naufragado h\u00e1 2,5 mil anos \u00e9 transformado em museu submarino\",\"datePublished\":\"2020-08-03T13:50:23+00:00\",\"dateModified\":\"2020-08-03T13:52:35+00:00\",\"mainEntityOfPage\":{\"@id\":\"https:\/\/jornalfatosenoticias.com.br\/index.php\/2020\/08\/03\/navio-grego-naufragado-ha-25-mil-anos-e-transformado-em-museu-submarino\/\"},\"wordCount\":285,\"commentCount\":0,\"publisher\":{\"@id\":\"https:\/\/jornalfatosenoticias.com.br\/#organization\"},\"image\":{\"@id\":\"https:\/\/jornalfatosenoticias.com.br\/index.php\/2020\/08\/03\/navio-grego-naufragado-ha-25-mil-anos-e-transformado-em-museu-submarino\/#primaryimage\"},\"thumbnailUrl\":\"https:\/\/jornalfatosenoticias.com.br\/wp-content\/uploads\/2020\/08\/navio-grecia.jpg\",\"keywords\":[\"embarca\u00e7\u00e3o\",\"Gr\u00e9cia\",\"naufr\u00e1gio\",\"navio\",\"submarino\"],\"articleSection\":[\"Internacional\"],\"inLanguage\":\"pt-BR\",\"potentialAction\":[{\"@type\":\"CommentAction\",\"name\":\"Comment\",\"target\":[\"https:\/\/jornalfatosenoticias.com.br\/index.php\/2020\/08\/03\/navio-grego-naufragado-ha-25-mil-anos-e-transformado-em-museu-submarino\/#respond\"]}]},{\"@type\":\"WebPage\",\"@id\":\"https:\/\/jornalfatosenoticias.com.br\/index.php\/2020\/08\/03\/navio-grego-naufragado-ha-25-mil-anos-e-transformado-em-museu-submarino\/\",\"url\":\"https:\/\/jornalfatosenoticias.com.br\/index.php\/2020\/08\/03\/navio-grego-naufragado-ha-25-mil-anos-e-transformado-em-museu-submarino\/\",\"name\":\"Navio grego naufragado h\u00e1 2,5 mil anos \u00e9 transformado em museu submarino - Jornal Fatos e Not\u00edcias\",\"isPartOf\":{\"@id\":\"https:\/\/jornalfatosenoticias.com.br\/#website\"},\"primaryImageOfPage\":{\"@id\":\"https:\/\/jornalfatosenoticias.com.br\/index.php\/2020\/08\/03\/navio-grego-naufragado-ha-25-mil-anos-e-transformado-em-museu-submarino\/#primaryimage\"},\"image\":{\"@id\":\"https:\/\/jornalfatosenoticias.com.br\/index.php\/2020\/08\/03\/navio-grego-naufragado-ha-25-mil-anos-e-transformado-em-museu-submarino\/#primaryimage\"},\"thumbnailUrl\":\"https:\/\/jornalfatosenoticias.com.br\/wp-content\/uploads\/2020\/08\/navio-grecia.jpg\",\"datePublished\":\"2020-08-03T13:50:23+00:00\",\"dateModified\":\"2020-08-03T13:52:35+00:00\",\"breadcrumb\":{\"@id\":\"https:\/\/jornalfatosenoticias.com.br\/index.php\/2020\/08\/03\/navio-grego-naufragado-ha-25-mil-anos-e-transformado-em-museu-submarino\/#breadcrumb\"},\"inLanguage\":\"pt-BR\",\"potentialAction\":[{\"@type\":\"ReadAction\",\"target\":[\"https:\/\/jornalfatosenoticias.com.br\/index.php\/2020\/08\/03\/navio-grego-naufragado-ha-25-mil-anos-e-transformado-em-museu-submarino\/\"]}]},{\"@type\":\"ImageObject\",\"inLanguage\":\"pt-BR\",\"@id\":\"https:\/\/jornalfatosenoticias.com.br\/index.php\/2020\/08\/03\/navio-grego-naufragado-ha-25-mil-anos-e-transformado-em-museu-submarino\/#primaryimage\",\"url\":\"https:\/\/jornalfatosenoticias.com.br\/wp-content\/uploads\/2020\/08\/navio-grecia.jpg\",\"contentUrl\":\"https:\/\/jornalfatosenoticias.com.br\/wp-content\/uploads\/2020\/08\/navio-grecia.jpg\",\"width\":1000,\"height\":667},{\"@type\":\"BreadcrumbList\",\"@id\":\"https:\/\/jornalfatosenoticias.com.br\/index.php\/2020\/08\/03\/navio-grego-naufragado-ha-25-mil-anos-e-transformado-em-museu-submarino\/#breadcrumb\",\"itemListElement\":[{\"@type\":\"ListItem\",\"position\":1,\"name\":\"In\u00edcio\",\"item\":\"https:\/\/jornalfatosenoticias.com.br\/\"},{\"@type\":\"ListItem\",\"position\":2,\"name\":\"Navio grego naufragado h\u00e1 2,5 mil anos \u00e9 transformado em museu submarino\"}]},{\"@type\":\"WebSite\",\"@id\":\"https:\/\/jornalfatosenoticias.com.br\/#website\",\"url\":\"https:\/\/jornalfatosenoticias.com.br\/\",\"name\":\"Jornal Fatos e Not\u00edcias\",\"description\":\"Not\u00edcias em geral\",\"publisher\":{\"@id\":\"https:\/\/jornalfatosenoticias.com.br\/#organization\"},\"potentialAction\":[{\"@type\":\"SearchAction\",\"target\":{\"@type\":\"EntryPoint\",\"urlTemplate\":\"https:\/\/jornalfatosenoticias.com.br\/?s={search_term_string}\"},\"query-input\":{\"@type\":\"PropertyValueSpecification\",\"valueRequired\":true,\"valueName\":\"search_term_string\"}}],\"inLanguage\":\"pt-BR\"},{\"@type\":\"Organization\",\"@id\":\"https:\/\/jornalfatosenoticias.com.br\/#organization\",\"name\":\"Jornal Fatos e Not\u00edcias\",\"url\":\"https:\/\/jornalfatosenoticias.com.br\/\",\"logo\":{\"@type\":\"ImageObject\",\"inLanguage\":\"pt-BR\",\"@id\":\"https:\/\/jornalfatosenoticias.com.br\/#\/schema\/logo\/image\/\",\"url\":\"https:\/\/jornalfatosenoticias.com.br\/wp-content\/uploads\/2020\/02\/logo120.png\",\"contentUrl\":\"https:\/\/jornalfatosenoticias.com.br\/wp-content\/uploads\/2020\/02\/logo120.png\",\"width\":1227,\"height\":120,\"caption\":\"Jornal Fatos e Not\u00edcias\"},\"image\":{\"@id\":\"https:\/\/jornalfatosenoticias.com.br\/#\/schema\/logo\/image\/\"}},{\"@type\":\"Person\",\"@id\":\"https:\/\/jornalfatosenoticias.com.br\/#\/schema\/person\/d63837fa13ac8666eb9e74e0985d6f81\",\"name\":\"Luzimara Fernandes\",\"image\":{\"@type\":\"ImageObject\",\"inLanguage\":\"pt-BR\",\"@id\":\"https:\/\/jornalfatosenoticias.com.br\/#\/schema\/person\/image\/\",\"url\":\"https:\/\/jornalfatosenoticias.com.br\/wp-content\/uploads\/2025\/05\/EU_portal.jpg\",\"contentUrl\":\"https:\/\/jornalfatosenoticias.com.br\/wp-content\/uploads\/2025\/05\/EU_portal.jpg\",\"caption\":\"Luzimara Fernandes\"},\"description\":\"Jornalista MTB 2358-ES\",\"sameAs\":[\"https:\/\/jornalfatosenoticias.com.br\"],\"url\":\"https:\/\/jornalfatosenoticias.com.br\/index.php\/author\/luzimara\/\"}]}<\/script>\n<!-- \/ Yoast SEO plugin. -->","yoast_head_json":{"title":"Navio grego naufragado h\u00e1 2,5 mil anos \u00e9 transformado em museu submarino - Jornal Fatos e Not\u00edcias","robots":{"index":"index","follow":"follow","max-snippet":"max-snippet:-1","max-image-preview":"max-image-preview:large","max-video-preview":"max-video-preview:-1"},"canonical":"https:\/\/jornalfatosenoticias.com.br\/index.php\/2020\/08\/03\/navio-grego-naufragado-ha-25-mil-anos-e-transformado-em-museu-submarino\/","og_locale":"pt_BR","og_type":"article","og_title":"Navio grego naufragado h\u00e1 2,5 mil anos \u00e9 transformado em museu submarino - Jornal Fatos e Not\u00edcias","og_description":"Esta ser\u00e1 a primeira vez que a Gr\u00e9cia vai permitir que mergulhadores visitem a embarca\u00e7\u00e3o, que \u00e9 a maior de seu tipo j\u00e1 encontrada no fundo do mar No fundo do mar Egeu, pr\u00f3ximo \u00e0 ilha grega de Alonissos, est\u00e1 o naufr\u00e1gio Peristera: um enorme navio de carga que levava quatro mil \u00e2nforas de argila [&hellip;]","og_url":"https:\/\/jornalfatosenoticias.com.br\/index.php\/2020\/08\/03\/navio-grego-naufragado-ha-25-mil-anos-e-transformado-em-museu-submarino\/","og_site_name":"Jornal Fatos e Not\u00edcias","article_published_time":"2020-08-03T13:50:23+00:00","article_modified_time":"2020-08-03T13:52:35+00:00","og_image":[{"width":1000,"height":667,"url":"https:\/\/jornalfatosenoticias.com.br\/wp-content\/uploads\/2020\/08\/navio-grecia.jpg","type":"image\/jpeg"}],"author":"Luzimara Fernandes","twitter_card":"summary_large_image","twitter_misc":{"Escrito por":"Luzimara Fernandes","Est. tempo de leitura":"1 minuto"},"schema":{"@context":"https:\/\/schema.org","@graph":[{"@type":"Article","@id":"https:\/\/jornalfatosenoticias.com.br\/index.php\/2020\/08\/03\/navio-grego-naufragado-ha-25-mil-anos-e-transformado-em-museu-submarino\/#article","isPartOf":{"@id":"https:\/\/jornalfatosenoticias.com.br\/index.php\/2020\/08\/03\/navio-grego-naufragado-ha-25-mil-anos-e-transformado-em-museu-submarino\/"},"author":{"name":"Luzimara Fernandes","@id":"https:\/\/jornalfatosenoticias.com.br\/#\/schema\/person\/d63837fa13ac8666eb9e74e0985d6f81"},"headline":"Navio grego naufragado h\u00e1 2,5 mil anos \u00e9 transformado em museu submarino","datePublished":"2020-08-03T13:50:23+00:00","dateModified":"2020-08-03T13:52:35+00:00","mainEntityOfPage":{"@id":"https:\/\/jornalfatosenoticias.com.br\/index.php\/2020\/08\/03\/navio-grego-naufragado-ha-25-mil-anos-e-transformado-em-museu-submarino\/"},"wordCount":285,"commentCount":0,"publisher":{"@id":"https:\/\/jornalfatosenoticias.com.br\/#organization"},"image":{"@id":"https:\/\/jornalfatosenoticias.com.br\/index.php\/2020\/08\/03\/navio-grego-naufragado-ha-25-mil-anos-e-transformado-em-museu-submarino\/#primaryimage"},"thumbnailUrl":"https:\/\/jornalfatosenoticias.com.br\/wp-content\/uploads\/2020\/08\/navio-grecia.jpg","keywords":["embarca\u00e7\u00e3o","Gr\u00e9cia","naufr\u00e1gio","navio","submarino"],"articleSection":["Internacional"],"inLanguage":"pt-BR","potentialAction":[{"@type":"CommentAction","name":"Comment","target":["https:\/\/jornalfatosenoticias.com.br\/index.php\/2020\/08\/03\/navio-grego-naufragado-ha-25-mil-anos-e-transformado-em-museu-submarino\/#respond"]}]},{"@type":"WebPage","@id":"https:\/\/jornalfatosenoticias.com.br\/index.php\/2020\/08\/03\/navio-grego-naufragado-ha-25-mil-anos-e-transformado-em-museu-submarino\/","url":"https:\/\/jornalfatosenoticias.com.br\/index.php\/2020\/08\/03\/navio-grego-naufragado-ha-25-mil-anos-e-transformado-em-museu-submarino\/","name":"Navio grego naufragado h\u00e1 2,5 mil anos \u00e9 transformado em museu submarino - Jornal Fatos e Not\u00edcias","isPartOf":{"@id":"https:\/\/jornalfatosenoticias.com.br\/#website"},"primaryImageOfPage":{"@id":"https:\/\/jornalfatosenoticias.com.br\/index.php\/2020\/08\/03\/navio-grego-naufragado-ha-25-mil-anos-e-transformado-em-museu-submarino\/#primaryimage"},"image":{"@id":"https:\/\/jornalfatosenoticias.com.br\/index.php\/2020\/08\/03\/navio-grego-naufragado-ha-25-mil-anos-e-transformado-em-museu-submarino\/#primaryimage"},"thumbnailUrl":"https:\/\/jornalfatosenoticias.com.br\/wp-content\/uploads\/2020\/08\/navio-grecia.jpg","datePublished":"2020-08-03T13:50:23+00:00","dateModified":"2020-08-03T13:52:35+00:00","breadcrumb":{"@id":"https:\/\/jornalfatosenoticias.com.br\/index.php\/2020\/08\/03\/navio-grego-naufragado-ha-25-mil-anos-e-transformado-em-museu-submarino\/#breadcrumb"},"inLanguage":"pt-BR","potentialAction":[{"@type":"ReadAction","target":["https:\/\/jornalfatosenoticias.com.br\/index.php\/2020\/08\/03\/navio-grego-naufragado-ha-25-mil-anos-e-transformado-em-museu-submarino\/"]}]},{"@type":"ImageObject","inLanguage":"pt-BR","@id":"https:\/\/jornalfatosenoticias.com.br\/index.php\/2020\/08\/03\/navio-grego-naufragado-ha-25-mil-anos-e-transformado-em-museu-submarino\/#primaryimage","url":"https:\/\/jornalfatosenoticias.com.br\/wp-content\/uploads\/2020\/08\/navio-grecia.jpg","contentUrl":"https:\/\/jornalfatosenoticias.com.br\/wp-content\/uploads\/2020\/08\/navio-grecia.jpg","width":1000,"height":667},{"@type":"BreadcrumbList","@id":"https:\/\/jornalfatosenoticias.com.br\/index.php\/2020\/08\/03\/navio-grego-naufragado-ha-25-mil-anos-e-transformado-em-museu-submarino\/#breadcrumb","itemListElement":[{"@type":"ListItem","position":1,"name":"In\u00edcio","item":"https:\/\/jornalfatosenoticias.com.br\/"},{"@type":"ListItem","position":2,"name":"Navio grego naufragado h\u00e1 2,5 mil anos \u00e9 transformado em museu submarino"}]},{"@type":"WebSite","@id":"https:\/\/jornalfatosenoticias.com.br\/#website","url":"https:\/\/jornalfatosenoticias.com.br\/","name":"Jornal Fatos e Not\u00edcias","description":"Not\u00edcias em geral","publisher":{"@id":"https:\/\/jornalfatosenoticias.com.br\/#organization"},"potentialAction":[{"@type":"SearchAction","target":{"@type":"EntryPoint","urlTemplate":"https:\/\/jornalfatosenoticias.com.br\/?s={search_term_string}"},"query-input":{"@type":"PropertyValueSpecification","valueRequired":true,"valueName":"search_term_string"}}],"inLanguage":"pt-BR"},{"@type":"Organization","@id":"https:\/\/jornalfatosenoticias.com.br\/#organization","name":"Jornal Fatos e Not\u00edcias","url":"https:\/\/jornalfatosenoticias.com.br\/","logo":{"@type":"ImageObject","inLanguage":"pt-BR","@id":"https:\/\/jornalfatosenoticias.com.br\/#\/schema\/logo\/image\/","url":"https:\/\/jornalfatosenoticias.com.br\/wp-content\/uploads\/2020\/02\/logo120.png","contentUrl":"https:\/\/jornalfatosenoticias.com.br\/wp-content\/uploads\/2020\/02\/logo120.png","width":1227,"height":120,"caption":"Jornal Fatos e Not\u00edcias"},"image":{"@id":"https:\/\/jornalfatosenoticias.com.br\/#\/schema\/logo\/image\/"}},{"@type":"Person","@id":"https:\/\/jornalfatosenoticias.com.br\/#\/schema\/person\/d63837fa13ac8666eb9e74e0985d6f81","name":"Luzimara Fernandes","image":{"@type":"ImageObject","inLanguage":"pt-BR","@id":"https:\/\/jornalfatosenoticias.com.br\/#\/schema\/person\/image\/","url":"https:\/\/jornalfatosenoticias.com.br\/wp-content\/uploads\/2025\/05\/EU_portal.jpg","contentUrl":"https:\/\/jornalfatosenoticias.com.br\/wp-content\/uploads\/2025\/05\/EU_portal.jpg","caption":"Luzimara Fernandes"},"description":"Jornalista MTB 2358-ES","sameAs":["https:\/\/jornalfatosenoticias.com.br"],"url":"https:\/\/jornalfatosenoticias.com.br\/index.php\/author\/luzimara\/"}]}},"cc_featured_image_caption":{"caption_text":"(Foto: Reprodu\u00e7\u00e3o\/bestdivingingreece)","source_text":"","source_url":""},"jetpack_featured_media_url":"https:\/\/jornalfatosenoticias.com.br\/wp-content\/uploads\/2020\/08\/navio-grecia.jpg","_links":{"self":[{"href":"https:\/\/jornalfatosenoticias.com.br\/index.php\/wp-json\/wp\/v2\/posts\/7174","targetHints":{"allow":["GET"]}}],"collection":[{"href":"https:\/\/jornalfatosenoticias.com.br\/index.php\/wp-json\/wp\/v2\/posts"}],"about":[{"href":"https:\/\/jornalfatosenoticias.com.br\/index.php\/wp-json\/wp\/v2\/types\/post"}],"author":[{"embeddable":true,"href":"https:\/\/jornalfatosenoticias.com.br\/index.php\/wp-json\/wp\/v2\/users\/2"}],"replies":[{"embeddable":true,"href":"https:\/\/jornalfatosenoticias.com.br\/index.php\/wp-json\/wp\/v2\/comments?post=7174"}],"version-history":[{"count":0,"href":"https:\/\/jornalfatosenoticias.com.br\/index.php\/wp-json\/wp\/v2\/posts\/7174\/revisions"}],"wp:featuredmedia":[{"embeddable":true,"href":"https:\/\/jornalfatosenoticias.com.br\/index.php\/wp-json\/wp\/v2\/media\/7175"}],"wp:attachment":[{"href":"https:\/\/jornalfatosenoticias.com.br\/index.php\/wp-json\/wp\/v2\/media?parent=7174"}],"wp:term":[{"taxonomy":"category","embeddable":true,"href":"https:\/\/jornalfatosenoticias.com.br\/index.php\/wp-json\/wp\/v2\/categories?post=7174"},{"taxonomy":"post_tag","embeddable":true,"href":"https:\/\/jornalfatosenoticias.com.br\/index.php\/wp-json\/wp\/v2\/tags?post=7174"}],"curies":[{"name":"wp","href":"https:\/\/api.w.org\/{rel}","templated":true}]}}