{"id":7220,"date":"2020-08-04T10:09:32","date_gmt":"2020-08-04T13:09:32","guid":{"rendered":"https:\/\/jornalfatosenoticias.com.br\/?p=7220"},"modified":"2020-08-04T10:09:34","modified_gmt":"2020-08-04T13:09:34","slug":"rio-justica-adia-audiencia-sobre-autodromo-na-floresta-do-camboata","status":"publish","type":"post","link":"https:\/\/jornalfatosenoticias.com.br\/index.php\/2020\/08\/04\/rio-justica-adia-audiencia-sobre-autodromo-na-floresta-do-camboata\/","title":{"rendered":"Rio: Justi\u00e7a adia audi\u00eancia sobre aut\u00f3dromo na Floresta do Camboat\u00e1"},"content":{"rendered":"\n<h6 class=\"wp-block-heading\"><em>O terreno \u00e9 alvo de questionamento pelos ambientalistas<\/em><\/h6>\n\n\n\n<p>A Justi\u00e7a suspendeu a audi\u00eancia p\u00fablica virtual que seria realizada na pr\u00f3xima sexta-feira (7) para discutir o relat\u00f3rio de impacto ambiental para a constru\u00e7\u00e3o de um aut\u00f3dromo na Floresta do Camboat\u00e1, na zona oeste da cidade do Rio de Janeiro.<br>O terreno escolhido para o aut\u00f3dromo, que ser\u00e1 cedido pela Uni\u00e3o \u00e0 Prefeitura do Rio, \u00e9 alvo de <a href=\"https:\/\/agenciabrasil.ebc.com.br\/geral\/noticia\/2020-04\/rio-pesquisadores-questionam-estudo-de-impacto-ambiental-de-autodromo\" target=\"_blank\" rel=\"noreferrer noopener\">questionamentos por parte de ambientalistas<\/a>. O movimento SOS Floresta do Camboat\u00e1 contabiliza que o local, que poder\u00e1 receber o aut\u00f3dromo, guarda 200 mil \u00e1rvores, que constituem a floresta considerada o \u00faltimo remanescente de Mata Atl\u00e2ntica de terras baixas na capital fluminense. Na cidade, as florestas preservadas concentram-se nos maci\u00e7os, como \u00e9 o caso da Floresta da Tijuca.<br>A ju\u00edza da 15\u00aa Vara de Fazenda P\u00fablica do Tribunal de Justi\u00e7a do Estado do Rio de Janeiro, Roseli Nalin, concedeu uma liminar (decis\u00e3o provis\u00f3ria) nessa segunda-feira (3) suspendendo a audi\u00eancia que \u00e9 uma das etapas necess\u00e1rias para a concess\u00e3o de licenciamento ambiental.<br>A Prefeitura do Rio realizou uma licita\u00e7\u00e3o e contratou a empresa Rio MotorPark para conduzir o projeto de constru\u00e7\u00e3o do aut\u00f3dromo em uma parceria p\u00fablico privada.<br>A reportagem procurou a Prefeitura do Rio e o Instituto Estadual do Meio Ambiente (Inea) e aguarda o posicionamento.<\/p>\n\n\n\n<p><strong><em>Fonte: <a href=\"https:\/\/agenciabrasil.ebc.com.br\/geral\/noticia\/2020-08\/rio-justica-adia-audiencia-sobre-autodromo-na-floresta-do-camboata\">Ag\u00eancia Brasil<\/a><\/em><\/strong><\/p>\n","protected":false},"excerpt":{"rendered":"<p>O terreno \u00e9 alvo de questionamento pelos ambientalistas A Justi\u00e7a suspendeu a audi\u00eancia p\u00fablica virtual que seria realizada na pr\u00f3xima sexta-feira (7) para discutir o relat\u00f3rio de impacto ambiental para a constru\u00e7\u00e3o de um aut\u00f3dromo na Floresta do Camboat\u00e1, na zona oeste da cidade do Rio de Janeiro.O terreno escolhido para o aut\u00f3dromo, que ser\u00e1 [&hellip;]<\/p>\n","protected":false},"author":2,"featured_media":7221,"comment_status":"open","ping_status":"open","sticky":false,"template":"","format":"standard","meta":{"footnotes":""},"categories":[5],"tags":[2546,4115,1345],"class_list":["post-7220","post","type-post","status-publish","format-standard","has-post-thumbnail","hentry","category-geral","tag-autodromo","tag-floresta-do-camboata","tag-justica"],"yoast_head":"<!-- This site is optimized with the Yoast SEO plugin v26.5 - https:\/\/yoast.com\/wordpress\/plugins\/seo\/ -->\n<title>Rio: Justi\u00e7a adia audi\u00eancia sobre aut\u00f3dromo na Floresta do Camboat\u00e1 - Jornal Fatos e Not\u00edcias<\/title>\n<meta name=\"robots\" content=\"index, follow, max-snippet:-1, max-image-preview:large, max-video-preview:-1\" \/>\n<link rel=\"canonical\" href=\"https:\/\/jornalfatosenoticias.com.br\/index.php\/2020\/08\/04\/rio-justica-adia-audiencia-sobre-autodromo-na-floresta-do-camboata\/\" \/>\n<meta property=\"og:locale\" content=\"pt_BR\" \/>\n<meta property=\"og:type\" content=\"article\" \/>\n<meta property=\"og:title\" content=\"Rio: Justi\u00e7a adia audi\u00eancia sobre aut\u00f3dromo na Floresta do Camboat\u00e1 - Jornal Fatos e Not\u00edcias\" \/>\n<meta property=\"og:description\" content=\"O terreno \u00e9 alvo de questionamento pelos ambientalistas A Justi\u00e7a suspendeu a audi\u00eancia p\u00fablica virtual que seria realizada na pr\u00f3xima sexta-feira (7) para discutir o relat\u00f3rio de impacto ambiental para a constru\u00e7\u00e3o de um aut\u00f3dromo na Floresta do Camboat\u00e1, na zona oeste da cidade do Rio de Janeiro.O terreno escolhido para o aut\u00f3dromo, que ser\u00e1 [&hellip;]\" \/>\n<meta property=\"og:url\" content=\"https:\/\/jornalfatosenoticias.com.br\/index.php\/2020\/08\/04\/rio-justica-adia-audiencia-sobre-autodromo-na-floresta-do-camboata\/\" \/>\n<meta property=\"og:site_name\" content=\"Jornal Fatos e Not\u00edcias\" \/>\n<meta property=\"article:published_time\" content=\"2020-08-04T13:09:32+00:00\" \/>\n<meta property=\"article:modified_time\" content=\"2020-08-04T13:09:34+00:00\" \/>\n<meta property=\"og:image\" content=\"https:\/\/jornalfatosenoticias.com.br\/wp-content\/uploads\/2020\/08\/autodromo_deodoro.jpg\" \/>\n\t<meta property=\"og:image:width\" content=\"1000\" \/>\n\t<meta property=\"og:image:height\" content=\"598\" \/>\n\t<meta property=\"og:image:type\" content=\"image\/jpeg\" \/>\n<meta name=\"author\" content=\"Luzimara Fernandes\" \/>\n<meta name=\"twitter:card\" content=\"summary_large_image\" \/>\n<meta name=\"twitter:label1\" content=\"Escrito por\" \/>\n\t<meta name=\"twitter:data1\" content=\"Luzimara Fernandes\" \/>\n\t<meta name=\"twitter:label2\" content=\"Est. tempo de leitura\" \/>\n\t<meta name=\"twitter:data2\" content=\"1 minuto\" \/>\n<script type=\"application\/ld+json\" class=\"yoast-schema-graph\">{\"@context\":\"https:\/\/schema.org\",\"@graph\":[{\"@type\":\"Article\",\"@id\":\"https:\/\/jornalfatosenoticias.com.br\/index.php\/2020\/08\/04\/rio-justica-adia-audiencia-sobre-autodromo-na-floresta-do-camboata\/#article\",\"isPartOf\":{\"@id\":\"https:\/\/jornalfatosenoticias.com.br\/index.php\/2020\/08\/04\/rio-justica-adia-audiencia-sobre-autodromo-na-floresta-do-camboata\/\"},\"author\":{\"name\":\"Luzimara Fernandes\",\"@id\":\"https:\/\/jornalfatosenoticias.com.br\/#\/schema\/person\/d63837fa13ac8666eb9e74e0985d6f81\"},\"headline\":\"Rio: Justi\u00e7a adia audi\u00eancia sobre aut\u00f3dromo na Floresta do Camboat\u00e1\",\"datePublished\":\"2020-08-04T13:09:32+00:00\",\"dateModified\":\"2020-08-04T13:09:34+00:00\",\"mainEntityOfPage\":{\"@id\":\"https:\/\/jornalfatosenoticias.com.br\/index.php\/2020\/08\/04\/rio-justica-adia-audiencia-sobre-autodromo-na-floresta-do-camboata\/\"},\"wordCount\":243,\"commentCount\":0,\"publisher\":{\"@id\":\"https:\/\/jornalfatosenoticias.com.br\/#organization\"},\"image\":{\"@id\":\"https:\/\/jornalfatosenoticias.com.br\/index.php\/2020\/08\/04\/rio-justica-adia-audiencia-sobre-autodromo-na-floresta-do-camboata\/#primaryimage\"},\"thumbnailUrl\":\"https:\/\/jornalfatosenoticias.com.br\/wp-content\/uploads\/2020\/08\/autodromo_deodoro.jpg\",\"keywords\":[\"aut\u00f3dromo\",\"Floresta do Camboat\u00e1\",\"justi\u00e7a\"],\"articleSection\":[\"Geral\"],\"inLanguage\":\"pt-BR\",\"potentialAction\":[{\"@type\":\"CommentAction\",\"name\":\"Comment\",\"target\":[\"https:\/\/jornalfatosenoticias.com.br\/index.php\/2020\/08\/04\/rio-justica-adia-audiencia-sobre-autodromo-na-floresta-do-camboata\/#respond\"]}]},{\"@type\":\"WebPage\",\"@id\":\"https:\/\/jornalfatosenoticias.com.br\/index.php\/2020\/08\/04\/rio-justica-adia-audiencia-sobre-autodromo-na-floresta-do-camboata\/\",\"url\":\"https:\/\/jornalfatosenoticias.com.br\/index.php\/2020\/08\/04\/rio-justica-adia-audiencia-sobre-autodromo-na-floresta-do-camboata\/\",\"name\":\"Rio: Justi\u00e7a adia audi\u00eancia sobre aut\u00f3dromo na Floresta do Camboat\u00e1 - Jornal Fatos e Not\u00edcias\",\"isPartOf\":{\"@id\":\"https:\/\/jornalfatosenoticias.com.br\/#website\"},\"primaryImageOfPage\":{\"@id\":\"https:\/\/jornalfatosenoticias.com.br\/index.php\/2020\/08\/04\/rio-justica-adia-audiencia-sobre-autodromo-na-floresta-do-camboata\/#primaryimage\"},\"image\":{\"@id\":\"https:\/\/jornalfatosenoticias.com.br\/index.php\/2020\/08\/04\/rio-justica-adia-audiencia-sobre-autodromo-na-floresta-do-camboata\/#primaryimage\"},\"thumbnailUrl\":\"https:\/\/jornalfatosenoticias.com.br\/wp-content\/uploads\/2020\/08\/autodromo_deodoro.jpg\",\"datePublished\":\"2020-08-04T13:09:32+00:00\",\"dateModified\":\"2020-08-04T13:09:34+00:00\",\"breadcrumb\":{\"@id\":\"https:\/\/jornalfatosenoticias.com.br\/index.php\/2020\/08\/04\/rio-justica-adia-audiencia-sobre-autodromo-na-floresta-do-camboata\/#breadcrumb\"},\"inLanguage\":\"pt-BR\",\"potentialAction\":[{\"@type\":\"ReadAction\",\"target\":[\"https:\/\/jornalfatosenoticias.com.br\/index.php\/2020\/08\/04\/rio-justica-adia-audiencia-sobre-autodromo-na-floresta-do-camboata\/\"]}]},{\"@type\":\"ImageObject\",\"inLanguage\":\"pt-BR\",\"@id\":\"https:\/\/jornalfatosenoticias.com.br\/index.php\/2020\/08\/04\/rio-justica-adia-audiencia-sobre-autodromo-na-floresta-do-camboata\/#primaryimage\",\"url\":\"https:\/\/jornalfatosenoticias.com.br\/wp-content\/uploads\/2020\/08\/autodromo_deodoro.jpg\",\"contentUrl\":\"https:\/\/jornalfatosenoticias.com.br\/wp-content\/uploads\/2020\/08\/autodromo_deodoro.jpg\",\"width\":1000,\"height\":598},{\"@type\":\"BreadcrumbList\",\"@id\":\"https:\/\/jornalfatosenoticias.com.br\/index.php\/2020\/08\/04\/rio-justica-adia-audiencia-sobre-autodromo-na-floresta-do-camboata\/#breadcrumb\",\"itemListElement\":[{\"@type\":\"ListItem\",\"position\":1,\"name\":\"In\u00edcio\",\"item\":\"https:\/\/jornalfatosenoticias.com.br\/\"},{\"@type\":\"ListItem\",\"position\":2,\"name\":\"Rio: Justi\u00e7a adia audi\u00eancia sobre aut\u00f3dromo na Floresta do Camboat\u00e1\"}]},{\"@type\":\"WebSite\",\"@id\":\"https:\/\/jornalfatosenoticias.com.br\/#website\",\"url\":\"https:\/\/jornalfatosenoticias.com.br\/\",\"name\":\"Jornal Fatos e Not\u00edcias\",\"description\":\"Not\u00edcias em geral\",\"publisher\":{\"@id\":\"https:\/\/jornalfatosenoticias.com.br\/#organization\"},\"potentialAction\":[{\"@type\":\"SearchAction\",\"target\":{\"@type\":\"EntryPoint\",\"urlTemplate\":\"https:\/\/jornalfatosenoticias.com.br\/?s={search_term_string}\"},\"query-input\":{\"@type\":\"PropertyValueSpecification\",\"valueRequired\":true,\"valueName\":\"search_term_string\"}}],\"inLanguage\":\"pt-BR\"},{\"@type\":\"Organization\",\"@id\":\"https:\/\/jornalfatosenoticias.com.br\/#organization\",\"name\":\"Jornal Fatos e Not\u00edcias\",\"url\":\"https:\/\/jornalfatosenoticias.com.br\/\",\"logo\":{\"@type\":\"ImageObject\",\"inLanguage\":\"pt-BR\",\"@id\":\"https:\/\/jornalfatosenoticias.com.br\/#\/schema\/logo\/image\/\",\"url\":\"https:\/\/jornalfatosenoticias.com.br\/wp-content\/uploads\/2020\/02\/logo120.png\",\"contentUrl\":\"https:\/\/jornalfatosenoticias.com.br\/wp-content\/uploads\/2020\/02\/logo120.png\",\"width\":1227,\"height\":120,\"caption\":\"Jornal Fatos e Not\u00edcias\"},\"image\":{\"@id\":\"https:\/\/jornalfatosenoticias.com.br\/#\/schema\/logo\/image\/\"}},{\"@type\":\"Person\",\"@id\":\"https:\/\/jornalfatosenoticias.com.br\/#\/schema\/person\/d63837fa13ac8666eb9e74e0985d6f81\",\"name\":\"Luzimara Fernandes\",\"image\":{\"@type\":\"ImageObject\",\"inLanguage\":\"pt-BR\",\"@id\":\"https:\/\/jornalfatosenoticias.com.br\/#\/schema\/person\/image\/\",\"url\":\"https:\/\/jornalfatosenoticias.com.br\/wp-content\/uploads\/2025\/05\/EU_portal.jpg\",\"contentUrl\":\"https:\/\/jornalfatosenoticias.com.br\/wp-content\/uploads\/2025\/05\/EU_portal.jpg\",\"caption\":\"Luzimara Fernandes\"},\"description\":\"Jornalista MTB 2358-ES\",\"sameAs\":[\"https:\/\/jornalfatosenoticias.com.br\"],\"url\":\"https:\/\/jornalfatosenoticias.com.br\/index.php\/author\/luzimara\/\"}]}<\/script>\n<!-- \/ Yoast SEO plugin. -->","yoast_head_json":{"title":"Rio: Justi\u00e7a adia audi\u00eancia sobre aut\u00f3dromo na Floresta do Camboat\u00e1 - Jornal Fatos e Not\u00edcias","robots":{"index":"index","follow":"follow","max-snippet":"max-snippet:-1","max-image-preview":"max-image-preview:large","max-video-preview":"max-video-preview:-1"},"canonical":"https:\/\/jornalfatosenoticias.com.br\/index.php\/2020\/08\/04\/rio-justica-adia-audiencia-sobre-autodromo-na-floresta-do-camboata\/","og_locale":"pt_BR","og_type":"article","og_title":"Rio: Justi\u00e7a adia audi\u00eancia sobre aut\u00f3dromo na Floresta do Camboat\u00e1 - Jornal Fatos e Not\u00edcias","og_description":"O terreno \u00e9 alvo de questionamento pelos ambientalistas A Justi\u00e7a suspendeu a audi\u00eancia p\u00fablica virtual que seria realizada na pr\u00f3xima sexta-feira (7) para discutir o relat\u00f3rio de impacto ambiental para a constru\u00e7\u00e3o de um aut\u00f3dromo na Floresta do Camboat\u00e1, na zona oeste da cidade do Rio de Janeiro.O terreno escolhido para o aut\u00f3dromo, que ser\u00e1 [&hellip;]","og_url":"https:\/\/jornalfatosenoticias.com.br\/index.php\/2020\/08\/04\/rio-justica-adia-audiencia-sobre-autodromo-na-floresta-do-camboata\/","og_site_name":"Jornal Fatos e Not\u00edcias","article_published_time":"2020-08-04T13:09:32+00:00","article_modified_time":"2020-08-04T13:09:34+00:00","og_image":[{"width":1000,"height":598,"url":"https:\/\/jornalfatosenoticias.com.br\/wp-content\/uploads\/2020\/08\/autodromo_deodoro.jpg","type":"image\/jpeg"}],"author":"Luzimara Fernandes","twitter_card":"summary_large_image","twitter_misc":{"Escrito por":"Luzimara Fernandes","Est. tempo de leitura":"1 minuto"},"schema":{"@context":"https:\/\/schema.org","@graph":[{"@type":"Article","@id":"https:\/\/jornalfatosenoticias.com.br\/index.php\/2020\/08\/04\/rio-justica-adia-audiencia-sobre-autodromo-na-floresta-do-camboata\/#article","isPartOf":{"@id":"https:\/\/jornalfatosenoticias.com.br\/index.php\/2020\/08\/04\/rio-justica-adia-audiencia-sobre-autodromo-na-floresta-do-camboata\/"},"author":{"name":"Luzimara Fernandes","@id":"https:\/\/jornalfatosenoticias.com.br\/#\/schema\/person\/d63837fa13ac8666eb9e74e0985d6f81"},"headline":"Rio: Justi\u00e7a adia audi\u00eancia sobre aut\u00f3dromo na Floresta do Camboat\u00e1","datePublished":"2020-08-04T13:09:32+00:00","dateModified":"2020-08-04T13:09:34+00:00","mainEntityOfPage":{"@id":"https:\/\/jornalfatosenoticias.com.br\/index.php\/2020\/08\/04\/rio-justica-adia-audiencia-sobre-autodromo-na-floresta-do-camboata\/"},"wordCount":243,"commentCount":0,"publisher":{"@id":"https:\/\/jornalfatosenoticias.com.br\/#organization"},"image":{"@id":"https:\/\/jornalfatosenoticias.com.br\/index.php\/2020\/08\/04\/rio-justica-adia-audiencia-sobre-autodromo-na-floresta-do-camboata\/#primaryimage"},"thumbnailUrl":"https:\/\/jornalfatosenoticias.com.br\/wp-content\/uploads\/2020\/08\/autodromo_deodoro.jpg","keywords":["aut\u00f3dromo","Floresta do Camboat\u00e1","justi\u00e7a"],"articleSection":["Geral"],"inLanguage":"pt-BR","potentialAction":[{"@type":"CommentAction","name":"Comment","target":["https:\/\/jornalfatosenoticias.com.br\/index.php\/2020\/08\/04\/rio-justica-adia-audiencia-sobre-autodromo-na-floresta-do-camboata\/#respond"]}]},{"@type":"WebPage","@id":"https:\/\/jornalfatosenoticias.com.br\/index.php\/2020\/08\/04\/rio-justica-adia-audiencia-sobre-autodromo-na-floresta-do-camboata\/","url":"https:\/\/jornalfatosenoticias.com.br\/index.php\/2020\/08\/04\/rio-justica-adia-audiencia-sobre-autodromo-na-floresta-do-camboata\/","name":"Rio: Justi\u00e7a adia audi\u00eancia sobre aut\u00f3dromo na Floresta do Camboat\u00e1 - Jornal Fatos e Not\u00edcias","isPartOf":{"@id":"https:\/\/jornalfatosenoticias.com.br\/#website"},"primaryImageOfPage":{"@id":"https:\/\/jornalfatosenoticias.com.br\/index.php\/2020\/08\/04\/rio-justica-adia-audiencia-sobre-autodromo-na-floresta-do-camboata\/#primaryimage"},"image":{"@id":"https:\/\/jornalfatosenoticias.com.br\/index.php\/2020\/08\/04\/rio-justica-adia-audiencia-sobre-autodromo-na-floresta-do-camboata\/#primaryimage"},"thumbnailUrl":"https:\/\/jornalfatosenoticias.com.br\/wp-content\/uploads\/2020\/08\/autodromo_deodoro.jpg","datePublished":"2020-08-04T13:09:32+00:00","dateModified":"2020-08-04T13:09:34+00:00","breadcrumb":{"@id":"https:\/\/jornalfatosenoticias.com.br\/index.php\/2020\/08\/04\/rio-justica-adia-audiencia-sobre-autodromo-na-floresta-do-camboata\/#breadcrumb"},"inLanguage":"pt-BR","potentialAction":[{"@type":"ReadAction","target":["https:\/\/jornalfatosenoticias.com.br\/index.php\/2020\/08\/04\/rio-justica-adia-audiencia-sobre-autodromo-na-floresta-do-camboata\/"]}]},{"@type":"ImageObject","inLanguage":"pt-BR","@id":"https:\/\/jornalfatosenoticias.com.br\/index.php\/2020\/08\/04\/rio-justica-adia-audiencia-sobre-autodromo-na-floresta-do-camboata\/#primaryimage","url":"https:\/\/jornalfatosenoticias.com.br\/wp-content\/uploads\/2020\/08\/autodromo_deodoro.jpg","contentUrl":"https:\/\/jornalfatosenoticias.com.br\/wp-content\/uploads\/2020\/08\/autodromo_deodoro.jpg","width":1000,"height":598},{"@type":"BreadcrumbList","@id":"https:\/\/jornalfatosenoticias.com.br\/index.php\/2020\/08\/04\/rio-justica-adia-audiencia-sobre-autodromo-na-floresta-do-camboata\/#breadcrumb","itemListElement":[{"@type":"ListItem","position":1,"name":"In\u00edcio","item":"https:\/\/jornalfatosenoticias.com.br\/"},{"@type":"ListItem","position":2,"name":"Rio: Justi\u00e7a adia audi\u00eancia sobre aut\u00f3dromo na Floresta do Camboat\u00e1"}]},{"@type":"WebSite","@id":"https:\/\/jornalfatosenoticias.com.br\/#website","url":"https:\/\/jornalfatosenoticias.com.br\/","name":"Jornal Fatos e Not\u00edcias","description":"Not\u00edcias em geral","publisher":{"@id":"https:\/\/jornalfatosenoticias.com.br\/#organization"},"potentialAction":[{"@type":"SearchAction","target":{"@type":"EntryPoint","urlTemplate":"https:\/\/jornalfatosenoticias.com.br\/?s={search_term_string}"},"query-input":{"@type":"PropertyValueSpecification","valueRequired":true,"valueName":"search_term_string"}}],"inLanguage":"pt-BR"},{"@type":"Organization","@id":"https:\/\/jornalfatosenoticias.com.br\/#organization","name":"Jornal Fatos e Not\u00edcias","url":"https:\/\/jornalfatosenoticias.com.br\/","logo":{"@type":"ImageObject","inLanguage":"pt-BR","@id":"https:\/\/jornalfatosenoticias.com.br\/#\/schema\/logo\/image\/","url":"https:\/\/jornalfatosenoticias.com.br\/wp-content\/uploads\/2020\/02\/logo120.png","contentUrl":"https:\/\/jornalfatosenoticias.com.br\/wp-content\/uploads\/2020\/02\/logo120.png","width":1227,"height":120,"caption":"Jornal Fatos e Not\u00edcias"},"image":{"@id":"https:\/\/jornalfatosenoticias.com.br\/#\/schema\/logo\/image\/"}},{"@type":"Person","@id":"https:\/\/jornalfatosenoticias.com.br\/#\/schema\/person\/d63837fa13ac8666eb9e74e0985d6f81","name":"Luzimara Fernandes","image":{"@type":"ImageObject","inLanguage":"pt-BR","@id":"https:\/\/jornalfatosenoticias.com.br\/#\/schema\/person\/image\/","url":"https:\/\/jornalfatosenoticias.com.br\/wp-content\/uploads\/2025\/05\/EU_portal.jpg","contentUrl":"https:\/\/jornalfatosenoticias.com.br\/wp-content\/uploads\/2025\/05\/EU_portal.jpg","caption":"Luzimara Fernandes"},"description":"Jornalista MTB 2358-ES","sameAs":["https:\/\/jornalfatosenoticias.com.br"],"url":"https:\/\/jornalfatosenoticias.com.br\/index.php\/author\/luzimara\/"}]}},"cc_featured_image_caption":{"caption_text":"Aut\u00f3dromo na Floresta do Camboat\u00e1","source_text":"","source_url":""},"jetpack_featured_media_url":"https:\/\/jornalfatosenoticias.com.br\/wp-content\/uploads\/2020\/08\/autodromo_deodoro.jpg","_links":{"self":[{"href":"https:\/\/jornalfatosenoticias.com.br\/index.php\/wp-json\/wp\/v2\/posts\/7220","targetHints":{"allow":["GET"]}}],"collection":[{"href":"https:\/\/jornalfatosenoticias.com.br\/index.php\/wp-json\/wp\/v2\/posts"}],"about":[{"href":"https:\/\/jornalfatosenoticias.com.br\/index.php\/wp-json\/wp\/v2\/types\/post"}],"author":[{"embeddable":true,"href":"https:\/\/jornalfatosenoticias.com.br\/index.php\/wp-json\/wp\/v2\/users\/2"}],"replies":[{"embeddable":true,"href":"https:\/\/jornalfatosenoticias.com.br\/index.php\/wp-json\/wp\/v2\/comments?post=7220"}],"version-history":[{"count":0,"href":"https:\/\/jornalfatosenoticias.com.br\/index.php\/wp-json\/wp\/v2\/posts\/7220\/revisions"}],"wp:featuredmedia":[{"embeddable":true,"href":"https:\/\/jornalfatosenoticias.com.br\/index.php\/wp-json\/wp\/v2\/media\/7221"}],"wp:attachment":[{"href":"https:\/\/jornalfatosenoticias.com.br\/index.php\/wp-json\/wp\/v2\/media?parent=7220"}],"wp:term":[{"taxonomy":"category","embeddable":true,"href":"https:\/\/jornalfatosenoticias.com.br\/index.php\/wp-json\/wp\/v2\/categories?post=7220"},{"taxonomy":"post_tag","embeddable":true,"href":"https:\/\/jornalfatosenoticias.com.br\/index.php\/wp-json\/wp\/v2\/tags?post=7220"}],"curies":[{"name":"wp","href":"https:\/\/api.w.org\/{rel}","templated":true}]}}