{"id":7223,"date":"2020-08-04T10:21:06","date_gmt":"2020-08-04T13:21:06","guid":{"rendered":"https:\/\/jornalfatosenoticias.com.br\/?p=7223"},"modified":"2020-08-04T10:21:08","modified_gmt":"2020-08-04T13:21:08","slug":"quem-vai-brigar-pelo-titulo-do-brasileirao-2020","status":"publish","type":"post","link":"https:\/\/jornalfatosenoticias.com.br\/index.php\/2020\/08\/04\/quem-vai-brigar-pelo-titulo-do-brasileirao-2020\/","title":{"rendered":"Quem vai brigar pelo t\u00edtulo do Brasileir\u00e3o 2020?"},"content":{"rendered":"\n<h6 class=\"wp-block-heading\"><em>Flamengo e Palmeiras seguem favoritos; Gr\u00eamio e Galo correm por fora<\/em><\/h6>\n\n\n\n<p>H\u00e1 dois anos, depois de processos de reestrutura\u00e7\u00e3o administrativa (cada um em um formato pr\u00f3prio), Flamengo e Palmeiras se distanciaram dos demais clubes do futebol brasileiro. N\u00e3o s\u00f3 no aspecto financeiro, mas tamb\u00e9m no esportivo. Assim, em 2018 e 2019 brigaram pelo t\u00edtulo do Brasileir\u00e3o (ano passado o Santos ficou entre os dois na classifica\u00e7\u00e3o final, mas isso com a ajuda do pr\u00f3prio Palmeiras, que despencou depois da Copa Am\u00e9rica e ficou em quinto lugar no returno). No pr\u00f3ximo fim de semana, dias 8 e 9 de agosto, come\u00e7a mais uma edi\u00e7\u00e3o do Brasileir\u00e3o. E a pergunta que surge \u00e9: quem vai brigar pelo t\u00edtulo desse campeonato que s\u00f3 termina em fevereiro do ano que vem?<br>\u00c9 evidente que o Flamengo, atual campe\u00e3o, sai como favorito. Se perdeu o t\u00e9cnico Jorge Jesus, considerado um dos respons\u00e1veis pelo grande momento do time em 2019, por outro manteve o grupo, que, ali\u00e1s, vem refor\u00e7ado por Gustavo Henrique, L\u00e9o Pereira, Michael, Pedro, Pedro Rocha e Thiago Maia (o zagueiro Pablo Mari foi a \u00fanica perda entre os titulares). O Palmeiras, em tese, \u00e9 a segunda for\u00e7a, mas perdeu Dudu e Luxemburgo ter\u00e1 de arrumar o time com essa mudan\u00e7a no meio e no ataque. E quem aparece depois dessa dupla?<br>O Gr\u00eamio sempre surge como um dos que v\u00e3o brigar pelo t\u00edtulo. Em 2018, ganhou o Gauch\u00e3o, mas foi eliminado nas quartas de final da Copa do Brasil pelo Flamengo, na semifinal da Libertadores pelo River Plate e terminou o Brasileir\u00e3o em quarto lugar. Ano passado, de novo campe\u00e3o ga\u00facho, mas tamb\u00e9m foi eliminado nas semifinais da Copa do Brasil, pelo Athletico Paranaense, e na Libertadores, com direito a uma goleada de 5 a 0 do Flamengo. Coincidentemente, ficou em quarto lugar na S\u00e9rie A.<br>Arthur e Luan foram duas perdas gremistas nos dois \u00faltimos anos e, em 2020, quem est\u00e1 na mira das grandes equipes da Europa \u00e9 Everton Cebolinha. Com ele, e sem poupar jogadores como gosta de fazer, Renato Ga\u00facho poder\u00e1 levar o Gr\u00eamio ao topo e \u00e0 briga pelo t\u00edtulo. Sem isso, certamente ser\u00e1 bem mais dif\u00edcil.<br>A novidade da temporada parece ser o Atl\u00e9tico Mineiro. Apesar da d\u00edvida que supera os R$ 740 milh\u00f5es, o clube investiu R$ 130 milh\u00f5es em 15 refor\u00e7os, com a ajuda de parceiros. E ainda conta com o t\u00e9cnico Jorge Sampaoli, o argentino que levou o Santos ao vice do Brasileir\u00e3o em 2019. Tem time para brigar em campo por algo melhor que nos \u00faltimos anos, mas o desajuste financeiro pode afetar essa participa\u00e7\u00e3o, porque n\u00e3o \u00e9 raro os sal\u00e1rios atrasarem.<br>Agora, se olharmos friamente os demais times, veremos ser muito dif\u00edcil apostar em algum outro com condi\u00e7\u00f5es de brigar pela primeira posi\u00e7\u00e3o. E n\u00e3o \u00e9 de hoje que, sabidamente, muitas das equipes entram no campeonato com o objetivo claro de lutar por uma vaga na Libertadores, ou na Sul-Americana, ou at\u00e9 mesmo para simplesmente n\u00e3o cair para a S\u00e9rie B.<br>Este ano, ter um elenco forte e diversificado ser\u00e1 ainda mais importante, pois o calend\u00e1rio est\u00e1 apertado. E esse aspecto, ali\u00e1s, pode ser determinante para a participa\u00e7\u00e3o dessas equipes no Brasileir\u00e3o, pois as datas da Copa do Brasil e da Copa Libertadores est\u00e3o todas no mesmo pacote, tornando essa temporada ainda mais desgastante (tamb\u00e9m vale lembrar que esses times t\u00eam jogadores de n\u00edvel de sele\u00e7\u00e3o, e que podem sofrer desfalques quando chegarem os jogos das eliminat\u00f3rias para a Copa).<br>Vale arriscar surpresas? Considerando que o Athletico n\u00e3o \u00e9 surpresa h\u00e1 um bom tempo, Fortaleza e Bahia seriam minhas apostas. Se conseguirem sobreviver \u00e0 aus\u00eancia de torcedor nos est\u00e1dios, com consequente queda de receita, creio que v\u00e3o chegar na frente de muitos que ainda se consideram grandes. \u00c9 claro que surpresa tem tamb\u00e9m pelo lado ruim, e n\u00e3o \u00e9 exagero dizer que o Botafogo vai precisar se reinventar para n\u00e3o repetir o desempenho do Cruzeiro de 2019 e acabar o ano rebaixado para a S\u00e9rie B.<\/p>\n\n\n\n<ul class=\"wp-block-list\"><li><em>Por S\u00e9rgio du Bocage, apresentador do programa No Mundo da Bola, da TV Brasil<\/em><\/li><\/ul>\n\n\n\n<p><strong><em>Fonte: <a href=\"https:\/\/agenciabrasil.ebc.com.br\/esportes\/noticia\/2020-08\/coluna-quem-vai-brigar-pelo-titulo-do-brasileirao-2020\">Ag\u00eancia Brasil<\/a><\/em><\/strong><\/p>\n","protected":false},"excerpt":{"rendered":"<p>Flamengo e Palmeiras seguem favoritos; Gr\u00eamio e Galo correm por fora H\u00e1 dois anos, depois de processos de reestrutura\u00e7\u00e3o administrativa (cada um em um formato pr\u00f3prio), Flamengo e Palmeiras se distanciaram dos demais clubes do futebol brasileiro. N\u00e3o s\u00f3 no aspecto financeiro, mas tamb\u00e9m no esportivo. Assim, em 2018 e 2019 brigaram pelo t\u00edtulo do [&hellip;]<\/p>\n","protected":false},"author":2,"featured_media":7224,"comment_status":"open","ping_status":"open","sticky":false,"template":"","format":"standard","meta":{"footnotes":""},"categories":[12],"tags":[4116,43,2689,632,4117,4118],"class_list":["post-7223","post","type-post","status-publish","format-standard","has-post-thumbnail","hentry","category-esportes","tag-brasileirao","tag-esportes","tag-flamengo","tag-futebol","tag-palmeiras","tag-sergio-du-bocage"],"yoast_head":"<!-- This site is optimized with the Yoast SEO plugin v26.5 - https:\/\/yoast.com\/wordpress\/plugins\/seo\/ -->\n<title>Quem vai brigar pelo t\u00edtulo do Brasileir\u00e3o 2020? - Jornal Fatos e Not\u00edcias<\/title>\n<meta name=\"robots\" content=\"index, follow, max-snippet:-1, max-image-preview:large, max-video-preview:-1\" \/>\n<link rel=\"canonical\" href=\"https:\/\/jornalfatosenoticias.com.br\/index.php\/2020\/08\/04\/quem-vai-brigar-pelo-titulo-do-brasileirao-2020\/\" \/>\n<meta property=\"og:locale\" content=\"pt_BR\" \/>\n<meta property=\"og:type\" content=\"article\" \/>\n<meta property=\"og:title\" content=\"Quem vai brigar pelo t\u00edtulo do Brasileir\u00e3o 2020? - Jornal Fatos e Not\u00edcias\" \/>\n<meta property=\"og:description\" content=\"Flamengo e Palmeiras seguem favoritos; Gr\u00eamio e Galo correm por fora H\u00e1 dois anos, depois de processos de reestrutura\u00e7\u00e3o administrativa (cada um em um formato pr\u00f3prio), Flamengo e Palmeiras se distanciaram dos demais clubes do futebol brasileiro. N\u00e3o s\u00f3 no aspecto financeiro, mas tamb\u00e9m no esportivo. Assim, em 2018 e 2019 brigaram pelo t\u00edtulo do [&hellip;]\" \/>\n<meta property=\"og:url\" content=\"https:\/\/jornalfatosenoticias.com.br\/index.php\/2020\/08\/04\/quem-vai-brigar-pelo-titulo-do-brasileirao-2020\/\" \/>\n<meta property=\"og:site_name\" content=\"Jornal Fatos e Not\u00edcias\" \/>\n<meta property=\"article:published_time\" content=\"2020-08-04T13:21:06+00:00\" \/>\n<meta property=\"article:modified_time\" content=\"2020-08-04T13:21:08+00:00\" \/>\n<meta property=\"og:image\" content=\"https:\/\/jornalfatosenoticias.com.br\/wp-content\/uploads\/2020\/08\/flamengo.jpg\" \/>\n\t<meta property=\"og:image:width\" content=\"1000\" \/>\n\t<meta property=\"og:image:height\" content=\"598\" \/>\n\t<meta property=\"og:image:type\" content=\"image\/jpeg\" \/>\n<meta name=\"author\" content=\"Luzimara Fernandes\" \/>\n<meta name=\"twitter:card\" content=\"summary_large_image\" \/>\n<meta name=\"twitter:label1\" content=\"Escrito por\" \/>\n\t<meta name=\"twitter:data1\" content=\"Luzimara Fernandes\" \/>\n\t<meta name=\"twitter:label2\" content=\"Est. tempo de leitura\" \/>\n\t<meta name=\"twitter:data2\" content=\"4 minutos\" \/>\n<script type=\"application\/ld+json\" class=\"yoast-schema-graph\">{\"@context\":\"https:\/\/schema.org\",\"@graph\":[{\"@type\":\"Article\",\"@id\":\"https:\/\/jornalfatosenoticias.com.br\/index.php\/2020\/08\/04\/quem-vai-brigar-pelo-titulo-do-brasileirao-2020\/#article\",\"isPartOf\":{\"@id\":\"https:\/\/jornalfatosenoticias.com.br\/index.php\/2020\/08\/04\/quem-vai-brigar-pelo-titulo-do-brasileirao-2020\/\"},\"author\":{\"name\":\"Luzimara Fernandes\",\"@id\":\"https:\/\/jornalfatosenoticias.com.br\/#\/schema\/person\/d63837fa13ac8666eb9e74e0985d6f81\"},\"headline\":\"Quem vai brigar pelo t\u00edtulo do Brasileir\u00e3o 2020?\",\"datePublished\":\"2020-08-04T13:21:06+00:00\",\"dateModified\":\"2020-08-04T13:21:08+00:00\",\"mainEntityOfPage\":{\"@id\":\"https:\/\/jornalfatosenoticias.com.br\/index.php\/2020\/08\/04\/quem-vai-brigar-pelo-titulo-do-brasileirao-2020\/\"},\"wordCount\":737,\"commentCount\":0,\"publisher\":{\"@id\":\"https:\/\/jornalfatosenoticias.com.br\/#organization\"},\"image\":{\"@id\":\"https:\/\/jornalfatosenoticias.com.br\/index.php\/2020\/08\/04\/quem-vai-brigar-pelo-titulo-do-brasileirao-2020\/#primaryimage\"},\"thumbnailUrl\":\"https:\/\/jornalfatosenoticias.com.br\/wp-content\/uploads\/2020\/08\/flamengo.jpg\",\"keywords\":[\"Brasileir\u00e3o\",\"esportes\",\"Flamengo\",\"futebol\",\"Palmeiras\",\"S\u00e9rgio du Bocage\"],\"articleSection\":[\"Esportes\"],\"inLanguage\":\"pt-BR\",\"potentialAction\":[{\"@type\":\"CommentAction\",\"name\":\"Comment\",\"target\":[\"https:\/\/jornalfatosenoticias.com.br\/index.php\/2020\/08\/04\/quem-vai-brigar-pelo-titulo-do-brasileirao-2020\/#respond\"]}]},{\"@type\":\"WebPage\",\"@id\":\"https:\/\/jornalfatosenoticias.com.br\/index.php\/2020\/08\/04\/quem-vai-brigar-pelo-titulo-do-brasileirao-2020\/\",\"url\":\"https:\/\/jornalfatosenoticias.com.br\/index.php\/2020\/08\/04\/quem-vai-brigar-pelo-titulo-do-brasileirao-2020\/\",\"name\":\"Quem vai brigar pelo t\u00edtulo do Brasileir\u00e3o 2020? - Jornal Fatos e Not\u00edcias\",\"isPartOf\":{\"@id\":\"https:\/\/jornalfatosenoticias.com.br\/#website\"},\"primaryImageOfPage\":{\"@id\":\"https:\/\/jornalfatosenoticias.com.br\/index.php\/2020\/08\/04\/quem-vai-brigar-pelo-titulo-do-brasileirao-2020\/#primaryimage\"},\"image\":{\"@id\":\"https:\/\/jornalfatosenoticias.com.br\/index.php\/2020\/08\/04\/quem-vai-brigar-pelo-titulo-do-brasileirao-2020\/#primaryimage\"},\"thumbnailUrl\":\"https:\/\/jornalfatosenoticias.com.br\/wp-content\/uploads\/2020\/08\/flamengo.jpg\",\"datePublished\":\"2020-08-04T13:21:06+00:00\",\"dateModified\":\"2020-08-04T13:21:08+00:00\",\"breadcrumb\":{\"@id\":\"https:\/\/jornalfatosenoticias.com.br\/index.php\/2020\/08\/04\/quem-vai-brigar-pelo-titulo-do-brasileirao-2020\/#breadcrumb\"},\"inLanguage\":\"pt-BR\",\"potentialAction\":[{\"@type\":\"ReadAction\",\"target\":[\"https:\/\/jornalfatosenoticias.com.br\/index.php\/2020\/08\/04\/quem-vai-brigar-pelo-titulo-do-brasileirao-2020\/\"]}]},{\"@type\":\"ImageObject\",\"inLanguage\":\"pt-BR\",\"@id\":\"https:\/\/jornalfatosenoticias.com.br\/index.php\/2020\/08\/04\/quem-vai-brigar-pelo-titulo-do-brasileirao-2020\/#primaryimage\",\"url\":\"https:\/\/jornalfatosenoticias.com.br\/wp-content\/uploads\/2020\/08\/flamengo.jpg\",\"contentUrl\":\"https:\/\/jornalfatosenoticias.com.br\/wp-content\/uploads\/2020\/08\/flamengo.jpg\",\"width\":1000,\"height\":598},{\"@type\":\"BreadcrumbList\",\"@id\":\"https:\/\/jornalfatosenoticias.com.br\/index.php\/2020\/08\/04\/quem-vai-brigar-pelo-titulo-do-brasileirao-2020\/#breadcrumb\",\"itemListElement\":[{\"@type\":\"ListItem\",\"position\":1,\"name\":\"In\u00edcio\",\"item\":\"https:\/\/jornalfatosenoticias.com.br\/\"},{\"@type\":\"ListItem\",\"position\":2,\"name\":\"Quem vai brigar pelo t\u00edtulo do Brasileir\u00e3o 2020?\"}]},{\"@type\":\"WebSite\",\"@id\":\"https:\/\/jornalfatosenoticias.com.br\/#website\",\"url\":\"https:\/\/jornalfatosenoticias.com.br\/\",\"name\":\"Jornal Fatos e Not\u00edcias\",\"description\":\"Not\u00edcias em geral\",\"publisher\":{\"@id\":\"https:\/\/jornalfatosenoticias.com.br\/#organization\"},\"potentialAction\":[{\"@type\":\"SearchAction\",\"target\":{\"@type\":\"EntryPoint\",\"urlTemplate\":\"https:\/\/jornalfatosenoticias.com.br\/?s={search_term_string}\"},\"query-input\":{\"@type\":\"PropertyValueSpecification\",\"valueRequired\":true,\"valueName\":\"search_term_string\"}}],\"inLanguage\":\"pt-BR\"},{\"@type\":\"Organization\",\"@id\":\"https:\/\/jornalfatosenoticias.com.br\/#organization\",\"name\":\"Jornal Fatos e Not\u00edcias\",\"url\":\"https:\/\/jornalfatosenoticias.com.br\/\",\"logo\":{\"@type\":\"ImageObject\",\"inLanguage\":\"pt-BR\",\"@id\":\"https:\/\/jornalfatosenoticias.com.br\/#\/schema\/logo\/image\/\",\"url\":\"https:\/\/jornalfatosenoticias.com.br\/wp-content\/uploads\/2020\/02\/logo120.png\",\"contentUrl\":\"https:\/\/jornalfatosenoticias.com.br\/wp-content\/uploads\/2020\/02\/logo120.png\",\"width\":1227,\"height\":120,\"caption\":\"Jornal Fatos e Not\u00edcias\"},\"image\":{\"@id\":\"https:\/\/jornalfatosenoticias.com.br\/#\/schema\/logo\/image\/\"}},{\"@type\":\"Person\",\"@id\":\"https:\/\/jornalfatosenoticias.com.br\/#\/schema\/person\/d63837fa13ac8666eb9e74e0985d6f81\",\"name\":\"Luzimara Fernandes\",\"image\":{\"@type\":\"ImageObject\",\"inLanguage\":\"pt-BR\",\"@id\":\"https:\/\/jornalfatosenoticias.com.br\/#\/schema\/person\/image\/\",\"url\":\"https:\/\/jornalfatosenoticias.com.br\/wp-content\/uploads\/2025\/05\/EU_portal.jpg\",\"contentUrl\":\"https:\/\/jornalfatosenoticias.com.br\/wp-content\/uploads\/2025\/05\/EU_portal.jpg\",\"caption\":\"Luzimara Fernandes\"},\"description\":\"Jornalista MTB 2358-ES\",\"sameAs\":[\"https:\/\/jornalfatosenoticias.com.br\"],\"url\":\"https:\/\/jornalfatosenoticias.com.br\/index.php\/author\/luzimara\/\"}]}<\/script>\n<!-- \/ Yoast SEO plugin. -->","yoast_head_json":{"title":"Quem vai brigar pelo t\u00edtulo do Brasileir\u00e3o 2020? - Jornal Fatos e Not\u00edcias","robots":{"index":"index","follow":"follow","max-snippet":"max-snippet:-1","max-image-preview":"max-image-preview:large","max-video-preview":"max-video-preview:-1"},"canonical":"https:\/\/jornalfatosenoticias.com.br\/index.php\/2020\/08\/04\/quem-vai-brigar-pelo-titulo-do-brasileirao-2020\/","og_locale":"pt_BR","og_type":"article","og_title":"Quem vai brigar pelo t\u00edtulo do Brasileir\u00e3o 2020? - Jornal Fatos e Not\u00edcias","og_description":"Flamengo e Palmeiras seguem favoritos; Gr\u00eamio e Galo correm por fora H\u00e1 dois anos, depois de processos de reestrutura\u00e7\u00e3o administrativa (cada um em um formato pr\u00f3prio), Flamengo e Palmeiras se distanciaram dos demais clubes do futebol brasileiro. N\u00e3o s\u00f3 no aspecto financeiro, mas tamb\u00e9m no esportivo. Assim, em 2018 e 2019 brigaram pelo t\u00edtulo do [&hellip;]","og_url":"https:\/\/jornalfatosenoticias.com.br\/index.php\/2020\/08\/04\/quem-vai-brigar-pelo-titulo-do-brasileirao-2020\/","og_site_name":"Jornal Fatos e Not\u00edcias","article_published_time":"2020-08-04T13:21:06+00:00","article_modified_time":"2020-08-04T13:21:08+00:00","og_image":[{"width":1000,"height":598,"url":"https:\/\/jornalfatosenoticias.com.br\/wp-content\/uploads\/2020\/08\/flamengo.jpg","type":"image\/jpeg"}],"author":"Luzimara Fernandes","twitter_card":"summary_large_image","twitter_misc":{"Escrito por":"Luzimara Fernandes","Est. tempo de leitura":"4 minutos"},"schema":{"@context":"https:\/\/schema.org","@graph":[{"@type":"Article","@id":"https:\/\/jornalfatosenoticias.com.br\/index.php\/2020\/08\/04\/quem-vai-brigar-pelo-titulo-do-brasileirao-2020\/#article","isPartOf":{"@id":"https:\/\/jornalfatosenoticias.com.br\/index.php\/2020\/08\/04\/quem-vai-brigar-pelo-titulo-do-brasileirao-2020\/"},"author":{"name":"Luzimara Fernandes","@id":"https:\/\/jornalfatosenoticias.com.br\/#\/schema\/person\/d63837fa13ac8666eb9e74e0985d6f81"},"headline":"Quem vai brigar pelo t\u00edtulo do Brasileir\u00e3o 2020?","datePublished":"2020-08-04T13:21:06+00:00","dateModified":"2020-08-04T13:21:08+00:00","mainEntityOfPage":{"@id":"https:\/\/jornalfatosenoticias.com.br\/index.php\/2020\/08\/04\/quem-vai-brigar-pelo-titulo-do-brasileirao-2020\/"},"wordCount":737,"commentCount":0,"publisher":{"@id":"https:\/\/jornalfatosenoticias.com.br\/#organization"},"image":{"@id":"https:\/\/jornalfatosenoticias.com.br\/index.php\/2020\/08\/04\/quem-vai-brigar-pelo-titulo-do-brasileirao-2020\/#primaryimage"},"thumbnailUrl":"https:\/\/jornalfatosenoticias.com.br\/wp-content\/uploads\/2020\/08\/flamengo.jpg","keywords":["Brasileir\u00e3o","esportes","Flamengo","futebol","Palmeiras","S\u00e9rgio du Bocage"],"articleSection":["Esportes"],"inLanguage":"pt-BR","potentialAction":[{"@type":"CommentAction","name":"Comment","target":["https:\/\/jornalfatosenoticias.com.br\/index.php\/2020\/08\/04\/quem-vai-brigar-pelo-titulo-do-brasileirao-2020\/#respond"]}]},{"@type":"WebPage","@id":"https:\/\/jornalfatosenoticias.com.br\/index.php\/2020\/08\/04\/quem-vai-brigar-pelo-titulo-do-brasileirao-2020\/","url":"https:\/\/jornalfatosenoticias.com.br\/index.php\/2020\/08\/04\/quem-vai-brigar-pelo-titulo-do-brasileirao-2020\/","name":"Quem vai brigar pelo t\u00edtulo do Brasileir\u00e3o 2020? - Jornal Fatos e Not\u00edcias","isPartOf":{"@id":"https:\/\/jornalfatosenoticias.com.br\/#website"},"primaryImageOfPage":{"@id":"https:\/\/jornalfatosenoticias.com.br\/index.php\/2020\/08\/04\/quem-vai-brigar-pelo-titulo-do-brasileirao-2020\/#primaryimage"},"image":{"@id":"https:\/\/jornalfatosenoticias.com.br\/index.php\/2020\/08\/04\/quem-vai-brigar-pelo-titulo-do-brasileirao-2020\/#primaryimage"},"thumbnailUrl":"https:\/\/jornalfatosenoticias.com.br\/wp-content\/uploads\/2020\/08\/flamengo.jpg","datePublished":"2020-08-04T13:21:06+00:00","dateModified":"2020-08-04T13:21:08+00:00","breadcrumb":{"@id":"https:\/\/jornalfatosenoticias.com.br\/index.php\/2020\/08\/04\/quem-vai-brigar-pelo-titulo-do-brasileirao-2020\/#breadcrumb"},"inLanguage":"pt-BR","potentialAction":[{"@type":"ReadAction","target":["https:\/\/jornalfatosenoticias.com.br\/index.php\/2020\/08\/04\/quem-vai-brigar-pelo-titulo-do-brasileirao-2020\/"]}]},{"@type":"ImageObject","inLanguage":"pt-BR","@id":"https:\/\/jornalfatosenoticias.com.br\/index.php\/2020\/08\/04\/quem-vai-brigar-pelo-titulo-do-brasileirao-2020\/#primaryimage","url":"https:\/\/jornalfatosenoticias.com.br\/wp-content\/uploads\/2020\/08\/flamengo.jpg","contentUrl":"https:\/\/jornalfatosenoticias.com.br\/wp-content\/uploads\/2020\/08\/flamengo.jpg","width":1000,"height":598},{"@type":"BreadcrumbList","@id":"https:\/\/jornalfatosenoticias.com.br\/index.php\/2020\/08\/04\/quem-vai-brigar-pelo-titulo-do-brasileirao-2020\/#breadcrumb","itemListElement":[{"@type":"ListItem","position":1,"name":"In\u00edcio","item":"https:\/\/jornalfatosenoticias.com.br\/"},{"@type":"ListItem","position":2,"name":"Quem vai brigar pelo t\u00edtulo do Brasileir\u00e3o 2020?"}]},{"@type":"WebSite","@id":"https:\/\/jornalfatosenoticias.com.br\/#website","url":"https:\/\/jornalfatosenoticias.com.br\/","name":"Jornal Fatos e Not\u00edcias","description":"Not\u00edcias em geral","publisher":{"@id":"https:\/\/jornalfatosenoticias.com.br\/#organization"},"potentialAction":[{"@type":"SearchAction","target":{"@type":"EntryPoint","urlTemplate":"https:\/\/jornalfatosenoticias.com.br\/?s={search_term_string}"},"query-input":{"@type":"PropertyValueSpecification","valueRequired":true,"valueName":"search_term_string"}}],"inLanguage":"pt-BR"},{"@type":"Organization","@id":"https:\/\/jornalfatosenoticias.com.br\/#organization","name":"Jornal Fatos e Not\u00edcias","url":"https:\/\/jornalfatosenoticias.com.br\/","logo":{"@type":"ImageObject","inLanguage":"pt-BR","@id":"https:\/\/jornalfatosenoticias.com.br\/#\/schema\/logo\/image\/","url":"https:\/\/jornalfatosenoticias.com.br\/wp-content\/uploads\/2020\/02\/logo120.png","contentUrl":"https:\/\/jornalfatosenoticias.com.br\/wp-content\/uploads\/2020\/02\/logo120.png","width":1227,"height":120,"caption":"Jornal Fatos e Not\u00edcias"},"image":{"@id":"https:\/\/jornalfatosenoticias.com.br\/#\/schema\/logo\/image\/"}},{"@type":"Person","@id":"https:\/\/jornalfatosenoticias.com.br\/#\/schema\/person\/d63837fa13ac8666eb9e74e0985d6f81","name":"Luzimara Fernandes","image":{"@type":"ImageObject","inLanguage":"pt-BR","@id":"https:\/\/jornalfatosenoticias.com.br\/#\/schema\/person\/image\/","url":"https:\/\/jornalfatosenoticias.com.br\/wp-content\/uploads\/2025\/05\/EU_portal.jpg","contentUrl":"https:\/\/jornalfatosenoticias.com.br\/wp-content\/uploads\/2025\/05\/EU_portal.jpg","caption":"Luzimara Fernandes"},"description":"Jornalista MTB 2358-ES","sameAs":["https:\/\/jornalfatosenoticias.com.br"],"url":"https:\/\/jornalfatosenoticias.com.br\/index.php\/author\/luzimara\/"}]}},"cc_featured_image_caption":{"caption_text":"Flamengo \u00e9 o atual campe\u00e3o brasileiro","source_text":"","source_url":""},"jetpack_featured_media_url":"https:\/\/jornalfatosenoticias.com.br\/wp-content\/uploads\/2020\/08\/flamengo.jpg","_links":{"self":[{"href":"https:\/\/jornalfatosenoticias.com.br\/index.php\/wp-json\/wp\/v2\/posts\/7223","targetHints":{"allow":["GET"]}}],"collection":[{"href":"https:\/\/jornalfatosenoticias.com.br\/index.php\/wp-json\/wp\/v2\/posts"}],"about":[{"href":"https:\/\/jornalfatosenoticias.com.br\/index.php\/wp-json\/wp\/v2\/types\/post"}],"author":[{"embeddable":true,"href":"https:\/\/jornalfatosenoticias.com.br\/index.php\/wp-json\/wp\/v2\/users\/2"}],"replies":[{"embeddable":true,"href":"https:\/\/jornalfatosenoticias.com.br\/index.php\/wp-json\/wp\/v2\/comments?post=7223"}],"version-history":[{"count":0,"href":"https:\/\/jornalfatosenoticias.com.br\/index.php\/wp-json\/wp\/v2\/posts\/7223\/revisions"}],"wp:featuredmedia":[{"embeddable":true,"href":"https:\/\/jornalfatosenoticias.com.br\/index.php\/wp-json\/wp\/v2\/media\/7224"}],"wp:attachment":[{"href":"https:\/\/jornalfatosenoticias.com.br\/index.php\/wp-json\/wp\/v2\/media?parent=7223"}],"wp:term":[{"taxonomy":"category","embeddable":true,"href":"https:\/\/jornalfatosenoticias.com.br\/index.php\/wp-json\/wp\/v2\/categories?post=7223"},{"taxonomy":"post_tag","embeddable":true,"href":"https:\/\/jornalfatosenoticias.com.br\/index.php\/wp-json\/wp\/v2\/tags?post=7223"}],"curies":[{"name":"wp","href":"https:\/\/api.w.org\/{rel}","templated":true}]}}