{"id":7226,"date":"2020-08-04T10:33:06","date_gmt":"2020-08-04T13:33:06","guid":{"rendered":"https:\/\/jornalfatosenoticias.com.br\/?p=7226"},"modified":"2020-08-04T10:33:09","modified_gmt":"2020-08-04T13:33:09","slug":"governo-economiza-r-466-milhoes-com-a-maquina-publica-na-pandemia","status":"publish","type":"post","link":"https:\/\/jornalfatosenoticias.com.br\/index.php\/2020\/08\/04\/governo-economiza-r-466-milhoes-com-a-maquina-publica-na-pandemia\/","title":{"rendered":"Governo economiza R$ 466 milh\u00f5es com a m\u00e1quina p\u00fablica na pandemia"},"content":{"rendered":"\n<h6 class=\"wp-block-heading\"><em>Gastos com di\u00e1rias, passagens e energia foram reduzidos<\/em><\/h6>\n\n\n\n<p>Com milhares de servidores p\u00fablicos trabalhando de forma remota em casa por causa da pandemia, o governo federal conseguiu reduzir em R$ 466,4 milh\u00f5es as despesas de custeio da m\u00e1quina p\u00fablica. A informa\u00e7\u00e3o foi divulgada nesta segunda-feira (3) pelo Minist\u00e9rio da Economia.<br>Entre as principais despesas que foram economizadas est\u00e3o deslocamentos e viagens a trabalho, que demandam pagamento de di\u00e1rias e passagens, e os servi\u00e7os de energia el\u00e9trica e comunica\u00e7\u00e3o. A compara\u00e7\u00e3o foi feita entre os meses de abril, maio e junho deste ano com o mesmo per\u00edodo de 2019. Somente com di\u00e1rias e passagens, o governo economizou mais de R$ 271,4 milh\u00f5es, um valor 67,5% menor em rela\u00e7\u00e3o ao ano passado. Os gastos com energia el\u00e9trica ca\u00edram, na m\u00e9dia dos tr\u00eas meses, 22,4%, uma economia de R$ 127,9 milh\u00f5es. Os servi\u00e7os de comunica\u00e7\u00e3o (correspond\u00eancias), de \u00e1gua e esgoto e c\u00f3pia e reprodu\u00e7\u00e3o de documentos tamb\u00e9m tiveram\u00a0<a href=\"https:\/\/www.gov.br\/economia\/pt-br\/assuntos\/noticias\/2020\/agosto\/governo-economiza-r-466-4-milhoes-em-custeio-administrativo-com-teletrabalho\" target=\"_blank\" rel=\"noreferrer noopener\">quedas expressivas<\/a> no mesmo per\u00edodo.<\/p>\n\n\n\n<h4 class=\"wp-block-heading\">Trabalho remoto<\/h4>\n\n\n\n<p>Na semana passada, o Minist\u00e9rio da Economia publicou a\u00a0<a href=\"https:\/\/www.in.gov.br\/en\/web\/dou\/-\/instrucao-normativa-n-65-de-30-de-julho-de-2020-269669395\" target=\"_blank\" rel=\"noreferrer noopener\">Instru\u00e7\u00e3o Normativa n\u00ba 65<\/a>, que estabelece orienta\u00e7\u00f5es para a\u00a0<a href=\"https:\/\/agenciabrasil.ebc.com.br\/economia\/noticia\/2020-07\/diario-oficial-publica-norma-que-permite-teletrabalho-no-executivo\" target=\"_blank\" rel=\"noreferrer noopener\">ado\u00e7\u00e3o do regime de teletrabalho<\/a> nos \u00f3rg\u00e3os e entidades da administra\u00e7\u00e3o p\u00fablica federal. At\u00e9 antes da pandemia, o teletrabalho ou trabalho remoto, no Executivo Federal, era permitido apenas na forma de projeto-piloto. De acordo com a Secretaria Nacional de Desempenho pessoal da pasta, 360 mil servidores est\u00e3o em trabalho remoto: 270 mil s\u00e3o de universidades e institutos federais e 62% da for\u00e7a de trabalho do Executivo.<\/p>\n\n\n\n<p><strong><em>Fonte: <a href=\"https:\/\/agenciabrasil.ebc.com.br\/geral\/noticia\/2020-08\/governo-economiza-r-466-milhoes-com-maquina-publica-na-pandemia\">Ag\u00eancia Brasil<\/a><\/em><\/strong><\/p>\n","protected":false},"excerpt":{"rendered":"<p>Gastos com di\u00e1rias, passagens e energia foram reduzidos Com milhares de servidores p\u00fablicos trabalhando de forma remota em casa por causa da pandemia, o governo federal conseguiu reduzir em R$ 466,4 milh\u00f5es as despesas de custeio da m\u00e1quina p\u00fablica. A informa\u00e7\u00e3o foi divulgada nesta segunda-feira (3) pelo Minist\u00e9rio da Economia.Entre as principais despesas que foram [&hellip;]<\/p>\n","protected":false},"author":2,"featured_media":7227,"comment_status":"open","ping_status":"open","sticky":false,"template":"","format":"standard","meta":{"footnotes":""},"categories":[9],"tags":[4119,860,490,4120],"class_list":["post-7226","post","type-post","status-publish","format-standard","has-post-thumbnail","hentry","category-economia","tag-executivo-federal","tag-governo-federal","tag-ministerio-da-economia","tag-teletrabalho"],"yoast_head":"<!-- This site is optimized with the Yoast SEO plugin v26.5 - https:\/\/yoast.com\/wordpress\/plugins\/seo\/ -->\n<title>Governo economiza R$ 466 milh\u00f5es com a m\u00e1quina p\u00fablica na pandemia - Jornal Fatos e Not\u00edcias<\/title>\n<meta name=\"robots\" content=\"index, follow, max-snippet:-1, max-image-preview:large, max-video-preview:-1\" \/>\n<link rel=\"canonical\" href=\"https:\/\/jornalfatosenoticias.com.br\/index.php\/2020\/08\/04\/governo-economiza-r-466-milhoes-com-a-maquina-publica-na-pandemia\/\" \/>\n<meta property=\"og:locale\" content=\"pt_BR\" \/>\n<meta property=\"og:type\" content=\"article\" \/>\n<meta property=\"og:title\" content=\"Governo economiza R$ 466 milh\u00f5es com a m\u00e1quina p\u00fablica na pandemia - Jornal Fatos e Not\u00edcias\" \/>\n<meta property=\"og:description\" content=\"Gastos com di\u00e1rias, passagens e energia foram reduzidos Com milhares de servidores p\u00fablicos trabalhando de forma remota em casa por causa da pandemia, o governo federal conseguiu reduzir em R$ 466,4 milh\u00f5es as despesas de custeio da m\u00e1quina p\u00fablica. A informa\u00e7\u00e3o foi divulgada nesta segunda-feira (3) pelo Minist\u00e9rio da Economia.Entre as principais despesas que foram [&hellip;]\" \/>\n<meta property=\"og:url\" content=\"https:\/\/jornalfatosenoticias.com.br\/index.php\/2020\/08\/04\/governo-economiza-r-466-milhoes-com-a-maquina-publica-na-pandemia\/\" \/>\n<meta property=\"og:site_name\" content=\"Jornal Fatos e Not\u00edcias\" \/>\n<meta property=\"article:published_time\" content=\"2020-08-04T13:33:06+00:00\" \/>\n<meta property=\"article:modified_time\" content=\"2020-08-04T13:33:09+00:00\" \/>\n<meta property=\"og:image\" content=\"https:\/\/jornalfatosenoticias.com.br\/wp-content\/uploads\/2020\/08\/brasilia_esplanada_drone.jpg\" \/>\n\t<meta property=\"og:image:width\" content=\"1000\" \/>\n\t<meta property=\"og:image:height\" content=\"598\" \/>\n\t<meta property=\"og:image:type\" content=\"image\/jpeg\" \/>\n<meta name=\"author\" content=\"Luzimara Fernandes\" \/>\n<meta name=\"twitter:card\" content=\"summary_large_image\" \/>\n<meta name=\"twitter:label1\" content=\"Escrito por\" \/>\n\t<meta name=\"twitter:data1\" content=\"Luzimara Fernandes\" \/>\n\t<meta name=\"twitter:label2\" content=\"Est. tempo de leitura\" \/>\n\t<meta name=\"twitter:data2\" content=\"1 minuto\" \/>\n<script type=\"application\/ld+json\" class=\"yoast-schema-graph\">{\"@context\":\"https:\/\/schema.org\",\"@graph\":[{\"@type\":\"Article\",\"@id\":\"https:\/\/jornalfatosenoticias.com.br\/index.php\/2020\/08\/04\/governo-economiza-r-466-milhoes-com-a-maquina-publica-na-pandemia\/#article\",\"isPartOf\":{\"@id\":\"https:\/\/jornalfatosenoticias.com.br\/index.php\/2020\/08\/04\/governo-economiza-r-466-milhoes-com-a-maquina-publica-na-pandemia\/\"},\"author\":{\"name\":\"Luzimara Fernandes\",\"@id\":\"https:\/\/jornalfatosenoticias.com.br\/#\/schema\/person\/d63837fa13ac8666eb9e74e0985d6f81\"},\"headline\":\"Governo economiza R$ 466 milh\u00f5es com a m\u00e1quina p\u00fablica na pandemia\",\"datePublished\":\"2020-08-04T13:33:06+00:00\",\"dateModified\":\"2020-08-04T13:33:09+00:00\",\"mainEntityOfPage\":{\"@id\":\"https:\/\/jornalfatosenoticias.com.br\/index.php\/2020\/08\/04\/governo-economiza-r-466-milhoes-com-a-maquina-publica-na-pandemia\/\"},\"wordCount\":291,\"commentCount\":0,\"publisher\":{\"@id\":\"https:\/\/jornalfatosenoticias.com.br\/#organization\"},\"image\":{\"@id\":\"https:\/\/jornalfatosenoticias.com.br\/index.php\/2020\/08\/04\/governo-economiza-r-466-milhoes-com-a-maquina-publica-na-pandemia\/#primaryimage\"},\"thumbnailUrl\":\"https:\/\/jornalfatosenoticias.com.br\/wp-content\/uploads\/2020\/08\/brasilia_esplanada_drone.jpg\",\"keywords\":[\"executivo federal\",\"governo federal\",\"Minist\u00e9rio da Economia\",\"teletrabalho\"],\"articleSection\":[\"Economia\"],\"inLanguage\":\"pt-BR\",\"potentialAction\":[{\"@type\":\"CommentAction\",\"name\":\"Comment\",\"target\":[\"https:\/\/jornalfatosenoticias.com.br\/index.php\/2020\/08\/04\/governo-economiza-r-466-milhoes-com-a-maquina-publica-na-pandemia\/#respond\"]}]},{\"@type\":\"WebPage\",\"@id\":\"https:\/\/jornalfatosenoticias.com.br\/index.php\/2020\/08\/04\/governo-economiza-r-466-milhoes-com-a-maquina-publica-na-pandemia\/\",\"url\":\"https:\/\/jornalfatosenoticias.com.br\/index.php\/2020\/08\/04\/governo-economiza-r-466-milhoes-com-a-maquina-publica-na-pandemia\/\",\"name\":\"Governo economiza R$ 466 milh\u00f5es com a m\u00e1quina p\u00fablica na pandemia - Jornal Fatos e Not\u00edcias\",\"isPartOf\":{\"@id\":\"https:\/\/jornalfatosenoticias.com.br\/#website\"},\"primaryImageOfPage\":{\"@id\":\"https:\/\/jornalfatosenoticias.com.br\/index.php\/2020\/08\/04\/governo-economiza-r-466-milhoes-com-a-maquina-publica-na-pandemia\/#primaryimage\"},\"image\":{\"@id\":\"https:\/\/jornalfatosenoticias.com.br\/index.php\/2020\/08\/04\/governo-economiza-r-466-milhoes-com-a-maquina-publica-na-pandemia\/#primaryimage\"},\"thumbnailUrl\":\"https:\/\/jornalfatosenoticias.com.br\/wp-content\/uploads\/2020\/08\/brasilia_esplanada_drone.jpg\",\"datePublished\":\"2020-08-04T13:33:06+00:00\",\"dateModified\":\"2020-08-04T13:33:09+00:00\",\"breadcrumb\":{\"@id\":\"https:\/\/jornalfatosenoticias.com.br\/index.php\/2020\/08\/04\/governo-economiza-r-466-milhoes-com-a-maquina-publica-na-pandemia\/#breadcrumb\"},\"inLanguage\":\"pt-BR\",\"potentialAction\":[{\"@type\":\"ReadAction\",\"target\":[\"https:\/\/jornalfatosenoticias.com.br\/index.php\/2020\/08\/04\/governo-economiza-r-466-milhoes-com-a-maquina-publica-na-pandemia\/\"]}]},{\"@type\":\"ImageObject\",\"inLanguage\":\"pt-BR\",\"@id\":\"https:\/\/jornalfatosenoticias.com.br\/index.php\/2020\/08\/04\/governo-economiza-r-466-milhoes-com-a-maquina-publica-na-pandemia\/#primaryimage\",\"url\":\"https:\/\/jornalfatosenoticias.com.br\/wp-content\/uploads\/2020\/08\/brasilia_esplanada_drone.jpg\",\"contentUrl\":\"https:\/\/jornalfatosenoticias.com.br\/wp-content\/uploads\/2020\/08\/brasilia_esplanada_drone.jpg\",\"width\":1000,\"height\":598,\"caption\":\"Bras\u00edlia 60 Anos - Esplanada dos Minist\u00e9rios\"},{\"@type\":\"BreadcrumbList\",\"@id\":\"https:\/\/jornalfatosenoticias.com.br\/index.php\/2020\/08\/04\/governo-economiza-r-466-milhoes-com-a-maquina-publica-na-pandemia\/#breadcrumb\",\"itemListElement\":[{\"@type\":\"ListItem\",\"position\":1,\"name\":\"In\u00edcio\",\"item\":\"https:\/\/jornalfatosenoticias.com.br\/\"},{\"@type\":\"ListItem\",\"position\":2,\"name\":\"Governo economiza R$ 466 milh\u00f5es com a m\u00e1quina p\u00fablica na pandemia\"}]},{\"@type\":\"WebSite\",\"@id\":\"https:\/\/jornalfatosenoticias.com.br\/#website\",\"url\":\"https:\/\/jornalfatosenoticias.com.br\/\",\"name\":\"Jornal Fatos e Not\u00edcias\",\"description\":\"Not\u00edcias em geral\",\"publisher\":{\"@id\":\"https:\/\/jornalfatosenoticias.com.br\/#organization\"},\"potentialAction\":[{\"@type\":\"SearchAction\",\"target\":{\"@type\":\"EntryPoint\",\"urlTemplate\":\"https:\/\/jornalfatosenoticias.com.br\/?s={search_term_string}\"},\"query-input\":{\"@type\":\"PropertyValueSpecification\",\"valueRequired\":true,\"valueName\":\"search_term_string\"}}],\"inLanguage\":\"pt-BR\"},{\"@type\":\"Organization\",\"@id\":\"https:\/\/jornalfatosenoticias.com.br\/#organization\",\"name\":\"Jornal Fatos e Not\u00edcias\",\"url\":\"https:\/\/jornalfatosenoticias.com.br\/\",\"logo\":{\"@type\":\"ImageObject\",\"inLanguage\":\"pt-BR\",\"@id\":\"https:\/\/jornalfatosenoticias.com.br\/#\/schema\/logo\/image\/\",\"url\":\"https:\/\/jornalfatosenoticias.com.br\/wp-content\/uploads\/2020\/02\/logo120.png\",\"contentUrl\":\"https:\/\/jornalfatosenoticias.com.br\/wp-content\/uploads\/2020\/02\/logo120.png\",\"width\":1227,\"height\":120,\"caption\":\"Jornal Fatos e Not\u00edcias\"},\"image\":{\"@id\":\"https:\/\/jornalfatosenoticias.com.br\/#\/schema\/logo\/image\/\"}},{\"@type\":\"Person\",\"@id\":\"https:\/\/jornalfatosenoticias.com.br\/#\/schema\/person\/d63837fa13ac8666eb9e74e0985d6f81\",\"name\":\"Luzimara Fernandes\",\"image\":{\"@type\":\"ImageObject\",\"inLanguage\":\"pt-BR\",\"@id\":\"https:\/\/jornalfatosenoticias.com.br\/#\/schema\/person\/image\/\",\"url\":\"https:\/\/jornalfatosenoticias.com.br\/wp-content\/uploads\/2025\/05\/EU_portal.jpg\",\"contentUrl\":\"https:\/\/jornalfatosenoticias.com.br\/wp-content\/uploads\/2025\/05\/EU_portal.jpg\",\"caption\":\"Luzimara Fernandes\"},\"description\":\"Jornalista MTB 2358-ES\",\"sameAs\":[\"https:\/\/jornalfatosenoticias.com.br\"],\"url\":\"https:\/\/jornalfatosenoticias.com.br\/index.php\/author\/luzimara\/\"}]}<\/script>\n<!-- \/ Yoast SEO plugin. -->","yoast_head_json":{"title":"Governo economiza R$ 466 milh\u00f5es com a m\u00e1quina p\u00fablica na pandemia - Jornal Fatos e Not\u00edcias","robots":{"index":"index","follow":"follow","max-snippet":"max-snippet:-1","max-image-preview":"max-image-preview:large","max-video-preview":"max-video-preview:-1"},"canonical":"https:\/\/jornalfatosenoticias.com.br\/index.php\/2020\/08\/04\/governo-economiza-r-466-milhoes-com-a-maquina-publica-na-pandemia\/","og_locale":"pt_BR","og_type":"article","og_title":"Governo economiza R$ 466 milh\u00f5es com a m\u00e1quina p\u00fablica na pandemia - Jornal Fatos e Not\u00edcias","og_description":"Gastos com di\u00e1rias, passagens e energia foram reduzidos Com milhares de servidores p\u00fablicos trabalhando de forma remota em casa por causa da pandemia, o governo federal conseguiu reduzir em R$ 466,4 milh\u00f5es as despesas de custeio da m\u00e1quina p\u00fablica. A informa\u00e7\u00e3o foi divulgada nesta segunda-feira (3) pelo Minist\u00e9rio da Economia.Entre as principais despesas que foram [&hellip;]","og_url":"https:\/\/jornalfatosenoticias.com.br\/index.php\/2020\/08\/04\/governo-economiza-r-466-milhoes-com-a-maquina-publica-na-pandemia\/","og_site_name":"Jornal Fatos e Not\u00edcias","article_published_time":"2020-08-04T13:33:06+00:00","article_modified_time":"2020-08-04T13:33:09+00:00","og_image":[{"width":1000,"height":598,"url":"https:\/\/jornalfatosenoticias.com.br\/wp-content\/uploads\/2020\/08\/brasilia_esplanada_drone.jpg","type":"image\/jpeg"}],"author":"Luzimara Fernandes","twitter_card":"summary_large_image","twitter_misc":{"Escrito por":"Luzimara Fernandes","Est. tempo de leitura":"1 minuto"},"schema":{"@context":"https:\/\/schema.org","@graph":[{"@type":"Article","@id":"https:\/\/jornalfatosenoticias.com.br\/index.php\/2020\/08\/04\/governo-economiza-r-466-milhoes-com-a-maquina-publica-na-pandemia\/#article","isPartOf":{"@id":"https:\/\/jornalfatosenoticias.com.br\/index.php\/2020\/08\/04\/governo-economiza-r-466-milhoes-com-a-maquina-publica-na-pandemia\/"},"author":{"name":"Luzimara Fernandes","@id":"https:\/\/jornalfatosenoticias.com.br\/#\/schema\/person\/d63837fa13ac8666eb9e74e0985d6f81"},"headline":"Governo economiza R$ 466 milh\u00f5es com a m\u00e1quina p\u00fablica na pandemia","datePublished":"2020-08-04T13:33:06+00:00","dateModified":"2020-08-04T13:33:09+00:00","mainEntityOfPage":{"@id":"https:\/\/jornalfatosenoticias.com.br\/index.php\/2020\/08\/04\/governo-economiza-r-466-milhoes-com-a-maquina-publica-na-pandemia\/"},"wordCount":291,"commentCount":0,"publisher":{"@id":"https:\/\/jornalfatosenoticias.com.br\/#organization"},"image":{"@id":"https:\/\/jornalfatosenoticias.com.br\/index.php\/2020\/08\/04\/governo-economiza-r-466-milhoes-com-a-maquina-publica-na-pandemia\/#primaryimage"},"thumbnailUrl":"https:\/\/jornalfatosenoticias.com.br\/wp-content\/uploads\/2020\/08\/brasilia_esplanada_drone.jpg","keywords":["executivo federal","governo federal","Minist\u00e9rio da Economia","teletrabalho"],"articleSection":["Economia"],"inLanguage":"pt-BR","potentialAction":[{"@type":"CommentAction","name":"Comment","target":["https:\/\/jornalfatosenoticias.com.br\/index.php\/2020\/08\/04\/governo-economiza-r-466-milhoes-com-a-maquina-publica-na-pandemia\/#respond"]}]},{"@type":"WebPage","@id":"https:\/\/jornalfatosenoticias.com.br\/index.php\/2020\/08\/04\/governo-economiza-r-466-milhoes-com-a-maquina-publica-na-pandemia\/","url":"https:\/\/jornalfatosenoticias.com.br\/index.php\/2020\/08\/04\/governo-economiza-r-466-milhoes-com-a-maquina-publica-na-pandemia\/","name":"Governo economiza R$ 466 milh\u00f5es com a m\u00e1quina p\u00fablica na pandemia - Jornal Fatos e Not\u00edcias","isPartOf":{"@id":"https:\/\/jornalfatosenoticias.com.br\/#website"},"primaryImageOfPage":{"@id":"https:\/\/jornalfatosenoticias.com.br\/index.php\/2020\/08\/04\/governo-economiza-r-466-milhoes-com-a-maquina-publica-na-pandemia\/#primaryimage"},"image":{"@id":"https:\/\/jornalfatosenoticias.com.br\/index.php\/2020\/08\/04\/governo-economiza-r-466-milhoes-com-a-maquina-publica-na-pandemia\/#primaryimage"},"thumbnailUrl":"https:\/\/jornalfatosenoticias.com.br\/wp-content\/uploads\/2020\/08\/brasilia_esplanada_drone.jpg","datePublished":"2020-08-04T13:33:06+00:00","dateModified":"2020-08-04T13:33:09+00:00","breadcrumb":{"@id":"https:\/\/jornalfatosenoticias.com.br\/index.php\/2020\/08\/04\/governo-economiza-r-466-milhoes-com-a-maquina-publica-na-pandemia\/#breadcrumb"},"inLanguage":"pt-BR","potentialAction":[{"@type":"ReadAction","target":["https:\/\/jornalfatosenoticias.com.br\/index.php\/2020\/08\/04\/governo-economiza-r-466-milhoes-com-a-maquina-publica-na-pandemia\/"]}]},{"@type":"ImageObject","inLanguage":"pt-BR","@id":"https:\/\/jornalfatosenoticias.com.br\/index.php\/2020\/08\/04\/governo-economiza-r-466-milhoes-com-a-maquina-publica-na-pandemia\/#primaryimage","url":"https:\/\/jornalfatosenoticias.com.br\/wp-content\/uploads\/2020\/08\/brasilia_esplanada_drone.jpg","contentUrl":"https:\/\/jornalfatosenoticias.com.br\/wp-content\/uploads\/2020\/08\/brasilia_esplanada_drone.jpg","width":1000,"height":598,"caption":"Bras\u00edlia 60 Anos - Esplanada dos Minist\u00e9rios"},{"@type":"BreadcrumbList","@id":"https:\/\/jornalfatosenoticias.com.br\/index.php\/2020\/08\/04\/governo-economiza-r-466-milhoes-com-a-maquina-publica-na-pandemia\/#breadcrumb","itemListElement":[{"@type":"ListItem","position":1,"name":"In\u00edcio","item":"https:\/\/jornalfatosenoticias.com.br\/"},{"@type":"ListItem","position":2,"name":"Governo economiza R$ 466 milh\u00f5es com a m\u00e1quina p\u00fablica na pandemia"}]},{"@type":"WebSite","@id":"https:\/\/jornalfatosenoticias.com.br\/#website","url":"https:\/\/jornalfatosenoticias.com.br\/","name":"Jornal Fatos e Not\u00edcias","description":"Not\u00edcias em geral","publisher":{"@id":"https:\/\/jornalfatosenoticias.com.br\/#organization"},"potentialAction":[{"@type":"SearchAction","target":{"@type":"EntryPoint","urlTemplate":"https:\/\/jornalfatosenoticias.com.br\/?s={search_term_string}"},"query-input":{"@type":"PropertyValueSpecification","valueRequired":true,"valueName":"search_term_string"}}],"inLanguage":"pt-BR"},{"@type":"Organization","@id":"https:\/\/jornalfatosenoticias.com.br\/#organization","name":"Jornal Fatos e Not\u00edcias","url":"https:\/\/jornalfatosenoticias.com.br\/","logo":{"@type":"ImageObject","inLanguage":"pt-BR","@id":"https:\/\/jornalfatosenoticias.com.br\/#\/schema\/logo\/image\/","url":"https:\/\/jornalfatosenoticias.com.br\/wp-content\/uploads\/2020\/02\/logo120.png","contentUrl":"https:\/\/jornalfatosenoticias.com.br\/wp-content\/uploads\/2020\/02\/logo120.png","width":1227,"height":120,"caption":"Jornal Fatos e Not\u00edcias"},"image":{"@id":"https:\/\/jornalfatosenoticias.com.br\/#\/schema\/logo\/image\/"}},{"@type":"Person","@id":"https:\/\/jornalfatosenoticias.com.br\/#\/schema\/person\/d63837fa13ac8666eb9e74e0985d6f81","name":"Luzimara Fernandes","image":{"@type":"ImageObject","inLanguage":"pt-BR","@id":"https:\/\/jornalfatosenoticias.com.br\/#\/schema\/person\/image\/","url":"https:\/\/jornalfatosenoticias.com.br\/wp-content\/uploads\/2025\/05\/EU_portal.jpg","contentUrl":"https:\/\/jornalfatosenoticias.com.br\/wp-content\/uploads\/2025\/05\/EU_portal.jpg","caption":"Luzimara Fernandes"},"description":"Jornalista MTB 2358-ES","sameAs":["https:\/\/jornalfatosenoticias.com.br"],"url":"https:\/\/jornalfatosenoticias.com.br\/index.php\/author\/luzimara\/"}]}},"cc_featured_image_caption":{"caption_text":"(Foto: Marcello Casal Jr\/Ag\u00eancia Brasil)\r\n","source_text":"","source_url":""},"jetpack_featured_media_url":"https:\/\/jornalfatosenoticias.com.br\/wp-content\/uploads\/2020\/08\/brasilia_esplanada_drone.jpg","_links":{"self":[{"href":"https:\/\/jornalfatosenoticias.com.br\/index.php\/wp-json\/wp\/v2\/posts\/7226","targetHints":{"allow":["GET"]}}],"collection":[{"href":"https:\/\/jornalfatosenoticias.com.br\/index.php\/wp-json\/wp\/v2\/posts"}],"about":[{"href":"https:\/\/jornalfatosenoticias.com.br\/index.php\/wp-json\/wp\/v2\/types\/post"}],"author":[{"embeddable":true,"href":"https:\/\/jornalfatosenoticias.com.br\/index.php\/wp-json\/wp\/v2\/users\/2"}],"replies":[{"embeddable":true,"href":"https:\/\/jornalfatosenoticias.com.br\/index.php\/wp-json\/wp\/v2\/comments?post=7226"}],"version-history":[{"count":0,"href":"https:\/\/jornalfatosenoticias.com.br\/index.php\/wp-json\/wp\/v2\/posts\/7226\/revisions"}],"wp:featuredmedia":[{"embeddable":true,"href":"https:\/\/jornalfatosenoticias.com.br\/index.php\/wp-json\/wp\/v2\/media\/7227"}],"wp:attachment":[{"href":"https:\/\/jornalfatosenoticias.com.br\/index.php\/wp-json\/wp\/v2\/media?parent=7226"}],"wp:term":[{"taxonomy":"category","embeddable":true,"href":"https:\/\/jornalfatosenoticias.com.br\/index.php\/wp-json\/wp\/v2\/categories?post=7226"},{"taxonomy":"post_tag","embeddable":true,"href":"https:\/\/jornalfatosenoticias.com.br\/index.php\/wp-json\/wp\/v2\/tags?post=7226"}],"curies":[{"name":"wp","href":"https:\/\/api.w.org\/{rel}","templated":true}]}}