{"id":7241,"date":"2020-08-04T15:43:00","date_gmt":"2020-08-04T18:43:00","guid":{"rendered":"https:\/\/jornalfatosenoticias.com.br\/?p=7241"},"modified":"2020-08-04T15:43:03","modified_gmt":"2020-08-04T18:43:03","slug":"nova-especie-de-fungo-que-vive-em-besouros-e-batizada-de-quarentena","status":"publish","type":"post","link":"https:\/\/jornalfatosenoticias.com.br\/index.php\/2020\/08\/04\/nova-especie-de-fungo-que-vive-em-besouros-e-batizada-de-quarentena\/","title":{"rendered":"Nova esp\u00e9cie de fungo que vive em besouros \u00e9 batizada de &#8220;quarentena&#8221;"},"content":{"rendered":"\n<h6 class=\"wp-block-heading\"><em>Descrito durante a pandemia de Covid-19, o microrganismo foi chamado de &#8220;Laboulbenia quarantenae&#8221; por pesquisadores belgas e holandeses<\/em><\/h6>\n\n\n\n<p>No fim de julho, cientistas belgas e holandeses anunciaram a descoberta de duas novas esp\u00e9cies de fungos, segundo uma pr\u00e9-impress\u00e3o do artigo compartilhada no MycoKeys. A pesquisa focou nos Herpomycetales e Laboulbeniales, duas ordens de fungos que parasitam insetos, em especial os artr\u00f3podes.<br>Com a ajuda de uma armadilha que atrai insetos, os pesquisadores puderam identificar 140 tipos de fungos diferentes nos animais \u2014 dois dos quais nunca haviam sido descritos antes. Como uma das esp\u00e9cies foi identificada durante a pandemia de Covid-19, ser\u00e1 batizada como Laboulbenia quarantenae.<br>De acordo com a equipe, o Laboulbenia quarantenae cresce externamente no corpo de besouros terrestres da esp\u00e9cie Bembidion biguttatum, e at\u00e9 agora s\u00f3 foi encontrado no Jardim Bot\u00e2nico Nacional da B\u00e9lgica, localizado na cidade de Meise. Isso sugere que ele seja raro e n\u00e3o parasite outros tipos de hospedeiro.<\/p>\n\n\n\n<figure class=\"wp-block-image size-large\"><img loading=\"lazy\" decoding=\"async\" width=\"1000\" height=\"988\" src=\"https:\/\/jornalfatosenoticias.com.br\/wp-content\/uploads\/2020\/08\/nova-especie-de-fungo2.jpg\" alt=\"\" class=\"wp-image-7242\" srcset=\"https:\/\/jornalfatosenoticias.com.br\/wp-content\/uploads\/2020\/08\/nova-especie-de-fungo2.jpg 1000w, https:\/\/jornalfatosenoticias.com.br\/wp-content\/uploads\/2020\/08\/nova-especie-de-fungo2-300x296.jpg 300w, https:\/\/jornalfatosenoticias.com.br\/wp-content\/uploads\/2020\/08\/nova-especie-de-fungo2-768x759.jpg 768w\" sizes=\"auto, (max-width: 1000px) 100vw, 1000px\" \/><figcaption><em>Parte do Laboulbenia quarantenae. A barra de escala representa 0,1 mm (Foto: Andr\u00e9 De Kesel)<\/em><\/figcaption><\/figure>\n\n\n\n<p>Tanto os Herpomycetales quanto os Laboulbeniales crescem de maneira a formar um \u00fanico talo tridimensional no corpo de seu hospedeiro. Os especialistas explicam que, enquanto algumas esp\u00e9cies de Laboulbeniales, como Laboulbenia quarantenae, ficam ligadas superficialmente ao hospedeiro, outras s\u00e3o mais invasivas.<br>Este segundo cen\u00e1rio \u00e9 o caso do Hesperomyces halyziae, segunda esp\u00e9cie de fungo descrita pelos cientistas. Segundo eles, o microrganismo produz um haust\u00f3rio, que uma esp\u00e9cie de &#8220;caule&#8221; utilizado pelo fungo para se fixar ao hospedeiro e sugar seus nutrientes. Tendo isso em mente, os cientistas acreditam que, devido \u00e0 sua natureza invasiva, esses parasitas haust\u00f3rios mantiveram intera\u00e7\u00f5es estreitas com seus hospedeiros durante a evolu\u00e7\u00e3o das esp\u00e9cies \u2014 caso contr\u00e1rio, uma delas j\u00e1 haveria desaparecido.<\/p>\n\n\n\n<figure class=\"wp-block-image size-large\"><img loading=\"lazy\" decoding=\"async\" width=\"1000\" height=\"661\" src=\"https:\/\/jornalfatosenoticias.com.br\/wp-content\/uploads\/2020\/08\/nova-especie-de-fungo3.jpg\" alt=\"\" class=\"wp-image-7243\" srcset=\"https:\/\/jornalfatosenoticias.com.br\/wp-content\/uploads\/2020\/08\/nova-especie-de-fungo3.jpg 1000w, https:\/\/jornalfatosenoticias.com.br\/wp-content\/uploads\/2020\/08\/nova-especie-de-fungo3-300x198.jpg 300w, https:\/\/jornalfatosenoticias.com.br\/wp-content\/uploads\/2020\/08\/nova-especie-de-fungo3-768x508.jpg 768w\" sizes=\"auto, (max-width: 1000px) 100vw, 1000px\" \/><figcaption><em>Fungo do g\u00eanero Hesperomyces parasitando um besouro (Foto: Gilles San (imagem) e Andr\u00e9 De Kesel (desenho))<\/em><\/figcaption><\/figure>\n\n\n\n<p><strong><em>Fonte: <a href=\"https:\/\/revistagalileu.globo.com\/Ciencia\/Biologia\/noticia\/2020\/08\/nova-especie-de-fungo-que-vive-em-besouros-e-batizado-de-quarentena.html\">Revista Galileu<\/a><\/em><\/strong><\/p>\n","protected":false},"excerpt":{"rendered":"<p>Descrito durante a pandemia de Covid-19, o microrganismo foi chamado de &#8220;Laboulbenia quarantenae&#8221; por pesquisadores belgas e holandeses No fim de julho, cientistas belgas e holandeses anunciaram a descoberta de duas novas esp\u00e9cies de fungos, segundo uma pr\u00e9-impress\u00e3o do artigo compartilhada no MycoKeys. A pesquisa focou nos Herpomycetales e Laboulbeniales, duas ordens de fungos que [&hellip;]<\/p>\n","protected":false},"author":2,"featured_media":7244,"comment_status":"open","ping_status":"open","sticky":false,"template":"","format":"standard","meta":{"footnotes":""},"categories":[2],"tags":[4130,4129,4131,594],"class_list":["post-7241","post","type-post","status-publish","format-standard","has-post-thumbnail","hentry","category-ciencia","tag-besouros","tag-fungo","tag-hospedeiro","tag-nova-especie"],"yoast_head":"<!-- This site is optimized with the Yoast SEO plugin v26.5 - https:\/\/yoast.com\/wordpress\/plugins\/seo\/ -->\n<title>Nova esp\u00e9cie de fungo que vive em besouros \u00e9 batizada de &quot;quarentena&quot; - Jornal Fatos e Not\u00edcias<\/title>\n<meta name=\"robots\" content=\"index, follow, max-snippet:-1, max-image-preview:large, max-video-preview:-1\" \/>\n<link rel=\"canonical\" href=\"https:\/\/jornalfatosenoticias.com.br\/index.php\/2020\/08\/04\/nova-especie-de-fungo-que-vive-em-besouros-e-batizada-de-quarentena\/\" \/>\n<meta property=\"og:locale\" content=\"pt_BR\" \/>\n<meta property=\"og:type\" content=\"article\" \/>\n<meta property=\"og:title\" content=\"Nova esp\u00e9cie de fungo que vive em besouros \u00e9 batizada de &quot;quarentena&quot; - Jornal Fatos e Not\u00edcias\" \/>\n<meta property=\"og:description\" content=\"Descrito durante a pandemia de Covid-19, o microrganismo foi chamado de &#8220;Laboulbenia quarantenae&#8221; por pesquisadores belgas e holandeses No fim de julho, cientistas belgas e holandeses anunciaram a descoberta de duas novas esp\u00e9cies de fungos, segundo uma pr\u00e9-impress\u00e3o do artigo compartilhada no MycoKeys. A pesquisa focou nos Herpomycetales e Laboulbeniales, duas ordens de fungos que [&hellip;]\" \/>\n<meta property=\"og:url\" content=\"https:\/\/jornalfatosenoticias.com.br\/index.php\/2020\/08\/04\/nova-especie-de-fungo-que-vive-em-besouros-e-batizada-de-quarentena\/\" \/>\n<meta property=\"og:site_name\" content=\"Jornal Fatos e Not\u00edcias\" \/>\n<meta property=\"article:published_time\" content=\"2020-08-04T18:43:00+00:00\" \/>\n<meta property=\"article:modified_time\" content=\"2020-08-04T18:43:03+00:00\" \/>\n<meta property=\"og:image\" content=\"https:\/\/jornalfatosenoticias.com.br\/wp-content\/uploads\/2020\/08\/nova-especie-de-fungo.jpg\" \/>\n\t<meta property=\"og:image:width\" content=\"1000\" \/>\n\t<meta property=\"og:image:height\" content=\"779\" \/>\n\t<meta property=\"og:image:type\" content=\"image\/jpeg\" \/>\n<meta name=\"author\" content=\"Luzimara Fernandes\" \/>\n<meta name=\"twitter:card\" content=\"summary_large_image\" \/>\n<meta name=\"twitter:label1\" content=\"Escrito por\" \/>\n\t<meta name=\"twitter:data1\" content=\"Luzimara Fernandes\" \/>\n\t<meta name=\"twitter:label2\" content=\"Est. tempo de leitura\" \/>\n\t<meta name=\"twitter:data2\" content=\"2 minutos\" \/>\n<script type=\"application\/ld+json\" class=\"yoast-schema-graph\">{\"@context\":\"https:\/\/schema.org\",\"@graph\":[{\"@type\":\"Article\",\"@id\":\"https:\/\/jornalfatosenoticias.com.br\/index.php\/2020\/08\/04\/nova-especie-de-fungo-que-vive-em-besouros-e-batizada-de-quarentena\/#article\",\"isPartOf\":{\"@id\":\"https:\/\/jornalfatosenoticias.com.br\/index.php\/2020\/08\/04\/nova-especie-de-fungo-que-vive-em-besouros-e-batizada-de-quarentena\/\"},\"author\":{\"name\":\"Luzimara Fernandes\",\"@id\":\"https:\/\/jornalfatosenoticias.com.br\/#\/schema\/person\/d63837fa13ac8666eb9e74e0985d6f81\"},\"headline\":\"Nova esp\u00e9cie de fungo que vive em besouros \u00e9 batizada de &#8220;quarentena&#8221;\",\"datePublished\":\"2020-08-04T18:43:00+00:00\",\"dateModified\":\"2020-08-04T18:43:03+00:00\",\"mainEntityOfPage\":{\"@id\":\"https:\/\/jornalfatosenoticias.com.br\/index.php\/2020\/08\/04\/nova-especie-de-fungo-que-vive-em-besouros-e-batizada-de-quarentena\/\"},\"wordCount\":332,\"commentCount\":0,\"publisher\":{\"@id\":\"https:\/\/jornalfatosenoticias.com.br\/#organization\"},\"image\":{\"@id\":\"https:\/\/jornalfatosenoticias.com.br\/index.php\/2020\/08\/04\/nova-especie-de-fungo-que-vive-em-besouros-e-batizada-de-quarentena\/#primaryimage\"},\"thumbnailUrl\":\"https:\/\/jornalfatosenoticias.com.br\/wp-content\/uploads\/2020\/08\/nova-especie-de-fungo.jpg\",\"keywords\":[\"besouros\",\"fungo\",\"hospedeiro\",\"nova esp\u00e9cie\"],\"articleSection\":[\"Ci\u00eancia\"],\"inLanguage\":\"pt-BR\",\"potentialAction\":[{\"@type\":\"CommentAction\",\"name\":\"Comment\",\"target\":[\"https:\/\/jornalfatosenoticias.com.br\/index.php\/2020\/08\/04\/nova-especie-de-fungo-que-vive-em-besouros-e-batizada-de-quarentena\/#respond\"]}]},{\"@type\":\"WebPage\",\"@id\":\"https:\/\/jornalfatosenoticias.com.br\/index.php\/2020\/08\/04\/nova-especie-de-fungo-que-vive-em-besouros-e-batizada-de-quarentena\/\",\"url\":\"https:\/\/jornalfatosenoticias.com.br\/index.php\/2020\/08\/04\/nova-especie-de-fungo-que-vive-em-besouros-e-batizada-de-quarentena\/\",\"name\":\"Nova esp\u00e9cie de fungo que vive em besouros \u00e9 batizada de \\\"quarentena\\\" - Jornal Fatos e Not\u00edcias\",\"isPartOf\":{\"@id\":\"https:\/\/jornalfatosenoticias.com.br\/#website\"},\"primaryImageOfPage\":{\"@id\":\"https:\/\/jornalfatosenoticias.com.br\/index.php\/2020\/08\/04\/nova-especie-de-fungo-que-vive-em-besouros-e-batizada-de-quarentena\/#primaryimage\"},\"image\":{\"@id\":\"https:\/\/jornalfatosenoticias.com.br\/index.php\/2020\/08\/04\/nova-especie-de-fungo-que-vive-em-besouros-e-batizada-de-quarentena\/#primaryimage\"},\"thumbnailUrl\":\"https:\/\/jornalfatosenoticias.com.br\/wp-content\/uploads\/2020\/08\/nova-especie-de-fungo.jpg\",\"datePublished\":\"2020-08-04T18:43:00+00:00\",\"dateModified\":\"2020-08-04T18:43:03+00:00\",\"breadcrumb\":{\"@id\":\"https:\/\/jornalfatosenoticias.com.br\/index.php\/2020\/08\/04\/nova-especie-de-fungo-que-vive-em-besouros-e-batizada-de-quarentena\/#breadcrumb\"},\"inLanguage\":\"pt-BR\",\"potentialAction\":[{\"@type\":\"ReadAction\",\"target\":[\"https:\/\/jornalfatosenoticias.com.br\/index.php\/2020\/08\/04\/nova-especie-de-fungo-que-vive-em-besouros-e-batizada-de-quarentena\/\"]}]},{\"@type\":\"ImageObject\",\"inLanguage\":\"pt-BR\",\"@id\":\"https:\/\/jornalfatosenoticias.com.br\/index.php\/2020\/08\/04\/nova-especie-de-fungo-que-vive-em-besouros-e-batizada-de-quarentena\/#primaryimage\",\"url\":\"https:\/\/jornalfatosenoticias.com.br\/wp-content\/uploads\/2020\/08\/nova-especie-de-fungo.jpg\",\"contentUrl\":\"https:\/\/jornalfatosenoticias.com.br\/wp-content\/uploads\/2020\/08\/nova-especie-de-fungo.jpg\",\"width\":1000,\"height\":779},{\"@type\":\"BreadcrumbList\",\"@id\":\"https:\/\/jornalfatosenoticias.com.br\/index.php\/2020\/08\/04\/nova-especie-de-fungo-que-vive-em-besouros-e-batizada-de-quarentena\/#breadcrumb\",\"itemListElement\":[{\"@type\":\"ListItem\",\"position\":1,\"name\":\"In\u00edcio\",\"item\":\"https:\/\/jornalfatosenoticias.com.br\/\"},{\"@type\":\"ListItem\",\"position\":2,\"name\":\"Nova esp\u00e9cie de fungo que vive em besouros \u00e9 batizada de &#8220;quarentena&#8221;\"}]},{\"@type\":\"WebSite\",\"@id\":\"https:\/\/jornalfatosenoticias.com.br\/#website\",\"url\":\"https:\/\/jornalfatosenoticias.com.br\/\",\"name\":\"Jornal Fatos e Not\u00edcias\",\"description\":\"Not\u00edcias em geral\",\"publisher\":{\"@id\":\"https:\/\/jornalfatosenoticias.com.br\/#organization\"},\"potentialAction\":[{\"@type\":\"SearchAction\",\"target\":{\"@type\":\"EntryPoint\",\"urlTemplate\":\"https:\/\/jornalfatosenoticias.com.br\/?s={search_term_string}\"},\"query-input\":{\"@type\":\"PropertyValueSpecification\",\"valueRequired\":true,\"valueName\":\"search_term_string\"}}],\"inLanguage\":\"pt-BR\"},{\"@type\":\"Organization\",\"@id\":\"https:\/\/jornalfatosenoticias.com.br\/#organization\",\"name\":\"Jornal Fatos e Not\u00edcias\",\"url\":\"https:\/\/jornalfatosenoticias.com.br\/\",\"logo\":{\"@type\":\"ImageObject\",\"inLanguage\":\"pt-BR\",\"@id\":\"https:\/\/jornalfatosenoticias.com.br\/#\/schema\/logo\/image\/\",\"url\":\"https:\/\/jornalfatosenoticias.com.br\/wp-content\/uploads\/2020\/02\/logo120.png\",\"contentUrl\":\"https:\/\/jornalfatosenoticias.com.br\/wp-content\/uploads\/2020\/02\/logo120.png\",\"width\":1227,\"height\":120,\"caption\":\"Jornal Fatos e Not\u00edcias\"},\"image\":{\"@id\":\"https:\/\/jornalfatosenoticias.com.br\/#\/schema\/logo\/image\/\"}},{\"@type\":\"Person\",\"@id\":\"https:\/\/jornalfatosenoticias.com.br\/#\/schema\/person\/d63837fa13ac8666eb9e74e0985d6f81\",\"name\":\"Luzimara Fernandes\",\"image\":{\"@type\":\"ImageObject\",\"inLanguage\":\"pt-BR\",\"@id\":\"https:\/\/jornalfatosenoticias.com.br\/#\/schema\/person\/image\/\",\"url\":\"https:\/\/jornalfatosenoticias.com.br\/wp-content\/uploads\/2025\/05\/EU_portal.jpg\",\"contentUrl\":\"https:\/\/jornalfatosenoticias.com.br\/wp-content\/uploads\/2025\/05\/EU_portal.jpg\",\"caption\":\"Luzimara Fernandes\"},\"description\":\"Jornalista MTB 2358-ES\",\"sameAs\":[\"https:\/\/jornalfatosenoticias.com.br\"],\"url\":\"https:\/\/jornalfatosenoticias.com.br\/index.php\/author\/luzimara\/\"}]}<\/script>\n<!-- \/ Yoast SEO plugin. -->","yoast_head_json":{"title":"Nova esp\u00e9cie de fungo que vive em besouros \u00e9 batizada de \"quarentena\" - Jornal Fatos e Not\u00edcias","robots":{"index":"index","follow":"follow","max-snippet":"max-snippet:-1","max-image-preview":"max-image-preview:large","max-video-preview":"max-video-preview:-1"},"canonical":"https:\/\/jornalfatosenoticias.com.br\/index.php\/2020\/08\/04\/nova-especie-de-fungo-que-vive-em-besouros-e-batizada-de-quarentena\/","og_locale":"pt_BR","og_type":"article","og_title":"Nova esp\u00e9cie de fungo que vive em besouros \u00e9 batizada de \"quarentena\" - Jornal Fatos e Not\u00edcias","og_description":"Descrito durante a pandemia de Covid-19, o microrganismo foi chamado de &#8220;Laboulbenia quarantenae&#8221; por pesquisadores belgas e holandeses No fim de julho, cientistas belgas e holandeses anunciaram a descoberta de duas novas esp\u00e9cies de fungos, segundo uma pr\u00e9-impress\u00e3o do artigo compartilhada no MycoKeys. A pesquisa focou nos Herpomycetales e Laboulbeniales, duas ordens de fungos que [&hellip;]","og_url":"https:\/\/jornalfatosenoticias.com.br\/index.php\/2020\/08\/04\/nova-especie-de-fungo-que-vive-em-besouros-e-batizada-de-quarentena\/","og_site_name":"Jornal Fatos e Not\u00edcias","article_published_time":"2020-08-04T18:43:00+00:00","article_modified_time":"2020-08-04T18:43:03+00:00","og_image":[{"width":1000,"height":779,"url":"https:\/\/jornalfatosenoticias.com.br\/wp-content\/uploads\/2020\/08\/nova-especie-de-fungo.jpg","type":"image\/jpeg"}],"author":"Luzimara Fernandes","twitter_card":"summary_large_image","twitter_misc":{"Escrito por":"Luzimara Fernandes","Est. tempo de leitura":"2 minutos"},"schema":{"@context":"https:\/\/schema.org","@graph":[{"@type":"Article","@id":"https:\/\/jornalfatosenoticias.com.br\/index.php\/2020\/08\/04\/nova-especie-de-fungo-que-vive-em-besouros-e-batizada-de-quarentena\/#article","isPartOf":{"@id":"https:\/\/jornalfatosenoticias.com.br\/index.php\/2020\/08\/04\/nova-especie-de-fungo-que-vive-em-besouros-e-batizada-de-quarentena\/"},"author":{"name":"Luzimara Fernandes","@id":"https:\/\/jornalfatosenoticias.com.br\/#\/schema\/person\/d63837fa13ac8666eb9e74e0985d6f81"},"headline":"Nova esp\u00e9cie de fungo que vive em besouros \u00e9 batizada de &#8220;quarentena&#8221;","datePublished":"2020-08-04T18:43:00+00:00","dateModified":"2020-08-04T18:43:03+00:00","mainEntityOfPage":{"@id":"https:\/\/jornalfatosenoticias.com.br\/index.php\/2020\/08\/04\/nova-especie-de-fungo-que-vive-em-besouros-e-batizada-de-quarentena\/"},"wordCount":332,"commentCount":0,"publisher":{"@id":"https:\/\/jornalfatosenoticias.com.br\/#organization"},"image":{"@id":"https:\/\/jornalfatosenoticias.com.br\/index.php\/2020\/08\/04\/nova-especie-de-fungo-que-vive-em-besouros-e-batizada-de-quarentena\/#primaryimage"},"thumbnailUrl":"https:\/\/jornalfatosenoticias.com.br\/wp-content\/uploads\/2020\/08\/nova-especie-de-fungo.jpg","keywords":["besouros","fungo","hospedeiro","nova esp\u00e9cie"],"articleSection":["Ci\u00eancia"],"inLanguage":"pt-BR","potentialAction":[{"@type":"CommentAction","name":"Comment","target":["https:\/\/jornalfatosenoticias.com.br\/index.php\/2020\/08\/04\/nova-especie-de-fungo-que-vive-em-besouros-e-batizada-de-quarentena\/#respond"]}]},{"@type":"WebPage","@id":"https:\/\/jornalfatosenoticias.com.br\/index.php\/2020\/08\/04\/nova-especie-de-fungo-que-vive-em-besouros-e-batizada-de-quarentena\/","url":"https:\/\/jornalfatosenoticias.com.br\/index.php\/2020\/08\/04\/nova-especie-de-fungo-que-vive-em-besouros-e-batizada-de-quarentena\/","name":"Nova esp\u00e9cie de fungo que vive em besouros \u00e9 batizada de \"quarentena\" - Jornal Fatos e Not\u00edcias","isPartOf":{"@id":"https:\/\/jornalfatosenoticias.com.br\/#website"},"primaryImageOfPage":{"@id":"https:\/\/jornalfatosenoticias.com.br\/index.php\/2020\/08\/04\/nova-especie-de-fungo-que-vive-em-besouros-e-batizada-de-quarentena\/#primaryimage"},"image":{"@id":"https:\/\/jornalfatosenoticias.com.br\/index.php\/2020\/08\/04\/nova-especie-de-fungo-que-vive-em-besouros-e-batizada-de-quarentena\/#primaryimage"},"thumbnailUrl":"https:\/\/jornalfatosenoticias.com.br\/wp-content\/uploads\/2020\/08\/nova-especie-de-fungo.jpg","datePublished":"2020-08-04T18:43:00+00:00","dateModified":"2020-08-04T18:43:03+00:00","breadcrumb":{"@id":"https:\/\/jornalfatosenoticias.com.br\/index.php\/2020\/08\/04\/nova-especie-de-fungo-que-vive-em-besouros-e-batizada-de-quarentena\/#breadcrumb"},"inLanguage":"pt-BR","potentialAction":[{"@type":"ReadAction","target":["https:\/\/jornalfatosenoticias.com.br\/index.php\/2020\/08\/04\/nova-especie-de-fungo-que-vive-em-besouros-e-batizada-de-quarentena\/"]}]},{"@type":"ImageObject","inLanguage":"pt-BR","@id":"https:\/\/jornalfatosenoticias.com.br\/index.php\/2020\/08\/04\/nova-especie-de-fungo-que-vive-em-besouros-e-batizada-de-quarentena\/#primaryimage","url":"https:\/\/jornalfatosenoticias.com.br\/wp-content\/uploads\/2020\/08\/nova-especie-de-fungo.jpg","contentUrl":"https:\/\/jornalfatosenoticias.com.br\/wp-content\/uploads\/2020\/08\/nova-especie-de-fungo.jpg","width":1000,"height":779},{"@type":"BreadcrumbList","@id":"https:\/\/jornalfatosenoticias.com.br\/index.php\/2020\/08\/04\/nova-especie-de-fungo-que-vive-em-besouros-e-batizada-de-quarentena\/#breadcrumb","itemListElement":[{"@type":"ListItem","position":1,"name":"In\u00edcio","item":"https:\/\/jornalfatosenoticias.com.br\/"},{"@type":"ListItem","position":2,"name":"Nova esp\u00e9cie de fungo que vive em besouros \u00e9 batizada de &#8220;quarentena&#8221;"}]},{"@type":"WebSite","@id":"https:\/\/jornalfatosenoticias.com.br\/#website","url":"https:\/\/jornalfatosenoticias.com.br\/","name":"Jornal Fatos e Not\u00edcias","description":"Not\u00edcias em geral","publisher":{"@id":"https:\/\/jornalfatosenoticias.com.br\/#organization"},"potentialAction":[{"@type":"SearchAction","target":{"@type":"EntryPoint","urlTemplate":"https:\/\/jornalfatosenoticias.com.br\/?s={search_term_string}"},"query-input":{"@type":"PropertyValueSpecification","valueRequired":true,"valueName":"search_term_string"}}],"inLanguage":"pt-BR"},{"@type":"Organization","@id":"https:\/\/jornalfatosenoticias.com.br\/#organization","name":"Jornal Fatos e Not\u00edcias","url":"https:\/\/jornalfatosenoticias.com.br\/","logo":{"@type":"ImageObject","inLanguage":"pt-BR","@id":"https:\/\/jornalfatosenoticias.com.br\/#\/schema\/logo\/image\/","url":"https:\/\/jornalfatosenoticias.com.br\/wp-content\/uploads\/2020\/02\/logo120.png","contentUrl":"https:\/\/jornalfatosenoticias.com.br\/wp-content\/uploads\/2020\/02\/logo120.png","width":1227,"height":120,"caption":"Jornal Fatos e Not\u00edcias"},"image":{"@id":"https:\/\/jornalfatosenoticias.com.br\/#\/schema\/logo\/image\/"}},{"@type":"Person","@id":"https:\/\/jornalfatosenoticias.com.br\/#\/schema\/person\/d63837fa13ac8666eb9e74e0985d6f81","name":"Luzimara Fernandes","image":{"@type":"ImageObject","inLanguage":"pt-BR","@id":"https:\/\/jornalfatosenoticias.com.br\/#\/schema\/person\/image\/","url":"https:\/\/jornalfatosenoticias.com.br\/wp-content\/uploads\/2025\/05\/EU_portal.jpg","contentUrl":"https:\/\/jornalfatosenoticias.com.br\/wp-content\/uploads\/2025\/05\/EU_portal.jpg","caption":"Luzimara Fernandes"},"description":"Jornalista MTB 2358-ES","sameAs":["https:\/\/jornalfatosenoticias.com.br"],"url":"https:\/\/jornalfatosenoticias.com.br\/index.php\/author\/luzimara\/"}]}},"cc_featured_image_caption":{"caption_text":"(Foto: Maria Justamond)","source_text":"","source_url":""},"jetpack_featured_media_url":"https:\/\/jornalfatosenoticias.com.br\/wp-content\/uploads\/2020\/08\/nova-especie-de-fungo.jpg","_links":{"self":[{"href":"https:\/\/jornalfatosenoticias.com.br\/index.php\/wp-json\/wp\/v2\/posts\/7241","targetHints":{"allow":["GET"]}}],"collection":[{"href":"https:\/\/jornalfatosenoticias.com.br\/index.php\/wp-json\/wp\/v2\/posts"}],"about":[{"href":"https:\/\/jornalfatosenoticias.com.br\/index.php\/wp-json\/wp\/v2\/types\/post"}],"author":[{"embeddable":true,"href":"https:\/\/jornalfatosenoticias.com.br\/index.php\/wp-json\/wp\/v2\/users\/2"}],"replies":[{"embeddable":true,"href":"https:\/\/jornalfatosenoticias.com.br\/index.php\/wp-json\/wp\/v2\/comments?post=7241"}],"version-history":[{"count":0,"href":"https:\/\/jornalfatosenoticias.com.br\/index.php\/wp-json\/wp\/v2\/posts\/7241\/revisions"}],"wp:featuredmedia":[{"embeddable":true,"href":"https:\/\/jornalfatosenoticias.com.br\/index.php\/wp-json\/wp\/v2\/media\/7244"}],"wp:attachment":[{"href":"https:\/\/jornalfatosenoticias.com.br\/index.php\/wp-json\/wp\/v2\/media?parent=7241"}],"wp:term":[{"taxonomy":"category","embeddable":true,"href":"https:\/\/jornalfatosenoticias.com.br\/index.php\/wp-json\/wp\/v2\/categories?post=7241"},{"taxonomy":"post_tag","embeddable":true,"href":"https:\/\/jornalfatosenoticias.com.br\/index.php\/wp-json\/wp\/v2\/tags?post=7241"}],"curies":[{"name":"wp","href":"https:\/\/api.w.org\/{rel}","templated":true}]}}