{"id":7253,"date":"2020-08-04T16:45:02","date_gmt":"2020-08-04T19:45:02","guid":{"rendered":"https:\/\/jornalfatosenoticias.com.br\/?p=7253"},"modified":"2020-08-04T16:45:03","modified_gmt":"2020-08-04T19:45:03","slug":"metade-das-cidades-brasileiras-ainda-despeja-lixo-a-ceu-aberto","status":"publish","type":"post","link":"https:\/\/jornalfatosenoticias.com.br\/index.php\/2020\/08\/04\/metade-das-cidades-brasileiras-ainda-despeja-lixo-a-ceu-aberto\/","title":{"rendered":"Metade das cidades brasileiras ainda despeja lixo a c\u00e9u aberto"},"content":{"rendered":"\n<h6 class=\"wp-block-heading\"><em>Dez anos ap\u00f3s a promulga\u00e7\u00e3o da Pol\u00edtica Nacional de Res\u00edduos S\u00f3lidos, Pa\u00eds ainda est\u00e1 longe de atingir as metas estabelecidas na lei<\/em><\/h6>\n\n\n\n<p>H\u00e1 exatos dez anos, entrava em vigor em todo o territ\u00f3rio brasileiro a Pol\u00edtica Nacional de Res\u00edduos S\u00f3lidos, estabelecendo um prazo de quatro anos para os munic\u00edpios providenciarem a destina\u00e7\u00e3o ambientalmente correta do lixo gerado pela popula\u00e7\u00e3o.<br>Uma d\u00e9cada mais tarde, o \u00cdndice de Sustentabilidade da Limpeza Urbana \u2013 ISLU, elaborado pela consultoria e auditoria PwC Brasil em parceria com o Sindicato Nacional das Empresas de Limpeza Urbana \u2013 Selurb, analisou a realidade em 3313 munic\u00edpios em todos os estados do Pa\u00eds, constatando que 49,9% das deles ainda enviam seus res\u00edduos para dep\u00f3sitos irregulares e ilegais, os famosos lix\u00f5es.<br>O estudo ainda revela outros dados alarmantes: 17,8 milh\u00f5es de brasileiros sequer t\u00eam coleta de lixo em suas resid\u00eancias; apenas 3,8% dos res\u00edduos s\u00e3o reciclados; somente 41,5% das prefeituras adotaram algum sistema de custeio individualizado, seja por taxa ou tarifa, para remunerar os servi\u00e7os de manejo de res\u00edduos s\u00f3lidos, outra medida estruturante prevista na PNRS e que ganhou relev\u00e2ncia com o novo marco legal do saneamento.<\/p>\n\n\n\n<blockquote class=\"wp-block-quote is-layout-flow wp-block-quote-is-layout-flow\"><p>Implementar um sistema de cobran\u00e7a em qualquer cidade \u00e9 complexo porque somos um Pa\u00eds com muitas desigualdades sociais<\/p><\/blockquote>\n\n\n\n<figure class=\"wp-block-image size-large\"><img loading=\"lazy\" decoding=\"async\" width=\"1000\" height=\"666\" src=\"https:\/\/jornalfatosenoticias.com.br\/wp-content\/uploads\/2020\/08\/lixo2.jpg\" alt=\"\" class=\"wp-image-7259\" srcset=\"https:\/\/jornalfatosenoticias.com.br\/wp-content\/uploads\/2020\/08\/lixo2.jpg 1000w, https:\/\/jornalfatosenoticias.com.br\/wp-content\/uploads\/2020\/08\/lixo2-300x200.jpg 300w, https:\/\/jornalfatosenoticias.com.br\/wp-content\/uploads\/2020\/08\/lixo2-768x511.jpg 768w\" sizes=\"auto, (max-width: 1000px) 100vw, 1000px\" \/><figcaption><em> (Foto: Leopoldo Silva\/Fotos P\u00fablicas)<\/em><\/figcaption><\/figure>\n\n\n\n<h4 class=\"wp-block-heading\">Legisla\u00e7\u00e3o e fiscaliza\u00e7\u00e3o<\/h4>\n\n\n\n<p>\u201cOs resultados mostram que a legisla\u00e7\u00e3o por si s\u00f3 n\u00e3o \u00e9 suficiente. Os lix\u00f5es a c\u00e9u aberto, por exemplo, s\u00e3o proibidos no Brasil desde a d\u00e9cada de 1950 e, mesmo assim, ainda existem mais de tr\u00eas mil deles espalhados pelo Pa\u00eds. Mesmo com o novo marco do saneamento, o quadro s\u00f3 deve mudar se a atua\u00e7\u00e3o dos \u00f3rg\u00e3os de controle, conforme vem ocorrendo em diversos estados, apoiar a estrutura\u00e7\u00e3o t\u00e9cnica e financeira da gest\u00e3o municipal de res\u00edduos s\u00f3lidos\u201d, explica M\u00e1rcio Matheus, presidente do Selurb.<\/p>\n\n\n\n<figure class=\"wp-block-image size-large\"><img loading=\"lazy\" decoding=\"async\" width=\"1000\" height=\"666\" src=\"https:\/\/jornalfatosenoticias.com.br\/wp-content\/uploads\/2020\/08\/lix\u00f5es-ou-aterros-coronavirus3.jpg\" alt=\"\" class=\"wp-image-7258\" srcset=\"https:\/\/jornalfatosenoticias.com.br\/wp-content\/uploads\/2020\/08\/lix\u00f5es-ou-aterros-coronavirus3.jpg 1000w, https:\/\/jornalfatosenoticias.com.br\/wp-content\/uploads\/2020\/08\/lix\u00f5es-ou-aterros-coronavirus3-300x200.jpg 300w, https:\/\/jornalfatosenoticias.com.br\/wp-content\/uploads\/2020\/08\/lix\u00f5es-ou-aterros-coronavirus3-768x511.jpg 768w\" sizes=\"auto, (max-width: 1000px) 100vw, 1000px\" \/><figcaption><em>Antigo Lix\u00e3o da Estrutural, j\u00e1 desativado (Foto: Leopoldo Silva\/Fotos P\u00fablicas)<\/em><\/figcaption><\/figure>\n\n\n\n<p>\u201cA gest\u00e3o dos res\u00edduos s\u00f3lidos \u00e9 uma das dimens\u00f5es do mencionado novo marco regulat\u00f3rio do saneamento b\u00e1sico, trazendo tr\u00eas elementos fundamentais para o setor: a sustentabilidade econ\u00f4mico-financeira do sistema, mecanismos para amplia\u00e7\u00e3o dos atores e a possibilidade de implementar leituras regionais para a resolu\u00e7\u00e3o dos problemas de falta de escala\u201d, comenta Federico Servideo, s\u00f3cio da PwC Brasil.<br>Assim como nos anos anteriores, o ISLU 2020 mostra que a Regi\u00e3o Sul do Brasil permanece muito acima das demais em quatro das dimens\u00f5es analisadas. Nela, mais de tr\u00eas quartos dos munic\u00edpios analisados possuem algum tipo de cobran\u00e7a para custear os servi\u00e7os de manejo de res\u00edduos s\u00f3lidos, o percentual de reciclagem \u00e9 o dobro da m\u00e9dia nacional e mais de 85% do lixo \u00e9 enviado para o destino correto.<\/p>\n\n\n\n<h4 class=\"wp-block-heading\">Ranking brasileiro<\/h4>\n\n\n\n<blockquote class=\"wp-block-quote is-layout-flow wp-block-quote-is-layout-flow\"><p>Entre os estados da regi\u00e3o, Santa Catarina \u00e9 o que obteve a maior pontua\u00e7\u00e3o, com destaque para o desempenho das cidades de Blumenau e Joinville, que est\u00e3o entre as dez melhores do Brasil acima de 250 mil habitantes.<\/p><\/blockquote>\n\n\n\n<p>\u201cO diferencial da cidade de Joinville \u00e9 ter tratado como utility os servi\u00e7os de coleta, tratamento e destina\u00e7\u00e3o ambientalmente adequada de res\u00edduos, passando a remuner\u00e1-los por meio de tarifa, como acontece com outros servi\u00e7os de infraestrutura b\u00e1sica residencial e comercial. O cidad\u00e3o remunera e interage diretamente com a concession\u00e1ria dos servi\u00e7os, enquanto o poder p\u00fablico cuida da regula\u00e7\u00e3o\u201d, destaca Carlos Rossin, diretor de Sustentabilidade do Selurb.<br>Carlos lembra que este modelo tarif\u00e1rio \u00e9 comum no mundo e, onde \u00e9 adotado, os servi\u00e7os alcan\u00e7aram um novo patamar.<\/p>\n\n\n\n<figure class=\"wp-block-image size-large\"><img loading=\"lazy\" decoding=\"async\" width=\"1000\" height=\"316\" src=\"https:\/\/jornalfatosenoticias.com.br\/wp-content\/uploads\/2020\/08\/grafico1.jpg\" alt=\"\" class=\"wp-image-7254\" srcset=\"https:\/\/jornalfatosenoticias.com.br\/wp-content\/uploads\/2020\/08\/grafico1.jpg 1000w, https:\/\/jornalfatosenoticias.com.br\/wp-content\/uploads\/2020\/08\/grafico1-300x95.jpg 300w, https:\/\/jornalfatosenoticias.com.br\/wp-content\/uploads\/2020\/08\/grafico1-768x243.jpg 768w\" sizes=\"auto, (max-width: 1000px) 100vw, 1000px\" \/><\/figure>\n\n\n\n<p>Por outro lado, as regi\u00f5es Norte e Nordeste ainda est\u00e3o muito distantes dessa realidade, ostentando o n\u00edvel de cobertura m\u00e9dio de coleta mais baixo do Pa\u00eds e um \u00edndice de destina\u00e7\u00e3o correta inferior a 15%, ou seja, quase todo o lixo coletado nas duas regi\u00f5es ainda vai para lix\u00f5es a c\u00e9u aberto, contaminando solos, rios, mares e o ar e tamb\u00e9m vulnerando a sa\u00fade da popula\u00e7\u00e3o do entorno.<br>J\u00e1 Sudeste e Centro-Oeste, apesar de serem as melhores regi\u00f5es no que diz respeito \u00e0 cobertura m\u00e9dia de coleta, ainda possuem \u00edndices a melhorar. Os n\u00fameros do Sudeste s\u00e3o os que mais se assemelham \u00e0 m\u00e9dia nacional nas demais dimens\u00f5es, enquanto os do Centro-Oeste ainda est\u00e3o mais pr\u00f3ximos da realidade Norte\/Nordeste do que da realidade Sul.<br>\u201cH\u00e1 que se destacar, por\u00e9m, que a regi\u00e3o Centro-Oeste melhorou seu desempenho nas quatro dimens\u00f5es analisadas. Muito em consequ\u00eancia de iniciativas inovadoras, como as verificadas em Mato Grosso do Sul, onde o Minist\u00e9rio P\u00fablico, em parceria com o Tribunal de Contas, passou a assistir as prefeituras na cria\u00e7\u00e3o e implementa\u00e7\u00e3o de mecanismos de cobran\u00e7a pela presta\u00e7\u00e3o dos servi\u00e7os, de forma conjugada com solu\u00e7\u00f5es regionalizadas, diluindo e reduzindo os custos log\u00edsticos e de destina\u00e7\u00e3o final dos res\u00edduos para a popula\u00e7\u00e3o\u201d, explica Rossin. Hoje, em 80% dos munic\u00edpios de MS, os res\u00edduos dom\u00e9sticos s\u00e3o destinados adequadamente, m\u00e9dia muito acima da nacional.<\/p>\n\n\n\n<h4 class=\"wp-block-heading\">Ferramenta de avalia\u00e7\u00e3o<\/h4>\n\n\n\n<p>\u201cO ISLU se apresenta como uma valiosa ferramenta que, a partir dos dados informados pelas prefeituras, permite mensurar o status de cada cidade no que diz respeito ao cumprimento das diretrizes da Pol\u00edtica Nacional de Res\u00edduos S\u00f3lidos\u201d, afirma Servideo.<\/p>\n\n\n\n<figure class=\"wp-block-image size-large\"><img loading=\"lazy\" decoding=\"async\" width=\"1000\" height=\"557\" src=\"https:\/\/jornalfatosenoticias.com.br\/wp-content\/uploads\/2020\/08\/grafico2.jpg\" alt=\"\" class=\"wp-image-7255\" srcset=\"https:\/\/jornalfatosenoticias.com.br\/wp-content\/uploads\/2020\/08\/grafico2.jpg 1000w, https:\/\/jornalfatosenoticias.com.br\/wp-content\/uploads\/2020\/08\/grafico2-300x167.jpg 300w, https:\/\/jornalfatosenoticias.com.br\/wp-content\/uploads\/2020\/08\/grafico2-768x428.jpg 768w\" sizes=\"auto, (max-width: 1000px) 100vw, 1000px\" \/><\/figure>\n\n\n\n<p>Assim como o \u00cdndice de Desenvolvimento Humano (IDH), o ISLU avalia os munic\u00edpios por uma escala que vai de zero (baixo desenvolvimento) a um (alto desenvolvimento), medindo a ader\u00eancia de cada um deles \u00e0s diretrizes e metas da PNRS, considerando crit\u00e9rios como sustentabilidade financeira, cobertura de coleta, impacto ambiental e recupera\u00e7\u00e3o de recursos coletados.<br>Em 2020, foram considerados na an\u00e1lise 3.313 munic\u00edpios, com dados coletados a partir do Sistema Nacional de Informa\u00e7\u00f5es de Saneamento.<br>Esta \u00e9 a quinta edi\u00e7\u00e3o do estudo, que ocorre desde 2016. Em termos gerais, os resultados demonstram uma certa confirma\u00e7\u00e3o, ou seja, apresentando poucos avan\u00e7os e\/ou retrocessos quando comparados com os da edi\u00e7\u00e3o de 2019.<br>As maiores cidades brasileiras que tiveram melhor resultado no ISLU 2020 est\u00e3o concentradas nas regi\u00f5es Sul e Sudeste do Pa\u00eds.<\/p>\n\n\n\n<figure class=\"wp-block-image size-large\"><img loading=\"lazy\" decoding=\"async\" width=\"1000\" height=\"667\" src=\"https:\/\/jornalfatosenoticias.com.br\/wp-content\/uploads\/2020\/08\/lixo4.jpg\" alt=\"\" class=\"wp-image-7256\" srcset=\"https:\/\/jornalfatosenoticias.com.br\/wp-content\/uploads\/2020\/08\/lixo4.jpg 1000w, https:\/\/jornalfatosenoticias.com.br\/wp-content\/uploads\/2020\/08\/lixo4-300x200.jpg 300w, https:\/\/jornalfatosenoticias.com.br\/wp-content\/uploads\/2020\/08\/lixo4-768x512.jpg 768w\" sizes=\"auto, (max-width: 1000px) 100vw, 1000px\" \/><figcaption><em>Local do antigo aterro sanit\u00e1rio da Caximba (Foto: Prefeitura de Curitiba\/Divulga\u00e7\u00e3o)<\/em><\/figcaption><\/figure>\n\n\n\n<p>Entre as principais vantagens apresentadas por essas cidades, est\u00e1 a presen\u00e7a de um modelo de arrecada\u00e7\u00e3o espec\u00edfica, separado do or\u00e7amento geral do munic\u00edpio, que cobre integralmente, ou quase, os custos das atividades de coleta e tratamento de res\u00edduos.<\/p>\n\n\n\n<h4 class=\"wp-block-heading\">Novo marco do saneamento<\/h4>\n\n\n\n<p>Segundo Leonardo Silva, Assessor Econ\u00f4mico do Selurb, a sustentabilidade financeira \u00e9 um fator preponderante para determinar o bom desempenho em rela\u00e7\u00e3o \u00e0 gest\u00e3o do lixo. A cobran\u00e7a pelos servi\u00e7os j\u00e1 est\u00e1 presente em cerca de 40% dos munic\u00edpios brasileiros, por\u00e9m, na maioria deles, ainda de forma parcial.<\/p>\n\n\n\n<figure class=\"wp-block-image size-large\"><img loading=\"lazy\" decoding=\"async\" width=\"1000\" height=\"670\" src=\"https:\/\/jornalfatosenoticias.com.br\/wp-content\/uploads\/2020\/08\/lixo5.jpg\" alt=\"\" class=\"wp-image-7257\" srcset=\"https:\/\/jornalfatosenoticias.com.br\/wp-content\/uploads\/2020\/08\/lixo5.jpg 1000w, https:\/\/jornalfatosenoticias.com.br\/wp-content\/uploads\/2020\/08\/lixo5-300x201.jpg 300w, https:\/\/jornalfatosenoticias.com.br\/wp-content\/uploads\/2020\/08\/lixo5-768x515.jpg 768w\" sizes=\"auto, (max-width: 1000px) 100vw, 1000px\" \/><figcaption><em>(Foto: Pixabay)<\/em><\/figcaption><\/figure>\n\n\n\n<p>Agora, com a entrada em vigor do novo marco do saneamento, a expectativa \u00e9 de que esta realidade comece a mudar, pois as prefeituras ter\u00e3o at\u00e9 12 meses para implementar a arrecada\u00e7\u00e3o espec\u00edfica, sob pena de caracteriza\u00e7\u00e3o de ren\u00fancia fiscal injustificada.<br>\u201cImplementar um sistema de cobran\u00e7a em qualquer cidade \u00e9 complexo porque somos um Pa\u00eds com muitas desigualdades sociais. O exemplo citado de Joinville \u00e9 interessante tamb\u00e9m neste sentido, porque seu m\u00e9todo de cobran\u00e7a, com valores diferentes para cada regi\u00e3o da \u00e1rea urbana, permite aplicar tarifas sociais em bairros com popula\u00e7\u00e3o socialmente vulner\u00e1veis\u201d, finaliza Rossin.<\/p>\n\n\n\n<p><strong><em>Fonte: <a href=\"https:\/\/ciclovivo.com.br\/planeta\/desenvolvimento\/metade-das-cidades-brasileiras-ainda-despeja-lixo-a-ceu-aberto\/\">CicloVivo<\/a><\/em><\/strong><\/p>\n","protected":false},"excerpt":{"rendered":"<p>Dez anos ap\u00f3s a promulga\u00e7\u00e3o da Pol\u00edtica Nacional de Res\u00edduos S\u00f3lidos, Pa\u00eds ainda est\u00e1 longe de atingir as metas estabelecidas na lei H\u00e1 exatos dez anos, entrava em vigor em todo o territ\u00f3rio brasileiro a Pol\u00edtica Nacional de Res\u00edduos S\u00f3lidos, estabelecendo um prazo de quatro anos para os munic\u00edpios providenciarem a destina\u00e7\u00e3o ambientalmente correta do [&hellip;]<\/p>\n","protected":false},"author":2,"featured_media":7260,"comment_status":"open","ping_status":"open","sticky":false,"template":"","format":"standard","meta":{"footnotes":""},"categories":[5],"tags":[4136,4137,4135],"class_list":["post-7253","post","type-post","status-publish","format-standard","has-post-thumbnail","hentry","category-geral","tag-coleta-de-lixo","tag-despejo","tag-lixoes-a-ceu-aberto"],"yoast_head":"<!-- This site is optimized with the Yoast SEO plugin v26.5 - https:\/\/yoast.com\/wordpress\/plugins\/seo\/ -->\n<title>Metade das cidades brasileiras ainda despeja lixo a c\u00e9u aberto - Jornal Fatos e Not\u00edcias<\/title>\n<meta name=\"robots\" content=\"index, follow, max-snippet:-1, max-image-preview:large, max-video-preview:-1\" \/>\n<link rel=\"canonical\" href=\"https:\/\/jornalfatosenoticias.com.br\/index.php\/2020\/08\/04\/metade-das-cidades-brasileiras-ainda-despeja-lixo-a-ceu-aberto\/\" \/>\n<meta property=\"og:locale\" content=\"pt_BR\" \/>\n<meta property=\"og:type\" content=\"article\" \/>\n<meta property=\"og:title\" content=\"Metade das cidades brasileiras ainda despeja lixo a c\u00e9u aberto - Jornal Fatos e Not\u00edcias\" \/>\n<meta property=\"og:description\" content=\"Dez anos ap\u00f3s a promulga\u00e7\u00e3o da Pol\u00edtica Nacional de Res\u00edduos S\u00f3lidos, Pa\u00eds ainda est\u00e1 longe de atingir as metas estabelecidas na lei H\u00e1 exatos dez anos, entrava em vigor em todo o territ\u00f3rio brasileiro a Pol\u00edtica Nacional de Res\u00edduos S\u00f3lidos, estabelecendo um prazo de quatro anos para os munic\u00edpios providenciarem a destina\u00e7\u00e3o ambientalmente correta do [&hellip;]\" \/>\n<meta property=\"og:url\" content=\"https:\/\/jornalfatosenoticias.com.br\/index.php\/2020\/08\/04\/metade-das-cidades-brasileiras-ainda-despeja-lixo-a-ceu-aberto\/\" \/>\n<meta property=\"og:site_name\" content=\"Jornal Fatos e Not\u00edcias\" \/>\n<meta property=\"article:published_time\" content=\"2020-08-04T19:45:02+00:00\" \/>\n<meta property=\"article:modified_time\" content=\"2020-08-04T19:45:03+00:00\" \/>\n<meta property=\"og:image\" content=\"https:\/\/jornalfatosenoticias.com.br\/wp-content\/uploads\/2020\/08\/lixao-capa.jpg\" \/>\n\t<meta property=\"og:image:width\" content=\"1000\" \/>\n\t<meta property=\"og:image:height\" content=\"666\" \/>\n\t<meta property=\"og:image:type\" content=\"image\/jpeg\" \/>\n<meta name=\"author\" content=\"Luzimara Fernandes\" \/>\n<meta name=\"twitter:card\" content=\"summary_large_image\" \/>\n<meta name=\"twitter:label1\" content=\"Escrito por\" \/>\n\t<meta name=\"twitter:data1\" content=\"Luzimara Fernandes\" \/>\n\t<meta name=\"twitter:label2\" content=\"Est. tempo de leitura\" \/>\n\t<meta name=\"twitter:data2\" content=\"6 minutos\" \/>\n<script type=\"application\/ld+json\" class=\"yoast-schema-graph\">{\"@context\":\"https:\/\/schema.org\",\"@graph\":[{\"@type\":\"Article\",\"@id\":\"https:\/\/jornalfatosenoticias.com.br\/index.php\/2020\/08\/04\/metade-das-cidades-brasileiras-ainda-despeja-lixo-a-ceu-aberto\/#article\",\"isPartOf\":{\"@id\":\"https:\/\/jornalfatosenoticias.com.br\/index.php\/2020\/08\/04\/metade-das-cidades-brasileiras-ainda-despeja-lixo-a-ceu-aberto\/\"},\"author\":{\"name\":\"Luzimara Fernandes\",\"@id\":\"https:\/\/jornalfatosenoticias.com.br\/#\/schema\/person\/d63837fa13ac8666eb9e74e0985d6f81\"},\"headline\":\"Metade das cidades brasileiras ainda despeja lixo a c\u00e9u aberto\",\"datePublished\":\"2020-08-04T19:45:02+00:00\",\"dateModified\":\"2020-08-04T19:45:03+00:00\",\"mainEntityOfPage\":{\"@id\":\"https:\/\/jornalfatosenoticias.com.br\/index.php\/2020\/08\/04\/metade-das-cidades-brasileiras-ainda-despeja-lixo-a-ceu-aberto\/\"},\"wordCount\":1305,\"commentCount\":0,\"publisher\":{\"@id\":\"https:\/\/jornalfatosenoticias.com.br\/#organization\"},\"image\":{\"@id\":\"https:\/\/jornalfatosenoticias.com.br\/index.php\/2020\/08\/04\/metade-das-cidades-brasileiras-ainda-despeja-lixo-a-ceu-aberto\/#primaryimage\"},\"thumbnailUrl\":\"https:\/\/jornalfatosenoticias.com.br\/wp-content\/uploads\/2020\/08\/lixao-capa.jpg\",\"keywords\":[\"coleta de lixo\",\"despejo\",\"lix\u00f5es a c\u00e9u aberto\"],\"articleSection\":[\"Geral\"],\"inLanguage\":\"pt-BR\",\"potentialAction\":[{\"@type\":\"CommentAction\",\"name\":\"Comment\",\"target\":[\"https:\/\/jornalfatosenoticias.com.br\/index.php\/2020\/08\/04\/metade-das-cidades-brasileiras-ainda-despeja-lixo-a-ceu-aberto\/#respond\"]}]},{\"@type\":\"WebPage\",\"@id\":\"https:\/\/jornalfatosenoticias.com.br\/index.php\/2020\/08\/04\/metade-das-cidades-brasileiras-ainda-despeja-lixo-a-ceu-aberto\/\",\"url\":\"https:\/\/jornalfatosenoticias.com.br\/index.php\/2020\/08\/04\/metade-das-cidades-brasileiras-ainda-despeja-lixo-a-ceu-aberto\/\",\"name\":\"Metade das cidades brasileiras ainda despeja lixo a c\u00e9u aberto - Jornal Fatos e Not\u00edcias\",\"isPartOf\":{\"@id\":\"https:\/\/jornalfatosenoticias.com.br\/#website\"},\"primaryImageOfPage\":{\"@id\":\"https:\/\/jornalfatosenoticias.com.br\/index.php\/2020\/08\/04\/metade-das-cidades-brasileiras-ainda-despeja-lixo-a-ceu-aberto\/#primaryimage\"},\"image\":{\"@id\":\"https:\/\/jornalfatosenoticias.com.br\/index.php\/2020\/08\/04\/metade-das-cidades-brasileiras-ainda-despeja-lixo-a-ceu-aberto\/#primaryimage\"},\"thumbnailUrl\":\"https:\/\/jornalfatosenoticias.com.br\/wp-content\/uploads\/2020\/08\/lixao-capa.jpg\",\"datePublished\":\"2020-08-04T19:45:02+00:00\",\"dateModified\":\"2020-08-04T19:45:03+00:00\",\"breadcrumb\":{\"@id\":\"https:\/\/jornalfatosenoticias.com.br\/index.php\/2020\/08\/04\/metade-das-cidades-brasileiras-ainda-despeja-lixo-a-ceu-aberto\/#breadcrumb\"},\"inLanguage\":\"pt-BR\",\"potentialAction\":[{\"@type\":\"ReadAction\",\"target\":[\"https:\/\/jornalfatosenoticias.com.br\/index.php\/2020\/08\/04\/metade-das-cidades-brasileiras-ainda-despeja-lixo-a-ceu-aberto\/\"]}]},{\"@type\":\"ImageObject\",\"inLanguage\":\"pt-BR\",\"@id\":\"https:\/\/jornalfatosenoticias.com.br\/index.php\/2020\/08\/04\/metade-das-cidades-brasileiras-ainda-despeja-lixo-a-ceu-aberto\/#primaryimage\",\"url\":\"https:\/\/jornalfatosenoticias.com.br\/wp-content\/uploads\/2020\/08\/lixao-capa.jpg\",\"contentUrl\":\"https:\/\/jornalfatosenoticias.com.br\/wp-content\/uploads\/2020\/08\/lixao-capa.jpg\",\"width\":1000,\"height\":666},{\"@type\":\"BreadcrumbList\",\"@id\":\"https:\/\/jornalfatosenoticias.com.br\/index.php\/2020\/08\/04\/metade-das-cidades-brasileiras-ainda-despeja-lixo-a-ceu-aberto\/#breadcrumb\",\"itemListElement\":[{\"@type\":\"ListItem\",\"position\":1,\"name\":\"In\u00edcio\",\"item\":\"https:\/\/jornalfatosenoticias.com.br\/\"},{\"@type\":\"ListItem\",\"position\":2,\"name\":\"Metade das cidades brasileiras ainda despeja lixo a c\u00e9u aberto\"}]},{\"@type\":\"WebSite\",\"@id\":\"https:\/\/jornalfatosenoticias.com.br\/#website\",\"url\":\"https:\/\/jornalfatosenoticias.com.br\/\",\"name\":\"Jornal Fatos e Not\u00edcias\",\"description\":\"Not\u00edcias em geral\",\"publisher\":{\"@id\":\"https:\/\/jornalfatosenoticias.com.br\/#organization\"},\"potentialAction\":[{\"@type\":\"SearchAction\",\"target\":{\"@type\":\"EntryPoint\",\"urlTemplate\":\"https:\/\/jornalfatosenoticias.com.br\/?s={search_term_string}\"},\"query-input\":{\"@type\":\"PropertyValueSpecification\",\"valueRequired\":true,\"valueName\":\"search_term_string\"}}],\"inLanguage\":\"pt-BR\"},{\"@type\":\"Organization\",\"@id\":\"https:\/\/jornalfatosenoticias.com.br\/#organization\",\"name\":\"Jornal Fatos e Not\u00edcias\",\"url\":\"https:\/\/jornalfatosenoticias.com.br\/\",\"logo\":{\"@type\":\"ImageObject\",\"inLanguage\":\"pt-BR\",\"@id\":\"https:\/\/jornalfatosenoticias.com.br\/#\/schema\/logo\/image\/\",\"url\":\"https:\/\/jornalfatosenoticias.com.br\/wp-content\/uploads\/2020\/02\/logo120.png\",\"contentUrl\":\"https:\/\/jornalfatosenoticias.com.br\/wp-content\/uploads\/2020\/02\/logo120.png\",\"width\":1227,\"height\":120,\"caption\":\"Jornal Fatos e Not\u00edcias\"},\"image\":{\"@id\":\"https:\/\/jornalfatosenoticias.com.br\/#\/schema\/logo\/image\/\"}},{\"@type\":\"Person\",\"@id\":\"https:\/\/jornalfatosenoticias.com.br\/#\/schema\/person\/d63837fa13ac8666eb9e74e0985d6f81\",\"name\":\"Luzimara Fernandes\",\"image\":{\"@type\":\"ImageObject\",\"inLanguage\":\"pt-BR\",\"@id\":\"https:\/\/jornalfatosenoticias.com.br\/#\/schema\/person\/image\/\",\"url\":\"https:\/\/jornalfatosenoticias.com.br\/wp-content\/uploads\/2025\/05\/EU_portal.jpg\",\"contentUrl\":\"https:\/\/jornalfatosenoticias.com.br\/wp-content\/uploads\/2025\/05\/EU_portal.jpg\",\"caption\":\"Luzimara Fernandes\"},\"description\":\"Jornalista MTB 2358-ES\",\"sameAs\":[\"https:\/\/jornalfatosenoticias.com.br\"],\"url\":\"https:\/\/jornalfatosenoticias.com.br\/index.php\/author\/luzimara\/\"}]}<\/script>\n<!-- \/ Yoast SEO plugin. -->","yoast_head_json":{"title":"Metade das cidades brasileiras ainda despeja lixo a c\u00e9u aberto - Jornal Fatos e Not\u00edcias","robots":{"index":"index","follow":"follow","max-snippet":"max-snippet:-1","max-image-preview":"max-image-preview:large","max-video-preview":"max-video-preview:-1"},"canonical":"https:\/\/jornalfatosenoticias.com.br\/index.php\/2020\/08\/04\/metade-das-cidades-brasileiras-ainda-despeja-lixo-a-ceu-aberto\/","og_locale":"pt_BR","og_type":"article","og_title":"Metade das cidades brasileiras ainda despeja lixo a c\u00e9u aberto - Jornal Fatos e Not\u00edcias","og_description":"Dez anos ap\u00f3s a promulga\u00e7\u00e3o da Pol\u00edtica Nacional de Res\u00edduos S\u00f3lidos, Pa\u00eds ainda est\u00e1 longe de atingir as metas estabelecidas na lei H\u00e1 exatos dez anos, entrava em vigor em todo o territ\u00f3rio brasileiro a Pol\u00edtica Nacional de Res\u00edduos S\u00f3lidos, estabelecendo um prazo de quatro anos para os munic\u00edpios providenciarem a destina\u00e7\u00e3o ambientalmente correta do [&hellip;]","og_url":"https:\/\/jornalfatosenoticias.com.br\/index.php\/2020\/08\/04\/metade-das-cidades-brasileiras-ainda-despeja-lixo-a-ceu-aberto\/","og_site_name":"Jornal Fatos e Not\u00edcias","article_published_time":"2020-08-04T19:45:02+00:00","article_modified_time":"2020-08-04T19:45:03+00:00","og_image":[{"width":1000,"height":666,"url":"https:\/\/jornalfatosenoticias.com.br\/wp-content\/uploads\/2020\/08\/lixao-capa.jpg","type":"image\/jpeg"}],"author":"Luzimara Fernandes","twitter_card":"summary_large_image","twitter_misc":{"Escrito por":"Luzimara Fernandes","Est. tempo de leitura":"6 minutos"},"schema":{"@context":"https:\/\/schema.org","@graph":[{"@type":"Article","@id":"https:\/\/jornalfatosenoticias.com.br\/index.php\/2020\/08\/04\/metade-das-cidades-brasileiras-ainda-despeja-lixo-a-ceu-aberto\/#article","isPartOf":{"@id":"https:\/\/jornalfatosenoticias.com.br\/index.php\/2020\/08\/04\/metade-das-cidades-brasileiras-ainda-despeja-lixo-a-ceu-aberto\/"},"author":{"name":"Luzimara Fernandes","@id":"https:\/\/jornalfatosenoticias.com.br\/#\/schema\/person\/d63837fa13ac8666eb9e74e0985d6f81"},"headline":"Metade das cidades brasileiras ainda despeja lixo a c\u00e9u aberto","datePublished":"2020-08-04T19:45:02+00:00","dateModified":"2020-08-04T19:45:03+00:00","mainEntityOfPage":{"@id":"https:\/\/jornalfatosenoticias.com.br\/index.php\/2020\/08\/04\/metade-das-cidades-brasileiras-ainda-despeja-lixo-a-ceu-aberto\/"},"wordCount":1305,"commentCount":0,"publisher":{"@id":"https:\/\/jornalfatosenoticias.com.br\/#organization"},"image":{"@id":"https:\/\/jornalfatosenoticias.com.br\/index.php\/2020\/08\/04\/metade-das-cidades-brasileiras-ainda-despeja-lixo-a-ceu-aberto\/#primaryimage"},"thumbnailUrl":"https:\/\/jornalfatosenoticias.com.br\/wp-content\/uploads\/2020\/08\/lixao-capa.jpg","keywords":["coleta de lixo","despejo","lix\u00f5es a c\u00e9u aberto"],"articleSection":["Geral"],"inLanguage":"pt-BR","potentialAction":[{"@type":"CommentAction","name":"Comment","target":["https:\/\/jornalfatosenoticias.com.br\/index.php\/2020\/08\/04\/metade-das-cidades-brasileiras-ainda-despeja-lixo-a-ceu-aberto\/#respond"]}]},{"@type":"WebPage","@id":"https:\/\/jornalfatosenoticias.com.br\/index.php\/2020\/08\/04\/metade-das-cidades-brasileiras-ainda-despeja-lixo-a-ceu-aberto\/","url":"https:\/\/jornalfatosenoticias.com.br\/index.php\/2020\/08\/04\/metade-das-cidades-brasileiras-ainda-despeja-lixo-a-ceu-aberto\/","name":"Metade das cidades brasileiras ainda despeja lixo a c\u00e9u aberto - Jornal Fatos e Not\u00edcias","isPartOf":{"@id":"https:\/\/jornalfatosenoticias.com.br\/#website"},"primaryImageOfPage":{"@id":"https:\/\/jornalfatosenoticias.com.br\/index.php\/2020\/08\/04\/metade-das-cidades-brasileiras-ainda-despeja-lixo-a-ceu-aberto\/#primaryimage"},"image":{"@id":"https:\/\/jornalfatosenoticias.com.br\/index.php\/2020\/08\/04\/metade-das-cidades-brasileiras-ainda-despeja-lixo-a-ceu-aberto\/#primaryimage"},"thumbnailUrl":"https:\/\/jornalfatosenoticias.com.br\/wp-content\/uploads\/2020\/08\/lixao-capa.jpg","datePublished":"2020-08-04T19:45:02+00:00","dateModified":"2020-08-04T19:45:03+00:00","breadcrumb":{"@id":"https:\/\/jornalfatosenoticias.com.br\/index.php\/2020\/08\/04\/metade-das-cidades-brasileiras-ainda-despeja-lixo-a-ceu-aberto\/#breadcrumb"},"inLanguage":"pt-BR","potentialAction":[{"@type":"ReadAction","target":["https:\/\/jornalfatosenoticias.com.br\/index.php\/2020\/08\/04\/metade-das-cidades-brasileiras-ainda-despeja-lixo-a-ceu-aberto\/"]}]},{"@type":"ImageObject","inLanguage":"pt-BR","@id":"https:\/\/jornalfatosenoticias.com.br\/index.php\/2020\/08\/04\/metade-das-cidades-brasileiras-ainda-despeja-lixo-a-ceu-aberto\/#primaryimage","url":"https:\/\/jornalfatosenoticias.com.br\/wp-content\/uploads\/2020\/08\/lixao-capa.jpg","contentUrl":"https:\/\/jornalfatosenoticias.com.br\/wp-content\/uploads\/2020\/08\/lixao-capa.jpg","width":1000,"height":666},{"@type":"BreadcrumbList","@id":"https:\/\/jornalfatosenoticias.com.br\/index.php\/2020\/08\/04\/metade-das-cidades-brasileiras-ainda-despeja-lixo-a-ceu-aberto\/#breadcrumb","itemListElement":[{"@type":"ListItem","position":1,"name":"In\u00edcio","item":"https:\/\/jornalfatosenoticias.com.br\/"},{"@type":"ListItem","position":2,"name":"Metade das cidades brasileiras ainda despeja lixo a c\u00e9u aberto"}]},{"@type":"WebSite","@id":"https:\/\/jornalfatosenoticias.com.br\/#website","url":"https:\/\/jornalfatosenoticias.com.br\/","name":"Jornal Fatos e Not\u00edcias","description":"Not\u00edcias em geral","publisher":{"@id":"https:\/\/jornalfatosenoticias.com.br\/#organization"},"potentialAction":[{"@type":"SearchAction","target":{"@type":"EntryPoint","urlTemplate":"https:\/\/jornalfatosenoticias.com.br\/?s={search_term_string}"},"query-input":{"@type":"PropertyValueSpecification","valueRequired":true,"valueName":"search_term_string"}}],"inLanguage":"pt-BR"},{"@type":"Organization","@id":"https:\/\/jornalfatosenoticias.com.br\/#organization","name":"Jornal Fatos e Not\u00edcias","url":"https:\/\/jornalfatosenoticias.com.br\/","logo":{"@type":"ImageObject","inLanguage":"pt-BR","@id":"https:\/\/jornalfatosenoticias.com.br\/#\/schema\/logo\/image\/","url":"https:\/\/jornalfatosenoticias.com.br\/wp-content\/uploads\/2020\/02\/logo120.png","contentUrl":"https:\/\/jornalfatosenoticias.com.br\/wp-content\/uploads\/2020\/02\/logo120.png","width":1227,"height":120,"caption":"Jornal Fatos e Not\u00edcias"},"image":{"@id":"https:\/\/jornalfatosenoticias.com.br\/#\/schema\/logo\/image\/"}},{"@type":"Person","@id":"https:\/\/jornalfatosenoticias.com.br\/#\/schema\/person\/d63837fa13ac8666eb9e74e0985d6f81","name":"Luzimara Fernandes","image":{"@type":"ImageObject","inLanguage":"pt-BR","@id":"https:\/\/jornalfatosenoticias.com.br\/#\/schema\/person\/image\/","url":"https:\/\/jornalfatosenoticias.com.br\/wp-content\/uploads\/2025\/05\/EU_portal.jpg","contentUrl":"https:\/\/jornalfatosenoticias.com.br\/wp-content\/uploads\/2025\/05\/EU_portal.jpg","caption":"Luzimara Fernandes"},"description":"Jornalista MTB 2358-ES","sameAs":["https:\/\/jornalfatosenoticias.com.br"],"url":"https:\/\/jornalfatosenoticias.com.br\/index.php\/author\/luzimara\/"}]}},"cc_featured_image_caption":{"caption_text":"","source_text":"","source_url":""},"jetpack_featured_media_url":"https:\/\/jornalfatosenoticias.com.br\/wp-content\/uploads\/2020\/08\/lixao-capa.jpg","_links":{"self":[{"href":"https:\/\/jornalfatosenoticias.com.br\/index.php\/wp-json\/wp\/v2\/posts\/7253","targetHints":{"allow":["GET"]}}],"collection":[{"href":"https:\/\/jornalfatosenoticias.com.br\/index.php\/wp-json\/wp\/v2\/posts"}],"about":[{"href":"https:\/\/jornalfatosenoticias.com.br\/index.php\/wp-json\/wp\/v2\/types\/post"}],"author":[{"embeddable":true,"href":"https:\/\/jornalfatosenoticias.com.br\/index.php\/wp-json\/wp\/v2\/users\/2"}],"replies":[{"embeddable":true,"href":"https:\/\/jornalfatosenoticias.com.br\/index.php\/wp-json\/wp\/v2\/comments?post=7253"}],"version-history":[{"count":0,"href":"https:\/\/jornalfatosenoticias.com.br\/index.php\/wp-json\/wp\/v2\/posts\/7253\/revisions"}],"wp:featuredmedia":[{"embeddable":true,"href":"https:\/\/jornalfatosenoticias.com.br\/index.php\/wp-json\/wp\/v2\/media\/7260"}],"wp:attachment":[{"href":"https:\/\/jornalfatosenoticias.com.br\/index.php\/wp-json\/wp\/v2\/media?parent=7253"}],"wp:term":[{"taxonomy":"category","embeddable":true,"href":"https:\/\/jornalfatosenoticias.com.br\/index.php\/wp-json\/wp\/v2\/categories?post=7253"},{"taxonomy":"post_tag","embeddable":true,"href":"https:\/\/jornalfatosenoticias.com.br\/index.php\/wp-json\/wp\/v2\/tags?post=7253"}],"curies":[{"name":"wp","href":"https:\/\/api.w.org\/{rel}","templated":true}]}}