{"id":7278,"date":"2020-08-05T09:08:45","date_gmt":"2020-08-05T12:08:45","guid":{"rendered":"https:\/\/jornalfatosenoticias.com.br\/?p=7278"},"modified":"2020-08-05T09:08:47","modified_gmt":"2020-08-05T12:08:47","slug":"marte-era-coberto-por-gelo-e-nao-quente-e-umido-como-se-imaginava","status":"publish","type":"post","link":"https:\/\/jornalfatosenoticias.com.br\/index.php\/2020\/08\/05\/marte-era-coberto-por-gelo-e-nao-quente-e-umido-como-se-imaginava\/","title":{"rendered":"Marte era coberto por gelo \u2014 e n\u00e3o quente e \u00famido, como se imaginava"},"content":{"rendered":"\n<h6 class=\"wp-block-heading\"><em>Pesquisadores compararam os vales do planeta vermelho com os canais subglaciais da ilha de Devon, no Canad\u00e1, e descobriram semelhan\u00e7as impressionantes<\/em><\/h6>\n\n\n\n<p>Nos \u00faltimos 40 anos, pesquisadores e cientistas acreditavam que os vales de <a href=\"https:\/\/revistagalileu.globo.com\/Ciencia\/Espaco\/noticia\/2020\/07\/perseverance-como-sera-missao-que-buscara-sinais-de-vida-em-marte.html\">Marte<\/a> foram originados por rios que corriam pelo local, formando eros\u00f5es. No entanto, uma nova pesquisa da Universidade da Col\u00fambia Brit\u00e2nica, no Canad\u00e1, aponta que, ao contr\u00e1rio do que se pensava, o <a href=\"https:\/\/revistagalileu.globo.com\/Ciencia\/Espaco\/noticia\/plantao.html\">planeta<\/a> inicialmente era coberto por <a href=\"https:\/\/revistagalileu.globo.com\/Ciencia\/Meio-Ambiente\/noticia\/2020\/07\/populacoes-de-ursos-polares-podem-colapsar-ate-2100-aponta-pesquisa.html\">gelo<\/a>.<br>As conclus\u00f5es foram publicadas na segunda-feira (03), na revista cient\u00edfica <em><a href=\"https:\/\/www.eurekalert.org\/pub_releases\/2020-08\/uobc-emw072820.php\">Nature Geoscience<\/a><\/em>. &#8220;Apenas uma fra\u00e7\u00e3o das redes de vales corresponde a padr\u00f5es t\u00edpicos de eros\u00e3o das \u00e1guas superficiais, o que contrasta fortemente com a vis\u00e3o convencional&#8221;, explica, <a href=\"https:\/\/www.eurekalert.org\/pub_releases\/2020-08\/uobc-emw072820.php\">em nota<\/a>, Anna Grau Galofre, l\u00edder do estudo e estudante de PhD no Departamento de Ci\u00eancias da Terra, do Oceano e Atmosf\u00e9ricas.<br>Para realizar a pesquisa, a equipe examinou mais de 10 mil vales do <a href=\"https:\/\/revistagalileu.globo.com\/Ciencia\/noticia\/2017\/01\/tudo-o-que-voce-precisa-saber-sobre-marte.html\">planeta vermelho<\/a> usando algoritmos para comparar com os canais subglaciais da ilha de Devon, no \u00c1rtico Canadense. Foi assim que os cientistas descobriram semelhan\u00e7as impressionantes. <\/p>\n\n\n\n<blockquote class=\"wp-block-quote is-layout-flow wp-block-quote-is-layout-flow\"><p>&#8220;A ilha de Devon \u00e9 um dos melhores an\u00e1logos que temos para Marte aqui na <a href=\"https:\/\/revistagalileu.globo.com\/Ciencia\/Espaco\/noticia\/2019\/04\/tudo-o-que-voce-precisa-saber-sobre-terra.html\">Terra<\/a>: \u00e9 um deserto frio, seco e polar, e a glacia\u00e7\u00e3o \u00e9 basicamente baseada no frio&#8221;, diz o coautor Gordon Osinski, da Universidade Western, no Canad\u00e1.<\/p><\/blockquote>\n\n\n\n<p>Essa teoria tamb\u00e9m ajuda a explicar como os vales se formaram h\u00e1 3,8 bilh\u00f5es de anos atr\u00e1s em um planeta mais distante do <a href=\"https:\/\/revistagalileu.globo.com\/Ciencia\/Espaco\/noticia\/2020\/04\/fotos-ineditas-do-sol-revelam-fios-magneticos-na-superficie-da-estrela.html\">Sol<\/a> que a Terra, durante um per\u00edodo em que a estrela era menos intensa. Segundo ela, as redes de canais podem se formar sob camadas de gelo, como parte do sistema de drenagem que se forma naturalmente sob uma camada de gelo quando h\u00e1 \u00e1gua acumulada na base. Isso tamb\u00e9m suportaria melhores condi\u00e7\u00f5es de sobreviv\u00eancia para poss\u00edveis vidas antigas em Marte.<\/p>\n\n\n\n<h4 class=\"wp-block-heading\">Estudos terrestres<\/h4>\n\n\n\n<p>Mesmo que a pesquisa de Grau Galofre tenha sido focada em Marte, as ferramentas anal\u00edticas desenvolvidas pela cientista para este estudo podem ser aplicadas para descobrir mais sobre a hist\u00f3ria antiga de nosso pr\u00f3prio planeta. O coautor Mark Jellinek, professor da Universidade da Col\u00fambia Brit\u00e2nica, diz que pretende usar esses novos algoritmos para analisar e explorar os recursos de eros\u00e3o da hist\u00f3ria primitiva da Terra.<br>&#8220;Atualmente, podemos reconstruir rigorosamente a hist\u00f3ria da glacia\u00e7\u00e3o global na Terra que remonta cerca de um milh\u00e3o a cinco milh\u00f5es de anos&#8221;, diz Jellinek. &#8220;O trabalho de Anna nos permitir\u00e1 explorar o avan\u00e7o e a retirada das calotas de gelo h\u00e1 pelo menos 35 milh\u00f5es de anos&#8221;.<\/p>\n\n\n\n<p><strong><em>Fonte: <a href=\"https:\/\/revistagalileu.globo.com\/Ciencia\/Espaco\/noticia\/2020\/08\/marte-era-coberto-por-gelo-e-nao-quente-e-umido-como-se-imaginava.html\">Revista Galileu<\/a><\/em><\/strong><\/p>\n","protected":false},"excerpt":{"rendered":"<p>Pesquisadores compararam os vales do planeta vermelho com os canais subglaciais da ilha de Devon, no Canad\u00e1, e descobriram semelhan\u00e7as impressionantes Nos \u00faltimos 40 anos, pesquisadores e cientistas acreditavam que os vales de Marte foram originados por rios que corriam pelo local, formando eros\u00f5es. No entanto, uma nova pesquisa da Universidade da Col\u00fambia Brit\u00e2nica, no [&hellip;]<\/p>\n","protected":false},"author":2,"featured_media":7279,"comment_status":"open","ping_status":"open","sticky":false,"template":"","format":"standard","meta":{"footnotes":""},"categories":[2],"tags":[2877,810,4141,434,1233,4142,466,94],"class_list":["post-7278","post","type-post","status-publish","format-standard","has-post-thumbnail","hentry","category-ciencia","tag-frio","tag-gelo","tag-glacial","tag-marte","tag-planeta-vermelho","tag-polar","tag-sol","tag-terra"],"yoast_head":"<!-- This site is optimized with the Yoast SEO plugin v26.5 - https:\/\/yoast.com\/wordpress\/plugins\/seo\/ -->\n<title>Marte era coberto por gelo \u2014 e n\u00e3o quente e \u00famido, como se imaginava - Jornal Fatos e Not\u00edcias<\/title>\n<meta name=\"robots\" content=\"index, follow, max-snippet:-1, max-image-preview:large, max-video-preview:-1\" \/>\n<link rel=\"canonical\" href=\"https:\/\/jornalfatosenoticias.com.br\/index.php\/2020\/08\/05\/marte-era-coberto-por-gelo-e-nao-quente-e-umido-como-se-imaginava\/\" \/>\n<meta property=\"og:locale\" content=\"pt_BR\" \/>\n<meta property=\"og:type\" content=\"article\" \/>\n<meta property=\"og:title\" content=\"Marte era coberto por gelo \u2014 e n\u00e3o quente e \u00famido, como se imaginava - Jornal Fatos e Not\u00edcias\" \/>\n<meta property=\"og:description\" content=\"Pesquisadores compararam os vales do planeta vermelho com os canais subglaciais da ilha de Devon, no Canad\u00e1, e descobriram semelhan\u00e7as impressionantes Nos \u00faltimos 40 anos, pesquisadores e cientistas acreditavam que os vales de Marte foram originados por rios que corriam pelo local, formando eros\u00f5es. No entanto, uma nova pesquisa da Universidade da Col\u00fambia Brit\u00e2nica, no [&hellip;]\" \/>\n<meta property=\"og:url\" content=\"https:\/\/jornalfatosenoticias.com.br\/index.php\/2020\/08\/05\/marte-era-coberto-por-gelo-e-nao-quente-e-umido-como-se-imaginava\/\" \/>\n<meta property=\"og:site_name\" content=\"Jornal Fatos e Not\u00edcias\" \/>\n<meta property=\"article:published_time\" content=\"2020-08-05T12:08:45+00:00\" \/>\n<meta property=\"article:modified_time\" content=\"2020-08-05T12:08:47+00:00\" \/>\n<meta property=\"og:image\" content=\"https:\/\/jornalfatosenoticias.com.br\/wp-content\/uploads\/2020\/08\/marte.jpg\" \/>\n\t<meta property=\"og:image:width\" content=\"1000\" \/>\n\t<meta property=\"og:image:height\" content=\"562\" \/>\n\t<meta property=\"og:image:type\" content=\"image\/jpeg\" \/>\n<meta name=\"author\" content=\"Luzimara Fernandes\" \/>\n<meta name=\"twitter:card\" content=\"summary_large_image\" \/>\n<meta name=\"twitter:label1\" content=\"Escrito por\" \/>\n\t<meta name=\"twitter:data1\" content=\"Luzimara Fernandes\" \/>\n\t<meta name=\"twitter:label2\" content=\"Est. tempo de leitura\" \/>\n\t<meta name=\"twitter:data2\" content=\"2 minutos\" \/>\n<script type=\"application\/ld+json\" class=\"yoast-schema-graph\">{\"@context\":\"https:\/\/schema.org\",\"@graph\":[{\"@type\":\"Article\",\"@id\":\"https:\/\/jornalfatosenoticias.com.br\/index.php\/2020\/08\/05\/marte-era-coberto-por-gelo-e-nao-quente-e-umido-como-se-imaginava\/#article\",\"isPartOf\":{\"@id\":\"https:\/\/jornalfatosenoticias.com.br\/index.php\/2020\/08\/05\/marte-era-coberto-por-gelo-e-nao-quente-e-umido-como-se-imaginava\/\"},\"author\":{\"name\":\"Luzimara Fernandes\",\"@id\":\"https:\/\/jornalfatosenoticias.com.br\/#\/schema\/person\/d63837fa13ac8666eb9e74e0985d6f81\"},\"headline\":\"Marte era coberto por gelo \u2014 e n\u00e3o quente e \u00famido, como se imaginava\",\"datePublished\":\"2020-08-05T12:08:45+00:00\",\"dateModified\":\"2020-08-05T12:08:47+00:00\",\"mainEntityOfPage\":{\"@id\":\"https:\/\/jornalfatosenoticias.com.br\/index.php\/2020\/08\/05\/marte-era-coberto-por-gelo-e-nao-quente-e-umido-como-se-imaginava\/\"},\"wordCount\":455,\"commentCount\":0,\"publisher\":{\"@id\":\"https:\/\/jornalfatosenoticias.com.br\/#organization\"},\"image\":{\"@id\":\"https:\/\/jornalfatosenoticias.com.br\/index.php\/2020\/08\/05\/marte-era-coberto-por-gelo-e-nao-quente-e-umido-como-se-imaginava\/#primaryimage\"},\"thumbnailUrl\":\"https:\/\/jornalfatosenoticias.com.br\/wp-content\/uploads\/2020\/08\/marte.jpg\",\"keywords\":[\"frio\",\"gelo\",\"glacial\",\"Marte\",\"Planeta Vermelho\",\"polar\",\"Sol\",\"Terra\"],\"articleSection\":[\"Ci\u00eancia\"],\"inLanguage\":\"pt-BR\",\"potentialAction\":[{\"@type\":\"CommentAction\",\"name\":\"Comment\",\"target\":[\"https:\/\/jornalfatosenoticias.com.br\/index.php\/2020\/08\/05\/marte-era-coberto-por-gelo-e-nao-quente-e-umido-como-se-imaginava\/#respond\"]}]},{\"@type\":\"WebPage\",\"@id\":\"https:\/\/jornalfatosenoticias.com.br\/index.php\/2020\/08\/05\/marte-era-coberto-por-gelo-e-nao-quente-e-umido-como-se-imaginava\/\",\"url\":\"https:\/\/jornalfatosenoticias.com.br\/index.php\/2020\/08\/05\/marte-era-coberto-por-gelo-e-nao-quente-e-umido-como-se-imaginava\/\",\"name\":\"Marte era coberto por gelo \u2014 e n\u00e3o quente e \u00famido, como se imaginava - Jornal Fatos e Not\u00edcias\",\"isPartOf\":{\"@id\":\"https:\/\/jornalfatosenoticias.com.br\/#website\"},\"primaryImageOfPage\":{\"@id\":\"https:\/\/jornalfatosenoticias.com.br\/index.php\/2020\/08\/05\/marte-era-coberto-por-gelo-e-nao-quente-e-umido-como-se-imaginava\/#primaryimage\"},\"image\":{\"@id\":\"https:\/\/jornalfatosenoticias.com.br\/index.php\/2020\/08\/05\/marte-era-coberto-por-gelo-e-nao-quente-e-umido-como-se-imaginava\/#primaryimage\"},\"thumbnailUrl\":\"https:\/\/jornalfatosenoticias.com.br\/wp-content\/uploads\/2020\/08\/marte.jpg\",\"datePublished\":\"2020-08-05T12:08:45+00:00\",\"dateModified\":\"2020-08-05T12:08:47+00:00\",\"breadcrumb\":{\"@id\":\"https:\/\/jornalfatosenoticias.com.br\/index.php\/2020\/08\/05\/marte-era-coberto-por-gelo-e-nao-quente-e-umido-como-se-imaginava\/#breadcrumb\"},\"inLanguage\":\"pt-BR\",\"potentialAction\":[{\"@type\":\"ReadAction\",\"target\":[\"https:\/\/jornalfatosenoticias.com.br\/index.php\/2020\/08\/05\/marte-era-coberto-por-gelo-e-nao-quente-e-umido-como-se-imaginava\/\"]}]},{\"@type\":\"ImageObject\",\"inLanguage\":\"pt-BR\",\"@id\":\"https:\/\/jornalfatosenoticias.com.br\/index.php\/2020\/08\/05\/marte-era-coberto-por-gelo-e-nao-quente-e-umido-como-se-imaginava\/#primaryimage\",\"url\":\"https:\/\/jornalfatosenoticias.com.br\/wp-content\/uploads\/2020\/08\/marte.jpg\",\"contentUrl\":\"https:\/\/jornalfatosenoticias.com.br\/wp-content\/uploads\/2020\/08\/marte.jpg\",\"width\":1000,\"height\":562},{\"@type\":\"BreadcrumbList\",\"@id\":\"https:\/\/jornalfatosenoticias.com.br\/index.php\/2020\/08\/05\/marte-era-coberto-por-gelo-e-nao-quente-e-umido-como-se-imaginava\/#breadcrumb\",\"itemListElement\":[{\"@type\":\"ListItem\",\"position\":1,\"name\":\"In\u00edcio\",\"item\":\"https:\/\/jornalfatosenoticias.com.br\/\"},{\"@type\":\"ListItem\",\"position\":2,\"name\":\"Marte era coberto por gelo \u2014 e n\u00e3o quente e \u00famido, como se imaginava\"}]},{\"@type\":\"WebSite\",\"@id\":\"https:\/\/jornalfatosenoticias.com.br\/#website\",\"url\":\"https:\/\/jornalfatosenoticias.com.br\/\",\"name\":\"Jornal Fatos e Not\u00edcias\",\"description\":\"Not\u00edcias em geral\",\"publisher\":{\"@id\":\"https:\/\/jornalfatosenoticias.com.br\/#organization\"},\"potentialAction\":[{\"@type\":\"SearchAction\",\"target\":{\"@type\":\"EntryPoint\",\"urlTemplate\":\"https:\/\/jornalfatosenoticias.com.br\/?s={search_term_string}\"},\"query-input\":{\"@type\":\"PropertyValueSpecification\",\"valueRequired\":true,\"valueName\":\"search_term_string\"}}],\"inLanguage\":\"pt-BR\"},{\"@type\":\"Organization\",\"@id\":\"https:\/\/jornalfatosenoticias.com.br\/#organization\",\"name\":\"Jornal Fatos e Not\u00edcias\",\"url\":\"https:\/\/jornalfatosenoticias.com.br\/\",\"logo\":{\"@type\":\"ImageObject\",\"inLanguage\":\"pt-BR\",\"@id\":\"https:\/\/jornalfatosenoticias.com.br\/#\/schema\/logo\/image\/\",\"url\":\"https:\/\/jornalfatosenoticias.com.br\/wp-content\/uploads\/2020\/02\/logo120.png\",\"contentUrl\":\"https:\/\/jornalfatosenoticias.com.br\/wp-content\/uploads\/2020\/02\/logo120.png\",\"width\":1227,\"height\":120,\"caption\":\"Jornal Fatos e Not\u00edcias\"},\"image\":{\"@id\":\"https:\/\/jornalfatosenoticias.com.br\/#\/schema\/logo\/image\/\"}},{\"@type\":\"Person\",\"@id\":\"https:\/\/jornalfatosenoticias.com.br\/#\/schema\/person\/d63837fa13ac8666eb9e74e0985d6f81\",\"name\":\"Luzimara Fernandes\",\"image\":{\"@type\":\"ImageObject\",\"inLanguage\":\"pt-BR\",\"@id\":\"https:\/\/jornalfatosenoticias.com.br\/#\/schema\/person\/image\/\",\"url\":\"https:\/\/jornalfatosenoticias.com.br\/wp-content\/uploads\/2025\/05\/EU_portal.jpg\",\"contentUrl\":\"https:\/\/jornalfatosenoticias.com.br\/wp-content\/uploads\/2025\/05\/EU_portal.jpg\",\"caption\":\"Luzimara Fernandes\"},\"description\":\"Jornalista MTB 2358-ES\",\"sameAs\":[\"https:\/\/jornalfatosenoticias.com.br\"],\"url\":\"https:\/\/jornalfatosenoticias.com.br\/index.php\/author\/luzimara\/\"}]}<\/script>\n<!-- \/ Yoast SEO plugin. -->","yoast_head_json":{"title":"Marte era coberto por gelo \u2014 e n\u00e3o quente e \u00famido, como se imaginava - Jornal Fatos e Not\u00edcias","robots":{"index":"index","follow":"follow","max-snippet":"max-snippet:-1","max-image-preview":"max-image-preview:large","max-video-preview":"max-video-preview:-1"},"canonical":"https:\/\/jornalfatosenoticias.com.br\/index.php\/2020\/08\/05\/marte-era-coberto-por-gelo-e-nao-quente-e-umido-como-se-imaginava\/","og_locale":"pt_BR","og_type":"article","og_title":"Marte era coberto por gelo \u2014 e n\u00e3o quente e \u00famido, como se imaginava - Jornal Fatos e Not\u00edcias","og_description":"Pesquisadores compararam os vales do planeta vermelho com os canais subglaciais da ilha de Devon, no Canad\u00e1, e descobriram semelhan\u00e7as impressionantes Nos \u00faltimos 40 anos, pesquisadores e cientistas acreditavam que os vales de Marte foram originados por rios que corriam pelo local, formando eros\u00f5es. No entanto, uma nova pesquisa da Universidade da Col\u00fambia Brit\u00e2nica, no [&hellip;]","og_url":"https:\/\/jornalfatosenoticias.com.br\/index.php\/2020\/08\/05\/marte-era-coberto-por-gelo-e-nao-quente-e-umido-como-se-imaginava\/","og_site_name":"Jornal Fatos e Not\u00edcias","article_published_time":"2020-08-05T12:08:45+00:00","article_modified_time":"2020-08-05T12:08:47+00:00","og_image":[{"width":1000,"height":562,"url":"https:\/\/jornalfatosenoticias.com.br\/wp-content\/uploads\/2020\/08\/marte.jpg","type":"image\/jpeg"}],"author":"Luzimara Fernandes","twitter_card":"summary_large_image","twitter_misc":{"Escrito por":"Luzimara Fernandes","Est. tempo de leitura":"2 minutos"},"schema":{"@context":"https:\/\/schema.org","@graph":[{"@type":"Article","@id":"https:\/\/jornalfatosenoticias.com.br\/index.php\/2020\/08\/05\/marte-era-coberto-por-gelo-e-nao-quente-e-umido-como-se-imaginava\/#article","isPartOf":{"@id":"https:\/\/jornalfatosenoticias.com.br\/index.php\/2020\/08\/05\/marte-era-coberto-por-gelo-e-nao-quente-e-umido-como-se-imaginava\/"},"author":{"name":"Luzimara Fernandes","@id":"https:\/\/jornalfatosenoticias.com.br\/#\/schema\/person\/d63837fa13ac8666eb9e74e0985d6f81"},"headline":"Marte era coberto por gelo \u2014 e n\u00e3o quente e \u00famido, como se imaginava","datePublished":"2020-08-05T12:08:45+00:00","dateModified":"2020-08-05T12:08:47+00:00","mainEntityOfPage":{"@id":"https:\/\/jornalfatosenoticias.com.br\/index.php\/2020\/08\/05\/marte-era-coberto-por-gelo-e-nao-quente-e-umido-como-se-imaginava\/"},"wordCount":455,"commentCount":0,"publisher":{"@id":"https:\/\/jornalfatosenoticias.com.br\/#organization"},"image":{"@id":"https:\/\/jornalfatosenoticias.com.br\/index.php\/2020\/08\/05\/marte-era-coberto-por-gelo-e-nao-quente-e-umido-como-se-imaginava\/#primaryimage"},"thumbnailUrl":"https:\/\/jornalfatosenoticias.com.br\/wp-content\/uploads\/2020\/08\/marte.jpg","keywords":["frio","gelo","glacial","Marte","Planeta Vermelho","polar","Sol","Terra"],"articleSection":["Ci\u00eancia"],"inLanguage":"pt-BR","potentialAction":[{"@type":"CommentAction","name":"Comment","target":["https:\/\/jornalfatosenoticias.com.br\/index.php\/2020\/08\/05\/marte-era-coberto-por-gelo-e-nao-quente-e-umido-como-se-imaginava\/#respond"]}]},{"@type":"WebPage","@id":"https:\/\/jornalfatosenoticias.com.br\/index.php\/2020\/08\/05\/marte-era-coberto-por-gelo-e-nao-quente-e-umido-como-se-imaginava\/","url":"https:\/\/jornalfatosenoticias.com.br\/index.php\/2020\/08\/05\/marte-era-coberto-por-gelo-e-nao-quente-e-umido-como-se-imaginava\/","name":"Marte era coberto por gelo \u2014 e n\u00e3o quente e \u00famido, como se imaginava - Jornal Fatos e Not\u00edcias","isPartOf":{"@id":"https:\/\/jornalfatosenoticias.com.br\/#website"},"primaryImageOfPage":{"@id":"https:\/\/jornalfatosenoticias.com.br\/index.php\/2020\/08\/05\/marte-era-coberto-por-gelo-e-nao-quente-e-umido-como-se-imaginava\/#primaryimage"},"image":{"@id":"https:\/\/jornalfatosenoticias.com.br\/index.php\/2020\/08\/05\/marte-era-coberto-por-gelo-e-nao-quente-e-umido-como-se-imaginava\/#primaryimage"},"thumbnailUrl":"https:\/\/jornalfatosenoticias.com.br\/wp-content\/uploads\/2020\/08\/marte.jpg","datePublished":"2020-08-05T12:08:45+00:00","dateModified":"2020-08-05T12:08:47+00:00","breadcrumb":{"@id":"https:\/\/jornalfatosenoticias.com.br\/index.php\/2020\/08\/05\/marte-era-coberto-por-gelo-e-nao-quente-e-umido-como-se-imaginava\/#breadcrumb"},"inLanguage":"pt-BR","potentialAction":[{"@type":"ReadAction","target":["https:\/\/jornalfatosenoticias.com.br\/index.php\/2020\/08\/05\/marte-era-coberto-por-gelo-e-nao-quente-e-umido-como-se-imaginava\/"]}]},{"@type":"ImageObject","inLanguage":"pt-BR","@id":"https:\/\/jornalfatosenoticias.com.br\/index.php\/2020\/08\/05\/marte-era-coberto-por-gelo-e-nao-quente-e-umido-como-se-imaginava\/#primaryimage","url":"https:\/\/jornalfatosenoticias.com.br\/wp-content\/uploads\/2020\/08\/marte.jpg","contentUrl":"https:\/\/jornalfatosenoticias.com.br\/wp-content\/uploads\/2020\/08\/marte.jpg","width":1000,"height":562},{"@type":"BreadcrumbList","@id":"https:\/\/jornalfatosenoticias.com.br\/index.php\/2020\/08\/05\/marte-era-coberto-por-gelo-e-nao-quente-e-umido-como-se-imaginava\/#breadcrumb","itemListElement":[{"@type":"ListItem","position":1,"name":"In\u00edcio","item":"https:\/\/jornalfatosenoticias.com.br\/"},{"@type":"ListItem","position":2,"name":"Marte era coberto por gelo \u2014 e n\u00e3o quente e \u00famido, como se imaginava"}]},{"@type":"WebSite","@id":"https:\/\/jornalfatosenoticias.com.br\/#website","url":"https:\/\/jornalfatosenoticias.com.br\/","name":"Jornal Fatos e Not\u00edcias","description":"Not\u00edcias em geral","publisher":{"@id":"https:\/\/jornalfatosenoticias.com.br\/#organization"},"potentialAction":[{"@type":"SearchAction","target":{"@type":"EntryPoint","urlTemplate":"https:\/\/jornalfatosenoticias.com.br\/?s={search_term_string}"},"query-input":{"@type":"PropertyValueSpecification","valueRequired":true,"valueName":"search_term_string"}}],"inLanguage":"pt-BR"},{"@type":"Organization","@id":"https:\/\/jornalfatosenoticias.com.br\/#organization","name":"Jornal Fatos e Not\u00edcias","url":"https:\/\/jornalfatosenoticias.com.br\/","logo":{"@type":"ImageObject","inLanguage":"pt-BR","@id":"https:\/\/jornalfatosenoticias.com.br\/#\/schema\/logo\/image\/","url":"https:\/\/jornalfatosenoticias.com.br\/wp-content\/uploads\/2020\/02\/logo120.png","contentUrl":"https:\/\/jornalfatosenoticias.com.br\/wp-content\/uploads\/2020\/02\/logo120.png","width":1227,"height":120,"caption":"Jornal Fatos e Not\u00edcias"},"image":{"@id":"https:\/\/jornalfatosenoticias.com.br\/#\/schema\/logo\/image\/"}},{"@type":"Person","@id":"https:\/\/jornalfatosenoticias.com.br\/#\/schema\/person\/d63837fa13ac8666eb9e74e0985d6f81","name":"Luzimara Fernandes","image":{"@type":"ImageObject","inLanguage":"pt-BR","@id":"https:\/\/jornalfatosenoticias.com.br\/#\/schema\/person\/image\/","url":"https:\/\/jornalfatosenoticias.com.br\/wp-content\/uploads\/2025\/05\/EU_portal.jpg","contentUrl":"https:\/\/jornalfatosenoticias.com.br\/wp-content\/uploads\/2025\/05\/EU_portal.jpg","caption":"Luzimara Fernandes"},"description":"Jornalista MTB 2358-ES","sameAs":["https:\/\/jornalfatosenoticias.com.br"],"url":"https:\/\/jornalfatosenoticias.com.br\/index.php\/author\/luzimara\/"}]}},"cc_featured_image_caption":{"caption_text":"Vales de Marte (Foto: Pixabay)","source_text":"","source_url":""},"jetpack_featured_media_url":"https:\/\/jornalfatosenoticias.com.br\/wp-content\/uploads\/2020\/08\/marte.jpg","_links":{"self":[{"href":"https:\/\/jornalfatosenoticias.com.br\/index.php\/wp-json\/wp\/v2\/posts\/7278","targetHints":{"allow":["GET"]}}],"collection":[{"href":"https:\/\/jornalfatosenoticias.com.br\/index.php\/wp-json\/wp\/v2\/posts"}],"about":[{"href":"https:\/\/jornalfatosenoticias.com.br\/index.php\/wp-json\/wp\/v2\/types\/post"}],"author":[{"embeddable":true,"href":"https:\/\/jornalfatosenoticias.com.br\/index.php\/wp-json\/wp\/v2\/users\/2"}],"replies":[{"embeddable":true,"href":"https:\/\/jornalfatosenoticias.com.br\/index.php\/wp-json\/wp\/v2\/comments?post=7278"}],"version-history":[{"count":0,"href":"https:\/\/jornalfatosenoticias.com.br\/index.php\/wp-json\/wp\/v2\/posts\/7278\/revisions"}],"wp:featuredmedia":[{"embeddable":true,"href":"https:\/\/jornalfatosenoticias.com.br\/index.php\/wp-json\/wp\/v2\/media\/7279"}],"wp:attachment":[{"href":"https:\/\/jornalfatosenoticias.com.br\/index.php\/wp-json\/wp\/v2\/media?parent=7278"}],"wp:term":[{"taxonomy":"category","embeddable":true,"href":"https:\/\/jornalfatosenoticias.com.br\/index.php\/wp-json\/wp\/v2\/categories?post=7278"},{"taxonomy":"post_tag","embeddable":true,"href":"https:\/\/jornalfatosenoticias.com.br\/index.php\/wp-json\/wp\/v2\/tags?post=7278"}],"curies":[{"name":"wp","href":"https:\/\/api.w.org\/{rel}","templated":true}]}}