{"id":7295,"date":"2020-08-05T09:53:02","date_gmt":"2020-08-05T12:53:02","guid":{"rendered":"https:\/\/jornalfatosenoticias.com.br\/?p=7295"},"modified":"2020-08-05T09:53:05","modified_gmt":"2020-08-05T12:53:05","slug":"anatel-reclamacoes-nas-telecomunicacoes-aumentaram-66-em-2020","status":"publish","type":"post","link":"https:\/\/jornalfatosenoticias.com.br\/index.php\/2020\/08\/05\/anatel-reclamacoes-nas-telecomunicacoes-aumentaram-66-em-2020\/","title":{"rendered":"Anatel: reclama\u00e7\u00f5es nas telecomunica\u00e7\u00f5es aumentaram 6,6% em 2020"},"content":{"rendered":"\n<h6 class=\"wp-block-heading\"><em>N\u00famero de queixas no primeiro semestre chega a 1,52 milh\u00e3o<\/em><\/h6>\n\n\n\n<p>As reclama\u00e7\u00f5es da Ag\u00eancia Nacional de Telecomunica\u00e7\u00f5es (Anatel) no primeiro semestre de 2020 aumentaram 6,6% em compara\u00e7\u00e3o com o segundo semestre de 2019, embora tenha havido uma queda em rela\u00e7\u00e3o ao mesmo per\u00edodo do ano passado. Foram registradas 1,52 milh\u00e3o de queixas contra as prestadoras neste ano.<br>Segundo a Anatel, o aumento de reclama\u00e7\u00f5es em rela\u00e7\u00e3o ao \u00faltimo semestre \u00e9 consequ\u00eancia, principalmente, do aumento de queixas de consumidores de banda larga fixa. A principal reclama\u00e7\u00e3o \u00e9 em rela\u00e7\u00e3o \u00e0 qualidade. Nesta categoria, foram registradas, ao todo, cerca de 394 mil reclama\u00e7\u00f5es sobre o servi\u00e7o no primeiro semestre de 2020, o que representa um aumento de 40% em rela\u00e7\u00e3o ao segundo semestre do ano passado.<br>Na banda larga fixa, a Claro foi quem recebeu mais cr\u00edticas (131.909), seguida da Vivo (90.209), da Oi (72.003) e da TIM (38.831). Outras operadoras, como pequenas empresas de atua\u00e7\u00e3o regional, foram respons\u00e1veis por (60.941) contesta\u00e7\u00f5es.<br>O servi\u00e7o de telefonia celular pr\u00e9-paga teve cerca de 228 mil reclama\u00e7\u00f5es, o que representa um aumento de 20% em rela\u00e7\u00e3o ao segundo semestre de 2019. Os principais motivos, segundo a Anatel, s\u00e3o bloqueio ou suspens\u00e3o indevidas do servi\u00e7o e cancelamento indevido. A TIM foi a operadora com mais cr\u00edticas neste segmento (100.032), seguida por Claro (47.066), Vivo (43.738) e Oi (33.650).<\/p>\n\n\n\n<h4 class=\"wp-block-heading\">Queda<\/h4>\n\n\n\n<p>Nos demais servi\u00e7os houve queda de reclama\u00e7\u00f5es em rela\u00e7\u00e3o ao semestre anterior. A telefonia m\u00f3vel p\u00f3s-paga foi o servi\u00e7o que registrou o maior n\u00famero de reclama\u00e7\u00f5es em n\u00fameros gerais, com 497 mil queixas, mas houve queda de 2,6% em compara\u00e7\u00e3o com o segundo semestre de 2019.<br>Neste servi\u00e7o, a TIM foi a mais questionada, com 147.218 reclama\u00e7\u00f5es. A Claro se aproximou deste patamar, com 138.180. No ranking constam ainda Vivo (118.952) e Oi (68.056).<br>A telefonia fixa teve 241 mil reclama\u00e7\u00f5es no primeiro semestre de 2020, uma queda de 9% em compara\u00e7\u00e3o ao semestre anterior. A Oi apareceu no topo do ranking (106.483), seguida por Vivo (80.923), Claro (41.206) e TIM (8.930).<br>Na TV por assinatura, foram registradas 154 mil notifica\u00e7\u00f5es, uma queda de 10%. A Claro teve 73.833 queixas. Em segundo lugar ficou a Sky (51.884), em terceiro a Vivo (13.147) e em quarto lugar ficou a Oi (14.005).<\/p>\n\n\n\n<p><strong><em>Fonte: <a href=\"https:\/\/agenciabrasil.ebc.com.br\/geral\/noticia\/2020-08\/anatel-reclamacoes-nas-telecomunicacoes-aumentou-66-em-2020\">Ag\u00eancia Brasil<\/a><\/em><\/strong><\/p>\n","protected":false},"excerpt":{"rendered":"<p>N\u00famero de queixas no primeiro semestre chega a 1,52 milh\u00e3o As reclama\u00e7\u00f5es da Ag\u00eancia Nacional de Telecomunica\u00e7\u00f5es (Anatel) no primeiro semestre de 2020 aumentaram 6,6% em compara\u00e7\u00e3o com o segundo semestre de 2019, embora tenha havido uma queda em rela\u00e7\u00e3o ao mesmo per\u00edodo do ano passado. Foram registradas 1,52 milh\u00e3o de queixas contra as prestadoras [&hellip;]<\/p>\n","protected":false},"author":2,"featured_media":7296,"comment_status":"open","ping_status":"open","sticky":false,"template":"","format":"standard","meta":{"footnotes":""},"categories":[5],"tags":[1158,4151,4152,1159],"class_list":["post-7295","post","type-post","status-publish","format-standard","has-post-thumbnail","hentry","category-geral","tag-anatel","tag-operadoras","tag-reclamacoes","tag-telecomunicacoes"],"yoast_head":"<!-- This site is optimized with the Yoast SEO plugin v26.5 - https:\/\/yoast.com\/wordpress\/plugins\/seo\/ -->\n<title>Anatel: reclama\u00e7\u00f5es nas telecomunica\u00e7\u00f5es aumentaram 6,6% em 2020 - Jornal Fatos e Not\u00edcias<\/title>\n<meta name=\"robots\" content=\"index, follow, max-snippet:-1, max-image-preview:large, max-video-preview:-1\" \/>\n<link rel=\"canonical\" href=\"https:\/\/jornalfatosenoticias.com.br\/index.php\/2020\/08\/05\/anatel-reclamacoes-nas-telecomunicacoes-aumentaram-66-em-2020\/\" \/>\n<meta property=\"og:locale\" content=\"pt_BR\" \/>\n<meta property=\"og:type\" content=\"article\" \/>\n<meta property=\"og:title\" content=\"Anatel: reclama\u00e7\u00f5es nas telecomunica\u00e7\u00f5es aumentaram 6,6% em 2020 - Jornal Fatos e Not\u00edcias\" \/>\n<meta property=\"og:description\" content=\"N\u00famero de queixas no primeiro semestre chega a 1,52 milh\u00e3o As reclama\u00e7\u00f5es da Ag\u00eancia Nacional de Telecomunica\u00e7\u00f5es (Anatel) no primeiro semestre de 2020 aumentaram 6,6% em compara\u00e7\u00e3o com o segundo semestre de 2019, embora tenha havido uma queda em rela\u00e7\u00e3o ao mesmo per\u00edodo do ano passado. Foram registradas 1,52 milh\u00e3o de queixas contra as prestadoras [&hellip;]\" \/>\n<meta property=\"og:url\" content=\"https:\/\/jornalfatosenoticias.com.br\/index.php\/2020\/08\/05\/anatel-reclamacoes-nas-telecomunicacoes-aumentaram-66-em-2020\/\" \/>\n<meta property=\"og:site_name\" content=\"Jornal Fatos e Not\u00edcias\" \/>\n<meta property=\"article:published_time\" content=\"2020-08-05T12:53:02+00:00\" \/>\n<meta property=\"article:modified_time\" content=\"2020-08-05T12:53:05+00:00\" \/>\n<meta property=\"og:image\" content=\"https:\/\/jornalfatosenoticias.com.br\/wp-content\/uploads\/2020\/08\/anatel.jpg\" \/>\n\t<meta property=\"og:image:width\" content=\"1000\" \/>\n\t<meta property=\"og:image:height\" content=\"598\" \/>\n\t<meta property=\"og:image:type\" content=\"image\/jpeg\" \/>\n<meta name=\"author\" content=\"Luzimara Fernandes\" \/>\n<meta name=\"twitter:card\" content=\"summary_large_image\" \/>\n<meta name=\"twitter:label1\" content=\"Escrito por\" \/>\n\t<meta name=\"twitter:data1\" content=\"Luzimara Fernandes\" \/>\n\t<meta name=\"twitter:label2\" content=\"Est. tempo de leitura\" \/>\n\t<meta name=\"twitter:data2\" content=\"2 minutos\" \/>\n<script type=\"application\/ld+json\" class=\"yoast-schema-graph\">{\"@context\":\"https:\/\/schema.org\",\"@graph\":[{\"@type\":\"Article\",\"@id\":\"https:\/\/jornalfatosenoticias.com.br\/index.php\/2020\/08\/05\/anatel-reclamacoes-nas-telecomunicacoes-aumentaram-66-em-2020\/#article\",\"isPartOf\":{\"@id\":\"https:\/\/jornalfatosenoticias.com.br\/index.php\/2020\/08\/05\/anatel-reclamacoes-nas-telecomunicacoes-aumentaram-66-em-2020\/\"},\"author\":{\"name\":\"Luzimara Fernandes\",\"@id\":\"https:\/\/jornalfatosenoticias.com.br\/#\/schema\/person\/d63837fa13ac8666eb9e74e0985d6f81\"},\"headline\":\"Anatel: reclama\u00e7\u00f5es nas telecomunica\u00e7\u00f5es aumentaram 6,6% em 2020\",\"datePublished\":\"2020-08-05T12:53:02+00:00\",\"dateModified\":\"2020-08-05T12:53:05+00:00\",\"mainEntityOfPage\":{\"@id\":\"https:\/\/jornalfatosenoticias.com.br\/index.php\/2020\/08\/05\/anatel-reclamacoes-nas-telecomunicacoes-aumentaram-66-em-2020\/\"},\"wordCount\":386,\"commentCount\":0,\"publisher\":{\"@id\":\"https:\/\/jornalfatosenoticias.com.br\/#organization\"},\"image\":{\"@id\":\"https:\/\/jornalfatosenoticias.com.br\/index.php\/2020\/08\/05\/anatel-reclamacoes-nas-telecomunicacoes-aumentaram-66-em-2020\/#primaryimage\"},\"thumbnailUrl\":\"https:\/\/jornalfatosenoticias.com.br\/wp-content\/uploads\/2020\/08\/anatel.jpg\",\"keywords\":[\"Anatel\",\"operadoras\",\"reclama\u00e7\u00f5es\",\"telecomunica\u00e7\u00f5es\"],\"articleSection\":[\"Geral\"],\"inLanguage\":\"pt-BR\",\"potentialAction\":[{\"@type\":\"CommentAction\",\"name\":\"Comment\",\"target\":[\"https:\/\/jornalfatosenoticias.com.br\/index.php\/2020\/08\/05\/anatel-reclamacoes-nas-telecomunicacoes-aumentaram-66-em-2020\/#respond\"]}]},{\"@type\":\"WebPage\",\"@id\":\"https:\/\/jornalfatosenoticias.com.br\/index.php\/2020\/08\/05\/anatel-reclamacoes-nas-telecomunicacoes-aumentaram-66-em-2020\/\",\"url\":\"https:\/\/jornalfatosenoticias.com.br\/index.php\/2020\/08\/05\/anatel-reclamacoes-nas-telecomunicacoes-aumentaram-66-em-2020\/\",\"name\":\"Anatel: reclama\u00e7\u00f5es nas telecomunica\u00e7\u00f5es aumentaram 6,6% em 2020 - Jornal Fatos e Not\u00edcias\",\"isPartOf\":{\"@id\":\"https:\/\/jornalfatosenoticias.com.br\/#website\"},\"primaryImageOfPage\":{\"@id\":\"https:\/\/jornalfatosenoticias.com.br\/index.php\/2020\/08\/05\/anatel-reclamacoes-nas-telecomunicacoes-aumentaram-66-em-2020\/#primaryimage\"},\"image\":{\"@id\":\"https:\/\/jornalfatosenoticias.com.br\/index.php\/2020\/08\/05\/anatel-reclamacoes-nas-telecomunicacoes-aumentaram-66-em-2020\/#primaryimage\"},\"thumbnailUrl\":\"https:\/\/jornalfatosenoticias.com.br\/wp-content\/uploads\/2020\/08\/anatel.jpg\",\"datePublished\":\"2020-08-05T12:53:02+00:00\",\"dateModified\":\"2020-08-05T12:53:05+00:00\",\"breadcrumb\":{\"@id\":\"https:\/\/jornalfatosenoticias.com.br\/index.php\/2020\/08\/05\/anatel-reclamacoes-nas-telecomunicacoes-aumentaram-66-em-2020\/#breadcrumb\"},\"inLanguage\":\"pt-BR\",\"potentialAction\":[{\"@type\":\"ReadAction\",\"target\":[\"https:\/\/jornalfatosenoticias.com.br\/index.php\/2020\/08\/05\/anatel-reclamacoes-nas-telecomunicacoes-aumentaram-66-em-2020\/\"]}]},{\"@type\":\"ImageObject\",\"inLanguage\":\"pt-BR\",\"@id\":\"https:\/\/jornalfatosenoticias.com.br\/index.php\/2020\/08\/05\/anatel-reclamacoes-nas-telecomunicacoes-aumentaram-66-em-2020\/#primaryimage\",\"url\":\"https:\/\/jornalfatosenoticias.com.br\/wp-content\/uploads\/2020\/08\/anatel.jpg\",\"contentUrl\":\"https:\/\/jornalfatosenoticias.com.br\/wp-content\/uploads\/2020\/08\/anatel.jpg\",\"width\":1000,\"height\":598,\"caption\":\"Acesso internet celular\"},{\"@type\":\"BreadcrumbList\",\"@id\":\"https:\/\/jornalfatosenoticias.com.br\/index.php\/2020\/08\/05\/anatel-reclamacoes-nas-telecomunicacoes-aumentaram-66-em-2020\/#breadcrumb\",\"itemListElement\":[{\"@type\":\"ListItem\",\"position\":1,\"name\":\"In\u00edcio\",\"item\":\"https:\/\/jornalfatosenoticias.com.br\/\"},{\"@type\":\"ListItem\",\"position\":2,\"name\":\"Anatel: reclama\u00e7\u00f5es nas telecomunica\u00e7\u00f5es aumentaram 6,6% em 2020\"}]},{\"@type\":\"WebSite\",\"@id\":\"https:\/\/jornalfatosenoticias.com.br\/#website\",\"url\":\"https:\/\/jornalfatosenoticias.com.br\/\",\"name\":\"Jornal Fatos e Not\u00edcias\",\"description\":\"Not\u00edcias em geral\",\"publisher\":{\"@id\":\"https:\/\/jornalfatosenoticias.com.br\/#organization\"},\"potentialAction\":[{\"@type\":\"SearchAction\",\"target\":{\"@type\":\"EntryPoint\",\"urlTemplate\":\"https:\/\/jornalfatosenoticias.com.br\/?s={search_term_string}\"},\"query-input\":{\"@type\":\"PropertyValueSpecification\",\"valueRequired\":true,\"valueName\":\"search_term_string\"}}],\"inLanguage\":\"pt-BR\"},{\"@type\":\"Organization\",\"@id\":\"https:\/\/jornalfatosenoticias.com.br\/#organization\",\"name\":\"Jornal Fatos e Not\u00edcias\",\"url\":\"https:\/\/jornalfatosenoticias.com.br\/\",\"logo\":{\"@type\":\"ImageObject\",\"inLanguage\":\"pt-BR\",\"@id\":\"https:\/\/jornalfatosenoticias.com.br\/#\/schema\/logo\/image\/\",\"url\":\"https:\/\/jornalfatosenoticias.com.br\/wp-content\/uploads\/2020\/02\/logo120.png\",\"contentUrl\":\"https:\/\/jornalfatosenoticias.com.br\/wp-content\/uploads\/2020\/02\/logo120.png\",\"width\":1227,\"height\":120,\"caption\":\"Jornal Fatos e Not\u00edcias\"},\"image\":{\"@id\":\"https:\/\/jornalfatosenoticias.com.br\/#\/schema\/logo\/image\/\"}},{\"@type\":\"Person\",\"@id\":\"https:\/\/jornalfatosenoticias.com.br\/#\/schema\/person\/d63837fa13ac8666eb9e74e0985d6f81\",\"name\":\"Luzimara Fernandes\",\"image\":{\"@type\":\"ImageObject\",\"inLanguage\":\"pt-BR\",\"@id\":\"https:\/\/jornalfatosenoticias.com.br\/#\/schema\/person\/image\/\",\"url\":\"https:\/\/jornalfatosenoticias.com.br\/wp-content\/uploads\/2025\/05\/EU_portal.jpg\",\"contentUrl\":\"https:\/\/jornalfatosenoticias.com.br\/wp-content\/uploads\/2025\/05\/EU_portal.jpg\",\"caption\":\"Luzimara Fernandes\"},\"description\":\"Jornalista MTB 2358-ES\",\"sameAs\":[\"https:\/\/jornalfatosenoticias.com.br\"],\"url\":\"https:\/\/jornalfatosenoticias.com.br\/index.php\/author\/luzimara\/\"}]}<\/script>\n<!-- \/ Yoast SEO plugin. -->","yoast_head_json":{"title":"Anatel: reclama\u00e7\u00f5es nas telecomunica\u00e7\u00f5es aumentaram 6,6% em 2020 - Jornal Fatos e Not\u00edcias","robots":{"index":"index","follow":"follow","max-snippet":"max-snippet:-1","max-image-preview":"max-image-preview:large","max-video-preview":"max-video-preview:-1"},"canonical":"https:\/\/jornalfatosenoticias.com.br\/index.php\/2020\/08\/05\/anatel-reclamacoes-nas-telecomunicacoes-aumentaram-66-em-2020\/","og_locale":"pt_BR","og_type":"article","og_title":"Anatel: reclama\u00e7\u00f5es nas telecomunica\u00e7\u00f5es aumentaram 6,6% em 2020 - Jornal Fatos e Not\u00edcias","og_description":"N\u00famero de queixas no primeiro semestre chega a 1,52 milh\u00e3o As reclama\u00e7\u00f5es da Ag\u00eancia Nacional de Telecomunica\u00e7\u00f5es (Anatel) no primeiro semestre de 2020 aumentaram 6,6% em compara\u00e7\u00e3o com o segundo semestre de 2019, embora tenha havido uma queda em rela\u00e7\u00e3o ao mesmo per\u00edodo do ano passado. Foram registradas 1,52 milh\u00e3o de queixas contra as prestadoras [&hellip;]","og_url":"https:\/\/jornalfatosenoticias.com.br\/index.php\/2020\/08\/05\/anatel-reclamacoes-nas-telecomunicacoes-aumentaram-66-em-2020\/","og_site_name":"Jornal Fatos e Not\u00edcias","article_published_time":"2020-08-05T12:53:02+00:00","article_modified_time":"2020-08-05T12:53:05+00:00","og_image":[{"width":1000,"height":598,"url":"https:\/\/jornalfatosenoticias.com.br\/wp-content\/uploads\/2020\/08\/anatel.jpg","type":"image\/jpeg"}],"author":"Luzimara Fernandes","twitter_card":"summary_large_image","twitter_misc":{"Escrito por":"Luzimara Fernandes","Est. tempo de leitura":"2 minutos"},"schema":{"@context":"https:\/\/schema.org","@graph":[{"@type":"Article","@id":"https:\/\/jornalfatosenoticias.com.br\/index.php\/2020\/08\/05\/anatel-reclamacoes-nas-telecomunicacoes-aumentaram-66-em-2020\/#article","isPartOf":{"@id":"https:\/\/jornalfatosenoticias.com.br\/index.php\/2020\/08\/05\/anatel-reclamacoes-nas-telecomunicacoes-aumentaram-66-em-2020\/"},"author":{"name":"Luzimara Fernandes","@id":"https:\/\/jornalfatosenoticias.com.br\/#\/schema\/person\/d63837fa13ac8666eb9e74e0985d6f81"},"headline":"Anatel: reclama\u00e7\u00f5es nas telecomunica\u00e7\u00f5es aumentaram 6,6% em 2020","datePublished":"2020-08-05T12:53:02+00:00","dateModified":"2020-08-05T12:53:05+00:00","mainEntityOfPage":{"@id":"https:\/\/jornalfatosenoticias.com.br\/index.php\/2020\/08\/05\/anatel-reclamacoes-nas-telecomunicacoes-aumentaram-66-em-2020\/"},"wordCount":386,"commentCount":0,"publisher":{"@id":"https:\/\/jornalfatosenoticias.com.br\/#organization"},"image":{"@id":"https:\/\/jornalfatosenoticias.com.br\/index.php\/2020\/08\/05\/anatel-reclamacoes-nas-telecomunicacoes-aumentaram-66-em-2020\/#primaryimage"},"thumbnailUrl":"https:\/\/jornalfatosenoticias.com.br\/wp-content\/uploads\/2020\/08\/anatel.jpg","keywords":["Anatel","operadoras","reclama\u00e7\u00f5es","telecomunica\u00e7\u00f5es"],"articleSection":["Geral"],"inLanguage":"pt-BR","potentialAction":[{"@type":"CommentAction","name":"Comment","target":["https:\/\/jornalfatosenoticias.com.br\/index.php\/2020\/08\/05\/anatel-reclamacoes-nas-telecomunicacoes-aumentaram-66-em-2020\/#respond"]}]},{"@type":"WebPage","@id":"https:\/\/jornalfatosenoticias.com.br\/index.php\/2020\/08\/05\/anatel-reclamacoes-nas-telecomunicacoes-aumentaram-66-em-2020\/","url":"https:\/\/jornalfatosenoticias.com.br\/index.php\/2020\/08\/05\/anatel-reclamacoes-nas-telecomunicacoes-aumentaram-66-em-2020\/","name":"Anatel: reclama\u00e7\u00f5es nas telecomunica\u00e7\u00f5es aumentaram 6,6% em 2020 - Jornal Fatos e Not\u00edcias","isPartOf":{"@id":"https:\/\/jornalfatosenoticias.com.br\/#website"},"primaryImageOfPage":{"@id":"https:\/\/jornalfatosenoticias.com.br\/index.php\/2020\/08\/05\/anatel-reclamacoes-nas-telecomunicacoes-aumentaram-66-em-2020\/#primaryimage"},"image":{"@id":"https:\/\/jornalfatosenoticias.com.br\/index.php\/2020\/08\/05\/anatel-reclamacoes-nas-telecomunicacoes-aumentaram-66-em-2020\/#primaryimage"},"thumbnailUrl":"https:\/\/jornalfatosenoticias.com.br\/wp-content\/uploads\/2020\/08\/anatel.jpg","datePublished":"2020-08-05T12:53:02+00:00","dateModified":"2020-08-05T12:53:05+00:00","breadcrumb":{"@id":"https:\/\/jornalfatosenoticias.com.br\/index.php\/2020\/08\/05\/anatel-reclamacoes-nas-telecomunicacoes-aumentaram-66-em-2020\/#breadcrumb"},"inLanguage":"pt-BR","potentialAction":[{"@type":"ReadAction","target":["https:\/\/jornalfatosenoticias.com.br\/index.php\/2020\/08\/05\/anatel-reclamacoes-nas-telecomunicacoes-aumentaram-66-em-2020\/"]}]},{"@type":"ImageObject","inLanguage":"pt-BR","@id":"https:\/\/jornalfatosenoticias.com.br\/index.php\/2020\/08\/05\/anatel-reclamacoes-nas-telecomunicacoes-aumentaram-66-em-2020\/#primaryimage","url":"https:\/\/jornalfatosenoticias.com.br\/wp-content\/uploads\/2020\/08\/anatel.jpg","contentUrl":"https:\/\/jornalfatosenoticias.com.br\/wp-content\/uploads\/2020\/08\/anatel.jpg","width":1000,"height":598,"caption":"Acesso internet celular"},{"@type":"BreadcrumbList","@id":"https:\/\/jornalfatosenoticias.com.br\/index.php\/2020\/08\/05\/anatel-reclamacoes-nas-telecomunicacoes-aumentaram-66-em-2020\/#breadcrumb","itemListElement":[{"@type":"ListItem","position":1,"name":"In\u00edcio","item":"https:\/\/jornalfatosenoticias.com.br\/"},{"@type":"ListItem","position":2,"name":"Anatel: reclama\u00e7\u00f5es nas telecomunica\u00e7\u00f5es aumentaram 6,6% em 2020"}]},{"@type":"WebSite","@id":"https:\/\/jornalfatosenoticias.com.br\/#website","url":"https:\/\/jornalfatosenoticias.com.br\/","name":"Jornal Fatos e Not\u00edcias","description":"Not\u00edcias em geral","publisher":{"@id":"https:\/\/jornalfatosenoticias.com.br\/#organization"},"potentialAction":[{"@type":"SearchAction","target":{"@type":"EntryPoint","urlTemplate":"https:\/\/jornalfatosenoticias.com.br\/?s={search_term_string}"},"query-input":{"@type":"PropertyValueSpecification","valueRequired":true,"valueName":"search_term_string"}}],"inLanguage":"pt-BR"},{"@type":"Organization","@id":"https:\/\/jornalfatosenoticias.com.br\/#organization","name":"Jornal Fatos e Not\u00edcias","url":"https:\/\/jornalfatosenoticias.com.br\/","logo":{"@type":"ImageObject","inLanguage":"pt-BR","@id":"https:\/\/jornalfatosenoticias.com.br\/#\/schema\/logo\/image\/","url":"https:\/\/jornalfatosenoticias.com.br\/wp-content\/uploads\/2020\/02\/logo120.png","contentUrl":"https:\/\/jornalfatosenoticias.com.br\/wp-content\/uploads\/2020\/02\/logo120.png","width":1227,"height":120,"caption":"Jornal Fatos e Not\u00edcias"},"image":{"@id":"https:\/\/jornalfatosenoticias.com.br\/#\/schema\/logo\/image\/"}},{"@type":"Person","@id":"https:\/\/jornalfatosenoticias.com.br\/#\/schema\/person\/d63837fa13ac8666eb9e74e0985d6f81","name":"Luzimara Fernandes","image":{"@type":"ImageObject","inLanguage":"pt-BR","@id":"https:\/\/jornalfatosenoticias.com.br\/#\/schema\/person\/image\/","url":"https:\/\/jornalfatosenoticias.com.br\/wp-content\/uploads\/2025\/05\/EU_portal.jpg","contentUrl":"https:\/\/jornalfatosenoticias.com.br\/wp-content\/uploads\/2025\/05\/EU_portal.jpg","caption":"Luzimara Fernandes"},"description":"Jornalista MTB 2358-ES","sameAs":["https:\/\/jornalfatosenoticias.com.br"],"url":"https:\/\/jornalfatosenoticias.com.br\/index.php\/author\/luzimara\/"}]}},"cc_featured_image_caption":{"caption_text":"(Foto: Marcello Casal Jr\/Ag\u00eancia Brasil)","source_text":"","source_url":""},"jetpack_featured_media_url":"https:\/\/jornalfatosenoticias.com.br\/wp-content\/uploads\/2020\/08\/anatel.jpg","_links":{"self":[{"href":"https:\/\/jornalfatosenoticias.com.br\/index.php\/wp-json\/wp\/v2\/posts\/7295","targetHints":{"allow":["GET"]}}],"collection":[{"href":"https:\/\/jornalfatosenoticias.com.br\/index.php\/wp-json\/wp\/v2\/posts"}],"about":[{"href":"https:\/\/jornalfatosenoticias.com.br\/index.php\/wp-json\/wp\/v2\/types\/post"}],"author":[{"embeddable":true,"href":"https:\/\/jornalfatosenoticias.com.br\/index.php\/wp-json\/wp\/v2\/users\/2"}],"replies":[{"embeddable":true,"href":"https:\/\/jornalfatosenoticias.com.br\/index.php\/wp-json\/wp\/v2\/comments?post=7295"}],"version-history":[{"count":0,"href":"https:\/\/jornalfatosenoticias.com.br\/index.php\/wp-json\/wp\/v2\/posts\/7295\/revisions"}],"wp:featuredmedia":[{"embeddable":true,"href":"https:\/\/jornalfatosenoticias.com.br\/index.php\/wp-json\/wp\/v2\/media\/7296"}],"wp:attachment":[{"href":"https:\/\/jornalfatosenoticias.com.br\/index.php\/wp-json\/wp\/v2\/media?parent=7295"}],"wp:term":[{"taxonomy":"category","embeddable":true,"href":"https:\/\/jornalfatosenoticias.com.br\/index.php\/wp-json\/wp\/v2\/categories?post=7295"},{"taxonomy":"post_tag","embeddable":true,"href":"https:\/\/jornalfatosenoticias.com.br\/index.php\/wp-json\/wp\/v2\/tags?post=7295"}],"curies":[{"name":"wp","href":"https:\/\/api.w.org\/{rel}","templated":true}]}}