{"id":7359,"date":"2020-08-06T18:32:47","date_gmt":"2020-08-06T21:32:47","guid":{"rendered":"https:\/\/jornalfatosenoticias.com.br\/?p=7359"},"modified":"2020-08-06T18:32:49","modified_gmt":"2020-08-06T21:32:49","slug":"politica-das-oportunidades","status":"publish","type":"post","link":"https:\/\/jornalfatosenoticias.com.br\/index.php\/2020\/08\/06\/politica-das-oportunidades\/","title":{"rendered":"Pol\u00edtica das oportunidades"},"content":{"rendered":"\n<h6 class=\"wp-block-heading\"><em>\u201cVou mostrar para as pessoas que esporte n\u00e3o \u00e9 s\u00f3 jogar bola, \u00e9 tamb\u00e9m oferecer para nossas crian\u00e7as e jovens, possibilidades e vis\u00e3o de que, estudando e praticando esporte, ele consegue alcan\u00e7ar uma vida melhor\u201d<\/em><\/h6>\n\n\n\n<p>Nascido em Alto Rio Novo e morando h\u00e1 42 anos na comunidade S\u00e3o Geraldo, na Serra\/ES, o professor e pr\u00e9-candidato a vereador pelo PDT, Evaldo Luiz Barbosa, falou um pouco de suas experi\u00eancias no esporte que o levaram a tentar uma vaga na C\u00e2mara do munic\u00edpio.<br>\u201cA pol\u00edtica toca o mundo e se voc\u00ea se considera uma pessoa do bem, uma pessoa que tem vis\u00e3o e prop\u00f3sito social, n\u00e3o pode ficar de fora, precisa participar. Comecei a pensar mais intensamente quando vivi uma situa\u00e7\u00e3o com a minha filha, que hoje \u00e9 ginasta profissional. No in\u00edcio da sua carreira, buscamos todo tipo de apoio na iniciativa privada e no poder p\u00fablico. Foi uma batalha dura e, \u00e0s vezes, desestimulante. Ela hoje \u00e9 uma profissional, mas se pensarmos bem, assim como ela, existem milhares de jovens nesse Brasil a fora procurando apoio e suporte para ter um espa\u00e7o no mundo esportivo, mas que, infelizmente, n\u00e3o conseguir\u00e3o por descuido dos nossos gestores\u2026 Por isso, estou me engajando na pol\u00edtica e, se eleito em novembro, vou virar esse jogo aqui no nosso munic\u00edpio\u201d, sonha.<br>Segundo ele, \u00e9 preciso se engajar pol\u00edtica a verdadeiramente. \u201cA cultura do pol\u00edtico no Brasil \u00e9 de n\u00e3o se envolver e, quando d\u00e3o as caras, \u00e9 apenas para aparecer com um ou outro que consegue romper esses desafios, somente para ganhar notoriedade, n\u00e3o d\u00e3o a devida import\u00e2ncia, nunca se interessam\u201d, critica.<br>Formado em Educa\u00e7\u00e3o F\u00edsica em 1992, pela Universidade Federal do Esp\u00edrito Santo (Ufes), Evaldo se diz envolvido no esporte desde essa \u00e9poca. \u201cNesse tempo eu j\u00e1 desenvolvia atividades esportivas e de l\u00e1 para c\u00e1 n\u00e3o parei mais\u201d, afirma.<\/p>\n\n\n\n<figure class=\"wp-block-image size-large\"><img loading=\"lazy\" decoding=\"async\" width=\"1000\" height=\"666\" src=\"https:\/\/jornalfatosenoticias.com.br\/wp-content\/uploads\/2020\/08\/Arena-Esportiva-Jacara\u00edpe.jpg\" alt=\"\" class=\"wp-image-7361\" srcset=\"https:\/\/jornalfatosenoticias.com.br\/wp-content\/uploads\/2020\/08\/Arena-Esportiva-Jacara\u00edpe.jpg 1000w, https:\/\/jornalfatosenoticias.com.br\/wp-content\/uploads\/2020\/08\/Arena-Esportiva-Jacara\u00edpe-300x200.jpg 300w, https:\/\/jornalfatosenoticias.com.br\/wp-content\/uploads\/2020\/08\/Arena-Esportiva-Jacara\u00edpe-768x511.jpg 768w\" sizes=\"auto, (max-width: 1000px) 100vw, 1000px\" \/><figcaption><em>Arena Esportiva Jacara\u00edpe (Foto: Sesport-ES)<\/em><\/figcaption><\/figure>\n\n\n\n<p>\u201cExistem v\u00e1rios atletas e pessoas querendo fazer algo, dar \u201cfor\u00e7a\u201d e, gra\u00e7as a eles, \u00e9 que sou pr\u00e9-candidato. Quero mostrar para as pessoas que o esporte, aliado \u00e0 educa\u00e7\u00e3o, pode nos mostrar caminhos e possibilidades para os jovens. A tacada est\u00e1 em oferecer op\u00e7\u00f5es, dar oportunidades, para que eles possam acreditar neles pr\u00f3prios. H\u00e1 vinte anos que n\u00e3o vejo nada na Serra. Fui diretor da Secretaria de Cultura, Esporte e Lazer na gest\u00e3o de Vidigal, que hoje \u00e9 deputado federal. Fiz um trabalho que, na minha concep\u00e7\u00e3o, foi positivo. Organizamos jogos estudantis, criamos jogos comunit\u00e1rios de bocha, de quadra, futebol de areia e outras modalidades, oportunizando ao morador como um todo. Hoje, n\u00e3o encontramos nada nesse sentido, as coisas foram morrendo aos poucos. O esporte est\u00e1 apagado no nosso munic\u00edpio, n\u00e3o ou\u00e7o falar mais que a Serra tem algum tipo de organiza\u00e7\u00e3o nesse sentido e por esses e outros motivos \u00e9 que o esporte ser\u00e1 minha principal bandeira\u201d.<br>\u201cVou mostrar para as pessoas que esporte n\u00e3o \u00e9 s\u00f3 jogar bola, \u00e9 tamb\u00e9m oferecer para nossas crian\u00e7as e jovens possibilidades e vis\u00e3o de que, estudando e praticando esporte, ele consegue alcan\u00e7ar uma vida melhor\u201d.<br>Perguntado sobre o que achava da Arena Esportiva de Jacara\u00edpe, o professor Evaldo respondeu que, \u2018se a \u00e1rea n\u00e3o servir apenas para pelada\u2019, ser\u00e1 de grande valia para os futuros atletas. \u201cTer um espa\u00e7o de qualidade com profissionais qualificados e comprometidos e o munic\u00edpio dando o suporte necess\u00e1rio, a Arena pode, sim, ser palco de jogos nacionais\u201d.<\/p>\n\n\n\n<figure class=\"wp-block-image size-large\"><img loading=\"lazy\" decoding=\"async\" width=\"980\" height=\"467\" src=\"https:\/\/jornalfatosenoticias.com.br\/wp-content\/uploads\/2020\/08\/bocha.jpg\" alt=\"\" class=\"wp-image-7362\" srcset=\"https:\/\/jornalfatosenoticias.com.br\/wp-content\/uploads\/2020\/08\/bocha.jpg 980w, https:\/\/jornalfatosenoticias.com.br\/wp-content\/uploads\/2020\/08\/bocha-300x143.jpg 300w, https:\/\/jornalfatosenoticias.com.br\/wp-content\/uploads\/2020\/08\/bocha-768x366.jpg 768w\" sizes=\"auto, (max-width: 980px) 100vw, 980px\" \/><figcaption><em>Torneio de bocha (Foto: Divulga\u00e7\u00e3o\/Cancha de bocha)<\/em><\/figcaption><\/figure>\n\n\n\n<p>\u201cTemos que aplicar no social, que s\u00e3o os investimentos nas escolas e nas comunidades e o investimento em \u00e1reas de alto rendimento. A crian\u00e7a ou jovem do munic\u00edpio que se destaca na quadra da escola ou no campo da comunidade, em alguma modalidade, tem que ter um espa\u00e7o, no caso a Arena de Jacara\u00edpe, para desenvolver t\u00e9cnicas com os profissionais pagos pelo poder p\u00fablico ou pela iniciativa privada\u201d, explica.<br>\u201cAproveito a oportunidade dada pelo Fatos &amp; Not\u00edcias, ve\u00edculo de comunica\u00e7\u00e3o que vem prestando relevantes servi\u00e7os a todo o Esp\u00edrito Santo, para dizer que a Serra \u00e9 um munic\u00edpio com grande potencial esportivo, precisamos apenas eleger uma pessoa com experi\u00eancia e comprometida com as causas sociais, o esporte depende disso!\u201d.<\/p>\n","protected":false},"excerpt":{"rendered":"<p>\u201cVou mostrar para as pessoas que esporte n\u00e3o \u00e9 s\u00f3 jogar bola, \u00e9 tamb\u00e9m oferecer para nossas crian\u00e7as e jovens, possibilidades e vis\u00e3o de que, estudando e praticando esporte, ele consegue alcan\u00e7ar uma vida melhor\u201d Nascido em Alto Rio Novo e morando h\u00e1 42 anos na comunidade S\u00e3o Geraldo, na Serra\/ES, o professor e pr\u00e9-candidato [&hellip;]<\/p>\n","protected":false},"author":3,"featured_media":7360,"comment_status":"open","ping_status":"open","sticky":false,"template":"","format":"standard","meta":{"footnotes":""},"categories":[10],"tags":[241,4179,4180,545],"class_list":["post-7359","post","type-post","status-publish","format-standard","has-post-thumbnail","hentry","category-politica","tag-esporte","tag-evaldo-luiz-barbosa","tag-oportunidade","tag-politica"],"yoast_head":"<!-- This site is optimized with the Yoast SEO plugin v26.5 - https:\/\/yoast.com\/wordpress\/plugins\/seo\/ -->\n<title>Pol\u00edtica das oportunidades - Jornal Fatos e Not\u00edcias<\/title>\n<meta name=\"robots\" content=\"index, follow, max-snippet:-1, max-image-preview:large, max-video-preview:-1\" \/>\n<link rel=\"canonical\" href=\"https:\/\/jornalfatosenoticias.com.br\/index.php\/2020\/08\/06\/politica-das-oportunidades\/\" \/>\n<meta property=\"og:locale\" content=\"pt_BR\" \/>\n<meta property=\"og:type\" content=\"article\" \/>\n<meta property=\"og:title\" content=\"Pol\u00edtica das oportunidades - Jornal Fatos e Not\u00edcias\" \/>\n<meta property=\"og:description\" content=\"\u201cVou mostrar para as pessoas que esporte n\u00e3o \u00e9 s\u00f3 jogar bola, \u00e9 tamb\u00e9m oferecer para nossas crian\u00e7as e jovens, possibilidades e vis\u00e3o de que, estudando e praticando esporte, ele consegue alcan\u00e7ar uma vida melhor\u201d Nascido em Alto Rio Novo e morando h\u00e1 42 anos na comunidade S\u00e3o Geraldo, na Serra\/ES, o professor e pr\u00e9-candidato [&hellip;]\" \/>\n<meta property=\"og:url\" content=\"https:\/\/jornalfatosenoticias.com.br\/index.php\/2020\/08\/06\/politica-das-oportunidades\/\" \/>\n<meta property=\"og:site_name\" content=\"Jornal Fatos e Not\u00edcias\" \/>\n<meta property=\"article:published_time\" content=\"2020-08-06T21:32:47+00:00\" \/>\n<meta property=\"article:modified_time\" content=\"2020-08-06T21:32:49+00:00\" \/>\n<meta property=\"og:image\" content=\"https:\/\/jornalfatosenoticias.com.br\/wp-content\/uploads\/2020\/08\/Prof-Evaldo-e-Haroldo.jpg\" \/>\n\t<meta property=\"og:image:width\" content=\"1000\" \/>\n\t<meta property=\"og:image:height\" content=\"616\" \/>\n\t<meta property=\"og:image:type\" content=\"image\/jpeg\" \/>\n<meta name=\"author\" content=\"Haroldo Filho\" \/>\n<meta name=\"twitter:card\" content=\"summary_large_image\" \/>\n<meta name=\"twitter:label1\" content=\"Escrito por\" \/>\n\t<meta name=\"twitter:data1\" content=\"Haroldo Filho\" \/>\n\t<meta name=\"twitter:label2\" content=\"Est. tempo de leitura\" \/>\n\t<meta name=\"twitter:data2\" content=\"4 minutos\" \/>\n<script type=\"application\/ld+json\" class=\"yoast-schema-graph\">{\"@context\":\"https:\/\/schema.org\",\"@graph\":[{\"@type\":\"Article\",\"@id\":\"https:\/\/jornalfatosenoticias.com.br\/index.php\/2020\/08\/06\/politica-das-oportunidades\/#article\",\"isPartOf\":{\"@id\":\"https:\/\/jornalfatosenoticias.com.br\/index.php\/2020\/08\/06\/politica-das-oportunidades\/\"},\"author\":{\"name\":\"Haroldo Filho\",\"@id\":\"https:\/\/jornalfatosenoticias.com.br\/#\/schema\/person\/05c46cc25b42a5c27e004fb0fa6b4965\"},\"headline\":\"Pol\u00edtica das oportunidades\",\"datePublished\":\"2020-08-06T21:32:47+00:00\",\"dateModified\":\"2020-08-06T21:32:49+00:00\",\"mainEntityOfPage\":{\"@id\":\"https:\/\/jornalfatosenoticias.com.br\/index.php\/2020\/08\/06\/politica-das-oportunidades\/\"},\"wordCount\":750,\"commentCount\":0,\"publisher\":{\"@id\":\"https:\/\/jornalfatosenoticias.com.br\/#organization\"},\"image\":{\"@id\":\"https:\/\/jornalfatosenoticias.com.br\/index.php\/2020\/08\/06\/politica-das-oportunidades\/#primaryimage\"},\"thumbnailUrl\":\"https:\/\/jornalfatosenoticias.com.br\/wp-content\/uploads\/2020\/08\/Prof-Evaldo-e-Haroldo.jpg\",\"keywords\":[\"esporte\",\"Evaldo Luiz Barbosa\",\"oportunidade\",\"pol\u00edtica\"],\"articleSection\":[\"Pol\u00edtica\"],\"inLanguage\":\"pt-BR\",\"potentialAction\":[{\"@type\":\"CommentAction\",\"name\":\"Comment\",\"target\":[\"https:\/\/jornalfatosenoticias.com.br\/index.php\/2020\/08\/06\/politica-das-oportunidades\/#respond\"]}]},{\"@type\":\"WebPage\",\"@id\":\"https:\/\/jornalfatosenoticias.com.br\/index.php\/2020\/08\/06\/politica-das-oportunidades\/\",\"url\":\"https:\/\/jornalfatosenoticias.com.br\/index.php\/2020\/08\/06\/politica-das-oportunidades\/\",\"name\":\"Pol\u00edtica das oportunidades - Jornal Fatos e Not\u00edcias\",\"isPartOf\":{\"@id\":\"https:\/\/jornalfatosenoticias.com.br\/#website\"},\"primaryImageOfPage\":{\"@id\":\"https:\/\/jornalfatosenoticias.com.br\/index.php\/2020\/08\/06\/politica-das-oportunidades\/#primaryimage\"},\"image\":{\"@id\":\"https:\/\/jornalfatosenoticias.com.br\/index.php\/2020\/08\/06\/politica-das-oportunidades\/#primaryimage\"},\"thumbnailUrl\":\"https:\/\/jornalfatosenoticias.com.br\/wp-content\/uploads\/2020\/08\/Prof-Evaldo-e-Haroldo.jpg\",\"datePublished\":\"2020-08-06T21:32:47+00:00\",\"dateModified\":\"2020-08-06T21:32:49+00:00\",\"breadcrumb\":{\"@id\":\"https:\/\/jornalfatosenoticias.com.br\/index.php\/2020\/08\/06\/politica-das-oportunidades\/#breadcrumb\"},\"inLanguage\":\"pt-BR\",\"potentialAction\":[{\"@type\":\"ReadAction\",\"target\":[\"https:\/\/jornalfatosenoticias.com.br\/index.php\/2020\/08\/06\/politica-das-oportunidades\/\"]}]},{\"@type\":\"ImageObject\",\"inLanguage\":\"pt-BR\",\"@id\":\"https:\/\/jornalfatosenoticias.com.br\/index.php\/2020\/08\/06\/politica-das-oportunidades\/#primaryimage\",\"url\":\"https:\/\/jornalfatosenoticias.com.br\/wp-content\/uploads\/2020\/08\/Prof-Evaldo-e-Haroldo.jpg\",\"contentUrl\":\"https:\/\/jornalfatosenoticias.com.br\/wp-content\/uploads\/2020\/08\/Prof-Evaldo-e-Haroldo.jpg\",\"width\":1000,\"height\":616},{\"@type\":\"BreadcrumbList\",\"@id\":\"https:\/\/jornalfatosenoticias.com.br\/index.php\/2020\/08\/06\/politica-das-oportunidades\/#breadcrumb\",\"itemListElement\":[{\"@type\":\"ListItem\",\"position\":1,\"name\":\"In\u00edcio\",\"item\":\"https:\/\/jornalfatosenoticias.com.br\/\"},{\"@type\":\"ListItem\",\"position\":2,\"name\":\"Pol\u00edtica das oportunidades\"}]},{\"@type\":\"WebSite\",\"@id\":\"https:\/\/jornalfatosenoticias.com.br\/#website\",\"url\":\"https:\/\/jornalfatosenoticias.com.br\/\",\"name\":\"Jornal Fatos e Not\u00edcias\",\"description\":\"Not\u00edcias em geral\",\"publisher\":{\"@id\":\"https:\/\/jornalfatosenoticias.com.br\/#organization\"},\"potentialAction\":[{\"@type\":\"SearchAction\",\"target\":{\"@type\":\"EntryPoint\",\"urlTemplate\":\"https:\/\/jornalfatosenoticias.com.br\/?s={search_term_string}\"},\"query-input\":{\"@type\":\"PropertyValueSpecification\",\"valueRequired\":true,\"valueName\":\"search_term_string\"}}],\"inLanguage\":\"pt-BR\"},{\"@type\":\"Organization\",\"@id\":\"https:\/\/jornalfatosenoticias.com.br\/#organization\",\"name\":\"Jornal Fatos e Not\u00edcias\",\"url\":\"https:\/\/jornalfatosenoticias.com.br\/\",\"logo\":{\"@type\":\"ImageObject\",\"inLanguage\":\"pt-BR\",\"@id\":\"https:\/\/jornalfatosenoticias.com.br\/#\/schema\/logo\/image\/\",\"url\":\"https:\/\/jornalfatosenoticias.com.br\/wp-content\/uploads\/2020\/02\/logo120.png\",\"contentUrl\":\"https:\/\/jornalfatosenoticias.com.br\/wp-content\/uploads\/2020\/02\/logo120.png\",\"width\":1227,\"height\":120,\"caption\":\"Jornal Fatos e Not\u00edcias\"},\"image\":{\"@id\":\"https:\/\/jornalfatosenoticias.com.br\/#\/schema\/logo\/image\/\"}},{\"@type\":\"Person\",\"@id\":\"https:\/\/jornalfatosenoticias.com.br\/#\/schema\/person\/05c46cc25b42a5c27e004fb0fa6b4965\",\"name\":\"Haroldo Filho\",\"image\":{\"@type\":\"ImageObject\",\"inLanguage\":\"pt-BR\",\"@id\":\"https:\/\/jornalfatosenoticias.com.br\/#\/schema\/person\/image\/\",\"url\":\"https:\/\/jornalfatosenoticias.com.br\/wp-content\/uploads\/2025\/08\/WhatsApp-Image-2025-08-18-at-15.30.28-150x150.jpeg\",\"contentUrl\":\"https:\/\/jornalfatosenoticias.com.br\/wp-content\/uploads\/2025\/08\/WhatsApp-Image-2025-08-18-at-15.30.28-150x150.jpeg\",\"caption\":\"Haroldo Filho\"},\"description\":\"Jornalista \u2013 DRT: 0003818\/ES Coordenador-geral da ONG Educar para Crescer\",\"url\":\"https:\/\/jornalfatosenoticias.com.br\/index.php\/author\/haroldo\/\"}]}<\/script>\n<!-- \/ Yoast SEO plugin. -->","yoast_head_json":{"title":"Pol\u00edtica das oportunidades - Jornal Fatos e Not\u00edcias","robots":{"index":"index","follow":"follow","max-snippet":"max-snippet:-1","max-image-preview":"max-image-preview:large","max-video-preview":"max-video-preview:-1"},"canonical":"https:\/\/jornalfatosenoticias.com.br\/index.php\/2020\/08\/06\/politica-das-oportunidades\/","og_locale":"pt_BR","og_type":"article","og_title":"Pol\u00edtica das oportunidades - Jornal Fatos e Not\u00edcias","og_description":"\u201cVou mostrar para as pessoas que esporte n\u00e3o \u00e9 s\u00f3 jogar bola, \u00e9 tamb\u00e9m oferecer para nossas crian\u00e7as e jovens, possibilidades e vis\u00e3o de que, estudando e praticando esporte, ele consegue alcan\u00e7ar uma vida melhor\u201d Nascido em Alto Rio Novo e morando h\u00e1 42 anos na comunidade S\u00e3o Geraldo, na Serra\/ES, o professor e pr\u00e9-candidato [&hellip;]","og_url":"https:\/\/jornalfatosenoticias.com.br\/index.php\/2020\/08\/06\/politica-das-oportunidades\/","og_site_name":"Jornal Fatos e Not\u00edcias","article_published_time":"2020-08-06T21:32:47+00:00","article_modified_time":"2020-08-06T21:32:49+00:00","og_image":[{"width":1000,"height":616,"url":"https:\/\/jornalfatosenoticias.com.br\/wp-content\/uploads\/2020\/08\/Prof-Evaldo-e-Haroldo.jpg","type":"image\/jpeg"}],"author":"Haroldo Filho","twitter_card":"summary_large_image","twitter_misc":{"Escrito por":"Haroldo Filho","Est. tempo de leitura":"4 minutos"},"schema":{"@context":"https:\/\/schema.org","@graph":[{"@type":"Article","@id":"https:\/\/jornalfatosenoticias.com.br\/index.php\/2020\/08\/06\/politica-das-oportunidades\/#article","isPartOf":{"@id":"https:\/\/jornalfatosenoticias.com.br\/index.php\/2020\/08\/06\/politica-das-oportunidades\/"},"author":{"name":"Haroldo Filho","@id":"https:\/\/jornalfatosenoticias.com.br\/#\/schema\/person\/05c46cc25b42a5c27e004fb0fa6b4965"},"headline":"Pol\u00edtica das oportunidades","datePublished":"2020-08-06T21:32:47+00:00","dateModified":"2020-08-06T21:32:49+00:00","mainEntityOfPage":{"@id":"https:\/\/jornalfatosenoticias.com.br\/index.php\/2020\/08\/06\/politica-das-oportunidades\/"},"wordCount":750,"commentCount":0,"publisher":{"@id":"https:\/\/jornalfatosenoticias.com.br\/#organization"},"image":{"@id":"https:\/\/jornalfatosenoticias.com.br\/index.php\/2020\/08\/06\/politica-das-oportunidades\/#primaryimage"},"thumbnailUrl":"https:\/\/jornalfatosenoticias.com.br\/wp-content\/uploads\/2020\/08\/Prof-Evaldo-e-Haroldo.jpg","keywords":["esporte","Evaldo Luiz Barbosa","oportunidade","pol\u00edtica"],"articleSection":["Pol\u00edtica"],"inLanguage":"pt-BR","potentialAction":[{"@type":"CommentAction","name":"Comment","target":["https:\/\/jornalfatosenoticias.com.br\/index.php\/2020\/08\/06\/politica-das-oportunidades\/#respond"]}]},{"@type":"WebPage","@id":"https:\/\/jornalfatosenoticias.com.br\/index.php\/2020\/08\/06\/politica-das-oportunidades\/","url":"https:\/\/jornalfatosenoticias.com.br\/index.php\/2020\/08\/06\/politica-das-oportunidades\/","name":"Pol\u00edtica das oportunidades - Jornal Fatos e Not\u00edcias","isPartOf":{"@id":"https:\/\/jornalfatosenoticias.com.br\/#website"},"primaryImageOfPage":{"@id":"https:\/\/jornalfatosenoticias.com.br\/index.php\/2020\/08\/06\/politica-das-oportunidades\/#primaryimage"},"image":{"@id":"https:\/\/jornalfatosenoticias.com.br\/index.php\/2020\/08\/06\/politica-das-oportunidades\/#primaryimage"},"thumbnailUrl":"https:\/\/jornalfatosenoticias.com.br\/wp-content\/uploads\/2020\/08\/Prof-Evaldo-e-Haroldo.jpg","datePublished":"2020-08-06T21:32:47+00:00","dateModified":"2020-08-06T21:32:49+00:00","breadcrumb":{"@id":"https:\/\/jornalfatosenoticias.com.br\/index.php\/2020\/08\/06\/politica-das-oportunidades\/#breadcrumb"},"inLanguage":"pt-BR","potentialAction":[{"@type":"ReadAction","target":["https:\/\/jornalfatosenoticias.com.br\/index.php\/2020\/08\/06\/politica-das-oportunidades\/"]}]},{"@type":"ImageObject","inLanguage":"pt-BR","@id":"https:\/\/jornalfatosenoticias.com.br\/index.php\/2020\/08\/06\/politica-das-oportunidades\/#primaryimage","url":"https:\/\/jornalfatosenoticias.com.br\/wp-content\/uploads\/2020\/08\/Prof-Evaldo-e-Haroldo.jpg","contentUrl":"https:\/\/jornalfatosenoticias.com.br\/wp-content\/uploads\/2020\/08\/Prof-Evaldo-e-Haroldo.jpg","width":1000,"height":616},{"@type":"BreadcrumbList","@id":"https:\/\/jornalfatosenoticias.com.br\/index.php\/2020\/08\/06\/politica-das-oportunidades\/#breadcrumb","itemListElement":[{"@type":"ListItem","position":1,"name":"In\u00edcio","item":"https:\/\/jornalfatosenoticias.com.br\/"},{"@type":"ListItem","position":2,"name":"Pol\u00edtica das oportunidades"}]},{"@type":"WebSite","@id":"https:\/\/jornalfatosenoticias.com.br\/#website","url":"https:\/\/jornalfatosenoticias.com.br\/","name":"Jornal Fatos e Not\u00edcias","description":"Not\u00edcias em geral","publisher":{"@id":"https:\/\/jornalfatosenoticias.com.br\/#organization"},"potentialAction":[{"@type":"SearchAction","target":{"@type":"EntryPoint","urlTemplate":"https:\/\/jornalfatosenoticias.com.br\/?s={search_term_string}"},"query-input":{"@type":"PropertyValueSpecification","valueRequired":true,"valueName":"search_term_string"}}],"inLanguage":"pt-BR"},{"@type":"Organization","@id":"https:\/\/jornalfatosenoticias.com.br\/#organization","name":"Jornal Fatos e Not\u00edcias","url":"https:\/\/jornalfatosenoticias.com.br\/","logo":{"@type":"ImageObject","inLanguage":"pt-BR","@id":"https:\/\/jornalfatosenoticias.com.br\/#\/schema\/logo\/image\/","url":"https:\/\/jornalfatosenoticias.com.br\/wp-content\/uploads\/2020\/02\/logo120.png","contentUrl":"https:\/\/jornalfatosenoticias.com.br\/wp-content\/uploads\/2020\/02\/logo120.png","width":1227,"height":120,"caption":"Jornal Fatos e Not\u00edcias"},"image":{"@id":"https:\/\/jornalfatosenoticias.com.br\/#\/schema\/logo\/image\/"}},{"@type":"Person","@id":"https:\/\/jornalfatosenoticias.com.br\/#\/schema\/person\/05c46cc25b42a5c27e004fb0fa6b4965","name":"Haroldo Filho","image":{"@type":"ImageObject","inLanguage":"pt-BR","@id":"https:\/\/jornalfatosenoticias.com.br\/#\/schema\/person\/image\/","url":"https:\/\/jornalfatosenoticias.com.br\/wp-content\/uploads\/2025\/08\/WhatsApp-Image-2025-08-18-at-15.30.28-150x150.jpeg","contentUrl":"https:\/\/jornalfatosenoticias.com.br\/wp-content\/uploads\/2025\/08\/WhatsApp-Image-2025-08-18-at-15.30.28-150x150.jpeg","caption":"Haroldo Filho"},"description":"Jornalista \u2013 DRT: 0003818\/ES Coordenador-geral da ONG Educar para Crescer","url":"https:\/\/jornalfatosenoticias.com.br\/index.php\/author\/haroldo\/"}]}},"cc_featured_image_caption":{"caption_text":"(Foto: Haroldo Cordeiro Filho)","source_text":"","source_url":""},"jetpack_featured_media_url":"https:\/\/jornalfatosenoticias.com.br\/wp-content\/uploads\/2020\/08\/Prof-Evaldo-e-Haroldo.jpg","_links":{"self":[{"href":"https:\/\/jornalfatosenoticias.com.br\/index.php\/wp-json\/wp\/v2\/posts\/7359","targetHints":{"allow":["GET"]}}],"collection":[{"href":"https:\/\/jornalfatosenoticias.com.br\/index.php\/wp-json\/wp\/v2\/posts"}],"about":[{"href":"https:\/\/jornalfatosenoticias.com.br\/index.php\/wp-json\/wp\/v2\/types\/post"}],"author":[{"embeddable":true,"href":"https:\/\/jornalfatosenoticias.com.br\/index.php\/wp-json\/wp\/v2\/users\/3"}],"replies":[{"embeddable":true,"href":"https:\/\/jornalfatosenoticias.com.br\/index.php\/wp-json\/wp\/v2\/comments?post=7359"}],"version-history":[{"count":0,"href":"https:\/\/jornalfatosenoticias.com.br\/index.php\/wp-json\/wp\/v2\/posts\/7359\/revisions"}],"wp:featuredmedia":[{"embeddable":true,"href":"https:\/\/jornalfatosenoticias.com.br\/index.php\/wp-json\/wp\/v2\/media\/7360"}],"wp:attachment":[{"href":"https:\/\/jornalfatosenoticias.com.br\/index.php\/wp-json\/wp\/v2\/media?parent=7359"}],"wp:term":[{"taxonomy":"category","embeddable":true,"href":"https:\/\/jornalfatosenoticias.com.br\/index.php\/wp-json\/wp\/v2\/categories?post=7359"},{"taxonomy":"post_tag","embeddable":true,"href":"https:\/\/jornalfatosenoticias.com.br\/index.php\/wp-json\/wp\/v2\/tags?post=7359"}],"curies":[{"name":"wp","href":"https:\/\/api.w.org\/{rel}","templated":true}]}}