{"id":7370,"date":"2020-08-06T18:42:31","date_gmt":"2020-08-06T21:42:31","guid":{"rendered":"https:\/\/jornalfatosenoticias.com.br\/?p=7370"},"modified":"2020-08-06T18:42:33","modified_gmt":"2020-08-06T21:42:33","slug":"o-eca-e-a-sociedade-partida-final","status":"publish","type":"post","link":"https:\/\/jornalfatosenoticias.com.br\/index.php\/2020\/08\/06\/o-eca-e-a-sociedade-partida-final\/","title":{"rendered":"O ECA e a Sociedade Partida \u2014 Final"},"content":{"rendered":"\n<h6 class=\"wp-block-heading\"><em>J\u00e1 se passaram 30 anos do ECA. Estamos bem atrasados.<\/em><\/h6>\n\n\n\n<p>Verificamos que conceitos relativos ao desenvolvimento da crian\u00e7a s\u00e3o distorcidos de tal maneira que fica muito dif\u00edcil para a necess\u00e1ria organiza\u00e7\u00e3o da mente em crescimento. Prote\u00e7\u00e3o, e o que acontece \u00e9 a neglig\u00eancia. Liberdade, e o que acontece \u00e9 a lassid\u00e3o. Sa\u00fade, e o que acontece \u00e9 o esgoto que passa em vala aberta em frente \u00e0 casa prec\u00e1ria. Educa\u00e7\u00e3o, e escolas sem carteiras de estudo, sem banheiros. Alimenta\u00e7\u00e3o, e as falhas da \u00fanica refei\u00e7\u00e3o na escola no lugar do estudo. Esporte, e o jogo de p\u00e9 no ch\u00e3o e bola rasgada. Lazer, e o gueto que pro\u00edbe a mobilidade urbana nas cidades partidas. Profissionaliza\u00e7\u00e3o, e o com\u00e9rcio de drogas que convida desde os 10 anos. Cultura, e o ensino da viol\u00eancia. Dignidade, e o cotidiano humilhante.<br>Estas distor\u00e7\u00f5es deformam a mente em desenvolvimento. Num tempo em que a clareza de atitudes \u00e9 fundamental, a crian\u00e7a recebe mensagens amb\u00edguas, contradit\u00f3rias ou antag\u00f4nicas. As combina\u00e7\u00f5es, as regras, as leis flutuam, e mostram uma seletividade. Todos s\u00e3o iguais perante a Lei? Onde? Quando? Ela sente os maus-tratos, sente a neglig\u00eancia, sente a viol\u00eancia, viola\u00e7\u00f5es que horrorizam, mas logo s\u00e3o esquecidas. O tempo midi\u00e1tico n\u00e3o \u00e9 processual, \u00e9 fenomenol\u00f3gico, e j\u00e1 deixou at\u00e9 de ser anal\u00f3gico. Por outro lado, o tempo jur\u00eddico com a Cultura Recursal, \u00e9 infinito. Nada compat\u00edvel com o tempo e as necessidades da crian\u00e7a.<br>Estes motivos fazem parte da raiz da rela\u00e7\u00e3o com a lei. Se n\u00e3o esteve presente, se n\u00e3o foi experimentada na inf\u00e2ncia, n\u00e3o ser\u00e1 adquirida na vida adulta. O processo fica falho, como se continuasse \u00e0 espera desta aprendizagem. Assim vemos, por exemplo, o comportamento infantil de monitoramento para que ocorra a obedi\u00eancia \u00e0 lei. \u00c9 aquele caso emblem\u00e1tico do motorista que fura o sinal, o sem\u00e1foro vermelho, e s\u00f3 para ao ouvir o apito do agente. Perguntado pelo guarda se n\u00e3o viu que estava vermelho, responde que viu o sinal vermelho, mas n\u00e3o viu o guarda. N\u00e3o raro isto acontece na presen\u00e7a de um filho ou filha, e n\u00e3o raro tamb\u00e9m, pergunta se o agente n\u00e3o pode \u201cquebrar um galho\u201d, oferecendo uma nota de R$ 50,00, ao que tamb\u00e9m \u00e9 assistido pela crian\u00e7a. Como \u201cconsertar\u201d isto? O que est\u00e1 sendo falado para a crian\u00e7a \u00e9 que s\u00f3 se ela estiver sendo vigiada, ela deve obedecer a regra. Se ningu\u00e9m estiver vendo, ela pode burl\u00e1-la. E \u00e9 precisamente isto que acontece com as viola\u00e7\u00f5es contra a crian\u00e7a e o adolescente quando se trata da pr\u00e1tica de viol\u00eancia dom\u00e9stica por exemplo. Tamb\u00e9m a crian\u00e7a assiste a m\u00e3e ser agredida verbal ou fisicamente, mas sem que hajam \u201cguardas\u201d, e obrigando a crian\u00e7a \u00e0 coniv\u00eancia da viol\u00eancia pela intimida\u00e7\u00e3o da for\u00e7a. A voz destas crian\u00e7as tem sido desqualificada por aqueles que deveriam honrar a sua Prote\u00e7\u00e3o Integral, por aqueles que operam a lei.<\/p>\n\n\n\n<figure class=\"wp-block-image size-large\"><img loading=\"lazy\" decoding=\"async\" width=\"980\" height=\"652\" src=\"https:\/\/jornalfatosenoticias.com.br\/wp-content\/uploads\/2020\/08\/futebol.jpg\" alt=\"\" class=\"wp-image-7371\" srcset=\"https:\/\/jornalfatosenoticias.com.br\/wp-content\/uploads\/2020\/08\/futebol.jpg 980w, https:\/\/jornalfatosenoticias.com.br\/wp-content\/uploads\/2020\/08\/futebol-300x200.jpg 300w, https:\/\/jornalfatosenoticias.com.br\/wp-content\/uploads\/2020\/08\/futebol-768x511.jpg 768w\" sizes=\"auto, (max-width: 980px) 100vw, 980px\" \/><figcaption><em>Jogo de futebol de p\u00e9 no ch\u00e3o (Foto: Frederico Haikal)<\/em><\/figcaption><\/figure>\n\n\n\n<p>Aprendemos a denunciar. Mas algumas den\u00fancias s\u00e3o invertidas contra as v\u00edtimas. As queixas de uma crian\u00e7a devem ser provadas por ela mesma em toda sua vulnerabilidade. A v\u00edtima crian\u00e7a\/beb\u00ea, tem o \u00f4nus da prova. N\u00e3o se investiga. \u00c9 abreviado este caminho pela acusa\u00e7\u00e3o \u00e0 v\u00edtima. \u00c9 mentira, \u00e9 fantasia, fala o que mandaram falar, como se a crian\u00e7a fosse um boneco de posto, desconsiderando seu relato pormenorizado e emocionado. N\u00e3o s\u00e3o apenas palavras, h\u00e1 a linguagem corporal no relato de uma crian\u00e7a v\u00edtima. H\u00e1 emo\u00e7\u00e3o. N\u00e3o vivemos em est\u00fadio cinematogr\u00e1fico de Hollywood. Mas, \u00e9 como se a crian\u00e7a e a m\u00e3e fossem atriz e diretora para executar uma revela\u00e7\u00e3o espont\u00e2nea de uma crian\u00e7a, descrevendo um fato que lhe foi imposto por um adulto intrafamiliar.<br>N\u00e3o temos praticado a garantia do Direito \u00e0 Dignidade. N\u00e3o \u00e9 digno que a crian\u00e7a n\u00e3o tenha as melhores condi\u00e7\u00f5es para seu pleno desenvolvimento. J\u00e1 se passaram 30 anos. Estamos bem atrasados.<\/p>\n","protected":false},"excerpt":{"rendered":"<p>J\u00e1 se passaram 30 anos do ECA. Estamos bem atrasados. Verificamos que conceitos relativos ao desenvolvimento da crian\u00e7a s\u00e3o distorcidos de tal maneira que fica muito dif\u00edcil para a necess\u00e1ria organiza\u00e7\u00e3o da mente em crescimento. Prote\u00e7\u00e3o, e o que acontece \u00e9 a neglig\u00eancia. Liberdade, e o que acontece \u00e9 a lassid\u00e3o. Sa\u00fade, e o que [&hellip;]<\/p>\n","protected":false},"author":8,"featured_media":7372,"comment_status":"open","ping_status":"open","sticky":false,"template":"","format":"standard","meta":{"footnotes":""},"categories":[2522],"tags":[4186,4188,2812,4187,3374,2479,4148],"class_list":["post-7370","post","type-post","status-publish","format-standard","has-post-thumbnail","hentry","category-comportamento","tag-denuncia","tag-direitos","tag-eca","tag-liberdade","tag-negligencia","tag-violencia","tag-vitimas"],"yoast_head":"<!-- This site is optimized with the Yoast SEO plugin v26.5 - https:\/\/yoast.com\/wordpress\/plugins\/seo\/ -->\n<title>O ECA e a Sociedade Partida \u2014 Final - Jornal Fatos e Not\u00edcias<\/title>\n<meta name=\"robots\" content=\"index, follow, max-snippet:-1, max-image-preview:large, max-video-preview:-1\" \/>\n<link rel=\"canonical\" href=\"https:\/\/jornalfatosenoticias.com.br\/index.php\/2020\/08\/06\/o-eca-e-a-sociedade-partida-final\/\" \/>\n<meta property=\"og:locale\" content=\"pt_BR\" \/>\n<meta property=\"og:type\" content=\"article\" \/>\n<meta property=\"og:title\" content=\"O ECA e a Sociedade Partida \u2014 Final - Jornal Fatos e Not\u00edcias\" \/>\n<meta property=\"og:description\" content=\"J\u00e1 se passaram 30 anos do ECA. Estamos bem atrasados. Verificamos que conceitos relativos ao desenvolvimento da crian\u00e7a s\u00e3o distorcidos de tal maneira que fica muito dif\u00edcil para a necess\u00e1ria organiza\u00e7\u00e3o da mente em crescimento. Prote\u00e7\u00e3o, e o que acontece \u00e9 a neglig\u00eancia. Liberdade, e o que acontece \u00e9 a lassid\u00e3o. Sa\u00fade, e o que [&hellip;]\" \/>\n<meta property=\"og:url\" content=\"https:\/\/jornalfatosenoticias.com.br\/index.php\/2020\/08\/06\/o-eca-e-a-sociedade-partida-final\/\" \/>\n<meta property=\"og:site_name\" content=\"Jornal Fatos e Not\u00edcias\" \/>\n<meta property=\"article:published_time\" content=\"2020-08-06T21:42:31+00:00\" \/>\n<meta property=\"article:modified_time\" content=\"2020-08-06T21:42:33+00:00\" \/>\n<meta property=\"og:image\" content=\"https:\/\/jornalfatosenoticias.com.br\/wp-content\/uploads\/2020\/08\/crianca-pobreza.jpg\" \/>\n\t<meta property=\"og:image:width\" content=\"1000\" \/>\n\t<meta property=\"og:image:height\" content=\"666\" \/>\n\t<meta property=\"og:image:type\" content=\"image\/jpeg\" \/>\n<meta name=\"author\" content=\"Ana Maria Iencarelli\" \/>\n<meta name=\"twitter:card\" content=\"summary_large_image\" \/>\n<meta name=\"twitter:label1\" content=\"Escrito por\" \/>\n\t<meta name=\"twitter:data1\" content=\"Ana Maria Iencarelli\" \/>\n\t<meta name=\"twitter:label2\" content=\"Est. tempo de leitura\" \/>\n\t<meta name=\"twitter:data2\" content=\"4 minutos\" \/>\n<script type=\"application\/ld+json\" class=\"yoast-schema-graph\">{\"@context\":\"https:\/\/schema.org\",\"@graph\":[{\"@type\":\"Article\",\"@id\":\"https:\/\/jornalfatosenoticias.com.br\/index.php\/2020\/08\/06\/o-eca-e-a-sociedade-partida-final\/#article\",\"isPartOf\":{\"@id\":\"https:\/\/jornalfatosenoticias.com.br\/index.php\/2020\/08\/06\/o-eca-e-a-sociedade-partida-final\/\"},\"author\":{\"name\":\"Ana Maria Iencarelli\",\"@id\":\"https:\/\/jornalfatosenoticias.com.br\/#\/schema\/person\/c33fcf5fb02d729d3fec92c6737a22d1\"},\"headline\":\"O ECA e a Sociedade Partida \u2014 Final\",\"datePublished\":\"2020-08-06T21:42:31+00:00\",\"dateModified\":\"2020-08-06T21:42:33+00:00\",\"mainEntityOfPage\":{\"@id\":\"https:\/\/jornalfatosenoticias.com.br\/index.php\/2020\/08\/06\/o-eca-e-a-sociedade-partida-final\/\"},\"wordCount\":722,\"commentCount\":0,\"publisher\":{\"@id\":\"https:\/\/jornalfatosenoticias.com.br\/#organization\"},\"image\":{\"@id\":\"https:\/\/jornalfatosenoticias.com.br\/index.php\/2020\/08\/06\/o-eca-e-a-sociedade-partida-final\/#primaryimage\"},\"thumbnailUrl\":\"https:\/\/jornalfatosenoticias.com.br\/wp-content\/uploads\/2020\/08\/crianca-pobreza.jpg\",\"keywords\":[\"den\u00fancia\",\"direitos\",\"ECA\",\"liberdade\",\"neglig\u00eancia\",\"viol\u00eancia\",\"v\u00edtimas\"],\"articleSection\":[\"Comportamento &amp; Equil\u00edbrio\"],\"inLanguage\":\"pt-BR\",\"potentialAction\":[{\"@type\":\"CommentAction\",\"name\":\"Comment\",\"target\":[\"https:\/\/jornalfatosenoticias.com.br\/index.php\/2020\/08\/06\/o-eca-e-a-sociedade-partida-final\/#respond\"]}]},{\"@type\":\"WebPage\",\"@id\":\"https:\/\/jornalfatosenoticias.com.br\/index.php\/2020\/08\/06\/o-eca-e-a-sociedade-partida-final\/\",\"url\":\"https:\/\/jornalfatosenoticias.com.br\/index.php\/2020\/08\/06\/o-eca-e-a-sociedade-partida-final\/\",\"name\":\"O ECA e a Sociedade Partida \u2014 Final - Jornal Fatos e Not\u00edcias\",\"isPartOf\":{\"@id\":\"https:\/\/jornalfatosenoticias.com.br\/#website\"},\"primaryImageOfPage\":{\"@id\":\"https:\/\/jornalfatosenoticias.com.br\/index.php\/2020\/08\/06\/o-eca-e-a-sociedade-partida-final\/#primaryimage\"},\"image\":{\"@id\":\"https:\/\/jornalfatosenoticias.com.br\/index.php\/2020\/08\/06\/o-eca-e-a-sociedade-partida-final\/#primaryimage\"},\"thumbnailUrl\":\"https:\/\/jornalfatosenoticias.com.br\/wp-content\/uploads\/2020\/08\/crianca-pobreza.jpg\",\"datePublished\":\"2020-08-06T21:42:31+00:00\",\"dateModified\":\"2020-08-06T21:42:33+00:00\",\"breadcrumb\":{\"@id\":\"https:\/\/jornalfatosenoticias.com.br\/index.php\/2020\/08\/06\/o-eca-e-a-sociedade-partida-final\/#breadcrumb\"},\"inLanguage\":\"pt-BR\",\"potentialAction\":[{\"@type\":\"ReadAction\",\"target\":[\"https:\/\/jornalfatosenoticias.com.br\/index.php\/2020\/08\/06\/o-eca-e-a-sociedade-partida-final\/\"]}]},{\"@type\":\"ImageObject\",\"inLanguage\":\"pt-BR\",\"@id\":\"https:\/\/jornalfatosenoticias.com.br\/index.php\/2020\/08\/06\/o-eca-e-a-sociedade-partida-final\/#primaryimage\",\"url\":\"https:\/\/jornalfatosenoticias.com.br\/wp-content\/uploads\/2020\/08\/crianca-pobreza.jpg\",\"contentUrl\":\"https:\/\/jornalfatosenoticias.com.br\/wp-content\/uploads\/2020\/08\/crianca-pobreza.jpg\",\"width\":1000,\"height\":666},{\"@type\":\"BreadcrumbList\",\"@id\":\"https:\/\/jornalfatosenoticias.com.br\/index.php\/2020\/08\/06\/o-eca-e-a-sociedade-partida-final\/#breadcrumb\",\"itemListElement\":[{\"@type\":\"ListItem\",\"position\":1,\"name\":\"In\u00edcio\",\"item\":\"https:\/\/jornalfatosenoticias.com.br\/\"},{\"@type\":\"ListItem\",\"position\":2,\"name\":\"O ECA e a Sociedade Partida \u2014 Final\"}]},{\"@type\":\"WebSite\",\"@id\":\"https:\/\/jornalfatosenoticias.com.br\/#website\",\"url\":\"https:\/\/jornalfatosenoticias.com.br\/\",\"name\":\"Jornal Fatos e Not\u00edcias\",\"description\":\"Not\u00edcias em geral\",\"publisher\":{\"@id\":\"https:\/\/jornalfatosenoticias.com.br\/#organization\"},\"potentialAction\":[{\"@type\":\"SearchAction\",\"target\":{\"@type\":\"EntryPoint\",\"urlTemplate\":\"https:\/\/jornalfatosenoticias.com.br\/?s={search_term_string}\"},\"query-input\":{\"@type\":\"PropertyValueSpecification\",\"valueRequired\":true,\"valueName\":\"search_term_string\"}}],\"inLanguage\":\"pt-BR\"},{\"@type\":\"Organization\",\"@id\":\"https:\/\/jornalfatosenoticias.com.br\/#organization\",\"name\":\"Jornal Fatos e Not\u00edcias\",\"url\":\"https:\/\/jornalfatosenoticias.com.br\/\",\"logo\":{\"@type\":\"ImageObject\",\"inLanguage\":\"pt-BR\",\"@id\":\"https:\/\/jornalfatosenoticias.com.br\/#\/schema\/logo\/image\/\",\"url\":\"https:\/\/jornalfatosenoticias.com.br\/wp-content\/uploads\/2020\/02\/logo120.png\",\"contentUrl\":\"https:\/\/jornalfatosenoticias.com.br\/wp-content\/uploads\/2020\/02\/logo120.png\",\"width\":1227,\"height\":120,\"caption\":\"Jornal Fatos e Not\u00edcias\"},\"image\":{\"@id\":\"https:\/\/jornalfatosenoticias.com.br\/#\/schema\/logo\/image\/\"}},{\"@type\":\"Person\",\"@id\":\"https:\/\/jornalfatosenoticias.com.br\/#\/schema\/person\/c33fcf5fb02d729d3fec92c6737a22d1\",\"name\":\"Ana Maria Iencarelli\",\"image\":{\"@type\":\"ImageObject\",\"inLanguage\":\"pt-BR\",\"@id\":\"https:\/\/jornalfatosenoticias.com.br\/#\/schema\/person\/image\/\",\"url\":\"https:\/\/jornalfatosenoticias.com.br\/wp-content\/uploads\/2020\/02\/Ana-Maria-Iencarelli-1-150x150.jpg\",\"contentUrl\":\"https:\/\/jornalfatosenoticias.com.br\/wp-content\/uploads\/2020\/02\/Ana-Maria-Iencarelli-1-150x150.jpg\",\"caption\":\"Ana Maria Iencarelli\"},\"description\":\"Psicanalista Cl\u00ednica, especializada no atendimento a Crian\u00e7as e Adolescentes. Presidente da ONG Vozes de Anjos.\",\"url\":\"https:\/\/jornalfatosenoticias.com.br\/index.php\/author\/anamaria\/\"}]}<\/script>\n<!-- \/ Yoast SEO plugin. -->","yoast_head_json":{"title":"O ECA e a Sociedade Partida \u2014 Final - Jornal Fatos e Not\u00edcias","robots":{"index":"index","follow":"follow","max-snippet":"max-snippet:-1","max-image-preview":"max-image-preview:large","max-video-preview":"max-video-preview:-1"},"canonical":"https:\/\/jornalfatosenoticias.com.br\/index.php\/2020\/08\/06\/o-eca-e-a-sociedade-partida-final\/","og_locale":"pt_BR","og_type":"article","og_title":"O ECA e a Sociedade Partida \u2014 Final - Jornal Fatos e Not\u00edcias","og_description":"J\u00e1 se passaram 30 anos do ECA. Estamos bem atrasados. Verificamos que conceitos relativos ao desenvolvimento da crian\u00e7a s\u00e3o distorcidos de tal maneira que fica muito dif\u00edcil para a necess\u00e1ria organiza\u00e7\u00e3o da mente em crescimento. Prote\u00e7\u00e3o, e o que acontece \u00e9 a neglig\u00eancia. Liberdade, e o que acontece \u00e9 a lassid\u00e3o. Sa\u00fade, e o que [&hellip;]","og_url":"https:\/\/jornalfatosenoticias.com.br\/index.php\/2020\/08\/06\/o-eca-e-a-sociedade-partida-final\/","og_site_name":"Jornal Fatos e Not\u00edcias","article_published_time":"2020-08-06T21:42:31+00:00","article_modified_time":"2020-08-06T21:42:33+00:00","og_image":[{"width":1000,"height":666,"url":"https:\/\/jornalfatosenoticias.com.br\/wp-content\/uploads\/2020\/08\/crianca-pobreza.jpg","type":"image\/jpeg"}],"author":"Ana Maria Iencarelli","twitter_card":"summary_large_image","twitter_misc":{"Escrito por":"Ana Maria Iencarelli","Est. tempo de leitura":"4 minutos"},"schema":{"@context":"https:\/\/schema.org","@graph":[{"@type":"Article","@id":"https:\/\/jornalfatosenoticias.com.br\/index.php\/2020\/08\/06\/o-eca-e-a-sociedade-partida-final\/#article","isPartOf":{"@id":"https:\/\/jornalfatosenoticias.com.br\/index.php\/2020\/08\/06\/o-eca-e-a-sociedade-partida-final\/"},"author":{"name":"Ana Maria Iencarelli","@id":"https:\/\/jornalfatosenoticias.com.br\/#\/schema\/person\/c33fcf5fb02d729d3fec92c6737a22d1"},"headline":"O ECA e a Sociedade Partida \u2014 Final","datePublished":"2020-08-06T21:42:31+00:00","dateModified":"2020-08-06T21:42:33+00:00","mainEntityOfPage":{"@id":"https:\/\/jornalfatosenoticias.com.br\/index.php\/2020\/08\/06\/o-eca-e-a-sociedade-partida-final\/"},"wordCount":722,"commentCount":0,"publisher":{"@id":"https:\/\/jornalfatosenoticias.com.br\/#organization"},"image":{"@id":"https:\/\/jornalfatosenoticias.com.br\/index.php\/2020\/08\/06\/o-eca-e-a-sociedade-partida-final\/#primaryimage"},"thumbnailUrl":"https:\/\/jornalfatosenoticias.com.br\/wp-content\/uploads\/2020\/08\/crianca-pobreza.jpg","keywords":["den\u00fancia","direitos","ECA","liberdade","neglig\u00eancia","viol\u00eancia","v\u00edtimas"],"articleSection":["Comportamento &amp; Equil\u00edbrio"],"inLanguage":"pt-BR","potentialAction":[{"@type":"CommentAction","name":"Comment","target":["https:\/\/jornalfatosenoticias.com.br\/index.php\/2020\/08\/06\/o-eca-e-a-sociedade-partida-final\/#respond"]}]},{"@type":"WebPage","@id":"https:\/\/jornalfatosenoticias.com.br\/index.php\/2020\/08\/06\/o-eca-e-a-sociedade-partida-final\/","url":"https:\/\/jornalfatosenoticias.com.br\/index.php\/2020\/08\/06\/o-eca-e-a-sociedade-partida-final\/","name":"O ECA e a Sociedade Partida \u2014 Final - Jornal Fatos e Not\u00edcias","isPartOf":{"@id":"https:\/\/jornalfatosenoticias.com.br\/#website"},"primaryImageOfPage":{"@id":"https:\/\/jornalfatosenoticias.com.br\/index.php\/2020\/08\/06\/o-eca-e-a-sociedade-partida-final\/#primaryimage"},"image":{"@id":"https:\/\/jornalfatosenoticias.com.br\/index.php\/2020\/08\/06\/o-eca-e-a-sociedade-partida-final\/#primaryimage"},"thumbnailUrl":"https:\/\/jornalfatosenoticias.com.br\/wp-content\/uploads\/2020\/08\/crianca-pobreza.jpg","datePublished":"2020-08-06T21:42:31+00:00","dateModified":"2020-08-06T21:42:33+00:00","breadcrumb":{"@id":"https:\/\/jornalfatosenoticias.com.br\/index.php\/2020\/08\/06\/o-eca-e-a-sociedade-partida-final\/#breadcrumb"},"inLanguage":"pt-BR","potentialAction":[{"@type":"ReadAction","target":["https:\/\/jornalfatosenoticias.com.br\/index.php\/2020\/08\/06\/o-eca-e-a-sociedade-partida-final\/"]}]},{"@type":"ImageObject","inLanguage":"pt-BR","@id":"https:\/\/jornalfatosenoticias.com.br\/index.php\/2020\/08\/06\/o-eca-e-a-sociedade-partida-final\/#primaryimage","url":"https:\/\/jornalfatosenoticias.com.br\/wp-content\/uploads\/2020\/08\/crianca-pobreza.jpg","contentUrl":"https:\/\/jornalfatosenoticias.com.br\/wp-content\/uploads\/2020\/08\/crianca-pobreza.jpg","width":1000,"height":666},{"@type":"BreadcrumbList","@id":"https:\/\/jornalfatosenoticias.com.br\/index.php\/2020\/08\/06\/o-eca-e-a-sociedade-partida-final\/#breadcrumb","itemListElement":[{"@type":"ListItem","position":1,"name":"In\u00edcio","item":"https:\/\/jornalfatosenoticias.com.br\/"},{"@type":"ListItem","position":2,"name":"O ECA e a Sociedade Partida \u2014 Final"}]},{"@type":"WebSite","@id":"https:\/\/jornalfatosenoticias.com.br\/#website","url":"https:\/\/jornalfatosenoticias.com.br\/","name":"Jornal Fatos e Not\u00edcias","description":"Not\u00edcias em geral","publisher":{"@id":"https:\/\/jornalfatosenoticias.com.br\/#organization"},"potentialAction":[{"@type":"SearchAction","target":{"@type":"EntryPoint","urlTemplate":"https:\/\/jornalfatosenoticias.com.br\/?s={search_term_string}"},"query-input":{"@type":"PropertyValueSpecification","valueRequired":true,"valueName":"search_term_string"}}],"inLanguage":"pt-BR"},{"@type":"Organization","@id":"https:\/\/jornalfatosenoticias.com.br\/#organization","name":"Jornal Fatos e Not\u00edcias","url":"https:\/\/jornalfatosenoticias.com.br\/","logo":{"@type":"ImageObject","inLanguage":"pt-BR","@id":"https:\/\/jornalfatosenoticias.com.br\/#\/schema\/logo\/image\/","url":"https:\/\/jornalfatosenoticias.com.br\/wp-content\/uploads\/2020\/02\/logo120.png","contentUrl":"https:\/\/jornalfatosenoticias.com.br\/wp-content\/uploads\/2020\/02\/logo120.png","width":1227,"height":120,"caption":"Jornal Fatos e Not\u00edcias"},"image":{"@id":"https:\/\/jornalfatosenoticias.com.br\/#\/schema\/logo\/image\/"}},{"@type":"Person","@id":"https:\/\/jornalfatosenoticias.com.br\/#\/schema\/person\/c33fcf5fb02d729d3fec92c6737a22d1","name":"Ana Maria Iencarelli","image":{"@type":"ImageObject","inLanguage":"pt-BR","@id":"https:\/\/jornalfatosenoticias.com.br\/#\/schema\/person\/image\/","url":"https:\/\/jornalfatosenoticias.com.br\/wp-content\/uploads\/2020\/02\/Ana-Maria-Iencarelli-1-150x150.jpg","contentUrl":"https:\/\/jornalfatosenoticias.com.br\/wp-content\/uploads\/2020\/02\/Ana-Maria-Iencarelli-1-150x150.jpg","caption":"Ana Maria Iencarelli"},"description":"Psicanalista Cl\u00ednica, especializada no atendimento a Crian\u00e7as e Adolescentes. Presidente da ONG Vozes de Anjos.","url":"https:\/\/jornalfatosenoticias.com.br\/index.php\/author\/anamaria\/"}]}},"cc_featured_image_caption":{"caption_text":"(Foto: Fernando Fraz\u00e3o\/Ag\u00eancia Brasil)","source_text":"","source_url":""},"jetpack_featured_media_url":"https:\/\/jornalfatosenoticias.com.br\/wp-content\/uploads\/2020\/08\/crianca-pobreza.jpg","_links":{"self":[{"href":"https:\/\/jornalfatosenoticias.com.br\/index.php\/wp-json\/wp\/v2\/posts\/7370","targetHints":{"allow":["GET"]}}],"collection":[{"href":"https:\/\/jornalfatosenoticias.com.br\/index.php\/wp-json\/wp\/v2\/posts"}],"about":[{"href":"https:\/\/jornalfatosenoticias.com.br\/index.php\/wp-json\/wp\/v2\/types\/post"}],"author":[{"embeddable":true,"href":"https:\/\/jornalfatosenoticias.com.br\/index.php\/wp-json\/wp\/v2\/users\/8"}],"replies":[{"embeddable":true,"href":"https:\/\/jornalfatosenoticias.com.br\/index.php\/wp-json\/wp\/v2\/comments?post=7370"}],"version-history":[{"count":0,"href":"https:\/\/jornalfatosenoticias.com.br\/index.php\/wp-json\/wp\/v2\/posts\/7370\/revisions"}],"wp:featuredmedia":[{"embeddable":true,"href":"https:\/\/jornalfatosenoticias.com.br\/index.php\/wp-json\/wp\/v2\/media\/7372"}],"wp:attachment":[{"href":"https:\/\/jornalfatosenoticias.com.br\/index.php\/wp-json\/wp\/v2\/media?parent=7370"}],"wp:term":[{"taxonomy":"category","embeddable":true,"href":"https:\/\/jornalfatosenoticias.com.br\/index.php\/wp-json\/wp\/v2\/categories?post=7370"},{"taxonomy":"post_tag","embeddable":true,"href":"https:\/\/jornalfatosenoticias.com.br\/index.php\/wp-json\/wp\/v2\/tags?post=7370"}],"curies":[{"name":"wp","href":"https:\/\/api.w.org\/{rel}","templated":true}]}}