{"id":7394,"date":"2020-08-07T15:38:32","date_gmt":"2020-08-07T18:38:32","guid":{"rendered":"https:\/\/jornalfatosenoticias.com.br\/?p=7394"},"modified":"2020-08-07T15:38:35","modified_gmt":"2020-08-07T18:38:35","slug":"livro-de-contos-indigenas-tera-lucro-revertido-para-combater-covid","status":"publish","type":"post","link":"https:\/\/jornalfatosenoticias.com.br\/index.php\/2020\/08\/07\/livro-de-contos-indigenas-tera-lucro-revertido-para-combater-covid\/","title":{"rendered":"Livro de contos ind\u00edgenas ter\u00e1 lucro revertido para combater covid"},"content":{"rendered":"\n<h6 class=\"wp-block-heading\"><em>J\u00e1 pensou que poucos autores ind\u00edgenas chegam \u00e0s escolas? Esta \u00e9 uma oportunidade de valorizar a literatura ind\u00edgena e ainda contribuir para doa\u00e7\u00e3o de kits de higiene<\/em><\/h6>\n\n\n\n<p>Pedagogo e estudante de mestrado em Antropologia Social na USP, em S\u00e3o Paulo, Tiago Nhandewa \u00e9 da etnia Guarani-Nhandewa. Morador da aldeia Nimuendaju, localizada na Terra Ind\u00edgena Ararib\u00e1, munic\u00edpio de Ava\u00ed, interior de S\u00e3o Paulo, ele acaba de lan\u00e7ar o seu primeiro livro Quando eu ca\u00e7ava tatu e outros bichos (editora independente).<br>A motiva\u00e7\u00e3o inicial em escrever a obra era dar destaque \u00e0 literatura ind\u00edgena, mas com a pandemia provocada pela covid-19, Tiago encontrou ainda um outro prop\u00f3sito: o valor arrecadado com a venda ser\u00e1 revertido para ajudar sua aldeia no combate \u00e0 doen\u00e7a.<br>\u201cA comunidade n\u00e3o tem muitas condi\u00e7\u00f5es de possuir sempre produtos de higiene, como \u00e1lcool gel, \u00e1gua sanit\u00e1ria, sab\u00e3o neutro e m\u00e1scaras\u201d, conta o mestrando da USP. Ser\u00e3o montados kits de higiene e doados \u00e0s 32 fam\u00edlias da aldeia.<br>O autor explica que j\u00e1 estava decidido, desde o in\u00edcio da elabora\u00e7\u00e3o do livro, que o lucro da venda seria destinado a projetos sociais na sua comunidade, tanto na \u00e1rea da literatura ind\u00edgena quanto em projetos culturais. \u201cAgora, com a necessidade de combate e preven\u00e7\u00e3o contra a covid-19 em minha comunidade, resolvi que o lucro seria tamb\u00e9m para ajudar a combater a pandemia\u201d.<\/p>\n\n\n\n<figure class=\"wp-block-image size-large\"><img loading=\"lazy\" decoding=\"async\" width=\"980\" height=\"514\" src=\"https:\/\/jornalfatosenoticias.com.br\/wp-content\/uploads\/2020\/08\/livro-de-contos-indigenas.jpg\" alt=\"\" class=\"wp-image-7395\" srcset=\"https:\/\/jornalfatosenoticias.com.br\/wp-content\/uploads\/2020\/08\/livro-de-contos-indigenas.jpg 980w, https:\/\/jornalfatosenoticias.com.br\/wp-content\/uploads\/2020\/08\/livro-de-contos-indigenas-300x157.jpg 300w, https:\/\/jornalfatosenoticias.com.br\/wp-content\/uploads\/2020\/08\/livro-de-contos-indigenas-768x403.jpg 768w\" sizes=\"auto, (max-width: 980px) 100vw, 980px\" \/><figcaption><em>Crian\u00e7as da aldeia Nimuendaju, que ser\u00e3o beneficiadas com a venda do livro (Foto: Tiago Nhandewa)<\/em><\/figcaption><\/figure>\n\n\n\n<h4 class=\"wp-block-heading\">Livro de contos<\/h4>\n\n\n\n<p>O livro registra contos e mem\u00f3rias de aventuras de meninos ind\u00edgenas. As hist\u00f3rias se passam em um determinado tempo e realidade nas aldeias onde o autor mora e passou a sua inf\u00e2ncia. Um dos grandes objetivos \u00e9 dar destaque \u00e0 literatura ind\u00edgena e incentivar a leitura e escrita nas escolas das aldeias ind\u00edgenas de todo o Pa\u00eds. A obra tamb\u00e9m procura quebrar estere\u00f3tipos relacionados \u00e0 cultura ind\u00edgena.<br>O lan\u00e7amento estava previsto para o dia 19 de abril, mas foi adiado em raz\u00e3o da pandemia. Ocorreu posteriormente, a partir do YouTube, durante evento promovido pela Casa Fant\u00e1stica FLIP, no dia 28 de junho. Nhandewa participou de um debate chamado Descolonizar a Literatura, no qual divulgou seu livro.<br>Ap\u00f3s o lan\u00e7amento nas redes sociais, Tiago disponibilizou 180 exemplares para comercializa\u00e7\u00e3o no Mercado Livre, o valor \u00e9 R$ 37,91. Quem quiser, ainda pode adquirir o livro de contos diretamente com o autor a partir das redes sociais, e-mail ou telefone (Facebook: Tiago Oliveira Nhandewa \/Instagram: nhandewa_tiago \/Twitter: TNhandewa \/WhatsApp: (14) 99693-4362 \/E-mail: tiagooliveira1985@live.com).<br>Segundo Nhandewa, sua principal motiva\u00e7\u00e3o para escrever foi disponibilizar mais livros com autoria ind\u00edgena em bibliotecas de escolas, j\u00e1 que s\u00e3o poucos os autores ind\u00edgenas que chegam \u00e0s escolas.<br>\u201cAl\u00e9m disso, queria registrar as hist\u00f3rias e mem\u00f3rias de uma fase importante no desenvolvimento da forma\u00e7\u00e3o do menino ind\u00edgena, quando ele ganha independ\u00eancia para realiza\u00e7\u00e3o das ca\u00e7adas de bichos. Como tudo mudou, essas ca\u00e7adas n\u00e3o acontecem mais, por isso a necessidade de registrar as mem\u00f3rias, para que outras pessoas saibam como era\u201d.<\/p>\n\n\n\n<p><em><strong>Fonte: <a href=\"https:\/\/ciclovivo.com.br\/covid19\/livro-de-contos-indigenas-tera-lucro-revertido-para-combater-covid\/\">CicloVivo<\/a><\/strong><\/em><\/p>\n","protected":false},"excerpt":{"rendered":"<p>J\u00e1 pensou que poucos autores ind\u00edgenas chegam \u00e0s escolas? Esta \u00e9 uma oportunidade de valorizar a literatura ind\u00edgena e ainda contribuir para doa\u00e7\u00e3o de kits de higiene Pedagogo e estudante de mestrado em Antropologia Social na USP, em S\u00e3o Paulo, Tiago Nhandewa \u00e9 da etnia Guarani-Nhandewa. Morador da aldeia Nimuendaju, localizada na Terra Ind\u00edgena Ararib\u00e1, [&hellip;]<\/p>\n","protected":false},"author":2,"featured_media":7396,"comment_status":"open","ping_status":"open","sticky":false,"template":"","format":"standard","meta":{"footnotes":""},"categories":[4],"tags":[4195,273,4196,1217],"class_list":["post-7394","post","type-post","status-publish","format-standard","has-post-thumbnail","hentry","category-cultura","tag-contos-indigenas","tag-covid-19","tag-literatura-indigena","tag-livro"],"yoast_head":"<!-- This site is optimized with the Yoast SEO plugin v26.5 - https:\/\/yoast.com\/wordpress\/plugins\/seo\/ -->\n<title>Livro de contos ind\u00edgenas ter\u00e1 lucro revertido para combater covid - Jornal Fatos e Not\u00edcias<\/title>\n<meta name=\"robots\" content=\"index, follow, max-snippet:-1, max-image-preview:large, max-video-preview:-1\" \/>\n<link rel=\"canonical\" href=\"https:\/\/jornalfatosenoticias.com.br\/index.php\/2020\/08\/07\/livro-de-contos-indigenas-tera-lucro-revertido-para-combater-covid\/\" \/>\n<meta property=\"og:locale\" content=\"pt_BR\" \/>\n<meta property=\"og:type\" content=\"article\" \/>\n<meta property=\"og:title\" content=\"Livro de contos ind\u00edgenas ter\u00e1 lucro revertido para combater covid - Jornal Fatos e Not\u00edcias\" \/>\n<meta property=\"og:description\" content=\"J\u00e1 pensou que poucos autores ind\u00edgenas chegam \u00e0s escolas? Esta \u00e9 uma oportunidade de valorizar a literatura ind\u00edgena e ainda contribuir para doa\u00e7\u00e3o de kits de higiene Pedagogo e estudante de mestrado em Antropologia Social na USP, em S\u00e3o Paulo, Tiago Nhandewa \u00e9 da etnia Guarani-Nhandewa. Morador da aldeia Nimuendaju, localizada na Terra Ind\u00edgena Ararib\u00e1, [&hellip;]\" \/>\n<meta property=\"og:url\" content=\"https:\/\/jornalfatosenoticias.com.br\/index.php\/2020\/08\/07\/livro-de-contos-indigenas-tera-lucro-revertido-para-combater-covid\/\" \/>\n<meta property=\"og:site_name\" content=\"Jornal Fatos e Not\u00edcias\" \/>\n<meta property=\"article:published_time\" content=\"2020-08-07T18:38:32+00:00\" \/>\n<meta property=\"article:modified_time\" content=\"2020-08-07T18:38:35+00:00\" \/>\n<meta property=\"og:image\" content=\"https:\/\/jornalfatosenoticias.com.br\/wp-content\/uploads\/2020\/08\/literatura-indigena-capa.jpg\" \/>\n\t<meta property=\"og:image:width\" content=\"1000\" \/>\n\t<meta property=\"og:image:height\" content=\"525\" \/>\n\t<meta property=\"og:image:type\" content=\"image\/jpeg\" \/>\n<meta name=\"author\" content=\"Luzimara Fernandes\" \/>\n<meta name=\"twitter:card\" content=\"summary_large_image\" \/>\n<meta name=\"twitter:label1\" content=\"Escrito por\" \/>\n\t<meta name=\"twitter:data1\" content=\"Luzimara Fernandes\" \/>\n\t<meta name=\"twitter:label2\" content=\"Est. tempo de leitura\" \/>\n\t<meta name=\"twitter:data2\" content=\"3 minutos\" \/>\n<script type=\"application\/ld+json\" class=\"yoast-schema-graph\">{\"@context\":\"https:\/\/schema.org\",\"@graph\":[{\"@type\":\"Article\",\"@id\":\"https:\/\/jornalfatosenoticias.com.br\/index.php\/2020\/08\/07\/livro-de-contos-indigenas-tera-lucro-revertido-para-combater-covid\/#article\",\"isPartOf\":{\"@id\":\"https:\/\/jornalfatosenoticias.com.br\/index.php\/2020\/08\/07\/livro-de-contos-indigenas-tera-lucro-revertido-para-combater-covid\/\"},\"author\":{\"name\":\"Luzimara Fernandes\",\"@id\":\"https:\/\/jornalfatosenoticias.com.br\/#\/schema\/person\/d63837fa13ac8666eb9e74e0985d6f81\"},\"headline\":\"Livro de contos ind\u00edgenas ter\u00e1 lucro revertido para combater covid\",\"datePublished\":\"2020-08-07T18:38:32+00:00\",\"dateModified\":\"2020-08-07T18:38:35+00:00\",\"mainEntityOfPage\":{\"@id\":\"https:\/\/jornalfatosenoticias.com.br\/index.php\/2020\/08\/07\/livro-de-contos-indigenas-tera-lucro-revertido-para-combater-covid\/\"},\"wordCount\":551,\"commentCount\":0,\"publisher\":{\"@id\":\"https:\/\/jornalfatosenoticias.com.br\/#organization\"},\"image\":{\"@id\":\"https:\/\/jornalfatosenoticias.com.br\/index.php\/2020\/08\/07\/livro-de-contos-indigenas-tera-lucro-revertido-para-combater-covid\/#primaryimage\"},\"thumbnailUrl\":\"https:\/\/jornalfatosenoticias.com.br\/wp-content\/uploads\/2020\/08\/literatura-indigena-capa.jpg\",\"keywords\":[\"contos ind\u00edgenas\",\"covid-19\",\"literatura ind\u00edgena\",\"livro\"],\"articleSection\":[\"Cultura\"],\"inLanguage\":\"pt-BR\",\"potentialAction\":[{\"@type\":\"CommentAction\",\"name\":\"Comment\",\"target\":[\"https:\/\/jornalfatosenoticias.com.br\/index.php\/2020\/08\/07\/livro-de-contos-indigenas-tera-lucro-revertido-para-combater-covid\/#respond\"]}]},{\"@type\":\"WebPage\",\"@id\":\"https:\/\/jornalfatosenoticias.com.br\/index.php\/2020\/08\/07\/livro-de-contos-indigenas-tera-lucro-revertido-para-combater-covid\/\",\"url\":\"https:\/\/jornalfatosenoticias.com.br\/index.php\/2020\/08\/07\/livro-de-contos-indigenas-tera-lucro-revertido-para-combater-covid\/\",\"name\":\"Livro de contos ind\u00edgenas ter\u00e1 lucro revertido para combater covid - Jornal Fatos e Not\u00edcias\",\"isPartOf\":{\"@id\":\"https:\/\/jornalfatosenoticias.com.br\/#website\"},\"primaryImageOfPage\":{\"@id\":\"https:\/\/jornalfatosenoticias.com.br\/index.php\/2020\/08\/07\/livro-de-contos-indigenas-tera-lucro-revertido-para-combater-covid\/#primaryimage\"},\"image\":{\"@id\":\"https:\/\/jornalfatosenoticias.com.br\/index.php\/2020\/08\/07\/livro-de-contos-indigenas-tera-lucro-revertido-para-combater-covid\/#primaryimage\"},\"thumbnailUrl\":\"https:\/\/jornalfatosenoticias.com.br\/wp-content\/uploads\/2020\/08\/literatura-indigena-capa.jpg\",\"datePublished\":\"2020-08-07T18:38:32+00:00\",\"dateModified\":\"2020-08-07T18:38:35+00:00\",\"breadcrumb\":{\"@id\":\"https:\/\/jornalfatosenoticias.com.br\/index.php\/2020\/08\/07\/livro-de-contos-indigenas-tera-lucro-revertido-para-combater-covid\/#breadcrumb\"},\"inLanguage\":\"pt-BR\",\"potentialAction\":[{\"@type\":\"ReadAction\",\"target\":[\"https:\/\/jornalfatosenoticias.com.br\/index.php\/2020\/08\/07\/livro-de-contos-indigenas-tera-lucro-revertido-para-combater-covid\/\"]}]},{\"@type\":\"ImageObject\",\"inLanguage\":\"pt-BR\",\"@id\":\"https:\/\/jornalfatosenoticias.com.br\/index.php\/2020\/08\/07\/livro-de-contos-indigenas-tera-lucro-revertido-para-combater-covid\/#primaryimage\",\"url\":\"https:\/\/jornalfatosenoticias.com.br\/wp-content\/uploads\/2020\/08\/literatura-indigena-capa.jpg\",\"contentUrl\":\"https:\/\/jornalfatosenoticias.com.br\/wp-content\/uploads\/2020\/08\/literatura-indigena-capa.jpg\",\"width\":1000,\"height\":525},{\"@type\":\"BreadcrumbList\",\"@id\":\"https:\/\/jornalfatosenoticias.com.br\/index.php\/2020\/08\/07\/livro-de-contos-indigenas-tera-lucro-revertido-para-combater-covid\/#breadcrumb\",\"itemListElement\":[{\"@type\":\"ListItem\",\"position\":1,\"name\":\"In\u00edcio\",\"item\":\"https:\/\/jornalfatosenoticias.com.br\/\"},{\"@type\":\"ListItem\",\"position\":2,\"name\":\"Livro de contos ind\u00edgenas ter\u00e1 lucro revertido para combater covid\"}]},{\"@type\":\"WebSite\",\"@id\":\"https:\/\/jornalfatosenoticias.com.br\/#website\",\"url\":\"https:\/\/jornalfatosenoticias.com.br\/\",\"name\":\"Jornal Fatos e Not\u00edcias\",\"description\":\"Not\u00edcias em geral\",\"publisher\":{\"@id\":\"https:\/\/jornalfatosenoticias.com.br\/#organization\"},\"potentialAction\":[{\"@type\":\"SearchAction\",\"target\":{\"@type\":\"EntryPoint\",\"urlTemplate\":\"https:\/\/jornalfatosenoticias.com.br\/?s={search_term_string}\"},\"query-input\":{\"@type\":\"PropertyValueSpecification\",\"valueRequired\":true,\"valueName\":\"search_term_string\"}}],\"inLanguage\":\"pt-BR\"},{\"@type\":\"Organization\",\"@id\":\"https:\/\/jornalfatosenoticias.com.br\/#organization\",\"name\":\"Jornal Fatos e Not\u00edcias\",\"url\":\"https:\/\/jornalfatosenoticias.com.br\/\",\"logo\":{\"@type\":\"ImageObject\",\"inLanguage\":\"pt-BR\",\"@id\":\"https:\/\/jornalfatosenoticias.com.br\/#\/schema\/logo\/image\/\",\"url\":\"https:\/\/jornalfatosenoticias.com.br\/wp-content\/uploads\/2020\/02\/logo120.png\",\"contentUrl\":\"https:\/\/jornalfatosenoticias.com.br\/wp-content\/uploads\/2020\/02\/logo120.png\",\"width\":1227,\"height\":120,\"caption\":\"Jornal Fatos e Not\u00edcias\"},\"image\":{\"@id\":\"https:\/\/jornalfatosenoticias.com.br\/#\/schema\/logo\/image\/\"}},{\"@type\":\"Person\",\"@id\":\"https:\/\/jornalfatosenoticias.com.br\/#\/schema\/person\/d63837fa13ac8666eb9e74e0985d6f81\",\"name\":\"Luzimara Fernandes\",\"image\":{\"@type\":\"ImageObject\",\"inLanguage\":\"pt-BR\",\"@id\":\"https:\/\/jornalfatosenoticias.com.br\/#\/schema\/person\/image\/\",\"url\":\"https:\/\/jornalfatosenoticias.com.br\/wp-content\/uploads\/2025\/05\/EU_portal.jpg\",\"contentUrl\":\"https:\/\/jornalfatosenoticias.com.br\/wp-content\/uploads\/2025\/05\/EU_portal.jpg\",\"caption\":\"Luzimara Fernandes\"},\"description\":\"Jornalista MTB 2358-ES\",\"sameAs\":[\"https:\/\/jornalfatosenoticias.com.br\"],\"url\":\"https:\/\/jornalfatosenoticias.com.br\/index.php\/author\/luzimara\/\"}]}<\/script>\n<!-- \/ Yoast SEO plugin. -->","yoast_head_json":{"title":"Livro de contos ind\u00edgenas ter\u00e1 lucro revertido para combater covid - Jornal Fatos e Not\u00edcias","robots":{"index":"index","follow":"follow","max-snippet":"max-snippet:-1","max-image-preview":"max-image-preview:large","max-video-preview":"max-video-preview:-1"},"canonical":"https:\/\/jornalfatosenoticias.com.br\/index.php\/2020\/08\/07\/livro-de-contos-indigenas-tera-lucro-revertido-para-combater-covid\/","og_locale":"pt_BR","og_type":"article","og_title":"Livro de contos ind\u00edgenas ter\u00e1 lucro revertido para combater covid - Jornal Fatos e Not\u00edcias","og_description":"J\u00e1 pensou que poucos autores ind\u00edgenas chegam \u00e0s escolas? Esta \u00e9 uma oportunidade de valorizar a literatura ind\u00edgena e ainda contribuir para doa\u00e7\u00e3o de kits de higiene Pedagogo e estudante de mestrado em Antropologia Social na USP, em S\u00e3o Paulo, Tiago Nhandewa \u00e9 da etnia Guarani-Nhandewa. Morador da aldeia Nimuendaju, localizada na Terra Ind\u00edgena Ararib\u00e1, [&hellip;]","og_url":"https:\/\/jornalfatosenoticias.com.br\/index.php\/2020\/08\/07\/livro-de-contos-indigenas-tera-lucro-revertido-para-combater-covid\/","og_site_name":"Jornal Fatos e Not\u00edcias","article_published_time":"2020-08-07T18:38:32+00:00","article_modified_time":"2020-08-07T18:38:35+00:00","og_image":[{"width":1000,"height":525,"url":"https:\/\/jornalfatosenoticias.com.br\/wp-content\/uploads\/2020\/08\/literatura-indigena-capa.jpg","type":"image\/jpeg"}],"author":"Luzimara Fernandes","twitter_card":"summary_large_image","twitter_misc":{"Escrito por":"Luzimara Fernandes","Est. tempo de leitura":"3 minutos"},"schema":{"@context":"https:\/\/schema.org","@graph":[{"@type":"Article","@id":"https:\/\/jornalfatosenoticias.com.br\/index.php\/2020\/08\/07\/livro-de-contos-indigenas-tera-lucro-revertido-para-combater-covid\/#article","isPartOf":{"@id":"https:\/\/jornalfatosenoticias.com.br\/index.php\/2020\/08\/07\/livro-de-contos-indigenas-tera-lucro-revertido-para-combater-covid\/"},"author":{"name":"Luzimara Fernandes","@id":"https:\/\/jornalfatosenoticias.com.br\/#\/schema\/person\/d63837fa13ac8666eb9e74e0985d6f81"},"headline":"Livro de contos ind\u00edgenas ter\u00e1 lucro revertido para combater covid","datePublished":"2020-08-07T18:38:32+00:00","dateModified":"2020-08-07T18:38:35+00:00","mainEntityOfPage":{"@id":"https:\/\/jornalfatosenoticias.com.br\/index.php\/2020\/08\/07\/livro-de-contos-indigenas-tera-lucro-revertido-para-combater-covid\/"},"wordCount":551,"commentCount":0,"publisher":{"@id":"https:\/\/jornalfatosenoticias.com.br\/#organization"},"image":{"@id":"https:\/\/jornalfatosenoticias.com.br\/index.php\/2020\/08\/07\/livro-de-contos-indigenas-tera-lucro-revertido-para-combater-covid\/#primaryimage"},"thumbnailUrl":"https:\/\/jornalfatosenoticias.com.br\/wp-content\/uploads\/2020\/08\/literatura-indigena-capa.jpg","keywords":["contos ind\u00edgenas","covid-19","literatura ind\u00edgena","livro"],"articleSection":["Cultura"],"inLanguage":"pt-BR","potentialAction":[{"@type":"CommentAction","name":"Comment","target":["https:\/\/jornalfatosenoticias.com.br\/index.php\/2020\/08\/07\/livro-de-contos-indigenas-tera-lucro-revertido-para-combater-covid\/#respond"]}]},{"@type":"WebPage","@id":"https:\/\/jornalfatosenoticias.com.br\/index.php\/2020\/08\/07\/livro-de-contos-indigenas-tera-lucro-revertido-para-combater-covid\/","url":"https:\/\/jornalfatosenoticias.com.br\/index.php\/2020\/08\/07\/livro-de-contos-indigenas-tera-lucro-revertido-para-combater-covid\/","name":"Livro de contos ind\u00edgenas ter\u00e1 lucro revertido para combater covid - Jornal Fatos e Not\u00edcias","isPartOf":{"@id":"https:\/\/jornalfatosenoticias.com.br\/#website"},"primaryImageOfPage":{"@id":"https:\/\/jornalfatosenoticias.com.br\/index.php\/2020\/08\/07\/livro-de-contos-indigenas-tera-lucro-revertido-para-combater-covid\/#primaryimage"},"image":{"@id":"https:\/\/jornalfatosenoticias.com.br\/index.php\/2020\/08\/07\/livro-de-contos-indigenas-tera-lucro-revertido-para-combater-covid\/#primaryimage"},"thumbnailUrl":"https:\/\/jornalfatosenoticias.com.br\/wp-content\/uploads\/2020\/08\/literatura-indigena-capa.jpg","datePublished":"2020-08-07T18:38:32+00:00","dateModified":"2020-08-07T18:38:35+00:00","breadcrumb":{"@id":"https:\/\/jornalfatosenoticias.com.br\/index.php\/2020\/08\/07\/livro-de-contos-indigenas-tera-lucro-revertido-para-combater-covid\/#breadcrumb"},"inLanguage":"pt-BR","potentialAction":[{"@type":"ReadAction","target":["https:\/\/jornalfatosenoticias.com.br\/index.php\/2020\/08\/07\/livro-de-contos-indigenas-tera-lucro-revertido-para-combater-covid\/"]}]},{"@type":"ImageObject","inLanguage":"pt-BR","@id":"https:\/\/jornalfatosenoticias.com.br\/index.php\/2020\/08\/07\/livro-de-contos-indigenas-tera-lucro-revertido-para-combater-covid\/#primaryimage","url":"https:\/\/jornalfatosenoticias.com.br\/wp-content\/uploads\/2020\/08\/literatura-indigena-capa.jpg","contentUrl":"https:\/\/jornalfatosenoticias.com.br\/wp-content\/uploads\/2020\/08\/literatura-indigena-capa.jpg","width":1000,"height":525},{"@type":"BreadcrumbList","@id":"https:\/\/jornalfatosenoticias.com.br\/index.php\/2020\/08\/07\/livro-de-contos-indigenas-tera-lucro-revertido-para-combater-covid\/#breadcrumb","itemListElement":[{"@type":"ListItem","position":1,"name":"In\u00edcio","item":"https:\/\/jornalfatosenoticias.com.br\/"},{"@type":"ListItem","position":2,"name":"Livro de contos ind\u00edgenas ter\u00e1 lucro revertido para combater covid"}]},{"@type":"WebSite","@id":"https:\/\/jornalfatosenoticias.com.br\/#website","url":"https:\/\/jornalfatosenoticias.com.br\/","name":"Jornal Fatos e Not\u00edcias","description":"Not\u00edcias em geral","publisher":{"@id":"https:\/\/jornalfatosenoticias.com.br\/#organization"},"potentialAction":[{"@type":"SearchAction","target":{"@type":"EntryPoint","urlTemplate":"https:\/\/jornalfatosenoticias.com.br\/?s={search_term_string}"},"query-input":{"@type":"PropertyValueSpecification","valueRequired":true,"valueName":"search_term_string"}}],"inLanguage":"pt-BR"},{"@type":"Organization","@id":"https:\/\/jornalfatosenoticias.com.br\/#organization","name":"Jornal Fatos e Not\u00edcias","url":"https:\/\/jornalfatosenoticias.com.br\/","logo":{"@type":"ImageObject","inLanguage":"pt-BR","@id":"https:\/\/jornalfatosenoticias.com.br\/#\/schema\/logo\/image\/","url":"https:\/\/jornalfatosenoticias.com.br\/wp-content\/uploads\/2020\/02\/logo120.png","contentUrl":"https:\/\/jornalfatosenoticias.com.br\/wp-content\/uploads\/2020\/02\/logo120.png","width":1227,"height":120,"caption":"Jornal Fatos e Not\u00edcias"},"image":{"@id":"https:\/\/jornalfatosenoticias.com.br\/#\/schema\/logo\/image\/"}},{"@type":"Person","@id":"https:\/\/jornalfatosenoticias.com.br\/#\/schema\/person\/d63837fa13ac8666eb9e74e0985d6f81","name":"Luzimara Fernandes","image":{"@type":"ImageObject","inLanguage":"pt-BR","@id":"https:\/\/jornalfatosenoticias.com.br\/#\/schema\/person\/image\/","url":"https:\/\/jornalfatosenoticias.com.br\/wp-content\/uploads\/2025\/05\/EU_portal.jpg","contentUrl":"https:\/\/jornalfatosenoticias.com.br\/wp-content\/uploads\/2025\/05\/EU_portal.jpg","caption":"Luzimara Fernandes"},"description":"Jornalista MTB 2358-ES","sameAs":["https:\/\/jornalfatosenoticias.com.br"],"url":"https:\/\/jornalfatosenoticias.com.br\/index.php\/author\/luzimara\/"}]}},"cc_featured_image_caption":{"caption_text":"(Imagem: Divulga\u00e7\u00e3o) \r\n","source_text":"","source_url":""},"jetpack_featured_media_url":"https:\/\/jornalfatosenoticias.com.br\/wp-content\/uploads\/2020\/08\/literatura-indigena-capa.jpg","_links":{"self":[{"href":"https:\/\/jornalfatosenoticias.com.br\/index.php\/wp-json\/wp\/v2\/posts\/7394","targetHints":{"allow":["GET"]}}],"collection":[{"href":"https:\/\/jornalfatosenoticias.com.br\/index.php\/wp-json\/wp\/v2\/posts"}],"about":[{"href":"https:\/\/jornalfatosenoticias.com.br\/index.php\/wp-json\/wp\/v2\/types\/post"}],"author":[{"embeddable":true,"href":"https:\/\/jornalfatosenoticias.com.br\/index.php\/wp-json\/wp\/v2\/users\/2"}],"replies":[{"embeddable":true,"href":"https:\/\/jornalfatosenoticias.com.br\/index.php\/wp-json\/wp\/v2\/comments?post=7394"}],"version-history":[{"count":0,"href":"https:\/\/jornalfatosenoticias.com.br\/index.php\/wp-json\/wp\/v2\/posts\/7394\/revisions"}],"wp:featuredmedia":[{"embeddable":true,"href":"https:\/\/jornalfatosenoticias.com.br\/index.php\/wp-json\/wp\/v2\/media\/7396"}],"wp:attachment":[{"href":"https:\/\/jornalfatosenoticias.com.br\/index.php\/wp-json\/wp\/v2\/media?parent=7394"}],"wp:term":[{"taxonomy":"category","embeddable":true,"href":"https:\/\/jornalfatosenoticias.com.br\/index.php\/wp-json\/wp\/v2\/categories?post=7394"},{"taxonomy":"post_tag","embeddable":true,"href":"https:\/\/jornalfatosenoticias.com.br\/index.php\/wp-json\/wp\/v2\/tags?post=7394"}],"curies":[{"name":"wp","href":"https:\/\/api.w.org\/{rel}","templated":true}]}}