{"id":7411,"date":"2020-08-07T15:56:22","date_gmt":"2020-08-07T18:56:22","guid":{"rendered":"https:\/\/jornalfatosenoticias.com.br\/?p=7411"},"modified":"2020-08-07T15:56:24","modified_gmt":"2020-08-07T18:56:24","slug":"estudo-mapeia-como-dois-tipos-diferentes-de-ansiedade-agem-no-cerebro","status":"publish","type":"post","link":"https:\/\/jornalfatosenoticias.com.br\/index.php\/2020\/08\/07\/estudo-mapeia-como-dois-tipos-diferentes-de-ansiedade-agem-no-cerebro\/","title":{"rendered":"Estudo mapeia como dois tipos diferentes de ansiedade agem no c\u00e9rebro"},"content":{"rendered":"\n<p>Um estudo feito por pesquisadores da Universidade de Trento, na It\u00e1lia, mapeou como tipos diferentes de ansiedade afetam cada regi\u00e3o do c\u00e9rebro. De acordo com os cientistas, a pesquisa, publicada no peri\u00f3dico Scientific Reports, tinha o objetivo de entender melhor este mecanismo, para possibilitar que futuros estudos encontrem tratamentos mais direcionados para cada tipo do problema.<br>Os autores explicaram que o problema pode se manifestar de duas formas: o estado de ansiedade, que surge em situa\u00e7\u00f5es estressantes, e o tra\u00e7o de ansiedade, que s\u00e3o pessoas que possuem uma personalidade naturalmente ansiosa.<br>Para desenvolver a pesquisa, os cientistas queriam investigar as bases neurais dos dois tipos de ansiedade. Por meio da resson\u00e2ncia magn\u00e9tica, os pesquisadores estudaram a anatomia e a atividade do c\u00e9rebro em repouso em mais de 40 indiv\u00edduos.<br>Ao analisar os dados, os especialistas puderam ver que o tra\u00e7o de ansiedade se correlaciona com caracter\u00edsticas anat\u00f4micas permanentes (no c\u00f3rtex cingulado anterior e no c\u00f3rtex pr\u00e9-frontal medial), enquanto o estado de ansiedade se manifesta com rea\u00e7\u00f5es tempor\u00e1rias na atividade cerebral.<br>Com base nesses resultados, segundo os pesquisadores, \u00e9 poss\u00edvel tra\u00e7ar uma melhor estrat\u00e9gia na regula\u00e7\u00e3o da ansiedade em indiv\u00edduos com alta desta carater\u00edstica por meios farmacol\u00f3gicos e\/ou de neuroestimula\u00e7\u00e3o.<br>&#8220;Finalmente, essas descobertas podem levar \u00e0 cria\u00e7\u00e3o de novas ferramentas e tratamentos de diagn\u00f3stico que visem melhorar os sintomas dos transtornos de ansiedade e trat\u00e1-los antes que se tornem cr\u00f4nicos&#8221;, finaliza Nicola De Pisapia, uma das autoras do estudo.<\/p>\n\n\n\n<p><strong><em>Fonte:<a href=\"https:\/\/www.uol.com.br\/vivabem\/noticias\/redacao\/2020\/07\/26\/estudo-mapeia-como-tipos-de-ansiedade-agem-no-cerebro.htm#:~:text=Estudo%20mapeia%20como%20dois%20tipos%20diferentes%20de%20ansiedade%20agem%20no%20c%C3%A9rebro,-Imagem%3A%20iStock&amp;text=Um%20estudo%20feito%20por%20pesquisadores,afetam%20cada%20regi%C3%A3o%20do%20c%C3%A9rebro.\"> UOL<\/a><\/em><\/strong><\/p>\n","protected":false},"excerpt":{"rendered":"<p>Um estudo feito por pesquisadores da Universidade de Trento, na It\u00e1lia, mapeou como tipos diferentes de ansiedade afetam cada regi\u00e3o do c\u00e9rebro. De acordo com os cientistas, a pesquisa, publicada no peri\u00f3dico Scientific Reports, tinha o objetivo de entender melhor este mecanismo, para possibilitar que futuros estudos encontrem tratamentos mais direcionados para cada tipo do [&hellip;]<\/p>\n","protected":false},"author":2,"featured_media":7412,"comment_status":"open","ping_status":"open","sticky":false,"template":"","format":"standard","meta":{"footnotes":""},"categories":[2522],"tags":[2279,2336,124,4200],"class_list":["post-7411","post","type-post","status-publish","format-standard","has-post-thumbnail","hentry","category-comportamento","tag-ansiedade","tag-cerebro","tag-italia","tag-tratamentos"],"yoast_head":"<!-- This site is optimized with the Yoast SEO plugin v26.5 - https:\/\/yoast.com\/wordpress\/plugins\/seo\/ -->\n<title>Estudo mapeia como dois tipos diferentes de ansiedade agem no c\u00e9rebro - Jornal Fatos e Not\u00edcias<\/title>\n<meta name=\"robots\" content=\"index, follow, max-snippet:-1, max-image-preview:large, max-video-preview:-1\" \/>\n<link rel=\"canonical\" href=\"https:\/\/jornalfatosenoticias.com.br\/index.php\/2020\/08\/07\/estudo-mapeia-como-dois-tipos-diferentes-de-ansiedade-agem-no-cerebro\/\" \/>\n<meta property=\"og:locale\" content=\"pt_BR\" \/>\n<meta property=\"og:type\" content=\"article\" \/>\n<meta property=\"og:title\" content=\"Estudo mapeia como dois tipos diferentes de ansiedade agem no c\u00e9rebro - Jornal Fatos e Not\u00edcias\" \/>\n<meta property=\"og:description\" content=\"Um estudo feito por pesquisadores da Universidade de Trento, na It\u00e1lia, mapeou como tipos diferentes de ansiedade afetam cada regi\u00e3o do c\u00e9rebro. De acordo com os cientistas, a pesquisa, publicada no peri\u00f3dico Scientific Reports, tinha o objetivo de entender melhor este mecanismo, para possibilitar que futuros estudos encontrem tratamentos mais direcionados para cada tipo do [&hellip;]\" \/>\n<meta property=\"og:url\" content=\"https:\/\/jornalfatosenoticias.com.br\/index.php\/2020\/08\/07\/estudo-mapeia-como-dois-tipos-diferentes-de-ansiedade-agem-no-cerebro\/\" \/>\n<meta property=\"og:site_name\" content=\"Jornal Fatos e Not\u00edcias\" \/>\n<meta property=\"article:published_time\" content=\"2020-08-07T18:56:22+00:00\" \/>\n<meta property=\"article:modified_time\" content=\"2020-08-07T18:56:24+00:00\" \/>\n<meta property=\"og:image\" content=\"https:\/\/jornalfatosenoticias.com.br\/wp-content\/uploads\/2020\/08\/raiva-e-ansiedade.jpg\" \/>\n\t<meta property=\"og:image:width\" content=\"980\" \/>\n\t<meta property=\"og:image:height\" content=\"859\" \/>\n\t<meta property=\"og:image:type\" content=\"image\/jpeg\" \/>\n<meta name=\"author\" content=\"Luzimara Fernandes\" \/>\n<meta name=\"twitter:card\" content=\"summary_large_image\" \/>\n<meta name=\"twitter:label1\" content=\"Escrito por\" \/>\n\t<meta name=\"twitter:data1\" content=\"Luzimara Fernandes\" \/>\n\t<meta name=\"twitter:label2\" content=\"Est. tempo de leitura\" \/>\n\t<meta name=\"twitter:data2\" content=\"1 minuto\" \/>\n<script type=\"application\/ld+json\" class=\"yoast-schema-graph\">{\"@context\":\"https:\/\/schema.org\",\"@graph\":[{\"@type\":\"Article\",\"@id\":\"https:\/\/jornalfatosenoticias.com.br\/index.php\/2020\/08\/07\/estudo-mapeia-como-dois-tipos-diferentes-de-ansiedade-agem-no-cerebro\/#article\",\"isPartOf\":{\"@id\":\"https:\/\/jornalfatosenoticias.com.br\/index.php\/2020\/08\/07\/estudo-mapeia-como-dois-tipos-diferentes-de-ansiedade-agem-no-cerebro\/\"},\"author\":{\"name\":\"Luzimara Fernandes\",\"@id\":\"https:\/\/jornalfatosenoticias.com.br\/#\/schema\/person\/d63837fa13ac8666eb9e74e0985d6f81\"},\"headline\":\"Estudo mapeia como dois tipos diferentes de ansiedade agem no c\u00e9rebro\",\"datePublished\":\"2020-08-07T18:56:22+00:00\",\"dateModified\":\"2020-08-07T18:56:24+00:00\",\"mainEntityOfPage\":{\"@id\":\"https:\/\/jornalfatosenoticias.com.br\/index.php\/2020\/08\/07\/estudo-mapeia-como-dois-tipos-diferentes-de-ansiedade-agem-no-cerebro\/\"},\"wordCount\":281,\"commentCount\":0,\"publisher\":{\"@id\":\"https:\/\/jornalfatosenoticias.com.br\/#organization\"},\"image\":{\"@id\":\"https:\/\/jornalfatosenoticias.com.br\/index.php\/2020\/08\/07\/estudo-mapeia-como-dois-tipos-diferentes-de-ansiedade-agem-no-cerebro\/#primaryimage\"},\"thumbnailUrl\":\"https:\/\/jornalfatosenoticias.com.br\/wp-content\/uploads\/2020\/08\/raiva-e-ansiedade.jpg\",\"keywords\":[\"ansiedade\",\"c\u00e9rebro\",\"It\u00e1lia\",\"tratamentos\"],\"articleSection\":[\"Comportamento &amp; Equil\u00edbrio\"],\"inLanguage\":\"pt-BR\",\"potentialAction\":[{\"@type\":\"CommentAction\",\"name\":\"Comment\",\"target\":[\"https:\/\/jornalfatosenoticias.com.br\/index.php\/2020\/08\/07\/estudo-mapeia-como-dois-tipos-diferentes-de-ansiedade-agem-no-cerebro\/#respond\"]}]},{\"@type\":\"WebPage\",\"@id\":\"https:\/\/jornalfatosenoticias.com.br\/index.php\/2020\/08\/07\/estudo-mapeia-como-dois-tipos-diferentes-de-ansiedade-agem-no-cerebro\/\",\"url\":\"https:\/\/jornalfatosenoticias.com.br\/index.php\/2020\/08\/07\/estudo-mapeia-como-dois-tipos-diferentes-de-ansiedade-agem-no-cerebro\/\",\"name\":\"Estudo mapeia como dois tipos diferentes de ansiedade agem no c\u00e9rebro - Jornal Fatos e Not\u00edcias\",\"isPartOf\":{\"@id\":\"https:\/\/jornalfatosenoticias.com.br\/#website\"},\"primaryImageOfPage\":{\"@id\":\"https:\/\/jornalfatosenoticias.com.br\/index.php\/2020\/08\/07\/estudo-mapeia-como-dois-tipos-diferentes-de-ansiedade-agem-no-cerebro\/#primaryimage\"},\"image\":{\"@id\":\"https:\/\/jornalfatosenoticias.com.br\/index.php\/2020\/08\/07\/estudo-mapeia-como-dois-tipos-diferentes-de-ansiedade-agem-no-cerebro\/#primaryimage\"},\"thumbnailUrl\":\"https:\/\/jornalfatosenoticias.com.br\/wp-content\/uploads\/2020\/08\/raiva-e-ansiedade.jpg\",\"datePublished\":\"2020-08-07T18:56:22+00:00\",\"dateModified\":\"2020-08-07T18:56:24+00:00\",\"breadcrumb\":{\"@id\":\"https:\/\/jornalfatosenoticias.com.br\/index.php\/2020\/08\/07\/estudo-mapeia-como-dois-tipos-diferentes-de-ansiedade-agem-no-cerebro\/#breadcrumb\"},\"inLanguage\":\"pt-BR\",\"potentialAction\":[{\"@type\":\"ReadAction\",\"target\":[\"https:\/\/jornalfatosenoticias.com.br\/index.php\/2020\/08\/07\/estudo-mapeia-como-dois-tipos-diferentes-de-ansiedade-agem-no-cerebro\/\"]}]},{\"@type\":\"ImageObject\",\"inLanguage\":\"pt-BR\",\"@id\":\"https:\/\/jornalfatosenoticias.com.br\/index.php\/2020\/08\/07\/estudo-mapeia-como-dois-tipos-diferentes-de-ansiedade-agem-no-cerebro\/#primaryimage\",\"url\":\"https:\/\/jornalfatosenoticias.com.br\/wp-content\/uploads\/2020\/08\/raiva-e-ansiedade.jpg\",\"contentUrl\":\"https:\/\/jornalfatosenoticias.com.br\/wp-content\/uploads\/2020\/08\/raiva-e-ansiedade.jpg\",\"width\":980,\"height\":859},{\"@type\":\"BreadcrumbList\",\"@id\":\"https:\/\/jornalfatosenoticias.com.br\/index.php\/2020\/08\/07\/estudo-mapeia-como-dois-tipos-diferentes-de-ansiedade-agem-no-cerebro\/#breadcrumb\",\"itemListElement\":[{\"@type\":\"ListItem\",\"position\":1,\"name\":\"In\u00edcio\",\"item\":\"https:\/\/jornalfatosenoticias.com.br\/\"},{\"@type\":\"ListItem\",\"position\":2,\"name\":\"Estudo mapeia como dois tipos diferentes de ansiedade agem no c\u00e9rebro\"}]},{\"@type\":\"WebSite\",\"@id\":\"https:\/\/jornalfatosenoticias.com.br\/#website\",\"url\":\"https:\/\/jornalfatosenoticias.com.br\/\",\"name\":\"Jornal Fatos e Not\u00edcias\",\"description\":\"Not\u00edcias em geral\",\"publisher\":{\"@id\":\"https:\/\/jornalfatosenoticias.com.br\/#organization\"},\"potentialAction\":[{\"@type\":\"SearchAction\",\"target\":{\"@type\":\"EntryPoint\",\"urlTemplate\":\"https:\/\/jornalfatosenoticias.com.br\/?s={search_term_string}\"},\"query-input\":{\"@type\":\"PropertyValueSpecification\",\"valueRequired\":true,\"valueName\":\"search_term_string\"}}],\"inLanguage\":\"pt-BR\"},{\"@type\":\"Organization\",\"@id\":\"https:\/\/jornalfatosenoticias.com.br\/#organization\",\"name\":\"Jornal Fatos e Not\u00edcias\",\"url\":\"https:\/\/jornalfatosenoticias.com.br\/\",\"logo\":{\"@type\":\"ImageObject\",\"inLanguage\":\"pt-BR\",\"@id\":\"https:\/\/jornalfatosenoticias.com.br\/#\/schema\/logo\/image\/\",\"url\":\"https:\/\/jornalfatosenoticias.com.br\/wp-content\/uploads\/2020\/02\/logo120.png\",\"contentUrl\":\"https:\/\/jornalfatosenoticias.com.br\/wp-content\/uploads\/2020\/02\/logo120.png\",\"width\":1227,\"height\":120,\"caption\":\"Jornal Fatos e Not\u00edcias\"},\"image\":{\"@id\":\"https:\/\/jornalfatosenoticias.com.br\/#\/schema\/logo\/image\/\"}},{\"@type\":\"Person\",\"@id\":\"https:\/\/jornalfatosenoticias.com.br\/#\/schema\/person\/d63837fa13ac8666eb9e74e0985d6f81\",\"name\":\"Luzimara Fernandes\",\"image\":{\"@type\":\"ImageObject\",\"inLanguage\":\"pt-BR\",\"@id\":\"https:\/\/jornalfatosenoticias.com.br\/#\/schema\/person\/image\/\",\"url\":\"https:\/\/jornalfatosenoticias.com.br\/wp-content\/uploads\/2025\/05\/EU_portal.jpg\",\"contentUrl\":\"https:\/\/jornalfatosenoticias.com.br\/wp-content\/uploads\/2025\/05\/EU_portal.jpg\",\"caption\":\"Luzimara Fernandes\"},\"description\":\"Jornalista MTB 2358-ES\",\"sameAs\":[\"https:\/\/jornalfatosenoticias.com.br\"],\"url\":\"https:\/\/jornalfatosenoticias.com.br\/index.php\/author\/luzimara\/\"}]}<\/script>\n<!-- \/ Yoast SEO plugin. -->","yoast_head_json":{"title":"Estudo mapeia como dois tipos diferentes de ansiedade agem no c\u00e9rebro - Jornal Fatos e Not\u00edcias","robots":{"index":"index","follow":"follow","max-snippet":"max-snippet:-1","max-image-preview":"max-image-preview:large","max-video-preview":"max-video-preview:-1"},"canonical":"https:\/\/jornalfatosenoticias.com.br\/index.php\/2020\/08\/07\/estudo-mapeia-como-dois-tipos-diferentes-de-ansiedade-agem-no-cerebro\/","og_locale":"pt_BR","og_type":"article","og_title":"Estudo mapeia como dois tipos diferentes de ansiedade agem no c\u00e9rebro - Jornal Fatos e Not\u00edcias","og_description":"Um estudo feito por pesquisadores da Universidade de Trento, na It\u00e1lia, mapeou como tipos diferentes de ansiedade afetam cada regi\u00e3o do c\u00e9rebro. De acordo com os cientistas, a pesquisa, publicada no peri\u00f3dico Scientific Reports, tinha o objetivo de entender melhor este mecanismo, para possibilitar que futuros estudos encontrem tratamentos mais direcionados para cada tipo do [&hellip;]","og_url":"https:\/\/jornalfatosenoticias.com.br\/index.php\/2020\/08\/07\/estudo-mapeia-como-dois-tipos-diferentes-de-ansiedade-agem-no-cerebro\/","og_site_name":"Jornal Fatos e Not\u00edcias","article_published_time":"2020-08-07T18:56:22+00:00","article_modified_time":"2020-08-07T18:56:24+00:00","og_image":[{"width":980,"height":859,"url":"https:\/\/jornalfatosenoticias.com.br\/wp-content\/uploads\/2020\/08\/raiva-e-ansiedade.jpg","type":"image\/jpeg"}],"author":"Luzimara Fernandes","twitter_card":"summary_large_image","twitter_misc":{"Escrito por":"Luzimara Fernandes","Est. tempo de leitura":"1 minuto"},"schema":{"@context":"https:\/\/schema.org","@graph":[{"@type":"Article","@id":"https:\/\/jornalfatosenoticias.com.br\/index.php\/2020\/08\/07\/estudo-mapeia-como-dois-tipos-diferentes-de-ansiedade-agem-no-cerebro\/#article","isPartOf":{"@id":"https:\/\/jornalfatosenoticias.com.br\/index.php\/2020\/08\/07\/estudo-mapeia-como-dois-tipos-diferentes-de-ansiedade-agem-no-cerebro\/"},"author":{"name":"Luzimara Fernandes","@id":"https:\/\/jornalfatosenoticias.com.br\/#\/schema\/person\/d63837fa13ac8666eb9e74e0985d6f81"},"headline":"Estudo mapeia como dois tipos diferentes de ansiedade agem no c\u00e9rebro","datePublished":"2020-08-07T18:56:22+00:00","dateModified":"2020-08-07T18:56:24+00:00","mainEntityOfPage":{"@id":"https:\/\/jornalfatosenoticias.com.br\/index.php\/2020\/08\/07\/estudo-mapeia-como-dois-tipos-diferentes-de-ansiedade-agem-no-cerebro\/"},"wordCount":281,"commentCount":0,"publisher":{"@id":"https:\/\/jornalfatosenoticias.com.br\/#organization"},"image":{"@id":"https:\/\/jornalfatosenoticias.com.br\/index.php\/2020\/08\/07\/estudo-mapeia-como-dois-tipos-diferentes-de-ansiedade-agem-no-cerebro\/#primaryimage"},"thumbnailUrl":"https:\/\/jornalfatosenoticias.com.br\/wp-content\/uploads\/2020\/08\/raiva-e-ansiedade.jpg","keywords":["ansiedade","c\u00e9rebro","It\u00e1lia","tratamentos"],"articleSection":["Comportamento &amp; Equil\u00edbrio"],"inLanguage":"pt-BR","potentialAction":[{"@type":"CommentAction","name":"Comment","target":["https:\/\/jornalfatosenoticias.com.br\/index.php\/2020\/08\/07\/estudo-mapeia-como-dois-tipos-diferentes-de-ansiedade-agem-no-cerebro\/#respond"]}]},{"@type":"WebPage","@id":"https:\/\/jornalfatosenoticias.com.br\/index.php\/2020\/08\/07\/estudo-mapeia-como-dois-tipos-diferentes-de-ansiedade-agem-no-cerebro\/","url":"https:\/\/jornalfatosenoticias.com.br\/index.php\/2020\/08\/07\/estudo-mapeia-como-dois-tipos-diferentes-de-ansiedade-agem-no-cerebro\/","name":"Estudo mapeia como dois tipos diferentes de ansiedade agem no c\u00e9rebro - Jornal Fatos e Not\u00edcias","isPartOf":{"@id":"https:\/\/jornalfatosenoticias.com.br\/#website"},"primaryImageOfPage":{"@id":"https:\/\/jornalfatosenoticias.com.br\/index.php\/2020\/08\/07\/estudo-mapeia-como-dois-tipos-diferentes-de-ansiedade-agem-no-cerebro\/#primaryimage"},"image":{"@id":"https:\/\/jornalfatosenoticias.com.br\/index.php\/2020\/08\/07\/estudo-mapeia-como-dois-tipos-diferentes-de-ansiedade-agem-no-cerebro\/#primaryimage"},"thumbnailUrl":"https:\/\/jornalfatosenoticias.com.br\/wp-content\/uploads\/2020\/08\/raiva-e-ansiedade.jpg","datePublished":"2020-08-07T18:56:22+00:00","dateModified":"2020-08-07T18:56:24+00:00","breadcrumb":{"@id":"https:\/\/jornalfatosenoticias.com.br\/index.php\/2020\/08\/07\/estudo-mapeia-como-dois-tipos-diferentes-de-ansiedade-agem-no-cerebro\/#breadcrumb"},"inLanguage":"pt-BR","potentialAction":[{"@type":"ReadAction","target":["https:\/\/jornalfatosenoticias.com.br\/index.php\/2020\/08\/07\/estudo-mapeia-como-dois-tipos-diferentes-de-ansiedade-agem-no-cerebro\/"]}]},{"@type":"ImageObject","inLanguage":"pt-BR","@id":"https:\/\/jornalfatosenoticias.com.br\/index.php\/2020\/08\/07\/estudo-mapeia-como-dois-tipos-diferentes-de-ansiedade-agem-no-cerebro\/#primaryimage","url":"https:\/\/jornalfatosenoticias.com.br\/wp-content\/uploads\/2020\/08\/raiva-e-ansiedade.jpg","contentUrl":"https:\/\/jornalfatosenoticias.com.br\/wp-content\/uploads\/2020\/08\/raiva-e-ansiedade.jpg","width":980,"height":859},{"@type":"BreadcrumbList","@id":"https:\/\/jornalfatosenoticias.com.br\/index.php\/2020\/08\/07\/estudo-mapeia-como-dois-tipos-diferentes-de-ansiedade-agem-no-cerebro\/#breadcrumb","itemListElement":[{"@type":"ListItem","position":1,"name":"In\u00edcio","item":"https:\/\/jornalfatosenoticias.com.br\/"},{"@type":"ListItem","position":2,"name":"Estudo mapeia como dois tipos diferentes de ansiedade agem no c\u00e9rebro"}]},{"@type":"WebSite","@id":"https:\/\/jornalfatosenoticias.com.br\/#website","url":"https:\/\/jornalfatosenoticias.com.br\/","name":"Jornal Fatos e Not\u00edcias","description":"Not\u00edcias em geral","publisher":{"@id":"https:\/\/jornalfatosenoticias.com.br\/#organization"},"potentialAction":[{"@type":"SearchAction","target":{"@type":"EntryPoint","urlTemplate":"https:\/\/jornalfatosenoticias.com.br\/?s={search_term_string}"},"query-input":{"@type":"PropertyValueSpecification","valueRequired":true,"valueName":"search_term_string"}}],"inLanguage":"pt-BR"},{"@type":"Organization","@id":"https:\/\/jornalfatosenoticias.com.br\/#organization","name":"Jornal Fatos e Not\u00edcias","url":"https:\/\/jornalfatosenoticias.com.br\/","logo":{"@type":"ImageObject","inLanguage":"pt-BR","@id":"https:\/\/jornalfatosenoticias.com.br\/#\/schema\/logo\/image\/","url":"https:\/\/jornalfatosenoticias.com.br\/wp-content\/uploads\/2020\/02\/logo120.png","contentUrl":"https:\/\/jornalfatosenoticias.com.br\/wp-content\/uploads\/2020\/02\/logo120.png","width":1227,"height":120,"caption":"Jornal Fatos e Not\u00edcias"},"image":{"@id":"https:\/\/jornalfatosenoticias.com.br\/#\/schema\/logo\/image\/"}},{"@type":"Person","@id":"https:\/\/jornalfatosenoticias.com.br\/#\/schema\/person\/d63837fa13ac8666eb9e74e0985d6f81","name":"Luzimara Fernandes","image":{"@type":"ImageObject","inLanguage":"pt-BR","@id":"https:\/\/jornalfatosenoticias.com.br\/#\/schema\/person\/image\/","url":"https:\/\/jornalfatosenoticias.com.br\/wp-content\/uploads\/2025\/05\/EU_portal.jpg","contentUrl":"https:\/\/jornalfatosenoticias.com.br\/wp-content\/uploads\/2025\/05\/EU_portal.jpg","caption":"Luzimara Fernandes"},"description":"Jornalista MTB 2358-ES","sameAs":["https:\/\/jornalfatosenoticias.com.br"],"url":"https:\/\/jornalfatosenoticias.com.br\/index.php\/author\/luzimara\/"}]}},"cc_featured_image_caption":{"caption_text":"(Foto: iStock) ","source_text":"","source_url":""},"jetpack_featured_media_url":"https:\/\/jornalfatosenoticias.com.br\/wp-content\/uploads\/2020\/08\/raiva-e-ansiedade.jpg","_links":{"self":[{"href":"https:\/\/jornalfatosenoticias.com.br\/index.php\/wp-json\/wp\/v2\/posts\/7411","targetHints":{"allow":["GET"]}}],"collection":[{"href":"https:\/\/jornalfatosenoticias.com.br\/index.php\/wp-json\/wp\/v2\/posts"}],"about":[{"href":"https:\/\/jornalfatosenoticias.com.br\/index.php\/wp-json\/wp\/v2\/types\/post"}],"author":[{"embeddable":true,"href":"https:\/\/jornalfatosenoticias.com.br\/index.php\/wp-json\/wp\/v2\/users\/2"}],"replies":[{"embeddable":true,"href":"https:\/\/jornalfatosenoticias.com.br\/index.php\/wp-json\/wp\/v2\/comments?post=7411"}],"version-history":[{"count":0,"href":"https:\/\/jornalfatosenoticias.com.br\/index.php\/wp-json\/wp\/v2\/posts\/7411\/revisions"}],"wp:featuredmedia":[{"embeddable":true,"href":"https:\/\/jornalfatosenoticias.com.br\/index.php\/wp-json\/wp\/v2\/media\/7412"}],"wp:attachment":[{"href":"https:\/\/jornalfatosenoticias.com.br\/index.php\/wp-json\/wp\/v2\/media?parent=7411"}],"wp:term":[{"taxonomy":"category","embeddable":true,"href":"https:\/\/jornalfatosenoticias.com.br\/index.php\/wp-json\/wp\/v2\/categories?post=7411"},{"taxonomy":"post_tag","embeddable":true,"href":"https:\/\/jornalfatosenoticias.com.br\/index.php\/wp-json\/wp\/v2\/tags?post=7411"}],"curies":[{"name":"wp","href":"https:\/\/api.w.org\/{rel}","templated":true}]}}