{"id":7456,"date":"2020-08-10T19:21:53","date_gmt":"2020-08-10T22:21:53","guid":{"rendered":"https:\/\/jornalfatosenoticias.com.br\/?p=7456"},"modified":"2020-08-10T19:21:55","modified_gmt":"2020-08-10T22:21:55","slug":"vitoria-libera-funcionamento-de-feiras-comunitarias-e-programa-artes-na-praca","status":"publish","type":"post","link":"https:\/\/jornalfatosenoticias.com.br\/index.php\/2020\/08\/10\/vitoria-libera-funcionamento-de-feiras-comunitarias-e-programa-artes-na-praca\/","title":{"rendered":"Vit\u00f3ria libera funcionamento de feiras comunit\u00e1rias e Programa Artes na Pra\u00e7a"},"content":{"rendered":"\n<h6 class=\"wp-block-heading\"><em>Feira de artesanato da Pra\u00e7a dos Namorados voltar\u00e1 a acontecer no pr\u00f3ximo s\u00e1bado (15)<\/em><\/h6>\n\n\n\n<p>A Prefeitura de Vit\u00f3ria publicou no Di\u00e1rio Oficial do Munic\u00edpio (p\u00e1gina 4) desta segunda-feira (10) o decreto que libera a realiza\u00e7\u00e3o das feiras comunit\u00e1rias e do Programa Artes na Pra\u00e7a (feira da Pra\u00e7a dos Namorados).<br>O documento contempla um conjunto de normas de seguran\u00e7a sanit\u00e1ria e de distanciamento social enquanto perdurar a situa\u00e7\u00e3o de emerg\u00eancia de sa\u00fade p\u00fablica em raz\u00e3o da pandemia do novo coronav\u00edrus.<br>Entre as regras de funcionamento, est\u00e3o o distanciamento de dois metros entre as barracas, uso obrigat\u00f3rio de m\u00e1scaras entre expositores e clientes, disponibiliza\u00e7\u00e3o de \u00e1lcool em gel 70%, al\u00e9m de instala\u00e7\u00e3o de barreiras de prote\u00e7\u00e3o do balc\u00e3o e dos recipientes de alimentos, de modo a n\u00e3o deix\u00e1-los expostos.<br>O decreto estabelece, ainda, a proibi\u00e7\u00e3o do consumo imediato no local e a comercializa\u00e7\u00e3o de bebidas alco\u00f3licas, com vistas a evitar a perman\u00eancia e a aglomera\u00e7\u00e3o de pessoas nos locais.<br>Expositores com mais de 60 anos ou que se enquadrem nos grupos de risco de cont\u00e1gio do novo coronav\u00edrus, segundo orienta\u00e7\u00f5es da Organiza\u00e7\u00e3o Mundial da Sa\u00fade (OMS), n\u00e3o poder\u00e3o atuar.<br>O funcionamento das feiras seguir\u00e1 cronograma previamente estabelecimento. J\u00e1 a tradicional feira de artesanato e alimentos da Pra\u00e7a dos Namorados volta a funcionar no s\u00e1bado (15), das 18 \u00e0s 22 horas.<\/p>\n\n\n\n<figure class=\"wp-block-image size-large\"><img loading=\"lazy\" decoding=\"async\" width=\"980\" height=\"654\" src=\"https:\/\/jornalfatosenoticias.com.br\/wp-content\/uploads\/2020\/08\/feira_vitoria.jpg\" alt=\"\" class=\"wp-image-7457\" srcset=\"https:\/\/jornalfatosenoticias.com.br\/wp-content\/uploads\/2020\/08\/feira_vitoria.jpg 980w, https:\/\/jornalfatosenoticias.com.br\/wp-content\/uploads\/2020\/08\/feira_vitoria-300x200.jpg 300w, https:\/\/jornalfatosenoticias.com.br\/wp-content\/uploads\/2020\/08\/feira_vitoria-768x513.jpg 768w\" sizes=\"auto, (max-width: 980px) 100vw, 980px\" \/><figcaption><em>Feira de Artesanato Pra\u00e7a dos Namorados (Foto: Andr\u00e9 Sobral)<\/em><\/figcaption><\/figure>\n\n\n\n<h4 class=\"wp-block-heading\">Regras<\/h4>\n\n\n\n<p>Segundo o diretor-presidente da Companhia de Desenvolvimento, Turismo e Inova\u00e7\u00e3o de Vit\u00f3ria (CDTIV), Renzo Nagem, a retomada das feiras comunit\u00e1rias em Vit\u00f3ria se tornou poss\u00edvel ap\u00f3s Vit\u00f3ria ser classificada como risco m\u00e9dio de transmiss\u00e3o e seguir\u00e1 todas as regras de seguran\u00e7a sanit\u00e1ria para evitar o cont\u00e1gio da covid-19.<br>&#8220;Expositores com mais de 60 anos e do grupo de risco, bem como pessoas com quadro de s\u00edndrome gripal, dever\u00e3o continuar afastados, mas poder\u00e3o indicar outras pessoas para substitu\u00ed-los em sua fun\u00e7\u00e3o. Al\u00e9m disso, os expositores n\u00e3o poder\u00e3o disponibilizar bancos, mesas, cadeiras e nem disponibilizar alimentos para degusta\u00e7\u00e3o\u201d, destaca.<\/p>\n\n\n\n<p><strong><em>Fonte: <a href=\"Fonte: PMV\">PMV<\/a><\/em><\/strong><\/p>\n","protected":false},"excerpt":{"rendered":"<p>Feira de artesanato da Pra\u00e7a dos Namorados voltar\u00e1 a acontecer no pr\u00f3ximo s\u00e1bado (15) A Prefeitura de Vit\u00f3ria publicou no Di\u00e1rio Oficial do Munic\u00edpio (p\u00e1gina 4) desta segunda-feira (10) o decreto que libera a realiza\u00e7\u00e3o das feiras comunit\u00e1rias e do Programa Artes na Pra\u00e7a (feira da Pra\u00e7a dos Namorados).O documento contempla um conjunto de normas [&hellip;]<\/p>\n","protected":false},"author":2,"featured_media":7458,"comment_status":"open","ping_status":"open","sticky":false,"template":"","format":"standard","meta":{"footnotes":""},"categories":[9],"tags":[4221,73,4220,3345],"class_list":["post-7456","post","type-post","status-publish","format-standard","has-post-thumbnail","hentry","category-economia","tag-artes-na-praca","tag-coronavirus","tag-feiras-comunitarias","tag-retorno"],"yoast_head":"<!-- This site is optimized with the Yoast SEO plugin v26.5 - https:\/\/yoast.com\/wordpress\/plugins\/seo\/ -->\n<title>Vit\u00f3ria libera funcionamento de feiras comunit\u00e1rias e Programa Artes na Pra\u00e7a - Jornal Fatos e Not\u00edcias<\/title>\n<meta name=\"robots\" content=\"index, follow, max-snippet:-1, max-image-preview:large, max-video-preview:-1\" \/>\n<link rel=\"canonical\" href=\"https:\/\/jornalfatosenoticias.com.br\/index.php\/2020\/08\/10\/vitoria-libera-funcionamento-de-feiras-comunitarias-e-programa-artes-na-praca\/\" \/>\n<meta property=\"og:locale\" content=\"pt_BR\" \/>\n<meta property=\"og:type\" content=\"article\" \/>\n<meta property=\"og:title\" content=\"Vit\u00f3ria libera funcionamento de feiras comunit\u00e1rias e Programa Artes na Pra\u00e7a - Jornal Fatos e Not\u00edcias\" \/>\n<meta property=\"og:description\" content=\"Feira de artesanato da Pra\u00e7a dos Namorados voltar\u00e1 a acontecer no pr\u00f3ximo s\u00e1bado (15) A Prefeitura de Vit\u00f3ria publicou no Di\u00e1rio Oficial do Munic\u00edpio (p\u00e1gina 4) desta segunda-feira (10) o decreto que libera a realiza\u00e7\u00e3o das feiras comunit\u00e1rias e do Programa Artes na Pra\u00e7a (feira da Pra\u00e7a dos Namorados).O documento contempla um conjunto de normas [&hellip;]\" \/>\n<meta property=\"og:url\" content=\"https:\/\/jornalfatosenoticias.com.br\/index.php\/2020\/08\/10\/vitoria-libera-funcionamento-de-feiras-comunitarias-e-programa-artes-na-praca\/\" \/>\n<meta property=\"og:site_name\" content=\"Jornal Fatos e Not\u00edcias\" \/>\n<meta property=\"article:published_time\" content=\"2020-08-10T22:21:53+00:00\" \/>\n<meta property=\"article:modified_time\" content=\"2020-08-10T22:21:55+00:00\" \/>\n<meta property=\"og:image\" content=\"https:\/\/jornalfatosenoticias.com.br\/wp-content\/uploads\/2020\/08\/feira-artesanal.jpg\" \/>\n\t<meta property=\"og:image:width\" content=\"1000\" \/>\n\t<meta property=\"og:image:height\" content=\"361\" \/>\n\t<meta property=\"og:image:type\" content=\"image\/jpeg\" \/>\n<meta name=\"author\" content=\"Luzimara Fernandes\" \/>\n<meta name=\"twitter:card\" content=\"summary_large_image\" \/>\n<meta name=\"twitter:label1\" content=\"Escrito por\" \/>\n\t<meta name=\"twitter:data1\" content=\"Luzimara Fernandes\" \/>\n\t<meta name=\"twitter:label2\" content=\"Est. tempo de leitura\" \/>\n\t<meta name=\"twitter:data2\" content=\"2 minutos\" \/>\n<script type=\"application\/ld+json\" class=\"yoast-schema-graph\">{\"@context\":\"https:\/\/schema.org\",\"@graph\":[{\"@type\":\"Article\",\"@id\":\"https:\/\/jornalfatosenoticias.com.br\/index.php\/2020\/08\/10\/vitoria-libera-funcionamento-de-feiras-comunitarias-e-programa-artes-na-praca\/#article\",\"isPartOf\":{\"@id\":\"https:\/\/jornalfatosenoticias.com.br\/index.php\/2020\/08\/10\/vitoria-libera-funcionamento-de-feiras-comunitarias-e-programa-artes-na-praca\/\"},\"author\":{\"name\":\"Luzimara Fernandes\",\"@id\":\"https:\/\/jornalfatosenoticias.com.br\/#\/schema\/person\/d63837fa13ac8666eb9e74e0985d6f81\"},\"headline\":\"Vit\u00f3ria libera funcionamento de feiras comunit\u00e1rias e Programa Artes na Pra\u00e7a\",\"datePublished\":\"2020-08-10T22:21:53+00:00\",\"dateModified\":\"2020-08-10T22:21:55+00:00\",\"mainEntityOfPage\":{\"@id\":\"https:\/\/jornalfatosenoticias.com.br\/index.php\/2020\/08\/10\/vitoria-libera-funcionamento-de-feiras-comunitarias-e-programa-artes-na-praca\/\"},\"wordCount\":397,\"commentCount\":0,\"publisher\":{\"@id\":\"https:\/\/jornalfatosenoticias.com.br\/#organization\"},\"image\":{\"@id\":\"https:\/\/jornalfatosenoticias.com.br\/index.php\/2020\/08\/10\/vitoria-libera-funcionamento-de-feiras-comunitarias-e-programa-artes-na-praca\/#primaryimage\"},\"thumbnailUrl\":\"https:\/\/jornalfatosenoticias.com.br\/wp-content\/uploads\/2020\/08\/feira-artesanal.jpg\",\"keywords\":[\"Artes na Pra\u00e7a\",\"coronav\u00edrus\",\"feiras comunit\u00e1rias\",\"retorno\"],\"articleSection\":[\"Economia\"],\"inLanguage\":\"pt-BR\",\"potentialAction\":[{\"@type\":\"CommentAction\",\"name\":\"Comment\",\"target\":[\"https:\/\/jornalfatosenoticias.com.br\/index.php\/2020\/08\/10\/vitoria-libera-funcionamento-de-feiras-comunitarias-e-programa-artes-na-praca\/#respond\"]}]},{\"@type\":\"WebPage\",\"@id\":\"https:\/\/jornalfatosenoticias.com.br\/index.php\/2020\/08\/10\/vitoria-libera-funcionamento-de-feiras-comunitarias-e-programa-artes-na-praca\/\",\"url\":\"https:\/\/jornalfatosenoticias.com.br\/index.php\/2020\/08\/10\/vitoria-libera-funcionamento-de-feiras-comunitarias-e-programa-artes-na-praca\/\",\"name\":\"Vit\u00f3ria libera funcionamento de feiras comunit\u00e1rias e Programa Artes na Pra\u00e7a - Jornal Fatos e Not\u00edcias\",\"isPartOf\":{\"@id\":\"https:\/\/jornalfatosenoticias.com.br\/#website\"},\"primaryImageOfPage\":{\"@id\":\"https:\/\/jornalfatosenoticias.com.br\/index.php\/2020\/08\/10\/vitoria-libera-funcionamento-de-feiras-comunitarias-e-programa-artes-na-praca\/#primaryimage\"},\"image\":{\"@id\":\"https:\/\/jornalfatosenoticias.com.br\/index.php\/2020\/08\/10\/vitoria-libera-funcionamento-de-feiras-comunitarias-e-programa-artes-na-praca\/#primaryimage\"},\"thumbnailUrl\":\"https:\/\/jornalfatosenoticias.com.br\/wp-content\/uploads\/2020\/08\/feira-artesanal.jpg\",\"datePublished\":\"2020-08-10T22:21:53+00:00\",\"dateModified\":\"2020-08-10T22:21:55+00:00\",\"breadcrumb\":{\"@id\":\"https:\/\/jornalfatosenoticias.com.br\/index.php\/2020\/08\/10\/vitoria-libera-funcionamento-de-feiras-comunitarias-e-programa-artes-na-praca\/#breadcrumb\"},\"inLanguage\":\"pt-BR\",\"potentialAction\":[{\"@type\":\"ReadAction\",\"target\":[\"https:\/\/jornalfatosenoticias.com.br\/index.php\/2020\/08\/10\/vitoria-libera-funcionamento-de-feiras-comunitarias-e-programa-artes-na-praca\/\"]}]},{\"@type\":\"ImageObject\",\"inLanguage\":\"pt-BR\",\"@id\":\"https:\/\/jornalfatosenoticias.com.br\/index.php\/2020\/08\/10\/vitoria-libera-funcionamento-de-feiras-comunitarias-e-programa-artes-na-praca\/#primaryimage\",\"url\":\"https:\/\/jornalfatosenoticias.com.br\/wp-content\/uploads\/2020\/08\/feira-artesanal.jpg\",\"contentUrl\":\"https:\/\/jornalfatosenoticias.com.br\/wp-content\/uploads\/2020\/08\/feira-artesanal.jpg\",\"width\":1000,\"height\":361},{\"@type\":\"BreadcrumbList\",\"@id\":\"https:\/\/jornalfatosenoticias.com.br\/index.php\/2020\/08\/10\/vitoria-libera-funcionamento-de-feiras-comunitarias-e-programa-artes-na-praca\/#breadcrumb\",\"itemListElement\":[{\"@type\":\"ListItem\",\"position\":1,\"name\":\"In\u00edcio\",\"item\":\"https:\/\/jornalfatosenoticias.com.br\/\"},{\"@type\":\"ListItem\",\"position\":2,\"name\":\"Vit\u00f3ria libera funcionamento de feiras comunit\u00e1rias e Programa Artes na Pra\u00e7a\"}]},{\"@type\":\"WebSite\",\"@id\":\"https:\/\/jornalfatosenoticias.com.br\/#website\",\"url\":\"https:\/\/jornalfatosenoticias.com.br\/\",\"name\":\"Jornal Fatos e Not\u00edcias\",\"description\":\"Not\u00edcias em geral\",\"publisher\":{\"@id\":\"https:\/\/jornalfatosenoticias.com.br\/#organization\"},\"potentialAction\":[{\"@type\":\"SearchAction\",\"target\":{\"@type\":\"EntryPoint\",\"urlTemplate\":\"https:\/\/jornalfatosenoticias.com.br\/?s={search_term_string}\"},\"query-input\":{\"@type\":\"PropertyValueSpecification\",\"valueRequired\":true,\"valueName\":\"search_term_string\"}}],\"inLanguage\":\"pt-BR\"},{\"@type\":\"Organization\",\"@id\":\"https:\/\/jornalfatosenoticias.com.br\/#organization\",\"name\":\"Jornal Fatos e Not\u00edcias\",\"url\":\"https:\/\/jornalfatosenoticias.com.br\/\",\"logo\":{\"@type\":\"ImageObject\",\"inLanguage\":\"pt-BR\",\"@id\":\"https:\/\/jornalfatosenoticias.com.br\/#\/schema\/logo\/image\/\",\"url\":\"https:\/\/jornalfatosenoticias.com.br\/wp-content\/uploads\/2020\/02\/logo120.png\",\"contentUrl\":\"https:\/\/jornalfatosenoticias.com.br\/wp-content\/uploads\/2020\/02\/logo120.png\",\"width\":1227,\"height\":120,\"caption\":\"Jornal Fatos e Not\u00edcias\"},\"image\":{\"@id\":\"https:\/\/jornalfatosenoticias.com.br\/#\/schema\/logo\/image\/\"}},{\"@type\":\"Person\",\"@id\":\"https:\/\/jornalfatosenoticias.com.br\/#\/schema\/person\/d63837fa13ac8666eb9e74e0985d6f81\",\"name\":\"Luzimara Fernandes\",\"image\":{\"@type\":\"ImageObject\",\"inLanguage\":\"pt-BR\",\"@id\":\"https:\/\/jornalfatosenoticias.com.br\/#\/schema\/person\/image\/\",\"url\":\"https:\/\/jornalfatosenoticias.com.br\/wp-content\/uploads\/2025\/05\/EU_portal.jpg\",\"contentUrl\":\"https:\/\/jornalfatosenoticias.com.br\/wp-content\/uploads\/2025\/05\/EU_portal.jpg\",\"caption\":\"Luzimara Fernandes\"},\"description\":\"Jornalista MTB 2358-ES\",\"sameAs\":[\"https:\/\/jornalfatosenoticias.com.br\"],\"url\":\"https:\/\/jornalfatosenoticias.com.br\/index.php\/author\/luzimara\/\"}]}<\/script>\n<!-- \/ Yoast SEO plugin. -->","yoast_head_json":{"title":"Vit\u00f3ria libera funcionamento de feiras comunit\u00e1rias e Programa Artes na Pra\u00e7a - Jornal Fatos e Not\u00edcias","robots":{"index":"index","follow":"follow","max-snippet":"max-snippet:-1","max-image-preview":"max-image-preview:large","max-video-preview":"max-video-preview:-1"},"canonical":"https:\/\/jornalfatosenoticias.com.br\/index.php\/2020\/08\/10\/vitoria-libera-funcionamento-de-feiras-comunitarias-e-programa-artes-na-praca\/","og_locale":"pt_BR","og_type":"article","og_title":"Vit\u00f3ria libera funcionamento de feiras comunit\u00e1rias e Programa Artes na Pra\u00e7a - Jornal Fatos e Not\u00edcias","og_description":"Feira de artesanato da Pra\u00e7a dos Namorados voltar\u00e1 a acontecer no pr\u00f3ximo s\u00e1bado (15) A Prefeitura de Vit\u00f3ria publicou no Di\u00e1rio Oficial do Munic\u00edpio (p\u00e1gina 4) desta segunda-feira (10) o decreto que libera a realiza\u00e7\u00e3o das feiras comunit\u00e1rias e do Programa Artes na Pra\u00e7a (feira da Pra\u00e7a dos Namorados).O documento contempla um conjunto de normas [&hellip;]","og_url":"https:\/\/jornalfatosenoticias.com.br\/index.php\/2020\/08\/10\/vitoria-libera-funcionamento-de-feiras-comunitarias-e-programa-artes-na-praca\/","og_site_name":"Jornal Fatos e Not\u00edcias","article_published_time":"2020-08-10T22:21:53+00:00","article_modified_time":"2020-08-10T22:21:55+00:00","og_image":[{"width":1000,"height":361,"url":"https:\/\/jornalfatosenoticias.com.br\/wp-content\/uploads\/2020\/08\/feira-artesanal.jpg","type":"image\/jpeg"}],"author":"Luzimara Fernandes","twitter_card":"summary_large_image","twitter_misc":{"Escrito por":"Luzimara Fernandes","Est. tempo de leitura":"2 minutos"},"schema":{"@context":"https:\/\/schema.org","@graph":[{"@type":"Article","@id":"https:\/\/jornalfatosenoticias.com.br\/index.php\/2020\/08\/10\/vitoria-libera-funcionamento-de-feiras-comunitarias-e-programa-artes-na-praca\/#article","isPartOf":{"@id":"https:\/\/jornalfatosenoticias.com.br\/index.php\/2020\/08\/10\/vitoria-libera-funcionamento-de-feiras-comunitarias-e-programa-artes-na-praca\/"},"author":{"name":"Luzimara Fernandes","@id":"https:\/\/jornalfatosenoticias.com.br\/#\/schema\/person\/d63837fa13ac8666eb9e74e0985d6f81"},"headline":"Vit\u00f3ria libera funcionamento de feiras comunit\u00e1rias e Programa Artes na Pra\u00e7a","datePublished":"2020-08-10T22:21:53+00:00","dateModified":"2020-08-10T22:21:55+00:00","mainEntityOfPage":{"@id":"https:\/\/jornalfatosenoticias.com.br\/index.php\/2020\/08\/10\/vitoria-libera-funcionamento-de-feiras-comunitarias-e-programa-artes-na-praca\/"},"wordCount":397,"commentCount":0,"publisher":{"@id":"https:\/\/jornalfatosenoticias.com.br\/#organization"},"image":{"@id":"https:\/\/jornalfatosenoticias.com.br\/index.php\/2020\/08\/10\/vitoria-libera-funcionamento-de-feiras-comunitarias-e-programa-artes-na-praca\/#primaryimage"},"thumbnailUrl":"https:\/\/jornalfatosenoticias.com.br\/wp-content\/uploads\/2020\/08\/feira-artesanal.jpg","keywords":["Artes na Pra\u00e7a","coronav\u00edrus","feiras comunit\u00e1rias","retorno"],"articleSection":["Economia"],"inLanguage":"pt-BR","potentialAction":[{"@type":"CommentAction","name":"Comment","target":["https:\/\/jornalfatosenoticias.com.br\/index.php\/2020\/08\/10\/vitoria-libera-funcionamento-de-feiras-comunitarias-e-programa-artes-na-praca\/#respond"]}]},{"@type":"WebPage","@id":"https:\/\/jornalfatosenoticias.com.br\/index.php\/2020\/08\/10\/vitoria-libera-funcionamento-de-feiras-comunitarias-e-programa-artes-na-praca\/","url":"https:\/\/jornalfatosenoticias.com.br\/index.php\/2020\/08\/10\/vitoria-libera-funcionamento-de-feiras-comunitarias-e-programa-artes-na-praca\/","name":"Vit\u00f3ria libera funcionamento de feiras comunit\u00e1rias e Programa Artes na Pra\u00e7a - Jornal Fatos e Not\u00edcias","isPartOf":{"@id":"https:\/\/jornalfatosenoticias.com.br\/#website"},"primaryImageOfPage":{"@id":"https:\/\/jornalfatosenoticias.com.br\/index.php\/2020\/08\/10\/vitoria-libera-funcionamento-de-feiras-comunitarias-e-programa-artes-na-praca\/#primaryimage"},"image":{"@id":"https:\/\/jornalfatosenoticias.com.br\/index.php\/2020\/08\/10\/vitoria-libera-funcionamento-de-feiras-comunitarias-e-programa-artes-na-praca\/#primaryimage"},"thumbnailUrl":"https:\/\/jornalfatosenoticias.com.br\/wp-content\/uploads\/2020\/08\/feira-artesanal.jpg","datePublished":"2020-08-10T22:21:53+00:00","dateModified":"2020-08-10T22:21:55+00:00","breadcrumb":{"@id":"https:\/\/jornalfatosenoticias.com.br\/index.php\/2020\/08\/10\/vitoria-libera-funcionamento-de-feiras-comunitarias-e-programa-artes-na-praca\/#breadcrumb"},"inLanguage":"pt-BR","potentialAction":[{"@type":"ReadAction","target":["https:\/\/jornalfatosenoticias.com.br\/index.php\/2020\/08\/10\/vitoria-libera-funcionamento-de-feiras-comunitarias-e-programa-artes-na-praca\/"]}]},{"@type":"ImageObject","inLanguage":"pt-BR","@id":"https:\/\/jornalfatosenoticias.com.br\/index.php\/2020\/08\/10\/vitoria-libera-funcionamento-de-feiras-comunitarias-e-programa-artes-na-praca\/#primaryimage","url":"https:\/\/jornalfatosenoticias.com.br\/wp-content\/uploads\/2020\/08\/feira-artesanal.jpg","contentUrl":"https:\/\/jornalfatosenoticias.com.br\/wp-content\/uploads\/2020\/08\/feira-artesanal.jpg","width":1000,"height":361},{"@type":"BreadcrumbList","@id":"https:\/\/jornalfatosenoticias.com.br\/index.php\/2020\/08\/10\/vitoria-libera-funcionamento-de-feiras-comunitarias-e-programa-artes-na-praca\/#breadcrumb","itemListElement":[{"@type":"ListItem","position":1,"name":"In\u00edcio","item":"https:\/\/jornalfatosenoticias.com.br\/"},{"@type":"ListItem","position":2,"name":"Vit\u00f3ria libera funcionamento de feiras comunit\u00e1rias e Programa Artes na Pra\u00e7a"}]},{"@type":"WebSite","@id":"https:\/\/jornalfatosenoticias.com.br\/#website","url":"https:\/\/jornalfatosenoticias.com.br\/","name":"Jornal Fatos e Not\u00edcias","description":"Not\u00edcias em geral","publisher":{"@id":"https:\/\/jornalfatosenoticias.com.br\/#organization"},"potentialAction":[{"@type":"SearchAction","target":{"@type":"EntryPoint","urlTemplate":"https:\/\/jornalfatosenoticias.com.br\/?s={search_term_string}"},"query-input":{"@type":"PropertyValueSpecification","valueRequired":true,"valueName":"search_term_string"}}],"inLanguage":"pt-BR"},{"@type":"Organization","@id":"https:\/\/jornalfatosenoticias.com.br\/#organization","name":"Jornal Fatos e Not\u00edcias","url":"https:\/\/jornalfatosenoticias.com.br\/","logo":{"@type":"ImageObject","inLanguage":"pt-BR","@id":"https:\/\/jornalfatosenoticias.com.br\/#\/schema\/logo\/image\/","url":"https:\/\/jornalfatosenoticias.com.br\/wp-content\/uploads\/2020\/02\/logo120.png","contentUrl":"https:\/\/jornalfatosenoticias.com.br\/wp-content\/uploads\/2020\/02\/logo120.png","width":1227,"height":120,"caption":"Jornal Fatos e Not\u00edcias"},"image":{"@id":"https:\/\/jornalfatosenoticias.com.br\/#\/schema\/logo\/image\/"}},{"@type":"Person","@id":"https:\/\/jornalfatosenoticias.com.br\/#\/schema\/person\/d63837fa13ac8666eb9e74e0985d6f81","name":"Luzimara Fernandes","image":{"@type":"ImageObject","inLanguage":"pt-BR","@id":"https:\/\/jornalfatosenoticias.com.br\/#\/schema\/person\/image\/","url":"https:\/\/jornalfatosenoticias.com.br\/wp-content\/uploads\/2025\/05\/EU_portal.jpg","contentUrl":"https:\/\/jornalfatosenoticias.com.br\/wp-content\/uploads\/2025\/05\/EU_portal.jpg","caption":"Luzimara Fernandes"},"description":"Jornalista MTB 2358-ES","sameAs":["https:\/\/jornalfatosenoticias.com.br"],"url":"https:\/\/jornalfatosenoticias.com.br\/index.php\/author\/luzimara\/"}]}},"cc_featured_image_caption":{"caption_text":"(Foto: Ascom PMV)","source_text":"","source_url":""},"jetpack_featured_media_url":"https:\/\/jornalfatosenoticias.com.br\/wp-content\/uploads\/2020\/08\/feira-artesanal.jpg","_links":{"self":[{"href":"https:\/\/jornalfatosenoticias.com.br\/index.php\/wp-json\/wp\/v2\/posts\/7456","targetHints":{"allow":["GET"]}}],"collection":[{"href":"https:\/\/jornalfatosenoticias.com.br\/index.php\/wp-json\/wp\/v2\/posts"}],"about":[{"href":"https:\/\/jornalfatosenoticias.com.br\/index.php\/wp-json\/wp\/v2\/types\/post"}],"author":[{"embeddable":true,"href":"https:\/\/jornalfatosenoticias.com.br\/index.php\/wp-json\/wp\/v2\/users\/2"}],"replies":[{"embeddable":true,"href":"https:\/\/jornalfatosenoticias.com.br\/index.php\/wp-json\/wp\/v2\/comments?post=7456"}],"version-history":[{"count":0,"href":"https:\/\/jornalfatosenoticias.com.br\/index.php\/wp-json\/wp\/v2\/posts\/7456\/revisions"}],"wp:featuredmedia":[{"embeddable":true,"href":"https:\/\/jornalfatosenoticias.com.br\/index.php\/wp-json\/wp\/v2\/media\/7458"}],"wp:attachment":[{"href":"https:\/\/jornalfatosenoticias.com.br\/index.php\/wp-json\/wp\/v2\/media?parent=7456"}],"wp:term":[{"taxonomy":"category","embeddable":true,"href":"https:\/\/jornalfatosenoticias.com.br\/index.php\/wp-json\/wp\/v2\/categories?post=7456"},{"taxonomy":"post_tag","embeddable":true,"href":"https:\/\/jornalfatosenoticias.com.br\/index.php\/wp-json\/wp\/v2\/tags?post=7456"}],"curies":[{"name":"wp","href":"https:\/\/api.w.org\/{rel}","templated":true}]}}