{"id":7540,"date":"2020-08-11T16:15:01","date_gmt":"2020-08-11T19:15:01","guid":{"rendered":"https:\/\/jornalfatosenoticias.com.br\/?p=7540"},"modified":"2020-08-11T16:15:02","modified_gmt":"2020-08-11T19:15:02","slug":"a-violencia-domestica-em-tempos-de-pandemia-com-daniel-simoes","status":"publish","type":"post","link":"https:\/\/jornalfatosenoticias.com.br\/index.php\/2020\/08\/11\/a-violencia-domestica-em-tempos-de-pandemia-com-daniel-simoes\/","title":{"rendered":"A viol\u00eancia dom\u00e9stica em tempos de pandemia, com Daniel Sim\u00f5es"},"content":{"rendered":"\n<p>Neste \u00e1udio, o advogado, Daniel Sim\u00f5es, fala sobre VIOL\u00caNCIA DOM\u00c9STICA EM TEMPOS DE PANDEMIA e tamb\u00e9m sobre os aspectos relacionados \u00e0 pr\u00e1tica de viol\u00eancia dom\u00e9stica conforme a Lei 11.340\/06 (Lei Maria da Penha); as medidas administrativas e judiciais a serem adotadas em caso de viol\u00eancia dom\u00e9stica; a iniciativa da v\u00edtima de viol\u00eancia dom\u00e9stica em procurar as autoridades na quarentena; o dever da pol\u00edcia ostensiva no combate \u00e0 viol\u00eancia dom\u00e9stica em tempos de isolamento e a atua\u00e7\u00e3o do Judici\u00e1rio, do Minist\u00e9rio P\u00fablico e da Advocacia no combate \u00e0 viol\u00eancia dom\u00e9stica em per\u00edodo de isolamento.<\/p>\n\n\n\n<h4 class=\"wp-block-heading\">Ou\u00e7a<\/h4>\n\n\n\n<figure class=\"wp-block-audio\"><audio controls src=\"https:\/\/jornalfatosenoticias.com.br\/wp-content\/uploads\/2020\/08\/Entrevista-com-Daniel-Sim\u00f5es-11.08.2020-MP3.mp3\"><\/audio><\/figure>\n","protected":false},"excerpt":{"rendered":"<p>Neste \u00e1udio, o advogado, Daniel Sim\u00f5es, fala sobre VIOL\u00caNCIA DOM\u00c9STICA EM TEMPOS DE PANDEMIA e tamb\u00e9m sobre os aspectos relacionados \u00e0 pr\u00e1tica de viol\u00eancia dom\u00e9stica conforme a Lei 11.340\/06 (Lei Maria da Penha); as medidas administrativas e judiciais a serem adotadas em caso de viol\u00eancia dom\u00e9stica; a iniciativa da v\u00edtima de viol\u00eancia dom\u00e9stica em procurar [&hellip;]<\/p>\n","protected":false},"author":3,"featured_media":7542,"comment_status":"open","ping_status":"open","sticky":false,"template":"","format":"standard","meta":{"footnotes":""},"categories":[2522],"tags":[464,330,1041],"class_list":["post-7540","post","type-post","status-publish","format-standard","has-post-thumbnail","hentry","category-comportamento","tag-lei","tag-pandemia","tag-violencia-domestica"],"yoast_head":"<!-- This site is optimized with the Yoast SEO plugin v26.5 - https:\/\/yoast.com\/wordpress\/plugins\/seo\/ -->\n<title>A viol\u00eancia dom\u00e9stica em tempos de pandemia, com Daniel Sim\u00f5es - Jornal Fatos e Not\u00edcias<\/title>\n<meta name=\"robots\" content=\"index, follow, max-snippet:-1, max-image-preview:large, max-video-preview:-1\" \/>\n<link rel=\"canonical\" href=\"https:\/\/jornalfatosenoticias.com.br\/index.php\/2020\/08\/11\/a-violencia-domestica-em-tempos-de-pandemia-com-daniel-simoes\/\" \/>\n<meta property=\"og:locale\" content=\"pt_BR\" \/>\n<meta property=\"og:type\" content=\"article\" \/>\n<meta property=\"og:title\" content=\"A viol\u00eancia dom\u00e9stica em tempos de pandemia, com Daniel Sim\u00f5es - Jornal Fatos e Not\u00edcias\" \/>\n<meta property=\"og:description\" content=\"Neste \u00e1udio, o advogado, Daniel Sim\u00f5es, fala sobre VIOL\u00caNCIA DOM\u00c9STICA EM TEMPOS DE PANDEMIA e tamb\u00e9m sobre os aspectos relacionados \u00e0 pr\u00e1tica de viol\u00eancia dom\u00e9stica conforme a Lei 11.340\/06 (Lei Maria da Penha); as medidas administrativas e judiciais a serem adotadas em caso de viol\u00eancia dom\u00e9stica; a iniciativa da v\u00edtima de viol\u00eancia dom\u00e9stica em procurar [&hellip;]\" \/>\n<meta property=\"og:url\" content=\"https:\/\/jornalfatosenoticias.com.br\/index.php\/2020\/08\/11\/a-violencia-domestica-em-tempos-de-pandemia-com-daniel-simoes\/\" \/>\n<meta property=\"og:site_name\" content=\"Jornal Fatos e Not\u00edcias\" \/>\n<meta property=\"article:published_time\" content=\"2020-08-11T19:15:01+00:00\" \/>\n<meta property=\"article:modified_time\" content=\"2020-08-11T19:15:02+00:00\" \/>\n<meta property=\"og:image\" content=\"https:\/\/jornalfatosenoticias.com.br\/wp-content\/uploads\/2020\/08\/DANIEL-SIMOES.jpg\" \/>\n\t<meta property=\"og:image:width\" content=\"1000\" \/>\n\t<meta property=\"og:image:height\" content=\"850\" \/>\n\t<meta property=\"og:image:type\" content=\"image\/jpeg\" \/>\n<meta name=\"author\" content=\"Haroldo Filho\" \/>\n<meta name=\"twitter:card\" content=\"summary_large_image\" \/>\n<meta name=\"twitter:label1\" content=\"Escrito por\" \/>\n\t<meta name=\"twitter:data1\" content=\"Haroldo Filho\" \/>\n\t<meta name=\"twitter:label2\" content=\"Est. tempo de leitura\" \/>\n\t<meta name=\"twitter:data2\" content=\"1 minuto\" \/>\n<script type=\"application\/ld+json\" class=\"yoast-schema-graph\">{\"@context\":\"https:\/\/schema.org\",\"@graph\":[{\"@type\":\"Article\",\"@id\":\"https:\/\/jornalfatosenoticias.com.br\/index.php\/2020\/08\/11\/a-violencia-domestica-em-tempos-de-pandemia-com-daniel-simoes\/#article\",\"isPartOf\":{\"@id\":\"https:\/\/jornalfatosenoticias.com.br\/index.php\/2020\/08\/11\/a-violencia-domestica-em-tempos-de-pandemia-com-daniel-simoes\/\"},\"author\":{\"name\":\"Haroldo Filho\",\"@id\":\"https:\/\/jornalfatosenoticias.com.br\/#\/schema\/person\/05c46cc25b42a5c27e004fb0fa6b4965\"},\"headline\":\"A viol\u00eancia dom\u00e9stica em tempos de pandemia, com Daniel Sim\u00f5es\",\"datePublished\":\"2020-08-11T19:15:01+00:00\",\"dateModified\":\"2020-08-11T19:15:02+00:00\",\"mainEntityOfPage\":{\"@id\":\"https:\/\/jornalfatosenoticias.com.br\/index.php\/2020\/08\/11\/a-violencia-domestica-em-tempos-de-pandemia-com-daniel-simoes\/\"},\"wordCount\":126,\"commentCount\":0,\"publisher\":{\"@id\":\"https:\/\/jornalfatosenoticias.com.br\/#organization\"},\"image\":{\"@id\":\"https:\/\/jornalfatosenoticias.com.br\/index.php\/2020\/08\/11\/a-violencia-domestica-em-tempos-de-pandemia-com-daniel-simoes\/#primaryimage\"},\"thumbnailUrl\":\"https:\/\/jornalfatosenoticias.com.br\/wp-content\/uploads\/2020\/08\/DANIEL-SIMOES.jpg\",\"keywords\":[\"lei\",\"pandemia\",\"viol\u00eancia dom\u00e9stica\"],\"articleSection\":[\"Comportamento &amp; Equil\u00edbrio\"],\"inLanguage\":\"pt-BR\",\"potentialAction\":[{\"@type\":\"CommentAction\",\"name\":\"Comment\",\"target\":[\"https:\/\/jornalfatosenoticias.com.br\/index.php\/2020\/08\/11\/a-violencia-domestica-em-tempos-de-pandemia-com-daniel-simoes\/#respond\"]}]},{\"@type\":\"WebPage\",\"@id\":\"https:\/\/jornalfatosenoticias.com.br\/index.php\/2020\/08\/11\/a-violencia-domestica-em-tempos-de-pandemia-com-daniel-simoes\/\",\"url\":\"https:\/\/jornalfatosenoticias.com.br\/index.php\/2020\/08\/11\/a-violencia-domestica-em-tempos-de-pandemia-com-daniel-simoes\/\",\"name\":\"A viol\u00eancia dom\u00e9stica em tempos de pandemia, com Daniel Sim\u00f5es - Jornal Fatos e Not\u00edcias\",\"isPartOf\":{\"@id\":\"https:\/\/jornalfatosenoticias.com.br\/#website\"},\"primaryImageOfPage\":{\"@id\":\"https:\/\/jornalfatosenoticias.com.br\/index.php\/2020\/08\/11\/a-violencia-domestica-em-tempos-de-pandemia-com-daniel-simoes\/#primaryimage\"},\"image\":{\"@id\":\"https:\/\/jornalfatosenoticias.com.br\/index.php\/2020\/08\/11\/a-violencia-domestica-em-tempos-de-pandemia-com-daniel-simoes\/#primaryimage\"},\"thumbnailUrl\":\"https:\/\/jornalfatosenoticias.com.br\/wp-content\/uploads\/2020\/08\/DANIEL-SIMOES.jpg\",\"datePublished\":\"2020-08-11T19:15:01+00:00\",\"dateModified\":\"2020-08-11T19:15:02+00:00\",\"breadcrumb\":{\"@id\":\"https:\/\/jornalfatosenoticias.com.br\/index.php\/2020\/08\/11\/a-violencia-domestica-em-tempos-de-pandemia-com-daniel-simoes\/#breadcrumb\"},\"inLanguage\":\"pt-BR\",\"potentialAction\":[{\"@type\":\"ReadAction\",\"target\":[\"https:\/\/jornalfatosenoticias.com.br\/index.php\/2020\/08\/11\/a-violencia-domestica-em-tempos-de-pandemia-com-daniel-simoes\/\"]}]},{\"@type\":\"ImageObject\",\"inLanguage\":\"pt-BR\",\"@id\":\"https:\/\/jornalfatosenoticias.com.br\/index.php\/2020\/08\/11\/a-violencia-domestica-em-tempos-de-pandemia-com-daniel-simoes\/#primaryimage\",\"url\":\"https:\/\/jornalfatosenoticias.com.br\/wp-content\/uploads\/2020\/08\/DANIEL-SIMOES.jpg\",\"contentUrl\":\"https:\/\/jornalfatosenoticias.com.br\/wp-content\/uploads\/2020\/08\/DANIEL-SIMOES.jpg\",\"width\":1000,\"height\":850},{\"@type\":\"BreadcrumbList\",\"@id\":\"https:\/\/jornalfatosenoticias.com.br\/index.php\/2020\/08\/11\/a-violencia-domestica-em-tempos-de-pandemia-com-daniel-simoes\/#breadcrumb\",\"itemListElement\":[{\"@type\":\"ListItem\",\"position\":1,\"name\":\"In\u00edcio\",\"item\":\"https:\/\/jornalfatosenoticias.com.br\/\"},{\"@type\":\"ListItem\",\"position\":2,\"name\":\"A viol\u00eancia dom\u00e9stica em tempos de pandemia, com Daniel Sim\u00f5es\"}]},{\"@type\":\"WebSite\",\"@id\":\"https:\/\/jornalfatosenoticias.com.br\/#website\",\"url\":\"https:\/\/jornalfatosenoticias.com.br\/\",\"name\":\"Jornal Fatos e Not\u00edcias\",\"description\":\"Not\u00edcias em geral\",\"publisher\":{\"@id\":\"https:\/\/jornalfatosenoticias.com.br\/#organization\"},\"potentialAction\":[{\"@type\":\"SearchAction\",\"target\":{\"@type\":\"EntryPoint\",\"urlTemplate\":\"https:\/\/jornalfatosenoticias.com.br\/?s={search_term_string}\"},\"query-input\":{\"@type\":\"PropertyValueSpecification\",\"valueRequired\":true,\"valueName\":\"search_term_string\"}}],\"inLanguage\":\"pt-BR\"},{\"@type\":\"Organization\",\"@id\":\"https:\/\/jornalfatosenoticias.com.br\/#organization\",\"name\":\"Jornal Fatos e Not\u00edcias\",\"url\":\"https:\/\/jornalfatosenoticias.com.br\/\",\"logo\":{\"@type\":\"ImageObject\",\"inLanguage\":\"pt-BR\",\"@id\":\"https:\/\/jornalfatosenoticias.com.br\/#\/schema\/logo\/image\/\",\"url\":\"https:\/\/jornalfatosenoticias.com.br\/wp-content\/uploads\/2020\/02\/logo120.png\",\"contentUrl\":\"https:\/\/jornalfatosenoticias.com.br\/wp-content\/uploads\/2020\/02\/logo120.png\",\"width\":1227,\"height\":120,\"caption\":\"Jornal Fatos e Not\u00edcias\"},\"image\":{\"@id\":\"https:\/\/jornalfatosenoticias.com.br\/#\/schema\/logo\/image\/\"}},{\"@type\":\"Person\",\"@id\":\"https:\/\/jornalfatosenoticias.com.br\/#\/schema\/person\/05c46cc25b42a5c27e004fb0fa6b4965\",\"name\":\"Haroldo Filho\",\"image\":{\"@type\":\"ImageObject\",\"inLanguage\":\"pt-BR\",\"@id\":\"https:\/\/jornalfatosenoticias.com.br\/#\/schema\/person\/image\/\",\"url\":\"https:\/\/jornalfatosenoticias.com.br\/wp-content\/uploads\/2025\/08\/WhatsApp-Image-2025-08-18-at-15.30.28-150x150.jpeg\",\"contentUrl\":\"https:\/\/jornalfatosenoticias.com.br\/wp-content\/uploads\/2025\/08\/WhatsApp-Image-2025-08-18-at-15.30.28-150x150.jpeg\",\"caption\":\"Haroldo Filho\"},\"description\":\"Jornalista \u2013 DRT: 0003818\/ES Coordenador-geral da ONG Educar para Crescer\",\"url\":\"https:\/\/jornalfatosenoticias.com.br\/index.php\/author\/haroldo\/\"}]}<\/script>\n<!-- \/ Yoast SEO plugin. -->","yoast_head_json":{"title":"A viol\u00eancia dom\u00e9stica em tempos de pandemia, com Daniel Sim\u00f5es - Jornal Fatos e Not\u00edcias","robots":{"index":"index","follow":"follow","max-snippet":"max-snippet:-1","max-image-preview":"max-image-preview:large","max-video-preview":"max-video-preview:-1"},"canonical":"https:\/\/jornalfatosenoticias.com.br\/index.php\/2020\/08\/11\/a-violencia-domestica-em-tempos-de-pandemia-com-daniel-simoes\/","og_locale":"pt_BR","og_type":"article","og_title":"A viol\u00eancia dom\u00e9stica em tempos de pandemia, com Daniel Sim\u00f5es - Jornal Fatos e Not\u00edcias","og_description":"Neste \u00e1udio, o advogado, Daniel Sim\u00f5es, fala sobre VIOL\u00caNCIA DOM\u00c9STICA EM TEMPOS DE PANDEMIA e tamb\u00e9m sobre os aspectos relacionados \u00e0 pr\u00e1tica de viol\u00eancia dom\u00e9stica conforme a Lei 11.340\/06 (Lei Maria da Penha); as medidas administrativas e judiciais a serem adotadas em caso de viol\u00eancia dom\u00e9stica; a iniciativa da v\u00edtima de viol\u00eancia dom\u00e9stica em procurar [&hellip;]","og_url":"https:\/\/jornalfatosenoticias.com.br\/index.php\/2020\/08\/11\/a-violencia-domestica-em-tempos-de-pandemia-com-daniel-simoes\/","og_site_name":"Jornal Fatos e Not\u00edcias","article_published_time":"2020-08-11T19:15:01+00:00","article_modified_time":"2020-08-11T19:15:02+00:00","og_image":[{"width":1000,"height":850,"url":"https:\/\/jornalfatosenoticias.com.br\/wp-content\/uploads\/2020\/08\/DANIEL-SIMOES.jpg","type":"image\/jpeg"}],"author":"Haroldo Filho","twitter_card":"summary_large_image","twitter_misc":{"Escrito por":"Haroldo Filho","Est. tempo de leitura":"1 minuto"},"schema":{"@context":"https:\/\/schema.org","@graph":[{"@type":"Article","@id":"https:\/\/jornalfatosenoticias.com.br\/index.php\/2020\/08\/11\/a-violencia-domestica-em-tempos-de-pandemia-com-daniel-simoes\/#article","isPartOf":{"@id":"https:\/\/jornalfatosenoticias.com.br\/index.php\/2020\/08\/11\/a-violencia-domestica-em-tempos-de-pandemia-com-daniel-simoes\/"},"author":{"name":"Haroldo Filho","@id":"https:\/\/jornalfatosenoticias.com.br\/#\/schema\/person\/05c46cc25b42a5c27e004fb0fa6b4965"},"headline":"A viol\u00eancia dom\u00e9stica em tempos de pandemia, com Daniel Sim\u00f5es","datePublished":"2020-08-11T19:15:01+00:00","dateModified":"2020-08-11T19:15:02+00:00","mainEntityOfPage":{"@id":"https:\/\/jornalfatosenoticias.com.br\/index.php\/2020\/08\/11\/a-violencia-domestica-em-tempos-de-pandemia-com-daniel-simoes\/"},"wordCount":126,"commentCount":0,"publisher":{"@id":"https:\/\/jornalfatosenoticias.com.br\/#organization"},"image":{"@id":"https:\/\/jornalfatosenoticias.com.br\/index.php\/2020\/08\/11\/a-violencia-domestica-em-tempos-de-pandemia-com-daniel-simoes\/#primaryimage"},"thumbnailUrl":"https:\/\/jornalfatosenoticias.com.br\/wp-content\/uploads\/2020\/08\/DANIEL-SIMOES.jpg","keywords":["lei","pandemia","viol\u00eancia dom\u00e9stica"],"articleSection":["Comportamento &amp; Equil\u00edbrio"],"inLanguage":"pt-BR","potentialAction":[{"@type":"CommentAction","name":"Comment","target":["https:\/\/jornalfatosenoticias.com.br\/index.php\/2020\/08\/11\/a-violencia-domestica-em-tempos-de-pandemia-com-daniel-simoes\/#respond"]}]},{"@type":"WebPage","@id":"https:\/\/jornalfatosenoticias.com.br\/index.php\/2020\/08\/11\/a-violencia-domestica-em-tempos-de-pandemia-com-daniel-simoes\/","url":"https:\/\/jornalfatosenoticias.com.br\/index.php\/2020\/08\/11\/a-violencia-domestica-em-tempos-de-pandemia-com-daniel-simoes\/","name":"A viol\u00eancia dom\u00e9stica em tempos de pandemia, com Daniel Sim\u00f5es - Jornal Fatos e Not\u00edcias","isPartOf":{"@id":"https:\/\/jornalfatosenoticias.com.br\/#website"},"primaryImageOfPage":{"@id":"https:\/\/jornalfatosenoticias.com.br\/index.php\/2020\/08\/11\/a-violencia-domestica-em-tempos-de-pandemia-com-daniel-simoes\/#primaryimage"},"image":{"@id":"https:\/\/jornalfatosenoticias.com.br\/index.php\/2020\/08\/11\/a-violencia-domestica-em-tempos-de-pandemia-com-daniel-simoes\/#primaryimage"},"thumbnailUrl":"https:\/\/jornalfatosenoticias.com.br\/wp-content\/uploads\/2020\/08\/DANIEL-SIMOES.jpg","datePublished":"2020-08-11T19:15:01+00:00","dateModified":"2020-08-11T19:15:02+00:00","breadcrumb":{"@id":"https:\/\/jornalfatosenoticias.com.br\/index.php\/2020\/08\/11\/a-violencia-domestica-em-tempos-de-pandemia-com-daniel-simoes\/#breadcrumb"},"inLanguage":"pt-BR","potentialAction":[{"@type":"ReadAction","target":["https:\/\/jornalfatosenoticias.com.br\/index.php\/2020\/08\/11\/a-violencia-domestica-em-tempos-de-pandemia-com-daniel-simoes\/"]}]},{"@type":"ImageObject","inLanguage":"pt-BR","@id":"https:\/\/jornalfatosenoticias.com.br\/index.php\/2020\/08\/11\/a-violencia-domestica-em-tempos-de-pandemia-com-daniel-simoes\/#primaryimage","url":"https:\/\/jornalfatosenoticias.com.br\/wp-content\/uploads\/2020\/08\/DANIEL-SIMOES.jpg","contentUrl":"https:\/\/jornalfatosenoticias.com.br\/wp-content\/uploads\/2020\/08\/DANIEL-SIMOES.jpg","width":1000,"height":850},{"@type":"BreadcrumbList","@id":"https:\/\/jornalfatosenoticias.com.br\/index.php\/2020\/08\/11\/a-violencia-domestica-em-tempos-de-pandemia-com-daniel-simoes\/#breadcrumb","itemListElement":[{"@type":"ListItem","position":1,"name":"In\u00edcio","item":"https:\/\/jornalfatosenoticias.com.br\/"},{"@type":"ListItem","position":2,"name":"A viol\u00eancia dom\u00e9stica em tempos de pandemia, com Daniel Sim\u00f5es"}]},{"@type":"WebSite","@id":"https:\/\/jornalfatosenoticias.com.br\/#website","url":"https:\/\/jornalfatosenoticias.com.br\/","name":"Jornal Fatos e Not\u00edcias","description":"Not\u00edcias em geral","publisher":{"@id":"https:\/\/jornalfatosenoticias.com.br\/#organization"},"potentialAction":[{"@type":"SearchAction","target":{"@type":"EntryPoint","urlTemplate":"https:\/\/jornalfatosenoticias.com.br\/?s={search_term_string}"},"query-input":{"@type":"PropertyValueSpecification","valueRequired":true,"valueName":"search_term_string"}}],"inLanguage":"pt-BR"},{"@type":"Organization","@id":"https:\/\/jornalfatosenoticias.com.br\/#organization","name":"Jornal Fatos e Not\u00edcias","url":"https:\/\/jornalfatosenoticias.com.br\/","logo":{"@type":"ImageObject","inLanguage":"pt-BR","@id":"https:\/\/jornalfatosenoticias.com.br\/#\/schema\/logo\/image\/","url":"https:\/\/jornalfatosenoticias.com.br\/wp-content\/uploads\/2020\/02\/logo120.png","contentUrl":"https:\/\/jornalfatosenoticias.com.br\/wp-content\/uploads\/2020\/02\/logo120.png","width":1227,"height":120,"caption":"Jornal Fatos e Not\u00edcias"},"image":{"@id":"https:\/\/jornalfatosenoticias.com.br\/#\/schema\/logo\/image\/"}},{"@type":"Person","@id":"https:\/\/jornalfatosenoticias.com.br\/#\/schema\/person\/05c46cc25b42a5c27e004fb0fa6b4965","name":"Haroldo Filho","image":{"@type":"ImageObject","inLanguage":"pt-BR","@id":"https:\/\/jornalfatosenoticias.com.br\/#\/schema\/person\/image\/","url":"https:\/\/jornalfatosenoticias.com.br\/wp-content\/uploads\/2025\/08\/WhatsApp-Image-2025-08-18-at-15.30.28-150x150.jpeg","contentUrl":"https:\/\/jornalfatosenoticias.com.br\/wp-content\/uploads\/2025\/08\/WhatsApp-Image-2025-08-18-at-15.30.28-150x150.jpeg","caption":"Haroldo Filho"},"description":"Jornalista \u2013 DRT: 0003818\/ES Coordenador-geral da ONG Educar para Crescer","url":"https:\/\/jornalfatosenoticias.com.br\/index.php\/author\/haroldo\/"}]}},"cc_featured_image_caption":{"caption_text":"(Foto: Arquivo pessoal)","source_text":"","source_url":""},"jetpack_featured_media_url":"https:\/\/jornalfatosenoticias.com.br\/wp-content\/uploads\/2020\/08\/DANIEL-SIMOES.jpg","_links":{"self":[{"href":"https:\/\/jornalfatosenoticias.com.br\/index.php\/wp-json\/wp\/v2\/posts\/7540","targetHints":{"allow":["GET"]}}],"collection":[{"href":"https:\/\/jornalfatosenoticias.com.br\/index.php\/wp-json\/wp\/v2\/posts"}],"about":[{"href":"https:\/\/jornalfatosenoticias.com.br\/index.php\/wp-json\/wp\/v2\/types\/post"}],"author":[{"embeddable":true,"href":"https:\/\/jornalfatosenoticias.com.br\/index.php\/wp-json\/wp\/v2\/users\/3"}],"replies":[{"embeddable":true,"href":"https:\/\/jornalfatosenoticias.com.br\/index.php\/wp-json\/wp\/v2\/comments?post=7540"}],"version-history":[{"count":0,"href":"https:\/\/jornalfatosenoticias.com.br\/index.php\/wp-json\/wp\/v2\/posts\/7540\/revisions"}],"wp:featuredmedia":[{"embeddable":true,"href":"https:\/\/jornalfatosenoticias.com.br\/index.php\/wp-json\/wp\/v2\/media\/7542"}],"wp:attachment":[{"href":"https:\/\/jornalfatosenoticias.com.br\/index.php\/wp-json\/wp\/v2\/media?parent=7540"}],"wp:term":[{"taxonomy":"category","embeddable":true,"href":"https:\/\/jornalfatosenoticias.com.br\/index.php\/wp-json\/wp\/v2\/categories?post=7540"},{"taxonomy":"post_tag","embeddable":true,"href":"https:\/\/jornalfatosenoticias.com.br\/index.php\/wp-json\/wp\/v2\/tags?post=7540"}],"curies":[{"name":"wp","href":"https:\/\/api.w.org\/{rel}","templated":true}]}}