{"id":7554,"date":"2020-08-12T09:56:41","date_gmt":"2020-08-12T12:56:41","guid":{"rendered":"https:\/\/jornalfatosenoticias.com.br\/?p=7554"},"modified":"2020-08-12T09:56:43","modified_gmt":"2020-08-12T12:56:43","slug":"operacao-verde-brasil-2-completa-tres-meses-de-atuacao-na-amazonia","status":"publish","type":"post","link":"https:\/\/jornalfatosenoticias.com.br\/index.php\/2020\/08\/12\/operacao-verde-brasil-2-completa-tres-meses-de-atuacao-na-amazonia\/","title":{"rendered":"Opera\u00e7\u00e3o Verde Brasil 2 completa tr\u00eas meses de atua\u00e7\u00e3o na Amaz\u00f4nia"},"content":{"rendered":"\n<h6 class=\"wp-block-heading\"><em>Eles atuam no combate a crimes ambientais e contra focos de inc\u00eandio<\/em><\/h6>\n\n\n\n<p>A Opera\u00e7\u00e3o Verde Brasil 2 completou ontem (11) tr\u00eas meses de atua\u00e7\u00e3o preventiva e repressiva contra delitos ambientais, direcionada ao desmatamento ilegal e a focos de inc\u00eandio na Amaz\u00f4nia Legal.<br>\u201cComo forma de combater crimes ambientais, desde o in\u00edcio da Verde Brasil 2, integrantes das For\u00e7as Armadas, integrados com agentes de \u00f3rg\u00e3os ambientais, executam inspe\u00e7\u00f5es navais, terrestres, vistorias e revistas em embarca\u00e7\u00f5es, al\u00e9m do combate a focos de inc\u00eandio\u201d, informou o Minist\u00e9rio da Defesa.<br>No domingo (9), segundo a pasta, militares do Comando Conjunto Norte combateram novos focos de inc\u00eandio na extens\u00e3o da Serra Sul, regi\u00e3o da Floresta Nacional Caraj\u00e1s, na localidade de Cana\u00e3 dos Caraj\u00e1s (PA).<br>Em seguida, o comando prosseguiu com inspe\u00e7\u00e3o em rios da Regi\u00e3o Amaz\u00f4nica, abrangendo cidades dos estados do Amazonas, do Acre, de Roraima e de Rond\u00f4nia. As atividades consistiram na abordagem e revista de 126 embarca\u00e7\u00f5es, sendo que 19 delas foram autuadas e dez apreendidas.<br>Ainda de acordo com o minist\u00e9rio, militares apoiaram tamb\u00e9m a\u00e7\u00f5es de fiscaliza\u00e7\u00e3o feitas por agentes do Instituto Brasileiro do Meio Ambiente e dos Recursos Naturais (Ibama) e da For\u00e7a Nacional de Seguran\u00e7a P\u00fablica. Eles atuaram contra crimes ambientais e no levantamento de \u00e1reas com queimadas na localidade de Quer\u00eancia (MT).<\/p>\n\n\n\n<h4 class=\"wp-block-heading\">Resultados<\/h4>\n\n\n\n<p>Segundo a pasta, desde a deflagra\u00e7\u00e3o da Opera\u00e7\u00e3o Verde Brasil 2, em maio, militares e agentes de \u00f3rg\u00e3os parceiros realizaram 20,1 mil inspe\u00e7\u00f5es navais e terrestres, vistorias e revistas em embarca\u00e7\u00f5es, das quais 458 foram apreendidas.<br>Nos postos de bloqueio e controle de estradas, foram retidos 177 ve\u00edculos por irregularidades. Tamb\u00e9m foi confiscado volume superior a 28,1 mil metros c\u00fabicos de madeira ilegal e 553 m\u00e1quinas de serraria m\u00f3vel, tratores, maquin\u00e1rio de minera\u00e7\u00e3o, balsas, dragas e acess\u00f3rios foram apreendidos.<br>At\u00e9 o momento, mais de R$ 407,2 milh\u00f5es foram aplicados em multas e termos de infra\u00e7\u00e3o.<\/p>\n\n\n\n<p><em><strong>Fonte: <a href=\"https:\/\/agenciabrasil.ebc.com.br\/geral\/noticia\/2020-08\/operacao-verde-brasil-2-completa-tres-meses-de-atuacao-na-amazonia\">Ag\u00eancia Brasil<\/a><\/strong><\/em><\/p>\n","protected":false},"excerpt":{"rendered":"<p>Eles atuam no combate a crimes ambientais e contra focos de inc\u00eandio A Opera\u00e7\u00e3o Verde Brasil 2 completou ontem (11) tr\u00eas meses de atua\u00e7\u00e3o preventiva e repressiva contra delitos ambientais, direcionada ao desmatamento ilegal e a focos de inc\u00eandio na Amaz\u00f4nia Legal.\u201cComo forma de combater crimes ambientais, desde o in\u00edcio da Verde Brasil 2, integrantes [&hellip;]<\/p>\n","protected":false},"author":2,"featured_media":7555,"comment_status":"open","ping_status":"open","sticky":false,"template":"","format":"standard","meta":{"footnotes":""},"categories":[8],"tags":[123,1844,4262,4263],"class_list":["post-7554","post","type-post","status-publish","format-standard","has-post-thumbnail","hentry","category-meio-ambiente","tag-amazonia","tag-desmatamento","tag-incendios","tag-operacao-verde-brasil-2"],"yoast_head":"<!-- This site is optimized with the Yoast SEO plugin v26.5 - https:\/\/yoast.com\/wordpress\/plugins\/seo\/ -->\n<title>Opera\u00e7\u00e3o Verde Brasil 2 completa tr\u00eas meses de atua\u00e7\u00e3o na Amaz\u00f4nia - Jornal Fatos e Not\u00edcias<\/title>\n<meta name=\"robots\" content=\"index, follow, max-snippet:-1, max-image-preview:large, max-video-preview:-1\" \/>\n<link rel=\"canonical\" href=\"https:\/\/jornalfatosenoticias.com.br\/index.php\/2020\/08\/12\/operacao-verde-brasil-2-completa-tres-meses-de-atuacao-na-amazonia\/\" \/>\n<meta property=\"og:locale\" content=\"pt_BR\" \/>\n<meta property=\"og:type\" content=\"article\" \/>\n<meta property=\"og:title\" content=\"Opera\u00e7\u00e3o Verde Brasil 2 completa tr\u00eas meses de atua\u00e7\u00e3o na Amaz\u00f4nia - Jornal Fatos e Not\u00edcias\" \/>\n<meta property=\"og:description\" content=\"Eles atuam no combate a crimes ambientais e contra focos de inc\u00eandio A Opera\u00e7\u00e3o Verde Brasil 2 completou ontem (11) tr\u00eas meses de atua\u00e7\u00e3o preventiva e repressiva contra delitos ambientais, direcionada ao desmatamento ilegal e a focos de inc\u00eandio na Amaz\u00f4nia Legal.\u201cComo forma de combater crimes ambientais, desde o in\u00edcio da Verde Brasil 2, integrantes [&hellip;]\" \/>\n<meta property=\"og:url\" content=\"https:\/\/jornalfatosenoticias.com.br\/index.php\/2020\/08\/12\/operacao-verde-brasil-2-completa-tres-meses-de-atuacao-na-amazonia\/\" \/>\n<meta property=\"og:site_name\" content=\"Jornal Fatos e Not\u00edcias\" \/>\n<meta property=\"article:published_time\" content=\"2020-08-12T12:56:41+00:00\" \/>\n<meta property=\"article:modified_time\" content=\"2020-08-12T12:56:43+00:00\" \/>\n<meta property=\"og:image\" content=\"https:\/\/jornalfatosenoticias.com.br\/wp-content\/uploads\/2020\/08\/Operacao-Verde-Brasil-2.jpg\" \/>\n\t<meta property=\"og:image:width\" content=\"1000\" \/>\n\t<meta property=\"og:image:height\" content=\"750\" \/>\n\t<meta property=\"og:image:type\" content=\"image\/jpeg\" \/>\n<meta name=\"author\" content=\"Luzimara Fernandes\" \/>\n<meta name=\"twitter:card\" content=\"summary_large_image\" \/>\n<meta name=\"twitter:label1\" content=\"Escrito por\" \/>\n\t<meta name=\"twitter:data1\" content=\"Luzimara Fernandes\" \/>\n\t<meta name=\"twitter:label2\" content=\"Est. tempo de leitura\" \/>\n\t<meta name=\"twitter:data2\" content=\"2 minutos\" \/>\n<script type=\"application\/ld+json\" class=\"yoast-schema-graph\">{\"@context\":\"https:\/\/schema.org\",\"@graph\":[{\"@type\":\"Article\",\"@id\":\"https:\/\/jornalfatosenoticias.com.br\/index.php\/2020\/08\/12\/operacao-verde-brasil-2-completa-tres-meses-de-atuacao-na-amazonia\/#article\",\"isPartOf\":{\"@id\":\"https:\/\/jornalfatosenoticias.com.br\/index.php\/2020\/08\/12\/operacao-verde-brasil-2-completa-tres-meses-de-atuacao-na-amazonia\/\"},\"author\":{\"name\":\"Luzimara Fernandes\",\"@id\":\"https:\/\/jornalfatosenoticias.com.br\/#\/schema\/person\/d63837fa13ac8666eb9e74e0985d6f81\"},\"headline\":\"Opera\u00e7\u00e3o Verde Brasil 2 completa tr\u00eas meses de atua\u00e7\u00e3o na Amaz\u00f4nia\",\"datePublished\":\"2020-08-12T12:56:41+00:00\",\"dateModified\":\"2020-08-12T12:56:43+00:00\",\"mainEntityOfPage\":{\"@id\":\"https:\/\/jornalfatosenoticias.com.br\/index.php\/2020\/08\/12\/operacao-verde-brasil-2-completa-tres-meses-de-atuacao-na-amazonia\/\"},\"wordCount\":361,\"commentCount\":0,\"publisher\":{\"@id\":\"https:\/\/jornalfatosenoticias.com.br\/#organization\"},\"image\":{\"@id\":\"https:\/\/jornalfatosenoticias.com.br\/index.php\/2020\/08\/12\/operacao-verde-brasil-2-completa-tres-meses-de-atuacao-na-amazonia\/#primaryimage\"},\"thumbnailUrl\":\"https:\/\/jornalfatosenoticias.com.br\/wp-content\/uploads\/2020\/08\/Operacao-Verde-Brasil-2.jpg\",\"keywords\":[\"amaz\u00f4nia\",\"desmatamento\",\"inc\u00eandios\",\"Opera\u00e7\u00e3o Verde Brasil 2\"],\"articleSection\":[\"Meio ambiente\"],\"inLanguage\":\"pt-BR\",\"potentialAction\":[{\"@type\":\"CommentAction\",\"name\":\"Comment\",\"target\":[\"https:\/\/jornalfatosenoticias.com.br\/index.php\/2020\/08\/12\/operacao-verde-brasil-2-completa-tres-meses-de-atuacao-na-amazonia\/#respond\"]}]},{\"@type\":\"WebPage\",\"@id\":\"https:\/\/jornalfatosenoticias.com.br\/index.php\/2020\/08\/12\/operacao-verde-brasil-2-completa-tres-meses-de-atuacao-na-amazonia\/\",\"url\":\"https:\/\/jornalfatosenoticias.com.br\/index.php\/2020\/08\/12\/operacao-verde-brasil-2-completa-tres-meses-de-atuacao-na-amazonia\/\",\"name\":\"Opera\u00e7\u00e3o Verde Brasil 2 completa tr\u00eas meses de atua\u00e7\u00e3o na Amaz\u00f4nia - Jornal Fatos e Not\u00edcias\",\"isPartOf\":{\"@id\":\"https:\/\/jornalfatosenoticias.com.br\/#website\"},\"primaryImageOfPage\":{\"@id\":\"https:\/\/jornalfatosenoticias.com.br\/index.php\/2020\/08\/12\/operacao-verde-brasil-2-completa-tres-meses-de-atuacao-na-amazonia\/#primaryimage\"},\"image\":{\"@id\":\"https:\/\/jornalfatosenoticias.com.br\/index.php\/2020\/08\/12\/operacao-verde-brasil-2-completa-tres-meses-de-atuacao-na-amazonia\/#primaryimage\"},\"thumbnailUrl\":\"https:\/\/jornalfatosenoticias.com.br\/wp-content\/uploads\/2020\/08\/Operacao-Verde-Brasil-2.jpg\",\"datePublished\":\"2020-08-12T12:56:41+00:00\",\"dateModified\":\"2020-08-12T12:56:43+00:00\",\"breadcrumb\":{\"@id\":\"https:\/\/jornalfatosenoticias.com.br\/index.php\/2020\/08\/12\/operacao-verde-brasil-2-completa-tres-meses-de-atuacao-na-amazonia\/#breadcrumb\"},\"inLanguage\":\"pt-BR\",\"potentialAction\":[{\"@type\":\"ReadAction\",\"target\":[\"https:\/\/jornalfatosenoticias.com.br\/index.php\/2020\/08\/12\/operacao-verde-brasil-2-completa-tres-meses-de-atuacao-na-amazonia\/\"]}]},{\"@type\":\"ImageObject\",\"inLanguage\":\"pt-BR\",\"@id\":\"https:\/\/jornalfatosenoticias.com.br\/index.php\/2020\/08\/12\/operacao-verde-brasil-2-completa-tres-meses-de-atuacao-na-amazonia\/#primaryimage\",\"url\":\"https:\/\/jornalfatosenoticias.com.br\/wp-content\/uploads\/2020\/08\/Operacao-Verde-Brasil-2.jpg\",\"contentUrl\":\"https:\/\/jornalfatosenoticias.com.br\/wp-content\/uploads\/2020\/08\/Operacao-Verde-Brasil-2.jpg\",\"width\":1000,\"height\":750},{\"@type\":\"BreadcrumbList\",\"@id\":\"https:\/\/jornalfatosenoticias.com.br\/index.php\/2020\/08\/12\/operacao-verde-brasil-2-completa-tres-meses-de-atuacao-na-amazonia\/#breadcrumb\",\"itemListElement\":[{\"@type\":\"ListItem\",\"position\":1,\"name\":\"In\u00edcio\",\"item\":\"https:\/\/jornalfatosenoticias.com.br\/\"},{\"@type\":\"ListItem\",\"position\":2,\"name\":\"Opera\u00e7\u00e3o Verde Brasil 2 completa tr\u00eas meses de atua\u00e7\u00e3o na Amaz\u00f4nia\"}]},{\"@type\":\"WebSite\",\"@id\":\"https:\/\/jornalfatosenoticias.com.br\/#website\",\"url\":\"https:\/\/jornalfatosenoticias.com.br\/\",\"name\":\"Jornal Fatos e Not\u00edcias\",\"description\":\"Not\u00edcias em geral\",\"publisher\":{\"@id\":\"https:\/\/jornalfatosenoticias.com.br\/#organization\"},\"potentialAction\":[{\"@type\":\"SearchAction\",\"target\":{\"@type\":\"EntryPoint\",\"urlTemplate\":\"https:\/\/jornalfatosenoticias.com.br\/?s={search_term_string}\"},\"query-input\":{\"@type\":\"PropertyValueSpecification\",\"valueRequired\":true,\"valueName\":\"search_term_string\"}}],\"inLanguage\":\"pt-BR\"},{\"@type\":\"Organization\",\"@id\":\"https:\/\/jornalfatosenoticias.com.br\/#organization\",\"name\":\"Jornal Fatos e Not\u00edcias\",\"url\":\"https:\/\/jornalfatosenoticias.com.br\/\",\"logo\":{\"@type\":\"ImageObject\",\"inLanguage\":\"pt-BR\",\"@id\":\"https:\/\/jornalfatosenoticias.com.br\/#\/schema\/logo\/image\/\",\"url\":\"https:\/\/jornalfatosenoticias.com.br\/wp-content\/uploads\/2020\/02\/logo120.png\",\"contentUrl\":\"https:\/\/jornalfatosenoticias.com.br\/wp-content\/uploads\/2020\/02\/logo120.png\",\"width\":1227,\"height\":120,\"caption\":\"Jornal Fatos e Not\u00edcias\"},\"image\":{\"@id\":\"https:\/\/jornalfatosenoticias.com.br\/#\/schema\/logo\/image\/\"}},{\"@type\":\"Person\",\"@id\":\"https:\/\/jornalfatosenoticias.com.br\/#\/schema\/person\/d63837fa13ac8666eb9e74e0985d6f81\",\"name\":\"Luzimara Fernandes\",\"image\":{\"@type\":\"ImageObject\",\"inLanguage\":\"pt-BR\",\"@id\":\"https:\/\/jornalfatosenoticias.com.br\/#\/schema\/person\/image\/\",\"url\":\"https:\/\/jornalfatosenoticias.com.br\/wp-content\/uploads\/2025\/05\/EU_portal.jpg\",\"contentUrl\":\"https:\/\/jornalfatosenoticias.com.br\/wp-content\/uploads\/2025\/05\/EU_portal.jpg\",\"caption\":\"Luzimara Fernandes\"},\"description\":\"Jornalista MTB 2358-ES\",\"sameAs\":[\"https:\/\/jornalfatosenoticias.com.br\"],\"url\":\"https:\/\/jornalfatosenoticias.com.br\/index.php\/author\/luzimara\/\"}]}<\/script>\n<!-- \/ Yoast SEO plugin. -->","yoast_head_json":{"title":"Opera\u00e7\u00e3o Verde Brasil 2 completa tr\u00eas meses de atua\u00e7\u00e3o na Amaz\u00f4nia - Jornal Fatos e Not\u00edcias","robots":{"index":"index","follow":"follow","max-snippet":"max-snippet:-1","max-image-preview":"max-image-preview:large","max-video-preview":"max-video-preview:-1"},"canonical":"https:\/\/jornalfatosenoticias.com.br\/index.php\/2020\/08\/12\/operacao-verde-brasil-2-completa-tres-meses-de-atuacao-na-amazonia\/","og_locale":"pt_BR","og_type":"article","og_title":"Opera\u00e7\u00e3o Verde Brasil 2 completa tr\u00eas meses de atua\u00e7\u00e3o na Amaz\u00f4nia - Jornal Fatos e Not\u00edcias","og_description":"Eles atuam no combate a crimes ambientais e contra focos de inc\u00eandio A Opera\u00e7\u00e3o Verde Brasil 2 completou ontem (11) tr\u00eas meses de atua\u00e7\u00e3o preventiva e repressiva contra delitos ambientais, direcionada ao desmatamento ilegal e a focos de inc\u00eandio na Amaz\u00f4nia Legal.\u201cComo forma de combater crimes ambientais, desde o in\u00edcio da Verde Brasil 2, integrantes [&hellip;]","og_url":"https:\/\/jornalfatosenoticias.com.br\/index.php\/2020\/08\/12\/operacao-verde-brasil-2-completa-tres-meses-de-atuacao-na-amazonia\/","og_site_name":"Jornal Fatos e Not\u00edcias","article_published_time":"2020-08-12T12:56:41+00:00","article_modified_time":"2020-08-12T12:56:43+00:00","og_image":[{"width":1000,"height":750,"url":"https:\/\/jornalfatosenoticias.com.br\/wp-content\/uploads\/2020\/08\/Operacao-Verde-Brasil-2.jpg","type":"image\/jpeg"}],"author":"Luzimara Fernandes","twitter_card":"summary_large_image","twitter_misc":{"Escrito por":"Luzimara Fernandes","Est. tempo de leitura":"2 minutos"},"schema":{"@context":"https:\/\/schema.org","@graph":[{"@type":"Article","@id":"https:\/\/jornalfatosenoticias.com.br\/index.php\/2020\/08\/12\/operacao-verde-brasil-2-completa-tres-meses-de-atuacao-na-amazonia\/#article","isPartOf":{"@id":"https:\/\/jornalfatosenoticias.com.br\/index.php\/2020\/08\/12\/operacao-verde-brasil-2-completa-tres-meses-de-atuacao-na-amazonia\/"},"author":{"name":"Luzimara Fernandes","@id":"https:\/\/jornalfatosenoticias.com.br\/#\/schema\/person\/d63837fa13ac8666eb9e74e0985d6f81"},"headline":"Opera\u00e7\u00e3o Verde Brasil 2 completa tr\u00eas meses de atua\u00e7\u00e3o na Amaz\u00f4nia","datePublished":"2020-08-12T12:56:41+00:00","dateModified":"2020-08-12T12:56:43+00:00","mainEntityOfPage":{"@id":"https:\/\/jornalfatosenoticias.com.br\/index.php\/2020\/08\/12\/operacao-verde-brasil-2-completa-tres-meses-de-atuacao-na-amazonia\/"},"wordCount":361,"commentCount":0,"publisher":{"@id":"https:\/\/jornalfatosenoticias.com.br\/#organization"},"image":{"@id":"https:\/\/jornalfatosenoticias.com.br\/index.php\/2020\/08\/12\/operacao-verde-brasil-2-completa-tres-meses-de-atuacao-na-amazonia\/#primaryimage"},"thumbnailUrl":"https:\/\/jornalfatosenoticias.com.br\/wp-content\/uploads\/2020\/08\/Operacao-Verde-Brasil-2.jpg","keywords":["amaz\u00f4nia","desmatamento","inc\u00eandios","Opera\u00e7\u00e3o Verde Brasil 2"],"articleSection":["Meio ambiente"],"inLanguage":"pt-BR","potentialAction":[{"@type":"CommentAction","name":"Comment","target":["https:\/\/jornalfatosenoticias.com.br\/index.php\/2020\/08\/12\/operacao-verde-brasil-2-completa-tres-meses-de-atuacao-na-amazonia\/#respond"]}]},{"@type":"WebPage","@id":"https:\/\/jornalfatosenoticias.com.br\/index.php\/2020\/08\/12\/operacao-verde-brasil-2-completa-tres-meses-de-atuacao-na-amazonia\/","url":"https:\/\/jornalfatosenoticias.com.br\/index.php\/2020\/08\/12\/operacao-verde-brasil-2-completa-tres-meses-de-atuacao-na-amazonia\/","name":"Opera\u00e7\u00e3o Verde Brasil 2 completa tr\u00eas meses de atua\u00e7\u00e3o na Amaz\u00f4nia - Jornal Fatos e Not\u00edcias","isPartOf":{"@id":"https:\/\/jornalfatosenoticias.com.br\/#website"},"primaryImageOfPage":{"@id":"https:\/\/jornalfatosenoticias.com.br\/index.php\/2020\/08\/12\/operacao-verde-brasil-2-completa-tres-meses-de-atuacao-na-amazonia\/#primaryimage"},"image":{"@id":"https:\/\/jornalfatosenoticias.com.br\/index.php\/2020\/08\/12\/operacao-verde-brasil-2-completa-tres-meses-de-atuacao-na-amazonia\/#primaryimage"},"thumbnailUrl":"https:\/\/jornalfatosenoticias.com.br\/wp-content\/uploads\/2020\/08\/Operacao-Verde-Brasil-2.jpg","datePublished":"2020-08-12T12:56:41+00:00","dateModified":"2020-08-12T12:56:43+00:00","breadcrumb":{"@id":"https:\/\/jornalfatosenoticias.com.br\/index.php\/2020\/08\/12\/operacao-verde-brasil-2-completa-tres-meses-de-atuacao-na-amazonia\/#breadcrumb"},"inLanguage":"pt-BR","potentialAction":[{"@type":"ReadAction","target":["https:\/\/jornalfatosenoticias.com.br\/index.php\/2020\/08\/12\/operacao-verde-brasil-2-completa-tres-meses-de-atuacao-na-amazonia\/"]}]},{"@type":"ImageObject","inLanguage":"pt-BR","@id":"https:\/\/jornalfatosenoticias.com.br\/index.php\/2020\/08\/12\/operacao-verde-brasil-2-completa-tres-meses-de-atuacao-na-amazonia\/#primaryimage","url":"https:\/\/jornalfatosenoticias.com.br\/wp-content\/uploads\/2020\/08\/Operacao-Verde-Brasil-2.jpg","contentUrl":"https:\/\/jornalfatosenoticias.com.br\/wp-content\/uploads\/2020\/08\/Operacao-Verde-Brasil-2.jpg","width":1000,"height":750},{"@type":"BreadcrumbList","@id":"https:\/\/jornalfatosenoticias.com.br\/index.php\/2020\/08\/12\/operacao-verde-brasil-2-completa-tres-meses-de-atuacao-na-amazonia\/#breadcrumb","itemListElement":[{"@type":"ListItem","position":1,"name":"In\u00edcio","item":"https:\/\/jornalfatosenoticias.com.br\/"},{"@type":"ListItem","position":2,"name":"Opera\u00e7\u00e3o Verde Brasil 2 completa tr\u00eas meses de atua\u00e7\u00e3o na Amaz\u00f4nia"}]},{"@type":"WebSite","@id":"https:\/\/jornalfatosenoticias.com.br\/#website","url":"https:\/\/jornalfatosenoticias.com.br\/","name":"Jornal Fatos e Not\u00edcias","description":"Not\u00edcias em geral","publisher":{"@id":"https:\/\/jornalfatosenoticias.com.br\/#organization"},"potentialAction":[{"@type":"SearchAction","target":{"@type":"EntryPoint","urlTemplate":"https:\/\/jornalfatosenoticias.com.br\/?s={search_term_string}"},"query-input":{"@type":"PropertyValueSpecification","valueRequired":true,"valueName":"search_term_string"}}],"inLanguage":"pt-BR"},{"@type":"Organization","@id":"https:\/\/jornalfatosenoticias.com.br\/#organization","name":"Jornal Fatos e Not\u00edcias","url":"https:\/\/jornalfatosenoticias.com.br\/","logo":{"@type":"ImageObject","inLanguage":"pt-BR","@id":"https:\/\/jornalfatosenoticias.com.br\/#\/schema\/logo\/image\/","url":"https:\/\/jornalfatosenoticias.com.br\/wp-content\/uploads\/2020\/02\/logo120.png","contentUrl":"https:\/\/jornalfatosenoticias.com.br\/wp-content\/uploads\/2020\/02\/logo120.png","width":1227,"height":120,"caption":"Jornal Fatos e Not\u00edcias"},"image":{"@id":"https:\/\/jornalfatosenoticias.com.br\/#\/schema\/logo\/image\/"}},{"@type":"Person","@id":"https:\/\/jornalfatosenoticias.com.br\/#\/schema\/person\/d63837fa13ac8666eb9e74e0985d6f81","name":"Luzimara Fernandes","image":{"@type":"ImageObject","inLanguage":"pt-BR","@id":"https:\/\/jornalfatosenoticias.com.br\/#\/schema\/person\/image\/","url":"https:\/\/jornalfatosenoticias.com.br\/wp-content\/uploads\/2025\/05\/EU_portal.jpg","contentUrl":"https:\/\/jornalfatosenoticias.com.br\/wp-content\/uploads\/2025\/05\/EU_portal.jpg","caption":"Luzimara Fernandes"},"description":"Jornalista MTB 2358-ES","sameAs":["https:\/\/jornalfatosenoticias.com.br"],"url":"https:\/\/jornalfatosenoticias.com.br\/index.php\/author\/luzimara\/"}]}},"cc_featured_image_caption":{"caption_text":"(Foto: www.defesanet.com.br)","source_text":"","source_url":""},"jetpack_featured_media_url":"https:\/\/jornalfatosenoticias.com.br\/wp-content\/uploads\/2020\/08\/Operacao-Verde-Brasil-2.jpg","_links":{"self":[{"href":"https:\/\/jornalfatosenoticias.com.br\/index.php\/wp-json\/wp\/v2\/posts\/7554","targetHints":{"allow":["GET"]}}],"collection":[{"href":"https:\/\/jornalfatosenoticias.com.br\/index.php\/wp-json\/wp\/v2\/posts"}],"about":[{"href":"https:\/\/jornalfatosenoticias.com.br\/index.php\/wp-json\/wp\/v2\/types\/post"}],"author":[{"embeddable":true,"href":"https:\/\/jornalfatosenoticias.com.br\/index.php\/wp-json\/wp\/v2\/users\/2"}],"replies":[{"embeddable":true,"href":"https:\/\/jornalfatosenoticias.com.br\/index.php\/wp-json\/wp\/v2\/comments?post=7554"}],"version-history":[{"count":0,"href":"https:\/\/jornalfatosenoticias.com.br\/index.php\/wp-json\/wp\/v2\/posts\/7554\/revisions"}],"wp:featuredmedia":[{"embeddable":true,"href":"https:\/\/jornalfatosenoticias.com.br\/index.php\/wp-json\/wp\/v2\/media\/7555"}],"wp:attachment":[{"href":"https:\/\/jornalfatosenoticias.com.br\/index.php\/wp-json\/wp\/v2\/media?parent=7554"}],"wp:term":[{"taxonomy":"category","embeddable":true,"href":"https:\/\/jornalfatosenoticias.com.br\/index.php\/wp-json\/wp\/v2\/categories?post=7554"},{"taxonomy":"post_tag","embeddable":true,"href":"https:\/\/jornalfatosenoticias.com.br\/index.php\/wp-json\/wp\/v2\/tags?post=7554"}],"curies":[{"name":"wp","href":"https:\/\/api.w.org\/{rel}","templated":true}]}}