{"id":7566,"date":"2020-08-12T10:54:03","date_gmt":"2020-08-12T13:54:03","guid":{"rendered":"https:\/\/jornalfatosenoticias.com.br\/?p=7566"},"modified":"2020-08-12T10:54:06","modified_gmt":"2020-08-12T13:54:06","slug":"sete-belas-imagens-da-natureza-vencedoras-de-concurso-fotografico","status":"publish","type":"post","link":"https:\/\/jornalfatosenoticias.com.br\/index.php\/2020\/08\/12\/sete-belas-imagens-da-natureza-vencedoras-de-concurso-fotografico\/","title":{"rendered":"Sete belas imagens da natureza vencedoras de concurso fotogr\u00e1fico"},"content":{"rendered":"\n<h6 class=\"wp-block-heading\"><em>O peri\u00f3dico &#8220;BMC Ecology&#8221; premiou fotos feitas por ecologistas do mundo todo que mostram que arte e ci\u00eancia podem, sim, andar juntas<\/em><\/h6>\n\n\n\n<p>O jornal BMC Ecology revelou, na \u00faltima sexta-feira (7), os vencedores da competi\u00e7\u00e3o de fotografia que tem a ecologia como tema. A competi\u00e7\u00e3o, que contou com imagens feitas por ecologistas do mundo todo, foi criada com o objetivo de mostrar a biodiversidade e as belezas naturais do nosso planeta.<br>A comiss\u00e3o julgadora selecionou uma foto para cada uma das sete categorias, bem como uma vencedora geral.<\/p>\n\n\n\n<h4 class=\"wp-block-heading\">Confira abaixo os ganhadores:<\/h4>\n\n\n\n<h4 class=\"wp-block-heading\">1. Vencedor geral<\/h4>\n\n\n\n<figure class=\"wp-block-image size-large\"><img loading=\"lazy\" decoding=\"async\" width=\"980\" height=\"629\" src=\"https:\/\/jornalfatosenoticias.com.br\/wp-content\/uploads\/2020\/08\/fragata-doente.jpg\" alt=\"\" class=\"wp-image-7567\" srcset=\"https:\/\/jornalfatosenoticias.com.br\/wp-content\/uploads\/2020\/08\/fragata-doente.jpg 980w, https:\/\/jornalfatosenoticias.com.br\/wp-content\/uploads\/2020\/08\/fragata-doente-300x193.jpg 300w, https:\/\/jornalfatosenoticias.com.br\/wp-content\/uploads\/2020\/08\/fragata-doente-768x493.jpg 768w\" sizes=\"auto, (max-width: 980px) 100vw, 980px\" \/><figcaption><em>Ave fragata doente de uma infec\u00e7\u00e3o viral (Foto: BMC Ecology\/David Costantini)<\/em><\/figcaption><\/figure>\n\n\n\n<p>A imagem foi captada por David Costantini, do Museu de Hist\u00f3ria Nacional da Fran\u00e7a. Ela mostra uma fragata doente com uma infec\u00e7\u00e3o viral da qual, infelizmente, n\u00e3o \u00e9 prov\u00e1vel que se recupere. Essa representa\u00e7\u00e3o evidencia que v\u00edrus e bact\u00e9rias s\u00e3o uma preocupa\u00e7\u00e3o n\u00e3o s\u00f3 para humanos, mas tamb\u00e9m para animais selvagens.<\/p>\n\n\n\n<h4 class=\"wp-block-heading\">2. Vice-campe\u00e3o<\/h4>\n\n\n\n<figure class=\"wp-block-image size-large\"><img loading=\"lazy\" decoding=\"async\" width=\"980\" height=\"635\" src=\"https:\/\/jornalfatosenoticias.com.br\/wp-content\/uploads\/2020\/08\/lagarto-verde.jpg\" alt=\"\" class=\"wp-image-7568\" srcset=\"https:\/\/jornalfatosenoticias.com.br\/wp-content\/uploads\/2020\/08\/lagarto-verde.jpg 980w, https:\/\/jornalfatosenoticias.com.br\/wp-content\/uploads\/2020\/08\/lagarto-verde-300x194.jpg 300w, https:\/\/jornalfatosenoticias.com.br\/wp-content\/uploads\/2020\/08\/lagarto-verde-768x498.jpg 768w, https:\/\/jornalfatosenoticias.com.br\/wp-content\/uploads\/2020\/08\/lagarto-verde-880x570.jpg 880w\" sizes=\"auto, (max-width: 980px) 100vw, 980px\" \/><figcaption><em>As cores vibrantes de um lagarto verde e vermelho da esp\u00e9cie Calotes calotes (Foto: BMC Ecology\/SS Suresh)<\/em><\/figcaption><\/figure>\n\n\n\n<p>O segundo colocado \u00e9 SS Suresh, do Hospital de Refer\u00eancia Regional de Ibri, em Om\u00e3. Sua foto mostra as cores vibrantes de um lagarto verde e vermelho da esp\u00e9cie Calotes calotes. Ele pode ser encontrado nas colinas da \u00cdndia e do Sri Lanka.<\/p>\n\n\n\n<h4 class=\"wp-block-heading\">3. Ecologia Comportamental e Fisiol\u00f3gica<\/h4>\n\n\n\n<figure class=\"wp-block-image size-large\"><img loading=\"lazy\" decoding=\"async\" width=\"685\" height=\"1024\" src=\"https:\/\/jornalfatosenoticias.com.br\/wp-content\/uploads\/2020\/08\/gorgulho-685x1024.jpg\" alt=\"\" class=\"wp-image-7569\" srcset=\"https:\/\/jornalfatosenoticias.com.br\/wp-content\/uploads\/2020\/08\/gorgulho-685x1024.jpg 685w, https:\/\/jornalfatosenoticias.com.br\/wp-content\/uploads\/2020\/08\/gorgulho-201x300.jpg 201w, https:\/\/jornalfatosenoticias.com.br\/wp-content\/uploads\/2020\/08\/gorgulho-768x1148.jpg 768w, https:\/\/jornalfatosenoticias.com.br\/wp-content\/uploads\/2020\/08\/gorgulho.jpg 980w\" sizes=\"auto, (max-width: 685px) 100vw, 685px\" \/><figcaption><em>O animal fotografado \u00e9 da esp\u00e9cie Sitophilus granarius, tamb\u00e9m conhecido como gorgulho (Foto: BMC Ecology\/Damien Esquerr\u00e9)<\/em><\/figcaption><\/figure>\n\n\n\n<p>O vencedor desta categoria \u00e9 Damien Esquerr\u00e9, da Universidade Nacional da Austr\u00e1lia. O animal em foco \u00e9 da esp\u00e9cie Sitophilus granarius, tamb\u00e9m conhecido como gorgulho. O bichinho est\u00e1 infectado com o fungo Cordyceps, que atinge insetos, controla seu comportamento e depois o mata.<\/p>\n\n\n\n<h4 class=\"wp-block-heading\">4. Comunidade, popula\u00e7\u00e3o e macroecologia<\/h4>\n\n\n\n<figure class=\"wp-block-image size-large\"><img loading=\"lazy\" decoding=\"async\" width=\"980\" height=\"529\" src=\"https:\/\/jornalfatosenoticias.com.br\/wp-content\/uploads\/2020\/08\/caranguejo-fantasma.jpg\" alt=\"\" class=\"wp-image-7570\" srcset=\"https:\/\/jornalfatosenoticias.com.br\/wp-content\/uploads\/2020\/08\/caranguejo-fantasma.jpg 980w, https:\/\/jornalfatosenoticias.com.br\/wp-content\/uploads\/2020\/08\/caranguejo-fantasma-300x162.jpg 300w, https:\/\/jornalfatosenoticias.com.br\/wp-content\/uploads\/2020\/08\/caranguejo-fantasma-768x415.jpg 768w\" sizes=\"auto, (max-width: 980px) 100vw, 980px\" \/><figcaption><em>A fotografia mostra um caranguejo-fantasma, esp\u00e9cie que habita praias arenosas e tem h\u00e1bitos noturnos (Foto: BMC Ecology\/HaoYun Zhuang)<\/em><\/figcaption><\/figure>\n\n\n\n<p>A imagem vencedora \u00e9 de HaoYun Zhuang, da Universidade de Fuzhou, na China. Ela mostra um caranguejo-fantasma, esp\u00e9cie que habita praias arenosas e tem h\u00e1bitos noturnos. De cor muito branca, ele se mistura \u00e0 areia e tem a capacidade se mover rapidamente para escapar dos predadores. Na foto, ele est\u00e1 escondido em uma pegada.<\/p>\n\n\n\n<h4 class=\"wp-block-heading\">5. Ecologia da Conserva\u00e7\u00e3o e Pesquisa da Biodiversidade<\/h4>\n\n\n\n<figure class=\"wp-block-image size-large\"><img loading=\"lazy\" decoding=\"async\" width=\"980\" height=\"690\" src=\"https:\/\/jornalfatosenoticias.com.br\/wp-content\/uploads\/2020\/08\/arvores.jpg\" alt=\"\" class=\"wp-image-7571\" srcset=\"https:\/\/jornalfatosenoticias.com.br\/wp-content\/uploads\/2020\/08\/arvores.jpg 980w, https:\/\/jornalfatosenoticias.com.br\/wp-content\/uploads\/2020\/08\/arvores-300x211.jpg 300w, https:\/\/jornalfatosenoticias.com.br\/wp-content\/uploads\/2020\/08\/arvores-768x541.jpg 768w\" sizes=\"auto, (max-width: 980px) 100vw, 980px\" \/><figcaption><em>A fotografia captura um fen\u00f4meno denominado \u201ctimidez da coroa\u201d, em que as copas das \u00e1rvores n\u00e3o se tocam (Foto: BMC Ecology\/Zu-Chang Xu)<\/em><\/figcaption><\/figure>\n\n\n\n<p>O vencedor desta categoria \u00e9 Zu-Chang Xu, da Academia Chinesa de Ci\u00eancias. Ele demonstra um fen\u00f4meno denominado \u201ctimidez da coroa\u201d, em que as copas das \u00e1rvores n\u00e3o se tocam, resultando em fendas semelhantes a canais. Ningu\u00e9m sabe por que isso acontece, mas o resultado \u00e9 deslumbrante.<\/p>\n\n\n\n<h4 class=\"wp-block-heading\">6. Ecologia da paisagem e ecossistemas<\/h4>\n\n\n\n<figure class=\"wp-block-image size-large\"><img loading=\"lazy\" decoding=\"async\" width=\"980\" height=\"716\" src=\"https:\/\/jornalfatosenoticias.com.br\/wp-content\/uploads\/2020\/08\/energia-eolica.jpg\" alt=\"\" class=\"wp-image-7572\" srcset=\"https:\/\/jornalfatosenoticias.com.br\/wp-content\/uploads\/2020\/08\/energia-eolica.jpg 980w, https:\/\/jornalfatosenoticias.com.br\/wp-content\/uploads\/2020\/08\/energia-eolica-300x219.jpg 300w, https:\/\/jornalfatosenoticias.com.br\/wp-content\/uploads\/2020\/08\/energia-eolica-768x561.jpg 768w\" sizes=\"auto, (max-width: 980px) 100vw, 980px\" \/><figcaption><em>A imagem mostra um parque e\u00f3lico no deserto de Gobi, sua fun\u00e7\u00e3o \u00e9 transformar energia e\u00f3lica em energia el\u00e9trica (Foto: BMC Ecology\/Kang Xu)<\/em><\/figcaption><\/figure>\n\n\n\n<p>Kang Xu, da Faculdade de Ci\u00eancias da Vida da Universidade de Zhejiang, na China, \u00e9 o vencedor nesta categoria. A imagem mostra um parque e\u00f3lico no deserto de Gobi, cuja fun\u00e7\u00e3o \u00e9 transformar energia e\u00f3lica em energia el\u00e9trica, fen\u00f4meno sustent\u00e1vel que \u00e9 um dos representantes da energia limpa.<\/p>\n\n\n\n<h4 class=\"wp-block-heading\">7. Escolha do Editor<\/h4>\n\n\n\n<figure class=\"wp-block-image size-large\"><img loading=\"lazy\" decoding=\"async\" width=\"980\" height=\"690\" src=\"https:\/\/jornalfatosenoticias.com.br\/wp-content\/uploads\/2020\/08\/pato-tomando-banho.jpg\" alt=\"\" class=\"wp-image-7573\" srcset=\"https:\/\/jornalfatosenoticias.com.br\/wp-content\/uploads\/2020\/08\/pato-tomando-banho.jpg 980w, https:\/\/jornalfatosenoticias.com.br\/wp-content\/uploads\/2020\/08\/pato-tomando-banho-300x211.jpg 300w, https:\/\/jornalfatosenoticias.com.br\/wp-content\/uploads\/2020\/08\/pato-tomando-banho-768x541.jpg 768w\" sizes=\"auto, (max-width: 980px) 100vw, 980px\" \/><figcaption><em>Pato tomando banho (Foto: BMC Ecology\/Nayden Chakarov)<\/em><\/figcaption><\/figure>\n\n\n\n<p>A escolha do editor contemplou a imagem registrada por Nayden Chakarov, da Universidade de Bielefeld, na Alemanha. A foto \u00e9 alegre e mostra um pato tomando banho, suas cores ressaltam os olhos, e as got\u00edculas de \u00e1gua demonstram delicadeza.<\/p>\n\n\n\n<p><strong><em>Fonte: <a href=\"https:\/\/revistagalileu.globo.com\/Ciencia\/Meio-Ambiente\/noticia\/2020\/08\/7-belas-imagens-da-natureza-vencedoras-de-concurso-fotografico.html\">Revista Galileu<\/a><\/em><\/strong><\/p>\n","protected":false},"excerpt":{"rendered":"<p>O peri\u00f3dico &#8220;BMC Ecology&#8221; premiou fotos feitas por ecologistas do mundo todo que mostram que arte e ci\u00eancia podem, sim, andar juntas O jornal BMC Ecology revelou, na \u00faltima sexta-feira (7), os vencedores da competi\u00e7\u00e3o de fotografia que tem a ecologia como tema. A competi\u00e7\u00e3o, que contou com imagens feitas por ecologistas do mundo todo, [&hellip;]<\/p>\n","protected":false},"author":2,"featured_media":7573,"comment_status":"open","ping_status":"open","sticky":false,"template":"","format":"standard","meta":{"footnotes":""},"categories":[4,8],"tags":[334,4269,897,2070,655],"class_list":["post-7566","post","type-post","status-publish","format-standard","has-post-thumbnail","hentry","category-cultura","category-meio-ambiente","tag-biodiversidade","tag-concurso-fotografico","tag-ecologia","tag-fotografias","tag-natureza"],"yoast_head":"<!-- This site is optimized with the Yoast SEO plugin v26.5 - https:\/\/yoast.com\/wordpress\/plugins\/seo\/ -->\n<title>Sete belas imagens da natureza vencedoras de concurso fotogr\u00e1fico - Jornal Fatos e Not\u00edcias<\/title>\n<meta name=\"robots\" content=\"index, follow, max-snippet:-1, max-image-preview:large, max-video-preview:-1\" \/>\n<link rel=\"canonical\" href=\"https:\/\/jornalfatosenoticias.com.br\/index.php\/2020\/08\/12\/sete-belas-imagens-da-natureza-vencedoras-de-concurso-fotografico\/\" \/>\n<meta property=\"og:locale\" content=\"pt_BR\" \/>\n<meta property=\"og:type\" content=\"article\" \/>\n<meta property=\"og:title\" content=\"Sete belas imagens da natureza vencedoras de concurso fotogr\u00e1fico - Jornal Fatos e Not\u00edcias\" \/>\n<meta property=\"og:description\" content=\"O peri\u00f3dico &#8220;BMC Ecology&#8221; premiou fotos feitas por ecologistas do mundo todo que mostram que arte e ci\u00eancia podem, sim, andar juntas O jornal BMC Ecology revelou, na \u00faltima sexta-feira (7), os vencedores da competi\u00e7\u00e3o de fotografia que tem a ecologia como tema. A competi\u00e7\u00e3o, que contou com imagens feitas por ecologistas do mundo todo, [&hellip;]\" \/>\n<meta property=\"og:url\" content=\"https:\/\/jornalfatosenoticias.com.br\/index.php\/2020\/08\/12\/sete-belas-imagens-da-natureza-vencedoras-de-concurso-fotografico\/\" \/>\n<meta property=\"og:site_name\" content=\"Jornal Fatos e Not\u00edcias\" \/>\n<meta property=\"article:published_time\" content=\"2020-08-12T13:54:03+00:00\" \/>\n<meta property=\"article:modified_time\" content=\"2020-08-12T13:54:06+00:00\" \/>\n<meta property=\"og:image\" content=\"https:\/\/jornalfatosenoticias.com.br\/wp-content\/uploads\/2020\/08\/pato-tomando-banho.jpg\" \/>\n\t<meta property=\"og:image:width\" content=\"980\" \/>\n\t<meta property=\"og:image:height\" content=\"690\" \/>\n\t<meta property=\"og:image:type\" content=\"image\/jpeg\" \/>\n<meta name=\"author\" content=\"Luzimara Fernandes\" \/>\n<meta name=\"twitter:card\" content=\"summary_large_image\" \/>\n<meta name=\"twitter:label1\" content=\"Escrito por\" \/>\n\t<meta name=\"twitter:data1\" content=\"Luzimara Fernandes\" \/>\n\t<meta name=\"twitter:label2\" content=\"Est. tempo de leitura\" \/>\n\t<meta name=\"twitter:data2\" content=\"3 minutos\" \/>\n<script type=\"application\/ld+json\" class=\"yoast-schema-graph\">{\"@context\":\"https:\/\/schema.org\",\"@graph\":[{\"@type\":\"Article\",\"@id\":\"https:\/\/jornalfatosenoticias.com.br\/index.php\/2020\/08\/12\/sete-belas-imagens-da-natureza-vencedoras-de-concurso-fotografico\/#article\",\"isPartOf\":{\"@id\":\"https:\/\/jornalfatosenoticias.com.br\/index.php\/2020\/08\/12\/sete-belas-imagens-da-natureza-vencedoras-de-concurso-fotografico\/\"},\"author\":{\"name\":\"Luzimara Fernandes\",\"@id\":\"https:\/\/jornalfatosenoticias.com.br\/#\/schema\/person\/d63837fa13ac8666eb9e74e0985d6f81\"},\"headline\":\"Sete belas imagens da natureza vencedoras de concurso fotogr\u00e1fico\",\"datePublished\":\"2020-08-12T13:54:03+00:00\",\"dateModified\":\"2020-08-12T13:54:06+00:00\",\"mainEntityOfPage\":{\"@id\":\"https:\/\/jornalfatosenoticias.com.br\/index.php\/2020\/08\/12\/sete-belas-imagens-da-natureza-vencedoras-de-concurso-fotografico\/\"},\"wordCount\":613,\"commentCount\":0,\"publisher\":{\"@id\":\"https:\/\/jornalfatosenoticias.com.br\/#organization\"},\"image\":{\"@id\":\"https:\/\/jornalfatosenoticias.com.br\/index.php\/2020\/08\/12\/sete-belas-imagens-da-natureza-vencedoras-de-concurso-fotografico\/#primaryimage\"},\"thumbnailUrl\":\"https:\/\/jornalfatosenoticias.com.br\/wp-content\/uploads\/2020\/08\/pato-tomando-banho.jpg\",\"keywords\":[\"biodiversidade\",\"concurso fotogr\u00e1fico\",\"ecologia\",\"fotografias\",\"natureza\"],\"articleSection\":[\"Cultura\",\"Meio ambiente\"],\"inLanguage\":\"pt-BR\",\"potentialAction\":[{\"@type\":\"CommentAction\",\"name\":\"Comment\",\"target\":[\"https:\/\/jornalfatosenoticias.com.br\/index.php\/2020\/08\/12\/sete-belas-imagens-da-natureza-vencedoras-de-concurso-fotografico\/#respond\"]}]},{\"@type\":\"WebPage\",\"@id\":\"https:\/\/jornalfatosenoticias.com.br\/index.php\/2020\/08\/12\/sete-belas-imagens-da-natureza-vencedoras-de-concurso-fotografico\/\",\"url\":\"https:\/\/jornalfatosenoticias.com.br\/index.php\/2020\/08\/12\/sete-belas-imagens-da-natureza-vencedoras-de-concurso-fotografico\/\",\"name\":\"Sete belas imagens da natureza vencedoras de concurso fotogr\u00e1fico - Jornal Fatos e Not\u00edcias\",\"isPartOf\":{\"@id\":\"https:\/\/jornalfatosenoticias.com.br\/#website\"},\"primaryImageOfPage\":{\"@id\":\"https:\/\/jornalfatosenoticias.com.br\/index.php\/2020\/08\/12\/sete-belas-imagens-da-natureza-vencedoras-de-concurso-fotografico\/#primaryimage\"},\"image\":{\"@id\":\"https:\/\/jornalfatosenoticias.com.br\/index.php\/2020\/08\/12\/sete-belas-imagens-da-natureza-vencedoras-de-concurso-fotografico\/#primaryimage\"},\"thumbnailUrl\":\"https:\/\/jornalfatosenoticias.com.br\/wp-content\/uploads\/2020\/08\/pato-tomando-banho.jpg\",\"datePublished\":\"2020-08-12T13:54:03+00:00\",\"dateModified\":\"2020-08-12T13:54:06+00:00\",\"breadcrumb\":{\"@id\":\"https:\/\/jornalfatosenoticias.com.br\/index.php\/2020\/08\/12\/sete-belas-imagens-da-natureza-vencedoras-de-concurso-fotografico\/#breadcrumb\"},\"inLanguage\":\"pt-BR\",\"potentialAction\":[{\"@type\":\"ReadAction\",\"target\":[\"https:\/\/jornalfatosenoticias.com.br\/index.php\/2020\/08\/12\/sete-belas-imagens-da-natureza-vencedoras-de-concurso-fotografico\/\"]}]},{\"@type\":\"ImageObject\",\"inLanguage\":\"pt-BR\",\"@id\":\"https:\/\/jornalfatosenoticias.com.br\/index.php\/2020\/08\/12\/sete-belas-imagens-da-natureza-vencedoras-de-concurso-fotografico\/#primaryimage\",\"url\":\"https:\/\/jornalfatosenoticias.com.br\/wp-content\/uploads\/2020\/08\/pato-tomando-banho.jpg\",\"contentUrl\":\"https:\/\/jornalfatosenoticias.com.br\/wp-content\/uploads\/2020\/08\/pato-tomando-banho.jpg\",\"width\":980,\"height\":690},{\"@type\":\"BreadcrumbList\",\"@id\":\"https:\/\/jornalfatosenoticias.com.br\/index.php\/2020\/08\/12\/sete-belas-imagens-da-natureza-vencedoras-de-concurso-fotografico\/#breadcrumb\",\"itemListElement\":[{\"@type\":\"ListItem\",\"position\":1,\"name\":\"In\u00edcio\",\"item\":\"https:\/\/jornalfatosenoticias.com.br\/\"},{\"@type\":\"ListItem\",\"position\":2,\"name\":\"Sete belas imagens da natureza vencedoras de concurso fotogr\u00e1fico\"}]},{\"@type\":\"WebSite\",\"@id\":\"https:\/\/jornalfatosenoticias.com.br\/#website\",\"url\":\"https:\/\/jornalfatosenoticias.com.br\/\",\"name\":\"Jornal Fatos e Not\u00edcias\",\"description\":\"Not\u00edcias em geral\",\"publisher\":{\"@id\":\"https:\/\/jornalfatosenoticias.com.br\/#organization\"},\"potentialAction\":[{\"@type\":\"SearchAction\",\"target\":{\"@type\":\"EntryPoint\",\"urlTemplate\":\"https:\/\/jornalfatosenoticias.com.br\/?s={search_term_string}\"},\"query-input\":{\"@type\":\"PropertyValueSpecification\",\"valueRequired\":true,\"valueName\":\"search_term_string\"}}],\"inLanguage\":\"pt-BR\"},{\"@type\":\"Organization\",\"@id\":\"https:\/\/jornalfatosenoticias.com.br\/#organization\",\"name\":\"Jornal Fatos e Not\u00edcias\",\"url\":\"https:\/\/jornalfatosenoticias.com.br\/\",\"logo\":{\"@type\":\"ImageObject\",\"inLanguage\":\"pt-BR\",\"@id\":\"https:\/\/jornalfatosenoticias.com.br\/#\/schema\/logo\/image\/\",\"url\":\"https:\/\/jornalfatosenoticias.com.br\/wp-content\/uploads\/2020\/02\/logo120.png\",\"contentUrl\":\"https:\/\/jornalfatosenoticias.com.br\/wp-content\/uploads\/2020\/02\/logo120.png\",\"width\":1227,\"height\":120,\"caption\":\"Jornal Fatos e Not\u00edcias\"},\"image\":{\"@id\":\"https:\/\/jornalfatosenoticias.com.br\/#\/schema\/logo\/image\/\"}},{\"@type\":\"Person\",\"@id\":\"https:\/\/jornalfatosenoticias.com.br\/#\/schema\/person\/d63837fa13ac8666eb9e74e0985d6f81\",\"name\":\"Luzimara Fernandes\",\"image\":{\"@type\":\"ImageObject\",\"inLanguage\":\"pt-BR\",\"@id\":\"https:\/\/jornalfatosenoticias.com.br\/#\/schema\/person\/image\/\",\"url\":\"https:\/\/jornalfatosenoticias.com.br\/wp-content\/uploads\/2025\/05\/EU_portal.jpg\",\"contentUrl\":\"https:\/\/jornalfatosenoticias.com.br\/wp-content\/uploads\/2025\/05\/EU_portal.jpg\",\"caption\":\"Luzimara Fernandes\"},\"description\":\"Jornalista MTB 2358-ES\",\"sameAs\":[\"https:\/\/jornalfatosenoticias.com.br\"],\"url\":\"https:\/\/jornalfatosenoticias.com.br\/index.php\/author\/luzimara\/\"}]}<\/script>\n<!-- \/ Yoast SEO plugin. -->","yoast_head_json":{"title":"Sete belas imagens da natureza vencedoras de concurso fotogr\u00e1fico - Jornal Fatos e Not\u00edcias","robots":{"index":"index","follow":"follow","max-snippet":"max-snippet:-1","max-image-preview":"max-image-preview:large","max-video-preview":"max-video-preview:-1"},"canonical":"https:\/\/jornalfatosenoticias.com.br\/index.php\/2020\/08\/12\/sete-belas-imagens-da-natureza-vencedoras-de-concurso-fotografico\/","og_locale":"pt_BR","og_type":"article","og_title":"Sete belas imagens da natureza vencedoras de concurso fotogr\u00e1fico - Jornal Fatos e Not\u00edcias","og_description":"O peri\u00f3dico &#8220;BMC Ecology&#8221; premiou fotos feitas por ecologistas do mundo todo que mostram que arte e ci\u00eancia podem, sim, andar juntas O jornal BMC Ecology revelou, na \u00faltima sexta-feira (7), os vencedores da competi\u00e7\u00e3o de fotografia que tem a ecologia como tema. A competi\u00e7\u00e3o, que contou com imagens feitas por ecologistas do mundo todo, [&hellip;]","og_url":"https:\/\/jornalfatosenoticias.com.br\/index.php\/2020\/08\/12\/sete-belas-imagens-da-natureza-vencedoras-de-concurso-fotografico\/","og_site_name":"Jornal Fatos e Not\u00edcias","article_published_time":"2020-08-12T13:54:03+00:00","article_modified_time":"2020-08-12T13:54:06+00:00","og_image":[{"width":980,"height":690,"url":"https:\/\/jornalfatosenoticias.com.br\/wp-content\/uploads\/2020\/08\/pato-tomando-banho.jpg","type":"image\/jpeg"}],"author":"Luzimara Fernandes","twitter_card":"summary_large_image","twitter_misc":{"Escrito por":"Luzimara Fernandes","Est. tempo de leitura":"3 minutos"},"schema":{"@context":"https:\/\/schema.org","@graph":[{"@type":"Article","@id":"https:\/\/jornalfatosenoticias.com.br\/index.php\/2020\/08\/12\/sete-belas-imagens-da-natureza-vencedoras-de-concurso-fotografico\/#article","isPartOf":{"@id":"https:\/\/jornalfatosenoticias.com.br\/index.php\/2020\/08\/12\/sete-belas-imagens-da-natureza-vencedoras-de-concurso-fotografico\/"},"author":{"name":"Luzimara Fernandes","@id":"https:\/\/jornalfatosenoticias.com.br\/#\/schema\/person\/d63837fa13ac8666eb9e74e0985d6f81"},"headline":"Sete belas imagens da natureza vencedoras de concurso fotogr\u00e1fico","datePublished":"2020-08-12T13:54:03+00:00","dateModified":"2020-08-12T13:54:06+00:00","mainEntityOfPage":{"@id":"https:\/\/jornalfatosenoticias.com.br\/index.php\/2020\/08\/12\/sete-belas-imagens-da-natureza-vencedoras-de-concurso-fotografico\/"},"wordCount":613,"commentCount":0,"publisher":{"@id":"https:\/\/jornalfatosenoticias.com.br\/#organization"},"image":{"@id":"https:\/\/jornalfatosenoticias.com.br\/index.php\/2020\/08\/12\/sete-belas-imagens-da-natureza-vencedoras-de-concurso-fotografico\/#primaryimage"},"thumbnailUrl":"https:\/\/jornalfatosenoticias.com.br\/wp-content\/uploads\/2020\/08\/pato-tomando-banho.jpg","keywords":["biodiversidade","concurso fotogr\u00e1fico","ecologia","fotografias","natureza"],"articleSection":["Cultura","Meio ambiente"],"inLanguage":"pt-BR","potentialAction":[{"@type":"CommentAction","name":"Comment","target":["https:\/\/jornalfatosenoticias.com.br\/index.php\/2020\/08\/12\/sete-belas-imagens-da-natureza-vencedoras-de-concurso-fotografico\/#respond"]}]},{"@type":"WebPage","@id":"https:\/\/jornalfatosenoticias.com.br\/index.php\/2020\/08\/12\/sete-belas-imagens-da-natureza-vencedoras-de-concurso-fotografico\/","url":"https:\/\/jornalfatosenoticias.com.br\/index.php\/2020\/08\/12\/sete-belas-imagens-da-natureza-vencedoras-de-concurso-fotografico\/","name":"Sete belas imagens da natureza vencedoras de concurso fotogr\u00e1fico - Jornal Fatos e Not\u00edcias","isPartOf":{"@id":"https:\/\/jornalfatosenoticias.com.br\/#website"},"primaryImageOfPage":{"@id":"https:\/\/jornalfatosenoticias.com.br\/index.php\/2020\/08\/12\/sete-belas-imagens-da-natureza-vencedoras-de-concurso-fotografico\/#primaryimage"},"image":{"@id":"https:\/\/jornalfatosenoticias.com.br\/index.php\/2020\/08\/12\/sete-belas-imagens-da-natureza-vencedoras-de-concurso-fotografico\/#primaryimage"},"thumbnailUrl":"https:\/\/jornalfatosenoticias.com.br\/wp-content\/uploads\/2020\/08\/pato-tomando-banho.jpg","datePublished":"2020-08-12T13:54:03+00:00","dateModified":"2020-08-12T13:54:06+00:00","breadcrumb":{"@id":"https:\/\/jornalfatosenoticias.com.br\/index.php\/2020\/08\/12\/sete-belas-imagens-da-natureza-vencedoras-de-concurso-fotografico\/#breadcrumb"},"inLanguage":"pt-BR","potentialAction":[{"@type":"ReadAction","target":["https:\/\/jornalfatosenoticias.com.br\/index.php\/2020\/08\/12\/sete-belas-imagens-da-natureza-vencedoras-de-concurso-fotografico\/"]}]},{"@type":"ImageObject","inLanguage":"pt-BR","@id":"https:\/\/jornalfatosenoticias.com.br\/index.php\/2020\/08\/12\/sete-belas-imagens-da-natureza-vencedoras-de-concurso-fotografico\/#primaryimage","url":"https:\/\/jornalfatosenoticias.com.br\/wp-content\/uploads\/2020\/08\/pato-tomando-banho.jpg","contentUrl":"https:\/\/jornalfatosenoticias.com.br\/wp-content\/uploads\/2020\/08\/pato-tomando-banho.jpg","width":980,"height":690},{"@type":"BreadcrumbList","@id":"https:\/\/jornalfatosenoticias.com.br\/index.php\/2020\/08\/12\/sete-belas-imagens-da-natureza-vencedoras-de-concurso-fotografico\/#breadcrumb","itemListElement":[{"@type":"ListItem","position":1,"name":"In\u00edcio","item":"https:\/\/jornalfatosenoticias.com.br\/"},{"@type":"ListItem","position":2,"name":"Sete belas imagens da natureza vencedoras de concurso fotogr\u00e1fico"}]},{"@type":"WebSite","@id":"https:\/\/jornalfatosenoticias.com.br\/#website","url":"https:\/\/jornalfatosenoticias.com.br\/","name":"Jornal Fatos e Not\u00edcias","description":"Not\u00edcias em geral","publisher":{"@id":"https:\/\/jornalfatosenoticias.com.br\/#organization"},"potentialAction":[{"@type":"SearchAction","target":{"@type":"EntryPoint","urlTemplate":"https:\/\/jornalfatosenoticias.com.br\/?s={search_term_string}"},"query-input":{"@type":"PropertyValueSpecification","valueRequired":true,"valueName":"search_term_string"}}],"inLanguage":"pt-BR"},{"@type":"Organization","@id":"https:\/\/jornalfatosenoticias.com.br\/#organization","name":"Jornal Fatos e Not\u00edcias","url":"https:\/\/jornalfatosenoticias.com.br\/","logo":{"@type":"ImageObject","inLanguage":"pt-BR","@id":"https:\/\/jornalfatosenoticias.com.br\/#\/schema\/logo\/image\/","url":"https:\/\/jornalfatosenoticias.com.br\/wp-content\/uploads\/2020\/02\/logo120.png","contentUrl":"https:\/\/jornalfatosenoticias.com.br\/wp-content\/uploads\/2020\/02\/logo120.png","width":1227,"height":120,"caption":"Jornal Fatos e Not\u00edcias"},"image":{"@id":"https:\/\/jornalfatosenoticias.com.br\/#\/schema\/logo\/image\/"}},{"@type":"Person","@id":"https:\/\/jornalfatosenoticias.com.br\/#\/schema\/person\/d63837fa13ac8666eb9e74e0985d6f81","name":"Luzimara Fernandes","image":{"@type":"ImageObject","inLanguage":"pt-BR","@id":"https:\/\/jornalfatosenoticias.com.br\/#\/schema\/person\/image\/","url":"https:\/\/jornalfatosenoticias.com.br\/wp-content\/uploads\/2025\/05\/EU_portal.jpg","contentUrl":"https:\/\/jornalfatosenoticias.com.br\/wp-content\/uploads\/2025\/05\/EU_portal.jpg","caption":"Luzimara Fernandes"},"description":"Jornalista MTB 2358-ES","sameAs":["https:\/\/jornalfatosenoticias.com.br"],"url":"https:\/\/jornalfatosenoticias.com.br\/index.php\/author\/luzimara\/"}]}},"cc_featured_image_caption":{"caption_text":"(BMC Ecology\/Nayden Chakarov)","source_text":"","source_url":""},"jetpack_featured_media_url":"https:\/\/jornalfatosenoticias.com.br\/wp-content\/uploads\/2020\/08\/pato-tomando-banho.jpg","_links":{"self":[{"href":"https:\/\/jornalfatosenoticias.com.br\/index.php\/wp-json\/wp\/v2\/posts\/7566","targetHints":{"allow":["GET"]}}],"collection":[{"href":"https:\/\/jornalfatosenoticias.com.br\/index.php\/wp-json\/wp\/v2\/posts"}],"about":[{"href":"https:\/\/jornalfatosenoticias.com.br\/index.php\/wp-json\/wp\/v2\/types\/post"}],"author":[{"embeddable":true,"href":"https:\/\/jornalfatosenoticias.com.br\/index.php\/wp-json\/wp\/v2\/users\/2"}],"replies":[{"embeddable":true,"href":"https:\/\/jornalfatosenoticias.com.br\/index.php\/wp-json\/wp\/v2\/comments?post=7566"}],"version-history":[{"count":0,"href":"https:\/\/jornalfatosenoticias.com.br\/index.php\/wp-json\/wp\/v2\/posts\/7566\/revisions"}],"wp:featuredmedia":[{"embeddable":true,"href":"https:\/\/jornalfatosenoticias.com.br\/index.php\/wp-json\/wp\/v2\/media\/7573"}],"wp:attachment":[{"href":"https:\/\/jornalfatosenoticias.com.br\/index.php\/wp-json\/wp\/v2\/media?parent=7566"}],"wp:term":[{"taxonomy":"category","embeddable":true,"href":"https:\/\/jornalfatosenoticias.com.br\/index.php\/wp-json\/wp\/v2\/categories?post=7566"},{"taxonomy":"post_tag","embeddable":true,"href":"https:\/\/jornalfatosenoticias.com.br\/index.php\/wp-json\/wp\/v2\/tags?post=7566"}],"curies":[{"name":"wp","href":"https:\/\/api.w.org\/{rel}","templated":true}]}}