{"id":7575,"date":"2020-08-12T11:06:25","date_gmt":"2020-08-12T14:06:25","guid":{"rendered":"https:\/\/jornalfatosenoticias.com.br\/?p=7575"},"modified":"2020-08-12T11:06:27","modified_gmt":"2020-08-12T14:06:27","slug":"capsula-crew-dragon-que-levou-astronautas-ao-espaco-volta-a-terra-firme","status":"publish","type":"post","link":"https:\/\/jornalfatosenoticias.com.br\/index.php\/2020\/08\/12\/capsula-crew-dragon-que-levou-astronautas-ao-espaco-volta-a-terra-firme\/","title":{"rendered":"C\u00e1psula Crew Dragon que levou astronautas ao espa\u00e7o volta \u00e0 terra firme"},"content":{"rendered":"\n<h6 class=\"wp-block-heading\"><em>Espa\u00e7onave ser\u00e1 reformada, testada e usada novamente na miss\u00e3o Crew-2, programada para o primeiro semestre de 2021<\/em><\/h6>\n\n\n\n<p>A C\u00e1psula Crew Dragon que levou os astronautas Bob Behnken e Doug Hurley ao espa\u00e7o durante a miss\u00e3o Demo-2 da SpaceX retornou \u00e0 terra firme na \u00faltima sexta-feira (7), depois de uma viagem de quase cinco dias no mar.<br>A espa\u00e7onave retornou ao porto de Port Canaveral, na Fl\u00f3rida, a cerca de 40 km do local de lan\u00e7amento no Centro Espacial Kennedy, a bordo do navio GO Navigator, que a resgatou junto aos astronautas do oceano logo ap\u00f3s um pouso hist\u00f3rico em 2 de agosto.<br>Em 3 de junho a SpaceX obteve autoriza\u00e7\u00e3o da Nasa para reutilizar foguetes Falcon 9 e c\u00e1psulas Crew Dragon em futuras miss\u00f5es tripuladas. A empresa tem planos para reutilizar a c\u00e1psula da Demo 2, n\u00famero de s\u00e9rie C206, j\u00e1 na miss\u00e3o Crew-2, programada para o primeiro semestre de 2021.<\/p>\n\n\n\n<figure class=\"wp-block-image size-large\"><img loading=\"lazy\" decoding=\"async\" width=\"1000\" height=\"665\" src=\"https:\/\/jornalfatosenoticias.com.br\/wp-content\/uploads\/2020\/08\/astronauta-japones.jpg\" alt=\"\" class=\"wp-image-7576\" srcset=\"https:\/\/jornalfatosenoticias.com.br\/wp-content\/uploads\/2020\/08\/astronauta-japones.jpg 1000w, https:\/\/jornalfatosenoticias.com.br\/wp-content\/uploads\/2020\/08\/astronauta-japones-300x200.jpg 300w, https:\/\/jornalfatosenoticias.com.br\/wp-content\/uploads\/2020\/08\/astronauta-japones-768x511.jpg 768w\" sizes=\"auto, (max-width: 1000px) 100vw, 1000px\" \/><figcaption><em>Akihiko Hoshide, astronauta japon\u00eas da JAXA que ser\u00e1 membro da tripula\u00e7\u00e3o da miss\u00e3o Crew-2 da Nasa\/SpaceX (Foto: Reprodu\u00e7\u00e3o)<\/em><\/figcaption><\/figure>\n\n\n\n<p>A Demo-2 foi oficialmente uma miss\u00e3o de teste, e a Nasa ainda precisa conceder aprova\u00e7\u00e3o formal da Crew Dragon para futuras miss\u00f5es tripuladas, algo que deve acontecer nas pr\u00f3ximas semanas.<br>Ap\u00f3s isto, a SpaceX deve come\u00e7ar o processo de reforma da C206 para um novo voo, o que inclui substitui\u00e7\u00e3o de componentes, testes de seguran\u00e7a e pintura. De acordo com Kate Tice, engenheira da SpaceX, o processo deve ser &#8220;r\u00e1pido&#8221; em compara\u00e7\u00e3o \u00e0 gera\u00e7\u00e3o anterior da c\u00e1psula, a Cargo Dragon, gra\u00e7as a &#8220;grandes melhorias&#8221; no design da espa\u00e7onave.<br>O pr\u00f3ximo voo tripulado da SpaceX a servi\u00e7o da Nasa, chamado Crew-1, pode acontecer j\u00e1 em setembro. Em meados de julho o foguete Falcon 9, que ser\u00e1 usado, foi transportado \u00e0 Fl\u00f3rida, para que possa ser preparado para o lan\u00e7amento.<\/p>\n\n\n\n<p><strong><em>Fonte: <a href=\"https:\/\/olhardigital.com.br\/ciencia-e-espaco\/noticia\/capsula-crew-dragon-que-levou-astronautas-ao-espaco-volta-a-terra-firme\/105037\">Olhar Digital<\/a><\/em><\/strong><\/p>\n","protected":false},"excerpt":{"rendered":"<p>Espa\u00e7onave ser\u00e1 reformada, testada e usada novamente na miss\u00e3o Crew-2, programada para o primeiro semestre de 2021 A C\u00e1psula Crew Dragon que levou os astronautas Bob Behnken e Doug Hurley ao espa\u00e7o durante a miss\u00e3o Demo-2 da SpaceX retornou \u00e0 terra firme na \u00faltima sexta-feira (7), depois de uma viagem de quase cinco dias no [&hellip;]<\/p>\n","protected":false},"author":2,"featured_media":7577,"comment_status":"open","ping_status":"open","sticky":false,"template":"","format":"standard","meta":{"footnotes":""},"categories":[2],"tags":[2891,86,3410,4270,164,2425],"class_list":["post-7575","post","type-post","status-publish","format-standard","has-post-thumbnail","hentry","category-ciencia","tag-crew-dragon","tag-espaco","tag-espaconave","tag-missao-espacial","tag-nasa","tag-spacex"],"yoast_head":"<!-- This site is optimized with the Yoast SEO plugin v26.5 - https:\/\/yoast.com\/wordpress\/plugins\/seo\/ -->\n<title>C\u00e1psula Crew Dragon que levou astronautas ao espa\u00e7o volta \u00e0 terra firme - Jornal Fatos e Not\u00edcias<\/title>\n<meta name=\"robots\" content=\"index, follow, max-snippet:-1, max-image-preview:large, max-video-preview:-1\" \/>\n<link rel=\"canonical\" href=\"https:\/\/jornalfatosenoticias.com.br\/index.php\/2020\/08\/12\/capsula-crew-dragon-que-levou-astronautas-ao-espaco-volta-a-terra-firme\/\" \/>\n<meta property=\"og:locale\" content=\"pt_BR\" \/>\n<meta property=\"og:type\" content=\"article\" \/>\n<meta property=\"og:title\" content=\"C\u00e1psula Crew Dragon que levou astronautas ao espa\u00e7o volta \u00e0 terra firme - Jornal Fatos e Not\u00edcias\" \/>\n<meta property=\"og:description\" content=\"Espa\u00e7onave ser\u00e1 reformada, testada e usada novamente na miss\u00e3o Crew-2, programada para o primeiro semestre de 2021 A C\u00e1psula Crew Dragon que levou os astronautas Bob Behnken e Doug Hurley ao espa\u00e7o durante a miss\u00e3o Demo-2 da SpaceX retornou \u00e0 terra firme na \u00faltima sexta-feira (7), depois de uma viagem de quase cinco dias no [&hellip;]\" \/>\n<meta property=\"og:url\" content=\"https:\/\/jornalfatosenoticias.com.br\/index.php\/2020\/08\/12\/capsula-crew-dragon-que-levou-astronautas-ao-espaco-volta-a-terra-firme\/\" \/>\n<meta property=\"og:site_name\" content=\"Jornal Fatos e Not\u00edcias\" \/>\n<meta property=\"article:published_time\" content=\"2020-08-12T14:06:25+00:00\" \/>\n<meta property=\"article:modified_time\" content=\"2020-08-12T14:06:27+00:00\" \/>\n<meta property=\"og:image\" content=\"https:\/\/jornalfatosenoticias.com.br\/wp-content\/uploads\/2020\/08\/capsula_crew_dragon.jpg\" \/>\n\t<meta property=\"og:image:width\" content=\"1000\" \/>\n\t<meta property=\"og:image:height\" content=\"561\" \/>\n\t<meta property=\"og:image:type\" content=\"image\/jpeg\" \/>\n<meta name=\"author\" content=\"Luzimara Fernandes\" \/>\n<meta name=\"twitter:card\" content=\"summary_large_image\" \/>\n<meta name=\"twitter:label1\" content=\"Escrito por\" \/>\n\t<meta name=\"twitter:data1\" content=\"Luzimara Fernandes\" \/>\n\t<meta name=\"twitter:label2\" content=\"Est. tempo de leitura\" \/>\n\t<meta name=\"twitter:data2\" content=\"2 minutos\" \/>\n<script type=\"application\/ld+json\" class=\"yoast-schema-graph\">{\"@context\":\"https:\/\/schema.org\",\"@graph\":[{\"@type\":\"Article\",\"@id\":\"https:\/\/jornalfatosenoticias.com.br\/index.php\/2020\/08\/12\/capsula-crew-dragon-que-levou-astronautas-ao-espaco-volta-a-terra-firme\/#article\",\"isPartOf\":{\"@id\":\"https:\/\/jornalfatosenoticias.com.br\/index.php\/2020\/08\/12\/capsula-crew-dragon-que-levou-astronautas-ao-espaco-volta-a-terra-firme\/\"},\"author\":{\"name\":\"Luzimara Fernandes\",\"@id\":\"https:\/\/jornalfatosenoticias.com.br\/#\/schema\/person\/d63837fa13ac8666eb9e74e0985d6f81\"},\"headline\":\"C\u00e1psula Crew Dragon que levou astronautas ao espa\u00e7o volta \u00e0 terra firme\",\"datePublished\":\"2020-08-12T14:06:25+00:00\",\"dateModified\":\"2020-08-12T14:06:27+00:00\",\"mainEntityOfPage\":{\"@id\":\"https:\/\/jornalfatosenoticias.com.br\/index.php\/2020\/08\/12\/capsula-crew-dragon-que-levou-astronautas-ao-espaco-volta-a-terra-firme\/\"},\"wordCount\":341,\"commentCount\":0,\"publisher\":{\"@id\":\"https:\/\/jornalfatosenoticias.com.br\/#organization\"},\"image\":{\"@id\":\"https:\/\/jornalfatosenoticias.com.br\/index.php\/2020\/08\/12\/capsula-crew-dragon-que-levou-astronautas-ao-espaco-volta-a-terra-firme\/#primaryimage\"},\"thumbnailUrl\":\"https:\/\/jornalfatosenoticias.com.br\/wp-content\/uploads\/2020\/08\/capsula_crew_dragon.jpg\",\"keywords\":[\"Crew Dragon\",\"espa\u00e7o\",\"espa\u00e7onave\",\"miss\u00e3o espacial\",\"Nasa\",\"SpaceX\"],\"articleSection\":[\"Ci\u00eancia\"],\"inLanguage\":\"pt-BR\",\"potentialAction\":[{\"@type\":\"CommentAction\",\"name\":\"Comment\",\"target\":[\"https:\/\/jornalfatosenoticias.com.br\/index.php\/2020\/08\/12\/capsula-crew-dragon-que-levou-astronautas-ao-espaco-volta-a-terra-firme\/#respond\"]}]},{\"@type\":\"WebPage\",\"@id\":\"https:\/\/jornalfatosenoticias.com.br\/index.php\/2020\/08\/12\/capsula-crew-dragon-que-levou-astronautas-ao-espaco-volta-a-terra-firme\/\",\"url\":\"https:\/\/jornalfatosenoticias.com.br\/index.php\/2020\/08\/12\/capsula-crew-dragon-que-levou-astronautas-ao-espaco-volta-a-terra-firme\/\",\"name\":\"C\u00e1psula Crew Dragon que levou astronautas ao espa\u00e7o volta \u00e0 terra firme - Jornal Fatos e Not\u00edcias\",\"isPartOf\":{\"@id\":\"https:\/\/jornalfatosenoticias.com.br\/#website\"},\"primaryImageOfPage\":{\"@id\":\"https:\/\/jornalfatosenoticias.com.br\/index.php\/2020\/08\/12\/capsula-crew-dragon-que-levou-astronautas-ao-espaco-volta-a-terra-firme\/#primaryimage\"},\"image\":{\"@id\":\"https:\/\/jornalfatosenoticias.com.br\/index.php\/2020\/08\/12\/capsula-crew-dragon-que-levou-astronautas-ao-espaco-volta-a-terra-firme\/#primaryimage\"},\"thumbnailUrl\":\"https:\/\/jornalfatosenoticias.com.br\/wp-content\/uploads\/2020\/08\/capsula_crew_dragon.jpg\",\"datePublished\":\"2020-08-12T14:06:25+00:00\",\"dateModified\":\"2020-08-12T14:06:27+00:00\",\"breadcrumb\":{\"@id\":\"https:\/\/jornalfatosenoticias.com.br\/index.php\/2020\/08\/12\/capsula-crew-dragon-que-levou-astronautas-ao-espaco-volta-a-terra-firme\/#breadcrumb\"},\"inLanguage\":\"pt-BR\",\"potentialAction\":[{\"@type\":\"ReadAction\",\"target\":[\"https:\/\/jornalfatosenoticias.com.br\/index.php\/2020\/08\/12\/capsula-crew-dragon-que-levou-astronautas-ao-espaco-volta-a-terra-firme\/\"]}]},{\"@type\":\"ImageObject\",\"inLanguage\":\"pt-BR\",\"@id\":\"https:\/\/jornalfatosenoticias.com.br\/index.php\/2020\/08\/12\/capsula-crew-dragon-que-levou-astronautas-ao-espaco-volta-a-terra-firme\/#primaryimage\",\"url\":\"https:\/\/jornalfatosenoticias.com.br\/wp-content\/uploads\/2020\/08\/capsula_crew_dragon.jpg\",\"contentUrl\":\"https:\/\/jornalfatosenoticias.com.br\/wp-content\/uploads\/2020\/08\/capsula_crew_dragon.jpg\",\"width\":1000,\"height\":561},{\"@type\":\"BreadcrumbList\",\"@id\":\"https:\/\/jornalfatosenoticias.com.br\/index.php\/2020\/08\/12\/capsula-crew-dragon-que-levou-astronautas-ao-espaco-volta-a-terra-firme\/#breadcrumb\",\"itemListElement\":[{\"@type\":\"ListItem\",\"position\":1,\"name\":\"In\u00edcio\",\"item\":\"https:\/\/jornalfatosenoticias.com.br\/\"},{\"@type\":\"ListItem\",\"position\":2,\"name\":\"C\u00e1psula Crew Dragon que levou astronautas ao espa\u00e7o volta \u00e0 terra firme\"}]},{\"@type\":\"WebSite\",\"@id\":\"https:\/\/jornalfatosenoticias.com.br\/#website\",\"url\":\"https:\/\/jornalfatosenoticias.com.br\/\",\"name\":\"Jornal Fatos e Not\u00edcias\",\"description\":\"Not\u00edcias em geral\",\"publisher\":{\"@id\":\"https:\/\/jornalfatosenoticias.com.br\/#organization\"},\"potentialAction\":[{\"@type\":\"SearchAction\",\"target\":{\"@type\":\"EntryPoint\",\"urlTemplate\":\"https:\/\/jornalfatosenoticias.com.br\/?s={search_term_string}\"},\"query-input\":{\"@type\":\"PropertyValueSpecification\",\"valueRequired\":true,\"valueName\":\"search_term_string\"}}],\"inLanguage\":\"pt-BR\"},{\"@type\":\"Organization\",\"@id\":\"https:\/\/jornalfatosenoticias.com.br\/#organization\",\"name\":\"Jornal Fatos e Not\u00edcias\",\"url\":\"https:\/\/jornalfatosenoticias.com.br\/\",\"logo\":{\"@type\":\"ImageObject\",\"inLanguage\":\"pt-BR\",\"@id\":\"https:\/\/jornalfatosenoticias.com.br\/#\/schema\/logo\/image\/\",\"url\":\"https:\/\/jornalfatosenoticias.com.br\/wp-content\/uploads\/2020\/02\/logo120.png\",\"contentUrl\":\"https:\/\/jornalfatosenoticias.com.br\/wp-content\/uploads\/2020\/02\/logo120.png\",\"width\":1227,\"height\":120,\"caption\":\"Jornal Fatos e Not\u00edcias\"},\"image\":{\"@id\":\"https:\/\/jornalfatosenoticias.com.br\/#\/schema\/logo\/image\/\"}},{\"@type\":\"Person\",\"@id\":\"https:\/\/jornalfatosenoticias.com.br\/#\/schema\/person\/d63837fa13ac8666eb9e74e0985d6f81\",\"name\":\"Luzimara Fernandes\",\"image\":{\"@type\":\"ImageObject\",\"inLanguage\":\"pt-BR\",\"@id\":\"https:\/\/jornalfatosenoticias.com.br\/#\/schema\/person\/image\/\",\"url\":\"https:\/\/jornalfatosenoticias.com.br\/wp-content\/uploads\/2025\/05\/EU_portal.jpg\",\"contentUrl\":\"https:\/\/jornalfatosenoticias.com.br\/wp-content\/uploads\/2025\/05\/EU_portal.jpg\",\"caption\":\"Luzimara Fernandes\"},\"description\":\"Jornalista MTB 2358-ES\",\"sameAs\":[\"https:\/\/jornalfatosenoticias.com.br\"],\"url\":\"https:\/\/jornalfatosenoticias.com.br\/index.php\/author\/luzimara\/\"}]}<\/script>\n<!-- \/ Yoast SEO plugin. -->","yoast_head_json":{"title":"C\u00e1psula Crew Dragon que levou astronautas ao espa\u00e7o volta \u00e0 terra firme - Jornal Fatos e Not\u00edcias","robots":{"index":"index","follow":"follow","max-snippet":"max-snippet:-1","max-image-preview":"max-image-preview:large","max-video-preview":"max-video-preview:-1"},"canonical":"https:\/\/jornalfatosenoticias.com.br\/index.php\/2020\/08\/12\/capsula-crew-dragon-que-levou-astronautas-ao-espaco-volta-a-terra-firme\/","og_locale":"pt_BR","og_type":"article","og_title":"C\u00e1psula Crew Dragon que levou astronautas ao espa\u00e7o volta \u00e0 terra firme - Jornal Fatos e Not\u00edcias","og_description":"Espa\u00e7onave ser\u00e1 reformada, testada e usada novamente na miss\u00e3o Crew-2, programada para o primeiro semestre de 2021 A C\u00e1psula Crew Dragon que levou os astronautas Bob Behnken e Doug Hurley ao espa\u00e7o durante a miss\u00e3o Demo-2 da SpaceX retornou \u00e0 terra firme na \u00faltima sexta-feira (7), depois de uma viagem de quase cinco dias no [&hellip;]","og_url":"https:\/\/jornalfatosenoticias.com.br\/index.php\/2020\/08\/12\/capsula-crew-dragon-que-levou-astronautas-ao-espaco-volta-a-terra-firme\/","og_site_name":"Jornal Fatos e Not\u00edcias","article_published_time":"2020-08-12T14:06:25+00:00","article_modified_time":"2020-08-12T14:06:27+00:00","og_image":[{"width":1000,"height":561,"url":"https:\/\/jornalfatosenoticias.com.br\/wp-content\/uploads\/2020\/08\/capsula_crew_dragon.jpg","type":"image\/jpeg"}],"author":"Luzimara Fernandes","twitter_card":"summary_large_image","twitter_misc":{"Escrito por":"Luzimara Fernandes","Est. tempo de leitura":"2 minutos"},"schema":{"@context":"https:\/\/schema.org","@graph":[{"@type":"Article","@id":"https:\/\/jornalfatosenoticias.com.br\/index.php\/2020\/08\/12\/capsula-crew-dragon-que-levou-astronautas-ao-espaco-volta-a-terra-firme\/#article","isPartOf":{"@id":"https:\/\/jornalfatosenoticias.com.br\/index.php\/2020\/08\/12\/capsula-crew-dragon-que-levou-astronautas-ao-espaco-volta-a-terra-firme\/"},"author":{"name":"Luzimara Fernandes","@id":"https:\/\/jornalfatosenoticias.com.br\/#\/schema\/person\/d63837fa13ac8666eb9e74e0985d6f81"},"headline":"C\u00e1psula Crew Dragon que levou astronautas ao espa\u00e7o volta \u00e0 terra firme","datePublished":"2020-08-12T14:06:25+00:00","dateModified":"2020-08-12T14:06:27+00:00","mainEntityOfPage":{"@id":"https:\/\/jornalfatosenoticias.com.br\/index.php\/2020\/08\/12\/capsula-crew-dragon-que-levou-astronautas-ao-espaco-volta-a-terra-firme\/"},"wordCount":341,"commentCount":0,"publisher":{"@id":"https:\/\/jornalfatosenoticias.com.br\/#organization"},"image":{"@id":"https:\/\/jornalfatosenoticias.com.br\/index.php\/2020\/08\/12\/capsula-crew-dragon-que-levou-astronautas-ao-espaco-volta-a-terra-firme\/#primaryimage"},"thumbnailUrl":"https:\/\/jornalfatosenoticias.com.br\/wp-content\/uploads\/2020\/08\/capsula_crew_dragon.jpg","keywords":["Crew Dragon","espa\u00e7o","espa\u00e7onave","miss\u00e3o espacial","Nasa","SpaceX"],"articleSection":["Ci\u00eancia"],"inLanguage":"pt-BR","potentialAction":[{"@type":"CommentAction","name":"Comment","target":["https:\/\/jornalfatosenoticias.com.br\/index.php\/2020\/08\/12\/capsula-crew-dragon-que-levou-astronautas-ao-espaco-volta-a-terra-firme\/#respond"]}]},{"@type":"WebPage","@id":"https:\/\/jornalfatosenoticias.com.br\/index.php\/2020\/08\/12\/capsula-crew-dragon-que-levou-astronautas-ao-espaco-volta-a-terra-firme\/","url":"https:\/\/jornalfatosenoticias.com.br\/index.php\/2020\/08\/12\/capsula-crew-dragon-que-levou-astronautas-ao-espaco-volta-a-terra-firme\/","name":"C\u00e1psula Crew Dragon que levou astronautas ao espa\u00e7o volta \u00e0 terra firme - Jornal Fatos e Not\u00edcias","isPartOf":{"@id":"https:\/\/jornalfatosenoticias.com.br\/#website"},"primaryImageOfPage":{"@id":"https:\/\/jornalfatosenoticias.com.br\/index.php\/2020\/08\/12\/capsula-crew-dragon-que-levou-astronautas-ao-espaco-volta-a-terra-firme\/#primaryimage"},"image":{"@id":"https:\/\/jornalfatosenoticias.com.br\/index.php\/2020\/08\/12\/capsula-crew-dragon-que-levou-astronautas-ao-espaco-volta-a-terra-firme\/#primaryimage"},"thumbnailUrl":"https:\/\/jornalfatosenoticias.com.br\/wp-content\/uploads\/2020\/08\/capsula_crew_dragon.jpg","datePublished":"2020-08-12T14:06:25+00:00","dateModified":"2020-08-12T14:06:27+00:00","breadcrumb":{"@id":"https:\/\/jornalfatosenoticias.com.br\/index.php\/2020\/08\/12\/capsula-crew-dragon-que-levou-astronautas-ao-espaco-volta-a-terra-firme\/#breadcrumb"},"inLanguage":"pt-BR","potentialAction":[{"@type":"ReadAction","target":["https:\/\/jornalfatosenoticias.com.br\/index.php\/2020\/08\/12\/capsula-crew-dragon-que-levou-astronautas-ao-espaco-volta-a-terra-firme\/"]}]},{"@type":"ImageObject","inLanguage":"pt-BR","@id":"https:\/\/jornalfatosenoticias.com.br\/index.php\/2020\/08\/12\/capsula-crew-dragon-que-levou-astronautas-ao-espaco-volta-a-terra-firme\/#primaryimage","url":"https:\/\/jornalfatosenoticias.com.br\/wp-content\/uploads\/2020\/08\/capsula_crew_dragon.jpg","contentUrl":"https:\/\/jornalfatosenoticias.com.br\/wp-content\/uploads\/2020\/08\/capsula_crew_dragon.jpg","width":1000,"height":561},{"@type":"BreadcrumbList","@id":"https:\/\/jornalfatosenoticias.com.br\/index.php\/2020\/08\/12\/capsula-crew-dragon-que-levou-astronautas-ao-espaco-volta-a-terra-firme\/#breadcrumb","itemListElement":[{"@type":"ListItem","position":1,"name":"In\u00edcio","item":"https:\/\/jornalfatosenoticias.com.br\/"},{"@type":"ListItem","position":2,"name":"C\u00e1psula Crew Dragon que levou astronautas ao espa\u00e7o volta \u00e0 terra firme"}]},{"@type":"WebSite","@id":"https:\/\/jornalfatosenoticias.com.br\/#website","url":"https:\/\/jornalfatosenoticias.com.br\/","name":"Jornal Fatos e Not\u00edcias","description":"Not\u00edcias em geral","publisher":{"@id":"https:\/\/jornalfatosenoticias.com.br\/#organization"},"potentialAction":[{"@type":"SearchAction","target":{"@type":"EntryPoint","urlTemplate":"https:\/\/jornalfatosenoticias.com.br\/?s={search_term_string}"},"query-input":{"@type":"PropertyValueSpecification","valueRequired":true,"valueName":"search_term_string"}}],"inLanguage":"pt-BR"},{"@type":"Organization","@id":"https:\/\/jornalfatosenoticias.com.br\/#organization","name":"Jornal Fatos e Not\u00edcias","url":"https:\/\/jornalfatosenoticias.com.br\/","logo":{"@type":"ImageObject","inLanguage":"pt-BR","@id":"https:\/\/jornalfatosenoticias.com.br\/#\/schema\/logo\/image\/","url":"https:\/\/jornalfatosenoticias.com.br\/wp-content\/uploads\/2020\/02\/logo120.png","contentUrl":"https:\/\/jornalfatosenoticias.com.br\/wp-content\/uploads\/2020\/02\/logo120.png","width":1227,"height":120,"caption":"Jornal Fatos e Not\u00edcias"},"image":{"@id":"https:\/\/jornalfatosenoticias.com.br\/#\/schema\/logo\/image\/"}},{"@type":"Person","@id":"https:\/\/jornalfatosenoticias.com.br\/#\/schema\/person\/d63837fa13ac8666eb9e74e0985d6f81","name":"Luzimara Fernandes","image":{"@type":"ImageObject","inLanguage":"pt-BR","@id":"https:\/\/jornalfatosenoticias.com.br\/#\/schema\/person\/image\/","url":"https:\/\/jornalfatosenoticias.com.br\/wp-content\/uploads\/2025\/05\/EU_portal.jpg","contentUrl":"https:\/\/jornalfatosenoticias.com.br\/wp-content\/uploads\/2025\/05\/EU_portal.jpg","caption":"Luzimara Fernandes"},"description":"Jornalista MTB 2358-ES","sameAs":["https:\/\/jornalfatosenoticias.com.br"],"url":"https:\/\/jornalfatosenoticias.com.br\/index.php\/author\/luzimara\/"}]}},"cc_featured_image_caption":{"caption_text":"Crew Dragon (Foto: Bill Ingals\/Nasa)","source_text":"","source_url":""},"jetpack_featured_media_url":"https:\/\/jornalfatosenoticias.com.br\/wp-content\/uploads\/2020\/08\/capsula_crew_dragon.jpg","_links":{"self":[{"href":"https:\/\/jornalfatosenoticias.com.br\/index.php\/wp-json\/wp\/v2\/posts\/7575","targetHints":{"allow":["GET"]}}],"collection":[{"href":"https:\/\/jornalfatosenoticias.com.br\/index.php\/wp-json\/wp\/v2\/posts"}],"about":[{"href":"https:\/\/jornalfatosenoticias.com.br\/index.php\/wp-json\/wp\/v2\/types\/post"}],"author":[{"embeddable":true,"href":"https:\/\/jornalfatosenoticias.com.br\/index.php\/wp-json\/wp\/v2\/users\/2"}],"replies":[{"embeddable":true,"href":"https:\/\/jornalfatosenoticias.com.br\/index.php\/wp-json\/wp\/v2\/comments?post=7575"}],"version-history":[{"count":0,"href":"https:\/\/jornalfatosenoticias.com.br\/index.php\/wp-json\/wp\/v2\/posts\/7575\/revisions"}],"wp:featuredmedia":[{"embeddable":true,"href":"https:\/\/jornalfatosenoticias.com.br\/index.php\/wp-json\/wp\/v2\/media\/7577"}],"wp:attachment":[{"href":"https:\/\/jornalfatosenoticias.com.br\/index.php\/wp-json\/wp\/v2\/media?parent=7575"}],"wp:term":[{"taxonomy":"category","embeddable":true,"href":"https:\/\/jornalfatosenoticias.com.br\/index.php\/wp-json\/wp\/v2\/categories?post=7575"},{"taxonomy":"post_tag","embeddable":true,"href":"https:\/\/jornalfatosenoticias.com.br\/index.php\/wp-json\/wp\/v2\/tags?post=7575"}],"curies":[{"name":"wp","href":"https:\/\/api.w.org\/{rel}","templated":true}]}}