{"id":7601,"date":"2020-08-12T14:25:36","date_gmt":"2020-08-12T17:25:36","guid":{"rendered":"https:\/\/jornalfatosenoticias.com.br\/?p=7601"},"modified":"2020-08-12T14:25:37","modified_gmt":"2020-08-12T17:25:37","slug":"anel-cicloviario-em-torno-da-avenida-vitoria-leva-seguranca-para-ciclistas","status":"publish","type":"post","link":"https:\/\/jornalfatosenoticias.com.br\/index.php\/2020\/08\/12\/anel-cicloviario-em-torno-da-avenida-vitoria-leva-seguranca-para-ciclistas\/","title":{"rendered":"Anel ciclovi\u00e1rio em torno da avenida Vit\u00f3ria leva seguran\u00e7a para ciclistas"},"content":{"rendered":"\n<h6 class=\"wp-block-heading\"><em>Ciclovia da nova avenida Vit\u00f3ria tem 2,8 km de extens\u00e3o e liga os bairros Forte S\u00e3o Jo\u00e3o e Bento Ferreira<\/em><\/h6>\n\n\n\n<p>Al\u00e9m de uma ciclovia nova com 2,8 km de extens\u00e3o, os ciclistas que passarem pela Avenida Vit\u00f3ria e seu entorno tamb\u00e9m contar\u00e3o com ciclofaixas e ciclorrotas que se complementam e conectam, oferecendo praticidade, seguran\u00e7a e alternativas de percurso a eles.<br>Segundo a secret\u00e1ria de Transportes, Tr\u00e2nsito e Infraestrutura Urbana, Ana Elisa Nahas Amorim Pimentel, durante o planejamento da obra, todas as poss\u00edveis liga\u00e7\u00f5es com a via foram pensadas.<\/p>\n\n\n\n<blockquote class=\"wp-block-quote is-layout-flow wp-block-quote-is-layout-flow\"><p>&#8220;A avenida ganhou uma ciclovia novinha com 2,8 quil\u00f4metros de extens\u00e3o. Ciclofaixas, ciclorrotas e cal\u00e7adas compartilhadas se interligam a ela para oferecer aos usu\u00e1rios in\u00fameras possibilidades de conex\u00e3o. Dessa maneira, os ciclistas poder\u00e3o ter op\u00e7\u00f5es de caminhos seguros e sinalizados&#8221;, disse Ana Elisa.<\/p><\/blockquote>\n\n\n\n<p>A ciclovia da nova Avenida Vit\u00f3ria tem in\u00edcio no Forte S\u00e3o Jo\u00e3o, que vai ganhar uma ciclorrota de 431 metros, e, pelo canteiro central, segue at\u00e9 o cruzamento das avenidas C\u00e9sar Hilal e Leit\u00e3o da Silva, atravessando diversos bairros, como Rom\u00e3o, Jucutuquara, Ilha de Santa Maria, de Lourdes, Monte Belo, Horto e Bento Ferreira.<\/p>\n\n\n\n<h4 class=\"wp-block-heading\">Ciclorrotas<\/h4>\n\n\n\n<p>Nesse percurso, h\u00e1 ciclorrotas que interligam a Avenida Vit\u00f3ria a outras ciclovias ou cal\u00e7adas compartilhadas.<\/p>\n\n\n\n<h4 class=\"wp-block-heading\">Bento Ferreira<\/h4>\n\n\n\n<p>A ciclorrota de Bento Ferreira interligar\u00e1 a ciclovia da Avenida Leit\u00e3o da Silva \u00e0 ciclovia da Avenida Beira-Mar, passando pela cal\u00e7ada compartilhada na Avenida C\u00e9sar Hilal.<br>Dali, o ciclista deve entrar na Avenida Carlos Moreira Lima, depois atravessando todo o bairro de Bento Ferreira e entrando na Rua Pedro Fonseca. Depois, segue at\u00e9 a calcada compartilhada j\u00e1 na Avenida Beira-Mar. A ciclorrota de Bento Ferreira ter\u00e1 1,78 quil\u00f4metro.<br>J\u00e1 a ciclorrota da Rua F\u00e1bio Ruschi, em Bento Ferreira, est\u00e1 interligada na ciclorrota da Avenida Carlos Moreira Lima, que leva os usu\u00e1rios de bicicleta de maneira segura at\u00e9 a Avenida Beira Mar.<\/p>\n\n\n\n<h4 class=\"wp-block-heading\">Ilha de Santa Maria<\/h4>\n\n\n\n<p>A ciclorrota da Ilha de Santa Maria interliga a Avenida Vit\u00f3ria \u00e0 Beira-Mar. Tem in\u00edcio em um pequeno trecho de compartilhamento de cal\u00e7ada no sem\u00e1foro de sa\u00edda do Bairro de Lourdes. Dali, deve entrar na Rua Maria de Lurdes Garcia, atravessando todo o bairro da Ilha de Santa Maria at\u00e9 o encontro com a Beira-Mar.<br>A partir da\u00ed, o ciclista compartilha a cal\u00e7ada com o pedestre at\u00e9 a Avenida Jo\u00e3o Santos Filho, onde, no sem\u00e1foro, realiza a travessia da Avenida e pega a ciclovia, tanto para o sentido Centro como para as praias. A ciclorrota da Ilha de Santa Maria tem 925,7 metros.<\/p>\n\n\n\n<figure class=\"wp-block-image size-large\"><img loading=\"lazy\" decoding=\"async\" width=\"1000\" height=\"663\" src=\"https:\/\/jornalfatosenoticias.com.br\/wp-content\/uploads\/2020\/08\/ciclovia_Av.-Vitoria2.jpg\" alt=\"\" class=\"wp-image-7602\" srcset=\"https:\/\/jornalfatosenoticias.com.br\/wp-content\/uploads\/2020\/08\/ciclovia_Av.-Vitoria2.jpg 1000w, https:\/\/jornalfatosenoticias.com.br\/wp-content\/uploads\/2020\/08\/ciclovia_Av.-Vitoria2-300x199.jpg 300w, https:\/\/jornalfatosenoticias.com.br\/wp-content\/uploads\/2020\/08\/ciclovia_Av.-Vitoria2-768x509.jpg 768w\" sizes=\"auto, (max-width: 1000px) 100vw, 1000px\" \/><figcaption><em>Ciclovia ser\u00e1 interligada a ciclorrotas para oferecer mais op\u00e7\u00f5es de percursos para os ciclistas (Foto: Leonardo Silveira)<\/em><\/figcaption><\/figure>\n\n\n\n<h4 class=\"wp-block-heading\">Dom Bosco<\/h4>\n\n\n\n<p>Na ciclorrota Dom Bosco, nas proximidades do Col\u00e9gio Salesiano, o ciclista ter\u00e1 a op\u00e7\u00e3o de deixar a ciclovia da Avenida Vit\u00f3ria e seguir em dire\u00e7\u00e3o \u00e0 Beira-Mar pela ciclorrota sinalizada na Rua Dom Bosco, atravessando no sem\u00e1foro da Avenida Beira-Mar, j\u00e1 nas proximidades do antigo terminal aquavi\u00e1rio.<\/p>\n\n\n\n<h4 class=\"wp-block-heading\">Forte S\u00e3o Jo\u00e3o<\/h4>\n\n\n\n<p>J\u00e1 na ciclorrota do Forte S\u00e3o Jo\u00e3o, na extremidade da Avenida Vit\u00f3ria, os ciclistas poder\u00e3o pegar a cal\u00e7ada compartilhada ao lado do Col\u00e9gio Estadual, subindo em dire\u00e7\u00e3o ao Clube Saldanha da Gama e descendo at\u00e9 a Avenida Princesa Isabel.<br>Nesse ponto, compartilha a cal\u00e7ada da Rua Governador Jos\u00e9 Sette at\u00e9 a Beira-Mar, podendo, ent\u00e3o, ir at\u00e9 a Ilha do Pr\u00edncipe atravessando todo o Centro em ciclovia sinalizada e segura. A cal\u00e7ada compartilhada do Col\u00e9gio Estadual at\u00e9 a Beira-Mar possui 894,29 metros.<\/p>\n\n\n\n<h4 class=\"wp-block-heading\">Leit\u00e3o da Silva<\/h4>\n\n\n\n<p>Na outra extremidade da Avenida Vit\u00f3ria, a ciclovia entra na Avenida C\u00e9sar Hilal e chega \u00e0 Avenida Leit\u00e3o da Silva. Os ciclistas poder\u00e3o optar por seguir no sentido praia, indo \u00e0 direita e entrando na ciclovia da Avenida Leit\u00e3o da Silva. Aqueles que optarem por seguir sentido Norte (Ufes, Jardim da Penha e aeroporto), seguem pela esquerda e entram na ciclovia da Avenida Leit\u00e3o da Silva.<\/p>\n\n\n\n<p><strong><em>Fonte: <a href=\"https:\/\/www.vitoria.es.gov.br\/noticia\/anel-cicloviario-em-torno-da-avenida-vitoria-leva-seguranca-para-ciclistas-41378\">PMV<\/a><\/em><\/strong><\/p>\n","protected":false},"excerpt":{"rendered":"<p>Ciclovia da nova avenida Vit\u00f3ria tem 2,8 km de extens\u00e3o e liga os bairros Forte S\u00e3o Jo\u00e3o e Bento Ferreira Al\u00e9m de uma ciclovia nova com 2,8 km de extens\u00e3o, os ciclistas que passarem pela Avenida Vit\u00f3ria e seu entorno tamb\u00e9m contar\u00e3o com ciclofaixas e ciclorrotas que se complementam e conectam, oferecendo praticidade, seguran\u00e7a e [&hellip;]<\/p>\n","protected":false},"author":2,"featured_media":7603,"comment_status":"open","ping_status":"open","sticky":false,"template":"","format":"standard","meta":{"footnotes":""},"categories":[5],"tags":[3705,4278,4279,4280,1033],"class_list":["post-7601","post","type-post","status-publish","format-standard","has-post-thumbnail","hentry","category-geral","tag-ciclistas","tag-ciclofaixas","tag-ciclorrotas","tag-ciclovias","tag-seguranca"],"yoast_head":"<!-- This site is optimized with the Yoast SEO plugin v26.5 - https:\/\/yoast.com\/wordpress\/plugins\/seo\/ -->\n<title>Anel ciclovi\u00e1rio em torno da avenida Vit\u00f3ria leva seguran\u00e7a para ciclistas - Jornal Fatos e Not\u00edcias<\/title>\n<meta name=\"robots\" content=\"index, follow, max-snippet:-1, max-image-preview:large, max-video-preview:-1\" \/>\n<link rel=\"canonical\" href=\"https:\/\/jornalfatosenoticias.com.br\/index.php\/2020\/08\/12\/anel-cicloviario-em-torno-da-avenida-vitoria-leva-seguranca-para-ciclistas\/\" \/>\n<meta property=\"og:locale\" content=\"pt_BR\" \/>\n<meta property=\"og:type\" content=\"article\" \/>\n<meta property=\"og:title\" content=\"Anel ciclovi\u00e1rio em torno da avenida Vit\u00f3ria leva seguran\u00e7a para ciclistas - Jornal Fatos e Not\u00edcias\" \/>\n<meta property=\"og:description\" content=\"Ciclovia da nova avenida Vit\u00f3ria tem 2,8 km de extens\u00e3o e liga os bairros Forte S\u00e3o Jo\u00e3o e Bento Ferreira Al\u00e9m de uma ciclovia nova com 2,8 km de extens\u00e3o, os ciclistas que passarem pela Avenida Vit\u00f3ria e seu entorno tamb\u00e9m contar\u00e3o com ciclofaixas e ciclorrotas que se complementam e conectam, oferecendo praticidade, seguran\u00e7a e [&hellip;]\" \/>\n<meta property=\"og:url\" content=\"https:\/\/jornalfatosenoticias.com.br\/index.php\/2020\/08\/12\/anel-cicloviario-em-torno-da-avenida-vitoria-leva-seguranca-para-ciclistas\/\" \/>\n<meta property=\"og:site_name\" content=\"Jornal Fatos e Not\u00edcias\" \/>\n<meta property=\"article:published_time\" content=\"2020-08-12T17:25:36+00:00\" \/>\n<meta property=\"article:modified_time\" content=\"2020-08-12T17:25:37+00:00\" \/>\n<meta property=\"og:image\" content=\"https:\/\/jornalfatosenoticias.com.br\/wp-content\/uploads\/2020\/08\/ciclovia_Av.-Vitoria.jpg\" \/>\n\t<meta property=\"og:image:width\" content=\"1000\" \/>\n\t<meta property=\"og:image:height\" content=\"663\" \/>\n\t<meta property=\"og:image:type\" content=\"image\/jpeg\" \/>\n<meta name=\"author\" content=\"Luzimara Fernandes\" \/>\n<meta name=\"twitter:card\" content=\"summary_large_image\" \/>\n<meta name=\"twitter:label1\" content=\"Escrito por\" \/>\n\t<meta name=\"twitter:data1\" content=\"Luzimara Fernandes\" \/>\n\t<meta name=\"twitter:label2\" content=\"Est. tempo de leitura\" \/>\n\t<meta name=\"twitter:data2\" content=\"3 minutos\" \/>\n<script type=\"application\/ld+json\" class=\"yoast-schema-graph\">{\"@context\":\"https:\/\/schema.org\",\"@graph\":[{\"@type\":\"Article\",\"@id\":\"https:\/\/jornalfatosenoticias.com.br\/index.php\/2020\/08\/12\/anel-cicloviario-em-torno-da-avenida-vitoria-leva-seguranca-para-ciclistas\/#article\",\"isPartOf\":{\"@id\":\"https:\/\/jornalfatosenoticias.com.br\/index.php\/2020\/08\/12\/anel-cicloviario-em-torno-da-avenida-vitoria-leva-seguranca-para-ciclistas\/\"},\"author\":{\"name\":\"Luzimara Fernandes\",\"@id\":\"https:\/\/jornalfatosenoticias.com.br\/#\/schema\/person\/d63837fa13ac8666eb9e74e0985d6f81\"},\"headline\":\"Anel ciclovi\u00e1rio em torno da avenida Vit\u00f3ria leva seguran\u00e7a para ciclistas\",\"datePublished\":\"2020-08-12T17:25:36+00:00\",\"dateModified\":\"2020-08-12T17:25:37+00:00\",\"mainEntityOfPage\":{\"@id\":\"https:\/\/jornalfatosenoticias.com.br\/index.php\/2020\/08\/12\/anel-cicloviario-em-torno-da-avenida-vitoria-leva-seguranca-para-ciclistas\/\"},\"wordCount\":707,\"commentCount\":0,\"publisher\":{\"@id\":\"https:\/\/jornalfatosenoticias.com.br\/#organization\"},\"image\":{\"@id\":\"https:\/\/jornalfatosenoticias.com.br\/index.php\/2020\/08\/12\/anel-cicloviario-em-torno-da-avenida-vitoria-leva-seguranca-para-ciclistas\/#primaryimage\"},\"thumbnailUrl\":\"https:\/\/jornalfatosenoticias.com.br\/wp-content\/uploads\/2020\/08\/ciclovia_Av.-Vitoria.jpg\",\"keywords\":[\"ciclistas\",\"ciclofaixas\",\"ciclorrotas\",\"ciclovias\",\"seguran\u00e7a\"],\"articleSection\":[\"Geral\"],\"inLanguage\":\"pt-BR\",\"potentialAction\":[{\"@type\":\"CommentAction\",\"name\":\"Comment\",\"target\":[\"https:\/\/jornalfatosenoticias.com.br\/index.php\/2020\/08\/12\/anel-cicloviario-em-torno-da-avenida-vitoria-leva-seguranca-para-ciclistas\/#respond\"]}]},{\"@type\":\"WebPage\",\"@id\":\"https:\/\/jornalfatosenoticias.com.br\/index.php\/2020\/08\/12\/anel-cicloviario-em-torno-da-avenida-vitoria-leva-seguranca-para-ciclistas\/\",\"url\":\"https:\/\/jornalfatosenoticias.com.br\/index.php\/2020\/08\/12\/anel-cicloviario-em-torno-da-avenida-vitoria-leva-seguranca-para-ciclistas\/\",\"name\":\"Anel ciclovi\u00e1rio em torno da avenida Vit\u00f3ria leva seguran\u00e7a para ciclistas - Jornal Fatos e Not\u00edcias\",\"isPartOf\":{\"@id\":\"https:\/\/jornalfatosenoticias.com.br\/#website\"},\"primaryImageOfPage\":{\"@id\":\"https:\/\/jornalfatosenoticias.com.br\/index.php\/2020\/08\/12\/anel-cicloviario-em-torno-da-avenida-vitoria-leva-seguranca-para-ciclistas\/#primaryimage\"},\"image\":{\"@id\":\"https:\/\/jornalfatosenoticias.com.br\/index.php\/2020\/08\/12\/anel-cicloviario-em-torno-da-avenida-vitoria-leva-seguranca-para-ciclistas\/#primaryimage\"},\"thumbnailUrl\":\"https:\/\/jornalfatosenoticias.com.br\/wp-content\/uploads\/2020\/08\/ciclovia_Av.-Vitoria.jpg\",\"datePublished\":\"2020-08-12T17:25:36+00:00\",\"dateModified\":\"2020-08-12T17:25:37+00:00\",\"breadcrumb\":{\"@id\":\"https:\/\/jornalfatosenoticias.com.br\/index.php\/2020\/08\/12\/anel-cicloviario-em-torno-da-avenida-vitoria-leva-seguranca-para-ciclistas\/#breadcrumb\"},\"inLanguage\":\"pt-BR\",\"potentialAction\":[{\"@type\":\"ReadAction\",\"target\":[\"https:\/\/jornalfatosenoticias.com.br\/index.php\/2020\/08\/12\/anel-cicloviario-em-torno-da-avenida-vitoria-leva-seguranca-para-ciclistas\/\"]}]},{\"@type\":\"ImageObject\",\"inLanguage\":\"pt-BR\",\"@id\":\"https:\/\/jornalfatosenoticias.com.br\/index.php\/2020\/08\/12\/anel-cicloviario-em-torno-da-avenida-vitoria-leva-seguranca-para-ciclistas\/#primaryimage\",\"url\":\"https:\/\/jornalfatosenoticias.com.br\/wp-content\/uploads\/2020\/08\/ciclovia_Av.-Vitoria.jpg\",\"contentUrl\":\"https:\/\/jornalfatosenoticias.com.br\/wp-content\/uploads\/2020\/08\/ciclovia_Av.-Vitoria.jpg\",\"width\":1000,\"height\":663,\"caption\":\"Ciclovia da avenida Vit\u00f3ria\"},{\"@type\":\"BreadcrumbList\",\"@id\":\"https:\/\/jornalfatosenoticias.com.br\/index.php\/2020\/08\/12\/anel-cicloviario-em-torno-da-avenida-vitoria-leva-seguranca-para-ciclistas\/#breadcrumb\",\"itemListElement\":[{\"@type\":\"ListItem\",\"position\":1,\"name\":\"In\u00edcio\",\"item\":\"https:\/\/jornalfatosenoticias.com.br\/\"},{\"@type\":\"ListItem\",\"position\":2,\"name\":\"Anel ciclovi\u00e1rio em torno da avenida Vit\u00f3ria leva seguran\u00e7a para ciclistas\"}]},{\"@type\":\"WebSite\",\"@id\":\"https:\/\/jornalfatosenoticias.com.br\/#website\",\"url\":\"https:\/\/jornalfatosenoticias.com.br\/\",\"name\":\"Jornal Fatos e Not\u00edcias\",\"description\":\"Not\u00edcias em geral\",\"publisher\":{\"@id\":\"https:\/\/jornalfatosenoticias.com.br\/#organization\"},\"potentialAction\":[{\"@type\":\"SearchAction\",\"target\":{\"@type\":\"EntryPoint\",\"urlTemplate\":\"https:\/\/jornalfatosenoticias.com.br\/?s={search_term_string}\"},\"query-input\":{\"@type\":\"PropertyValueSpecification\",\"valueRequired\":true,\"valueName\":\"search_term_string\"}}],\"inLanguage\":\"pt-BR\"},{\"@type\":\"Organization\",\"@id\":\"https:\/\/jornalfatosenoticias.com.br\/#organization\",\"name\":\"Jornal Fatos e Not\u00edcias\",\"url\":\"https:\/\/jornalfatosenoticias.com.br\/\",\"logo\":{\"@type\":\"ImageObject\",\"inLanguage\":\"pt-BR\",\"@id\":\"https:\/\/jornalfatosenoticias.com.br\/#\/schema\/logo\/image\/\",\"url\":\"https:\/\/jornalfatosenoticias.com.br\/wp-content\/uploads\/2020\/02\/logo120.png\",\"contentUrl\":\"https:\/\/jornalfatosenoticias.com.br\/wp-content\/uploads\/2020\/02\/logo120.png\",\"width\":1227,\"height\":120,\"caption\":\"Jornal Fatos e Not\u00edcias\"},\"image\":{\"@id\":\"https:\/\/jornalfatosenoticias.com.br\/#\/schema\/logo\/image\/\"}},{\"@type\":\"Person\",\"@id\":\"https:\/\/jornalfatosenoticias.com.br\/#\/schema\/person\/d63837fa13ac8666eb9e74e0985d6f81\",\"name\":\"Luzimara Fernandes\",\"image\":{\"@type\":\"ImageObject\",\"inLanguage\":\"pt-BR\",\"@id\":\"https:\/\/jornalfatosenoticias.com.br\/#\/schema\/person\/image\/\",\"url\":\"https:\/\/jornalfatosenoticias.com.br\/wp-content\/uploads\/2025\/05\/EU_portal.jpg\",\"contentUrl\":\"https:\/\/jornalfatosenoticias.com.br\/wp-content\/uploads\/2025\/05\/EU_portal.jpg\",\"caption\":\"Luzimara Fernandes\"},\"description\":\"Jornalista MTB 2358-ES\",\"sameAs\":[\"https:\/\/jornalfatosenoticias.com.br\"],\"url\":\"https:\/\/jornalfatosenoticias.com.br\/index.php\/author\/luzimara\/\"}]}<\/script>\n<!-- \/ Yoast SEO plugin. -->","yoast_head_json":{"title":"Anel ciclovi\u00e1rio em torno da avenida Vit\u00f3ria leva seguran\u00e7a para ciclistas - Jornal Fatos e Not\u00edcias","robots":{"index":"index","follow":"follow","max-snippet":"max-snippet:-1","max-image-preview":"max-image-preview:large","max-video-preview":"max-video-preview:-1"},"canonical":"https:\/\/jornalfatosenoticias.com.br\/index.php\/2020\/08\/12\/anel-cicloviario-em-torno-da-avenida-vitoria-leva-seguranca-para-ciclistas\/","og_locale":"pt_BR","og_type":"article","og_title":"Anel ciclovi\u00e1rio em torno da avenida Vit\u00f3ria leva seguran\u00e7a para ciclistas - Jornal Fatos e Not\u00edcias","og_description":"Ciclovia da nova avenida Vit\u00f3ria tem 2,8 km de extens\u00e3o e liga os bairros Forte S\u00e3o Jo\u00e3o e Bento Ferreira Al\u00e9m de uma ciclovia nova com 2,8 km de extens\u00e3o, os ciclistas que passarem pela Avenida Vit\u00f3ria e seu entorno tamb\u00e9m contar\u00e3o com ciclofaixas e ciclorrotas que se complementam e conectam, oferecendo praticidade, seguran\u00e7a e [&hellip;]","og_url":"https:\/\/jornalfatosenoticias.com.br\/index.php\/2020\/08\/12\/anel-cicloviario-em-torno-da-avenida-vitoria-leva-seguranca-para-ciclistas\/","og_site_name":"Jornal Fatos e Not\u00edcias","article_published_time":"2020-08-12T17:25:36+00:00","article_modified_time":"2020-08-12T17:25:37+00:00","og_image":[{"width":1000,"height":663,"url":"https:\/\/jornalfatosenoticias.com.br\/wp-content\/uploads\/2020\/08\/ciclovia_Av.-Vitoria.jpg","type":"image\/jpeg"}],"author":"Luzimara Fernandes","twitter_card":"summary_large_image","twitter_misc":{"Escrito por":"Luzimara Fernandes","Est. tempo de leitura":"3 minutos"},"schema":{"@context":"https:\/\/schema.org","@graph":[{"@type":"Article","@id":"https:\/\/jornalfatosenoticias.com.br\/index.php\/2020\/08\/12\/anel-cicloviario-em-torno-da-avenida-vitoria-leva-seguranca-para-ciclistas\/#article","isPartOf":{"@id":"https:\/\/jornalfatosenoticias.com.br\/index.php\/2020\/08\/12\/anel-cicloviario-em-torno-da-avenida-vitoria-leva-seguranca-para-ciclistas\/"},"author":{"name":"Luzimara Fernandes","@id":"https:\/\/jornalfatosenoticias.com.br\/#\/schema\/person\/d63837fa13ac8666eb9e74e0985d6f81"},"headline":"Anel ciclovi\u00e1rio em torno da avenida Vit\u00f3ria leva seguran\u00e7a para ciclistas","datePublished":"2020-08-12T17:25:36+00:00","dateModified":"2020-08-12T17:25:37+00:00","mainEntityOfPage":{"@id":"https:\/\/jornalfatosenoticias.com.br\/index.php\/2020\/08\/12\/anel-cicloviario-em-torno-da-avenida-vitoria-leva-seguranca-para-ciclistas\/"},"wordCount":707,"commentCount":0,"publisher":{"@id":"https:\/\/jornalfatosenoticias.com.br\/#organization"},"image":{"@id":"https:\/\/jornalfatosenoticias.com.br\/index.php\/2020\/08\/12\/anel-cicloviario-em-torno-da-avenida-vitoria-leva-seguranca-para-ciclistas\/#primaryimage"},"thumbnailUrl":"https:\/\/jornalfatosenoticias.com.br\/wp-content\/uploads\/2020\/08\/ciclovia_Av.-Vitoria.jpg","keywords":["ciclistas","ciclofaixas","ciclorrotas","ciclovias","seguran\u00e7a"],"articleSection":["Geral"],"inLanguage":"pt-BR","potentialAction":[{"@type":"CommentAction","name":"Comment","target":["https:\/\/jornalfatosenoticias.com.br\/index.php\/2020\/08\/12\/anel-cicloviario-em-torno-da-avenida-vitoria-leva-seguranca-para-ciclistas\/#respond"]}]},{"@type":"WebPage","@id":"https:\/\/jornalfatosenoticias.com.br\/index.php\/2020\/08\/12\/anel-cicloviario-em-torno-da-avenida-vitoria-leva-seguranca-para-ciclistas\/","url":"https:\/\/jornalfatosenoticias.com.br\/index.php\/2020\/08\/12\/anel-cicloviario-em-torno-da-avenida-vitoria-leva-seguranca-para-ciclistas\/","name":"Anel ciclovi\u00e1rio em torno da avenida Vit\u00f3ria leva seguran\u00e7a para ciclistas - Jornal Fatos e Not\u00edcias","isPartOf":{"@id":"https:\/\/jornalfatosenoticias.com.br\/#website"},"primaryImageOfPage":{"@id":"https:\/\/jornalfatosenoticias.com.br\/index.php\/2020\/08\/12\/anel-cicloviario-em-torno-da-avenida-vitoria-leva-seguranca-para-ciclistas\/#primaryimage"},"image":{"@id":"https:\/\/jornalfatosenoticias.com.br\/index.php\/2020\/08\/12\/anel-cicloviario-em-torno-da-avenida-vitoria-leva-seguranca-para-ciclistas\/#primaryimage"},"thumbnailUrl":"https:\/\/jornalfatosenoticias.com.br\/wp-content\/uploads\/2020\/08\/ciclovia_Av.-Vitoria.jpg","datePublished":"2020-08-12T17:25:36+00:00","dateModified":"2020-08-12T17:25:37+00:00","breadcrumb":{"@id":"https:\/\/jornalfatosenoticias.com.br\/index.php\/2020\/08\/12\/anel-cicloviario-em-torno-da-avenida-vitoria-leva-seguranca-para-ciclistas\/#breadcrumb"},"inLanguage":"pt-BR","potentialAction":[{"@type":"ReadAction","target":["https:\/\/jornalfatosenoticias.com.br\/index.php\/2020\/08\/12\/anel-cicloviario-em-torno-da-avenida-vitoria-leva-seguranca-para-ciclistas\/"]}]},{"@type":"ImageObject","inLanguage":"pt-BR","@id":"https:\/\/jornalfatosenoticias.com.br\/index.php\/2020\/08\/12\/anel-cicloviario-em-torno-da-avenida-vitoria-leva-seguranca-para-ciclistas\/#primaryimage","url":"https:\/\/jornalfatosenoticias.com.br\/wp-content\/uploads\/2020\/08\/ciclovia_Av.-Vitoria.jpg","contentUrl":"https:\/\/jornalfatosenoticias.com.br\/wp-content\/uploads\/2020\/08\/ciclovia_Av.-Vitoria.jpg","width":1000,"height":663,"caption":"Ciclovia da avenida Vit\u00f3ria"},{"@type":"BreadcrumbList","@id":"https:\/\/jornalfatosenoticias.com.br\/index.php\/2020\/08\/12\/anel-cicloviario-em-torno-da-avenida-vitoria-leva-seguranca-para-ciclistas\/#breadcrumb","itemListElement":[{"@type":"ListItem","position":1,"name":"In\u00edcio","item":"https:\/\/jornalfatosenoticias.com.br\/"},{"@type":"ListItem","position":2,"name":"Anel ciclovi\u00e1rio em torno da avenida Vit\u00f3ria leva seguran\u00e7a para ciclistas"}]},{"@type":"WebSite","@id":"https:\/\/jornalfatosenoticias.com.br\/#website","url":"https:\/\/jornalfatosenoticias.com.br\/","name":"Jornal Fatos e Not\u00edcias","description":"Not\u00edcias em geral","publisher":{"@id":"https:\/\/jornalfatosenoticias.com.br\/#organization"},"potentialAction":[{"@type":"SearchAction","target":{"@type":"EntryPoint","urlTemplate":"https:\/\/jornalfatosenoticias.com.br\/?s={search_term_string}"},"query-input":{"@type":"PropertyValueSpecification","valueRequired":true,"valueName":"search_term_string"}}],"inLanguage":"pt-BR"},{"@type":"Organization","@id":"https:\/\/jornalfatosenoticias.com.br\/#organization","name":"Jornal Fatos e Not\u00edcias","url":"https:\/\/jornalfatosenoticias.com.br\/","logo":{"@type":"ImageObject","inLanguage":"pt-BR","@id":"https:\/\/jornalfatosenoticias.com.br\/#\/schema\/logo\/image\/","url":"https:\/\/jornalfatosenoticias.com.br\/wp-content\/uploads\/2020\/02\/logo120.png","contentUrl":"https:\/\/jornalfatosenoticias.com.br\/wp-content\/uploads\/2020\/02\/logo120.png","width":1227,"height":120,"caption":"Jornal Fatos e Not\u00edcias"},"image":{"@id":"https:\/\/jornalfatosenoticias.com.br\/#\/schema\/logo\/image\/"}},{"@type":"Person","@id":"https:\/\/jornalfatosenoticias.com.br\/#\/schema\/person\/d63837fa13ac8666eb9e74e0985d6f81","name":"Luzimara Fernandes","image":{"@type":"ImageObject","inLanguage":"pt-BR","@id":"https:\/\/jornalfatosenoticias.com.br\/#\/schema\/person\/image\/","url":"https:\/\/jornalfatosenoticias.com.br\/wp-content\/uploads\/2025\/05\/EU_portal.jpg","contentUrl":"https:\/\/jornalfatosenoticias.com.br\/wp-content\/uploads\/2025\/05\/EU_portal.jpg","caption":"Luzimara Fernandes"},"description":"Jornalista MTB 2358-ES","sameAs":["https:\/\/jornalfatosenoticias.com.br"],"url":"https:\/\/jornalfatosenoticias.com.br\/index.php\/author\/luzimara\/"}]}},"cc_featured_image_caption":{"caption_text":"(Foto: Leonardo Silveira)","source_text":"","source_url":""},"jetpack_featured_media_url":"https:\/\/jornalfatosenoticias.com.br\/wp-content\/uploads\/2020\/08\/ciclovia_Av.-Vitoria.jpg","_links":{"self":[{"href":"https:\/\/jornalfatosenoticias.com.br\/index.php\/wp-json\/wp\/v2\/posts\/7601","targetHints":{"allow":["GET"]}}],"collection":[{"href":"https:\/\/jornalfatosenoticias.com.br\/index.php\/wp-json\/wp\/v2\/posts"}],"about":[{"href":"https:\/\/jornalfatosenoticias.com.br\/index.php\/wp-json\/wp\/v2\/types\/post"}],"author":[{"embeddable":true,"href":"https:\/\/jornalfatosenoticias.com.br\/index.php\/wp-json\/wp\/v2\/users\/2"}],"replies":[{"embeddable":true,"href":"https:\/\/jornalfatosenoticias.com.br\/index.php\/wp-json\/wp\/v2\/comments?post=7601"}],"version-history":[{"count":0,"href":"https:\/\/jornalfatosenoticias.com.br\/index.php\/wp-json\/wp\/v2\/posts\/7601\/revisions"}],"wp:featuredmedia":[{"embeddable":true,"href":"https:\/\/jornalfatosenoticias.com.br\/index.php\/wp-json\/wp\/v2\/media\/7603"}],"wp:attachment":[{"href":"https:\/\/jornalfatosenoticias.com.br\/index.php\/wp-json\/wp\/v2\/media?parent=7601"}],"wp:term":[{"taxonomy":"category","embeddable":true,"href":"https:\/\/jornalfatosenoticias.com.br\/index.php\/wp-json\/wp\/v2\/categories?post=7601"},{"taxonomy":"post_tag","embeddable":true,"href":"https:\/\/jornalfatosenoticias.com.br\/index.php\/wp-json\/wp\/v2\/tags?post=7601"}],"curies":[{"name":"wp","href":"https:\/\/api.w.org\/{rel}","templated":true}]}}