{"id":7754,"date":"2020-08-17T10:48:45","date_gmt":"2020-08-17T13:48:45","guid":{"rendered":"https:\/\/jornalfatosenoticias.com.br\/?p=7754"},"modified":"2020-08-17T10:48:47","modified_gmt":"2020-08-17T13:48:47","slug":"conexoes-sociais-sao-principal-fator-protetivo-contra-depressao-diz-estudo","status":"publish","type":"post","link":"https:\/\/jornalfatosenoticias.com.br\/index.php\/2020\/08\/17\/conexoes-sociais-sao-principal-fator-protetivo-contra-depressao-diz-estudo\/","title":{"rendered":"Conex\u00f5es sociais s\u00e3o principal fator protetivo contra depress\u00e3o, diz estudo"},"content":{"rendered":"\n<h6 class=\"wp-block-heading\"><em>Pesquisadores do Massachusetts General Hospital, nos Estados Unidos, avaliaram mais de 100 fatores de risco associados \u00e0 depress\u00e3o e conclu\u00edram: nada \u00e9 t\u00e3o eficaz quanto ter amigos e familiares por perto<\/em><\/h6>\n\n\n\n<p>Pesquisadores do Massachusetts General Hospital, nos Estados Unidos, descobriram que as conex\u00f5es sociais s\u00e3o o fator protetivo mais importante para a prevenir a depress\u00e3o em adultos. O estudo foi publicado na sexta-feira (14) no The American Journal of Psychiatry e considerou mais de 100 vari\u00e1veis que podem influenciar a sa\u00fade mental.<br>&#8220;A depress\u00e3o \u00e9 a principal causa de incapacidade em todo o mundo, mas at\u00e9 agora os pesquisadores se concentraram s\u00f3 em um punhado de fatores de risco e prote\u00e7\u00e3o, muitas vezes [analisando] apenas um ou dois [deles]\u201d, disse Karmel Choi, principal autora do estudo, em comunicado. &#8220;Nosso estudo fornece o quadro mais abrangente at\u00e9 o momento de fatores modific\u00e1veis \u200b\u200bque podem impactar o risco de depress\u00e3o&#8221;.<br>Os cientistas avaliaram as informa\u00e7\u00f5es presentes no UK Biobank, um banco de dados que cont\u00e9m o perfil de 100 mil pessoas, focando nos fatores de risco para depress\u00e3o j\u00e1 conhecidos. Ent\u00e3o, gra\u00e7as a um modelo matem\u00e1tico, puderam associar os h\u00e1bitos dos indiv\u00edduos \u00e0 probabilidade de desenvolverem ou n\u00e3o um quadro depressivo.<br>&#8220;De longe, o mais proeminente desses fatores foi confiar em outras pessoas, al\u00e9m dos encontros com familiares e amigos, que destacaram o importante efeito protetor da conex\u00e3o e da coes\u00e3o social&#8221;, disse Jordan Smoller, que tamb\u00e9m participou da pesquisa. Como explicou o especialista, mesmo que tem mais risco gen\u00e9tico de ter depress\u00e3o \u00e9 beneficiado pelas conex\u00f5es sociais. &#8220;Esses fatores s\u00e3o mais relevantes agora do que nunca, em um momento de distanciamento social e separa\u00e7\u00e3o de amigos e familiares&#8221;, salientou Smoller.<br>Por outro lado, os fatores associados a maiores riscos de depress\u00e3o incluem o tempo gasto assistindo TV, o h\u00e1bito de realizar cochilos diurnos e o uso regular de multivitam\u00ednicos. \u201cA depress\u00e3o tem um impacto enorme sobre os indiv\u00edduos, fam\u00edlias e sociedade, mas ainda sabemos muito pouco sobre como evit\u00e1-la&#8221;, ponderou Smoller. \u201cMostramos que agora \u00e9 poss\u00edvel abordar essas quest\u00f5es de amplo significado para a sa\u00fade p\u00fablica por meio de uma abordagem baseada em dados em larga escala que n\u00e3o estava dispon\u00edvel alguns anos atr\u00e1s&#8221;.<\/p>\n\n\n\n<p><strong><em>Fonte:<a href=\"https:\/\/revistagalileu.globo.com\/Ciencia\/Saude\/noticia\/2020\/08\/conexoes-sociais-sao-principal-fator-protetivo-contra-depressao-diz-estudo.html\"> Revista Galileu<\/a><\/em><\/strong><\/p>\n","protected":false},"excerpt":{"rendered":"<p>Pesquisadores do Massachusetts General Hospital, nos Estados Unidos, avaliaram mais de 100 fatores de risco associados \u00e0 depress\u00e3o e conclu\u00edram: nada \u00e9 t\u00e3o eficaz quanto ter amigos e familiares por perto Pesquisadores do Massachusetts General Hospital, nos Estados Unidos, descobriram que as conex\u00f5es sociais s\u00e3o o fator protetivo mais importante para a prevenir a depress\u00e3o [&hellip;]<\/p>\n","protected":false},"author":2,"featured_media":7755,"comment_status":"open","ping_status":"open","sticky":false,"template":"","format":"standard","meta":{"footnotes":""},"categories":[2522],"tags":[4371,2375,714,4370,694,688],"class_list":["post-7754","post","type-post","status-publish","format-standard","has-post-thumbnail","hentry","category-comportamento","tag-conexao-social","tag-depressao","tag-estudo","tag-fatores-de-risco","tag-impactos","tag-saude-mental"],"yoast_head":"<!-- This site is optimized with the Yoast SEO plugin v26.5 - https:\/\/yoast.com\/wordpress\/plugins\/seo\/ -->\n<title>Conex\u00f5es sociais s\u00e3o principal fator protetivo contra depress\u00e3o, diz estudo - Jornal Fatos e Not\u00edcias<\/title>\n<meta name=\"robots\" content=\"index, follow, max-snippet:-1, max-image-preview:large, max-video-preview:-1\" \/>\n<link rel=\"canonical\" href=\"https:\/\/jornalfatosenoticias.com.br\/index.php\/2020\/08\/17\/conexoes-sociais-sao-principal-fator-protetivo-contra-depressao-diz-estudo\/\" \/>\n<meta property=\"og:locale\" content=\"pt_BR\" \/>\n<meta property=\"og:type\" content=\"article\" \/>\n<meta property=\"og:title\" content=\"Conex\u00f5es sociais s\u00e3o principal fator protetivo contra depress\u00e3o, diz estudo - Jornal Fatos e Not\u00edcias\" \/>\n<meta property=\"og:description\" content=\"Pesquisadores do Massachusetts General Hospital, nos Estados Unidos, avaliaram mais de 100 fatores de risco associados \u00e0 depress\u00e3o e conclu\u00edram: nada \u00e9 t\u00e3o eficaz quanto ter amigos e familiares por perto Pesquisadores do Massachusetts General Hospital, nos Estados Unidos, descobriram que as conex\u00f5es sociais s\u00e3o o fator protetivo mais importante para a prevenir a depress\u00e3o [&hellip;]\" \/>\n<meta property=\"og:url\" content=\"https:\/\/jornalfatosenoticias.com.br\/index.php\/2020\/08\/17\/conexoes-sociais-sao-principal-fator-protetivo-contra-depressao-diz-estudo\/\" \/>\n<meta property=\"og:site_name\" content=\"Jornal Fatos e Not\u00edcias\" \/>\n<meta property=\"article:published_time\" content=\"2020-08-17T13:48:45+00:00\" \/>\n<meta property=\"article:modified_time\" content=\"2020-08-17T13:48:47+00:00\" \/>\n<meta property=\"og:image\" content=\"https:\/\/jornalfatosenoticias.com.br\/wp-content\/uploads\/2020\/08\/conexoes-sociais-marco-bianchetti-unsplash.jpg\" \/>\n\t<meta property=\"og:image:width\" content=\"1000\" \/>\n\t<meta property=\"og:image:height\" content=\"666\" \/>\n\t<meta property=\"og:image:type\" content=\"image\/jpeg\" \/>\n<meta name=\"author\" content=\"Luzimara Fernandes\" \/>\n<meta name=\"twitter:card\" content=\"summary_large_image\" \/>\n<meta name=\"twitter:label1\" content=\"Escrito por\" \/>\n\t<meta name=\"twitter:data1\" content=\"Luzimara Fernandes\" \/>\n\t<meta name=\"twitter:label2\" content=\"Est. tempo de leitura\" \/>\n\t<meta name=\"twitter:data2\" content=\"2 minutos\" \/>\n<script type=\"application\/ld+json\" class=\"yoast-schema-graph\">{\"@context\":\"https:\/\/schema.org\",\"@graph\":[{\"@type\":\"Article\",\"@id\":\"https:\/\/jornalfatosenoticias.com.br\/index.php\/2020\/08\/17\/conexoes-sociais-sao-principal-fator-protetivo-contra-depressao-diz-estudo\/#article\",\"isPartOf\":{\"@id\":\"https:\/\/jornalfatosenoticias.com.br\/index.php\/2020\/08\/17\/conexoes-sociais-sao-principal-fator-protetivo-contra-depressao-diz-estudo\/\"},\"author\":{\"name\":\"Luzimara Fernandes\",\"@id\":\"https:\/\/jornalfatosenoticias.com.br\/#\/schema\/person\/d63837fa13ac8666eb9e74e0985d6f81\"},\"headline\":\"Conex\u00f5es sociais s\u00e3o principal fator protetivo contra depress\u00e3o, diz estudo\",\"datePublished\":\"2020-08-17T13:48:45+00:00\",\"dateModified\":\"2020-08-17T13:48:47+00:00\",\"mainEntityOfPage\":{\"@id\":\"https:\/\/jornalfatosenoticias.com.br\/index.php\/2020\/08\/17\/conexoes-sociais-sao-principal-fator-protetivo-contra-depressao-diz-estudo\/\"},\"wordCount\":413,\"commentCount\":0,\"publisher\":{\"@id\":\"https:\/\/jornalfatosenoticias.com.br\/#organization\"},\"image\":{\"@id\":\"https:\/\/jornalfatosenoticias.com.br\/index.php\/2020\/08\/17\/conexoes-sociais-sao-principal-fator-protetivo-contra-depressao-diz-estudo\/#primaryimage\"},\"thumbnailUrl\":\"https:\/\/jornalfatosenoticias.com.br\/wp-content\/uploads\/2020\/08\/conexoes-sociais-marco-bianchetti-unsplash.jpg\",\"keywords\":[\"conex\u00e3o social\",\"depress\u00e3o\",\"Estudo\",\"fatores de risco\",\"impactos\",\"sa\u00fade mental\"],\"articleSection\":[\"Comportamento &amp; Equil\u00edbrio\"],\"inLanguage\":\"pt-BR\",\"potentialAction\":[{\"@type\":\"CommentAction\",\"name\":\"Comment\",\"target\":[\"https:\/\/jornalfatosenoticias.com.br\/index.php\/2020\/08\/17\/conexoes-sociais-sao-principal-fator-protetivo-contra-depressao-diz-estudo\/#respond\"]}]},{\"@type\":\"WebPage\",\"@id\":\"https:\/\/jornalfatosenoticias.com.br\/index.php\/2020\/08\/17\/conexoes-sociais-sao-principal-fator-protetivo-contra-depressao-diz-estudo\/\",\"url\":\"https:\/\/jornalfatosenoticias.com.br\/index.php\/2020\/08\/17\/conexoes-sociais-sao-principal-fator-protetivo-contra-depressao-diz-estudo\/\",\"name\":\"Conex\u00f5es sociais s\u00e3o principal fator protetivo contra depress\u00e3o, diz estudo - Jornal Fatos e Not\u00edcias\",\"isPartOf\":{\"@id\":\"https:\/\/jornalfatosenoticias.com.br\/#website\"},\"primaryImageOfPage\":{\"@id\":\"https:\/\/jornalfatosenoticias.com.br\/index.php\/2020\/08\/17\/conexoes-sociais-sao-principal-fator-protetivo-contra-depressao-diz-estudo\/#primaryimage\"},\"image\":{\"@id\":\"https:\/\/jornalfatosenoticias.com.br\/index.php\/2020\/08\/17\/conexoes-sociais-sao-principal-fator-protetivo-contra-depressao-diz-estudo\/#primaryimage\"},\"thumbnailUrl\":\"https:\/\/jornalfatosenoticias.com.br\/wp-content\/uploads\/2020\/08\/conexoes-sociais-marco-bianchetti-unsplash.jpg\",\"datePublished\":\"2020-08-17T13:48:45+00:00\",\"dateModified\":\"2020-08-17T13:48:47+00:00\",\"breadcrumb\":{\"@id\":\"https:\/\/jornalfatosenoticias.com.br\/index.php\/2020\/08\/17\/conexoes-sociais-sao-principal-fator-protetivo-contra-depressao-diz-estudo\/#breadcrumb\"},\"inLanguage\":\"pt-BR\",\"potentialAction\":[{\"@type\":\"ReadAction\",\"target\":[\"https:\/\/jornalfatosenoticias.com.br\/index.php\/2020\/08\/17\/conexoes-sociais-sao-principal-fator-protetivo-contra-depressao-diz-estudo\/\"]}]},{\"@type\":\"ImageObject\",\"inLanguage\":\"pt-BR\",\"@id\":\"https:\/\/jornalfatosenoticias.com.br\/index.php\/2020\/08\/17\/conexoes-sociais-sao-principal-fator-protetivo-contra-depressao-diz-estudo\/#primaryimage\",\"url\":\"https:\/\/jornalfatosenoticias.com.br\/wp-content\/uploads\/2020\/08\/conexoes-sociais-marco-bianchetti-unsplash.jpg\",\"contentUrl\":\"https:\/\/jornalfatosenoticias.com.br\/wp-content\/uploads\/2020\/08\/conexoes-sociais-marco-bianchetti-unsplash.jpg\",\"width\":1000,\"height\":666},{\"@type\":\"BreadcrumbList\",\"@id\":\"https:\/\/jornalfatosenoticias.com.br\/index.php\/2020\/08\/17\/conexoes-sociais-sao-principal-fator-protetivo-contra-depressao-diz-estudo\/#breadcrumb\",\"itemListElement\":[{\"@type\":\"ListItem\",\"position\":1,\"name\":\"In\u00edcio\",\"item\":\"https:\/\/jornalfatosenoticias.com.br\/\"},{\"@type\":\"ListItem\",\"position\":2,\"name\":\"Conex\u00f5es sociais s\u00e3o principal fator protetivo contra depress\u00e3o, diz estudo\"}]},{\"@type\":\"WebSite\",\"@id\":\"https:\/\/jornalfatosenoticias.com.br\/#website\",\"url\":\"https:\/\/jornalfatosenoticias.com.br\/\",\"name\":\"Jornal Fatos e Not\u00edcias\",\"description\":\"Not\u00edcias em geral\",\"publisher\":{\"@id\":\"https:\/\/jornalfatosenoticias.com.br\/#organization\"},\"potentialAction\":[{\"@type\":\"SearchAction\",\"target\":{\"@type\":\"EntryPoint\",\"urlTemplate\":\"https:\/\/jornalfatosenoticias.com.br\/?s={search_term_string}\"},\"query-input\":{\"@type\":\"PropertyValueSpecification\",\"valueRequired\":true,\"valueName\":\"search_term_string\"}}],\"inLanguage\":\"pt-BR\"},{\"@type\":\"Organization\",\"@id\":\"https:\/\/jornalfatosenoticias.com.br\/#organization\",\"name\":\"Jornal Fatos e Not\u00edcias\",\"url\":\"https:\/\/jornalfatosenoticias.com.br\/\",\"logo\":{\"@type\":\"ImageObject\",\"inLanguage\":\"pt-BR\",\"@id\":\"https:\/\/jornalfatosenoticias.com.br\/#\/schema\/logo\/image\/\",\"url\":\"https:\/\/jornalfatosenoticias.com.br\/wp-content\/uploads\/2020\/02\/logo120.png\",\"contentUrl\":\"https:\/\/jornalfatosenoticias.com.br\/wp-content\/uploads\/2020\/02\/logo120.png\",\"width\":1227,\"height\":120,\"caption\":\"Jornal Fatos e Not\u00edcias\"},\"image\":{\"@id\":\"https:\/\/jornalfatosenoticias.com.br\/#\/schema\/logo\/image\/\"}},{\"@type\":\"Person\",\"@id\":\"https:\/\/jornalfatosenoticias.com.br\/#\/schema\/person\/d63837fa13ac8666eb9e74e0985d6f81\",\"name\":\"Luzimara Fernandes\",\"image\":{\"@type\":\"ImageObject\",\"inLanguage\":\"pt-BR\",\"@id\":\"https:\/\/jornalfatosenoticias.com.br\/#\/schema\/person\/image\/\",\"url\":\"https:\/\/jornalfatosenoticias.com.br\/wp-content\/uploads\/2025\/05\/EU_portal.jpg\",\"contentUrl\":\"https:\/\/jornalfatosenoticias.com.br\/wp-content\/uploads\/2025\/05\/EU_portal.jpg\",\"caption\":\"Luzimara Fernandes\"},\"description\":\"Jornalista MTB 2358-ES\",\"sameAs\":[\"https:\/\/jornalfatosenoticias.com.br\"],\"url\":\"https:\/\/jornalfatosenoticias.com.br\/index.php\/author\/luzimara\/\"}]}<\/script>\n<!-- \/ Yoast SEO plugin. -->","yoast_head_json":{"title":"Conex\u00f5es sociais s\u00e3o principal fator protetivo contra depress\u00e3o, diz estudo - Jornal Fatos e Not\u00edcias","robots":{"index":"index","follow":"follow","max-snippet":"max-snippet:-1","max-image-preview":"max-image-preview:large","max-video-preview":"max-video-preview:-1"},"canonical":"https:\/\/jornalfatosenoticias.com.br\/index.php\/2020\/08\/17\/conexoes-sociais-sao-principal-fator-protetivo-contra-depressao-diz-estudo\/","og_locale":"pt_BR","og_type":"article","og_title":"Conex\u00f5es sociais s\u00e3o principal fator protetivo contra depress\u00e3o, diz estudo - Jornal Fatos e Not\u00edcias","og_description":"Pesquisadores do Massachusetts General Hospital, nos Estados Unidos, avaliaram mais de 100 fatores de risco associados \u00e0 depress\u00e3o e conclu\u00edram: nada \u00e9 t\u00e3o eficaz quanto ter amigos e familiares por perto Pesquisadores do Massachusetts General Hospital, nos Estados Unidos, descobriram que as conex\u00f5es sociais s\u00e3o o fator protetivo mais importante para a prevenir a depress\u00e3o [&hellip;]","og_url":"https:\/\/jornalfatosenoticias.com.br\/index.php\/2020\/08\/17\/conexoes-sociais-sao-principal-fator-protetivo-contra-depressao-diz-estudo\/","og_site_name":"Jornal Fatos e Not\u00edcias","article_published_time":"2020-08-17T13:48:45+00:00","article_modified_time":"2020-08-17T13:48:47+00:00","og_image":[{"width":1000,"height":666,"url":"https:\/\/jornalfatosenoticias.com.br\/wp-content\/uploads\/2020\/08\/conexoes-sociais-marco-bianchetti-unsplash.jpg","type":"image\/jpeg"}],"author":"Luzimara Fernandes","twitter_card":"summary_large_image","twitter_misc":{"Escrito por":"Luzimara Fernandes","Est. tempo de leitura":"2 minutos"},"schema":{"@context":"https:\/\/schema.org","@graph":[{"@type":"Article","@id":"https:\/\/jornalfatosenoticias.com.br\/index.php\/2020\/08\/17\/conexoes-sociais-sao-principal-fator-protetivo-contra-depressao-diz-estudo\/#article","isPartOf":{"@id":"https:\/\/jornalfatosenoticias.com.br\/index.php\/2020\/08\/17\/conexoes-sociais-sao-principal-fator-protetivo-contra-depressao-diz-estudo\/"},"author":{"name":"Luzimara Fernandes","@id":"https:\/\/jornalfatosenoticias.com.br\/#\/schema\/person\/d63837fa13ac8666eb9e74e0985d6f81"},"headline":"Conex\u00f5es sociais s\u00e3o principal fator protetivo contra depress\u00e3o, diz estudo","datePublished":"2020-08-17T13:48:45+00:00","dateModified":"2020-08-17T13:48:47+00:00","mainEntityOfPage":{"@id":"https:\/\/jornalfatosenoticias.com.br\/index.php\/2020\/08\/17\/conexoes-sociais-sao-principal-fator-protetivo-contra-depressao-diz-estudo\/"},"wordCount":413,"commentCount":0,"publisher":{"@id":"https:\/\/jornalfatosenoticias.com.br\/#organization"},"image":{"@id":"https:\/\/jornalfatosenoticias.com.br\/index.php\/2020\/08\/17\/conexoes-sociais-sao-principal-fator-protetivo-contra-depressao-diz-estudo\/#primaryimage"},"thumbnailUrl":"https:\/\/jornalfatosenoticias.com.br\/wp-content\/uploads\/2020\/08\/conexoes-sociais-marco-bianchetti-unsplash.jpg","keywords":["conex\u00e3o social","depress\u00e3o","Estudo","fatores de risco","impactos","sa\u00fade mental"],"articleSection":["Comportamento &amp; Equil\u00edbrio"],"inLanguage":"pt-BR","potentialAction":[{"@type":"CommentAction","name":"Comment","target":["https:\/\/jornalfatosenoticias.com.br\/index.php\/2020\/08\/17\/conexoes-sociais-sao-principal-fator-protetivo-contra-depressao-diz-estudo\/#respond"]}]},{"@type":"WebPage","@id":"https:\/\/jornalfatosenoticias.com.br\/index.php\/2020\/08\/17\/conexoes-sociais-sao-principal-fator-protetivo-contra-depressao-diz-estudo\/","url":"https:\/\/jornalfatosenoticias.com.br\/index.php\/2020\/08\/17\/conexoes-sociais-sao-principal-fator-protetivo-contra-depressao-diz-estudo\/","name":"Conex\u00f5es sociais s\u00e3o principal fator protetivo contra depress\u00e3o, diz estudo - Jornal Fatos e Not\u00edcias","isPartOf":{"@id":"https:\/\/jornalfatosenoticias.com.br\/#website"},"primaryImageOfPage":{"@id":"https:\/\/jornalfatosenoticias.com.br\/index.php\/2020\/08\/17\/conexoes-sociais-sao-principal-fator-protetivo-contra-depressao-diz-estudo\/#primaryimage"},"image":{"@id":"https:\/\/jornalfatosenoticias.com.br\/index.php\/2020\/08\/17\/conexoes-sociais-sao-principal-fator-protetivo-contra-depressao-diz-estudo\/#primaryimage"},"thumbnailUrl":"https:\/\/jornalfatosenoticias.com.br\/wp-content\/uploads\/2020\/08\/conexoes-sociais-marco-bianchetti-unsplash.jpg","datePublished":"2020-08-17T13:48:45+00:00","dateModified":"2020-08-17T13:48:47+00:00","breadcrumb":{"@id":"https:\/\/jornalfatosenoticias.com.br\/index.php\/2020\/08\/17\/conexoes-sociais-sao-principal-fator-protetivo-contra-depressao-diz-estudo\/#breadcrumb"},"inLanguage":"pt-BR","potentialAction":[{"@type":"ReadAction","target":["https:\/\/jornalfatosenoticias.com.br\/index.php\/2020\/08\/17\/conexoes-sociais-sao-principal-fator-protetivo-contra-depressao-diz-estudo\/"]}]},{"@type":"ImageObject","inLanguage":"pt-BR","@id":"https:\/\/jornalfatosenoticias.com.br\/index.php\/2020\/08\/17\/conexoes-sociais-sao-principal-fator-protetivo-contra-depressao-diz-estudo\/#primaryimage","url":"https:\/\/jornalfatosenoticias.com.br\/wp-content\/uploads\/2020\/08\/conexoes-sociais-marco-bianchetti-unsplash.jpg","contentUrl":"https:\/\/jornalfatosenoticias.com.br\/wp-content\/uploads\/2020\/08\/conexoes-sociais-marco-bianchetti-unsplash.jpg","width":1000,"height":666},{"@type":"BreadcrumbList","@id":"https:\/\/jornalfatosenoticias.com.br\/index.php\/2020\/08\/17\/conexoes-sociais-sao-principal-fator-protetivo-contra-depressao-diz-estudo\/#breadcrumb","itemListElement":[{"@type":"ListItem","position":1,"name":"In\u00edcio","item":"https:\/\/jornalfatosenoticias.com.br\/"},{"@type":"ListItem","position":2,"name":"Conex\u00f5es sociais s\u00e3o principal fator protetivo contra depress\u00e3o, diz estudo"}]},{"@type":"WebSite","@id":"https:\/\/jornalfatosenoticias.com.br\/#website","url":"https:\/\/jornalfatosenoticias.com.br\/","name":"Jornal Fatos e Not\u00edcias","description":"Not\u00edcias em geral","publisher":{"@id":"https:\/\/jornalfatosenoticias.com.br\/#organization"},"potentialAction":[{"@type":"SearchAction","target":{"@type":"EntryPoint","urlTemplate":"https:\/\/jornalfatosenoticias.com.br\/?s={search_term_string}"},"query-input":{"@type":"PropertyValueSpecification","valueRequired":true,"valueName":"search_term_string"}}],"inLanguage":"pt-BR"},{"@type":"Organization","@id":"https:\/\/jornalfatosenoticias.com.br\/#organization","name":"Jornal Fatos e Not\u00edcias","url":"https:\/\/jornalfatosenoticias.com.br\/","logo":{"@type":"ImageObject","inLanguage":"pt-BR","@id":"https:\/\/jornalfatosenoticias.com.br\/#\/schema\/logo\/image\/","url":"https:\/\/jornalfatosenoticias.com.br\/wp-content\/uploads\/2020\/02\/logo120.png","contentUrl":"https:\/\/jornalfatosenoticias.com.br\/wp-content\/uploads\/2020\/02\/logo120.png","width":1227,"height":120,"caption":"Jornal Fatos e Not\u00edcias"},"image":{"@id":"https:\/\/jornalfatosenoticias.com.br\/#\/schema\/logo\/image\/"}},{"@type":"Person","@id":"https:\/\/jornalfatosenoticias.com.br\/#\/schema\/person\/d63837fa13ac8666eb9e74e0985d6f81","name":"Luzimara Fernandes","image":{"@type":"ImageObject","inLanguage":"pt-BR","@id":"https:\/\/jornalfatosenoticias.com.br\/#\/schema\/person\/image\/","url":"https:\/\/jornalfatosenoticias.com.br\/wp-content\/uploads\/2025\/05\/EU_portal.jpg","contentUrl":"https:\/\/jornalfatosenoticias.com.br\/wp-content\/uploads\/2025\/05\/EU_portal.jpg","caption":"Luzimara Fernandes"},"description":"Jornalista MTB 2358-ES","sameAs":["https:\/\/jornalfatosenoticias.com.br"],"url":"https:\/\/jornalfatosenoticias.com.br\/index.php\/author\/luzimara\/"}]}},"cc_featured_image_caption":{"caption_text":"(Foto: Marco Bianchetti\/Unsplash)","source_text":"","source_url":""},"jetpack_featured_media_url":"https:\/\/jornalfatosenoticias.com.br\/wp-content\/uploads\/2020\/08\/conexoes-sociais-marco-bianchetti-unsplash.jpg","_links":{"self":[{"href":"https:\/\/jornalfatosenoticias.com.br\/index.php\/wp-json\/wp\/v2\/posts\/7754","targetHints":{"allow":["GET"]}}],"collection":[{"href":"https:\/\/jornalfatosenoticias.com.br\/index.php\/wp-json\/wp\/v2\/posts"}],"about":[{"href":"https:\/\/jornalfatosenoticias.com.br\/index.php\/wp-json\/wp\/v2\/types\/post"}],"author":[{"embeddable":true,"href":"https:\/\/jornalfatosenoticias.com.br\/index.php\/wp-json\/wp\/v2\/users\/2"}],"replies":[{"embeddable":true,"href":"https:\/\/jornalfatosenoticias.com.br\/index.php\/wp-json\/wp\/v2\/comments?post=7754"}],"version-history":[{"count":0,"href":"https:\/\/jornalfatosenoticias.com.br\/index.php\/wp-json\/wp\/v2\/posts\/7754\/revisions"}],"wp:featuredmedia":[{"embeddable":true,"href":"https:\/\/jornalfatosenoticias.com.br\/index.php\/wp-json\/wp\/v2\/media\/7755"}],"wp:attachment":[{"href":"https:\/\/jornalfatosenoticias.com.br\/index.php\/wp-json\/wp\/v2\/media?parent=7754"}],"wp:term":[{"taxonomy":"category","embeddable":true,"href":"https:\/\/jornalfatosenoticias.com.br\/index.php\/wp-json\/wp\/v2\/categories?post=7754"},{"taxonomy":"post_tag","embeddable":true,"href":"https:\/\/jornalfatosenoticias.com.br\/index.php\/wp-json\/wp\/v2\/tags?post=7754"}],"curies":[{"name":"wp","href":"https:\/\/api.w.org\/{rel}","templated":true}]}}