{"id":7762,"date":"2020-08-17T14:04:02","date_gmt":"2020-08-17T17:04:02","guid":{"rendered":"https:\/\/jornalfatosenoticias.com.br\/?p=7762"},"modified":"2020-08-17T14:04:03","modified_gmt":"2020-08-17T17:04:03","slug":"no-hipodromo-politico-comecou-a-corrida-das-proximas-eleicoes","status":"publish","type":"post","link":"https:\/\/jornalfatosenoticias.com.br\/index.php\/2020\/08\/17\/no-hipodromo-politico-comecou-a-corrida-das-proximas-eleicoes\/","title":{"rendered":"No hip\u00f3dromo pol\u00edtico come\u00e7ou a corrida das pr\u00f3ximas elei\u00e7\u00f5es"},"content":{"rendered":"\n<h6 class=\"wp-block-heading\"><em>O TSE ter\u00e1 que definir a cota do FEFC e caber\u00e1 a cada partido, mediante solicita\u00e7\u00e3o de uma das legendas<\/em><\/h6>\n\n\n\n<p>\u00c9 Isso A\u00ed mesmo! O tempo \u00e9 curto e \u201celes\u201d est\u00e3o feito loucos na ansiedade de confirmarem seus nomes como candidatos nos diversos partidos. Ah sim! Alguns est\u00e3o esnobando partidos e tentando confirma\u00e7\u00f5es solos, ser\u00e1 que conseguir\u00e3o?<br>Na Serra\/ES n\u00e3o \u00e9 diferente. S\u00f3 que por aqui os primeiros nomes confirmados como pr\u00e9-candidatos s\u00e3o mais conhecidos que nota dois reais\u2026ali\u00e1s, alguns n\u00e3o valem mais que isso, se formos analis\u00e1-los profundamente, pois seus passados pol\u00edticos s\u00e3o mais sujos que poleiro de galinheiro.<br>Mas certos partidos os confirmar\u00e3o como candidatos, claro, est\u00e3o de \u201colho gordo\u201d na grana que receber\u00e3o. O Tribunal Superior Eleitoral (TSE) j\u00e1 est\u00e1 com R$ 2 bilh\u00f5es do Fundo Eleitoral, mais precisamente R$ 2.034.954.824,00 de recursos do Fundo Especial de Financiamento de Campanha (FEFC) \u2014 tamb\u00e9m conhecido como Fundo Eleitoral \u2014 para serem distribu\u00eddos entre os partidos pol\u00edticos.<br>\u00c9 l\u00f3gico que ir\u00e3o se esgani\u00e7ar por essa grana! cada legenda ter\u00e1 direito, de acordo com o artigo 16-C da Lei das Elei\u00e7\u00f5es (Lei n\u00ba 9.504\/1997). O TSE j\u00e1 iniciou os c\u00e1lculos para saber quanto cada sigla receber\u00e1. O Di\u00e1rio Oficial da Uni\u00e3o (DOU), j\u00e1 divulgou o extrato de Termo de Execu\u00e7\u00e3o Descentralizada (TED) em que o TSE comunicou estar pronto para receber os recursos do Fundo Eleitoral.<br>O passo seguinte foi justamente o repasse do dinheiro ao Tribunal, o que j\u00e1 foi feito. Mas t\u00eam alguns pol\u00edticos agoniados querendo saber quanto receber\u00e3o seus partidos e quanto caber\u00e1 a eles pr\u00f3prios. Ufa que sufoco!<br>O TSE ter\u00e1 que definir a cota do FEFC e caber\u00e1 a cada partido, mediante solicita\u00e7\u00e3o de uma das legendas. A\u00ed, sim, ser\u00e1 feita a transfer\u00eancia dos recursos para uma conta aberta pelo diret\u00f3rio nacional do respectivo partido <span style=\"text-decoration: underline;\">para atender unicamente a essa finalidade<\/span>. Sentiram? N\u00e3o \u00e9 moleza!<br>Eu pergunto: Ser\u00e1 que vale mesmo a pena para conseguir uma vaguinha de vereador, por exemplo? Mas, pelo passado recente, vemos que mesmo com tantas dificuldades eles acabam enchendo suas algibeiras com muita grana. Milagre? Hummmm, sei l\u00e1!<br>Os recursos do Fundo Eleitoral ficar\u00e3o \u00e0 disposi\u00e7\u00e3o do partido pol\u00edtico somente depois de a sigla definir crit\u00e9rios para a sua distribui\u00e7\u00e3o. Esses crit\u00e9rios devem ser aprovados pela maioria absoluta dos membros do \u00f3rg\u00e3o de dire\u00e7\u00e3o executiva nacional da sigla, e precisam ser divulgados publicamente.<br>As verbas do FEFC que n\u00e3o forem utilizadas nas campanhas eleitorais dever\u00e3o ser devolvidas ao Tesouro Nacional, integralmente, <span style=\"text-decoration: underline;\">no momento da apresenta\u00e7\u00e3o da respectiva presta\u00e7\u00e3o de contas<\/span>. Nessa hora \u00e9 que eles apresentam um amontoado de contas que confundem matem\u00e1ticos de todas as categorias. Bom, sempre foi assim! Ser\u00e1 que nestas elei\u00e7\u00f5es ser\u00e1 diferente? Sinceramente, eu espero que haja mais honestidade dessa vez. Afinal, o povo brasileiro est\u00e1 passando tanto sufoco e aprendendo, ou pelo menos acho que sim, ao ponto de ficarem os pol\u00edticos com as caras envergonhadas e sejam mais honestos.<br>Mas o TSE j\u00e1 distribuiu sua cartilha que visa desestimular toda e qualquer tentativa de burlar a lei. Est\u00e1 l\u00e1: <span style=\"text-decoration: underline;\">Do total de recursos do Fundo Eleitoral, 2% ser\u00e3o distribu\u00eddos igualitariamente entre os partidos<\/span>. A partir da\u00ed, o restante ser\u00e1 distribu\u00eddo conforme a representa\u00e7\u00e3o da legenda no Congresso Nacional: <span style=\"text-decoration: underline;\">35% ser\u00e3o destinados aos partidos que elegeram pelo menos um deputado federal, na propor\u00e7\u00e3o dos votos obtidos na \u00faltima elei\u00e7\u00e3o geral; 48% ser\u00e3o distribu\u00eddos proporcionalmente \u00e0 representa\u00e7\u00e3o de cada legenda na C\u00e2mara dos Deputados; e os 15% restantes ser\u00e3o divididos entre os partidos com base na propor\u00e7\u00e3o da representa\u00e7\u00e3o no Senado Federal. \u00c9 uma conta muito louca e bem dif\u00edcil de ser memorizada, mas muito f\u00e1cil de ser embaralhada facilitando um imbr\u00f3glio de sonega\u00e7\u00f5es<\/span>. Assim eu creio! Mais pelo nosso aprendizado em todas as passadas elei\u00e7\u00f5es brasileiras.<br>E, por \u00faltimo, no final da cartilha, a principal advert\u00eancia: As verbas do FEFC que n\u00e3o forem utilizadas nas campanhas eleitorais dever\u00e3o ser devolvidas ao Tesouro Nacional, <span style=\"text-decoration: underline;\">integralmente, no momento da apresenta\u00e7\u00e3o da respectiva presta\u00e7\u00e3o de contas. E sempre foi assim, mas tem alguns partidos que deixaram de cumprir integralmente essa determina\u00e7\u00e3o<\/span>.<br>Vejam bem, o quanto alguns partidos receber\u00e3o neste primeiro momento: Republicanos \u2014 antigo PRB \u2014 (R$ 104,4 milh\u00f5es), PDT (R$ 99,2 milh\u00f5es), PODE (R$ 88,6 milh\u00f5es), PROS (R$ 44,6 milh\u00f5es), Solidariedade (42,2 milh\u00f5es),<\/p>\n\n\n\n<p><em><strong>Moral desta hist\u00f3ria:<\/strong> Seja sempre inquieto e vez por outra paciente, parece contradit\u00f3rio soa meio diferente, mas \u00e0s vezes pisar no freio tamb\u00e9m \u00e9 andar pra frente<\/em><\/p>\n\n\n\n<p><strong><em>\u00c9 Isso A\u00ed<\/em><\/strong><\/p>\n","protected":false},"excerpt":{"rendered":"<p>O TSE ter\u00e1 que definir a cota do FEFC e caber\u00e1 a cada partido, mediante solicita\u00e7\u00e3o de uma das legendas \u00c9 Isso A\u00ed mesmo! O tempo \u00e9 curto e \u201celes\u201d est\u00e3o feito loucos na ansiedade de confirmarem seus nomes como candidatos nos diversos partidos. Ah sim! Alguns est\u00e3o esnobando partidos e tentando confirma\u00e7\u00f5es solos, ser\u00e1 [&hellip;]<\/p>\n","protected":false},"author":6,"featured_media":7763,"comment_status":"open","ping_status":"open","sticky":false,"template":"","format":"standard","meta":{"footnotes":""},"categories":[10],"tags":[3728,1332,3096,3094,1514],"class_list":["post-7762","post","type-post","status-publish","format-standard","has-post-thumbnail","hentry","category-politica","tag-corrida-eleitoral","tag-eleicoes-2020","tag-fundo-eleitoral","tag-partidos-politicos","tag-tse"],"yoast_head":"<!-- This site is optimized with the Yoast SEO plugin v26.5 - https:\/\/yoast.com\/wordpress\/plugins\/seo\/ -->\n<title>No hip\u00f3dromo pol\u00edtico come\u00e7ou a corrida das pr\u00f3ximas elei\u00e7\u00f5es - Jornal Fatos e Not\u00edcias<\/title>\n<meta name=\"robots\" content=\"index, follow, max-snippet:-1, max-image-preview:large, max-video-preview:-1\" \/>\n<link rel=\"canonical\" href=\"https:\/\/jornalfatosenoticias.com.br\/index.php\/2020\/08\/17\/no-hipodromo-politico-comecou-a-corrida-das-proximas-eleicoes\/\" \/>\n<meta property=\"og:locale\" content=\"pt_BR\" \/>\n<meta property=\"og:type\" content=\"article\" \/>\n<meta property=\"og:title\" content=\"No hip\u00f3dromo pol\u00edtico come\u00e7ou a corrida das pr\u00f3ximas elei\u00e7\u00f5es - Jornal Fatos e Not\u00edcias\" \/>\n<meta property=\"og:description\" content=\"O TSE ter\u00e1 que definir a cota do FEFC e caber\u00e1 a cada partido, mediante solicita\u00e7\u00e3o de uma das legendas \u00c9 Isso A\u00ed mesmo! O tempo \u00e9 curto e \u201celes\u201d est\u00e3o feito loucos na ansiedade de confirmarem seus nomes como candidatos nos diversos partidos. Ah sim! Alguns est\u00e3o esnobando partidos e tentando confirma\u00e7\u00f5es solos, ser\u00e1 [&hellip;]\" \/>\n<meta property=\"og:url\" content=\"https:\/\/jornalfatosenoticias.com.br\/index.php\/2020\/08\/17\/no-hipodromo-politico-comecou-a-corrida-das-proximas-eleicoes\/\" \/>\n<meta property=\"og:site_name\" content=\"Jornal Fatos e Not\u00edcias\" \/>\n<meta property=\"article:published_time\" content=\"2020-08-17T17:04:02+00:00\" \/>\n<meta property=\"article:modified_time\" content=\"2020-08-17T17:04:03+00:00\" \/>\n<meta property=\"og:image\" content=\"https:\/\/jornalfatosenoticias.com.br\/wp-content\/uploads\/2020\/08\/vidigal.jpg\" \/>\n\t<meta property=\"og:image:width\" content=\"1000\" \/>\n\t<meta property=\"og:image:height\" content=\"666\" \/>\n\t<meta property=\"og:image:type\" content=\"image\/jpeg\" \/>\n<meta name=\"author\" content=\"Jorge Rodrigues Pacheco\" \/>\n<meta name=\"twitter:card\" content=\"summary_large_image\" \/>\n<meta name=\"twitter:label1\" content=\"Escrito por\" \/>\n\t<meta name=\"twitter:data1\" content=\"Jorge Rodrigues Pacheco\" \/>\n\t<meta name=\"twitter:label2\" content=\"Est. tempo de leitura\" \/>\n\t<meta name=\"twitter:data2\" content=\"4 minutos\" \/>\n<script type=\"application\/ld+json\" class=\"yoast-schema-graph\">{\"@context\":\"https:\/\/schema.org\",\"@graph\":[{\"@type\":\"Article\",\"@id\":\"https:\/\/jornalfatosenoticias.com.br\/index.php\/2020\/08\/17\/no-hipodromo-politico-comecou-a-corrida-das-proximas-eleicoes\/#article\",\"isPartOf\":{\"@id\":\"https:\/\/jornalfatosenoticias.com.br\/index.php\/2020\/08\/17\/no-hipodromo-politico-comecou-a-corrida-das-proximas-eleicoes\/\"},\"author\":{\"name\":\"Jorge Rodrigues Pacheco\",\"@id\":\"https:\/\/jornalfatosenoticias.com.br\/#\/schema\/person\/14f3ce803c6ccf68a7d8fd0ab749dbb4\"},\"headline\":\"No hip\u00f3dromo pol\u00edtico come\u00e7ou a corrida das pr\u00f3ximas elei\u00e7\u00f5es\",\"datePublished\":\"2020-08-17T17:04:02+00:00\",\"dateModified\":\"2020-08-17T17:04:03+00:00\",\"mainEntityOfPage\":{\"@id\":\"https:\/\/jornalfatosenoticias.com.br\/index.php\/2020\/08\/17\/no-hipodromo-politico-comecou-a-corrida-das-proximas-eleicoes\/\"},\"wordCount\":811,\"commentCount\":0,\"publisher\":{\"@id\":\"https:\/\/jornalfatosenoticias.com.br\/#organization\"},\"image\":{\"@id\":\"https:\/\/jornalfatosenoticias.com.br\/index.php\/2020\/08\/17\/no-hipodromo-politico-comecou-a-corrida-das-proximas-eleicoes\/#primaryimage\"},\"thumbnailUrl\":\"https:\/\/jornalfatosenoticias.com.br\/wp-content\/uploads\/2020\/08\/vidigal.jpg\",\"keywords\":[\"corrida eleitoral\",\"Elei\u00e7\u00f5es 2020\",\"Fundo Eleitoral\",\"partidos pol\u00edticos\",\"TSE\"],\"articleSection\":[\"Pol\u00edtica\"],\"inLanguage\":\"pt-BR\",\"potentialAction\":[{\"@type\":\"CommentAction\",\"name\":\"Comment\",\"target\":[\"https:\/\/jornalfatosenoticias.com.br\/index.php\/2020\/08\/17\/no-hipodromo-politico-comecou-a-corrida-das-proximas-eleicoes\/#respond\"]}]},{\"@type\":\"WebPage\",\"@id\":\"https:\/\/jornalfatosenoticias.com.br\/index.php\/2020\/08\/17\/no-hipodromo-politico-comecou-a-corrida-das-proximas-eleicoes\/\",\"url\":\"https:\/\/jornalfatosenoticias.com.br\/index.php\/2020\/08\/17\/no-hipodromo-politico-comecou-a-corrida-das-proximas-eleicoes\/\",\"name\":\"No hip\u00f3dromo pol\u00edtico come\u00e7ou a corrida das pr\u00f3ximas elei\u00e7\u00f5es - Jornal Fatos e Not\u00edcias\",\"isPartOf\":{\"@id\":\"https:\/\/jornalfatosenoticias.com.br\/#website\"},\"primaryImageOfPage\":{\"@id\":\"https:\/\/jornalfatosenoticias.com.br\/index.php\/2020\/08\/17\/no-hipodromo-politico-comecou-a-corrida-das-proximas-eleicoes\/#primaryimage\"},\"image\":{\"@id\":\"https:\/\/jornalfatosenoticias.com.br\/index.php\/2020\/08\/17\/no-hipodromo-politico-comecou-a-corrida-das-proximas-eleicoes\/#primaryimage\"},\"thumbnailUrl\":\"https:\/\/jornalfatosenoticias.com.br\/wp-content\/uploads\/2020\/08\/vidigal.jpg\",\"datePublished\":\"2020-08-17T17:04:02+00:00\",\"dateModified\":\"2020-08-17T17:04:03+00:00\",\"breadcrumb\":{\"@id\":\"https:\/\/jornalfatosenoticias.com.br\/index.php\/2020\/08\/17\/no-hipodromo-politico-comecou-a-corrida-das-proximas-eleicoes\/#breadcrumb\"},\"inLanguage\":\"pt-BR\",\"potentialAction\":[{\"@type\":\"ReadAction\",\"target\":[\"https:\/\/jornalfatosenoticias.com.br\/index.php\/2020\/08\/17\/no-hipodromo-politico-comecou-a-corrida-das-proximas-eleicoes\/\"]}]},{\"@type\":\"ImageObject\",\"inLanguage\":\"pt-BR\",\"@id\":\"https:\/\/jornalfatosenoticias.com.br\/index.php\/2020\/08\/17\/no-hipodromo-politico-comecou-a-corrida-das-proximas-eleicoes\/#primaryimage\",\"url\":\"https:\/\/jornalfatosenoticias.com.br\/wp-content\/uploads\/2020\/08\/vidigal.jpg\",\"contentUrl\":\"https:\/\/jornalfatosenoticias.com.br\/wp-content\/uploads\/2020\/08\/vidigal.jpg\",\"width\":1000,\"height\":666},{\"@type\":\"BreadcrumbList\",\"@id\":\"https:\/\/jornalfatosenoticias.com.br\/index.php\/2020\/08\/17\/no-hipodromo-politico-comecou-a-corrida-das-proximas-eleicoes\/#breadcrumb\",\"itemListElement\":[{\"@type\":\"ListItem\",\"position\":1,\"name\":\"In\u00edcio\",\"item\":\"https:\/\/jornalfatosenoticias.com.br\/\"},{\"@type\":\"ListItem\",\"position\":2,\"name\":\"No hip\u00f3dromo pol\u00edtico come\u00e7ou a corrida das pr\u00f3ximas elei\u00e7\u00f5es\"}]},{\"@type\":\"WebSite\",\"@id\":\"https:\/\/jornalfatosenoticias.com.br\/#website\",\"url\":\"https:\/\/jornalfatosenoticias.com.br\/\",\"name\":\"Jornal Fatos e Not\u00edcias\",\"description\":\"Not\u00edcias em geral\",\"publisher\":{\"@id\":\"https:\/\/jornalfatosenoticias.com.br\/#organization\"},\"potentialAction\":[{\"@type\":\"SearchAction\",\"target\":{\"@type\":\"EntryPoint\",\"urlTemplate\":\"https:\/\/jornalfatosenoticias.com.br\/?s={search_term_string}\"},\"query-input\":{\"@type\":\"PropertyValueSpecification\",\"valueRequired\":true,\"valueName\":\"search_term_string\"}}],\"inLanguage\":\"pt-BR\"},{\"@type\":\"Organization\",\"@id\":\"https:\/\/jornalfatosenoticias.com.br\/#organization\",\"name\":\"Jornal Fatos e Not\u00edcias\",\"url\":\"https:\/\/jornalfatosenoticias.com.br\/\",\"logo\":{\"@type\":\"ImageObject\",\"inLanguage\":\"pt-BR\",\"@id\":\"https:\/\/jornalfatosenoticias.com.br\/#\/schema\/logo\/image\/\",\"url\":\"https:\/\/jornalfatosenoticias.com.br\/wp-content\/uploads\/2020\/02\/logo120.png\",\"contentUrl\":\"https:\/\/jornalfatosenoticias.com.br\/wp-content\/uploads\/2020\/02\/logo120.png\",\"width\":1227,\"height\":120,\"caption\":\"Jornal Fatos e Not\u00edcias\"},\"image\":{\"@id\":\"https:\/\/jornalfatosenoticias.com.br\/#\/schema\/logo\/image\/\"}},{\"@type\":\"Person\",\"@id\":\"https:\/\/jornalfatosenoticias.com.br\/#\/schema\/person\/14f3ce803c6ccf68a7d8fd0ab749dbb4\",\"name\":\"Jorge Rodrigues Pacheco\",\"image\":{\"@type\":\"ImageObject\",\"inLanguage\":\"pt-BR\",\"@id\":\"https:\/\/jornalfatosenoticias.com.br\/#\/schema\/person\/image\/\",\"url\":\"https:\/\/jornalfatosenoticias.com.br\/wp-content\/uploads\/2020\/02\/Pacheco-2-150x150.png\",\"contentUrl\":\"https:\/\/jornalfatosenoticias.com.br\/wp-content\/uploads\/2020\/02\/Pacheco-2-150x150.png\",\"caption\":\"Jorge Rodrigues Pacheco\"},\"description\":\"Analista pol\u00edtica Advogado, Jornalista e Radialista\",\"url\":\"https:\/\/jornalfatosenoticias.com.br\/index.php\/author\/jorge\/\"}]}<\/script>\n<!-- \/ Yoast SEO plugin. -->","yoast_head_json":{"title":"No hip\u00f3dromo pol\u00edtico come\u00e7ou a corrida das pr\u00f3ximas elei\u00e7\u00f5es - Jornal Fatos e Not\u00edcias","robots":{"index":"index","follow":"follow","max-snippet":"max-snippet:-1","max-image-preview":"max-image-preview:large","max-video-preview":"max-video-preview:-1"},"canonical":"https:\/\/jornalfatosenoticias.com.br\/index.php\/2020\/08\/17\/no-hipodromo-politico-comecou-a-corrida-das-proximas-eleicoes\/","og_locale":"pt_BR","og_type":"article","og_title":"No hip\u00f3dromo pol\u00edtico come\u00e7ou a corrida das pr\u00f3ximas elei\u00e7\u00f5es - Jornal Fatos e Not\u00edcias","og_description":"O TSE ter\u00e1 que definir a cota do FEFC e caber\u00e1 a cada partido, mediante solicita\u00e7\u00e3o de uma das legendas \u00c9 Isso A\u00ed mesmo! O tempo \u00e9 curto e \u201celes\u201d est\u00e3o feito loucos na ansiedade de confirmarem seus nomes como candidatos nos diversos partidos. Ah sim! Alguns est\u00e3o esnobando partidos e tentando confirma\u00e7\u00f5es solos, ser\u00e1 [&hellip;]","og_url":"https:\/\/jornalfatosenoticias.com.br\/index.php\/2020\/08\/17\/no-hipodromo-politico-comecou-a-corrida-das-proximas-eleicoes\/","og_site_name":"Jornal Fatos e Not\u00edcias","article_published_time":"2020-08-17T17:04:02+00:00","article_modified_time":"2020-08-17T17:04:03+00:00","og_image":[{"width":1000,"height":666,"url":"https:\/\/jornalfatosenoticias.com.br\/wp-content\/uploads\/2020\/08\/vidigal.jpg","type":"image\/jpeg"}],"author":"Jorge Rodrigues Pacheco","twitter_card":"summary_large_image","twitter_misc":{"Escrito por":"Jorge Rodrigues Pacheco","Est. tempo de leitura":"4 minutos"},"schema":{"@context":"https:\/\/schema.org","@graph":[{"@type":"Article","@id":"https:\/\/jornalfatosenoticias.com.br\/index.php\/2020\/08\/17\/no-hipodromo-politico-comecou-a-corrida-das-proximas-eleicoes\/#article","isPartOf":{"@id":"https:\/\/jornalfatosenoticias.com.br\/index.php\/2020\/08\/17\/no-hipodromo-politico-comecou-a-corrida-das-proximas-eleicoes\/"},"author":{"name":"Jorge Rodrigues Pacheco","@id":"https:\/\/jornalfatosenoticias.com.br\/#\/schema\/person\/14f3ce803c6ccf68a7d8fd0ab749dbb4"},"headline":"No hip\u00f3dromo pol\u00edtico come\u00e7ou a corrida das pr\u00f3ximas elei\u00e7\u00f5es","datePublished":"2020-08-17T17:04:02+00:00","dateModified":"2020-08-17T17:04:03+00:00","mainEntityOfPage":{"@id":"https:\/\/jornalfatosenoticias.com.br\/index.php\/2020\/08\/17\/no-hipodromo-politico-comecou-a-corrida-das-proximas-eleicoes\/"},"wordCount":811,"commentCount":0,"publisher":{"@id":"https:\/\/jornalfatosenoticias.com.br\/#organization"},"image":{"@id":"https:\/\/jornalfatosenoticias.com.br\/index.php\/2020\/08\/17\/no-hipodromo-politico-comecou-a-corrida-das-proximas-eleicoes\/#primaryimage"},"thumbnailUrl":"https:\/\/jornalfatosenoticias.com.br\/wp-content\/uploads\/2020\/08\/vidigal.jpg","keywords":["corrida eleitoral","Elei\u00e7\u00f5es 2020","Fundo Eleitoral","partidos pol\u00edticos","TSE"],"articleSection":["Pol\u00edtica"],"inLanguage":"pt-BR","potentialAction":[{"@type":"CommentAction","name":"Comment","target":["https:\/\/jornalfatosenoticias.com.br\/index.php\/2020\/08\/17\/no-hipodromo-politico-comecou-a-corrida-das-proximas-eleicoes\/#respond"]}]},{"@type":"WebPage","@id":"https:\/\/jornalfatosenoticias.com.br\/index.php\/2020\/08\/17\/no-hipodromo-politico-comecou-a-corrida-das-proximas-eleicoes\/","url":"https:\/\/jornalfatosenoticias.com.br\/index.php\/2020\/08\/17\/no-hipodromo-politico-comecou-a-corrida-das-proximas-eleicoes\/","name":"No hip\u00f3dromo pol\u00edtico come\u00e7ou a corrida das pr\u00f3ximas elei\u00e7\u00f5es - Jornal Fatos e Not\u00edcias","isPartOf":{"@id":"https:\/\/jornalfatosenoticias.com.br\/#website"},"primaryImageOfPage":{"@id":"https:\/\/jornalfatosenoticias.com.br\/index.php\/2020\/08\/17\/no-hipodromo-politico-comecou-a-corrida-das-proximas-eleicoes\/#primaryimage"},"image":{"@id":"https:\/\/jornalfatosenoticias.com.br\/index.php\/2020\/08\/17\/no-hipodromo-politico-comecou-a-corrida-das-proximas-eleicoes\/#primaryimage"},"thumbnailUrl":"https:\/\/jornalfatosenoticias.com.br\/wp-content\/uploads\/2020\/08\/vidigal.jpg","datePublished":"2020-08-17T17:04:02+00:00","dateModified":"2020-08-17T17:04:03+00:00","breadcrumb":{"@id":"https:\/\/jornalfatosenoticias.com.br\/index.php\/2020\/08\/17\/no-hipodromo-politico-comecou-a-corrida-das-proximas-eleicoes\/#breadcrumb"},"inLanguage":"pt-BR","potentialAction":[{"@type":"ReadAction","target":["https:\/\/jornalfatosenoticias.com.br\/index.php\/2020\/08\/17\/no-hipodromo-politico-comecou-a-corrida-das-proximas-eleicoes\/"]}]},{"@type":"ImageObject","inLanguage":"pt-BR","@id":"https:\/\/jornalfatosenoticias.com.br\/index.php\/2020\/08\/17\/no-hipodromo-politico-comecou-a-corrida-das-proximas-eleicoes\/#primaryimage","url":"https:\/\/jornalfatosenoticias.com.br\/wp-content\/uploads\/2020\/08\/vidigal.jpg","contentUrl":"https:\/\/jornalfatosenoticias.com.br\/wp-content\/uploads\/2020\/08\/vidigal.jpg","width":1000,"height":666},{"@type":"BreadcrumbList","@id":"https:\/\/jornalfatosenoticias.com.br\/index.php\/2020\/08\/17\/no-hipodromo-politico-comecou-a-corrida-das-proximas-eleicoes\/#breadcrumb","itemListElement":[{"@type":"ListItem","position":1,"name":"In\u00edcio","item":"https:\/\/jornalfatosenoticias.com.br\/"},{"@type":"ListItem","position":2,"name":"No hip\u00f3dromo pol\u00edtico come\u00e7ou a corrida das pr\u00f3ximas elei\u00e7\u00f5es"}]},{"@type":"WebSite","@id":"https:\/\/jornalfatosenoticias.com.br\/#website","url":"https:\/\/jornalfatosenoticias.com.br\/","name":"Jornal Fatos e Not\u00edcias","description":"Not\u00edcias em geral","publisher":{"@id":"https:\/\/jornalfatosenoticias.com.br\/#organization"},"potentialAction":[{"@type":"SearchAction","target":{"@type":"EntryPoint","urlTemplate":"https:\/\/jornalfatosenoticias.com.br\/?s={search_term_string}"},"query-input":{"@type":"PropertyValueSpecification","valueRequired":true,"valueName":"search_term_string"}}],"inLanguage":"pt-BR"},{"@type":"Organization","@id":"https:\/\/jornalfatosenoticias.com.br\/#organization","name":"Jornal Fatos e Not\u00edcias","url":"https:\/\/jornalfatosenoticias.com.br\/","logo":{"@type":"ImageObject","inLanguage":"pt-BR","@id":"https:\/\/jornalfatosenoticias.com.br\/#\/schema\/logo\/image\/","url":"https:\/\/jornalfatosenoticias.com.br\/wp-content\/uploads\/2020\/02\/logo120.png","contentUrl":"https:\/\/jornalfatosenoticias.com.br\/wp-content\/uploads\/2020\/02\/logo120.png","width":1227,"height":120,"caption":"Jornal Fatos e Not\u00edcias"},"image":{"@id":"https:\/\/jornalfatosenoticias.com.br\/#\/schema\/logo\/image\/"}},{"@type":"Person","@id":"https:\/\/jornalfatosenoticias.com.br\/#\/schema\/person\/14f3ce803c6ccf68a7d8fd0ab749dbb4","name":"Jorge Rodrigues Pacheco","image":{"@type":"ImageObject","inLanguage":"pt-BR","@id":"https:\/\/jornalfatosenoticias.com.br\/#\/schema\/person\/image\/","url":"https:\/\/jornalfatosenoticias.com.br\/wp-content\/uploads\/2020\/02\/Pacheco-2-150x150.png","contentUrl":"https:\/\/jornalfatosenoticias.com.br\/wp-content\/uploads\/2020\/02\/Pacheco-2-150x150.png","caption":"Jorge Rodrigues Pacheco"},"description":"Analista pol\u00edtica Advogado, Jornalista e Radialista","url":"https:\/\/jornalfatosenoticias.com.br\/index.php\/author\/jorge\/"}]}},"cc_featured_image_caption":{"caption_text":"(Foto: Reprodu\u00e7\u00e3o internet)","source_text":"","source_url":""},"jetpack_featured_media_url":"https:\/\/jornalfatosenoticias.com.br\/wp-content\/uploads\/2020\/08\/vidigal.jpg","_links":{"self":[{"href":"https:\/\/jornalfatosenoticias.com.br\/index.php\/wp-json\/wp\/v2\/posts\/7762","targetHints":{"allow":["GET"]}}],"collection":[{"href":"https:\/\/jornalfatosenoticias.com.br\/index.php\/wp-json\/wp\/v2\/posts"}],"about":[{"href":"https:\/\/jornalfatosenoticias.com.br\/index.php\/wp-json\/wp\/v2\/types\/post"}],"author":[{"embeddable":true,"href":"https:\/\/jornalfatosenoticias.com.br\/index.php\/wp-json\/wp\/v2\/users\/6"}],"replies":[{"embeddable":true,"href":"https:\/\/jornalfatosenoticias.com.br\/index.php\/wp-json\/wp\/v2\/comments?post=7762"}],"version-history":[{"count":0,"href":"https:\/\/jornalfatosenoticias.com.br\/index.php\/wp-json\/wp\/v2\/posts\/7762\/revisions"}],"wp:featuredmedia":[{"embeddable":true,"href":"https:\/\/jornalfatosenoticias.com.br\/index.php\/wp-json\/wp\/v2\/media\/7763"}],"wp:attachment":[{"href":"https:\/\/jornalfatosenoticias.com.br\/index.php\/wp-json\/wp\/v2\/media?parent=7762"}],"wp:term":[{"taxonomy":"category","embeddable":true,"href":"https:\/\/jornalfatosenoticias.com.br\/index.php\/wp-json\/wp\/v2\/categories?post=7762"},{"taxonomy":"post_tag","embeddable":true,"href":"https:\/\/jornalfatosenoticias.com.br\/index.php\/wp-json\/wp\/v2\/tags?post=7762"}],"curies":[{"name":"wp","href":"https:\/\/api.w.org\/{rel}","templated":true}]}}