{"id":7805,"date":"2020-08-18T13:28:21","date_gmt":"2020-08-18T16:28:21","guid":{"rendered":"https:\/\/jornalfatosenoticias.com.br\/?p=7805"},"modified":"2020-08-18T13:28:23","modified_gmt":"2020-08-18T16:28:23","slug":"sao-jose-dos-campos-tera-linha-verde-com-onibus-articulado-eletrico","status":"publish","type":"post","link":"https:\/\/jornalfatosenoticias.com.br\/index.php\/2020\/08\/18\/sao-jose-dos-campos-tera-linha-verde-com-onibus-articulado-eletrico\/","title":{"rendered":"S\u00e3o Jos\u00e9 dos Campos ter\u00e1 linha verde com \u00f4nibus articulado el\u00e9trico"},"content":{"rendered":"\n<h6 class=\"wp-block-heading\"><em>Ve\u00edculos 100% el\u00e9tricos n\u00e3o emitem gases causadores do efeito estufa e fazem parte de projeto pela melhoria da qualidade do ar e do tr\u00e2nsito<\/em><\/h6>\n\n\n\n<p>A Prefeitura de S\u00e3o Jos\u00e9 dos Campos (SP) apresentou, no \u00faltimo dia 10 de agosto, o projeto do primeiro articulado el\u00e9trico do Pa\u00eds. O ve\u00edculo ir\u00e1 trafegar pela Linha Verde, corredor sustent\u00e1vel que vai interligar as regi\u00f5es sul e leste \u2014 as mais populosas \u2014 bem como a regi\u00e3o central.<br>Com design arrojado, o modelo da carroceria \u00e9 dedicado a chassis articulados com propuls\u00e3o 100% el\u00e9trica, com zero emiss\u00e3o de gases nocivos, sendo mais econ\u00f4micos, com menor custo de manuten\u00e7\u00e3o e bom desempenho.<br>\u201cS\u00e3o Jos\u00e9 \u00e9 a primeira cidade do Brasil a criar um vi\u00e1rio 100% n\u00e3o poluente, pois entendeu a import\u00e2ncia de adotar \u00f4nibus el\u00e9tricos como um aliado no combate \u00e0s emiss\u00f5es de gases poluentes em larga escala. Al\u00e9m disso, quando a cidade implementa um corredor expresso, ela reorganiza o tr\u00e1fego e tira mais \u00f4nibus a diesel de circula\u00e7\u00e3o, impactando diretamente na sa\u00fade da popula\u00e7\u00e3o\u201d, afirmou, Marcello Von Schneider, diretor da Divis\u00e3o de \u00d4nibus da BYD Brasil, fornecedora dos ve\u00edculos.<\/p>\n\n\n\n<h4 class=\"wp-block-heading\">Conhe\u00e7a o VLP<\/h4>\n\n\n\n<figure class=\"wp-block-image size-large\"><img loading=\"lazy\" decoding=\"async\" width=\"980\" height=\"652\" src=\"https:\/\/jornalfatosenoticias.com.br\/wp-content\/uploads\/2020\/08\/linha-verde-1.jpg\" alt=\"\" class=\"wp-image-7807\" srcset=\"https:\/\/jornalfatosenoticias.com.br\/wp-content\/uploads\/2020\/08\/linha-verde-1.jpg 980w, https:\/\/jornalfatosenoticias.com.br\/wp-content\/uploads\/2020\/08\/linha-verde-1-300x200.jpg 300w, https:\/\/jornalfatosenoticias.com.br\/wp-content\/uploads\/2020\/08\/linha-verde-1-768x511.jpg 768w\" sizes=\"auto, (max-width: 980px) 100vw, 980px\" \/><figcaption><em>Linha verde (Imagem: Divulga\u00e7\u00e3o\/Prefeitura de S\u00e3o Jos\u00e9 dos Campos)<\/em><\/figcaption><\/figure>\n\n\n\n<p>O modelo possui 22 metros de comprimento, baterias de fosfato ferro l\u00edtio (LifePO4), com autonomia de at\u00e9 250 Km com uma carga completa de tr\u00eas horas e capacidade para 168 passageiros, al\u00e9m dos espa\u00e7os para cadeirantes.<br>Os ve\u00edculos trazem ainda sistema UV-C de desinfec\u00e7\u00e3o do ar instalado no ar-condicionado, acabamento com aditivos antimicrobianos nas poltronas, bala\u00fastres e pega-m\u00e3os. Este ser\u00e1 o primeiro sistema urbano oferecendo essas tecnologias de biosseguran\u00e7a, exigidas pela atual Administra\u00e7\u00e3o Municipal na incorpora\u00e7\u00e3o do projeto.<br>\u201cCom essas inova\u00e7\u00f5es, o transporte coletivo de S\u00e3o Jos\u00e9 dos Campos atinge um novo patamar, alinhado \u00e0s necessidades da mobilidade mundial com rela\u00e7\u00e3o \u00e0 prote\u00e7\u00e3o da sa\u00fade dos passageiros\u201d, destacou Rodrigo Pikussa, diretor do Neg\u00f3cio \u00d4nibus da Marcopolo, empresa respons\u00e1vel pela plataforma de biosseguran\u00e7a dos VLP.<br>Os VLPs ter\u00e3o poltronas estofadas com apoio de cabe\u00e7a e entradas USB, monitores instalados no teto, r\u00e1dio e autofalantes, a ilumina\u00e7\u00e3o externa ter\u00e1 far\u00f3is em full led, garantindo maior efici\u00eancia luminosa, al\u00e9m de toda a acessibilidade para cadeirantes.<br>As portas ter\u00e3o v\u00e3o livre facilitando o embarque e desembarque de passageiros, al\u00e9m de um sistema antiesmagamento, que evita que elas fechem quando identificado qualquer movimento pr\u00f3ximo.<br>Para garantir a seguran\u00e7a, os ve\u00edculos ter\u00e3o seis c\u00e2meras de alta defini\u00e7\u00e3o, duas delas com infravermelho. Al\u00e9m disso, os tradicionais espelhos retrovisores ser\u00e3o substitu\u00eddos por duas c\u00e2meras de alta defini\u00e7\u00e3o, que cobrem um campo de vis\u00e3o maior e permitem que os motoristas vejam pontos cegos e tenham facilidade de manobra, aumentando a seguran\u00e7a no tr\u00e2nsito.<\/p>\n\n\n\n<p><strong><em>Fonte: <a href=\"https:\/\/ciclovivo.com.br\/arq-urb\/mobilidade\/sao-jose-dos-campos-tera-linha-verde-com-onibus-articulado-eletrico\/\">CicloVivo<\/a><\/em><\/strong><\/p>\n","protected":false},"excerpt":{"rendered":"<p>Ve\u00edculos 100% el\u00e9tricos n\u00e3o emitem gases causadores do efeito estufa e fazem parte de projeto pela melhoria da qualidade do ar e do tr\u00e2nsito A Prefeitura de S\u00e3o Jos\u00e9 dos Campos (SP) apresentou, no \u00faltimo dia 10 de agosto, o projeto do primeiro articulado el\u00e9trico do Pa\u00eds. O ve\u00edculo ir\u00e1 trafegar pela Linha Verde, corredor [&hellip;]<\/p>\n","protected":false},"author":2,"featured_media":7806,"comment_status":"open","ping_status":"open","sticky":false,"template":"","format":"standard","meta":{"footnotes":""},"categories":[3],"tags":[4383,4384,4382,4385],"class_list":["post-7805","post","type-post","status-publish","format-standard","has-post-thumbnail","hentry","category-tecnologia","tag-articulados","tag-linha-verde","tag-onibus-eletricos","tag-sao-jose-dos-campos"],"yoast_head":"<!-- This site is optimized with the Yoast SEO plugin v26.5 - https:\/\/yoast.com\/wordpress\/plugins\/seo\/ -->\n<title>S\u00e3o Jos\u00e9 dos Campos ter\u00e1 linha verde com \u00f4nibus articulado el\u00e9trico - Jornal Fatos e Not\u00edcias<\/title>\n<meta name=\"robots\" content=\"index, follow, max-snippet:-1, max-image-preview:large, max-video-preview:-1\" \/>\n<link rel=\"canonical\" href=\"https:\/\/jornalfatosenoticias.com.br\/index.php\/2020\/08\/18\/sao-jose-dos-campos-tera-linha-verde-com-onibus-articulado-eletrico\/\" \/>\n<meta property=\"og:locale\" content=\"pt_BR\" \/>\n<meta property=\"og:type\" content=\"article\" \/>\n<meta property=\"og:title\" content=\"S\u00e3o Jos\u00e9 dos Campos ter\u00e1 linha verde com \u00f4nibus articulado el\u00e9trico - Jornal Fatos e Not\u00edcias\" \/>\n<meta property=\"og:description\" content=\"Ve\u00edculos 100% el\u00e9tricos n\u00e3o emitem gases causadores do efeito estufa e fazem parte de projeto pela melhoria da qualidade do ar e do tr\u00e2nsito A Prefeitura de S\u00e3o Jos\u00e9 dos Campos (SP) apresentou, no \u00faltimo dia 10 de agosto, o projeto do primeiro articulado el\u00e9trico do Pa\u00eds. O ve\u00edculo ir\u00e1 trafegar pela Linha Verde, corredor [&hellip;]\" \/>\n<meta property=\"og:url\" content=\"https:\/\/jornalfatosenoticias.com.br\/index.php\/2020\/08\/18\/sao-jose-dos-campos-tera-linha-verde-com-onibus-articulado-eletrico\/\" \/>\n<meta property=\"og:site_name\" content=\"Jornal Fatos e Not\u00edcias\" \/>\n<meta property=\"article:published_time\" content=\"2020-08-18T16:28:21+00:00\" \/>\n<meta property=\"article:modified_time\" content=\"2020-08-18T16:28:23+00:00\" \/>\n<meta property=\"og:image\" content=\"https:\/\/jornalfatosenoticias.com.br\/wp-content\/uploads\/2020\/08\/onibus-eletrico-sao-jose.jpg\" \/>\n\t<meta property=\"og:image:width\" content=\"1000\" \/>\n\t<meta property=\"og:image:height\" content=\"666\" \/>\n\t<meta property=\"og:image:type\" content=\"image\/jpeg\" \/>\n<meta name=\"author\" content=\"Luzimara Fernandes\" \/>\n<meta name=\"twitter:card\" content=\"summary_large_image\" \/>\n<meta name=\"twitter:label1\" content=\"Escrito por\" \/>\n\t<meta name=\"twitter:data1\" content=\"Luzimara Fernandes\" \/>\n\t<meta name=\"twitter:label2\" content=\"Est. tempo de leitura\" \/>\n\t<meta name=\"twitter:data2\" content=\"3 minutos\" \/>\n<script type=\"application\/ld+json\" class=\"yoast-schema-graph\">{\"@context\":\"https:\/\/schema.org\",\"@graph\":[{\"@type\":\"Article\",\"@id\":\"https:\/\/jornalfatosenoticias.com.br\/index.php\/2020\/08\/18\/sao-jose-dos-campos-tera-linha-verde-com-onibus-articulado-eletrico\/#article\",\"isPartOf\":{\"@id\":\"https:\/\/jornalfatosenoticias.com.br\/index.php\/2020\/08\/18\/sao-jose-dos-campos-tera-linha-verde-com-onibus-articulado-eletrico\/\"},\"author\":{\"name\":\"Luzimara Fernandes\",\"@id\":\"https:\/\/jornalfatosenoticias.com.br\/#\/schema\/person\/d63837fa13ac8666eb9e74e0985d6f81\"},\"headline\":\"S\u00e3o Jos\u00e9 dos Campos ter\u00e1 linha verde com \u00f4nibus articulado el\u00e9trico\",\"datePublished\":\"2020-08-18T16:28:21+00:00\",\"dateModified\":\"2020-08-18T16:28:23+00:00\",\"mainEntityOfPage\":{\"@id\":\"https:\/\/jornalfatosenoticias.com.br\/index.php\/2020\/08\/18\/sao-jose-dos-campos-tera-linha-verde-com-onibus-articulado-eletrico\/\"},\"wordCount\":520,\"commentCount\":0,\"publisher\":{\"@id\":\"https:\/\/jornalfatosenoticias.com.br\/#organization\"},\"image\":{\"@id\":\"https:\/\/jornalfatosenoticias.com.br\/index.php\/2020\/08\/18\/sao-jose-dos-campos-tera-linha-verde-com-onibus-articulado-eletrico\/#primaryimage\"},\"thumbnailUrl\":\"https:\/\/jornalfatosenoticias.com.br\/wp-content\/uploads\/2020\/08\/onibus-eletrico-sao-jose.jpg\",\"keywords\":[\"articulados\",\"linha verde\",\"\u00f4nibus el\u00e9tricos\",\"S\u00e3o Jos\u00e9 dos Campos\"],\"articleSection\":[\"Tecnologia &amp; Inova\u00e7\u00e3o\"],\"inLanguage\":\"pt-BR\",\"potentialAction\":[{\"@type\":\"CommentAction\",\"name\":\"Comment\",\"target\":[\"https:\/\/jornalfatosenoticias.com.br\/index.php\/2020\/08\/18\/sao-jose-dos-campos-tera-linha-verde-com-onibus-articulado-eletrico\/#respond\"]}]},{\"@type\":\"WebPage\",\"@id\":\"https:\/\/jornalfatosenoticias.com.br\/index.php\/2020\/08\/18\/sao-jose-dos-campos-tera-linha-verde-com-onibus-articulado-eletrico\/\",\"url\":\"https:\/\/jornalfatosenoticias.com.br\/index.php\/2020\/08\/18\/sao-jose-dos-campos-tera-linha-verde-com-onibus-articulado-eletrico\/\",\"name\":\"S\u00e3o Jos\u00e9 dos Campos ter\u00e1 linha verde com \u00f4nibus articulado el\u00e9trico - Jornal Fatos e Not\u00edcias\",\"isPartOf\":{\"@id\":\"https:\/\/jornalfatosenoticias.com.br\/#website\"},\"primaryImageOfPage\":{\"@id\":\"https:\/\/jornalfatosenoticias.com.br\/index.php\/2020\/08\/18\/sao-jose-dos-campos-tera-linha-verde-com-onibus-articulado-eletrico\/#primaryimage\"},\"image\":{\"@id\":\"https:\/\/jornalfatosenoticias.com.br\/index.php\/2020\/08\/18\/sao-jose-dos-campos-tera-linha-verde-com-onibus-articulado-eletrico\/#primaryimage\"},\"thumbnailUrl\":\"https:\/\/jornalfatosenoticias.com.br\/wp-content\/uploads\/2020\/08\/onibus-eletrico-sao-jose.jpg\",\"datePublished\":\"2020-08-18T16:28:21+00:00\",\"dateModified\":\"2020-08-18T16:28:23+00:00\",\"breadcrumb\":{\"@id\":\"https:\/\/jornalfatosenoticias.com.br\/index.php\/2020\/08\/18\/sao-jose-dos-campos-tera-linha-verde-com-onibus-articulado-eletrico\/#breadcrumb\"},\"inLanguage\":\"pt-BR\",\"potentialAction\":[{\"@type\":\"ReadAction\",\"target\":[\"https:\/\/jornalfatosenoticias.com.br\/index.php\/2020\/08\/18\/sao-jose-dos-campos-tera-linha-verde-com-onibus-articulado-eletrico\/\"]}]},{\"@type\":\"ImageObject\",\"inLanguage\":\"pt-BR\",\"@id\":\"https:\/\/jornalfatosenoticias.com.br\/index.php\/2020\/08\/18\/sao-jose-dos-campos-tera-linha-verde-com-onibus-articulado-eletrico\/#primaryimage\",\"url\":\"https:\/\/jornalfatosenoticias.com.br\/wp-content\/uploads\/2020\/08\/onibus-eletrico-sao-jose.jpg\",\"contentUrl\":\"https:\/\/jornalfatosenoticias.com.br\/wp-content\/uploads\/2020\/08\/onibus-eletrico-sao-jose.jpg\",\"width\":1000,\"height\":666},{\"@type\":\"BreadcrumbList\",\"@id\":\"https:\/\/jornalfatosenoticias.com.br\/index.php\/2020\/08\/18\/sao-jose-dos-campos-tera-linha-verde-com-onibus-articulado-eletrico\/#breadcrumb\",\"itemListElement\":[{\"@type\":\"ListItem\",\"position\":1,\"name\":\"In\u00edcio\",\"item\":\"https:\/\/jornalfatosenoticias.com.br\/\"},{\"@type\":\"ListItem\",\"position\":2,\"name\":\"S\u00e3o Jos\u00e9 dos Campos ter\u00e1 linha verde com \u00f4nibus articulado el\u00e9trico\"}]},{\"@type\":\"WebSite\",\"@id\":\"https:\/\/jornalfatosenoticias.com.br\/#website\",\"url\":\"https:\/\/jornalfatosenoticias.com.br\/\",\"name\":\"Jornal Fatos e Not\u00edcias\",\"description\":\"Not\u00edcias em geral\",\"publisher\":{\"@id\":\"https:\/\/jornalfatosenoticias.com.br\/#organization\"},\"potentialAction\":[{\"@type\":\"SearchAction\",\"target\":{\"@type\":\"EntryPoint\",\"urlTemplate\":\"https:\/\/jornalfatosenoticias.com.br\/?s={search_term_string}\"},\"query-input\":{\"@type\":\"PropertyValueSpecification\",\"valueRequired\":true,\"valueName\":\"search_term_string\"}}],\"inLanguage\":\"pt-BR\"},{\"@type\":\"Organization\",\"@id\":\"https:\/\/jornalfatosenoticias.com.br\/#organization\",\"name\":\"Jornal Fatos e Not\u00edcias\",\"url\":\"https:\/\/jornalfatosenoticias.com.br\/\",\"logo\":{\"@type\":\"ImageObject\",\"inLanguage\":\"pt-BR\",\"@id\":\"https:\/\/jornalfatosenoticias.com.br\/#\/schema\/logo\/image\/\",\"url\":\"https:\/\/jornalfatosenoticias.com.br\/wp-content\/uploads\/2020\/02\/logo120.png\",\"contentUrl\":\"https:\/\/jornalfatosenoticias.com.br\/wp-content\/uploads\/2020\/02\/logo120.png\",\"width\":1227,\"height\":120,\"caption\":\"Jornal Fatos e Not\u00edcias\"},\"image\":{\"@id\":\"https:\/\/jornalfatosenoticias.com.br\/#\/schema\/logo\/image\/\"}},{\"@type\":\"Person\",\"@id\":\"https:\/\/jornalfatosenoticias.com.br\/#\/schema\/person\/d63837fa13ac8666eb9e74e0985d6f81\",\"name\":\"Luzimara Fernandes\",\"image\":{\"@type\":\"ImageObject\",\"inLanguage\":\"pt-BR\",\"@id\":\"https:\/\/jornalfatosenoticias.com.br\/#\/schema\/person\/image\/\",\"url\":\"https:\/\/jornalfatosenoticias.com.br\/wp-content\/uploads\/2025\/05\/EU_portal.jpg\",\"contentUrl\":\"https:\/\/jornalfatosenoticias.com.br\/wp-content\/uploads\/2025\/05\/EU_portal.jpg\",\"caption\":\"Luzimara Fernandes\"},\"description\":\"Jornalista MTB 2358-ES\",\"sameAs\":[\"https:\/\/jornalfatosenoticias.com.br\"],\"url\":\"https:\/\/jornalfatosenoticias.com.br\/index.php\/author\/luzimara\/\"}]}<\/script>\n<!-- \/ Yoast SEO plugin. -->","yoast_head_json":{"title":"S\u00e3o Jos\u00e9 dos Campos ter\u00e1 linha verde com \u00f4nibus articulado el\u00e9trico - Jornal Fatos e Not\u00edcias","robots":{"index":"index","follow":"follow","max-snippet":"max-snippet:-1","max-image-preview":"max-image-preview:large","max-video-preview":"max-video-preview:-1"},"canonical":"https:\/\/jornalfatosenoticias.com.br\/index.php\/2020\/08\/18\/sao-jose-dos-campos-tera-linha-verde-com-onibus-articulado-eletrico\/","og_locale":"pt_BR","og_type":"article","og_title":"S\u00e3o Jos\u00e9 dos Campos ter\u00e1 linha verde com \u00f4nibus articulado el\u00e9trico - Jornal Fatos e Not\u00edcias","og_description":"Ve\u00edculos 100% el\u00e9tricos n\u00e3o emitem gases causadores do efeito estufa e fazem parte de projeto pela melhoria da qualidade do ar e do tr\u00e2nsito A Prefeitura de S\u00e3o Jos\u00e9 dos Campos (SP) apresentou, no \u00faltimo dia 10 de agosto, o projeto do primeiro articulado el\u00e9trico do Pa\u00eds. O ve\u00edculo ir\u00e1 trafegar pela Linha Verde, corredor [&hellip;]","og_url":"https:\/\/jornalfatosenoticias.com.br\/index.php\/2020\/08\/18\/sao-jose-dos-campos-tera-linha-verde-com-onibus-articulado-eletrico\/","og_site_name":"Jornal Fatos e Not\u00edcias","article_published_time":"2020-08-18T16:28:21+00:00","article_modified_time":"2020-08-18T16:28:23+00:00","og_image":[{"width":1000,"height":666,"url":"https:\/\/jornalfatosenoticias.com.br\/wp-content\/uploads\/2020\/08\/onibus-eletrico-sao-jose.jpg","type":"image\/jpeg"}],"author":"Luzimara Fernandes","twitter_card":"summary_large_image","twitter_misc":{"Escrito por":"Luzimara Fernandes","Est. tempo de leitura":"3 minutos"},"schema":{"@context":"https:\/\/schema.org","@graph":[{"@type":"Article","@id":"https:\/\/jornalfatosenoticias.com.br\/index.php\/2020\/08\/18\/sao-jose-dos-campos-tera-linha-verde-com-onibus-articulado-eletrico\/#article","isPartOf":{"@id":"https:\/\/jornalfatosenoticias.com.br\/index.php\/2020\/08\/18\/sao-jose-dos-campos-tera-linha-verde-com-onibus-articulado-eletrico\/"},"author":{"name":"Luzimara Fernandes","@id":"https:\/\/jornalfatosenoticias.com.br\/#\/schema\/person\/d63837fa13ac8666eb9e74e0985d6f81"},"headline":"S\u00e3o Jos\u00e9 dos Campos ter\u00e1 linha verde com \u00f4nibus articulado el\u00e9trico","datePublished":"2020-08-18T16:28:21+00:00","dateModified":"2020-08-18T16:28:23+00:00","mainEntityOfPage":{"@id":"https:\/\/jornalfatosenoticias.com.br\/index.php\/2020\/08\/18\/sao-jose-dos-campos-tera-linha-verde-com-onibus-articulado-eletrico\/"},"wordCount":520,"commentCount":0,"publisher":{"@id":"https:\/\/jornalfatosenoticias.com.br\/#organization"},"image":{"@id":"https:\/\/jornalfatosenoticias.com.br\/index.php\/2020\/08\/18\/sao-jose-dos-campos-tera-linha-verde-com-onibus-articulado-eletrico\/#primaryimage"},"thumbnailUrl":"https:\/\/jornalfatosenoticias.com.br\/wp-content\/uploads\/2020\/08\/onibus-eletrico-sao-jose.jpg","keywords":["articulados","linha verde","\u00f4nibus el\u00e9tricos","S\u00e3o Jos\u00e9 dos Campos"],"articleSection":["Tecnologia &amp; Inova\u00e7\u00e3o"],"inLanguage":"pt-BR","potentialAction":[{"@type":"CommentAction","name":"Comment","target":["https:\/\/jornalfatosenoticias.com.br\/index.php\/2020\/08\/18\/sao-jose-dos-campos-tera-linha-verde-com-onibus-articulado-eletrico\/#respond"]}]},{"@type":"WebPage","@id":"https:\/\/jornalfatosenoticias.com.br\/index.php\/2020\/08\/18\/sao-jose-dos-campos-tera-linha-verde-com-onibus-articulado-eletrico\/","url":"https:\/\/jornalfatosenoticias.com.br\/index.php\/2020\/08\/18\/sao-jose-dos-campos-tera-linha-verde-com-onibus-articulado-eletrico\/","name":"S\u00e3o Jos\u00e9 dos Campos ter\u00e1 linha verde com \u00f4nibus articulado el\u00e9trico - Jornal Fatos e Not\u00edcias","isPartOf":{"@id":"https:\/\/jornalfatosenoticias.com.br\/#website"},"primaryImageOfPage":{"@id":"https:\/\/jornalfatosenoticias.com.br\/index.php\/2020\/08\/18\/sao-jose-dos-campos-tera-linha-verde-com-onibus-articulado-eletrico\/#primaryimage"},"image":{"@id":"https:\/\/jornalfatosenoticias.com.br\/index.php\/2020\/08\/18\/sao-jose-dos-campos-tera-linha-verde-com-onibus-articulado-eletrico\/#primaryimage"},"thumbnailUrl":"https:\/\/jornalfatosenoticias.com.br\/wp-content\/uploads\/2020\/08\/onibus-eletrico-sao-jose.jpg","datePublished":"2020-08-18T16:28:21+00:00","dateModified":"2020-08-18T16:28:23+00:00","breadcrumb":{"@id":"https:\/\/jornalfatosenoticias.com.br\/index.php\/2020\/08\/18\/sao-jose-dos-campos-tera-linha-verde-com-onibus-articulado-eletrico\/#breadcrumb"},"inLanguage":"pt-BR","potentialAction":[{"@type":"ReadAction","target":["https:\/\/jornalfatosenoticias.com.br\/index.php\/2020\/08\/18\/sao-jose-dos-campos-tera-linha-verde-com-onibus-articulado-eletrico\/"]}]},{"@type":"ImageObject","inLanguage":"pt-BR","@id":"https:\/\/jornalfatosenoticias.com.br\/index.php\/2020\/08\/18\/sao-jose-dos-campos-tera-linha-verde-com-onibus-articulado-eletrico\/#primaryimage","url":"https:\/\/jornalfatosenoticias.com.br\/wp-content\/uploads\/2020\/08\/onibus-eletrico-sao-jose.jpg","contentUrl":"https:\/\/jornalfatosenoticias.com.br\/wp-content\/uploads\/2020\/08\/onibus-eletrico-sao-jose.jpg","width":1000,"height":666},{"@type":"BreadcrumbList","@id":"https:\/\/jornalfatosenoticias.com.br\/index.php\/2020\/08\/18\/sao-jose-dos-campos-tera-linha-verde-com-onibus-articulado-eletrico\/#breadcrumb","itemListElement":[{"@type":"ListItem","position":1,"name":"In\u00edcio","item":"https:\/\/jornalfatosenoticias.com.br\/"},{"@type":"ListItem","position":2,"name":"S\u00e3o Jos\u00e9 dos Campos ter\u00e1 linha verde com \u00f4nibus articulado el\u00e9trico"}]},{"@type":"WebSite","@id":"https:\/\/jornalfatosenoticias.com.br\/#website","url":"https:\/\/jornalfatosenoticias.com.br\/","name":"Jornal Fatos e Not\u00edcias","description":"Not\u00edcias em geral","publisher":{"@id":"https:\/\/jornalfatosenoticias.com.br\/#organization"},"potentialAction":[{"@type":"SearchAction","target":{"@type":"EntryPoint","urlTemplate":"https:\/\/jornalfatosenoticias.com.br\/?s={search_term_string}"},"query-input":{"@type":"PropertyValueSpecification","valueRequired":true,"valueName":"search_term_string"}}],"inLanguage":"pt-BR"},{"@type":"Organization","@id":"https:\/\/jornalfatosenoticias.com.br\/#organization","name":"Jornal Fatos e Not\u00edcias","url":"https:\/\/jornalfatosenoticias.com.br\/","logo":{"@type":"ImageObject","inLanguage":"pt-BR","@id":"https:\/\/jornalfatosenoticias.com.br\/#\/schema\/logo\/image\/","url":"https:\/\/jornalfatosenoticias.com.br\/wp-content\/uploads\/2020\/02\/logo120.png","contentUrl":"https:\/\/jornalfatosenoticias.com.br\/wp-content\/uploads\/2020\/02\/logo120.png","width":1227,"height":120,"caption":"Jornal Fatos e Not\u00edcias"},"image":{"@id":"https:\/\/jornalfatosenoticias.com.br\/#\/schema\/logo\/image\/"}},{"@type":"Person","@id":"https:\/\/jornalfatosenoticias.com.br\/#\/schema\/person\/d63837fa13ac8666eb9e74e0985d6f81","name":"Luzimara Fernandes","image":{"@type":"ImageObject","inLanguage":"pt-BR","@id":"https:\/\/jornalfatosenoticias.com.br\/#\/schema\/person\/image\/","url":"https:\/\/jornalfatosenoticias.com.br\/wp-content\/uploads\/2025\/05\/EU_portal.jpg","contentUrl":"https:\/\/jornalfatosenoticias.com.br\/wp-content\/uploads\/2025\/05\/EU_portal.jpg","caption":"Luzimara Fernandes"},"description":"Jornalista MTB 2358-ES","sameAs":["https:\/\/jornalfatosenoticias.com.br"],"url":"https:\/\/jornalfatosenoticias.com.br\/index.php\/author\/luzimara\/"}]}},"cc_featured_image_caption":{"caption_text":"(Foto: Divulga\u00e7\u00e3o\/Marcopolo)","source_text":"","source_url":""},"jetpack_featured_media_url":"https:\/\/jornalfatosenoticias.com.br\/wp-content\/uploads\/2020\/08\/onibus-eletrico-sao-jose.jpg","_links":{"self":[{"href":"https:\/\/jornalfatosenoticias.com.br\/index.php\/wp-json\/wp\/v2\/posts\/7805","targetHints":{"allow":["GET"]}}],"collection":[{"href":"https:\/\/jornalfatosenoticias.com.br\/index.php\/wp-json\/wp\/v2\/posts"}],"about":[{"href":"https:\/\/jornalfatosenoticias.com.br\/index.php\/wp-json\/wp\/v2\/types\/post"}],"author":[{"embeddable":true,"href":"https:\/\/jornalfatosenoticias.com.br\/index.php\/wp-json\/wp\/v2\/users\/2"}],"replies":[{"embeddable":true,"href":"https:\/\/jornalfatosenoticias.com.br\/index.php\/wp-json\/wp\/v2\/comments?post=7805"}],"version-history":[{"count":0,"href":"https:\/\/jornalfatosenoticias.com.br\/index.php\/wp-json\/wp\/v2\/posts\/7805\/revisions"}],"wp:featuredmedia":[{"embeddable":true,"href":"https:\/\/jornalfatosenoticias.com.br\/index.php\/wp-json\/wp\/v2\/media\/7806"}],"wp:attachment":[{"href":"https:\/\/jornalfatosenoticias.com.br\/index.php\/wp-json\/wp\/v2\/media?parent=7805"}],"wp:term":[{"taxonomy":"category","embeddable":true,"href":"https:\/\/jornalfatosenoticias.com.br\/index.php\/wp-json\/wp\/v2\/categories?post=7805"},{"taxonomy":"post_tag","embeddable":true,"href":"https:\/\/jornalfatosenoticias.com.br\/index.php\/wp-json\/wp\/v2\/tags?post=7805"}],"curies":[{"name":"wp","href":"https:\/\/api.w.org\/{rel}","templated":true}]}}