{"id":7857,"date":"2020-08-19T10:43:48","date_gmt":"2020-08-19T13:43:48","guid":{"rendered":"https:\/\/jornalfatosenoticias.com.br\/?p=7857"},"modified":"2020-08-19T10:43:50","modified_gmt":"2020-08-19T13:43:50","slug":"uma-das-aves-mais-raras-do-mundo-esta-mais-ameacada-do-que-se-pensava","status":"publish","type":"post","link":"https:\/\/jornalfatosenoticias.com.br\/index.php\/2020\/08\/19\/uma-das-aves-mais-raras-do-mundo-esta-mais-ameacada-do-que-se-pensava\/","title":{"rendered":"Uma das aves mais raras do mundo est\u00e1 mais amea\u00e7ada do que se pensava"},"content":{"rendered":"\n<h6 class=\"wp-block-heading\"><em>Estudo mostra que, apesar dos esfor\u00e7os de preserva\u00e7\u00e3o, sobreviv\u00eancia de periquitos-de-ventre-laranja caiu de 51% para 20% nas \u00faltimas d\u00e9cadas<\/em><\/h6>\n\n\n\n<p>Um estudo liderado por pesquisadores da Universidade Nacional da Austr\u00e1lia mostra que, mesmo ap\u00f3s d\u00e9cadas de esfor\u00e7os, preservar o periquito-de-ventre-laranja, um dos p\u00e1ssaros mais raros do mundo, ainda \u00e9 um desafio.<br>Por muitos anos, iniciativas de preserva\u00e7\u00e3o na \u00e1rea de reprodu\u00e7\u00e3o do animal, na Tasm\u00e2nia, conseguiram aumentar as taxas de procria\u00e7\u00e3o da ave na natureza. Ainda assim, 80% dos periquitos-de-ventre-laranja jovens nascidos em seu \u00fanico criadouro da regi\u00e3o morrem durante o per\u00edodo de migra\u00e7\u00e3o e de inverno.<br>&#8220;Nossos resultados s\u00e3o muito preocupantes&#8221;, disse Dejan Stojanovic, autor principal do artigo publicado em maio na Emu: Austral Ornithology, em comunicado. &#8220;Descobrimos que, ao longo do tempo, a sobreviv\u00eancia das aves juvenis caiu de 51% em 1995 para apenas 20% nos \u00faltimos anos&#8221;.<br>Para chegar a essas conclus\u00f5es, os pesquisadores usaram dados coletados ao longo de 22 anos pelo Departamento de Ind\u00fastrias Prim\u00e1rias, Parques, \u00c1gua e Meio Ambiente (DPIPWE) da Tasm\u00e2nia.<br><\/p>\n\n\n\n<blockquote class=\"wp-block-quote is-layout-flow wp-block-quote-is-layout-flow\"><p>&#8220;Embora mais periquitos-de-ventre-laranja nas\u00e7am na natureza como resultado dos esfor\u00e7os de recupera\u00e7\u00e3o na Tasm\u00e2nia, esses benef\u00edcios s\u00e3o reduzidos por amea\u00e7as durante a migra\u00e7\u00e3o e o inverno, que n\u00e3o s\u00e3o identificadas ou abordadas&#8221;, afirma Shannon Troy, bi\u00f3loga, coautora da pesquisa e l\u00edder do programa de preserva\u00e7\u00e3o do periquito-de-ventre-laranja da DPIPWE.<\/p><\/blockquote>\n\n\n\n<p>Os cientistas suspeitam que as maiores dificuldades encontradas pelas aves sejam no trecho de migra\u00e7\u00e3o do Estreito de Bass, que separa a ilha da Tasm\u00e2nia do restante da Austr\u00e1lia. Com um bando reduzido de aves, os periquitos-de-ventre-laranja sofrem durante a travessia e, no inverno, t\u00eam dificuldade de encontrar abrigo no estado de Victoria.<br>&#8220;Determinar por que os p\u00e1ssaros n\u00e3o sobrevivem \u00e0 migra\u00e7\u00e3o e ao inverno \u00e9 parte da solu\u00e7\u00e3o para prevenir a extin\u00e7\u00e3o, que pode ser inevit\u00e1vel a longo prazo se esses problemas n\u00e3o puderem ser resolvidos&#8221;, afirma Troy.<br>Os periquitos-de-ventre-laranja est\u00e3o criticamente amea\u00e7ados, ou seja, na \u00faltima etapa antes da extin\u00e7\u00e3o. Em 2016, por exemplo, apenas tr\u00eas f\u00eameas conseguiram retornar aos criadouros ap\u00f3s a migra\u00e7\u00e3o. Mesmo que a quantidade tenha aumentado nos anos seguintes, chegando a 13 f\u00eameas em 2019, o tamanho total da popula\u00e7\u00e3o dessa esp\u00e9cie \u00e9 muito pequeno.<br>\u201cA Austr\u00e1lia tem uma das piores taxas de extin\u00e7\u00e3o do mundo e nosso estudo mostra que corrigir d\u00e9cadas de decl\u00ednio populacional de papagaios-de-barriga-alaranjada \u00e9 extremamente dif\u00edcil e, apesar de nossos melhores esfor\u00e7os, pode n\u00e3o ter sucesso\u201d, afirma Stojanovic. &#8220;Esperamos que nosso estudo incentive outros a pensarem holisticamente sobre a maneira como implementamos esfor\u00e7os de conserva\u00e7\u00e3o para esp\u00e9cies migrat\u00f3rias, de modo que um bom trabalho feito em um momento e lugar espec\u00edfico n\u00e3o seja desfeito quando os animais migram&#8221;.<\/p>\n\n\n\n<p><strong><em>Fonte: <a href=\"https:\/\/revistagalileu.globo.com\/Ciencia\/Biologia\/noticia\/2020\/08\/uma-das-aves-mais-raras-do-mundo-esta-mais-ameacada-do-que-se-pensava.html\">Revista Galileu<\/a><\/em><\/strong><\/p>\n","protected":false},"excerpt":{"rendered":"<p>Estudo mostra que, apesar dos esfor\u00e7os de preserva\u00e7\u00e3o, sobreviv\u00eancia de periquitos-de-ventre-laranja caiu de 51% para 20% nas \u00faltimas d\u00e9cadas Um estudo liderado por pesquisadores da Universidade Nacional da Austr\u00e1lia mostra que, mesmo ap\u00f3s d\u00e9cadas de esfor\u00e7os, preservar o periquito-de-ventre-laranja, um dos p\u00e1ssaros mais raros do mundo, ainda \u00e9 um desafio.Por muitos anos, iniciativas de preserva\u00e7\u00e3o [&hellip;]<\/p>\n","protected":false},"author":2,"featured_media":7858,"comment_status":"open","ping_status":"open","sticky":false,"template":"","format":"standard","meta":{"footnotes":""},"categories":[8],"tags":[3016,1375,4411,2766],"class_list":["post-7857","post","type-post","status-publish","format-standard","has-post-thumbnail","hentry","category-meio-ambiente","tag-ameaca-de-extincao","tag-australia","tag-periquito-de-ventre-laranja","tag-tasmania"],"yoast_head":"<!-- This site is optimized with the Yoast SEO plugin v26.5 - https:\/\/yoast.com\/wordpress\/plugins\/seo\/ -->\n<title>Uma das aves mais raras do mundo est\u00e1 mais amea\u00e7ada do que se pensava - Jornal Fatos e Not\u00edcias<\/title>\n<meta name=\"robots\" content=\"index, follow, max-snippet:-1, max-image-preview:large, max-video-preview:-1\" \/>\n<link rel=\"canonical\" href=\"https:\/\/jornalfatosenoticias.com.br\/index.php\/2020\/08\/19\/uma-das-aves-mais-raras-do-mundo-esta-mais-ameacada-do-que-se-pensava\/\" \/>\n<meta property=\"og:locale\" content=\"pt_BR\" \/>\n<meta property=\"og:type\" content=\"article\" \/>\n<meta property=\"og:title\" content=\"Uma das aves mais raras do mundo est\u00e1 mais amea\u00e7ada do que se pensava - Jornal Fatos e Not\u00edcias\" \/>\n<meta property=\"og:description\" content=\"Estudo mostra que, apesar dos esfor\u00e7os de preserva\u00e7\u00e3o, sobreviv\u00eancia de periquitos-de-ventre-laranja caiu de 51% para 20% nas \u00faltimas d\u00e9cadas Um estudo liderado por pesquisadores da Universidade Nacional da Austr\u00e1lia mostra que, mesmo ap\u00f3s d\u00e9cadas de esfor\u00e7os, preservar o periquito-de-ventre-laranja, um dos p\u00e1ssaros mais raros do mundo, ainda \u00e9 um desafio.Por muitos anos, iniciativas de preserva\u00e7\u00e3o [&hellip;]\" \/>\n<meta property=\"og:url\" content=\"https:\/\/jornalfatosenoticias.com.br\/index.php\/2020\/08\/19\/uma-das-aves-mais-raras-do-mundo-esta-mais-ameacada-do-que-se-pensava\/\" \/>\n<meta property=\"og:site_name\" content=\"Jornal Fatos e Not\u00edcias\" \/>\n<meta property=\"article:published_time\" content=\"2020-08-19T13:43:48+00:00\" \/>\n<meta property=\"article:modified_time\" content=\"2020-08-19T13:43:50+00:00\" \/>\n<meta property=\"og:image\" content=\"https:\/\/jornalfatosenoticias.com.br\/wp-content\/uploads\/2020\/08\/periquito-de-ventre-laranja.jpg\" \/>\n\t<meta property=\"og:image:width\" content=\"1000\" \/>\n\t<meta property=\"og:image:height\" content=\"562\" \/>\n\t<meta property=\"og:image:type\" content=\"image\/jpeg\" \/>\n<meta name=\"author\" content=\"Luzimara Fernandes\" \/>\n<meta name=\"twitter:card\" content=\"summary_large_image\" \/>\n<meta name=\"twitter:label1\" content=\"Escrito por\" \/>\n\t<meta name=\"twitter:data1\" content=\"Luzimara Fernandes\" \/>\n\t<meta name=\"twitter:label2\" content=\"Est. tempo de leitura\" \/>\n\t<meta name=\"twitter:data2\" content=\"2 minutos\" \/>\n<script type=\"application\/ld+json\" class=\"yoast-schema-graph\">{\"@context\":\"https:\/\/schema.org\",\"@graph\":[{\"@type\":\"Article\",\"@id\":\"https:\/\/jornalfatosenoticias.com.br\/index.php\/2020\/08\/19\/uma-das-aves-mais-raras-do-mundo-esta-mais-ameacada-do-que-se-pensava\/#article\",\"isPartOf\":{\"@id\":\"https:\/\/jornalfatosenoticias.com.br\/index.php\/2020\/08\/19\/uma-das-aves-mais-raras-do-mundo-esta-mais-ameacada-do-que-se-pensava\/\"},\"author\":{\"name\":\"Luzimara Fernandes\",\"@id\":\"https:\/\/jornalfatosenoticias.com.br\/#\/schema\/person\/d63837fa13ac8666eb9e74e0985d6f81\"},\"headline\":\"Uma das aves mais raras do mundo est\u00e1 mais amea\u00e7ada do que se pensava\",\"datePublished\":\"2020-08-19T13:43:48+00:00\",\"dateModified\":\"2020-08-19T13:43:50+00:00\",\"mainEntityOfPage\":{\"@id\":\"https:\/\/jornalfatosenoticias.com.br\/index.php\/2020\/08\/19\/uma-das-aves-mais-raras-do-mundo-esta-mais-ameacada-do-que-se-pensava\/\"},\"wordCount\":507,\"commentCount\":0,\"publisher\":{\"@id\":\"https:\/\/jornalfatosenoticias.com.br\/#organization\"},\"image\":{\"@id\":\"https:\/\/jornalfatosenoticias.com.br\/index.php\/2020\/08\/19\/uma-das-aves-mais-raras-do-mundo-esta-mais-ameacada-do-que-se-pensava\/#primaryimage\"},\"thumbnailUrl\":\"https:\/\/jornalfatosenoticias.com.br\/wp-content\/uploads\/2020\/08\/periquito-de-ventre-laranja.jpg\",\"keywords\":[\"amea\u00e7a de extin\u00e7\u00e3o\",\"Austr\u00e1lia\",\"periquito-de-ventre-laranja\",\"Tasm\u00e2nia\"],\"articleSection\":[\"Meio ambiente\"],\"inLanguage\":\"pt-BR\",\"potentialAction\":[{\"@type\":\"CommentAction\",\"name\":\"Comment\",\"target\":[\"https:\/\/jornalfatosenoticias.com.br\/index.php\/2020\/08\/19\/uma-das-aves-mais-raras-do-mundo-esta-mais-ameacada-do-que-se-pensava\/#respond\"]}]},{\"@type\":\"WebPage\",\"@id\":\"https:\/\/jornalfatosenoticias.com.br\/index.php\/2020\/08\/19\/uma-das-aves-mais-raras-do-mundo-esta-mais-ameacada-do-que-se-pensava\/\",\"url\":\"https:\/\/jornalfatosenoticias.com.br\/index.php\/2020\/08\/19\/uma-das-aves-mais-raras-do-mundo-esta-mais-ameacada-do-que-se-pensava\/\",\"name\":\"Uma das aves mais raras do mundo est\u00e1 mais amea\u00e7ada do que se pensava - Jornal Fatos e Not\u00edcias\",\"isPartOf\":{\"@id\":\"https:\/\/jornalfatosenoticias.com.br\/#website\"},\"primaryImageOfPage\":{\"@id\":\"https:\/\/jornalfatosenoticias.com.br\/index.php\/2020\/08\/19\/uma-das-aves-mais-raras-do-mundo-esta-mais-ameacada-do-que-se-pensava\/#primaryimage\"},\"image\":{\"@id\":\"https:\/\/jornalfatosenoticias.com.br\/index.php\/2020\/08\/19\/uma-das-aves-mais-raras-do-mundo-esta-mais-ameacada-do-que-se-pensava\/#primaryimage\"},\"thumbnailUrl\":\"https:\/\/jornalfatosenoticias.com.br\/wp-content\/uploads\/2020\/08\/periquito-de-ventre-laranja.jpg\",\"datePublished\":\"2020-08-19T13:43:48+00:00\",\"dateModified\":\"2020-08-19T13:43:50+00:00\",\"breadcrumb\":{\"@id\":\"https:\/\/jornalfatosenoticias.com.br\/index.php\/2020\/08\/19\/uma-das-aves-mais-raras-do-mundo-esta-mais-ameacada-do-que-se-pensava\/#breadcrumb\"},\"inLanguage\":\"pt-BR\",\"potentialAction\":[{\"@type\":\"ReadAction\",\"target\":[\"https:\/\/jornalfatosenoticias.com.br\/index.php\/2020\/08\/19\/uma-das-aves-mais-raras-do-mundo-esta-mais-ameacada-do-que-se-pensava\/\"]}]},{\"@type\":\"ImageObject\",\"inLanguage\":\"pt-BR\",\"@id\":\"https:\/\/jornalfatosenoticias.com.br\/index.php\/2020\/08\/19\/uma-das-aves-mais-raras-do-mundo-esta-mais-ameacada-do-que-se-pensava\/#primaryimage\",\"url\":\"https:\/\/jornalfatosenoticias.com.br\/wp-content\/uploads\/2020\/08\/periquito-de-ventre-laranja.jpg\",\"contentUrl\":\"https:\/\/jornalfatosenoticias.com.br\/wp-content\/uploads\/2020\/08\/periquito-de-ventre-laranja.jpg\",\"width\":1000,\"height\":562},{\"@type\":\"BreadcrumbList\",\"@id\":\"https:\/\/jornalfatosenoticias.com.br\/index.php\/2020\/08\/19\/uma-das-aves-mais-raras-do-mundo-esta-mais-ameacada-do-que-se-pensava\/#breadcrumb\",\"itemListElement\":[{\"@type\":\"ListItem\",\"position\":1,\"name\":\"In\u00edcio\",\"item\":\"https:\/\/jornalfatosenoticias.com.br\/\"},{\"@type\":\"ListItem\",\"position\":2,\"name\":\"Uma das aves mais raras do mundo est\u00e1 mais amea\u00e7ada do que se pensava\"}]},{\"@type\":\"WebSite\",\"@id\":\"https:\/\/jornalfatosenoticias.com.br\/#website\",\"url\":\"https:\/\/jornalfatosenoticias.com.br\/\",\"name\":\"Jornal Fatos e Not\u00edcias\",\"description\":\"Not\u00edcias em geral\",\"publisher\":{\"@id\":\"https:\/\/jornalfatosenoticias.com.br\/#organization\"},\"potentialAction\":[{\"@type\":\"SearchAction\",\"target\":{\"@type\":\"EntryPoint\",\"urlTemplate\":\"https:\/\/jornalfatosenoticias.com.br\/?s={search_term_string}\"},\"query-input\":{\"@type\":\"PropertyValueSpecification\",\"valueRequired\":true,\"valueName\":\"search_term_string\"}}],\"inLanguage\":\"pt-BR\"},{\"@type\":\"Organization\",\"@id\":\"https:\/\/jornalfatosenoticias.com.br\/#organization\",\"name\":\"Jornal Fatos e Not\u00edcias\",\"url\":\"https:\/\/jornalfatosenoticias.com.br\/\",\"logo\":{\"@type\":\"ImageObject\",\"inLanguage\":\"pt-BR\",\"@id\":\"https:\/\/jornalfatosenoticias.com.br\/#\/schema\/logo\/image\/\",\"url\":\"https:\/\/jornalfatosenoticias.com.br\/wp-content\/uploads\/2020\/02\/logo120.png\",\"contentUrl\":\"https:\/\/jornalfatosenoticias.com.br\/wp-content\/uploads\/2020\/02\/logo120.png\",\"width\":1227,\"height\":120,\"caption\":\"Jornal Fatos e Not\u00edcias\"},\"image\":{\"@id\":\"https:\/\/jornalfatosenoticias.com.br\/#\/schema\/logo\/image\/\"}},{\"@type\":\"Person\",\"@id\":\"https:\/\/jornalfatosenoticias.com.br\/#\/schema\/person\/d63837fa13ac8666eb9e74e0985d6f81\",\"name\":\"Luzimara Fernandes\",\"image\":{\"@type\":\"ImageObject\",\"inLanguage\":\"pt-BR\",\"@id\":\"https:\/\/jornalfatosenoticias.com.br\/#\/schema\/person\/image\/\",\"url\":\"https:\/\/jornalfatosenoticias.com.br\/wp-content\/uploads\/2025\/05\/EU_portal.jpg\",\"contentUrl\":\"https:\/\/jornalfatosenoticias.com.br\/wp-content\/uploads\/2025\/05\/EU_portal.jpg\",\"caption\":\"Luzimara Fernandes\"},\"description\":\"Jornalista MTB 2358-ES\",\"sameAs\":[\"https:\/\/jornalfatosenoticias.com.br\"],\"url\":\"https:\/\/jornalfatosenoticias.com.br\/index.php\/author\/luzimara\/\"}]}<\/script>\n<!-- \/ Yoast SEO plugin. -->","yoast_head_json":{"title":"Uma das aves mais raras do mundo est\u00e1 mais amea\u00e7ada do que se pensava - Jornal Fatos e Not\u00edcias","robots":{"index":"index","follow":"follow","max-snippet":"max-snippet:-1","max-image-preview":"max-image-preview:large","max-video-preview":"max-video-preview:-1"},"canonical":"https:\/\/jornalfatosenoticias.com.br\/index.php\/2020\/08\/19\/uma-das-aves-mais-raras-do-mundo-esta-mais-ameacada-do-que-se-pensava\/","og_locale":"pt_BR","og_type":"article","og_title":"Uma das aves mais raras do mundo est\u00e1 mais amea\u00e7ada do que se pensava - Jornal Fatos e Not\u00edcias","og_description":"Estudo mostra que, apesar dos esfor\u00e7os de preserva\u00e7\u00e3o, sobreviv\u00eancia de periquitos-de-ventre-laranja caiu de 51% para 20% nas \u00faltimas d\u00e9cadas Um estudo liderado por pesquisadores da Universidade Nacional da Austr\u00e1lia mostra que, mesmo ap\u00f3s d\u00e9cadas de esfor\u00e7os, preservar o periquito-de-ventre-laranja, um dos p\u00e1ssaros mais raros do mundo, ainda \u00e9 um desafio.Por muitos anos, iniciativas de preserva\u00e7\u00e3o [&hellip;]","og_url":"https:\/\/jornalfatosenoticias.com.br\/index.php\/2020\/08\/19\/uma-das-aves-mais-raras-do-mundo-esta-mais-ameacada-do-que-se-pensava\/","og_site_name":"Jornal Fatos e Not\u00edcias","article_published_time":"2020-08-19T13:43:48+00:00","article_modified_time":"2020-08-19T13:43:50+00:00","og_image":[{"width":1000,"height":562,"url":"https:\/\/jornalfatosenoticias.com.br\/wp-content\/uploads\/2020\/08\/periquito-de-ventre-laranja.jpg","type":"image\/jpeg"}],"author":"Luzimara Fernandes","twitter_card":"summary_large_image","twitter_misc":{"Escrito por":"Luzimara Fernandes","Est. tempo de leitura":"2 minutos"},"schema":{"@context":"https:\/\/schema.org","@graph":[{"@type":"Article","@id":"https:\/\/jornalfatosenoticias.com.br\/index.php\/2020\/08\/19\/uma-das-aves-mais-raras-do-mundo-esta-mais-ameacada-do-que-se-pensava\/#article","isPartOf":{"@id":"https:\/\/jornalfatosenoticias.com.br\/index.php\/2020\/08\/19\/uma-das-aves-mais-raras-do-mundo-esta-mais-ameacada-do-que-se-pensava\/"},"author":{"name":"Luzimara Fernandes","@id":"https:\/\/jornalfatosenoticias.com.br\/#\/schema\/person\/d63837fa13ac8666eb9e74e0985d6f81"},"headline":"Uma das aves mais raras do mundo est\u00e1 mais amea\u00e7ada do que se pensava","datePublished":"2020-08-19T13:43:48+00:00","dateModified":"2020-08-19T13:43:50+00:00","mainEntityOfPage":{"@id":"https:\/\/jornalfatosenoticias.com.br\/index.php\/2020\/08\/19\/uma-das-aves-mais-raras-do-mundo-esta-mais-ameacada-do-que-se-pensava\/"},"wordCount":507,"commentCount":0,"publisher":{"@id":"https:\/\/jornalfatosenoticias.com.br\/#organization"},"image":{"@id":"https:\/\/jornalfatosenoticias.com.br\/index.php\/2020\/08\/19\/uma-das-aves-mais-raras-do-mundo-esta-mais-ameacada-do-que-se-pensava\/#primaryimage"},"thumbnailUrl":"https:\/\/jornalfatosenoticias.com.br\/wp-content\/uploads\/2020\/08\/periquito-de-ventre-laranja.jpg","keywords":["amea\u00e7a de extin\u00e7\u00e3o","Austr\u00e1lia","periquito-de-ventre-laranja","Tasm\u00e2nia"],"articleSection":["Meio ambiente"],"inLanguage":"pt-BR","potentialAction":[{"@type":"CommentAction","name":"Comment","target":["https:\/\/jornalfatosenoticias.com.br\/index.php\/2020\/08\/19\/uma-das-aves-mais-raras-do-mundo-esta-mais-ameacada-do-que-se-pensava\/#respond"]}]},{"@type":"WebPage","@id":"https:\/\/jornalfatosenoticias.com.br\/index.php\/2020\/08\/19\/uma-das-aves-mais-raras-do-mundo-esta-mais-ameacada-do-que-se-pensava\/","url":"https:\/\/jornalfatosenoticias.com.br\/index.php\/2020\/08\/19\/uma-das-aves-mais-raras-do-mundo-esta-mais-ameacada-do-que-se-pensava\/","name":"Uma das aves mais raras do mundo est\u00e1 mais amea\u00e7ada do que se pensava - Jornal Fatos e Not\u00edcias","isPartOf":{"@id":"https:\/\/jornalfatosenoticias.com.br\/#website"},"primaryImageOfPage":{"@id":"https:\/\/jornalfatosenoticias.com.br\/index.php\/2020\/08\/19\/uma-das-aves-mais-raras-do-mundo-esta-mais-ameacada-do-que-se-pensava\/#primaryimage"},"image":{"@id":"https:\/\/jornalfatosenoticias.com.br\/index.php\/2020\/08\/19\/uma-das-aves-mais-raras-do-mundo-esta-mais-ameacada-do-que-se-pensava\/#primaryimage"},"thumbnailUrl":"https:\/\/jornalfatosenoticias.com.br\/wp-content\/uploads\/2020\/08\/periquito-de-ventre-laranja.jpg","datePublished":"2020-08-19T13:43:48+00:00","dateModified":"2020-08-19T13:43:50+00:00","breadcrumb":{"@id":"https:\/\/jornalfatosenoticias.com.br\/index.php\/2020\/08\/19\/uma-das-aves-mais-raras-do-mundo-esta-mais-ameacada-do-que-se-pensava\/#breadcrumb"},"inLanguage":"pt-BR","potentialAction":[{"@type":"ReadAction","target":["https:\/\/jornalfatosenoticias.com.br\/index.php\/2020\/08\/19\/uma-das-aves-mais-raras-do-mundo-esta-mais-ameacada-do-que-se-pensava\/"]}]},{"@type":"ImageObject","inLanguage":"pt-BR","@id":"https:\/\/jornalfatosenoticias.com.br\/index.php\/2020\/08\/19\/uma-das-aves-mais-raras-do-mundo-esta-mais-ameacada-do-que-se-pensava\/#primaryimage","url":"https:\/\/jornalfatosenoticias.com.br\/wp-content\/uploads\/2020\/08\/periquito-de-ventre-laranja.jpg","contentUrl":"https:\/\/jornalfatosenoticias.com.br\/wp-content\/uploads\/2020\/08\/periquito-de-ventre-laranja.jpg","width":1000,"height":562},{"@type":"BreadcrumbList","@id":"https:\/\/jornalfatosenoticias.com.br\/index.php\/2020\/08\/19\/uma-das-aves-mais-raras-do-mundo-esta-mais-ameacada-do-que-se-pensava\/#breadcrumb","itemListElement":[{"@type":"ListItem","position":1,"name":"In\u00edcio","item":"https:\/\/jornalfatosenoticias.com.br\/"},{"@type":"ListItem","position":2,"name":"Uma das aves mais raras do mundo est\u00e1 mais amea\u00e7ada do que se pensava"}]},{"@type":"WebSite","@id":"https:\/\/jornalfatosenoticias.com.br\/#website","url":"https:\/\/jornalfatosenoticias.com.br\/","name":"Jornal Fatos e Not\u00edcias","description":"Not\u00edcias em geral","publisher":{"@id":"https:\/\/jornalfatosenoticias.com.br\/#organization"},"potentialAction":[{"@type":"SearchAction","target":{"@type":"EntryPoint","urlTemplate":"https:\/\/jornalfatosenoticias.com.br\/?s={search_term_string}"},"query-input":{"@type":"PropertyValueSpecification","valueRequired":true,"valueName":"search_term_string"}}],"inLanguage":"pt-BR"},{"@type":"Organization","@id":"https:\/\/jornalfatosenoticias.com.br\/#organization","name":"Jornal Fatos e Not\u00edcias","url":"https:\/\/jornalfatosenoticias.com.br\/","logo":{"@type":"ImageObject","inLanguage":"pt-BR","@id":"https:\/\/jornalfatosenoticias.com.br\/#\/schema\/logo\/image\/","url":"https:\/\/jornalfatosenoticias.com.br\/wp-content\/uploads\/2020\/02\/logo120.png","contentUrl":"https:\/\/jornalfatosenoticias.com.br\/wp-content\/uploads\/2020\/02\/logo120.png","width":1227,"height":120,"caption":"Jornal Fatos e Not\u00edcias"},"image":{"@id":"https:\/\/jornalfatosenoticias.com.br\/#\/schema\/logo\/image\/"}},{"@type":"Person","@id":"https:\/\/jornalfatosenoticias.com.br\/#\/schema\/person\/d63837fa13ac8666eb9e74e0985d6f81","name":"Luzimara Fernandes","image":{"@type":"ImageObject","inLanguage":"pt-BR","@id":"https:\/\/jornalfatosenoticias.com.br\/#\/schema\/person\/image\/","url":"https:\/\/jornalfatosenoticias.com.br\/wp-content\/uploads\/2025\/05\/EU_portal.jpg","contentUrl":"https:\/\/jornalfatosenoticias.com.br\/wp-content\/uploads\/2025\/05\/EU_portal.jpg","caption":"Luzimara Fernandes"},"description":"Jornalista MTB 2358-ES","sameAs":["https:\/\/jornalfatosenoticias.com.br"],"url":"https:\/\/jornalfatosenoticias.com.br\/index.php\/author\/luzimara\/"}]}},"cc_featured_image_caption":{"caption_text":"(Universidade Nacional da Austr\u00e1lia)","source_text":"","source_url":""},"jetpack_featured_media_url":"https:\/\/jornalfatosenoticias.com.br\/wp-content\/uploads\/2020\/08\/periquito-de-ventre-laranja.jpg","_links":{"self":[{"href":"https:\/\/jornalfatosenoticias.com.br\/index.php\/wp-json\/wp\/v2\/posts\/7857","targetHints":{"allow":["GET"]}}],"collection":[{"href":"https:\/\/jornalfatosenoticias.com.br\/index.php\/wp-json\/wp\/v2\/posts"}],"about":[{"href":"https:\/\/jornalfatosenoticias.com.br\/index.php\/wp-json\/wp\/v2\/types\/post"}],"author":[{"embeddable":true,"href":"https:\/\/jornalfatosenoticias.com.br\/index.php\/wp-json\/wp\/v2\/users\/2"}],"replies":[{"embeddable":true,"href":"https:\/\/jornalfatosenoticias.com.br\/index.php\/wp-json\/wp\/v2\/comments?post=7857"}],"version-history":[{"count":0,"href":"https:\/\/jornalfatosenoticias.com.br\/index.php\/wp-json\/wp\/v2\/posts\/7857\/revisions"}],"wp:featuredmedia":[{"embeddable":true,"href":"https:\/\/jornalfatosenoticias.com.br\/index.php\/wp-json\/wp\/v2\/media\/7858"}],"wp:attachment":[{"href":"https:\/\/jornalfatosenoticias.com.br\/index.php\/wp-json\/wp\/v2\/media?parent=7857"}],"wp:term":[{"taxonomy":"category","embeddable":true,"href":"https:\/\/jornalfatosenoticias.com.br\/index.php\/wp-json\/wp\/v2\/categories?post=7857"},{"taxonomy":"post_tag","embeddable":true,"href":"https:\/\/jornalfatosenoticias.com.br\/index.php\/wp-json\/wp\/v2\/tags?post=7857"}],"curies":[{"name":"wp","href":"https:\/\/api.w.org\/{rel}","templated":true}]}}