{"id":7931,"date":"2020-08-21T15:05:13","date_gmt":"2020-08-21T18:05:13","guid":{"rendered":"https:\/\/jornalfatosenoticias.com.br\/?p=7931"},"modified":"2020-08-21T15:05:15","modified_gmt":"2020-08-21T18:05:15","slug":"86-dos-pais-querem-que-ano-letivo-atual-continue-em-2021-revela-pesquisa","status":"publish","type":"post","link":"https:\/\/jornalfatosenoticias.com.br\/index.php\/2020\/08\/21\/86-dos-pais-querem-que-ano-letivo-atual-continue-em-2021-revela-pesquisa\/","title":{"rendered":"86% dos pais querem que ano letivo atual continue em 2021, revela pesquisa"},"content":{"rendered":"\n<p>N\u00e3o \u00e9 apenas o risco de cont\u00e1gio por coronav\u00edrus que aflige pais e m\u00e3es de alunos prestes a retornarem \u00e0s salas de aula em todo o Pa\u00eds. A medida em que o ano letivo avan\u00e7a, uma d\u00favida relacionada ao ensino tamb\u00e9m se alastra: \u201co quanto meu filho aprendeu durante a pandemia?\u201d A resposta \u00e9 complexa e depende de uma s\u00e9rie de fatores \u2014 do acesso ao conte\u00fado ao grau de comprometimento com os estudos \u2014 mas \u00e9 praticamente consenso que as aulas a dist\u00e2ncia diminu\u00edram o rendimento escolar. Uma pesquisa, encomendada pela Funda\u00e7\u00e3o Lemann, Ita\u00fa Social e Imaginable Futures ao Instituto DataFolha, obtida com exclusividade por Veja, joga luz sobre esse e outros questionamentos e mostra que os respons\u00e1veis pelas crian\u00e7as e adolescentes querem garantir que nenhum conte\u00fado fique para tr\u00e1s. Nada menos que 86% dos entrevistados defendem a continuidade do aprendizado previsto para 2020 durante o ano que vem.<br>\u201cSeriam anos h\u00edbridos. O aluno progride, mas faz o quarto ano junto com quinto, por exemplo\u201d, explica Denis Mizne, presidente da Funda\u00e7\u00e3o Lemann. \u201cA reprova\u00e7\u00e3o de todo mundo n\u00e3o faz sentido. Tem um custo alt\u00edssimo para o sistema, aumenta a evas\u00e3o escolar brutalmente e vai ser muito frustrante diante do esfor\u00e7o de professores, alunos e fam\u00edlias para oferecer alternativas de ensino durante a pandemia\u201d. Outras sugest\u00f5es apontadas como alternativas para o aluno n\u00e3o perder totalmente o ano escolar tiveram ades\u00e3o dos pais acima de 70%. S\u00e3o elas: continuidade das atividades virtuais em casa, em conjunto com as aulas presenciais (92%); aulas aos s\u00e1bados (76%); aulas em dias alternados, enquanto as restri\u00e7\u00f5es da quarentena ainda prosseguem (74%) e ter mais aulas por dia (73%).<br>O levantamento, realizado pelo Datafolha, entre os dias 7 e 15 de julho, ouviu 1.056 pais em todo o Pa\u00eds por telefone, o que corresponde a 1.556 alunos, entre seis e 18 anos de idade, das redes estaduais e municipais de ensino de todas as regi\u00f5es brasileiras. A margem de erro observada foi de tr\u00eas pontos percentuais. A pesquisa \u00e9 a terceira do g\u00eanero realizada pela organiza\u00e7\u00e3o e permite comparar os dados com resultados anteriores.<br>Os n\u00fameros mostram, por exemplo, que a tarefa de repor o conte\u00fado no ano que vem enfrentar\u00e1 grande obst\u00e1culos. Para 48% dos pais, os filhos est\u00e3o menos envolvidos na escola do que no per\u00edodo anterior \u00e0 pandemia e 18% consideram que eles perderam o interesse pelo estudo. A falta de motiva\u00e7\u00e3o passou de 46% em maio para 51% em junho. J\u00e1 a percep\u00e7\u00e3o de que n\u00e3o h\u00e1 evolu\u00e7\u00e3o no aprendizado saltou de 46% para 50%. \u201cN\u00e3o vai dar tempo de cobrir tudo, porque a gente perdeu muitas horas-aula\u201d, diz Mizne. \u201c\u00c9 preciso escolher o que ensinar. Identificar dentro da base nacional comum curricular quais s\u00e3o os pontos inegoci\u00e1veis e prioriz\u00e1-los\u201d, completa.<br>A boa not\u00edcia \u00e9 que as novas tecnologias se mostraram aliadas dos alunos e professores nas salas de aula. Ferramentas como formul\u00e1rios de exerc\u00edcios on-line, controle de presen\u00e7a informatizado e encontros virtuais vieram para ficar. A pesquisa revela que o desafio inicial de oferecer acesso aos conte\u00fados escolares foi cumprido com relativo sucesso: 82% dos alunos receberam atividades pedag\u00f3gicas, sendo que 44% combinam material impresso com algum tipo de equipamento eletr\u00f4nico (celular, computador, TV com acesso \u00e0 internet ou r\u00e1dio). Em maio, o n\u00famero era de 74%.<br>A ideia de que as pessoas matriculadas nas redes p\u00fablicas de ensino n\u00e3o teriam como acessar o material pedag\u00f3gico n\u00e3o se mostrou t\u00e3o verdadeira assim: 95% disseram ter ao menos um aparelho conectado \u00e0 internet e 52% relataram ter quatro ou mais. O meio mais utilizado, de longe, \u00e9 o celular \u2014 72% realizaram as atividades pelo aparelho. Mais da metade dos alunos, 51%, tem celular pr\u00f3prio, enquanto 38% dividem com algu\u00e9m da fam\u00edlia.<br>Em contrapartida, 36% das fam\u00edlias de todo Brasil disseram ainda n\u00e3o contar com conex\u00e3o de banda larga em seus domic\u00edlios. Na regi\u00e3o Norte, o n\u00famero chega a 52%; no Nordeste \u00e9 de 47% e no Centro-Oeste, 43%. Fatores como esse fazem com que o uso da tecnologia nas regi\u00f5es mais afastadas ainda seja um empecilho para educa\u00e7\u00e3o, enquanto 96% dos alunos realizaram algum tipo de atividade no sul do Pa\u00eds, apenas 62% dos estudantes do norte obtiveram o mesmo desempenho.<br>Para os coordenadores da pesquisa, num primeiro momento, a pandemia vai impactar negativamente na educa\u00e7\u00e3o brasileira, mas, ao longo prazo, haver\u00e1 li\u00e7\u00f5es positivas que poder\u00e3o ser extra\u00eddas do complicado ano letivo de 2020. \u201cProvavelmente, a gente vai pegar o Ideb de 2021 e todo mundo vai dizer que o ano foi perdido. Mas eu espero que, em cinco anos, a gente perceba o legado de ter abra\u00e7ado a tecnologia definitivamente ap\u00f3s esse per\u00edodo\u201d, diz Mizne.<\/p>\n\n\n\n<p><strong><em>Fonte: <a href=\"https:\/\/www.msn.com\/pt-br\/noticias\/educacao\/86percent-dos-pais-querem-que-ano-letivo-atual-continue-em-2021-revela-pesquisa\/ar-BB1837Aj\">MSN Not\u00edcias<\/a><\/em><\/strong><\/p>\n","protected":false},"excerpt":{"rendered":"<p>N\u00e3o \u00e9 apenas o risco de cont\u00e1gio por coronav\u00edrus que aflige pais e m\u00e3es de alunos prestes a retornarem \u00e0s salas de aula em todo o Pa\u00eds. A medida em que o ano letivo avan\u00e7a, uma d\u00favida relacionada ao ensino tamb\u00e9m se alastra: \u201co quanto meu filho aprendeu durante a pandemia?\u201d A resposta \u00e9 complexa [&hellip;]<\/p>\n","protected":false},"author":2,"featured_media":7932,"comment_status":"open","ping_status":"open","sticky":false,"template":"","format":"standard","meta":{"footnotes":""},"categories":[7],"tags":[649,2204,73,345,4438],"class_list":["post-7931","post","type-post","status-publish","format-standard","has-post-thumbnail","hentry","category-educacao","tag-alunos","tag-ano-letivo","tag-coronavirus","tag-educacao","tag-pais"],"yoast_head":"<!-- This site is optimized with the Yoast SEO plugin v26.5 - https:\/\/yoast.com\/wordpress\/plugins\/seo\/ -->\n<title>86% dos pais querem que ano letivo atual continue em 2021, revela pesquisa - Jornal Fatos e Not\u00edcias<\/title>\n<meta name=\"robots\" content=\"index, follow, max-snippet:-1, max-image-preview:large, max-video-preview:-1\" \/>\n<link rel=\"canonical\" href=\"https:\/\/jornalfatosenoticias.com.br\/index.php\/2020\/08\/21\/86-dos-pais-querem-que-ano-letivo-atual-continue-em-2021-revela-pesquisa\/\" \/>\n<meta property=\"og:locale\" content=\"pt_BR\" \/>\n<meta property=\"og:type\" content=\"article\" \/>\n<meta property=\"og:title\" content=\"86% dos pais querem que ano letivo atual continue em 2021, revela pesquisa - Jornal Fatos e Not\u00edcias\" \/>\n<meta property=\"og:description\" content=\"N\u00e3o \u00e9 apenas o risco de cont\u00e1gio por coronav\u00edrus que aflige pais e m\u00e3es de alunos prestes a retornarem \u00e0s salas de aula em todo o Pa\u00eds. A medida em que o ano letivo avan\u00e7a, uma d\u00favida relacionada ao ensino tamb\u00e9m se alastra: \u201co quanto meu filho aprendeu durante a pandemia?\u201d A resposta \u00e9 complexa [&hellip;]\" \/>\n<meta property=\"og:url\" content=\"https:\/\/jornalfatosenoticias.com.br\/index.php\/2020\/08\/21\/86-dos-pais-querem-que-ano-letivo-atual-continue-em-2021-revela-pesquisa\/\" \/>\n<meta property=\"og:site_name\" content=\"Jornal Fatos e Not\u00edcias\" \/>\n<meta property=\"article:published_time\" content=\"2020-08-21T18:05:13+00:00\" \/>\n<meta property=\"article:modified_time\" content=\"2020-08-21T18:05:15+00:00\" \/>\n<meta property=\"og:image\" content=\"https:\/\/jornalfatosenoticias.com.br\/wp-content\/uploads\/2020\/08\/PAIS-QUEREM-EXTESNAO-DO-ANO-LETIVO.jpg\" \/>\n\t<meta property=\"og:image:width\" content=\"960\" \/>\n\t<meta property=\"og:image:height\" content=\"639\" \/>\n\t<meta property=\"og:image:type\" content=\"image\/jpeg\" \/>\n<meta name=\"author\" content=\"Luzimara Fernandes\" \/>\n<meta name=\"twitter:card\" content=\"summary_large_image\" \/>\n<meta name=\"twitter:label1\" content=\"Escrito por\" \/>\n\t<meta name=\"twitter:data1\" content=\"Luzimara Fernandes\" \/>\n\t<meta name=\"twitter:label2\" content=\"Est. tempo de leitura\" \/>\n\t<meta name=\"twitter:data2\" content=\"4 minutos\" \/>\n<script type=\"application\/ld+json\" class=\"yoast-schema-graph\">{\"@context\":\"https:\/\/schema.org\",\"@graph\":[{\"@type\":\"Article\",\"@id\":\"https:\/\/jornalfatosenoticias.com.br\/index.php\/2020\/08\/21\/86-dos-pais-querem-que-ano-letivo-atual-continue-em-2021-revela-pesquisa\/#article\",\"isPartOf\":{\"@id\":\"https:\/\/jornalfatosenoticias.com.br\/index.php\/2020\/08\/21\/86-dos-pais-querem-que-ano-letivo-atual-continue-em-2021-revela-pesquisa\/\"},\"author\":{\"name\":\"Luzimara Fernandes\",\"@id\":\"https:\/\/jornalfatosenoticias.com.br\/#\/schema\/person\/d63837fa13ac8666eb9e74e0985d6f81\"},\"headline\":\"86% dos pais querem que ano letivo atual continue em 2021, revela pesquisa\",\"datePublished\":\"2020-08-21T18:05:13+00:00\",\"dateModified\":\"2020-08-21T18:05:15+00:00\",\"mainEntityOfPage\":{\"@id\":\"https:\/\/jornalfatosenoticias.com.br\/index.php\/2020\/08\/21\/86-dos-pais-querem-que-ano-letivo-atual-continue-em-2021-revela-pesquisa\/\"},\"wordCount\":824,\"commentCount\":0,\"publisher\":{\"@id\":\"https:\/\/jornalfatosenoticias.com.br\/#organization\"},\"image\":{\"@id\":\"https:\/\/jornalfatosenoticias.com.br\/index.php\/2020\/08\/21\/86-dos-pais-querem-que-ano-letivo-atual-continue-em-2021-revela-pesquisa\/#primaryimage\"},\"thumbnailUrl\":\"https:\/\/jornalfatosenoticias.com.br\/wp-content\/uploads\/2020\/08\/PAIS-QUEREM-EXTESNAO-DO-ANO-LETIVO.jpg\",\"keywords\":[\"alunos\",\"ano letivo\",\"coronav\u00edrus\",\"educa\u00e7\u00e3o\",\"pais\"],\"articleSection\":[\"Educa\u00e7\u00e3o\"],\"inLanguage\":\"pt-BR\",\"potentialAction\":[{\"@type\":\"CommentAction\",\"name\":\"Comment\",\"target\":[\"https:\/\/jornalfatosenoticias.com.br\/index.php\/2020\/08\/21\/86-dos-pais-querem-que-ano-letivo-atual-continue-em-2021-revela-pesquisa\/#respond\"]}]},{\"@type\":\"WebPage\",\"@id\":\"https:\/\/jornalfatosenoticias.com.br\/index.php\/2020\/08\/21\/86-dos-pais-querem-que-ano-letivo-atual-continue-em-2021-revela-pesquisa\/\",\"url\":\"https:\/\/jornalfatosenoticias.com.br\/index.php\/2020\/08\/21\/86-dos-pais-querem-que-ano-letivo-atual-continue-em-2021-revela-pesquisa\/\",\"name\":\"86% dos pais querem que ano letivo atual continue em 2021, revela pesquisa - Jornal Fatos e Not\u00edcias\",\"isPartOf\":{\"@id\":\"https:\/\/jornalfatosenoticias.com.br\/#website\"},\"primaryImageOfPage\":{\"@id\":\"https:\/\/jornalfatosenoticias.com.br\/index.php\/2020\/08\/21\/86-dos-pais-querem-que-ano-letivo-atual-continue-em-2021-revela-pesquisa\/#primaryimage\"},\"image\":{\"@id\":\"https:\/\/jornalfatosenoticias.com.br\/index.php\/2020\/08\/21\/86-dos-pais-querem-que-ano-letivo-atual-continue-em-2021-revela-pesquisa\/#primaryimage\"},\"thumbnailUrl\":\"https:\/\/jornalfatosenoticias.com.br\/wp-content\/uploads\/2020\/08\/PAIS-QUEREM-EXTESNAO-DO-ANO-LETIVO.jpg\",\"datePublished\":\"2020-08-21T18:05:13+00:00\",\"dateModified\":\"2020-08-21T18:05:15+00:00\",\"breadcrumb\":{\"@id\":\"https:\/\/jornalfatosenoticias.com.br\/index.php\/2020\/08\/21\/86-dos-pais-querem-que-ano-letivo-atual-continue-em-2021-revela-pesquisa\/#breadcrumb\"},\"inLanguage\":\"pt-BR\",\"potentialAction\":[{\"@type\":\"ReadAction\",\"target\":[\"https:\/\/jornalfatosenoticias.com.br\/index.php\/2020\/08\/21\/86-dos-pais-querem-que-ano-letivo-atual-continue-em-2021-revela-pesquisa\/\"]}]},{\"@type\":\"ImageObject\",\"inLanguage\":\"pt-BR\",\"@id\":\"https:\/\/jornalfatosenoticias.com.br\/index.php\/2020\/08\/21\/86-dos-pais-querem-que-ano-letivo-atual-continue-em-2021-revela-pesquisa\/#primaryimage\",\"url\":\"https:\/\/jornalfatosenoticias.com.br\/wp-content\/uploads\/2020\/08\/PAIS-QUEREM-EXTESNAO-DO-ANO-LETIVO.jpg\",\"contentUrl\":\"https:\/\/jornalfatosenoticias.com.br\/wp-content\/uploads\/2020\/08\/PAIS-QUEREM-EXTESNAO-DO-ANO-LETIVO.jpg\",\"width\":960,\"height\":639},{\"@type\":\"BreadcrumbList\",\"@id\":\"https:\/\/jornalfatosenoticias.com.br\/index.php\/2020\/08\/21\/86-dos-pais-querem-que-ano-letivo-atual-continue-em-2021-revela-pesquisa\/#breadcrumb\",\"itemListElement\":[{\"@type\":\"ListItem\",\"position\":1,\"name\":\"In\u00edcio\",\"item\":\"https:\/\/jornalfatosenoticias.com.br\/\"},{\"@type\":\"ListItem\",\"position\":2,\"name\":\"86% dos pais querem que ano letivo atual continue em 2021, revela pesquisa\"}]},{\"@type\":\"WebSite\",\"@id\":\"https:\/\/jornalfatosenoticias.com.br\/#website\",\"url\":\"https:\/\/jornalfatosenoticias.com.br\/\",\"name\":\"Jornal Fatos e Not\u00edcias\",\"description\":\"Not\u00edcias em geral\",\"publisher\":{\"@id\":\"https:\/\/jornalfatosenoticias.com.br\/#organization\"},\"potentialAction\":[{\"@type\":\"SearchAction\",\"target\":{\"@type\":\"EntryPoint\",\"urlTemplate\":\"https:\/\/jornalfatosenoticias.com.br\/?s={search_term_string}\"},\"query-input\":{\"@type\":\"PropertyValueSpecification\",\"valueRequired\":true,\"valueName\":\"search_term_string\"}}],\"inLanguage\":\"pt-BR\"},{\"@type\":\"Organization\",\"@id\":\"https:\/\/jornalfatosenoticias.com.br\/#organization\",\"name\":\"Jornal Fatos e Not\u00edcias\",\"url\":\"https:\/\/jornalfatosenoticias.com.br\/\",\"logo\":{\"@type\":\"ImageObject\",\"inLanguage\":\"pt-BR\",\"@id\":\"https:\/\/jornalfatosenoticias.com.br\/#\/schema\/logo\/image\/\",\"url\":\"https:\/\/jornalfatosenoticias.com.br\/wp-content\/uploads\/2020\/02\/logo120.png\",\"contentUrl\":\"https:\/\/jornalfatosenoticias.com.br\/wp-content\/uploads\/2020\/02\/logo120.png\",\"width\":1227,\"height\":120,\"caption\":\"Jornal Fatos e Not\u00edcias\"},\"image\":{\"@id\":\"https:\/\/jornalfatosenoticias.com.br\/#\/schema\/logo\/image\/\"}},{\"@type\":\"Person\",\"@id\":\"https:\/\/jornalfatosenoticias.com.br\/#\/schema\/person\/d63837fa13ac8666eb9e74e0985d6f81\",\"name\":\"Luzimara Fernandes\",\"image\":{\"@type\":\"ImageObject\",\"inLanguage\":\"pt-BR\",\"@id\":\"https:\/\/jornalfatosenoticias.com.br\/#\/schema\/person\/image\/\",\"url\":\"https:\/\/jornalfatosenoticias.com.br\/wp-content\/uploads\/2025\/05\/EU_portal.jpg\",\"contentUrl\":\"https:\/\/jornalfatosenoticias.com.br\/wp-content\/uploads\/2025\/05\/EU_portal.jpg\",\"caption\":\"Luzimara Fernandes\"},\"description\":\"Jornalista MTB 2358-ES\",\"sameAs\":[\"https:\/\/jornalfatosenoticias.com.br\"],\"url\":\"https:\/\/jornalfatosenoticias.com.br\/index.php\/author\/luzimara\/\"}]}<\/script>\n<!-- \/ Yoast SEO plugin. -->","yoast_head_json":{"title":"86% dos pais querem que ano letivo atual continue em 2021, revela pesquisa - Jornal Fatos e Not\u00edcias","robots":{"index":"index","follow":"follow","max-snippet":"max-snippet:-1","max-image-preview":"max-image-preview:large","max-video-preview":"max-video-preview:-1"},"canonical":"https:\/\/jornalfatosenoticias.com.br\/index.php\/2020\/08\/21\/86-dos-pais-querem-que-ano-letivo-atual-continue-em-2021-revela-pesquisa\/","og_locale":"pt_BR","og_type":"article","og_title":"86% dos pais querem que ano letivo atual continue em 2021, revela pesquisa - Jornal Fatos e Not\u00edcias","og_description":"N\u00e3o \u00e9 apenas o risco de cont\u00e1gio por coronav\u00edrus que aflige pais e m\u00e3es de alunos prestes a retornarem \u00e0s salas de aula em todo o Pa\u00eds. A medida em que o ano letivo avan\u00e7a, uma d\u00favida relacionada ao ensino tamb\u00e9m se alastra: \u201co quanto meu filho aprendeu durante a pandemia?\u201d A resposta \u00e9 complexa [&hellip;]","og_url":"https:\/\/jornalfatosenoticias.com.br\/index.php\/2020\/08\/21\/86-dos-pais-querem-que-ano-letivo-atual-continue-em-2021-revela-pesquisa\/","og_site_name":"Jornal Fatos e Not\u00edcias","article_published_time":"2020-08-21T18:05:13+00:00","article_modified_time":"2020-08-21T18:05:15+00:00","og_image":[{"width":960,"height":639,"url":"https:\/\/jornalfatosenoticias.com.br\/wp-content\/uploads\/2020\/08\/PAIS-QUEREM-EXTESNAO-DO-ANO-LETIVO.jpg","type":"image\/jpeg"}],"author":"Luzimara Fernandes","twitter_card":"summary_large_image","twitter_misc":{"Escrito por":"Luzimara Fernandes","Est. tempo de leitura":"4 minutos"},"schema":{"@context":"https:\/\/schema.org","@graph":[{"@type":"Article","@id":"https:\/\/jornalfatosenoticias.com.br\/index.php\/2020\/08\/21\/86-dos-pais-querem-que-ano-letivo-atual-continue-em-2021-revela-pesquisa\/#article","isPartOf":{"@id":"https:\/\/jornalfatosenoticias.com.br\/index.php\/2020\/08\/21\/86-dos-pais-querem-que-ano-letivo-atual-continue-em-2021-revela-pesquisa\/"},"author":{"name":"Luzimara Fernandes","@id":"https:\/\/jornalfatosenoticias.com.br\/#\/schema\/person\/d63837fa13ac8666eb9e74e0985d6f81"},"headline":"86% dos pais querem que ano letivo atual continue em 2021, revela pesquisa","datePublished":"2020-08-21T18:05:13+00:00","dateModified":"2020-08-21T18:05:15+00:00","mainEntityOfPage":{"@id":"https:\/\/jornalfatosenoticias.com.br\/index.php\/2020\/08\/21\/86-dos-pais-querem-que-ano-letivo-atual-continue-em-2021-revela-pesquisa\/"},"wordCount":824,"commentCount":0,"publisher":{"@id":"https:\/\/jornalfatosenoticias.com.br\/#organization"},"image":{"@id":"https:\/\/jornalfatosenoticias.com.br\/index.php\/2020\/08\/21\/86-dos-pais-querem-que-ano-letivo-atual-continue-em-2021-revela-pesquisa\/#primaryimage"},"thumbnailUrl":"https:\/\/jornalfatosenoticias.com.br\/wp-content\/uploads\/2020\/08\/PAIS-QUEREM-EXTESNAO-DO-ANO-LETIVO.jpg","keywords":["alunos","ano letivo","coronav\u00edrus","educa\u00e7\u00e3o","pais"],"articleSection":["Educa\u00e7\u00e3o"],"inLanguage":"pt-BR","potentialAction":[{"@type":"CommentAction","name":"Comment","target":["https:\/\/jornalfatosenoticias.com.br\/index.php\/2020\/08\/21\/86-dos-pais-querem-que-ano-letivo-atual-continue-em-2021-revela-pesquisa\/#respond"]}]},{"@type":"WebPage","@id":"https:\/\/jornalfatosenoticias.com.br\/index.php\/2020\/08\/21\/86-dos-pais-querem-que-ano-letivo-atual-continue-em-2021-revela-pesquisa\/","url":"https:\/\/jornalfatosenoticias.com.br\/index.php\/2020\/08\/21\/86-dos-pais-querem-que-ano-letivo-atual-continue-em-2021-revela-pesquisa\/","name":"86% dos pais querem que ano letivo atual continue em 2021, revela pesquisa - Jornal Fatos e Not\u00edcias","isPartOf":{"@id":"https:\/\/jornalfatosenoticias.com.br\/#website"},"primaryImageOfPage":{"@id":"https:\/\/jornalfatosenoticias.com.br\/index.php\/2020\/08\/21\/86-dos-pais-querem-que-ano-letivo-atual-continue-em-2021-revela-pesquisa\/#primaryimage"},"image":{"@id":"https:\/\/jornalfatosenoticias.com.br\/index.php\/2020\/08\/21\/86-dos-pais-querem-que-ano-letivo-atual-continue-em-2021-revela-pesquisa\/#primaryimage"},"thumbnailUrl":"https:\/\/jornalfatosenoticias.com.br\/wp-content\/uploads\/2020\/08\/PAIS-QUEREM-EXTESNAO-DO-ANO-LETIVO.jpg","datePublished":"2020-08-21T18:05:13+00:00","dateModified":"2020-08-21T18:05:15+00:00","breadcrumb":{"@id":"https:\/\/jornalfatosenoticias.com.br\/index.php\/2020\/08\/21\/86-dos-pais-querem-que-ano-letivo-atual-continue-em-2021-revela-pesquisa\/#breadcrumb"},"inLanguage":"pt-BR","potentialAction":[{"@type":"ReadAction","target":["https:\/\/jornalfatosenoticias.com.br\/index.php\/2020\/08\/21\/86-dos-pais-querem-que-ano-letivo-atual-continue-em-2021-revela-pesquisa\/"]}]},{"@type":"ImageObject","inLanguage":"pt-BR","@id":"https:\/\/jornalfatosenoticias.com.br\/index.php\/2020\/08\/21\/86-dos-pais-querem-que-ano-letivo-atual-continue-em-2021-revela-pesquisa\/#primaryimage","url":"https:\/\/jornalfatosenoticias.com.br\/wp-content\/uploads\/2020\/08\/PAIS-QUEREM-EXTESNAO-DO-ANO-LETIVO.jpg","contentUrl":"https:\/\/jornalfatosenoticias.com.br\/wp-content\/uploads\/2020\/08\/PAIS-QUEREM-EXTESNAO-DO-ANO-LETIVO.jpg","width":960,"height":639},{"@type":"BreadcrumbList","@id":"https:\/\/jornalfatosenoticias.com.br\/index.php\/2020\/08\/21\/86-dos-pais-querem-que-ano-letivo-atual-continue-em-2021-revela-pesquisa\/#breadcrumb","itemListElement":[{"@type":"ListItem","position":1,"name":"In\u00edcio","item":"https:\/\/jornalfatosenoticias.com.br\/"},{"@type":"ListItem","position":2,"name":"86% dos pais querem que ano letivo atual continue em 2021, revela pesquisa"}]},{"@type":"WebSite","@id":"https:\/\/jornalfatosenoticias.com.br\/#website","url":"https:\/\/jornalfatosenoticias.com.br\/","name":"Jornal Fatos e Not\u00edcias","description":"Not\u00edcias em geral","publisher":{"@id":"https:\/\/jornalfatosenoticias.com.br\/#organization"},"potentialAction":[{"@type":"SearchAction","target":{"@type":"EntryPoint","urlTemplate":"https:\/\/jornalfatosenoticias.com.br\/?s={search_term_string}"},"query-input":{"@type":"PropertyValueSpecification","valueRequired":true,"valueName":"search_term_string"}}],"inLanguage":"pt-BR"},{"@type":"Organization","@id":"https:\/\/jornalfatosenoticias.com.br\/#organization","name":"Jornal Fatos e Not\u00edcias","url":"https:\/\/jornalfatosenoticias.com.br\/","logo":{"@type":"ImageObject","inLanguage":"pt-BR","@id":"https:\/\/jornalfatosenoticias.com.br\/#\/schema\/logo\/image\/","url":"https:\/\/jornalfatosenoticias.com.br\/wp-content\/uploads\/2020\/02\/logo120.png","contentUrl":"https:\/\/jornalfatosenoticias.com.br\/wp-content\/uploads\/2020\/02\/logo120.png","width":1227,"height":120,"caption":"Jornal Fatos e Not\u00edcias"},"image":{"@id":"https:\/\/jornalfatosenoticias.com.br\/#\/schema\/logo\/image\/"}},{"@type":"Person","@id":"https:\/\/jornalfatosenoticias.com.br\/#\/schema\/person\/d63837fa13ac8666eb9e74e0985d6f81","name":"Luzimara Fernandes","image":{"@type":"ImageObject","inLanguage":"pt-BR","@id":"https:\/\/jornalfatosenoticias.com.br\/#\/schema\/person\/image\/","url":"https:\/\/jornalfatosenoticias.com.br\/wp-content\/uploads\/2025\/05\/EU_portal.jpg","contentUrl":"https:\/\/jornalfatosenoticias.com.br\/wp-content\/uploads\/2025\/05\/EU_portal.jpg","caption":"Luzimara Fernandes"},"description":"Jornalista MTB 2358-ES","sameAs":["https:\/\/jornalfatosenoticias.com.br"],"url":"https:\/\/jornalfatosenoticias.com.br\/index.php\/author\/luzimara\/"}]}},"cc_featured_image_caption":{"caption_text":"(Foto: Freepik)","source_text":"","source_url":""},"jetpack_featured_media_url":"https:\/\/jornalfatosenoticias.com.br\/wp-content\/uploads\/2020\/08\/PAIS-QUEREM-EXTESNAO-DO-ANO-LETIVO.jpg","_links":{"self":[{"href":"https:\/\/jornalfatosenoticias.com.br\/index.php\/wp-json\/wp\/v2\/posts\/7931","targetHints":{"allow":["GET"]}}],"collection":[{"href":"https:\/\/jornalfatosenoticias.com.br\/index.php\/wp-json\/wp\/v2\/posts"}],"about":[{"href":"https:\/\/jornalfatosenoticias.com.br\/index.php\/wp-json\/wp\/v2\/types\/post"}],"author":[{"embeddable":true,"href":"https:\/\/jornalfatosenoticias.com.br\/index.php\/wp-json\/wp\/v2\/users\/2"}],"replies":[{"embeddable":true,"href":"https:\/\/jornalfatosenoticias.com.br\/index.php\/wp-json\/wp\/v2\/comments?post=7931"}],"version-history":[{"count":0,"href":"https:\/\/jornalfatosenoticias.com.br\/index.php\/wp-json\/wp\/v2\/posts\/7931\/revisions"}],"wp:featuredmedia":[{"embeddable":true,"href":"https:\/\/jornalfatosenoticias.com.br\/index.php\/wp-json\/wp\/v2\/media\/7932"}],"wp:attachment":[{"href":"https:\/\/jornalfatosenoticias.com.br\/index.php\/wp-json\/wp\/v2\/media?parent=7931"}],"wp:term":[{"taxonomy":"category","embeddable":true,"href":"https:\/\/jornalfatosenoticias.com.br\/index.php\/wp-json\/wp\/v2\/categories?post=7931"},{"taxonomy":"post_tag","embeddable":true,"href":"https:\/\/jornalfatosenoticias.com.br\/index.php\/wp-json\/wp\/v2\/tags?post=7931"}],"curies":[{"name":"wp","href":"https:\/\/api.w.org\/{rel}","templated":true}]}}