{"id":8000,"date":"2020-08-24T10:41:30","date_gmt":"2020-08-24T13:41:30","guid":{"rendered":"https:\/\/jornalfatosenoticias.com.br\/?p=8000"},"modified":"2020-08-24T10:41:33","modified_gmt":"2020-08-24T13:41:33","slug":"folhas-de-23-milhoes-de-anos-revelam-altos-niveis-de-carbono-no-passado","status":"publish","type":"post","link":"https:\/\/jornalfatosenoticias.com.br\/index.php\/2020\/08\/24\/folhas-de-23-milhoes-de-anos-revelam-altos-niveis-de-carbono-no-passado\/","title":{"rendered":"Folhas de 23 milh\u00f5es de anos revelam altos n\u00edveis de carbono no passado"},"content":{"rendered":"\n<h6 class=\"wp-block-heading\"><em>Analisando f\u00f3sseis da Nova Zel\u00e2ndia, pesquisadores mostraram que n\u00e3o \u00e9 de hoje que o CO2 vem contribuindo para o aquecimento do planeta<\/em><\/h6>\n\n\n\n<p>Ap\u00f3s analisar as folhas de uma floresta neozelandesa de 23 milh\u00f5es de anos, cientistas da Universidade de Otago, na Nova Zel\u00e2ndia, e da Universidade de Connecticut, nos Estados Unidos, associaram, pela primeira vez, altos n\u00edveis de di\u00f3xido de carbono (CO2) atmosf\u00e9rico com o aumento do crescimento das plantas e o clima quente no planeta. Os resultados foram publicados na revista Climate of the Past.<br>A descoberta contribui para entender como o aumento do CO2 aquece a Terra e como a din\u00e2mica da vida das plantas pode mudar dentro de d\u00e9cadas, quando os n\u00edveis de di\u00f3xido de carbono podem chegar perto aos de milh\u00f5es de anos atr\u00e1s.<br>Os pesquisadores coletaram folhas de uma regi\u00e3o da Nova Zel\u00e2ndia que cont\u00eam resqu\u00edcios de plantas, algas, aranhas, besouros, moscas, fungos e outros seres vivos de um per\u00edodo quente conhecido como in\u00edcio do Mioceno \u2014 entre 23 e 5,3 milh\u00f5es de anos atr\u00e1s. Antes do estudo, j\u00e1 se acreditava que o CO2 era alto naquela \u00e9poca, e algumas plantas poderiam colet\u00e1-lo com mais efici\u00eancia para realizar a fotoss\u00edntese.<br>Os estudiosos analisaram os is\u00f3topos de carbono nas folhas de seis esp\u00e9cies de \u00e1rvores encontradas no na regi\u00e3o e conseguiram identificar o teor de carbono da atmosfera naquele per\u00edodo. Eles descobriram que os n\u00edveis de CO2 atmosf\u00e9rico n\u00e3o eram de 300 partes por milh\u00e3o (ppm), como estudos anteriores sugerem, mas de 450 ppm. Os especialistas tamb\u00e9m notaram que as \u00e1rvores eram supereficientes na suc\u00e7\u00e3o de carbono, sem perder muita \u00e1gua. Isso permitiu que eles crescessem em \u00e1reas muito secas.<br>&#8220;O surpreendente \u00e9 que essas folhas s\u00e3o basicamente mumificadas, ent\u00e3o temos suas composi\u00e7\u00f5es qu\u00edmicas originais e podemos ver todas suas caracter\u00edsticas no microsc\u00f3pio&#8221;, disse, em nota, Tammo Reichgelt, cientista adjunto do Observat\u00f3rio Terrestre Lamont-Doherty da Universidade de Connecticut e o autor principal do estudo.<br>Estudos anteriores j\u00e1 mostraram que, quando os n\u00edveis de CO2 aumentam, muitas plantas elevam sua taxa de fotoss\u00edntese, porque podem remover o carbono do ar com mais efici\u00eancia e conservar \u00e1gua ao fazer isso. Inclusive, uma pesquisa de 2016 baseada em dados de sat\u00e9lite da Nasa mostra um efeito de &#8220;ecologiza\u00e7\u00e3o global&#8221;: quase metade das terras com vegeta\u00e7\u00e3o do planeta viram aumentos no volume das folhas de \u00e1rvores e plantas desde os anos 1980. O efeito dever\u00e1 continuar com o aumento dos n\u00edveis de CO2, principalmente devido aos n\u00edveis crescentes de di\u00f3xido de carbono produzido pela atividade humana.<br>Isso pode parecer uma boa not\u00edcia, mas a realidade \u00e9 mais complexa, segundo os cientistas. O aumento da absor\u00e7\u00e3o de CO2 n\u00e3o chega nem perto de compensar o que os humanos est\u00e3o despejando no ar. Nem todas as plantas podem tirar proveito e, entre aquelas que o fazem, os resultados podem variar dependendo da temperatura e da disponibilidade de \u00e1gua ou nutrientes.<\/p>\n\n\n\n<p><strong><em>Fonte: <a href=\"https:\/\/revistagalileu.globo.com\/Ciencia\/Meio-Ambiente\/noticia\/2020\/08\/folhas-de-23-milhoes-de-anos-revelam-altos-niveis-de-carbono-no-passado.html\">Revista Galileu<\/a><\/em><\/strong><\/p>\n","protected":false},"excerpt":{"rendered":"<p>Analisando f\u00f3sseis da Nova Zel\u00e2ndia, pesquisadores mostraram que n\u00e3o \u00e9 de hoje que o CO2 vem contribuindo para o aquecimento do planeta Ap\u00f3s analisar as folhas de uma floresta neozelandesa de 23 milh\u00f5es de anos, cientistas da Universidade de Otago, na Nova Zel\u00e2ndia, e da Universidade de Connecticut, nos Estados Unidos, associaram, pela primeira vez, [&hellip;]<\/p>\n","protected":false},"author":2,"featured_media":8001,"comment_status":"open","ping_status":"open","sticky":false,"template":"","format":"standard","meta":{"footnotes":""},"categories":[8],"tags":[362,2089,897,4475,165],"class_list":["post-8000","post","type-post","status-publish","format-standard","has-post-thumbnail","hentry","category-meio-ambiente","tag-aquecimento-global","tag-carbono","tag-ecologia","tag-folhas","tag-planeta"],"yoast_head":"<!-- This site is optimized with the Yoast SEO plugin v26.5 - https:\/\/yoast.com\/wordpress\/plugins\/seo\/ -->\n<title>Folhas de 23 milh\u00f5es de anos revelam altos n\u00edveis de carbono no passado - Jornal Fatos e Not\u00edcias<\/title>\n<meta name=\"robots\" content=\"index, follow, max-snippet:-1, max-image-preview:large, max-video-preview:-1\" \/>\n<link rel=\"canonical\" href=\"https:\/\/jornalfatosenoticias.com.br\/index.php\/2020\/08\/24\/folhas-de-23-milhoes-de-anos-revelam-altos-niveis-de-carbono-no-passado\/\" \/>\n<meta property=\"og:locale\" content=\"pt_BR\" \/>\n<meta property=\"og:type\" content=\"article\" \/>\n<meta property=\"og:title\" content=\"Folhas de 23 milh\u00f5es de anos revelam altos n\u00edveis de carbono no passado - Jornal Fatos e Not\u00edcias\" \/>\n<meta property=\"og:description\" content=\"Analisando f\u00f3sseis da Nova Zel\u00e2ndia, pesquisadores mostraram que n\u00e3o \u00e9 de hoje que o CO2 vem contribuindo para o aquecimento do planeta Ap\u00f3s analisar as folhas de uma floresta neozelandesa de 23 milh\u00f5es de anos, cientistas da Universidade de Otago, na Nova Zel\u00e2ndia, e da Universidade de Connecticut, nos Estados Unidos, associaram, pela primeira vez, [&hellip;]\" \/>\n<meta property=\"og:url\" content=\"https:\/\/jornalfatosenoticias.com.br\/index.php\/2020\/08\/24\/folhas-de-23-milhoes-de-anos-revelam-altos-niveis-de-carbono-no-passado\/\" \/>\n<meta property=\"og:site_name\" content=\"Jornal Fatos e Not\u00edcias\" \/>\n<meta property=\"article:published_time\" content=\"2020-08-24T13:41:30+00:00\" \/>\n<meta property=\"article:modified_time\" content=\"2020-08-24T13:41:33+00:00\" \/>\n<meta property=\"og:image\" content=\"https:\/\/jornalfatosenoticias.com.br\/wp-content\/uploads\/2020\/08\/FOLHA.jpg\" \/>\n\t<meta property=\"og:image:width\" content=\"1000\" \/>\n\t<meta property=\"og:image:height\" content=\"501\" \/>\n\t<meta property=\"og:image:type\" content=\"image\/jpeg\" \/>\n<meta name=\"author\" content=\"Luzimara Fernandes\" \/>\n<meta name=\"twitter:card\" content=\"summary_large_image\" \/>\n<meta name=\"twitter:label1\" content=\"Escrito por\" \/>\n\t<meta name=\"twitter:data1\" content=\"Luzimara Fernandes\" \/>\n\t<meta name=\"twitter:label2\" content=\"Est. tempo de leitura\" \/>\n\t<meta name=\"twitter:data2\" content=\"3 minutos\" \/>\n<script type=\"application\/ld+json\" class=\"yoast-schema-graph\">{\"@context\":\"https:\/\/schema.org\",\"@graph\":[{\"@type\":\"Article\",\"@id\":\"https:\/\/jornalfatosenoticias.com.br\/index.php\/2020\/08\/24\/folhas-de-23-milhoes-de-anos-revelam-altos-niveis-de-carbono-no-passado\/#article\",\"isPartOf\":{\"@id\":\"https:\/\/jornalfatosenoticias.com.br\/index.php\/2020\/08\/24\/folhas-de-23-milhoes-de-anos-revelam-altos-niveis-de-carbono-no-passado\/\"},\"author\":{\"name\":\"Luzimara Fernandes\",\"@id\":\"https:\/\/jornalfatosenoticias.com.br\/#\/schema\/person\/d63837fa13ac8666eb9e74e0985d6f81\"},\"headline\":\"Folhas de 23 milh\u00f5es de anos revelam altos n\u00edveis de carbono no passado\",\"datePublished\":\"2020-08-24T13:41:30+00:00\",\"dateModified\":\"2020-08-24T13:41:33+00:00\",\"mainEntityOfPage\":{\"@id\":\"https:\/\/jornalfatosenoticias.com.br\/index.php\/2020\/08\/24\/folhas-de-23-milhoes-de-anos-revelam-altos-niveis-de-carbono-no-passado\/\"},\"wordCount\":540,\"commentCount\":0,\"publisher\":{\"@id\":\"https:\/\/jornalfatosenoticias.com.br\/#organization\"},\"image\":{\"@id\":\"https:\/\/jornalfatosenoticias.com.br\/index.php\/2020\/08\/24\/folhas-de-23-milhoes-de-anos-revelam-altos-niveis-de-carbono-no-passado\/#primaryimage\"},\"thumbnailUrl\":\"https:\/\/jornalfatosenoticias.com.br\/wp-content\/uploads\/2020\/08\/FOLHA.jpg\",\"keywords\":[\"aquecimento global\",\"carbono\",\"ecologia\",\"folhas\",\"planeta\"],\"articleSection\":[\"Meio ambiente\"],\"inLanguage\":\"pt-BR\",\"potentialAction\":[{\"@type\":\"CommentAction\",\"name\":\"Comment\",\"target\":[\"https:\/\/jornalfatosenoticias.com.br\/index.php\/2020\/08\/24\/folhas-de-23-milhoes-de-anos-revelam-altos-niveis-de-carbono-no-passado\/#respond\"]}]},{\"@type\":\"WebPage\",\"@id\":\"https:\/\/jornalfatosenoticias.com.br\/index.php\/2020\/08\/24\/folhas-de-23-milhoes-de-anos-revelam-altos-niveis-de-carbono-no-passado\/\",\"url\":\"https:\/\/jornalfatosenoticias.com.br\/index.php\/2020\/08\/24\/folhas-de-23-milhoes-de-anos-revelam-altos-niveis-de-carbono-no-passado\/\",\"name\":\"Folhas de 23 milh\u00f5es de anos revelam altos n\u00edveis de carbono no passado - Jornal Fatos e Not\u00edcias\",\"isPartOf\":{\"@id\":\"https:\/\/jornalfatosenoticias.com.br\/#website\"},\"primaryImageOfPage\":{\"@id\":\"https:\/\/jornalfatosenoticias.com.br\/index.php\/2020\/08\/24\/folhas-de-23-milhoes-de-anos-revelam-altos-niveis-de-carbono-no-passado\/#primaryimage\"},\"image\":{\"@id\":\"https:\/\/jornalfatosenoticias.com.br\/index.php\/2020\/08\/24\/folhas-de-23-milhoes-de-anos-revelam-altos-niveis-de-carbono-no-passado\/#primaryimage\"},\"thumbnailUrl\":\"https:\/\/jornalfatosenoticias.com.br\/wp-content\/uploads\/2020\/08\/FOLHA.jpg\",\"datePublished\":\"2020-08-24T13:41:30+00:00\",\"dateModified\":\"2020-08-24T13:41:33+00:00\",\"breadcrumb\":{\"@id\":\"https:\/\/jornalfatosenoticias.com.br\/index.php\/2020\/08\/24\/folhas-de-23-milhoes-de-anos-revelam-altos-niveis-de-carbono-no-passado\/#breadcrumb\"},\"inLanguage\":\"pt-BR\",\"potentialAction\":[{\"@type\":\"ReadAction\",\"target\":[\"https:\/\/jornalfatosenoticias.com.br\/index.php\/2020\/08\/24\/folhas-de-23-milhoes-de-anos-revelam-altos-niveis-de-carbono-no-passado\/\"]}]},{\"@type\":\"ImageObject\",\"inLanguage\":\"pt-BR\",\"@id\":\"https:\/\/jornalfatosenoticias.com.br\/index.php\/2020\/08\/24\/folhas-de-23-milhoes-de-anos-revelam-altos-niveis-de-carbono-no-passado\/#primaryimage\",\"url\":\"https:\/\/jornalfatosenoticias.com.br\/wp-content\/uploads\/2020\/08\/FOLHA.jpg\",\"contentUrl\":\"https:\/\/jornalfatosenoticias.com.br\/wp-content\/uploads\/2020\/08\/FOLHA.jpg\",\"width\":1000,\"height\":501},{\"@type\":\"BreadcrumbList\",\"@id\":\"https:\/\/jornalfatosenoticias.com.br\/index.php\/2020\/08\/24\/folhas-de-23-milhoes-de-anos-revelam-altos-niveis-de-carbono-no-passado\/#breadcrumb\",\"itemListElement\":[{\"@type\":\"ListItem\",\"position\":1,\"name\":\"In\u00edcio\",\"item\":\"https:\/\/jornalfatosenoticias.com.br\/\"},{\"@type\":\"ListItem\",\"position\":2,\"name\":\"Folhas de 23 milh\u00f5es de anos revelam altos n\u00edveis de carbono no passado\"}]},{\"@type\":\"WebSite\",\"@id\":\"https:\/\/jornalfatosenoticias.com.br\/#website\",\"url\":\"https:\/\/jornalfatosenoticias.com.br\/\",\"name\":\"Jornal Fatos e Not\u00edcias\",\"description\":\"Not\u00edcias em geral\",\"publisher\":{\"@id\":\"https:\/\/jornalfatosenoticias.com.br\/#organization\"},\"potentialAction\":[{\"@type\":\"SearchAction\",\"target\":{\"@type\":\"EntryPoint\",\"urlTemplate\":\"https:\/\/jornalfatosenoticias.com.br\/?s={search_term_string}\"},\"query-input\":{\"@type\":\"PropertyValueSpecification\",\"valueRequired\":true,\"valueName\":\"search_term_string\"}}],\"inLanguage\":\"pt-BR\"},{\"@type\":\"Organization\",\"@id\":\"https:\/\/jornalfatosenoticias.com.br\/#organization\",\"name\":\"Jornal Fatos e Not\u00edcias\",\"url\":\"https:\/\/jornalfatosenoticias.com.br\/\",\"logo\":{\"@type\":\"ImageObject\",\"inLanguage\":\"pt-BR\",\"@id\":\"https:\/\/jornalfatosenoticias.com.br\/#\/schema\/logo\/image\/\",\"url\":\"https:\/\/jornalfatosenoticias.com.br\/wp-content\/uploads\/2020\/02\/logo120.png\",\"contentUrl\":\"https:\/\/jornalfatosenoticias.com.br\/wp-content\/uploads\/2020\/02\/logo120.png\",\"width\":1227,\"height\":120,\"caption\":\"Jornal Fatos e Not\u00edcias\"},\"image\":{\"@id\":\"https:\/\/jornalfatosenoticias.com.br\/#\/schema\/logo\/image\/\"}},{\"@type\":\"Person\",\"@id\":\"https:\/\/jornalfatosenoticias.com.br\/#\/schema\/person\/d63837fa13ac8666eb9e74e0985d6f81\",\"name\":\"Luzimara Fernandes\",\"image\":{\"@type\":\"ImageObject\",\"inLanguage\":\"pt-BR\",\"@id\":\"https:\/\/jornalfatosenoticias.com.br\/#\/schema\/person\/image\/\",\"url\":\"https:\/\/jornalfatosenoticias.com.br\/wp-content\/uploads\/2025\/05\/EU_portal.jpg\",\"contentUrl\":\"https:\/\/jornalfatosenoticias.com.br\/wp-content\/uploads\/2025\/05\/EU_portal.jpg\",\"caption\":\"Luzimara Fernandes\"},\"description\":\"Jornalista MTB 2358-ES\",\"sameAs\":[\"https:\/\/jornalfatosenoticias.com.br\"],\"url\":\"https:\/\/jornalfatosenoticias.com.br\/index.php\/author\/luzimara\/\"}]}<\/script>\n<!-- \/ Yoast SEO plugin. -->","yoast_head_json":{"title":"Folhas de 23 milh\u00f5es de anos revelam altos n\u00edveis de carbono no passado - Jornal Fatos e Not\u00edcias","robots":{"index":"index","follow":"follow","max-snippet":"max-snippet:-1","max-image-preview":"max-image-preview:large","max-video-preview":"max-video-preview:-1"},"canonical":"https:\/\/jornalfatosenoticias.com.br\/index.php\/2020\/08\/24\/folhas-de-23-milhoes-de-anos-revelam-altos-niveis-de-carbono-no-passado\/","og_locale":"pt_BR","og_type":"article","og_title":"Folhas de 23 milh\u00f5es de anos revelam altos n\u00edveis de carbono no passado - Jornal Fatos e Not\u00edcias","og_description":"Analisando f\u00f3sseis da Nova Zel\u00e2ndia, pesquisadores mostraram que n\u00e3o \u00e9 de hoje que o CO2 vem contribuindo para o aquecimento do planeta Ap\u00f3s analisar as folhas de uma floresta neozelandesa de 23 milh\u00f5es de anos, cientistas da Universidade de Otago, na Nova Zel\u00e2ndia, e da Universidade de Connecticut, nos Estados Unidos, associaram, pela primeira vez, [&hellip;]","og_url":"https:\/\/jornalfatosenoticias.com.br\/index.php\/2020\/08\/24\/folhas-de-23-milhoes-de-anos-revelam-altos-niveis-de-carbono-no-passado\/","og_site_name":"Jornal Fatos e Not\u00edcias","article_published_time":"2020-08-24T13:41:30+00:00","article_modified_time":"2020-08-24T13:41:33+00:00","og_image":[{"width":1000,"height":501,"url":"https:\/\/jornalfatosenoticias.com.br\/wp-content\/uploads\/2020\/08\/FOLHA.jpg","type":"image\/jpeg"}],"author":"Luzimara Fernandes","twitter_card":"summary_large_image","twitter_misc":{"Escrito por":"Luzimara Fernandes","Est. tempo de leitura":"3 minutos"},"schema":{"@context":"https:\/\/schema.org","@graph":[{"@type":"Article","@id":"https:\/\/jornalfatosenoticias.com.br\/index.php\/2020\/08\/24\/folhas-de-23-milhoes-de-anos-revelam-altos-niveis-de-carbono-no-passado\/#article","isPartOf":{"@id":"https:\/\/jornalfatosenoticias.com.br\/index.php\/2020\/08\/24\/folhas-de-23-milhoes-de-anos-revelam-altos-niveis-de-carbono-no-passado\/"},"author":{"name":"Luzimara Fernandes","@id":"https:\/\/jornalfatosenoticias.com.br\/#\/schema\/person\/d63837fa13ac8666eb9e74e0985d6f81"},"headline":"Folhas de 23 milh\u00f5es de anos revelam altos n\u00edveis de carbono no passado","datePublished":"2020-08-24T13:41:30+00:00","dateModified":"2020-08-24T13:41:33+00:00","mainEntityOfPage":{"@id":"https:\/\/jornalfatosenoticias.com.br\/index.php\/2020\/08\/24\/folhas-de-23-milhoes-de-anos-revelam-altos-niveis-de-carbono-no-passado\/"},"wordCount":540,"commentCount":0,"publisher":{"@id":"https:\/\/jornalfatosenoticias.com.br\/#organization"},"image":{"@id":"https:\/\/jornalfatosenoticias.com.br\/index.php\/2020\/08\/24\/folhas-de-23-milhoes-de-anos-revelam-altos-niveis-de-carbono-no-passado\/#primaryimage"},"thumbnailUrl":"https:\/\/jornalfatosenoticias.com.br\/wp-content\/uploads\/2020\/08\/FOLHA.jpg","keywords":["aquecimento global","carbono","ecologia","folhas","planeta"],"articleSection":["Meio ambiente"],"inLanguage":"pt-BR","potentialAction":[{"@type":"CommentAction","name":"Comment","target":["https:\/\/jornalfatosenoticias.com.br\/index.php\/2020\/08\/24\/folhas-de-23-milhoes-de-anos-revelam-altos-niveis-de-carbono-no-passado\/#respond"]}]},{"@type":"WebPage","@id":"https:\/\/jornalfatosenoticias.com.br\/index.php\/2020\/08\/24\/folhas-de-23-milhoes-de-anos-revelam-altos-niveis-de-carbono-no-passado\/","url":"https:\/\/jornalfatosenoticias.com.br\/index.php\/2020\/08\/24\/folhas-de-23-milhoes-de-anos-revelam-altos-niveis-de-carbono-no-passado\/","name":"Folhas de 23 milh\u00f5es de anos revelam altos n\u00edveis de carbono no passado - Jornal Fatos e Not\u00edcias","isPartOf":{"@id":"https:\/\/jornalfatosenoticias.com.br\/#website"},"primaryImageOfPage":{"@id":"https:\/\/jornalfatosenoticias.com.br\/index.php\/2020\/08\/24\/folhas-de-23-milhoes-de-anos-revelam-altos-niveis-de-carbono-no-passado\/#primaryimage"},"image":{"@id":"https:\/\/jornalfatosenoticias.com.br\/index.php\/2020\/08\/24\/folhas-de-23-milhoes-de-anos-revelam-altos-niveis-de-carbono-no-passado\/#primaryimage"},"thumbnailUrl":"https:\/\/jornalfatosenoticias.com.br\/wp-content\/uploads\/2020\/08\/FOLHA.jpg","datePublished":"2020-08-24T13:41:30+00:00","dateModified":"2020-08-24T13:41:33+00:00","breadcrumb":{"@id":"https:\/\/jornalfatosenoticias.com.br\/index.php\/2020\/08\/24\/folhas-de-23-milhoes-de-anos-revelam-altos-niveis-de-carbono-no-passado\/#breadcrumb"},"inLanguage":"pt-BR","potentialAction":[{"@type":"ReadAction","target":["https:\/\/jornalfatosenoticias.com.br\/index.php\/2020\/08\/24\/folhas-de-23-milhoes-de-anos-revelam-altos-niveis-de-carbono-no-passado\/"]}]},{"@type":"ImageObject","inLanguage":"pt-BR","@id":"https:\/\/jornalfatosenoticias.com.br\/index.php\/2020\/08\/24\/folhas-de-23-milhoes-de-anos-revelam-altos-niveis-de-carbono-no-passado\/#primaryimage","url":"https:\/\/jornalfatosenoticias.com.br\/wp-content\/uploads\/2020\/08\/FOLHA.jpg","contentUrl":"https:\/\/jornalfatosenoticias.com.br\/wp-content\/uploads\/2020\/08\/FOLHA.jpg","width":1000,"height":501},{"@type":"BreadcrumbList","@id":"https:\/\/jornalfatosenoticias.com.br\/index.php\/2020\/08\/24\/folhas-de-23-milhoes-de-anos-revelam-altos-niveis-de-carbono-no-passado\/#breadcrumb","itemListElement":[{"@type":"ListItem","position":1,"name":"In\u00edcio","item":"https:\/\/jornalfatosenoticias.com.br\/"},{"@type":"ListItem","position":2,"name":"Folhas de 23 milh\u00f5es de anos revelam altos n\u00edveis de carbono no passado"}]},{"@type":"WebSite","@id":"https:\/\/jornalfatosenoticias.com.br\/#website","url":"https:\/\/jornalfatosenoticias.com.br\/","name":"Jornal Fatos e Not\u00edcias","description":"Not\u00edcias em geral","publisher":{"@id":"https:\/\/jornalfatosenoticias.com.br\/#organization"},"potentialAction":[{"@type":"SearchAction","target":{"@type":"EntryPoint","urlTemplate":"https:\/\/jornalfatosenoticias.com.br\/?s={search_term_string}"},"query-input":{"@type":"PropertyValueSpecification","valueRequired":true,"valueName":"search_term_string"}}],"inLanguage":"pt-BR"},{"@type":"Organization","@id":"https:\/\/jornalfatosenoticias.com.br\/#organization","name":"Jornal Fatos e Not\u00edcias","url":"https:\/\/jornalfatosenoticias.com.br\/","logo":{"@type":"ImageObject","inLanguage":"pt-BR","@id":"https:\/\/jornalfatosenoticias.com.br\/#\/schema\/logo\/image\/","url":"https:\/\/jornalfatosenoticias.com.br\/wp-content\/uploads\/2020\/02\/logo120.png","contentUrl":"https:\/\/jornalfatosenoticias.com.br\/wp-content\/uploads\/2020\/02\/logo120.png","width":1227,"height":120,"caption":"Jornal Fatos e Not\u00edcias"},"image":{"@id":"https:\/\/jornalfatosenoticias.com.br\/#\/schema\/logo\/image\/"}},{"@type":"Person","@id":"https:\/\/jornalfatosenoticias.com.br\/#\/schema\/person\/d63837fa13ac8666eb9e74e0985d6f81","name":"Luzimara Fernandes","image":{"@type":"ImageObject","inLanguage":"pt-BR","@id":"https:\/\/jornalfatosenoticias.com.br\/#\/schema\/person\/image\/","url":"https:\/\/jornalfatosenoticias.com.br\/wp-content\/uploads\/2025\/05\/EU_portal.jpg","contentUrl":"https:\/\/jornalfatosenoticias.com.br\/wp-content\/uploads\/2025\/05\/EU_portal.jpg","caption":"Luzimara Fernandes"},"description":"Jornalista MTB 2358-ES","sameAs":["https:\/\/jornalfatosenoticias.com.br"],"url":"https:\/\/jornalfatosenoticias.com.br\/index.php\/author\/luzimara\/"}]}},"cc_featured_image_caption":{"caption_text":"Folhas f\u00f3sseis mostram alto carbono ","source_text":"","source_url":""},"jetpack_featured_media_url":"https:\/\/jornalfatosenoticias.com.br\/wp-content\/uploads\/2020\/08\/FOLHA.jpg","_links":{"self":[{"href":"https:\/\/jornalfatosenoticias.com.br\/index.php\/wp-json\/wp\/v2\/posts\/8000","targetHints":{"allow":["GET"]}}],"collection":[{"href":"https:\/\/jornalfatosenoticias.com.br\/index.php\/wp-json\/wp\/v2\/posts"}],"about":[{"href":"https:\/\/jornalfatosenoticias.com.br\/index.php\/wp-json\/wp\/v2\/types\/post"}],"author":[{"embeddable":true,"href":"https:\/\/jornalfatosenoticias.com.br\/index.php\/wp-json\/wp\/v2\/users\/2"}],"replies":[{"embeddable":true,"href":"https:\/\/jornalfatosenoticias.com.br\/index.php\/wp-json\/wp\/v2\/comments?post=8000"}],"version-history":[{"count":0,"href":"https:\/\/jornalfatosenoticias.com.br\/index.php\/wp-json\/wp\/v2\/posts\/8000\/revisions"}],"wp:featuredmedia":[{"embeddable":true,"href":"https:\/\/jornalfatosenoticias.com.br\/index.php\/wp-json\/wp\/v2\/media\/8001"}],"wp:attachment":[{"href":"https:\/\/jornalfatosenoticias.com.br\/index.php\/wp-json\/wp\/v2\/media?parent=8000"}],"wp:term":[{"taxonomy":"category","embeddable":true,"href":"https:\/\/jornalfatosenoticias.com.br\/index.php\/wp-json\/wp\/v2\/categories?post=8000"},{"taxonomy":"post_tag","embeddable":true,"href":"https:\/\/jornalfatosenoticias.com.br\/index.php\/wp-json\/wp\/v2\/tags?post=8000"}],"curies":[{"name":"wp","href":"https:\/\/api.w.org\/{rel}","templated":true}]}}