{"id":8037,"date":"2020-08-24T12:22:12","date_gmt":"2020-08-24T15:22:12","guid":{"rendered":"https:\/\/jornalfatosenoticias.com.br\/?p=8037"},"modified":"2020-08-24T12:22:13","modified_gmt":"2020-08-24T15:22:13","slug":"projeto-cria-triciclos-e-carrocas-motorizados-para-catadores","status":"publish","type":"post","link":"https:\/\/jornalfatosenoticias.com.br\/index.php\/2020\/08\/24\/projeto-cria-triciclos-e-carrocas-motorizados-para-catadores\/","title":{"rendered":"Projeto cria triciclos e carro\u00e7as motorizados para catadores"},"content":{"rendered":"\n<h6 class=\"wp-block-heading\"><em>Carro\u00e7as do Futuro, do Movimento Pimp My Carro\u00e7a, quer melhorar a condi\u00e7\u00e3o de trabalho e sa\u00fade desses profissionais<\/em><\/h6>\n\n\n\n<p>Os catadores de materiais recicl\u00e1veis s\u00e3o respons\u00e1veis por, em m\u00e9dia, 90% da reciclagem no Brasil. Utilizam as carro\u00e7as para armazenar e transportar o que recolhem nas ruas at\u00e9 um ecoponto ou ferro-velho. Seu principal motor \u00e9 a for\u00e7a bra\u00e7al, das pernas e costas.<br>Pensando na sa\u00fade desses profissionais, no meio ambiente e, tamb\u00e9m, na sustentabilidade, o Pimp My Carro\u00e7a criou o projeto Carro\u00e7as do Futuro.<br>O projeto tem como objetivo desenvolver prot\u00f3tipos de carro\u00e7as e triciclos el\u00e9tricos que utilizem energia renov\u00e1vel como alternativa \u00e0 tra\u00e7\u00e3o humana, para facilitar o trabalho dos catadores de materiais recicl\u00e1veis. Sendo assim poss\u00edvel proporcionar melhor qualidade de vida para os trabalhadores, utilizando tecnologias limpas e sustent\u00e1veis para o meio ambiente.<\/p>\n\n\n\n<h4 class=\"wp-block-heading\">Como come\u00e7ou<\/h4>\n\n\n\n<figure class=\"wp-block-image size-large\"><img loading=\"lazy\" decoding=\"async\" width=\"1000\" height=\"750\" src=\"https:\/\/jornalfatosenoticias.com.br\/wp-content\/uploads\/2020\/08\/carroc\u0327as-do-futuro-2.jpg\" alt=\"\" class=\"wp-image-8038\" srcset=\"https:\/\/jornalfatosenoticias.com.br\/wp-content\/uploads\/2020\/08\/carroc\u0327as-do-futuro-2.jpg 1000w, https:\/\/jornalfatosenoticias.com.br\/wp-content\/uploads\/2020\/08\/carroc\u0327as-do-futuro-2-300x225.jpg 300w, https:\/\/jornalfatosenoticias.com.br\/wp-content\/uploads\/2020\/08\/carroc\u0327as-do-futuro-2-768x576.jpg 768w\" sizes=\"auto, (max-width: 1000px) 100vw, 1000px\" \/><figcaption><em>Carro\u00e7a do futuro (Foto: Divulga\u00e7\u00e3o)<\/em><\/figcaption><\/figure>\n\n\n\n<p>O projeto foi iniciado em 2019 com a parceria entre o Instituto Clima e Sociedade (ICS) e Instituto de Pesquisas Tecnol\u00f3gicas de S\u00e3o Paulo (IPT) e, a partir de 2020, em seu segundo ano de execu\u00e7\u00e3o, conta tamb\u00e9m com a parceria da Nestl\u00e9.<br>Em 2019 foi realizado um Hackathon, no qual catadores, diversos parceiros e especialistas (designers, engenheiros e profissionais que atuam na \u00e1rea de gerenciamento de res\u00edduos) discutiram os principais desafios e as expectativas de aprimoramentos para as carro\u00e7as, onde foram prototipados seis modelos conceituais.<br>O Instituto de Pesquisas Tecnol\u00f3gicas (IPT), foi o parceiro que orientou tecnicamente a materializa\u00e7\u00e3o das considera\u00e7\u00f5es levantadas no evento para tirar as sugest\u00f5es do papel e construir um prot\u00f3tipo funcional. A montagem de um prot\u00f3tipo de carro\u00e7a el\u00e9trica iniciado em 2019, est\u00e1 atualmente em fase de aprimoramentos.<\/p>\n\n\n\n<h4 class=\"wp-block-heading\">Projeto sustent\u00e1vel<\/h4>\n\n\n\n<figure class=\"wp-block-image size-large\"><img loading=\"lazy\" decoding=\"async\" width=\"1000\" height=\"577\" src=\"https:\/\/jornalfatosenoticias.com.br\/wp-content\/uploads\/2020\/08\/carroca.jpg\" alt=\"\" class=\"wp-image-8039\" srcset=\"https:\/\/jornalfatosenoticias.com.br\/wp-content\/uploads\/2020\/08\/carroca.jpg 1000w, https:\/\/jornalfatosenoticias.com.br\/wp-content\/uploads\/2020\/08\/carroca-300x173.jpg 300w, https:\/\/jornalfatosenoticias.com.br\/wp-content\/uploads\/2020\/08\/carroca-768x443.jpg 768w\" sizes=\"auto, (max-width: 1000px) 100vw, 1000px\" \/><figcaption><em>Carro\u00e7a do futuro (Foto: Divulga\u00e7\u00e3o)<\/em><\/figcaption><\/figure>\n\n\n\n<p>O objetivo \u00e9 a cria\u00e7\u00e3o de prot\u00f3tipos baseados no uso de energia renov\u00e1vel, com baixo custo e potencial de escalabilidade, de forma a prevenir e mitigar os problemas de sa\u00fade dos catadores, favorecendo tamb\u00e9m a gera\u00e7\u00e3o de renda. Atualmente dois modelos de prot\u00f3tipos est\u00e3o sendo trabalhados.<\/p>\n\n\n\n<blockquote class=\"wp-block-quote is-layout-flow wp-block-quote-is-layout-flow\"><p>\u201cO projeto carro\u00e7as do futuro \u00e9 uma inova\u00e7\u00e3o sustent\u00e1vel para ajudar o trabalho dos catadores de materiais recicl\u00e1veis aut\u00f4nomos a trabalharem com maior efici\u00eancia, gerar maior renda e promover qualidade de vida, \u00e9 a valoriza\u00e7\u00e3o para quem de fato realiza a coleta seletiva, eles trazem uma solu\u00e7\u00e3o para nossa cidade e hoje n\u00e3o s\u00e3o reconhecidos, trabalhando de forma insalubre\u201c, Adriane Andrade, coordenadora do projeto Carro\u00e7as do Futuro.<\/p><\/blockquote>\n\n\n\n<h4 class=\"wp-block-heading\">Primeiros triciclos<\/h4>\n\n\n\n<figure class=\"wp-block-image size-large\"><img loading=\"lazy\" decoding=\"async\" width=\"1000\" height=\"749\" src=\"https:\/\/jornalfatosenoticias.com.br\/wp-content\/uploads\/2020\/08\/Pimp-my-carroc\u0327a-instagram.jpg\" alt=\"\" class=\"wp-image-8040\" srcset=\"https:\/\/jornalfatosenoticias.com.br\/wp-content\/uploads\/2020\/08\/Pimp-my-carroc\u0327a-instagram.jpg 1000w, https:\/\/jornalfatosenoticias.com.br\/wp-content\/uploads\/2020\/08\/Pimp-my-carroc\u0327a-instagram-300x225.jpg 300w, https:\/\/jornalfatosenoticias.com.br\/wp-content\/uploads\/2020\/08\/Pimp-my-carroc\u0327a-instagram-768x575.jpg 768w\" sizes=\"auto, (max-width: 1000px) 100vw, 1000px\" \/><figcaption><em>Carro\u00e7a do futuro (Foto: Instagram\/Pimp My Carro\u00e7a)<\/em><\/figcaption><\/figure>\n\n\n\n<p>Neste m\u00eas, a Cooperativa de catadores Cooperben foi escolhida para receber a doa\u00e7\u00e3o de um dos triciclos el\u00e9tricos, para facilitar o trabalho de coleta de materiais recicl\u00e1veis no Guaruj\u00e1. Levando em considera\u00e7\u00e3o a prote\u00e7\u00e3o do oceano promovida pela limpeza das praias.<br>A partir da doa\u00e7\u00e3o do triciclo para a Cooperben, ser\u00e1 iniciada a fase de teste do uso. Esta fase ser\u00e1 monitorada pelo Pimp My Carro\u00e7a, que utilizar\u00e1 os feedbacks apontados pela Cooperben para verificar as possibilidades de aprimoramento do modelo.<br>A proposta \u00e9 construir, replicar e dar escalabilidade a modelos de prot\u00f3tipos que atendam \u00e0s necessidades dos catadores de materiais recicl\u00e1veis, valorizando e potencializando este servi\u00e7o, de car\u00e1ter inclusivo para os catadores e t\u00e3o necess\u00e1rio ao bom funcionamento das cidades.<br>Tamb\u00e9m foram doados outros dois triciclos para catadores de S\u00e3o Paulo, que ser\u00e3o igualmente monitorados e coletadas os feedbacks para melhorias.<br>Este projeto est\u00e1 em conformidade com os Objetivos Sustent\u00e1veis da ONU, especialmente em rela\u00e7\u00e3o ao Objetivo 8 (Promover o crescimento econ\u00f4mico sustentado, inclusivo e sustent\u00e1vel, emprego pleno e produtivo e trabalho decente para todos), Objetivo 9 (Construir infraestruturas resilientes, promover a industrializa\u00e7\u00e3o inclusiva e sustent\u00e1vel e fomentar a inova\u00e7\u00e3o), Objetivo 11 (Tornar as cidades e os assentamentos humanos inclusivos, seguros, resistentes e sustent\u00e1veis).<\/p>\n\n\n\n<p><strong><em>Fonte: <a href=\"https:\/\/ciclovivo.com.br\/arq-urb\/mobilidade\/projeto-cria-triciclos-e-carrocas-motorizados-para-catadores\/\">CicloVivo<\/a><\/em><\/strong><\/p>\n","protected":false},"excerpt":{"rendered":"<p>Carro\u00e7as do Futuro, do Movimento Pimp My Carro\u00e7a, quer melhorar a condi\u00e7\u00e3o de trabalho e sa\u00fade desses profissionais Os catadores de materiais recicl\u00e1veis s\u00e3o respons\u00e1veis por, em m\u00e9dia, 90% da reciclagem no Brasil. Utilizam as carro\u00e7as para armazenar e transportar o que recolhem nas ruas at\u00e9 um ecoponto ou ferro-velho. Seu principal motor \u00e9 a [&hellip;]<\/p>\n","protected":false},"author":2,"featured_media":8041,"comment_status":"open","ping_status":"open","sticky":false,"template":"","format":"standard","meta":{"footnotes":""},"categories":[3],"tags":[4483,4485,2938,1096,2851,4486],"class_list":["post-8037","post","type-post","status-publish","format-standard","has-post-thumbnail","hentry","category-tecnologia","tag-carroca-eletrica","tag-catadores-de-reciclaveis","tag-energia-renovavel","tag-prototipo","tag-reciclagem","tag-triciclos-eletricos"],"yoast_head":"<!-- This site is optimized with the Yoast SEO plugin v26.5 - https:\/\/yoast.com\/wordpress\/plugins\/seo\/ -->\n<title>Projeto cria triciclos e carro\u00e7as motorizados para catadores - Jornal Fatos e Not\u00edcias<\/title>\n<meta name=\"robots\" content=\"index, follow, max-snippet:-1, max-image-preview:large, max-video-preview:-1\" \/>\n<link rel=\"canonical\" href=\"https:\/\/jornalfatosenoticias.com.br\/index.php\/2020\/08\/24\/projeto-cria-triciclos-e-carrocas-motorizados-para-catadores\/\" \/>\n<meta property=\"og:locale\" content=\"pt_BR\" \/>\n<meta property=\"og:type\" content=\"article\" \/>\n<meta property=\"og:title\" content=\"Projeto cria triciclos e carro\u00e7as motorizados para catadores - Jornal Fatos e Not\u00edcias\" \/>\n<meta property=\"og:description\" content=\"Carro\u00e7as do Futuro, do Movimento Pimp My Carro\u00e7a, quer melhorar a condi\u00e7\u00e3o de trabalho e sa\u00fade desses profissionais Os catadores de materiais recicl\u00e1veis s\u00e3o respons\u00e1veis por, em m\u00e9dia, 90% da reciclagem no Brasil. Utilizam as carro\u00e7as para armazenar e transportar o que recolhem nas ruas at\u00e9 um ecoponto ou ferro-velho. Seu principal motor \u00e9 a [&hellip;]\" \/>\n<meta property=\"og:url\" content=\"https:\/\/jornalfatosenoticias.com.br\/index.php\/2020\/08\/24\/projeto-cria-triciclos-e-carrocas-motorizados-para-catadores\/\" \/>\n<meta property=\"og:site_name\" content=\"Jornal Fatos e Not\u00edcias\" \/>\n<meta property=\"article:published_time\" content=\"2020-08-24T15:22:12+00:00\" \/>\n<meta property=\"article:modified_time\" content=\"2020-08-24T15:22:13+00:00\" \/>\n<meta property=\"og:image\" content=\"https:\/\/jornalfatosenoticias.com.br\/wp-content\/uploads\/2020\/08\/carroc\u0327as-do-futuro-1.jpg\" \/>\n\t<meta property=\"og:image:width\" content=\"1000\" \/>\n\t<meta property=\"og:image:height\" content=\"643\" \/>\n\t<meta property=\"og:image:type\" content=\"image\/jpeg\" \/>\n<meta name=\"author\" content=\"Luzimara Fernandes\" \/>\n<meta name=\"twitter:card\" content=\"summary_large_image\" \/>\n<meta name=\"twitter:label1\" content=\"Escrito por\" \/>\n\t<meta name=\"twitter:data1\" content=\"Luzimara Fernandes\" \/>\n\t<meta name=\"twitter:label2\" content=\"Est. tempo de leitura\" \/>\n\t<meta name=\"twitter:data2\" content=\"3 minutos\" \/>\n<script type=\"application\/ld+json\" class=\"yoast-schema-graph\">{\"@context\":\"https:\/\/schema.org\",\"@graph\":[{\"@type\":\"Article\",\"@id\":\"https:\/\/jornalfatosenoticias.com.br\/index.php\/2020\/08\/24\/projeto-cria-triciclos-e-carrocas-motorizados-para-catadores\/#article\",\"isPartOf\":{\"@id\":\"https:\/\/jornalfatosenoticias.com.br\/index.php\/2020\/08\/24\/projeto-cria-triciclos-e-carrocas-motorizados-para-catadores\/\"},\"author\":{\"name\":\"Luzimara Fernandes\",\"@id\":\"https:\/\/jornalfatosenoticias.com.br\/#\/schema\/person\/d63837fa13ac8666eb9e74e0985d6f81\"},\"headline\":\"Projeto cria triciclos e carro\u00e7as motorizados para catadores\",\"datePublished\":\"2020-08-24T15:22:12+00:00\",\"dateModified\":\"2020-08-24T15:22:13+00:00\",\"mainEntityOfPage\":{\"@id\":\"https:\/\/jornalfatosenoticias.com.br\/index.php\/2020\/08\/24\/projeto-cria-triciclos-e-carrocas-motorizados-para-catadores\/\"},\"wordCount\":694,\"commentCount\":0,\"publisher\":{\"@id\":\"https:\/\/jornalfatosenoticias.com.br\/#organization\"},\"image\":{\"@id\":\"https:\/\/jornalfatosenoticias.com.br\/index.php\/2020\/08\/24\/projeto-cria-triciclos-e-carrocas-motorizados-para-catadores\/#primaryimage\"},\"thumbnailUrl\":\"https:\/\/jornalfatosenoticias.com.br\/wp-content\/uploads\/2020\/08\/carroc\u0327as-do-futuro-1.jpg\",\"keywords\":[\"carro\u00e7a el\u00e9trica\",\"catadores de recicl\u00e1veis\",\"energia renov\u00e1vel\",\"prot\u00f3tipo\",\"reciclagem\",\"triciclos el\u00e9tricos\"],\"articleSection\":[\"Tecnologia &amp; Inova\u00e7\u00e3o\"],\"inLanguage\":\"pt-BR\",\"potentialAction\":[{\"@type\":\"CommentAction\",\"name\":\"Comment\",\"target\":[\"https:\/\/jornalfatosenoticias.com.br\/index.php\/2020\/08\/24\/projeto-cria-triciclos-e-carrocas-motorizados-para-catadores\/#respond\"]}]},{\"@type\":\"WebPage\",\"@id\":\"https:\/\/jornalfatosenoticias.com.br\/index.php\/2020\/08\/24\/projeto-cria-triciclos-e-carrocas-motorizados-para-catadores\/\",\"url\":\"https:\/\/jornalfatosenoticias.com.br\/index.php\/2020\/08\/24\/projeto-cria-triciclos-e-carrocas-motorizados-para-catadores\/\",\"name\":\"Projeto cria triciclos e carro\u00e7as motorizados para catadores - Jornal Fatos e Not\u00edcias\",\"isPartOf\":{\"@id\":\"https:\/\/jornalfatosenoticias.com.br\/#website\"},\"primaryImageOfPage\":{\"@id\":\"https:\/\/jornalfatosenoticias.com.br\/index.php\/2020\/08\/24\/projeto-cria-triciclos-e-carrocas-motorizados-para-catadores\/#primaryimage\"},\"image\":{\"@id\":\"https:\/\/jornalfatosenoticias.com.br\/index.php\/2020\/08\/24\/projeto-cria-triciclos-e-carrocas-motorizados-para-catadores\/#primaryimage\"},\"thumbnailUrl\":\"https:\/\/jornalfatosenoticias.com.br\/wp-content\/uploads\/2020\/08\/carroc\u0327as-do-futuro-1.jpg\",\"datePublished\":\"2020-08-24T15:22:12+00:00\",\"dateModified\":\"2020-08-24T15:22:13+00:00\",\"breadcrumb\":{\"@id\":\"https:\/\/jornalfatosenoticias.com.br\/index.php\/2020\/08\/24\/projeto-cria-triciclos-e-carrocas-motorizados-para-catadores\/#breadcrumb\"},\"inLanguage\":\"pt-BR\",\"potentialAction\":[{\"@type\":\"ReadAction\",\"target\":[\"https:\/\/jornalfatosenoticias.com.br\/index.php\/2020\/08\/24\/projeto-cria-triciclos-e-carrocas-motorizados-para-catadores\/\"]}]},{\"@type\":\"ImageObject\",\"inLanguage\":\"pt-BR\",\"@id\":\"https:\/\/jornalfatosenoticias.com.br\/index.php\/2020\/08\/24\/projeto-cria-triciclos-e-carrocas-motorizados-para-catadores\/#primaryimage\",\"url\":\"https:\/\/jornalfatosenoticias.com.br\/wp-content\/uploads\/2020\/08\/carroc\u0327as-do-futuro-1.jpg\",\"contentUrl\":\"https:\/\/jornalfatosenoticias.com.br\/wp-content\/uploads\/2020\/08\/carroc\u0327as-do-futuro-1.jpg\",\"width\":1000,\"height\":643},{\"@type\":\"BreadcrumbList\",\"@id\":\"https:\/\/jornalfatosenoticias.com.br\/index.php\/2020\/08\/24\/projeto-cria-triciclos-e-carrocas-motorizados-para-catadores\/#breadcrumb\",\"itemListElement\":[{\"@type\":\"ListItem\",\"position\":1,\"name\":\"In\u00edcio\",\"item\":\"https:\/\/jornalfatosenoticias.com.br\/\"},{\"@type\":\"ListItem\",\"position\":2,\"name\":\"Projeto cria triciclos e carro\u00e7as motorizados para catadores\"}]},{\"@type\":\"WebSite\",\"@id\":\"https:\/\/jornalfatosenoticias.com.br\/#website\",\"url\":\"https:\/\/jornalfatosenoticias.com.br\/\",\"name\":\"Jornal Fatos e Not\u00edcias\",\"description\":\"Not\u00edcias em geral\",\"publisher\":{\"@id\":\"https:\/\/jornalfatosenoticias.com.br\/#organization\"},\"potentialAction\":[{\"@type\":\"SearchAction\",\"target\":{\"@type\":\"EntryPoint\",\"urlTemplate\":\"https:\/\/jornalfatosenoticias.com.br\/?s={search_term_string}\"},\"query-input\":{\"@type\":\"PropertyValueSpecification\",\"valueRequired\":true,\"valueName\":\"search_term_string\"}}],\"inLanguage\":\"pt-BR\"},{\"@type\":\"Organization\",\"@id\":\"https:\/\/jornalfatosenoticias.com.br\/#organization\",\"name\":\"Jornal Fatos e Not\u00edcias\",\"url\":\"https:\/\/jornalfatosenoticias.com.br\/\",\"logo\":{\"@type\":\"ImageObject\",\"inLanguage\":\"pt-BR\",\"@id\":\"https:\/\/jornalfatosenoticias.com.br\/#\/schema\/logo\/image\/\",\"url\":\"https:\/\/jornalfatosenoticias.com.br\/wp-content\/uploads\/2020\/02\/logo120.png\",\"contentUrl\":\"https:\/\/jornalfatosenoticias.com.br\/wp-content\/uploads\/2020\/02\/logo120.png\",\"width\":1227,\"height\":120,\"caption\":\"Jornal Fatos e Not\u00edcias\"},\"image\":{\"@id\":\"https:\/\/jornalfatosenoticias.com.br\/#\/schema\/logo\/image\/\"}},{\"@type\":\"Person\",\"@id\":\"https:\/\/jornalfatosenoticias.com.br\/#\/schema\/person\/d63837fa13ac8666eb9e74e0985d6f81\",\"name\":\"Luzimara Fernandes\",\"image\":{\"@type\":\"ImageObject\",\"inLanguage\":\"pt-BR\",\"@id\":\"https:\/\/jornalfatosenoticias.com.br\/#\/schema\/person\/image\/\",\"url\":\"https:\/\/jornalfatosenoticias.com.br\/wp-content\/uploads\/2025\/05\/EU_portal.jpg\",\"contentUrl\":\"https:\/\/jornalfatosenoticias.com.br\/wp-content\/uploads\/2025\/05\/EU_portal.jpg\",\"caption\":\"Luzimara Fernandes\"},\"description\":\"Jornalista MTB 2358-ES\",\"sameAs\":[\"https:\/\/jornalfatosenoticias.com.br\"],\"url\":\"https:\/\/jornalfatosenoticias.com.br\/index.php\/author\/luzimara\/\"}]}<\/script>\n<!-- \/ Yoast SEO plugin. -->","yoast_head_json":{"title":"Projeto cria triciclos e carro\u00e7as motorizados para catadores - Jornal Fatos e Not\u00edcias","robots":{"index":"index","follow":"follow","max-snippet":"max-snippet:-1","max-image-preview":"max-image-preview:large","max-video-preview":"max-video-preview:-1"},"canonical":"https:\/\/jornalfatosenoticias.com.br\/index.php\/2020\/08\/24\/projeto-cria-triciclos-e-carrocas-motorizados-para-catadores\/","og_locale":"pt_BR","og_type":"article","og_title":"Projeto cria triciclos e carro\u00e7as motorizados para catadores - Jornal Fatos e Not\u00edcias","og_description":"Carro\u00e7as do Futuro, do Movimento Pimp My Carro\u00e7a, quer melhorar a condi\u00e7\u00e3o de trabalho e sa\u00fade desses profissionais Os catadores de materiais recicl\u00e1veis s\u00e3o respons\u00e1veis por, em m\u00e9dia, 90% da reciclagem no Brasil. Utilizam as carro\u00e7as para armazenar e transportar o que recolhem nas ruas at\u00e9 um ecoponto ou ferro-velho. Seu principal motor \u00e9 a [&hellip;]","og_url":"https:\/\/jornalfatosenoticias.com.br\/index.php\/2020\/08\/24\/projeto-cria-triciclos-e-carrocas-motorizados-para-catadores\/","og_site_name":"Jornal Fatos e Not\u00edcias","article_published_time":"2020-08-24T15:22:12+00:00","article_modified_time":"2020-08-24T15:22:13+00:00","og_image":[{"width":1000,"height":643,"url":"https:\/\/jornalfatosenoticias.com.br\/wp-content\/uploads\/2020\/08\/carroc\u0327as-do-futuro-1.jpg","type":"image\/jpeg"}],"author":"Luzimara Fernandes","twitter_card":"summary_large_image","twitter_misc":{"Escrito por":"Luzimara Fernandes","Est. tempo de leitura":"3 minutos"},"schema":{"@context":"https:\/\/schema.org","@graph":[{"@type":"Article","@id":"https:\/\/jornalfatosenoticias.com.br\/index.php\/2020\/08\/24\/projeto-cria-triciclos-e-carrocas-motorizados-para-catadores\/#article","isPartOf":{"@id":"https:\/\/jornalfatosenoticias.com.br\/index.php\/2020\/08\/24\/projeto-cria-triciclos-e-carrocas-motorizados-para-catadores\/"},"author":{"name":"Luzimara Fernandes","@id":"https:\/\/jornalfatosenoticias.com.br\/#\/schema\/person\/d63837fa13ac8666eb9e74e0985d6f81"},"headline":"Projeto cria triciclos e carro\u00e7as motorizados para catadores","datePublished":"2020-08-24T15:22:12+00:00","dateModified":"2020-08-24T15:22:13+00:00","mainEntityOfPage":{"@id":"https:\/\/jornalfatosenoticias.com.br\/index.php\/2020\/08\/24\/projeto-cria-triciclos-e-carrocas-motorizados-para-catadores\/"},"wordCount":694,"commentCount":0,"publisher":{"@id":"https:\/\/jornalfatosenoticias.com.br\/#organization"},"image":{"@id":"https:\/\/jornalfatosenoticias.com.br\/index.php\/2020\/08\/24\/projeto-cria-triciclos-e-carrocas-motorizados-para-catadores\/#primaryimage"},"thumbnailUrl":"https:\/\/jornalfatosenoticias.com.br\/wp-content\/uploads\/2020\/08\/carroc\u0327as-do-futuro-1.jpg","keywords":["carro\u00e7a el\u00e9trica","catadores de recicl\u00e1veis","energia renov\u00e1vel","prot\u00f3tipo","reciclagem","triciclos el\u00e9tricos"],"articleSection":["Tecnologia &amp; Inova\u00e7\u00e3o"],"inLanguage":"pt-BR","potentialAction":[{"@type":"CommentAction","name":"Comment","target":["https:\/\/jornalfatosenoticias.com.br\/index.php\/2020\/08\/24\/projeto-cria-triciclos-e-carrocas-motorizados-para-catadores\/#respond"]}]},{"@type":"WebPage","@id":"https:\/\/jornalfatosenoticias.com.br\/index.php\/2020\/08\/24\/projeto-cria-triciclos-e-carrocas-motorizados-para-catadores\/","url":"https:\/\/jornalfatosenoticias.com.br\/index.php\/2020\/08\/24\/projeto-cria-triciclos-e-carrocas-motorizados-para-catadores\/","name":"Projeto cria triciclos e carro\u00e7as motorizados para catadores - Jornal Fatos e Not\u00edcias","isPartOf":{"@id":"https:\/\/jornalfatosenoticias.com.br\/#website"},"primaryImageOfPage":{"@id":"https:\/\/jornalfatosenoticias.com.br\/index.php\/2020\/08\/24\/projeto-cria-triciclos-e-carrocas-motorizados-para-catadores\/#primaryimage"},"image":{"@id":"https:\/\/jornalfatosenoticias.com.br\/index.php\/2020\/08\/24\/projeto-cria-triciclos-e-carrocas-motorizados-para-catadores\/#primaryimage"},"thumbnailUrl":"https:\/\/jornalfatosenoticias.com.br\/wp-content\/uploads\/2020\/08\/carroc\u0327as-do-futuro-1.jpg","datePublished":"2020-08-24T15:22:12+00:00","dateModified":"2020-08-24T15:22:13+00:00","breadcrumb":{"@id":"https:\/\/jornalfatosenoticias.com.br\/index.php\/2020\/08\/24\/projeto-cria-triciclos-e-carrocas-motorizados-para-catadores\/#breadcrumb"},"inLanguage":"pt-BR","potentialAction":[{"@type":"ReadAction","target":["https:\/\/jornalfatosenoticias.com.br\/index.php\/2020\/08\/24\/projeto-cria-triciclos-e-carrocas-motorizados-para-catadores\/"]}]},{"@type":"ImageObject","inLanguage":"pt-BR","@id":"https:\/\/jornalfatosenoticias.com.br\/index.php\/2020\/08\/24\/projeto-cria-triciclos-e-carrocas-motorizados-para-catadores\/#primaryimage","url":"https:\/\/jornalfatosenoticias.com.br\/wp-content\/uploads\/2020\/08\/carroc\u0327as-do-futuro-1.jpg","contentUrl":"https:\/\/jornalfatosenoticias.com.br\/wp-content\/uploads\/2020\/08\/carroc\u0327as-do-futuro-1.jpg","width":1000,"height":643},{"@type":"BreadcrumbList","@id":"https:\/\/jornalfatosenoticias.com.br\/index.php\/2020\/08\/24\/projeto-cria-triciclos-e-carrocas-motorizados-para-catadores\/#breadcrumb","itemListElement":[{"@type":"ListItem","position":1,"name":"In\u00edcio","item":"https:\/\/jornalfatosenoticias.com.br\/"},{"@type":"ListItem","position":2,"name":"Projeto cria triciclos e carro\u00e7as motorizados para catadores"}]},{"@type":"WebSite","@id":"https:\/\/jornalfatosenoticias.com.br\/#website","url":"https:\/\/jornalfatosenoticias.com.br\/","name":"Jornal Fatos e Not\u00edcias","description":"Not\u00edcias em geral","publisher":{"@id":"https:\/\/jornalfatosenoticias.com.br\/#organization"},"potentialAction":[{"@type":"SearchAction","target":{"@type":"EntryPoint","urlTemplate":"https:\/\/jornalfatosenoticias.com.br\/?s={search_term_string}"},"query-input":{"@type":"PropertyValueSpecification","valueRequired":true,"valueName":"search_term_string"}}],"inLanguage":"pt-BR"},{"@type":"Organization","@id":"https:\/\/jornalfatosenoticias.com.br\/#organization","name":"Jornal Fatos e Not\u00edcias","url":"https:\/\/jornalfatosenoticias.com.br\/","logo":{"@type":"ImageObject","inLanguage":"pt-BR","@id":"https:\/\/jornalfatosenoticias.com.br\/#\/schema\/logo\/image\/","url":"https:\/\/jornalfatosenoticias.com.br\/wp-content\/uploads\/2020\/02\/logo120.png","contentUrl":"https:\/\/jornalfatosenoticias.com.br\/wp-content\/uploads\/2020\/02\/logo120.png","width":1227,"height":120,"caption":"Jornal Fatos e Not\u00edcias"},"image":{"@id":"https:\/\/jornalfatosenoticias.com.br\/#\/schema\/logo\/image\/"}},{"@type":"Person","@id":"https:\/\/jornalfatosenoticias.com.br\/#\/schema\/person\/d63837fa13ac8666eb9e74e0985d6f81","name":"Luzimara Fernandes","image":{"@type":"ImageObject","inLanguage":"pt-BR","@id":"https:\/\/jornalfatosenoticias.com.br\/#\/schema\/person\/image\/","url":"https:\/\/jornalfatosenoticias.com.br\/wp-content\/uploads\/2025\/05\/EU_portal.jpg","contentUrl":"https:\/\/jornalfatosenoticias.com.br\/wp-content\/uploads\/2025\/05\/EU_portal.jpg","caption":"Luzimara Fernandes"},"description":"Jornalista MTB 2358-ES","sameAs":["https:\/\/jornalfatosenoticias.com.br"],"url":"https:\/\/jornalfatosenoticias.com.br\/index.php\/author\/luzimara\/"}]}},"cc_featured_image_caption":{"caption_text":"(Foto: Divulga\u00e7\u00e3o)\r\n","source_text":"","source_url":""},"jetpack_featured_media_url":"https:\/\/jornalfatosenoticias.com.br\/wp-content\/uploads\/2020\/08\/carroc\u0327as-do-futuro-1.jpg","_links":{"self":[{"href":"https:\/\/jornalfatosenoticias.com.br\/index.php\/wp-json\/wp\/v2\/posts\/8037","targetHints":{"allow":["GET"]}}],"collection":[{"href":"https:\/\/jornalfatosenoticias.com.br\/index.php\/wp-json\/wp\/v2\/posts"}],"about":[{"href":"https:\/\/jornalfatosenoticias.com.br\/index.php\/wp-json\/wp\/v2\/types\/post"}],"author":[{"embeddable":true,"href":"https:\/\/jornalfatosenoticias.com.br\/index.php\/wp-json\/wp\/v2\/users\/2"}],"replies":[{"embeddable":true,"href":"https:\/\/jornalfatosenoticias.com.br\/index.php\/wp-json\/wp\/v2\/comments?post=8037"}],"version-history":[{"count":0,"href":"https:\/\/jornalfatosenoticias.com.br\/index.php\/wp-json\/wp\/v2\/posts\/8037\/revisions"}],"wp:featuredmedia":[{"embeddable":true,"href":"https:\/\/jornalfatosenoticias.com.br\/index.php\/wp-json\/wp\/v2\/media\/8041"}],"wp:attachment":[{"href":"https:\/\/jornalfatosenoticias.com.br\/index.php\/wp-json\/wp\/v2\/media?parent=8037"}],"wp:term":[{"taxonomy":"category","embeddable":true,"href":"https:\/\/jornalfatosenoticias.com.br\/index.php\/wp-json\/wp\/v2\/categories?post=8037"},{"taxonomy":"post_tag","embeddable":true,"href":"https:\/\/jornalfatosenoticias.com.br\/index.php\/wp-json\/wp\/v2\/tags?post=8037"}],"curies":[{"name":"wp","href":"https:\/\/api.w.org\/{rel}","templated":true}]}}