{"id":8046,"date":"2020-08-24T12:49:20","date_gmt":"2020-08-24T15:49:20","guid":{"rendered":"https:\/\/jornalfatosenoticias.com.br\/?p=8046"},"modified":"2020-08-24T12:49:46","modified_gmt":"2020-08-24T15:49:46","slug":"neste-periodo-em-1942-comecava-a-batalha-de-stalingrado","status":"publish","type":"post","link":"https:\/\/jornalfatosenoticias.com.br\/index.php\/2020\/08\/24\/neste-periodo-em-1942-comecava-a-batalha-de-stalingrado\/","title":{"rendered":"Neste per\u00edodo, em 1942, come\u00e7ava a Batalha de Stalingrado"},"content":{"rendered":"\n<h6 class=\"wp-block-heading\"><em>Uma das batalhas mais sangrentas da hist\u00f3ria mudou os rumos da guerra atrav\u00e9s de uma disputa entre a Wehrmacht e a URSS<\/em><\/h6>\n\n\n\n<p>Napole\u00e3o dizia que: \u201cO moral tinha mais valor que a mera for\u00e7a material\u201d. Os russos provaram isso em Stalingrado. Mas, antes de provarem isso, apenas uma l\u00f3gica era clara para todos: que os russos \u2014 ent\u00e3o socialistas e sovi\u00e9ticos \u2014 tinham tudo para continuar perdendo a guerra. A cada vit\u00f3ria, os invasores alem\u00e3es ficavam mais fortes e eles, mais fracos.<br>A Segunda Guerra Mundial n\u00e3o foi um conflito que envolvia sutilezas. Ganharam os que tinham mais bombas, mais canh\u00f5es e mais bucha de canh\u00e3o, soldados dispostos a matar e morrer. Mas, em Stalingrado, houve tamb\u00e9m uma vit\u00f3ria moral \u2014 vit\u00f3ria do moral, n\u00e3o da moral.<br>Em 1942, os russos j\u00e1 tinham perdido a quase inacredit\u00e1vel soma de seis milh\u00f5es de soldados, metade deles mortos, metade prisioneiros a caminho da morte por maus-tratos. Parte acabou aceitando servir de tropa auxiliar alem\u00e3 para n\u00e3o morrer de fome. Milhares de tanques e avi\u00f5es foram destru\u00eddos ou capturados.<br>A situa\u00e7\u00e3o econ\u00f4mica era at\u00e9 mais grave. Nada menos que tr\u00eas quartos da ind\u00fastria pesada sovi\u00e9tica foram perdidos. Sem carv\u00e3o, ferro e a\u00e7o, como produzir novos tanques e canh\u00f5es? A Alemanha tinha ent\u00e3o quatro vezes mais capacidade industrial do que seu combalido advers\u00e1rio, segundo o historiador brit\u00e2nico Richard Overy, autor de um importante livro sobre o esfor\u00e7o de guerra da Uni\u00e3o Sovi\u00e9tica, Russia\u2019s War \u2014 Blood upon the Snow (A Guerra da R\u00fassia \u2014 Sangue sobre a Neve).<br>A situa\u00e7\u00e3o lembrava 1917, quando derrotas militares russas desintegraram seu ex\u00e9rcito, abrindo caminho tanto para uma vit\u00f3ria (tempor\u00e1ria) alem\u00e3 na frente oriental, como para a Revolu\u00e7\u00e3o Russa. Mas, dessa vez, os alem\u00e3es n\u00e3o estavam interessados em objetivos comuns de uma guerra, como territ\u00f3rio e riquezas.<br>O regime nazista detestava o comunismo e aqueles a quem chamava de \u201cra\u00e7as inferiores\u201d, como os eslavos. E a URSS era a p\u00e1tria do comunismo, povoada por eslavos.<\/p>\n\n\n\n<figure class=\"wp-block-image size-large\"><img loading=\"lazy\" decoding=\"async\" width=\"980\" height=\"657\" src=\"https:\/\/jornalfatosenoticias.com.br\/wp-content\/uploads\/2020\/08\/soldado.png\" alt=\"\" class=\"wp-image-8047\" srcset=\"https:\/\/jornalfatosenoticias.com.br\/wp-content\/uploads\/2020\/08\/soldado.png 980w, https:\/\/jornalfatosenoticias.com.br\/wp-content\/uploads\/2020\/08\/soldado-300x201.png 300w, https:\/\/jornalfatosenoticias.com.br\/wp-content\/uploads\/2020\/08\/soldado-768x515.png 768w\" sizes=\"auto, (max-width: 980px) 100vw, 980px\" \/><figcaption><em>Soldado sovi\u00e9tico medindo um proj\u00e9til alem\u00e3o (Foto: Getty Images)<\/em><\/figcaption><\/figure>\n\n\n\n<p>Em 1941, os russos tinham lutado pessimamente, enfraquecidos pelos expurgos promovidos por Stalin nas for\u00e7as armadas, que tinham deixado no comando um bando de generais med\u00edocres ou cautelosos, e por estrat\u00e9gias e t\u00e1ticas ainda piores. Quisessem ou n\u00e3o, em 1942, eles tinham de lutar melhor, pois estavam literalmente contra a parede \u2014 ou, no caso da cidade de Stalingrado, contra o rio Volga.<br>E os russos j\u00e1 sabiam que os nazistas de Hitler estavam querendo massacr\u00e1-los ou escraviz\u00e1-los. Os planos alem\u00e3es para um p\u00f3s-guerra eram semelhantes ao que Esparta tinha feito na Gr\u00e9cia antiga. Uma classe de vencedores governaria sobre uma massa de servos e escravos.<br>Um dos resolutos generais sovi\u00e9ticos em Stalingrado, Andrei Yeremenko, sentiu na carne a ferocidade nazista. Sua mulher e filho mais novo foram mortos no ataque em 1941. Ele foi ferido sete vezes durante o combate por Stalingrado e chegou a comandar suas tropas de um leito de hospital. Outro general russo, Vassili Chuikov, tamb\u00e9m lutava em meio aos escombros, tendo, \u00e0s vezes, que mudar seu QG de lugar por conta dos combates.<br>O soldado comum agiu do mesmo modo. Parte da raz\u00e3o era resultado de uma disciplina feroz. \u201cCovardes\u201d e desertores eram sumariamente fuzilados; estimam-se em 13.500 os russos fuzilados durante a batalha de Stalingrado (de um total de 158 mil em toda a guerra). Como compara\u00e7\u00e3o, basta dizer que apenas um soldado americano foi fuzilado por deser\u00e7\u00e3o na Segunda Guerra.<br>Nenhum brit\u00e2nico o foi, pois a pena de morte por deser\u00e7\u00e3o fora abolida no Reino Unido depois da Primeira Guerra Mundial, quando cerca de 300 soldados haviam sido executados pela ofensa.<\/p>\n\n\n\n<figure class=\"wp-block-image size-large\"><img loading=\"lazy\" decoding=\"async\" width=\"980\" height=\"632\" src=\"https:\/\/jornalfatosenoticias.com.br\/wp-content\/uploads\/2020\/08\/soldados-russo-e-alemao.jpg\" alt=\"\" class=\"wp-image-8048\" srcset=\"https:\/\/jornalfatosenoticias.com.br\/wp-content\/uploads\/2020\/08\/soldados-russo-e-alemao.jpg 980w, https:\/\/jornalfatosenoticias.com.br\/wp-content\/uploads\/2020\/08\/soldados-russo-e-alemao-300x193.jpg 300w, https:\/\/jornalfatosenoticias.com.br\/wp-content\/uploads\/2020\/08\/soldados-russo-e-alemao-768x495.jpg 768w\" sizes=\"auto, (max-width: 980px) 100vw, 980px\" \/><figcaption><em>Soldado russo e um soldado alem\u00e3o ref\u00e9m de guerra (Foto: Getty Images)<\/em><\/figcaption><\/figure>\n\n\n\n<p>Parte dessa determina\u00e7\u00e3o dos russos era tamb\u00e9m a sensa\u00e7\u00e3o de que a luta com os alem\u00e3es tinha se tornado um combate pela sobreviv\u00eancia. Render-se significava apenas adiar a morte. O \u00f3dio a um inimigo brutal passou a ser um poderoso incentivo para continuar lutando.<br>O nome da cidade obcecava os dois l\u00edderes totalit\u00e1rios. Nenhum queria perder tal s\u00edmbolo. Mas Stalin mostrou-se mais sensato do que Hitler, dessa vez. O alem\u00e3o proibiu a seus militares qualquer retirada quando ainda era poss\u00edvel. O sovi\u00e9tico ouviu conselhos e acatou as delibera\u00e7\u00f5es de seus generais.<br>Era o caso do brilhante Georgi Jukov, que tinha no curr\u00edculo uma Blitzkrieg no padr\u00e3o alem\u00e3o, antes mesmo de os alem\u00e3es a terem posto em pr\u00e1tica (ele derrotara fragorosamente os japoneses, em 1939 na Mong\u00f3lia, com suas colunas blindadas apoiadas pela avia\u00e7\u00e3o).<\/p>\n\n\n\n<p><strong><em>Fonte: <a href=\"https:\/\/aventurasnahistoria.uol.com.br\/noticias\/reportagem\/historia-batalha-stalingrado-virada-historia.phtml\">Aventuras na Hist\u00f3ria<\/a><\/em><\/strong><\/p>\n","protected":false},"excerpt":{"rendered":"<p>Uma das batalhas mais sangrentas da hist\u00f3ria mudou os rumos da guerra atrav\u00e9s de uma disputa entre a Wehrmacht e a URSS Napole\u00e3o dizia que: \u201cO moral tinha mais valor que a mera for\u00e7a material\u201d. Os russos provaram isso em Stalingrado. Mas, antes de provarem isso, apenas uma l\u00f3gica era clara para todos: que os [&hellip;]<\/p>\n","protected":false},"author":2,"featured_media":8049,"comment_status":"open","ping_status":"open","sticky":false,"template":"","format":"standard","meta":{"footnotes":""},"categories":[7],"tags":[416,417,4490,4491,4492,512,419,4493,4494],"class_list":["post-8046","post","type-post","status-publish","format-standard","has-post-thumbnail","hentry","category-educacao","tag-adolf-hitler","tag-alemanha","tag-batalha-de-stalingrado","tag-guerra","tag-josef-stalin","tag-nazismo","tag-segunda-guerra-mundial","tag-socialismo","tag-urss"],"yoast_head":"<!-- This site is optimized with the Yoast SEO plugin v26.5 - https:\/\/yoast.com\/wordpress\/plugins\/seo\/ -->\n<title>Neste per\u00edodo, em 1942, come\u00e7ava a Batalha de Stalingrado - Jornal Fatos e Not\u00edcias<\/title>\n<meta name=\"robots\" content=\"index, follow, max-snippet:-1, max-image-preview:large, max-video-preview:-1\" \/>\n<link rel=\"canonical\" href=\"https:\/\/jornalfatosenoticias.com.br\/index.php\/2020\/08\/24\/neste-periodo-em-1942-comecava-a-batalha-de-stalingrado\/\" \/>\n<meta property=\"og:locale\" content=\"pt_BR\" \/>\n<meta property=\"og:type\" content=\"article\" \/>\n<meta property=\"og:title\" content=\"Neste per\u00edodo, em 1942, come\u00e7ava a Batalha de Stalingrado - Jornal Fatos e Not\u00edcias\" \/>\n<meta property=\"og:description\" content=\"Uma das batalhas mais sangrentas da hist\u00f3ria mudou os rumos da guerra atrav\u00e9s de uma disputa entre a Wehrmacht e a URSS Napole\u00e3o dizia que: \u201cO moral tinha mais valor que a mera for\u00e7a material\u201d. Os russos provaram isso em Stalingrado. Mas, antes de provarem isso, apenas uma l\u00f3gica era clara para todos: que os [&hellip;]\" \/>\n<meta property=\"og:url\" content=\"https:\/\/jornalfatosenoticias.com.br\/index.php\/2020\/08\/24\/neste-periodo-em-1942-comecava-a-batalha-de-stalingrado\/\" \/>\n<meta property=\"og:site_name\" content=\"Jornal Fatos e Not\u00edcias\" \/>\n<meta property=\"article:published_time\" content=\"2020-08-24T15:49:20+00:00\" \/>\n<meta property=\"article:modified_time\" content=\"2020-08-24T15:49:46+00:00\" \/>\n<meta property=\"og:image\" content=\"https:\/\/jornalfatosenoticias.com.br\/wp-content\/uploads\/2020\/08\/Stalingrado_capa.jpg\" \/>\n\t<meta property=\"og:image:width\" content=\"980\" \/>\n\t<meta property=\"og:image:height\" content=\"551\" \/>\n\t<meta property=\"og:image:type\" content=\"image\/jpeg\" \/>\n<meta name=\"author\" content=\"Luzimara Fernandes\" \/>\n<meta name=\"twitter:card\" content=\"summary_large_image\" \/>\n<meta name=\"twitter:label1\" content=\"Escrito por\" \/>\n\t<meta name=\"twitter:data1\" content=\"Luzimara Fernandes\" \/>\n\t<meta name=\"twitter:label2\" content=\"Est. tempo de leitura\" \/>\n\t<meta name=\"twitter:data2\" content=\"4 minutos\" \/>\n<script type=\"application\/ld+json\" class=\"yoast-schema-graph\">{\"@context\":\"https:\/\/schema.org\",\"@graph\":[{\"@type\":\"Article\",\"@id\":\"https:\/\/jornalfatosenoticias.com.br\/index.php\/2020\/08\/24\/neste-periodo-em-1942-comecava-a-batalha-de-stalingrado\/#article\",\"isPartOf\":{\"@id\":\"https:\/\/jornalfatosenoticias.com.br\/index.php\/2020\/08\/24\/neste-periodo-em-1942-comecava-a-batalha-de-stalingrado\/\"},\"author\":{\"name\":\"Luzimara Fernandes\",\"@id\":\"https:\/\/jornalfatosenoticias.com.br\/#\/schema\/person\/d63837fa13ac8666eb9e74e0985d6f81\"},\"headline\":\"Neste per\u00edodo, em 1942, come\u00e7ava a Batalha de Stalingrado\",\"datePublished\":\"2020-08-24T15:49:20+00:00\",\"dateModified\":\"2020-08-24T15:49:46+00:00\",\"mainEntityOfPage\":{\"@id\":\"https:\/\/jornalfatosenoticias.com.br\/index.php\/2020\/08\/24\/neste-periodo-em-1942-comecava-a-batalha-de-stalingrado\/\"},\"wordCount\":837,\"commentCount\":0,\"publisher\":{\"@id\":\"https:\/\/jornalfatosenoticias.com.br\/#organization\"},\"image\":{\"@id\":\"https:\/\/jornalfatosenoticias.com.br\/index.php\/2020\/08\/24\/neste-periodo-em-1942-comecava-a-batalha-de-stalingrado\/#primaryimage\"},\"thumbnailUrl\":\"https:\/\/jornalfatosenoticias.com.br\/wp-content\/uploads\/2020\/08\/Stalingrado_capa.jpg\",\"keywords\":[\"Adolf Hitler\",\"Alemanha\",\"Batalha de Stalingrado\",\"guerra\",\"Josef Stalin\",\"nazismo\",\"Segunda Guerra Mundial\",\"Socialismo\",\"URSS\"],\"articleSection\":[\"Educa\u00e7\u00e3o\"],\"inLanguage\":\"pt-BR\",\"potentialAction\":[{\"@type\":\"CommentAction\",\"name\":\"Comment\",\"target\":[\"https:\/\/jornalfatosenoticias.com.br\/index.php\/2020\/08\/24\/neste-periodo-em-1942-comecava-a-batalha-de-stalingrado\/#respond\"]}]},{\"@type\":\"WebPage\",\"@id\":\"https:\/\/jornalfatosenoticias.com.br\/index.php\/2020\/08\/24\/neste-periodo-em-1942-comecava-a-batalha-de-stalingrado\/\",\"url\":\"https:\/\/jornalfatosenoticias.com.br\/index.php\/2020\/08\/24\/neste-periodo-em-1942-comecava-a-batalha-de-stalingrado\/\",\"name\":\"Neste per\u00edodo, em 1942, come\u00e7ava a Batalha de Stalingrado - Jornal Fatos e Not\u00edcias\",\"isPartOf\":{\"@id\":\"https:\/\/jornalfatosenoticias.com.br\/#website\"},\"primaryImageOfPage\":{\"@id\":\"https:\/\/jornalfatosenoticias.com.br\/index.php\/2020\/08\/24\/neste-periodo-em-1942-comecava-a-batalha-de-stalingrado\/#primaryimage\"},\"image\":{\"@id\":\"https:\/\/jornalfatosenoticias.com.br\/index.php\/2020\/08\/24\/neste-periodo-em-1942-comecava-a-batalha-de-stalingrado\/#primaryimage\"},\"thumbnailUrl\":\"https:\/\/jornalfatosenoticias.com.br\/wp-content\/uploads\/2020\/08\/Stalingrado_capa.jpg\",\"datePublished\":\"2020-08-24T15:49:20+00:00\",\"dateModified\":\"2020-08-24T15:49:46+00:00\",\"breadcrumb\":{\"@id\":\"https:\/\/jornalfatosenoticias.com.br\/index.php\/2020\/08\/24\/neste-periodo-em-1942-comecava-a-batalha-de-stalingrado\/#breadcrumb\"},\"inLanguage\":\"pt-BR\",\"potentialAction\":[{\"@type\":\"ReadAction\",\"target\":[\"https:\/\/jornalfatosenoticias.com.br\/index.php\/2020\/08\/24\/neste-periodo-em-1942-comecava-a-batalha-de-stalingrado\/\"]}]},{\"@type\":\"ImageObject\",\"inLanguage\":\"pt-BR\",\"@id\":\"https:\/\/jornalfatosenoticias.com.br\/index.php\/2020\/08\/24\/neste-periodo-em-1942-comecava-a-batalha-de-stalingrado\/#primaryimage\",\"url\":\"https:\/\/jornalfatosenoticias.com.br\/wp-content\/uploads\/2020\/08\/Stalingrado_capa.jpg\",\"contentUrl\":\"https:\/\/jornalfatosenoticias.com.br\/wp-content\/uploads\/2020\/08\/Stalingrado_capa.jpg\",\"width\":980,\"height\":551},{\"@type\":\"BreadcrumbList\",\"@id\":\"https:\/\/jornalfatosenoticias.com.br\/index.php\/2020\/08\/24\/neste-periodo-em-1942-comecava-a-batalha-de-stalingrado\/#breadcrumb\",\"itemListElement\":[{\"@type\":\"ListItem\",\"position\":1,\"name\":\"In\u00edcio\",\"item\":\"https:\/\/jornalfatosenoticias.com.br\/\"},{\"@type\":\"ListItem\",\"position\":2,\"name\":\"Neste per\u00edodo, em 1942, come\u00e7ava a Batalha de Stalingrado\"}]},{\"@type\":\"WebSite\",\"@id\":\"https:\/\/jornalfatosenoticias.com.br\/#website\",\"url\":\"https:\/\/jornalfatosenoticias.com.br\/\",\"name\":\"Jornal Fatos e Not\u00edcias\",\"description\":\"Not\u00edcias em geral\",\"publisher\":{\"@id\":\"https:\/\/jornalfatosenoticias.com.br\/#organization\"},\"potentialAction\":[{\"@type\":\"SearchAction\",\"target\":{\"@type\":\"EntryPoint\",\"urlTemplate\":\"https:\/\/jornalfatosenoticias.com.br\/?s={search_term_string}\"},\"query-input\":{\"@type\":\"PropertyValueSpecification\",\"valueRequired\":true,\"valueName\":\"search_term_string\"}}],\"inLanguage\":\"pt-BR\"},{\"@type\":\"Organization\",\"@id\":\"https:\/\/jornalfatosenoticias.com.br\/#organization\",\"name\":\"Jornal Fatos e Not\u00edcias\",\"url\":\"https:\/\/jornalfatosenoticias.com.br\/\",\"logo\":{\"@type\":\"ImageObject\",\"inLanguage\":\"pt-BR\",\"@id\":\"https:\/\/jornalfatosenoticias.com.br\/#\/schema\/logo\/image\/\",\"url\":\"https:\/\/jornalfatosenoticias.com.br\/wp-content\/uploads\/2020\/02\/logo120.png\",\"contentUrl\":\"https:\/\/jornalfatosenoticias.com.br\/wp-content\/uploads\/2020\/02\/logo120.png\",\"width\":1227,\"height\":120,\"caption\":\"Jornal Fatos e Not\u00edcias\"},\"image\":{\"@id\":\"https:\/\/jornalfatosenoticias.com.br\/#\/schema\/logo\/image\/\"}},{\"@type\":\"Person\",\"@id\":\"https:\/\/jornalfatosenoticias.com.br\/#\/schema\/person\/d63837fa13ac8666eb9e74e0985d6f81\",\"name\":\"Luzimara Fernandes\",\"image\":{\"@type\":\"ImageObject\",\"inLanguage\":\"pt-BR\",\"@id\":\"https:\/\/jornalfatosenoticias.com.br\/#\/schema\/person\/image\/\",\"url\":\"https:\/\/jornalfatosenoticias.com.br\/wp-content\/uploads\/2025\/05\/EU_portal.jpg\",\"contentUrl\":\"https:\/\/jornalfatosenoticias.com.br\/wp-content\/uploads\/2025\/05\/EU_portal.jpg\",\"caption\":\"Luzimara Fernandes\"},\"description\":\"Jornalista MTB 2358-ES\",\"sameAs\":[\"https:\/\/jornalfatosenoticias.com.br\"],\"url\":\"https:\/\/jornalfatosenoticias.com.br\/index.php\/author\/luzimara\/\"}]}<\/script>\n<!-- \/ Yoast SEO plugin. -->","yoast_head_json":{"title":"Neste per\u00edodo, em 1942, come\u00e7ava a Batalha de Stalingrado - Jornal Fatos e Not\u00edcias","robots":{"index":"index","follow":"follow","max-snippet":"max-snippet:-1","max-image-preview":"max-image-preview:large","max-video-preview":"max-video-preview:-1"},"canonical":"https:\/\/jornalfatosenoticias.com.br\/index.php\/2020\/08\/24\/neste-periodo-em-1942-comecava-a-batalha-de-stalingrado\/","og_locale":"pt_BR","og_type":"article","og_title":"Neste per\u00edodo, em 1942, come\u00e7ava a Batalha de Stalingrado - Jornal Fatos e Not\u00edcias","og_description":"Uma das batalhas mais sangrentas da hist\u00f3ria mudou os rumos da guerra atrav\u00e9s de uma disputa entre a Wehrmacht e a URSS Napole\u00e3o dizia que: \u201cO moral tinha mais valor que a mera for\u00e7a material\u201d. Os russos provaram isso em Stalingrado. Mas, antes de provarem isso, apenas uma l\u00f3gica era clara para todos: que os [&hellip;]","og_url":"https:\/\/jornalfatosenoticias.com.br\/index.php\/2020\/08\/24\/neste-periodo-em-1942-comecava-a-batalha-de-stalingrado\/","og_site_name":"Jornal Fatos e Not\u00edcias","article_published_time":"2020-08-24T15:49:20+00:00","article_modified_time":"2020-08-24T15:49:46+00:00","og_image":[{"width":980,"height":551,"url":"https:\/\/jornalfatosenoticias.com.br\/wp-content\/uploads\/2020\/08\/Stalingrado_capa.jpg","type":"image\/jpeg"}],"author":"Luzimara Fernandes","twitter_card":"summary_large_image","twitter_misc":{"Escrito por":"Luzimara Fernandes","Est. tempo de leitura":"4 minutos"},"schema":{"@context":"https:\/\/schema.org","@graph":[{"@type":"Article","@id":"https:\/\/jornalfatosenoticias.com.br\/index.php\/2020\/08\/24\/neste-periodo-em-1942-comecava-a-batalha-de-stalingrado\/#article","isPartOf":{"@id":"https:\/\/jornalfatosenoticias.com.br\/index.php\/2020\/08\/24\/neste-periodo-em-1942-comecava-a-batalha-de-stalingrado\/"},"author":{"name":"Luzimara Fernandes","@id":"https:\/\/jornalfatosenoticias.com.br\/#\/schema\/person\/d63837fa13ac8666eb9e74e0985d6f81"},"headline":"Neste per\u00edodo, em 1942, come\u00e7ava a Batalha de Stalingrado","datePublished":"2020-08-24T15:49:20+00:00","dateModified":"2020-08-24T15:49:46+00:00","mainEntityOfPage":{"@id":"https:\/\/jornalfatosenoticias.com.br\/index.php\/2020\/08\/24\/neste-periodo-em-1942-comecava-a-batalha-de-stalingrado\/"},"wordCount":837,"commentCount":0,"publisher":{"@id":"https:\/\/jornalfatosenoticias.com.br\/#organization"},"image":{"@id":"https:\/\/jornalfatosenoticias.com.br\/index.php\/2020\/08\/24\/neste-periodo-em-1942-comecava-a-batalha-de-stalingrado\/#primaryimage"},"thumbnailUrl":"https:\/\/jornalfatosenoticias.com.br\/wp-content\/uploads\/2020\/08\/Stalingrado_capa.jpg","keywords":["Adolf Hitler","Alemanha","Batalha de Stalingrado","guerra","Josef Stalin","nazismo","Segunda Guerra Mundial","Socialismo","URSS"],"articleSection":["Educa\u00e7\u00e3o"],"inLanguage":"pt-BR","potentialAction":[{"@type":"CommentAction","name":"Comment","target":["https:\/\/jornalfatosenoticias.com.br\/index.php\/2020\/08\/24\/neste-periodo-em-1942-comecava-a-batalha-de-stalingrado\/#respond"]}]},{"@type":"WebPage","@id":"https:\/\/jornalfatosenoticias.com.br\/index.php\/2020\/08\/24\/neste-periodo-em-1942-comecava-a-batalha-de-stalingrado\/","url":"https:\/\/jornalfatosenoticias.com.br\/index.php\/2020\/08\/24\/neste-periodo-em-1942-comecava-a-batalha-de-stalingrado\/","name":"Neste per\u00edodo, em 1942, come\u00e7ava a Batalha de Stalingrado - Jornal Fatos e Not\u00edcias","isPartOf":{"@id":"https:\/\/jornalfatosenoticias.com.br\/#website"},"primaryImageOfPage":{"@id":"https:\/\/jornalfatosenoticias.com.br\/index.php\/2020\/08\/24\/neste-periodo-em-1942-comecava-a-batalha-de-stalingrado\/#primaryimage"},"image":{"@id":"https:\/\/jornalfatosenoticias.com.br\/index.php\/2020\/08\/24\/neste-periodo-em-1942-comecava-a-batalha-de-stalingrado\/#primaryimage"},"thumbnailUrl":"https:\/\/jornalfatosenoticias.com.br\/wp-content\/uploads\/2020\/08\/Stalingrado_capa.jpg","datePublished":"2020-08-24T15:49:20+00:00","dateModified":"2020-08-24T15:49:46+00:00","breadcrumb":{"@id":"https:\/\/jornalfatosenoticias.com.br\/index.php\/2020\/08\/24\/neste-periodo-em-1942-comecava-a-batalha-de-stalingrado\/#breadcrumb"},"inLanguage":"pt-BR","potentialAction":[{"@type":"ReadAction","target":["https:\/\/jornalfatosenoticias.com.br\/index.php\/2020\/08\/24\/neste-periodo-em-1942-comecava-a-batalha-de-stalingrado\/"]}]},{"@type":"ImageObject","inLanguage":"pt-BR","@id":"https:\/\/jornalfatosenoticias.com.br\/index.php\/2020\/08\/24\/neste-periodo-em-1942-comecava-a-batalha-de-stalingrado\/#primaryimage","url":"https:\/\/jornalfatosenoticias.com.br\/wp-content\/uploads\/2020\/08\/Stalingrado_capa.jpg","contentUrl":"https:\/\/jornalfatosenoticias.com.br\/wp-content\/uploads\/2020\/08\/Stalingrado_capa.jpg","width":980,"height":551},{"@type":"BreadcrumbList","@id":"https:\/\/jornalfatosenoticias.com.br\/index.php\/2020\/08\/24\/neste-periodo-em-1942-comecava-a-batalha-de-stalingrado\/#breadcrumb","itemListElement":[{"@type":"ListItem","position":1,"name":"In\u00edcio","item":"https:\/\/jornalfatosenoticias.com.br\/"},{"@type":"ListItem","position":2,"name":"Neste per\u00edodo, em 1942, come\u00e7ava a Batalha de Stalingrado"}]},{"@type":"WebSite","@id":"https:\/\/jornalfatosenoticias.com.br\/#website","url":"https:\/\/jornalfatosenoticias.com.br\/","name":"Jornal Fatos e Not\u00edcias","description":"Not\u00edcias em geral","publisher":{"@id":"https:\/\/jornalfatosenoticias.com.br\/#organization"},"potentialAction":[{"@type":"SearchAction","target":{"@type":"EntryPoint","urlTemplate":"https:\/\/jornalfatosenoticias.com.br\/?s={search_term_string}"},"query-input":{"@type":"PropertyValueSpecification","valueRequired":true,"valueName":"search_term_string"}}],"inLanguage":"pt-BR"},{"@type":"Organization","@id":"https:\/\/jornalfatosenoticias.com.br\/#organization","name":"Jornal Fatos e Not\u00edcias","url":"https:\/\/jornalfatosenoticias.com.br\/","logo":{"@type":"ImageObject","inLanguage":"pt-BR","@id":"https:\/\/jornalfatosenoticias.com.br\/#\/schema\/logo\/image\/","url":"https:\/\/jornalfatosenoticias.com.br\/wp-content\/uploads\/2020\/02\/logo120.png","contentUrl":"https:\/\/jornalfatosenoticias.com.br\/wp-content\/uploads\/2020\/02\/logo120.png","width":1227,"height":120,"caption":"Jornal Fatos e Not\u00edcias"},"image":{"@id":"https:\/\/jornalfatosenoticias.com.br\/#\/schema\/logo\/image\/"}},{"@type":"Person","@id":"https:\/\/jornalfatosenoticias.com.br\/#\/schema\/person\/d63837fa13ac8666eb9e74e0985d6f81","name":"Luzimara Fernandes","image":{"@type":"ImageObject","inLanguage":"pt-BR","@id":"https:\/\/jornalfatosenoticias.com.br\/#\/schema\/person\/image\/","url":"https:\/\/jornalfatosenoticias.com.br\/wp-content\/uploads\/2025\/05\/EU_portal.jpg","contentUrl":"https:\/\/jornalfatosenoticias.com.br\/wp-content\/uploads\/2025\/05\/EU_portal.jpg","caption":"Luzimara Fernandes"},"description":"Jornalista MTB 2358-ES","sameAs":["https:\/\/jornalfatosenoticias.com.br"],"url":"https:\/\/jornalfatosenoticias.com.br\/index.php\/author\/luzimara\/"}]}},"cc_featured_image_caption":{"caption_text":"(Foto: Wikimedia Commons)","source_text":"","source_url":""},"jetpack_featured_media_url":"https:\/\/jornalfatosenoticias.com.br\/wp-content\/uploads\/2020\/08\/Stalingrado_capa.jpg","_links":{"self":[{"href":"https:\/\/jornalfatosenoticias.com.br\/index.php\/wp-json\/wp\/v2\/posts\/8046","targetHints":{"allow":["GET"]}}],"collection":[{"href":"https:\/\/jornalfatosenoticias.com.br\/index.php\/wp-json\/wp\/v2\/posts"}],"about":[{"href":"https:\/\/jornalfatosenoticias.com.br\/index.php\/wp-json\/wp\/v2\/types\/post"}],"author":[{"embeddable":true,"href":"https:\/\/jornalfatosenoticias.com.br\/index.php\/wp-json\/wp\/v2\/users\/2"}],"replies":[{"embeddable":true,"href":"https:\/\/jornalfatosenoticias.com.br\/index.php\/wp-json\/wp\/v2\/comments?post=8046"}],"version-history":[{"count":0,"href":"https:\/\/jornalfatosenoticias.com.br\/index.php\/wp-json\/wp\/v2\/posts\/8046\/revisions"}],"wp:featuredmedia":[{"embeddable":true,"href":"https:\/\/jornalfatosenoticias.com.br\/index.php\/wp-json\/wp\/v2\/media\/8049"}],"wp:attachment":[{"href":"https:\/\/jornalfatosenoticias.com.br\/index.php\/wp-json\/wp\/v2\/media?parent=8046"}],"wp:term":[{"taxonomy":"category","embeddable":true,"href":"https:\/\/jornalfatosenoticias.com.br\/index.php\/wp-json\/wp\/v2\/categories?post=8046"},{"taxonomy":"post_tag","embeddable":true,"href":"https:\/\/jornalfatosenoticias.com.br\/index.php\/wp-json\/wp\/v2\/tags?post=8046"}],"curies":[{"name":"wp","href":"https:\/\/api.w.org\/{rel}","templated":true}]}}