{"id":8123,"date":"2020-08-26T08:34:02","date_gmt":"2020-08-26T11:34:02","guid":{"rendered":"https:\/\/jornalfatosenoticias.com.br\/?p=8123"},"modified":"2020-08-27T08:38:04","modified_gmt":"2020-08-27T11:38:04","slug":"acredito-na-transformacao-pela-educacao","status":"publish","type":"post","link":"https:\/\/jornalfatosenoticias.com.br\/index.php\/2020\/08\/26\/acredito-na-transformacao-pela-educacao\/","title":{"rendered":"\u201cAcredito na transforma\u00e7\u00e3o pela educa\u00e7\u00e3o\u201d"},"content":{"rendered":"\n<h6 class=\"wp-block-heading\"><em>A educa\u00e7\u00e3o n\u00e3o d\u00e1 voto, mas transforma uma cidade e eu sou prova disso, pois transformou a minha vida<\/em><\/h6>\n\n\n\n<p>Pr\u00e9-candidata \u00e0 prefeita pela Serra\/ES, delegada Gracimeri Gaviorno, falou \u00e0 coluna Olhar de uma Lente sobre sua trajet\u00f3ria. Nascida em Colatina e, h\u00e1 25 anos, morando em Manoel Plaza, ingressou na pol\u00edcia civil como perita papilosc\u00f3pica e depois como delegada, atrav\u00e9s de concursos. Formada em Direito e com duas p\u00f3s-gradua\u00e7\u00f5es pela Universidade Federal do Esp\u00edrito Santo (Ufes), al\u00e9m de um mestrado e um doutorado em outra institui\u00e7\u00e3o, diz que a vida nunca foi f\u00e1cil para ela.<br>Com quinze anos, teve a sua carteira profissional assinada por um supermercado, fez mec\u00e2nica na antiga Escola T\u00e9cnica Federal, estagiou na Vale e como pensava em concluir um curso superior, precisa passar na Ufes, porque n\u00e3o tinha recursos para estudar nas institui\u00e7\u00f5es privadas da \u00e9poca.<br>\u201cTrabalhei em v\u00e1rias delegacias do interior e da Grande Vit\u00f3ria, fui Superintendente de Pol\u00edcia T\u00e9cnico-Cient\u00edfica, fui chefe de pol\u00edcia e subsecret\u00e1ria de Integra\u00e7\u00e3o Institucional na Seguran\u00e7a P\u00fablica, assumi a subsecretaria de Inclus\u00e3o Social e Cidadania da Secretaria de Direitos Humanos do governo do Estado e, por fim, em 2019, fui Ouvidora, me aposentando para come\u00e7ar uma nova caminhada dedicada \u00e0 cidade que tanto amo, a Serra.<br>\u201cEm 2018, eu me inscrevi num concurso nacional que premia trajet\u00f3ria do servi\u00e7o p\u00fablico\u2026 foram doze finalistas na \u00e1rea de seguran\u00e7a, na \u00e1rea de educa\u00e7\u00e3o, na \u00e1rea de gest\u00e3o e na \u00e1rea de meio ambiente e eu fui uma dessas pessoas. Como premia\u00e7\u00e3o, fomos a Londres conhecer a excel\u00eancia dos servi\u00e7os p\u00fablicos, tivemos uma forma\u00e7\u00e3o em Londres onde fiquei encantada com o modelo de gest\u00e3o, como a cidade se relacionava com o cidad\u00e3o. O cidad\u00e3o era estimulado a participar, indicava suas prioridades, n\u00e3o interferia na gest\u00e3o t\u00e9cnica, por\u00e9m, monitorava o movimento das pol\u00edticas p\u00fablicas e fiscalizava o emprego do dinheiro p\u00fablico. A\u00ed, tinham dois desafios quando a gente traz isso para o nosso Pa\u00eds. Primeiro, estimular o cidad\u00e3o a participar, essa vontade de fazer o cidad\u00e3o participar e, segundo, o poder p\u00fablico deixar o cidad\u00e3o participar, s\u00e3o dois vi\u00e9s de olhar. Quando h\u00e1 esse encontro, a gente v\u00ea que os resultados s\u00e3o infinitamente melhores. At\u00e9 mesmo para identificar quando uma pol\u00edtica p\u00fablica implantada n\u00e3o deu certo\u201d.<\/p>\n\n\n\n<blockquote class=\"wp-block-quote is-layout-flow wp-block-quote-is-layout-flow\"><p>&#8220;A educa\u00e7\u00e3o n\u00e3o d\u00e1 voto, mas transforma uma cidade e eu sou prova disso, pois transformou a minha vida. Se n\u00e3o fosse a educa\u00e7\u00e3o, eu estaria como muitos amigos que se perderem para a droga ou outros malef\u00edcios&#8221;<\/p><\/blockquote>\n\n\n\n<p><br>Em maio de 2018, Gracimeri foi convidada a entrar na pol\u00edtica estadual. \u201cEu estava muito focada no desenvolvimento de pol\u00edtica p\u00fablica e nunca tinha feito pol\u00edtica partid\u00e1ria, ent\u00e3o eu rejeitei porque n\u00e3o era o meu plano de vida. Quando eu voltei de Londres, entendi que podia fazer mais pela minha cidade. Nesses quarenta e quatro anos que eu estou aqui eu n\u00e3o tenho visto uma gest\u00e3o focada nas pessoas, a gente conversa com a popula\u00e7\u00e3o, com os empres\u00e1rios e observamos que eles se sentem muito abandonados. Os empres\u00e1rios t\u00eam dificuldades com a burocracia emperrada que o modelo de gest\u00e3o tem em v\u00e1rios n\u00edveis e, aqui, no nosso munic\u00edpio, n\u00e3o \u00e9 diferente, \u00e0s vezes voc\u00ea tem que peregrinar em v\u00e1rios \u00f3rg\u00e3os e \u00e0s vezes os \u00f3rg\u00e3os n\u00e3o apresentam solu\u00e7\u00e3o. A gest\u00e3o atual \u00e9 ultrapassada, inviabiliza muitos neg\u00f3cios\u201d, critica.<br>\u201cQuando vou estudar a Serra, e essa \u00e9 a parte que me move, \u00e9 uma reclama\u00e7\u00e3o geral. Uma comunidade reclamando do atendimento de uma unidade de sa\u00fade, os indicativos educacionais bem abaixo da m\u00e9dia, percebo que a verdade \u00e9 que estamos emperrados. Essa disputa pol\u00edtica que vivemos h\u00e1 vinte e quatro anos est\u00e1 saindo caro para o munic\u00edpio. A popula\u00e7\u00e3o est\u00e1 desassistida, temos uma cidade de amigos ou de parentes, n\u00e3o temos uma cidade de cidadania. Quando a gente v\u00ea publica\u00e7\u00f5es dizendo que vivemos num modelo de capitania, isso ofende nossa cidadania, ofende a cidadania das mais de 500 mil pessoas que vivem aqui\u201d.<br>\u201cOs servi\u00e7os de sa\u00fade est\u00e3o prec\u00e1rios, porque a gest\u00e3o n\u00e3o prioriza as pessoas. Quando falo em priorizar as pessoas eu digo priorizar os servi\u00e7os p\u00fablicos, os servidores tamb\u00e9m, isso \u00e9 uma corrente. Temos defici\u00eancias de gest\u00e3o de pessoas muito graves aqui no munic\u00edpio, isso precisa se alinhar. Uma cidade como a nossa podia estar muito l\u00e1 na frente, estamos atrasados\u201d, ressalta.<br>\u201cA mentalidade dos nossos gestores \u00e9 fazer algo para que ele seja lembrado e que se transforme em voto. Quando falo da educa\u00e7\u00e3o, me vem \u00e0 cabe\u00e7a esse modelo falido. A educa\u00e7\u00e3o n\u00e3o d\u00e1 voto, mas transforma uma cidade e eu sou prova disso, pois transformou a minha vida. Se n\u00e3o fosse a educa\u00e7\u00e3o, eu estaria como muitos amigos que se perderem para a droga ou outros malef\u00edcios. Se pegarmos o \u00edndice de aproveitamento, vimos que os nossos jovens saem do nono ano com 11% de aproveitamento em matem\u00e1tica e portugu\u00eas. Esses jovens n\u00e3o v\u00e3o entrar no mercado de trabalho, n\u00e3o v\u00e3o desenvolver o ensino m\u00e9dio, v\u00e3o ficar sujeitos, na maioria das vezes, ao tr\u00e1fico de drogas. Ou ele vai matar, ou ele vai roubar ou ele vai morrer\u201d, enfatiza.<\/p>\n\n\n\n<figure class=\"wp-block-image size-large\"><img loading=\"lazy\" decoding=\"async\" width=\"980\" height=\"481\" src=\"https:\/\/jornalfatosenoticias.com.br\/wp-content\/uploads\/2020\/08\/Mestre-Alvaro-364.jpg\" alt=\"\" class=\"wp-image-8125\" srcset=\"https:\/\/jornalfatosenoticias.com.br\/wp-content\/uploads\/2020\/08\/Mestre-Alvaro-364.jpg 980w, https:\/\/jornalfatosenoticias.com.br\/wp-content\/uploads\/2020\/08\/Mestre-Alvaro-364-300x147.jpg 300w, https:\/\/jornalfatosenoticias.com.br\/wp-content\/uploads\/2020\/08\/Mestre-Alvaro-364-768x377.jpg 768w\" sizes=\"auto, (max-width: 980px) 100vw, 980px\" \/><figcaption><em>Mestre \u00c1lvaro (Foto: Site Hotel Serra Grande)<\/em><\/figcaption><\/figure>\n\n\n\n<p>\u201cQuando pegamos munic\u00edpios vizinhos, como Vit\u00f3ria e Vila Velha, eles t\u00eam 24% de aproveitamento, e olha que n\u00e3o s\u00e3o modelos educacionais, mas s\u00e3o mais que o dobro do nosso munic\u00edpio, que tem a segunda maior arrecada\u00e7\u00e3o do Estado\u201d.<br>\u201cAt\u00e9 maio, n\u00f3s gastamos R$ 136 milh\u00f5es em educa\u00e7\u00e3o, s\u00f3 que nossa educa\u00e7\u00e3o estava parada, nossos alunos estavam em casa, um ano perdido. Tivemos custos e os professores n\u00e3o foram acionados para discutir, a pandemia \u00e9 algo novo, ningu\u00e9m viveu isso, mas n\u00e3o \u00e9 porque ningu\u00e9m viveu que a gente tenha que ficar parado, os professores n\u00e3o podem ficar em casa sem estar discutindo a viabilidade de prestar um servi\u00e7o que est\u00e1 caro, estou falando de um servi\u00e7o que n\u00e3o foi prestado\u201d, alerta.<\/p>\n\n\n\n<blockquote class=\"wp-block-quote is-layout-flow wp-block-quote-is-layout-flow\"><p>\u201cComo a gente casa uma Serra de oportunidades para essas pessoas que n\u00e3o acessam essas oportunidades? Para quem estamos produzindo riqueza? Que munic\u00edpio \u00e9 esse grandioso, rico e pobre ao mesmo tempo?\u201d, questiona.<\/p><\/blockquote>\n\n\n\n<p>\u201cN\u00f3s temos oferta de empregos, mas elas n\u00e3o contemplam os nossos jovens, n\u00e3o contemplam os nossos trabalhadores. Temos pessoas que trabalham em Viana, em Cariacica ou Vila Velha, por sua voca\u00e7\u00e3o n\u00e3o ter sido direcionada para as necessidades do munic\u00edpio. Essas pessoas saem de casa \u00e0s quatro e meia da manh\u00e3 e chegam \u00e0s oito da noite, que qualidade de vida tem essa pessoa?\u201d, indaga.<br>\u201cN\u00e3o posso falar das quest\u00f5es sociais como caixinhas separadas porque elas se interligam. Quando falo de educa\u00e7\u00e3o tenho que abordar o trabalho e renda. Temos a assist\u00eancia social que fechou os Centros de Refer\u00eancia de Assist\u00eancia Social (Cras), durante a pandemia, ningu\u00e9m entende, \u00e9 inexplic\u00e1vel, n\u00e3o tem l\u00f3gica, essa conta n\u00e3o fecha\u201d.<br>\u201cN\u00e3o tenho uma carreira pol\u00edtica, me aposentei agora em abril, estou como pr\u00e9-candidata porque eu entendo que o meu prop\u00f3sito de vida \u00e9 cuidar do coletivo. Temos problemas que n\u00e3o d\u00e1 para maquiar, n\u00e3o \u00e9 s\u00f3 parque da cidade. Existem, na comunidade de Taquara, moradias irregulares em cima de esgoto, por exemplo, ent\u00e3o, se n\u00e3o colocarmos t\u00e9cnicos qualificados no topo e na base e o gestor n\u00e3o dizer para eles que a prioridade s\u00e3o pessoas e que eles s\u00e3o parte desse processo e o governo orientar essas pessoas a caminharem, a gente nunca far\u00e1 diferente\u201d, finalizou.<\/p>\n\n\n\n<p><em><strong>Errata:<\/strong> foi dito nessa mat\u00e9ria que a ex-delegada tinha, al\u00e9m das  gradua\u00e7\u00e3o e p\u00f3s-gradua\u00e7\u00e3o, mestrado e doutorado pela Ufes. Mas, na realidade, o mestrado e o doutorado foram realizados em outra institui\u00e7\u00e3o. A mat\u00e9ria foi corrigida em 27\/08\/2020, \u00e0s 8:30.<\/em><\/p>\n","protected":false},"excerpt":{"rendered":"<p>A educa\u00e7\u00e3o n\u00e3o d\u00e1 voto, mas transforma uma cidade e eu sou prova disso, pois transformou a minha vida Pr\u00e9-candidata \u00e0 prefeita pela Serra\/ES, delegada Gracimeri Gaviorno, falou \u00e0 coluna Olhar de uma Lente sobre sua trajet\u00f3ria. Nascida em Colatina e, h\u00e1 25 anos, morando em Manoel Plaza, ingressou na pol\u00edcia civil como perita papilosc\u00f3pica [&hellip;]<\/p>\n","protected":false},"author":3,"featured_media":8124,"comment_status":"open","ping_status":"open","sticky":false,"template":"","format":"standard","meta":{"footnotes":""},"categories":[10],"tags":[345,545,4511],"class_list":["post-8123","post","type-post","status-publish","format-standard","has-post-thumbnail","hentry","category-politica","tag-educacao","tag-politica","tag-transformacao"],"yoast_head":"<!-- This site is optimized with the Yoast SEO plugin v26.5 - https:\/\/yoast.com\/wordpress\/plugins\/seo\/ -->\n<title>\u201cAcredito na transforma\u00e7\u00e3o pela educa\u00e7\u00e3o\u201d - Jornal Fatos e Not\u00edcias<\/title>\n<meta name=\"robots\" content=\"index, follow, max-snippet:-1, max-image-preview:large, max-video-preview:-1\" \/>\n<link rel=\"canonical\" href=\"https:\/\/jornalfatosenoticias.com.br\/index.php\/2020\/08\/26\/acredito-na-transformacao-pela-educacao\/\" \/>\n<meta property=\"og:locale\" content=\"pt_BR\" \/>\n<meta property=\"og:type\" content=\"article\" \/>\n<meta property=\"og:title\" content=\"\u201cAcredito na transforma\u00e7\u00e3o pela educa\u00e7\u00e3o\u201d - Jornal Fatos e Not\u00edcias\" \/>\n<meta property=\"og:description\" content=\"A educa\u00e7\u00e3o n\u00e3o d\u00e1 voto, mas transforma uma cidade e eu sou prova disso, pois transformou a minha vida Pr\u00e9-candidata \u00e0 prefeita pela Serra\/ES, delegada Gracimeri Gaviorno, falou \u00e0 coluna Olhar de uma Lente sobre sua trajet\u00f3ria. Nascida em Colatina e, h\u00e1 25 anos, morando em Manoel Plaza, ingressou na pol\u00edcia civil como perita papilosc\u00f3pica [&hellip;]\" \/>\n<meta property=\"og:url\" content=\"https:\/\/jornalfatosenoticias.com.br\/index.php\/2020\/08\/26\/acredito-na-transformacao-pela-educacao\/\" \/>\n<meta property=\"og:site_name\" content=\"Jornal Fatos e Not\u00edcias\" \/>\n<meta property=\"article:published_time\" content=\"2020-08-26T11:34:02+00:00\" \/>\n<meta property=\"article:modified_time\" content=\"2020-08-27T11:38:04+00:00\" \/>\n<meta property=\"og:image\" content=\"https:\/\/jornalfatosenoticias.com.br\/wp-content\/uploads\/2020\/08\/gracimere.jpg\" \/>\n\t<meta property=\"og:image:width\" content=\"980\" \/>\n\t<meta property=\"og:image:height\" content=\"739\" \/>\n\t<meta property=\"og:image:type\" content=\"image\/jpeg\" \/>\n<meta name=\"author\" content=\"Haroldo Filho\" \/>\n<meta name=\"twitter:card\" content=\"summary_large_image\" \/>\n<meta name=\"twitter:label1\" content=\"Escrito por\" \/>\n\t<meta name=\"twitter:data1\" content=\"Haroldo Filho\" \/>\n\t<meta name=\"twitter:label2\" content=\"Est. tempo de leitura\" \/>\n\t<meta name=\"twitter:data2\" content=\"7 minutos\" \/>\n<script type=\"application\/ld+json\" class=\"yoast-schema-graph\">{\"@context\":\"https:\/\/schema.org\",\"@graph\":[{\"@type\":\"Article\",\"@id\":\"https:\/\/jornalfatosenoticias.com.br\/index.php\/2020\/08\/26\/acredito-na-transformacao-pela-educacao\/#article\",\"isPartOf\":{\"@id\":\"https:\/\/jornalfatosenoticias.com.br\/index.php\/2020\/08\/26\/acredito-na-transformacao-pela-educacao\/\"},\"author\":{\"name\":\"Haroldo Filho\",\"@id\":\"https:\/\/jornalfatosenoticias.com.br\/#\/schema\/person\/05c46cc25b42a5c27e004fb0fa6b4965\"},\"headline\":\"\u201cAcredito na transforma\u00e7\u00e3o pela educa\u00e7\u00e3o\u201d\",\"datePublished\":\"2020-08-26T11:34:02+00:00\",\"dateModified\":\"2020-08-27T11:38:04+00:00\",\"mainEntityOfPage\":{\"@id\":\"https:\/\/jornalfatosenoticias.com.br\/index.php\/2020\/08\/26\/acredito-na-transformacao-pela-educacao\/\"},\"wordCount\":1422,\"commentCount\":0,\"publisher\":{\"@id\":\"https:\/\/jornalfatosenoticias.com.br\/#organization\"},\"image\":{\"@id\":\"https:\/\/jornalfatosenoticias.com.br\/index.php\/2020\/08\/26\/acredito-na-transformacao-pela-educacao\/#primaryimage\"},\"thumbnailUrl\":\"https:\/\/jornalfatosenoticias.com.br\/wp-content\/uploads\/2020\/08\/gracimere.jpg\",\"keywords\":[\"educa\u00e7\u00e3o\",\"pol\u00edtica\",\"transforma\u00e7\u00e3o\"],\"articleSection\":[\"Pol\u00edtica\"],\"inLanguage\":\"pt-BR\",\"potentialAction\":[{\"@type\":\"CommentAction\",\"name\":\"Comment\",\"target\":[\"https:\/\/jornalfatosenoticias.com.br\/index.php\/2020\/08\/26\/acredito-na-transformacao-pela-educacao\/#respond\"]}]},{\"@type\":\"WebPage\",\"@id\":\"https:\/\/jornalfatosenoticias.com.br\/index.php\/2020\/08\/26\/acredito-na-transformacao-pela-educacao\/\",\"url\":\"https:\/\/jornalfatosenoticias.com.br\/index.php\/2020\/08\/26\/acredito-na-transformacao-pela-educacao\/\",\"name\":\"\u201cAcredito na transforma\u00e7\u00e3o pela educa\u00e7\u00e3o\u201d - Jornal Fatos e Not\u00edcias\",\"isPartOf\":{\"@id\":\"https:\/\/jornalfatosenoticias.com.br\/#website\"},\"primaryImageOfPage\":{\"@id\":\"https:\/\/jornalfatosenoticias.com.br\/index.php\/2020\/08\/26\/acredito-na-transformacao-pela-educacao\/#primaryimage\"},\"image\":{\"@id\":\"https:\/\/jornalfatosenoticias.com.br\/index.php\/2020\/08\/26\/acredito-na-transformacao-pela-educacao\/#primaryimage\"},\"thumbnailUrl\":\"https:\/\/jornalfatosenoticias.com.br\/wp-content\/uploads\/2020\/08\/gracimere.jpg\",\"datePublished\":\"2020-08-26T11:34:02+00:00\",\"dateModified\":\"2020-08-27T11:38:04+00:00\",\"breadcrumb\":{\"@id\":\"https:\/\/jornalfatosenoticias.com.br\/index.php\/2020\/08\/26\/acredito-na-transformacao-pela-educacao\/#breadcrumb\"},\"inLanguage\":\"pt-BR\",\"potentialAction\":[{\"@type\":\"ReadAction\",\"target\":[\"https:\/\/jornalfatosenoticias.com.br\/index.php\/2020\/08\/26\/acredito-na-transformacao-pela-educacao\/\"]}]},{\"@type\":\"ImageObject\",\"inLanguage\":\"pt-BR\",\"@id\":\"https:\/\/jornalfatosenoticias.com.br\/index.php\/2020\/08\/26\/acredito-na-transformacao-pela-educacao\/#primaryimage\",\"url\":\"https:\/\/jornalfatosenoticias.com.br\/wp-content\/uploads\/2020\/08\/gracimere.jpg\",\"contentUrl\":\"https:\/\/jornalfatosenoticias.com.br\/wp-content\/uploads\/2020\/08\/gracimere.jpg\",\"width\":980,\"height\":739},{\"@type\":\"BreadcrumbList\",\"@id\":\"https:\/\/jornalfatosenoticias.com.br\/index.php\/2020\/08\/26\/acredito-na-transformacao-pela-educacao\/#breadcrumb\",\"itemListElement\":[{\"@type\":\"ListItem\",\"position\":1,\"name\":\"In\u00edcio\",\"item\":\"https:\/\/jornalfatosenoticias.com.br\/\"},{\"@type\":\"ListItem\",\"position\":2,\"name\":\"\u201cAcredito na transforma\u00e7\u00e3o pela educa\u00e7\u00e3o\u201d\"}]},{\"@type\":\"WebSite\",\"@id\":\"https:\/\/jornalfatosenoticias.com.br\/#website\",\"url\":\"https:\/\/jornalfatosenoticias.com.br\/\",\"name\":\"Jornal Fatos e Not\u00edcias\",\"description\":\"Not\u00edcias em geral\",\"publisher\":{\"@id\":\"https:\/\/jornalfatosenoticias.com.br\/#organization\"},\"potentialAction\":[{\"@type\":\"SearchAction\",\"target\":{\"@type\":\"EntryPoint\",\"urlTemplate\":\"https:\/\/jornalfatosenoticias.com.br\/?s={search_term_string}\"},\"query-input\":{\"@type\":\"PropertyValueSpecification\",\"valueRequired\":true,\"valueName\":\"search_term_string\"}}],\"inLanguage\":\"pt-BR\"},{\"@type\":\"Organization\",\"@id\":\"https:\/\/jornalfatosenoticias.com.br\/#organization\",\"name\":\"Jornal Fatos e Not\u00edcias\",\"url\":\"https:\/\/jornalfatosenoticias.com.br\/\",\"logo\":{\"@type\":\"ImageObject\",\"inLanguage\":\"pt-BR\",\"@id\":\"https:\/\/jornalfatosenoticias.com.br\/#\/schema\/logo\/image\/\",\"url\":\"https:\/\/jornalfatosenoticias.com.br\/wp-content\/uploads\/2020\/02\/logo120.png\",\"contentUrl\":\"https:\/\/jornalfatosenoticias.com.br\/wp-content\/uploads\/2020\/02\/logo120.png\",\"width\":1227,\"height\":120,\"caption\":\"Jornal Fatos e Not\u00edcias\"},\"image\":{\"@id\":\"https:\/\/jornalfatosenoticias.com.br\/#\/schema\/logo\/image\/\"}},{\"@type\":\"Person\",\"@id\":\"https:\/\/jornalfatosenoticias.com.br\/#\/schema\/person\/05c46cc25b42a5c27e004fb0fa6b4965\",\"name\":\"Haroldo Filho\",\"image\":{\"@type\":\"ImageObject\",\"inLanguage\":\"pt-BR\",\"@id\":\"https:\/\/jornalfatosenoticias.com.br\/#\/schema\/person\/image\/\",\"url\":\"https:\/\/jornalfatosenoticias.com.br\/wp-content\/uploads\/2025\/08\/WhatsApp-Image-2025-08-18-at-15.30.28-150x150.jpeg\",\"contentUrl\":\"https:\/\/jornalfatosenoticias.com.br\/wp-content\/uploads\/2025\/08\/WhatsApp-Image-2025-08-18-at-15.30.28-150x150.jpeg\",\"caption\":\"Haroldo Filho\"},\"description\":\"Jornalista \u2013 DRT: 0003818\/ES Coordenador-geral da ONG Educar para Crescer\",\"url\":\"https:\/\/jornalfatosenoticias.com.br\/index.php\/author\/haroldo\/\"}]}<\/script>\n<!-- \/ Yoast SEO plugin. -->","yoast_head_json":{"title":"\u201cAcredito na transforma\u00e7\u00e3o pela educa\u00e7\u00e3o\u201d - Jornal Fatos e Not\u00edcias","robots":{"index":"index","follow":"follow","max-snippet":"max-snippet:-1","max-image-preview":"max-image-preview:large","max-video-preview":"max-video-preview:-1"},"canonical":"https:\/\/jornalfatosenoticias.com.br\/index.php\/2020\/08\/26\/acredito-na-transformacao-pela-educacao\/","og_locale":"pt_BR","og_type":"article","og_title":"\u201cAcredito na transforma\u00e7\u00e3o pela educa\u00e7\u00e3o\u201d - Jornal Fatos e Not\u00edcias","og_description":"A educa\u00e7\u00e3o n\u00e3o d\u00e1 voto, mas transforma uma cidade e eu sou prova disso, pois transformou a minha vida Pr\u00e9-candidata \u00e0 prefeita pela Serra\/ES, delegada Gracimeri Gaviorno, falou \u00e0 coluna Olhar de uma Lente sobre sua trajet\u00f3ria. Nascida em Colatina e, h\u00e1 25 anos, morando em Manoel Plaza, ingressou na pol\u00edcia civil como perita papilosc\u00f3pica [&hellip;]","og_url":"https:\/\/jornalfatosenoticias.com.br\/index.php\/2020\/08\/26\/acredito-na-transformacao-pela-educacao\/","og_site_name":"Jornal Fatos e Not\u00edcias","article_published_time":"2020-08-26T11:34:02+00:00","article_modified_time":"2020-08-27T11:38:04+00:00","og_image":[{"width":980,"height":739,"url":"https:\/\/jornalfatosenoticias.com.br\/wp-content\/uploads\/2020\/08\/gracimere.jpg","type":"image\/jpeg"}],"author":"Haroldo Filho","twitter_card":"summary_large_image","twitter_misc":{"Escrito por":"Haroldo Filho","Est. tempo de leitura":"7 minutos"},"schema":{"@context":"https:\/\/schema.org","@graph":[{"@type":"Article","@id":"https:\/\/jornalfatosenoticias.com.br\/index.php\/2020\/08\/26\/acredito-na-transformacao-pela-educacao\/#article","isPartOf":{"@id":"https:\/\/jornalfatosenoticias.com.br\/index.php\/2020\/08\/26\/acredito-na-transformacao-pela-educacao\/"},"author":{"name":"Haroldo Filho","@id":"https:\/\/jornalfatosenoticias.com.br\/#\/schema\/person\/05c46cc25b42a5c27e004fb0fa6b4965"},"headline":"\u201cAcredito na transforma\u00e7\u00e3o pela educa\u00e7\u00e3o\u201d","datePublished":"2020-08-26T11:34:02+00:00","dateModified":"2020-08-27T11:38:04+00:00","mainEntityOfPage":{"@id":"https:\/\/jornalfatosenoticias.com.br\/index.php\/2020\/08\/26\/acredito-na-transformacao-pela-educacao\/"},"wordCount":1422,"commentCount":0,"publisher":{"@id":"https:\/\/jornalfatosenoticias.com.br\/#organization"},"image":{"@id":"https:\/\/jornalfatosenoticias.com.br\/index.php\/2020\/08\/26\/acredito-na-transformacao-pela-educacao\/#primaryimage"},"thumbnailUrl":"https:\/\/jornalfatosenoticias.com.br\/wp-content\/uploads\/2020\/08\/gracimere.jpg","keywords":["educa\u00e7\u00e3o","pol\u00edtica","transforma\u00e7\u00e3o"],"articleSection":["Pol\u00edtica"],"inLanguage":"pt-BR","potentialAction":[{"@type":"CommentAction","name":"Comment","target":["https:\/\/jornalfatosenoticias.com.br\/index.php\/2020\/08\/26\/acredito-na-transformacao-pela-educacao\/#respond"]}]},{"@type":"WebPage","@id":"https:\/\/jornalfatosenoticias.com.br\/index.php\/2020\/08\/26\/acredito-na-transformacao-pela-educacao\/","url":"https:\/\/jornalfatosenoticias.com.br\/index.php\/2020\/08\/26\/acredito-na-transformacao-pela-educacao\/","name":"\u201cAcredito na transforma\u00e7\u00e3o pela educa\u00e7\u00e3o\u201d - Jornal Fatos e Not\u00edcias","isPartOf":{"@id":"https:\/\/jornalfatosenoticias.com.br\/#website"},"primaryImageOfPage":{"@id":"https:\/\/jornalfatosenoticias.com.br\/index.php\/2020\/08\/26\/acredito-na-transformacao-pela-educacao\/#primaryimage"},"image":{"@id":"https:\/\/jornalfatosenoticias.com.br\/index.php\/2020\/08\/26\/acredito-na-transformacao-pela-educacao\/#primaryimage"},"thumbnailUrl":"https:\/\/jornalfatosenoticias.com.br\/wp-content\/uploads\/2020\/08\/gracimere.jpg","datePublished":"2020-08-26T11:34:02+00:00","dateModified":"2020-08-27T11:38:04+00:00","breadcrumb":{"@id":"https:\/\/jornalfatosenoticias.com.br\/index.php\/2020\/08\/26\/acredito-na-transformacao-pela-educacao\/#breadcrumb"},"inLanguage":"pt-BR","potentialAction":[{"@type":"ReadAction","target":["https:\/\/jornalfatosenoticias.com.br\/index.php\/2020\/08\/26\/acredito-na-transformacao-pela-educacao\/"]}]},{"@type":"ImageObject","inLanguage":"pt-BR","@id":"https:\/\/jornalfatosenoticias.com.br\/index.php\/2020\/08\/26\/acredito-na-transformacao-pela-educacao\/#primaryimage","url":"https:\/\/jornalfatosenoticias.com.br\/wp-content\/uploads\/2020\/08\/gracimere.jpg","contentUrl":"https:\/\/jornalfatosenoticias.com.br\/wp-content\/uploads\/2020\/08\/gracimere.jpg","width":980,"height":739},{"@type":"BreadcrumbList","@id":"https:\/\/jornalfatosenoticias.com.br\/index.php\/2020\/08\/26\/acredito-na-transformacao-pela-educacao\/#breadcrumb","itemListElement":[{"@type":"ListItem","position":1,"name":"In\u00edcio","item":"https:\/\/jornalfatosenoticias.com.br\/"},{"@type":"ListItem","position":2,"name":"\u201cAcredito na transforma\u00e7\u00e3o pela educa\u00e7\u00e3o\u201d"}]},{"@type":"WebSite","@id":"https:\/\/jornalfatosenoticias.com.br\/#website","url":"https:\/\/jornalfatosenoticias.com.br\/","name":"Jornal Fatos e Not\u00edcias","description":"Not\u00edcias em geral","publisher":{"@id":"https:\/\/jornalfatosenoticias.com.br\/#organization"},"potentialAction":[{"@type":"SearchAction","target":{"@type":"EntryPoint","urlTemplate":"https:\/\/jornalfatosenoticias.com.br\/?s={search_term_string}"},"query-input":{"@type":"PropertyValueSpecification","valueRequired":true,"valueName":"search_term_string"}}],"inLanguage":"pt-BR"},{"@type":"Organization","@id":"https:\/\/jornalfatosenoticias.com.br\/#organization","name":"Jornal Fatos e Not\u00edcias","url":"https:\/\/jornalfatosenoticias.com.br\/","logo":{"@type":"ImageObject","inLanguage":"pt-BR","@id":"https:\/\/jornalfatosenoticias.com.br\/#\/schema\/logo\/image\/","url":"https:\/\/jornalfatosenoticias.com.br\/wp-content\/uploads\/2020\/02\/logo120.png","contentUrl":"https:\/\/jornalfatosenoticias.com.br\/wp-content\/uploads\/2020\/02\/logo120.png","width":1227,"height":120,"caption":"Jornal Fatos e Not\u00edcias"},"image":{"@id":"https:\/\/jornalfatosenoticias.com.br\/#\/schema\/logo\/image\/"}},{"@type":"Person","@id":"https:\/\/jornalfatosenoticias.com.br\/#\/schema\/person\/05c46cc25b42a5c27e004fb0fa6b4965","name":"Haroldo Filho","image":{"@type":"ImageObject","inLanguage":"pt-BR","@id":"https:\/\/jornalfatosenoticias.com.br\/#\/schema\/person\/image\/","url":"https:\/\/jornalfatosenoticias.com.br\/wp-content\/uploads\/2025\/08\/WhatsApp-Image-2025-08-18-at-15.30.28-150x150.jpeg","contentUrl":"https:\/\/jornalfatosenoticias.com.br\/wp-content\/uploads\/2025\/08\/WhatsApp-Image-2025-08-18-at-15.30.28-150x150.jpeg","caption":"Haroldo Filho"},"description":"Jornalista \u2013 DRT: 0003818\/ES Coordenador-geral da ONG Educar para Crescer","url":"https:\/\/jornalfatosenoticias.com.br\/index.php\/author\/haroldo\/"}]}},"cc_featured_image_caption":{"caption_text":"Gracimeri Gaviorno","source_text":"","source_url":""},"jetpack_featured_media_url":"https:\/\/jornalfatosenoticias.com.br\/wp-content\/uploads\/2020\/08\/gracimere.jpg","_links":{"self":[{"href":"https:\/\/jornalfatosenoticias.com.br\/index.php\/wp-json\/wp\/v2\/posts\/8123","targetHints":{"allow":["GET"]}}],"collection":[{"href":"https:\/\/jornalfatosenoticias.com.br\/index.php\/wp-json\/wp\/v2\/posts"}],"about":[{"href":"https:\/\/jornalfatosenoticias.com.br\/index.php\/wp-json\/wp\/v2\/types\/post"}],"author":[{"embeddable":true,"href":"https:\/\/jornalfatosenoticias.com.br\/index.php\/wp-json\/wp\/v2\/users\/3"}],"replies":[{"embeddable":true,"href":"https:\/\/jornalfatosenoticias.com.br\/index.php\/wp-json\/wp\/v2\/comments?post=8123"}],"version-history":[{"count":0,"href":"https:\/\/jornalfatosenoticias.com.br\/index.php\/wp-json\/wp\/v2\/posts\/8123\/revisions"}],"wp:featuredmedia":[{"embeddable":true,"href":"https:\/\/jornalfatosenoticias.com.br\/index.php\/wp-json\/wp\/v2\/media\/8124"}],"wp:attachment":[{"href":"https:\/\/jornalfatosenoticias.com.br\/index.php\/wp-json\/wp\/v2\/media?parent=8123"}],"wp:term":[{"taxonomy":"category","embeddable":true,"href":"https:\/\/jornalfatosenoticias.com.br\/index.php\/wp-json\/wp\/v2\/categories?post=8123"},{"taxonomy":"post_tag","embeddable":true,"href":"https:\/\/jornalfatosenoticias.com.br\/index.php\/wp-json\/wp\/v2\/tags?post=8123"}],"curies":[{"name":"wp","href":"https:\/\/api.w.org\/{rel}","templated":true}]}}