{"id":8127,"date":"2020-08-26T08:41:44","date_gmt":"2020-08-26T11:41:44","guid":{"rendered":"https:\/\/jornalfatosenoticias.com.br\/?p=8127"},"modified":"2020-08-26T08:41:46","modified_gmt":"2020-08-26T11:41:46","slug":"classicos-da-rolls-royce-vao-ser-transformados-em-carros-eletricos","status":"publish","type":"post","link":"https:\/\/jornalfatosenoticias.com.br\/index.php\/2020\/08\/26\/classicos-da-rolls-royce-vao-ser-transformados-em-carros-eletricos\/","title":{"rendered":"Cl\u00e1ssicos da Rolls-Royce v\u00e3o ser transformados em carros el\u00e9tricos"},"content":{"rendered":"\n<h6 class=\"wp-block-heading\"><em>Projeto n\u00e3o oficial \u00e9 tocado pela brit\u00e2nica Lunaz; empresa afirma que \u00e9 poss\u00edvel dar autonomia de at\u00e9 483 quil\u00f4metros para modelos<\/em><\/h6>\n\n\n\n<p>Os ve\u00edculos el\u00e9tricos j\u00e1 fazem parte das linhas de produ\u00e7\u00e3o das maiores montadoras do mundo. A novidade agora est\u00e1 prestes a chegar aos cl\u00e1ssicos modelos da <a target=\"_blank\" rel=\"noreferrer noopener\" href=\"https:\/\/olhardigital.com.br\/carros-e-tecnologia\/noticia\/rolls-royce-de-johnny-cash-vira-carro-eletrico-com-pecas-da-tesla\/104734\">Rolls-Royce<\/a>, mesmo que, por enquanto, de forma n\u00e3o oficial. Isso porque n\u00e3o \u00e9 a pr\u00f3pria montadora que decidiu desenvolver vers\u00f5es el\u00e9tricas para seus modelos, mas sim, uma empresa inglesa especializada em converter carros cl\u00e1ssicos para a nova forma de alimenta\u00e7\u00e3o, a Lunaz.<br>Para o projeto, foram escolhidos os modelos Phantom e Silver Clouds, que ser\u00e3o completamente restaurados e, em seguida, ganhar\u00e3o um motor el\u00e9trico e um &#8220;conjunto completo de atualiza\u00e7\u00f5es de hardware e software&#8221;. Ser\u00e3o 30 unidades comercializadas, com pre\u00e7os que variam de US$ 458 mil (R$ 2,6 milh\u00f5es aproximadamente) para o Silver Cloud a US$ 654 mil (cerca de R$ 3,6 milh\u00f5es) para o Phantom.<br>&#8220;\u00c9 a hora certa para um Rolls-Royce el\u00e9trico. Estamos respondendo \u00e0 necessidade de casar um belo design cl\u00e1ssico com usabilidade, confiabilidade e sustentabilidade de um motor el\u00e9trico&#8221;, destacou David Lorenz, fundador da Lunaz. &#8220;Mais do que nunca, estamos atendendo \u00e0 demanda por express\u00f5es de ar puro dos carros mais bonitos e luxuosos da hist\u00f3ria. Temos orgulho de tornar um Rolls-Royce cl\u00e1ssico relevante para uma nova gera\u00e7\u00e3o&#8221;, completou.<br>A empresa disse que \u00e9 poss\u00edvel instalar uma bateria de 120 kWh no Phantom e uma de 80 kWh no Silver Cloud. Com isso, os dois modelos podem ter autonomia de at\u00e9 483 quil\u00f4metros com uma \u00fanica carga. A empresa j\u00e1 aceita reservas para os modelos em <strong><a target=\"_blank\" rel=\"noreferrer noopener\" href=\"https:\/\/lunaz.design\/\">seu site<\/a><\/strong>: https:\/\/lunaz.design\/.<\/p>\n\n\n\n<figure class=\"wp-block-image size-large\"><img loading=\"lazy\" decoding=\"async\" width=\"900\" height=\"600\" src=\"https:\/\/jornalfatosenoticias.com.br\/wp-content\/uploads\/2020\/08\/Rolls-Royce-Phantom.jpg\" alt=\"\" class=\"wp-image-8128\" srcset=\"https:\/\/jornalfatosenoticias.com.br\/wp-content\/uploads\/2020\/08\/Rolls-Royce-Phantom.jpg 900w, https:\/\/jornalfatosenoticias.com.br\/wp-content\/uploads\/2020\/08\/Rolls-Royce-Phantom-300x200.jpg 300w, https:\/\/jornalfatosenoticias.com.br\/wp-content\/uploads\/2020\/08\/Rolls-Royce-Phantom-768x512.jpg 768w\" sizes=\"auto, (max-width: 900px) 100vw, 900px\" \/><figcaption><em>Rolls-Royce Phantom transformado em ve\u00edculo el\u00e9trico (Foto: Lunaz)<\/em><\/figcaption><\/figure>\n\n\n\n<h4 class=\"wp-block-heading\">Ve\u00edculo el\u00e9trico produzido no Brasil<\/h4>\n\n\n\n<p>No Brasil, enquanto as grandes montadoras ainda testam modelos importados, uma startup j\u00e1 est\u00e1 <strong><a target=\"_blank\" rel=\"noreferrer noopener\" href=\"https:\/\/olhardigital.com.br\/carros-e-tecnologia\/video\/carros-eletricos-ja-tem-empresa-nacional-produzindo\/105248\">pronta para come\u00e7ar a produzir ve\u00edculos el\u00e9tricos<\/a><\/strong> em solo tupiniquim. A ideia veio em 2018 e surgiu pensando no p\u00fablico jovem. O triciclo tem carga para andar at\u00e9 8 horas com uma autonomia de 200 quil\u00f4metros. Ele tamb\u00e9m vem com chip de internet integrado e chave digital acionada pelo smartphone.<br>A marca quer encontrar clientes entre as empresas de compartilhamento e que possam prestar servi\u00e7os de entregas em pequenas cidades onde, por exemplo, a Uber e Cabify n\u00e3o chegam. A startup est\u00e1 avaliada em 10 milh\u00f5es de reais e o ve\u00edculo vai custar em torno de 80 mil reais. J\u00e1 existe uma fila de espera para adquirir o triciclo el\u00e9trico: mais de 100 pessoas pagaram 300 reais para ter prefer\u00eancia na lista de pr\u00e9-venda. O ve\u00edculo come\u00e7a a ser entregue no final do ano e a sua produ\u00e7\u00e3o \u00e9 feita em Manaus.<\/p>\n\n\n\n<p><strong><em>Fonte: <a href=\"https:\/\/olhardigital.com.br\/carros-e-tecnologia\/noticia\/classicos-da-rolls-royce-vao-ser-transformados-em-carros-eletricos\/105596\">Olhar Digital<\/a><\/em><\/strong><\/p>\n","protected":false},"excerpt":{"rendered":"<p>Projeto n\u00e3o oficial \u00e9 tocado pela brit\u00e2nica Lunaz; empresa afirma que \u00e9 poss\u00edvel dar autonomia de at\u00e9 483 quil\u00f4metros para modelos Os ve\u00edculos el\u00e9tricos j\u00e1 fazem parte das linhas de produ\u00e7\u00e3o das maiores montadoras do mundo. A novidade agora est\u00e1 prestes a chegar aos cl\u00e1ssicos modelos da Rolls-Royce, mesmo que, por enquanto, de forma n\u00e3o [&hellip;]<\/p>\n","protected":false},"author":2,"featured_media":8129,"comment_status":"open","ping_status":"open","sticky":false,"template":"","format":"standard","meta":{"footnotes":""},"categories":[3],"tags":[4515,4514,4513,4512,2705],"class_list":["post-8127","post","type-post","status-publish","format-standard","has-post-thumbnail","hentry","category-tecnologia","tag-carros","tag-classicos","tag-lunaz","tag-rolls-royce","tag-veiculos-eletricos"],"yoast_head":"<!-- This site is optimized with the Yoast SEO plugin v26.5 - https:\/\/yoast.com\/wordpress\/plugins\/seo\/ -->\n<title>Cl\u00e1ssicos da Rolls-Royce v\u00e3o ser transformados em carros el\u00e9tricos - Jornal Fatos e Not\u00edcias<\/title>\n<meta name=\"robots\" content=\"index, follow, max-snippet:-1, max-image-preview:large, max-video-preview:-1\" \/>\n<link rel=\"canonical\" href=\"https:\/\/jornalfatosenoticias.com.br\/index.php\/2020\/08\/26\/classicos-da-rolls-royce-vao-ser-transformados-em-carros-eletricos\/\" \/>\n<meta property=\"og:locale\" content=\"pt_BR\" \/>\n<meta property=\"og:type\" content=\"article\" \/>\n<meta property=\"og:title\" content=\"Cl\u00e1ssicos da Rolls-Royce v\u00e3o ser transformados em carros el\u00e9tricos - Jornal Fatos e Not\u00edcias\" \/>\n<meta property=\"og:description\" content=\"Projeto n\u00e3o oficial \u00e9 tocado pela brit\u00e2nica Lunaz; empresa afirma que \u00e9 poss\u00edvel dar autonomia de at\u00e9 483 quil\u00f4metros para modelos Os ve\u00edculos el\u00e9tricos j\u00e1 fazem parte das linhas de produ\u00e7\u00e3o das maiores montadoras do mundo. A novidade agora est\u00e1 prestes a chegar aos cl\u00e1ssicos modelos da Rolls-Royce, mesmo que, por enquanto, de forma n\u00e3o [&hellip;]\" \/>\n<meta property=\"og:url\" content=\"https:\/\/jornalfatosenoticias.com.br\/index.php\/2020\/08\/26\/classicos-da-rolls-royce-vao-ser-transformados-em-carros-eletricos\/\" \/>\n<meta property=\"og:site_name\" content=\"Jornal Fatos e Not\u00edcias\" \/>\n<meta property=\"article:published_time\" content=\"2020-08-26T11:41:44+00:00\" \/>\n<meta property=\"article:modified_time\" content=\"2020-08-26T11:41:46+00:00\" \/>\n<meta property=\"og:image\" content=\"https:\/\/jornalfatosenoticias.com.br\/wp-content\/uploads\/2020\/08\/rolls_royce_silver_cloud.jpg\" \/>\n\t<meta property=\"og:image:width\" content=\"960\" \/>\n\t<meta property=\"og:image:height\" content=\"539\" \/>\n\t<meta property=\"og:image:type\" content=\"image\/jpeg\" \/>\n<meta name=\"author\" content=\"Luzimara Fernandes\" \/>\n<meta name=\"twitter:card\" content=\"summary_large_image\" \/>\n<meta name=\"twitter:label1\" content=\"Escrito por\" \/>\n\t<meta name=\"twitter:data1\" content=\"Luzimara Fernandes\" \/>\n\t<meta name=\"twitter:label2\" content=\"Est. tempo de leitura\" \/>\n\t<meta name=\"twitter:data2\" content=\"2 minutos\" \/>\n<script type=\"application\/ld+json\" class=\"yoast-schema-graph\">{\"@context\":\"https:\/\/schema.org\",\"@graph\":[{\"@type\":\"Article\",\"@id\":\"https:\/\/jornalfatosenoticias.com.br\/index.php\/2020\/08\/26\/classicos-da-rolls-royce-vao-ser-transformados-em-carros-eletricos\/#article\",\"isPartOf\":{\"@id\":\"https:\/\/jornalfatosenoticias.com.br\/index.php\/2020\/08\/26\/classicos-da-rolls-royce-vao-ser-transformados-em-carros-eletricos\/\"},\"author\":{\"name\":\"Luzimara Fernandes\",\"@id\":\"https:\/\/jornalfatosenoticias.com.br\/#\/schema\/person\/d63837fa13ac8666eb9e74e0985d6f81\"},\"headline\":\"Cl\u00e1ssicos da Rolls-Royce v\u00e3o ser transformados em carros el\u00e9tricos\",\"datePublished\":\"2020-08-26T11:41:44+00:00\",\"dateModified\":\"2020-08-26T11:41:46+00:00\",\"mainEntityOfPage\":{\"@id\":\"https:\/\/jornalfatosenoticias.com.br\/index.php\/2020\/08\/26\/classicos-da-rolls-royce-vao-ser-transformados-em-carros-eletricos\/\"},\"wordCount\":484,\"commentCount\":0,\"publisher\":{\"@id\":\"https:\/\/jornalfatosenoticias.com.br\/#organization\"},\"image\":{\"@id\":\"https:\/\/jornalfatosenoticias.com.br\/index.php\/2020\/08\/26\/classicos-da-rolls-royce-vao-ser-transformados-em-carros-eletricos\/#primaryimage\"},\"thumbnailUrl\":\"https:\/\/jornalfatosenoticias.com.br\/wp-content\/uploads\/2020\/08\/rolls_royce_silver_cloud.jpg\",\"keywords\":[\"carros\",\"cl\u00e1ssicos\",\"Lunaz\",\"Rolls-Royce\",\"ve\u00edculos el\u00e9tricos\"],\"articleSection\":[\"Tecnologia &amp; Inova\u00e7\u00e3o\"],\"inLanguage\":\"pt-BR\",\"potentialAction\":[{\"@type\":\"CommentAction\",\"name\":\"Comment\",\"target\":[\"https:\/\/jornalfatosenoticias.com.br\/index.php\/2020\/08\/26\/classicos-da-rolls-royce-vao-ser-transformados-em-carros-eletricos\/#respond\"]}]},{\"@type\":\"WebPage\",\"@id\":\"https:\/\/jornalfatosenoticias.com.br\/index.php\/2020\/08\/26\/classicos-da-rolls-royce-vao-ser-transformados-em-carros-eletricos\/\",\"url\":\"https:\/\/jornalfatosenoticias.com.br\/index.php\/2020\/08\/26\/classicos-da-rolls-royce-vao-ser-transformados-em-carros-eletricos\/\",\"name\":\"Cl\u00e1ssicos da Rolls-Royce v\u00e3o ser transformados em carros el\u00e9tricos - Jornal Fatos e Not\u00edcias\",\"isPartOf\":{\"@id\":\"https:\/\/jornalfatosenoticias.com.br\/#website\"},\"primaryImageOfPage\":{\"@id\":\"https:\/\/jornalfatosenoticias.com.br\/index.php\/2020\/08\/26\/classicos-da-rolls-royce-vao-ser-transformados-em-carros-eletricos\/#primaryimage\"},\"image\":{\"@id\":\"https:\/\/jornalfatosenoticias.com.br\/index.php\/2020\/08\/26\/classicos-da-rolls-royce-vao-ser-transformados-em-carros-eletricos\/#primaryimage\"},\"thumbnailUrl\":\"https:\/\/jornalfatosenoticias.com.br\/wp-content\/uploads\/2020\/08\/rolls_royce_silver_cloud.jpg\",\"datePublished\":\"2020-08-26T11:41:44+00:00\",\"dateModified\":\"2020-08-26T11:41:46+00:00\",\"breadcrumb\":{\"@id\":\"https:\/\/jornalfatosenoticias.com.br\/index.php\/2020\/08\/26\/classicos-da-rolls-royce-vao-ser-transformados-em-carros-eletricos\/#breadcrumb\"},\"inLanguage\":\"pt-BR\",\"potentialAction\":[{\"@type\":\"ReadAction\",\"target\":[\"https:\/\/jornalfatosenoticias.com.br\/index.php\/2020\/08\/26\/classicos-da-rolls-royce-vao-ser-transformados-em-carros-eletricos\/\"]}]},{\"@type\":\"ImageObject\",\"inLanguage\":\"pt-BR\",\"@id\":\"https:\/\/jornalfatosenoticias.com.br\/index.php\/2020\/08\/26\/classicos-da-rolls-royce-vao-ser-transformados-em-carros-eletricos\/#primaryimage\",\"url\":\"https:\/\/jornalfatosenoticias.com.br\/wp-content\/uploads\/2020\/08\/rolls_royce_silver_cloud.jpg\",\"contentUrl\":\"https:\/\/jornalfatosenoticias.com.br\/wp-content\/uploads\/2020\/08\/rolls_royce_silver_cloud.jpg\",\"width\":960,\"height\":539},{\"@type\":\"BreadcrumbList\",\"@id\":\"https:\/\/jornalfatosenoticias.com.br\/index.php\/2020\/08\/26\/classicos-da-rolls-royce-vao-ser-transformados-em-carros-eletricos\/#breadcrumb\",\"itemListElement\":[{\"@type\":\"ListItem\",\"position\":1,\"name\":\"In\u00edcio\",\"item\":\"https:\/\/jornalfatosenoticias.com.br\/\"},{\"@type\":\"ListItem\",\"position\":2,\"name\":\"Cl\u00e1ssicos da Rolls-Royce v\u00e3o ser transformados em carros el\u00e9tricos\"}]},{\"@type\":\"WebSite\",\"@id\":\"https:\/\/jornalfatosenoticias.com.br\/#website\",\"url\":\"https:\/\/jornalfatosenoticias.com.br\/\",\"name\":\"Jornal Fatos e Not\u00edcias\",\"description\":\"Not\u00edcias em geral\",\"publisher\":{\"@id\":\"https:\/\/jornalfatosenoticias.com.br\/#organization\"},\"potentialAction\":[{\"@type\":\"SearchAction\",\"target\":{\"@type\":\"EntryPoint\",\"urlTemplate\":\"https:\/\/jornalfatosenoticias.com.br\/?s={search_term_string}\"},\"query-input\":{\"@type\":\"PropertyValueSpecification\",\"valueRequired\":true,\"valueName\":\"search_term_string\"}}],\"inLanguage\":\"pt-BR\"},{\"@type\":\"Organization\",\"@id\":\"https:\/\/jornalfatosenoticias.com.br\/#organization\",\"name\":\"Jornal Fatos e Not\u00edcias\",\"url\":\"https:\/\/jornalfatosenoticias.com.br\/\",\"logo\":{\"@type\":\"ImageObject\",\"inLanguage\":\"pt-BR\",\"@id\":\"https:\/\/jornalfatosenoticias.com.br\/#\/schema\/logo\/image\/\",\"url\":\"https:\/\/jornalfatosenoticias.com.br\/wp-content\/uploads\/2020\/02\/logo120.png\",\"contentUrl\":\"https:\/\/jornalfatosenoticias.com.br\/wp-content\/uploads\/2020\/02\/logo120.png\",\"width\":1227,\"height\":120,\"caption\":\"Jornal Fatos e Not\u00edcias\"},\"image\":{\"@id\":\"https:\/\/jornalfatosenoticias.com.br\/#\/schema\/logo\/image\/\"}},{\"@type\":\"Person\",\"@id\":\"https:\/\/jornalfatosenoticias.com.br\/#\/schema\/person\/d63837fa13ac8666eb9e74e0985d6f81\",\"name\":\"Luzimara Fernandes\",\"image\":{\"@type\":\"ImageObject\",\"inLanguage\":\"pt-BR\",\"@id\":\"https:\/\/jornalfatosenoticias.com.br\/#\/schema\/person\/image\/\",\"url\":\"https:\/\/jornalfatosenoticias.com.br\/wp-content\/uploads\/2025\/05\/EU_portal.jpg\",\"contentUrl\":\"https:\/\/jornalfatosenoticias.com.br\/wp-content\/uploads\/2025\/05\/EU_portal.jpg\",\"caption\":\"Luzimara Fernandes\"},\"description\":\"Jornalista MTB 2358-ES\",\"sameAs\":[\"https:\/\/jornalfatosenoticias.com.br\"],\"url\":\"https:\/\/jornalfatosenoticias.com.br\/index.php\/author\/luzimara\/\"}]}<\/script>\n<!-- \/ Yoast SEO plugin. -->","yoast_head_json":{"title":"Cl\u00e1ssicos da Rolls-Royce v\u00e3o ser transformados em carros el\u00e9tricos - Jornal Fatos e Not\u00edcias","robots":{"index":"index","follow":"follow","max-snippet":"max-snippet:-1","max-image-preview":"max-image-preview:large","max-video-preview":"max-video-preview:-1"},"canonical":"https:\/\/jornalfatosenoticias.com.br\/index.php\/2020\/08\/26\/classicos-da-rolls-royce-vao-ser-transformados-em-carros-eletricos\/","og_locale":"pt_BR","og_type":"article","og_title":"Cl\u00e1ssicos da Rolls-Royce v\u00e3o ser transformados em carros el\u00e9tricos - Jornal Fatos e Not\u00edcias","og_description":"Projeto n\u00e3o oficial \u00e9 tocado pela brit\u00e2nica Lunaz; empresa afirma que \u00e9 poss\u00edvel dar autonomia de at\u00e9 483 quil\u00f4metros para modelos Os ve\u00edculos el\u00e9tricos j\u00e1 fazem parte das linhas de produ\u00e7\u00e3o das maiores montadoras do mundo. A novidade agora est\u00e1 prestes a chegar aos cl\u00e1ssicos modelos da Rolls-Royce, mesmo que, por enquanto, de forma n\u00e3o [&hellip;]","og_url":"https:\/\/jornalfatosenoticias.com.br\/index.php\/2020\/08\/26\/classicos-da-rolls-royce-vao-ser-transformados-em-carros-eletricos\/","og_site_name":"Jornal Fatos e Not\u00edcias","article_published_time":"2020-08-26T11:41:44+00:00","article_modified_time":"2020-08-26T11:41:46+00:00","og_image":[{"width":960,"height":539,"url":"https:\/\/jornalfatosenoticias.com.br\/wp-content\/uploads\/2020\/08\/rolls_royce_silver_cloud.jpg","type":"image\/jpeg"}],"author":"Luzimara Fernandes","twitter_card":"summary_large_image","twitter_misc":{"Escrito por":"Luzimara Fernandes","Est. tempo de leitura":"2 minutos"},"schema":{"@context":"https:\/\/schema.org","@graph":[{"@type":"Article","@id":"https:\/\/jornalfatosenoticias.com.br\/index.php\/2020\/08\/26\/classicos-da-rolls-royce-vao-ser-transformados-em-carros-eletricos\/#article","isPartOf":{"@id":"https:\/\/jornalfatosenoticias.com.br\/index.php\/2020\/08\/26\/classicos-da-rolls-royce-vao-ser-transformados-em-carros-eletricos\/"},"author":{"name":"Luzimara Fernandes","@id":"https:\/\/jornalfatosenoticias.com.br\/#\/schema\/person\/d63837fa13ac8666eb9e74e0985d6f81"},"headline":"Cl\u00e1ssicos da Rolls-Royce v\u00e3o ser transformados em carros el\u00e9tricos","datePublished":"2020-08-26T11:41:44+00:00","dateModified":"2020-08-26T11:41:46+00:00","mainEntityOfPage":{"@id":"https:\/\/jornalfatosenoticias.com.br\/index.php\/2020\/08\/26\/classicos-da-rolls-royce-vao-ser-transformados-em-carros-eletricos\/"},"wordCount":484,"commentCount":0,"publisher":{"@id":"https:\/\/jornalfatosenoticias.com.br\/#organization"},"image":{"@id":"https:\/\/jornalfatosenoticias.com.br\/index.php\/2020\/08\/26\/classicos-da-rolls-royce-vao-ser-transformados-em-carros-eletricos\/#primaryimage"},"thumbnailUrl":"https:\/\/jornalfatosenoticias.com.br\/wp-content\/uploads\/2020\/08\/rolls_royce_silver_cloud.jpg","keywords":["carros","cl\u00e1ssicos","Lunaz","Rolls-Royce","ve\u00edculos el\u00e9tricos"],"articleSection":["Tecnologia &amp; Inova\u00e7\u00e3o"],"inLanguage":"pt-BR","potentialAction":[{"@type":"CommentAction","name":"Comment","target":["https:\/\/jornalfatosenoticias.com.br\/index.php\/2020\/08\/26\/classicos-da-rolls-royce-vao-ser-transformados-em-carros-eletricos\/#respond"]}]},{"@type":"WebPage","@id":"https:\/\/jornalfatosenoticias.com.br\/index.php\/2020\/08\/26\/classicos-da-rolls-royce-vao-ser-transformados-em-carros-eletricos\/","url":"https:\/\/jornalfatosenoticias.com.br\/index.php\/2020\/08\/26\/classicos-da-rolls-royce-vao-ser-transformados-em-carros-eletricos\/","name":"Cl\u00e1ssicos da Rolls-Royce v\u00e3o ser transformados em carros el\u00e9tricos - Jornal Fatos e Not\u00edcias","isPartOf":{"@id":"https:\/\/jornalfatosenoticias.com.br\/#website"},"primaryImageOfPage":{"@id":"https:\/\/jornalfatosenoticias.com.br\/index.php\/2020\/08\/26\/classicos-da-rolls-royce-vao-ser-transformados-em-carros-eletricos\/#primaryimage"},"image":{"@id":"https:\/\/jornalfatosenoticias.com.br\/index.php\/2020\/08\/26\/classicos-da-rolls-royce-vao-ser-transformados-em-carros-eletricos\/#primaryimage"},"thumbnailUrl":"https:\/\/jornalfatosenoticias.com.br\/wp-content\/uploads\/2020\/08\/rolls_royce_silver_cloud.jpg","datePublished":"2020-08-26T11:41:44+00:00","dateModified":"2020-08-26T11:41:46+00:00","breadcrumb":{"@id":"https:\/\/jornalfatosenoticias.com.br\/index.php\/2020\/08\/26\/classicos-da-rolls-royce-vao-ser-transformados-em-carros-eletricos\/#breadcrumb"},"inLanguage":"pt-BR","potentialAction":[{"@type":"ReadAction","target":["https:\/\/jornalfatosenoticias.com.br\/index.php\/2020\/08\/26\/classicos-da-rolls-royce-vao-ser-transformados-em-carros-eletricos\/"]}]},{"@type":"ImageObject","inLanguage":"pt-BR","@id":"https:\/\/jornalfatosenoticias.com.br\/index.php\/2020\/08\/26\/classicos-da-rolls-royce-vao-ser-transformados-em-carros-eletricos\/#primaryimage","url":"https:\/\/jornalfatosenoticias.com.br\/wp-content\/uploads\/2020\/08\/rolls_royce_silver_cloud.jpg","contentUrl":"https:\/\/jornalfatosenoticias.com.br\/wp-content\/uploads\/2020\/08\/rolls_royce_silver_cloud.jpg","width":960,"height":539},{"@type":"BreadcrumbList","@id":"https:\/\/jornalfatosenoticias.com.br\/index.php\/2020\/08\/26\/classicos-da-rolls-royce-vao-ser-transformados-em-carros-eletricos\/#breadcrumb","itemListElement":[{"@type":"ListItem","position":1,"name":"In\u00edcio","item":"https:\/\/jornalfatosenoticias.com.br\/"},{"@type":"ListItem","position":2,"name":"Cl\u00e1ssicos da Rolls-Royce v\u00e3o ser transformados em carros el\u00e9tricos"}]},{"@type":"WebSite","@id":"https:\/\/jornalfatosenoticias.com.br\/#website","url":"https:\/\/jornalfatosenoticias.com.br\/","name":"Jornal Fatos e Not\u00edcias","description":"Not\u00edcias em geral","publisher":{"@id":"https:\/\/jornalfatosenoticias.com.br\/#organization"},"potentialAction":[{"@type":"SearchAction","target":{"@type":"EntryPoint","urlTemplate":"https:\/\/jornalfatosenoticias.com.br\/?s={search_term_string}"},"query-input":{"@type":"PropertyValueSpecification","valueRequired":true,"valueName":"search_term_string"}}],"inLanguage":"pt-BR"},{"@type":"Organization","@id":"https:\/\/jornalfatosenoticias.com.br\/#organization","name":"Jornal Fatos e Not\u00edcias","url":"https:\/\/jornalfatosenoticias.com.br\/","logo":{"@type":"ImageObject","inLanguage":"pt-BR","@id":"https:\/\/jornalfatosenoticias.com.br\/#\/schema\/logo\/image\/","url":"https:\/\/jornalfatosenoticias.com.br\/wp-content\/uploads\/2020\/02\/logo120.png","contentUrl":"https:\/\/jornalfatosenoticias.com.br\/wp-content\/uploads\/2020\/02\/logo120.png","width":1227,"height":120,"caption":"Jornal Fatos e Not\u00edcias"},"image":{"@id":"https:\/\/jornalfatosenoticias.com.br\/#\/schema\/logo\/image\/"}},{"@type":"Person","@id":"https:\/\/jornalfatosenoticias.com.br\/#\/schema\/person\/d63837fa13ac8666eb9e74e0985d6f81","name":"Luzimara Fernandes","image":{"@type":"ImageObject","inLanguage":"pt-BR","@id":"https:\/\/jornalfatosenoticias.com.br\/#\/schema\/person\/image\/","url":"https:\/\/jornalfatosenoticias.com.br\/wp-content\/uploads\/2025\/05\/EU_portal.jpg","contentUrl":"https:\/\/jornalfatosenoticias.com.br\/wp-content\/uploads\/2025\/05\/EU_portal.jpg","caption":"Luzimara Fernandes"},"description":"Jornalista MTB 2358-ES","sameAs":["https:\/\/jornalfatosenoticias.com.br"],"url":"https:\/\/jornalfatosenoticias.com.br\/index.php\/author\/luzimara\/"}]}},"cc_featured_image_caption":{"caption_text":"Rolls-Royce Silver Cloud ","source_text":"","source_url":""},"jetpack_featured_media_url":"https:\/\/jornalfatosenoticias.com.br\/wp-content\/uploads\/2020\/08\/rolls_royce_silver_cloud.jpg","_links":{"self":[{"href":"https:\/\/jornalfatosenoticias.com.br\/index.php\/wp-json\/wp\/v2\/posts\/8127","targetHints":{"allow":["GET"]}}],"collection":[{"href":"https:\/\/jornalfatosenoticias.com.br\/index.php\/wp-json\/wp\/v2\/posts"}],"about":[{"href":"https:\/\/jornalfatosenoticias.com.br\/index.php\/wp-json\/wp\/v2\/types\/post"}],"author":[{"embeddable":true,"href":"https:\/\/jornalfatosenoticias.com.br\/index.php\/wp-json\/wp\/v2\/users\/2"}],"replies":[{"embeddable":true,"href":"https:\/\/jornalfatosenoticias.com.br\/index.php\/wp-json\/wp\/v2\/comments?post=8127"}],"version-history":[{"count":0,"href":"https:\/\/jornalfatosenoticias.com.br\/index.php\/wp-json\/wp\/v2\/posts\/8127\/revisions"}],"wp:featuredmedia":[{"embeddable":true,"href":"https:\/\/jornalfatosenoticias.com.br\/index.php\/wp-json\/wp\/v2\/media\/8129"}],"wp:attachment":[{"href":"https:\/\/jornalfatosenoticias.com.br\/index.php\/wp-json\/wp\/v2\/media?parent=8127"}],"wp:term":[{"taxonomy":"category","embeddable":true,"href":"https:\/\/jornalfatosenoticias.com.br\/index.php\/wp-json\/wp\/v2\/categories?post=8127"},{"taxonomy":"post_tag","embeddable":true,"href":"https:\/\/jornalfatosenoticias.com.br\/index.php\/wp-json\/wp\/v2\/tags?post=8127"}],"curies":[{"name":"wp","href":"https:\/\/api.w.org\/{rel}","templated":true}]}}