{"id":8142,"date":"2020-08-26T09:03:28","date_gmt":"2020-08-26T12:03:28","guid":{"rendered":"https:\/\/jornalfatosenoticias.com.br\/?p=8142"},"modified":"2020-08-26T09:03:30","modified_gmt":"2020-08-26T12:03:30","slug":"a-politica-da-serra-em-2020","status":"publish","type":"post","link":"https:\/\/jornalfatosenoticias.com.br\/index.php\/2020\/08\/26\/a-politica-da-serra-em-2020\/","title":{"rendered":"A pol\u00edtica da Serra em 2020"},"content":{"rendered":"\n<h6 class=\"wp-block-heading\"><em>Oi, eu sou *ARGOS PANOPTES, mas pode me chamar de ARGOS. Meus 100 olhos est\u00e3o sobre a cidade da Serra. Se voc\u00ea quiser a minha opini\u00e3o sobre qualquer assunto, escreva nos coment\u00e1rios<\/em><\/h6>\n\n\n\n<p>Vamos falar sobre as elei\u00e7\u00f5es municipais de 2020? Parafraseando um velho conhecido da pol\u00edtica brasileira: \u201cnunca na hist\u00f3ria desse Pa\u00eds\u201d, a Serra teve tanta op\u00e7\u00e3o na escolha do pr\u00f3ximo governante municipal.<br>O cen\u00e1rio pol\u00edtico da Serra segue bastante agitado. O munic\u00edpio, que j\u00e1 contou com 11 pr\u00e9-candidatos a prefeito, teve esse n\u00famero reduzido para 10, com a desist\u00eancia do deputado federal Amaro Neto.<br>Os motivos dessa desist\u00eancia ningu\u00e9m sabe, muitos v\u00e3o acreditar que pode ter sido a forte rejei\u00e7\u00e3o experimentada nas redes sociais. Eu prefiro crer na nota publicada pelo pr\u00f3prio pol\u00edtico, na qual informa que vai continuar trabalhando pelo Esp\u00edrito Santo em Bras\u00edlia.<br>O eleitor serrano tem pr\u00e9-candidatos de v\u00e1rias vertentes profissionais e pol\u00edticas. T\u00eam pr\u00e9-candidatos de Direita e de Esquerda. Tem profissional da sa\u00fade, tem profissional da seguran\u00e7a p\u00fablica e tem profissional da pol\u00edtica. Este \u00faltimo n\u00e3o podia mesmo faltar numa elei\u00e7\u00e3o municipal.<br>Os \u2018pol\u00edticos de carreira\u2019 enfrentam a resist\u00eancia da popula\u00e7\u00e3o para com a classe pol\u00edtica brasileira, que n\u00e3o aguenta mais conviver com tantos desmandos e falcatruas. Sem credibilidade, eles est\u00e3o tendo que se reinventar para conquistar os eleitores.<br>Por outro lado, os novatos lutam para sair do anonimato e se tornarem conhecidos da popula\u00e7\u00e3o. Quem \u00e9 vendedor sabe que vender um produto que n\u00e3o foi provado n\u00e3o \u00e9 tarefa f\u00e1cil. Tem um coach na internet que diz na sua palestra que o produto que mais se vende \u00e9 aquele que mais se oferece. Neste ano tudo vai depender da capacidade de convencimento do pr\u00e9-candidato sobre seus projetos e sua vis\u00e3o para a cidade da Serra.<br>Podemos estar diante do fim de um ciclo de 24 anos da exist\u00eancia de duas fac\u00e7\u00f5es pol\u00edticas na Serra, ou podemos dar continuidade a esse projeto dualista de poder. A divis\u00e3o do campo de batalha, se podemos chamar assim os partidos pol\u00edticos, est\u00e1 muito acirrada; metade dos partidos em atividade na Serra est\u00e3o apoiando os dois medalh\u00f5es da pol\u00edtica serrana.<br>Muito dinheiro, muitos partidos, muitos l\u00edderes comunit\u00e1rios na base de apoio, esse \u00e9 o segredo para se ter sucesso na pol\u00edtica da Serra? Isso s\u00f3 saberemos em 15 de novembro, ou no mais tardar 29 de novembro, se houver segundo turno.<br>O prefeito da Serra, que demorou para decidir quem era seu candidato, tirou do colo de seu grande opositor, o escolhido para receber seu apoio.<br>A m\u00e1quina p\u00fablica, mais uma vez, est\u00e1 sendo usada para fazer campanha eleitoral, fonte segura me informou que existe representa\u00e7\u00e3o eleitoral no Minist\u00e9rio P\u00fablico, questionando a conduta do nosso gestor p\u00fablico municipal, que pode estar ofendendo o princ\u00edpio da moralidade administrativa.<br>O uso do cargo de Prefeito Municipal em benef\u00edcio de campanha pol\u00edtica sempre existiu, s\u00f3 que antes ningu\u00e9m falou nada. Ser\u00e1 que dessa vez, tendo dois delegados de pol\u00edcia concorrendo ao cargo m\u00e1ximo do executivo municipal essa hist\u00f3ria vai mudar? Tem gente que aposta no esp\u00edrito aguerrido de um dos pr\u00e9-candidatos, que promete n\u00e3o deixar essa hist\u00f3ria passar em branco. Ele garante que vai questionar at\u00e9 na justi\u00e7a, se for preciso.<br>Todos sabem mesmo que a figura do Prefeito Municipal n\u00e3o pode se confundir com a figura do cidad\u00e3o comum e eleitor serrano. O Prefeito Municipal, enquanto pessoa p\u00fablica, n\u00e3o pode fazer campanha em favor de nenhum pr\u00e9-candidato. Este s\u00f3 poderia manifestar sua opini\u00e3o como cidad\u00e3o comum, fora da gest\u00e3o p\u00fablica.<br>Quanto ao resultado das elei\u00e7\u00f5es, parafraseando o que os policiais costumam falar ensaiadamente nas entrevistas: \u201cnenhuma linha de investiga\u00e7\u00e3o est\u00e1 descartada\u201d, ou seja, nenhum resultado pode ser descartado, por mais improv\u00e1vel que se pare\u00e7a.<\/p>\n\n\n\n<figure class=\"wp-block-image size-large\"><img loading=\"lazy\" decoding=\"async\" width=\"710\" height=\"462\" src=\"https:\/\/jornalfatosenoticias.com.br\/wp-content\/uploads\/2020\/08\/MANGUINHOS.jpg\" alt=\"\" class=\"wp-image-8143\" srcset=\"https:\/\/jornalfatosenoticias.com.br\/wp-content\/uploads\/2020\/08\/MANGUINHOS.jpg 710w, https:\/\/jornalfatosenoticias.com.br\/wp-content\/uploads\/2020\/08\/MANGUINHOS-300x195.jpg 300w\" sizes=\"auto, (max-width: 710px) 100vw, 710px\" \/><figcaption><em>Praia de Manguinhos (Foto: Peixe Urbano)<\/em><\/figcaption><\/figure>\n\n\n\n<p>Um exemplo disso aconteceu em Colatina\/ES, onde o prefeito Serginho Meneguelli derrotou o poder pol\u00edtico constitu\u00eddo daquele munic\u00edpio capixaba e, na \u00faltima elei\u00e7\u00e3o presidencial, onde Jair Bolsonaro venceu toda a Esquerda reunida e organizada em torno de Fernando Haddad.<br>Ningu\u00e9m duvida que muitas das pr\u00e9-candidaturas n\u00e3o v\u00e3o vingar, servindo apenas de ensaio para futuras composi\u00e7\u00f5es. Em nenhuma elei\u00e7\u00e3o majorit\u00e1ria sobrevivem mais do que tr\u00eas candidatos, afunilando-se para dois na reta final. Os demais concorrentes acabam perdidos ao longo do caminho da campanha eleitoral.<br>Na Serra n\u00e3o ser\u00e1 diferente, aposto que haver\u00e1 uma polariza\u00e7\u00e3o com um pol\u00edtico da Direita e um pol\u00edtico da Esquerda. A popula\u00e7\u00e3o vai ter que se esfor\u00e7ar para identificar as fraudes eleitorais, porque partidos tradicionalmente de Esquerda retiraram do nome as cores e todos os sinais que os identificam como COMUNISTAS\/SOCIALISTAS, a exemplo de MOVIMENTO 65 e CIDADANIA, que s\u00e3o origin\u00e1rios do PCB \u2013 Partido Comunista Brasileiro.<br>Vai ter de tudo nessa elei\u00e7\u00e3o, vai ter candidato de partido de Esquerda tentando emplacar uma imagem de Direitista, vai ter Esquerdista escondendo da opini\u00e3o p\u00fablica que \u00e9 de Esquerda. O povo serrano precisa ficar atento para n\u00e3o ser enganado como os capixabas foram na elei\u00e7\u00e3o anterior.<br>A partir dessa publica\u00e7\u00e3o, toda semana vou trazer uma an\u00e1lise pessoal sobre um dos pr\u00e9-candidatos a prefeito da Serra.<br>Para ser imparcial, quero contar com as sugest\u00f5es dos leitores. O pr\u00e9-candidato mais indicado ser\u00e1 o pr\u00f3ximo. Havendo empate, vai prevalecer aquele que teve o nome citado em primeiro lugar.<\/p>\n\n\n\n<figure class=\"wp-block-image size-large\"><img loading=\"lazy\" decoding=\"async\" width=\"201\" height=\"251\" src=\"https:\/\/jornalfatosenoticias.com.br\/wp-content\/uploads\/2020\/08\/ARGOS-PANOPTES.jpg\" alt=\"\" class=\"wp-image-8144\"\/><\/figure>\n\n\n\n<p><strong><em>*Argos Panoptes<\/em><\/strong> <em>(em grego: &#8220;Argos que a tudo v\u00ea&#8221;), na mitologia grega, era um gigante cujo corpo era coberto por olhos ou que tinha cem olhos. Foi nomeado pela deusa Hera (Juno) para vigiar Io que havia sido transformada em uma novilha por seu marido, o deus Zeus (J\u00fapiter).<br>Enquanto dormia, metade dos olhos se fechava e descansava enquanto a outra metade vigiava. Para acalmar o gigante, Hermes tocou uma melodia t\u00e3o linda em sua lira que todos os olhos do gigante se fecharam.<br>Uma vez que Argos Panoptes estava dormindo, Hermes cortou sua cabe\u00e7a para impedi-lo de reviver e informar Hera (Juno) sobre o que ocorreu; isso permitiu que Zeus (J\u00fapiter) tivesse seu encontro. Hera (Juno), para homenagear a morte de seu guardi\u00e3o favorito, colocou os olhos de Argos Panoptes na cauda de seu p\u00e1ssaro favorito, o pav\u00e3o.<\/em><\/p>\n","protected":false},"excerpt":{"rendered":"<p>Oi, eu sou *ARGOS PANOPTES, mas pode me chamar de ARGOS. Meus 100 olhos est\u00e3o sobre a cidade da Serra. Se voc\u00ea quiser a minha opini\u00e3o sobre qualquer assunto, escreva nos coment\u00e1rios Vamos falar sobre as elei\u00e7\u00f5es municipais de 2020? Parafraseando um velho conhecido da pol\u00edtica brasileira: \u201cnunca na hist\u00f3ria desse Pa\u00eds\u201d, a Serra teve [&hellip;]<\/p>\n","protected":false},"author":2,"featured_media":8145,"comment_status":"open","ping_status":"open","sticky":false,"template":"","format":"standard","meta":{"footnotes":""},"categories":[10],"tags":[1332,4522,4523,910],"class_list":["post-8142","post","type-post","status-publish","format-standard","has-post-thumbnail","hentry","category-politica","tag-eleicoes-2020","tag-gestao-publica","tag-gestor","tag-serra"],"yoast_head":"<!-- This site is optimized with the Yoast SEO plugin v26.5 - https:\/\/yoast.com\/wordpress\/plugins\/seo\/ -->\n<title>A pol\u00edtica da Serra em 2020 - Jornal Fatos e Not\u00edcias<\/title>\n<meta name=\"robots\" content=\"index, follow, max-snippet:-1, max-image-preview:large, max-video-preview:-1\" \/>\n<link rel=\"canonical\" href=\"https:\/\/jornalfatosenoticias.com.br\/index.php\/2020\/08\/26\/a-politica-da-serra-em-2020\/\" \/>\n<meta property=\"og:locale\" content=\"pt_BR\" \/>\n<meta property=\"og:type\" content=\"article\" \/>\n<meta property=\"og:title\" content=\"A pol\u00edtica da Serra em 2020 - Jornal Fatos e Not\u00edcias\" \/>\n<meta property=\"og:description\" content=\"Oi, eu sou *ARGOS PANOPTES, mas pode me chamar de ARGOS. Meus 100 olhos est\u00e3o sobre a cidade da Serra. Se voc\u00ea quiser a minha opini\u00e3o sobre qualquer assunto, escreva nos coment\u00e1rios Vamos falar sobre as elei\u00e7\u00f5es municipais de 2020? Parafraseando um velho conhecido da pol\u00edtica brasileira: \u201cnunca na hist\u00f3ria desse Pa\u00eds\u201d, a Serra teve [&hellip;]\" \/>\n<meta property=\"og:url\" content=\"https:\/\/jornalfatosenoticias.com.br\/index.php\/2020\/08\/26\/a-politica-da-serra-em-2020\/\" \/>\n<meta property=\"og:site_name\" content=\"Jornal Fatos e Not\u00edcias\" \/>\n<meta property=\"article:published_time\" content=\"2020-08-26T12:03:28+00:00\" \/>\n<meta property=\"article:modified_time\" content=\"2020-08-26T12:03:30+00:00\" \/>\n<meta property=\"og:image\" content=\"https:\/\/jornalfatosenoticias.com.br\/wp-content\/uploads\/2020\/08\/Serra-Vista.jpg\" \/>\n\t<meta property=\"og:image:width\" content=\"980\" \/>\n\t<meta property=\"og:image:height\" content=\"423\" \/>\n\t<meta property=\"og:image:type\" content=\"image\/jpeg\" \/>\n<meta name=\"author\" content=\"Luzimara Fernandes\" \/>\n<meta name=\"twitter:card\" content=\"summary_large_image\" \/>\n<meta name=\"twitter:label1\" content=\"Escrito por\" \/>\n\t<meta name=\"twitter:data1\" content=\"Luzimara Fernandes\" \/>\n\t<meta name=\"twitter:label2\" content=\"Est. tempo de leitura\" \/>\n\t<meta name=\"twitter:data2\" content=\"6 minutos\" \/>\n<script type=\"application\/ld+json\" class=\"yoast-schema-graph\">{\"@context\":\"https:\/\/schema.org\",\"@graph\":[{\"@type\":\"Article\",\"@id\":\"https:\/\/jornalfatosenoticias.com.br\/index.php\/2020\/08\/26\/a-politica-da-serra-em-2020\/#article\",\"isPartOf\":{\"@id\":\"https:\/\/jornalfatosenoticias.com.br\/index.php\/2020\/08\/26\/a-politica-da-serra-em-2020\/\"},\"author\":{\"name\":\"Luzimara Fernandes\",\"@id\":\"https:\/\/jornalfatosenoticias.com.br\/#\/schema\/person\/d63837fa13ac8666eb9e74e0985d6f81\"},\"headline\":\"A pol\u00edtica da Serra em 2020\",\"datePublished\":\"2020-08-26T12:03:28+00:00\",\"dateModified\":\"2020-08-26T12:03:30+00:00\",\"mainEntityOfPage\":{\"@id\":\"https:\/\/jornalfatosenoticias.com.br\/index.php\/2020\/08\/26\/a-politica-da-serra-em-2020\/\"},\"wordCount\":1124,\"commentCount\":0,\"publisher\":{\"@id\":\"https:\/\/jornalfatosenoticias.com.br\/#organization\"},\"image\":{\"@id\":\"https:\/\/jornalfatosenoticias.com.br\/index.php\/2020\/08\/26\/a-politica-da-serra-em-2020\/#primaryimage\"},\"thumbnailUrl\":\"https:\/\/jornalfatosenoticias.com.br\/wp-content\/uploads\/2020\/08\/Serra-Vista.jpg\",\"keywords\":[\"Elei\u00e7\u00f5es 2020\",\"gest\u00e3o p\u00fablica\",\"gestor\",\"Serra\"],\"articleSection\":[\"Pol\u00edtica\"],\"inLanguage\":\"pt-BR\",\"potentialAction\":[{\"@type\":\"CommentAction\",\"name\":\"Comment\",\"target\":[\"https:\/\/jornalfatosenoticias.com.br\/index.php\/2020\/08\/26\/a-politica-da-serra-em-2020\/#respond\"]}]},{\"@type\":\"WebPage\",\"@id\":\"https:\/\/jornalfatosenoticias.com.br\/index.php\/2020\/08\/26\/a-politica-da-serra-em-2020\/\",\"url\":\"https:\/\/jornalfatosenoticias.com.br\/index.php\/2020\/08\/26\/a-politica-da-serra-em-2020\/\",\"name\":\"A pol\u00edtica da Serra em 2020 - Jornal Fatos e Not\u00edcias\",\"isPartOf\":{\"@id\":\"https:\/\/jornalfatosenoticias.com.br\/#website\"},\"primaryImageOfPage\":{\"@id\":\"https:\/\/jornalfatosenoticias.com.br\/index.php\/2020\/08\/26\/a-politica-da-serra-em-2020\/#primaryimage\"},\"image\":{\"@id\":\"https:\/\/jornalfatosenoticias.com.br\/index.php\/2020\/08\/26\/a-politica-da-serra-em-2020\/#primaryimage\"},\"thumbnailUrl\":\"https:\/\/jornalfatosenoticias.com.br\/wp-content\/uploads\/2020\/08\/Serra-Vista.jpg\",\"datePublished\":\"2020-08-26T12:03:28+00:00\",\"dateModified\":\"2020-08-26T12:03:30+00:00\",\"breadcrumb\":{\"@id\":\"https:\/\/jornalfatosenoticias.com.br\/index.php\/2020\/08\/26\/a-politica-da-serra-em-2020\/#breadcrumb\"},\"inLanguage\":\"pt-BR\",\"potentialAction\":[{\"@type\":\"ReadAction\",\"target\":[\"https:\/\/jornalfatosenoticias.com.br\/index.php\/2020\/08\/26\/a-politica-da-serra-em-2020\/\"]}]},{\"@type\":\"ImageObject\",\"inLanguage\":\"pt-BR\",\"@id\":\"https:\/\/jornalfatosenoticias.com.br\/index.php\/2020\/08\/26\/a-politica-da-serra-em-2020\/#primaryimage\",\"url\":\"https:\/\/jornalfatosenoticias.com.br\/wp-content\/uploads\/2020\/08\/Serra-Vista.jpg\",\"contentUrl\":\"https:\/\/jornalfatosenoticias.com.br\/wp-content\/uploads\/2020\/08\/Serra-Vista.jpg\",\"width\":980,\"height\":423},{\"@type\":\"BreadcrumbList\",\"@id\":\"https:\/\/jornalfatosenoticias.com.br\/index.php\/2020\/08\/26\/a-politica-da-serra-em-2020\/#breadcrumb\",\"itemListElement\":[{\"@type\":\"ListItem\",\"position\":1,\"name\":\"In\u00edcio\",\"item\":\"https:\/\/jornalfatosenoticias.com.br\/\"},{\"@type\":\"ListItem\",\"position\":2,\"name\":\"A pol\u00edtica da Serra em 2020\"}]},{\"@type\":\"WebSite\",\"@id\":\"https:\/\/jornalfatosenoticias.com.br\/#website\",\"url\":\"https:\/\/jornalfatosenoticias.com.br\/\",\"name\":\"Jornal Fatos e Not\u00edcias\",\"description\":\"Not\u00edcias em geral\",\"publisher\":{\"@id\":\"https:\/\/jornalfatosenoticias.com.br\/#organization\"},\"potentialAction\":[{\"@type\":\"SearchAction\",\"target\":{\"@type\":\"EntryPoint\",\"urlTemplate\":\"https:\/\/jornalfatosenoticias.com.br\/?s={search_term_string}\"},\"query-input\":{\"@type\":\"PropertyValueSpecification\",\"valueRequired\":true,\"valueName\":\"search_term_string\"}}],\"inLanguage\":\"pt-BR\"},{\"@type\":\"Organization\",\"@id\":\"https:\/\/jornalfatosenoticias.com.br\/#organization\",\"name\":\"Jornal Fatos e Not\u00edcias\",\"url\":\"https:\/\/jornalfatosenoticias.com.br\/\",\"logo\":{\"@type\":\"ImageObject\",\"inLanguage\":\"pt-BR\",\"@id\":\"https:\/\/jornalfatosenoticias.com.br\/#\/schema\/logo\/image\/\",\"url\":\"https:\/\/jornalfatosenoticias.com.br\/wp-content\/uploads\/2020\/02\/logo120.png\",\"contentUrl\":\"https:\/\/jornalfatosenoticias.com.br\/wp-content\/uploads\/2020\/02\/logo120.png\",\"width\":1227,\"height\":120,\"caption\":\"Jornal Fatos e Not\u00edcias\"},\"image\":{\"@id\":\"https:\/\/jornalfatosenoticias.com.br\/#\/schema\/logo\/image\/\"}},{\"@type\":\"Person\",\"@id\":\"https:\/\/jornalfatosenoticias.com.br\/#\/schema\/person\/d63837fa13ac8666eb9e74e0985d6f81\",\"name\":\"Luzimara Fernandes\",\"image\":{\"@type\":\"ImageObject\",\"inLanguage\":\"pt-BR\",\"@id\":\"https:\/\/jornalfatosenoticias.com.br\/#\/schema\/person\/image\/\",\"url\":\"https:\/\/jornalfatosenoticias.com.br\/wp-content\/uploads\/2025\/05\/EU_portal.jpg\",\"contentUrl\":\"https:\/\/jornalfatosenoticias.com.br\/wp-content\/uploads\/2025\/05\/EU_portal.jpg\",\"caption\":\"Luzimara Fernandes\"},\"description\":\"Jornalista MTB 2358-ES\",\"sameAs\":[\"https:\/\/jornalfatosenoticias.com.br\"],\"url\":\"https:\/\/jornalfatosenoticias.com.br\/index.php\/author\/luzimara\/\"}]}<\/script>\n<!-- \/ Yoast SEO plugin. -->","yoast_head_json":{"title":"A pol\u00edtica da Serra em 2020 - Jornal Fatos e Not\u00edcias","robots":{"index":"index","follow":"follow","max-snippet":"max-snippet:-1","max-image-preview":"max-image-preview:large","max-video-preview":"max-video-preview:-1"},"canonical":"https:\/\/jornalfatosenoticias.com.br\/index.php\/2020\/08\/26\/a-politica-da-serra-em-2020\/","og_locale":"pt_BR","og_type":"article","og_title":"A pol\u00edtica da Serra em 2020 - Jornal Fatos e Not\u00edcias","og_description":"Oi, eu sou *ARGOS PANOPTES, mas pode me chamar de ARGOS. Meus 100 olhos est\u00e3o sobre a cidade da Serra. Se voc\u00ea quiser a minha opini\u00e3o sobre qualquer assunto, escreva nos coment\u00e1rios Vamos falar sobre as elei\u00e7\u00f5es municipais de 2020? Parafraseando um velho conhecido da pol\u00edtica brasileira: \u201cnunca na hist\u00f3ria desse Pa\u00eds\u201d, a Serra teve [&hellip;]","og_url":"https:\/\/jornalfatosenoticias.com.br\/index.php\/2020\/08\/26\/a-politica-da-serra-em-2020\/","og_site_name":"Jornal Fatos e Not\u00edcias","article_published_time":"2020-08-26T12:03:28+00:00","article_modified_time":"2020-08-26T12:03:30+00:00","og_image":[{"width":980,"height":423,"url":"https:\/\/jornalfatosenoticias.com.br\/wp-content\/uploads\/2020\/08\/Serra-Vista.jpg","type":"image\/jpeg"}],"author":"Luzimara Fernandes","twitter_card":"summary_large_image","twitter_misc":{"Escrito por":"Luzimara Fernandes","Est. tempo de leitura":"6 minutos"},"schema":{"@context":"https:\/\/schema.org","@graph":[{"@type":"Article","@id":"https:\/\/jornalfatosenoticias.com.br\/index.php\/2020\/08\/26\/a-politica-da-serra-em-2020\/#article","isPartOf":{"@id":"https:\/\/jornalfatosenoticias.com.br\/index.php\/2020\/08\/26\/a-politica-da-serra-em-2020\/"},"author":{"name":"Luzimara Fernandes","@id":"https:\/\/jornalfatosenoticias.com.br\/#\/schema\/person\/d63837fa13ac8666eb9e74e0985d6f81"},"headline":"A pol\u00edtica da Serra em 2020","datePublished":"2020-08-26T12:03:28+00:00","dateModified":"2020-08-26T12:03:30+00:00","mainEntityOfPage":{"@id":"https:\/\/jornalfatosenoticias.com.br\/index.php\/2020\/08\/26\/a-politica-da-serra-em-2020\/"},"wordCount":1124,"commentCount":0,"publisher":{"@id":"https:\/\/jornalfatosenoticias.com.br\/#organization"},"image":{"@id":"https:\/\/jornalfatosenoticias.com.br\/index.php\/2020\/08\/26\/a-politica-da-serra-em-2020\/#primaryimage"},"thumbnailUrl":"https:\/\/jornalfatosenoticias.com.br\/wp-content\/uploads\/2020\/08\/Serra-Vista.jpg","keywords":["Elei\u00e7\u00f5es 2020","gest\u00e3o p\u00fablica","gestor","Serra"],"articleSection":["Pol\u00edtica"],"inLanguage":"pt-BR","potentialAction":[{"@type":"CommentAction","name":"Comment","target":["https:\/\/jornalfatosenoticias.com.br\/index.php\/2020\/08\/26\/a-politica-da-serra-em-2020\/#respond"]}]},{"@type":"WebPage","@id":"https:\/\/jornalfatosenoticias.com.br\/index.php\/2020\/08\/26\/a-politica-da-serra-em-2020\/","url":"https:\/\/jornalfatosenoticias.com.br\/index.php\/2020\/08\/26\/a-politica-da-serra-em-2020\/","name":"A pol\u00edtica da Serra em 2020 - Jornal Fatos e Not\u00edcias","isPartOf":{"@id":"https:\/\/jornalfatosenoticias.com.br\/#website"},"primaryImageOfPage":{"@id":"https:\/\/jornalfatosenoticias.com.br\/index.php\/2020\/08\/26\/a-politica-da-serra-em-2020\/#primaryimage"},"image":{"@id":"https:\/\/jornalfatosenoticias.com.br\/index.php\/2020\/08\/26\/a-politica-da-serra-em-2020\/#primaryimage"},"thumbnailUrl":"https:\/\/jornalfatosenoticias.com.br\/wp-content\/uploads\/2020\/08\/Serra-Vista.jpg","datePublished":"2020-08-26T12:03:28+00:00","dateModified":"2020-08-26T12:03:30+00:00","breadcrumb":{"@id":"https:\/\/jornalfatosenoticias.com.br\/index.php\/2020\/08\/26\/a-politica-da-serra-em-2020\/#breadcrumb"},"inLanguage":"pt-BR","potentialAction":[{"@type":"ReadAction","target":["https:\/\/jornalfatosenoticias.com.br\/index.php\/2020\/08\/26\/a-politica-da-serra-em-2020\/"]}]},{"@type":"ImageObject","inLanguage":"pt-BR","@id":"https:\/\/jornalfatosenoticias.com.br\/index.php\/2020\/08\/26\/a-politica-da-serra-em-2020\/#primaryimage","url":"https:\/\/jornalfatosenoticias.com.br\/wp-content\/uploads\/2020\/08\/Serra-Vista.jpg","contentUrl":"https:\/\/jornalfatosenoticias.com.br\/wp-content\/uploads\/2020\/08\/Serra-Vista.jpg","width":980,"height":423},{"@type":"BreadcrumbList","@id":"https:\/\/jornalfatosenoticias.com.br\/index.php\/2020\/08\/26\/a-politica-da-serra-em-2020\/#breadcrumb","itemListElement":[{"@type":"ListItem","position":1,"name":"In\u00edcio","item":"https:\/\/jornalfatosenoticias.com.br\/"},{"@type":"ListItem","position":2,"name":"A pol\u00edtica da Serra em 2020"}]},{"@type":"WebSite","@id":"https:\/\/jornalfatosenoticias.com.br\/#website","url":"https:\/\/jornalfatosenoticias.com.br\/","name":"Jornal Fatos e Not\u00edcias","description":"Not\u00edcias em geral","publisher":{"@id":"https:\/\/jornalfatosenoticias.com.br\/#organization"},"potentialAction":[{"@type":"SearchAction","target":{"@type":"EntryPoint","urlTemplate":"https:\/\/jornalfatosenoticias.com.br\/?s={search_term_string}"},"query-input":{"@type":"PropertyValueSpecification","valueRequired":true,"valueName":"search_term_string"}}],"inLanguage":"pt-BR"},{"@type":"Organization","@id":"https:\/\/jornalfatosenoticias.com.br\/#organization","name":"Jornal Fatos e Not\u00edcias","url":"https:\/\/jornalfatosenoticias.com.br\/","logo":{"@type":"ImageObject","inLanguage":"pt-BR","@id":"https:\/\/jornalfatosenoticias.com.br\/#\/schema\/logo\/image\/","url":"https:\/\/jornalfatosenoticias.com.br\/wp-content\/uploads\/2020\/02\/logo120.png","contentUrl":"https:\/\/jornalfatosenoticias.com.br\/wp-content\/uploads\/2020\/02\/logo120.png","width":1227,"height":120,"caption":"Jornal Fatos e Not\u00edcias"},"image":{"@id":"https:\/\/jornalfatosenoticias.com.br\/#\/schema\/logo\/image\/"}},{"@type":"Person","@id":"https:\/\/jornalfatosenoticias.com.br\/#\/schema\/person\/d63837fa13ac8666eb9e74e0985d6f81","name":"Luzimara Fernandes","image":{"@type":"ImageObject","inLanguage":"pt-BR","@id":"https:\/\/jornalfatosenoticias.com.br\/#\/schema\/person\/image\/","url":"https:\/\/jornalfatosenoticias.com.br\/wp-content\/uploads\/2025\/05\/EU_portal.jpg","contentUrl":"https:\/\/jornalfatosenoticias.com.br\/wp-content\/uploads\/2025\/05\/EU_portal.jpg","caption":"Luzimara Fernandes"},"description":"Jornalista MTB 2358-ES","sameAs":["https:\/\/jornalfatosenoticias.com.br"],"url":"https:\/\/jornalfatosenoticias.com.br\/index.php\/author\/luzimara\/"}]}},"cc_featured_image_caption":{"caption_text":"(Foto: Reprodu\u00e7\u00e3o\/ES Hoje) \r\n","source_text":"","source_url":""},"jetpack_featured_media_url":"https:\/\/jornalfatosenoticias.com.br\/wp-content\/uploads\/2020\/08\/Serra-Vista.jpg","_links":{"self":[{"href":"https:\/\/jornalfatosenoticias.com.br\/index.php\/wp-json\/wp\/v2\/posts\/8142","targetHints":{"allow":["GET"]}}],"collection":[{"href":"https:\/\/jornalfatosenoticias.com.br\/index.php\/wp-json\/wp\/v2\/posts"}],"about":[{"href":"https:\/\/jornalfatosenoticias.com.br\/index.php\/wp-json\/wp\/v2\/types\/post"}],"author":[{"embeddable":true,"href":"https:\/\/jornalfatosenoticias.com.br\/index.php\/wp-json\/wp\/v2\/users\/2"}],"replies":[{"embeddable":true,"href":"https:\/\/jornalfatosenoticias.com.br\/index.php\/wp-json\/wp\/v2\/comments?post=8142"}],"version-history":[{"count":0,"href":"https:\/\/jornalfatosenoticias.com.br\/index.php\/wp-json\/wp\/v2\/posts\/8142\/revisions"}],"wp:featuredmedia":[{"embeddable":true,"href":"https:\/\/jornalfatosenoticias.com.br\/index.php\/wp-json\/wp\/v2\/media\/8145"}],"wp:attachment":[{"href":"https:\/\/jornalfatosenoticias.com.br\/index.php\/wp-json\/wp\/v2\/media?parent=8142"}],"wp:term":[{"taxonomy":"category","embeddable":true,"href":"https:\/\/jornalfatosenoticias.com.br\/index.php\/wp-json\/wp\/v2\/categories?post=8142"},{"taxonomy":"post_tag","embeddable":true,"href":"https:\/\/jornalfatosenoticias.com.br\/index.php\/wp-json\/wp\/v2\/tags?post=8142"}],"curies":[{"name":"wp","href":"https:\/\/api.w.org\/{rel}","templated":true}]}}