{"id":8158,"date":"2020-08-26T09:21:04","date_gmt":"2020-08-26T12:21:04","guid":{"rendered":"https:\/\/jornalfatosenoticias.com.br\/?p=8158"},"modified":"2020-08-26T09:21:06","modified_gmt":"2020-08-26T12:21:06","slug":"inscricoes-abertas-para-o-premio-mercosul-de-ciencia-e-tecnologia","status":"publish","type":"post","link":"https:\/\/jornalfatosenoticias.com.br\/index.php\/2020\/08\/26\/inscricoes-abertas-para-o-premio-mercosul-de-ciencia-e-tecnologia\/","title":{"rendered":"Inscri\u00e7\u00f5es abertas para o Pr\u00eamio Mercosul de Ci\u00eancia e Tecnologia"},"content":{"rendered":"\n<h6 class=\"wp-block-heading\"><em>Tema escolhido para a edi\u00e7\u00e3o deste ano \u00e9 &#8216;Intelig\u00eancia Artificial&#8217;. Interessados t\u00eam at\u00e9 o dia 11 de setembro para se inscrever em uma das cinco categorias<\/em><\/h6>\n\n\n\n<p>Est\u00e3o abertas as inscri\u00e7\u00f5es para o Pr\u00eamio Mercosul de Ci\u00eancia e Tecnologia de 2020, destinado a estudantes e pesquisadores da \u00e1rea de CT&amp;I. O tema escolhido para a edi\u00e7\u00e3o do pr\u00eamio deste ano \u00e9 &#8220;Intelig\u00eancia Artificial&#8221;, pela abrang\u00eancia do tema e o que ele representa para o desenvolvimento tecnol\u00f3gico dos pa\u00edses-membros. Os interessados t\u00eam at\u00e9 o dia 11 de setembro para se inscrever.<br>A partir do tema &#8220;Intelig\u00eancia Artificial&#8221;, os trabalhos devem abordar uma das seguintes linhas de pesquisa: 1. Intelig\u00eancia Artificial e Internet das Coisas; 2. Intelig\u00eancia Artificial e Ambiente Rural; 3. Intelig\u00eancia Artificial e Sa\u00fade; 4. Intelig\u00eancia Artificial e Cidades; 5. Intelig\u00eancia Artificial e Ind\u00fastria; 6. \u00c9tica e Intelig\u00eancia Artificial.<br>Os interessados podem se inscrever em uma das seguintes categorias: \u201cInicia\u00e7\u00e3o Cient\u00edfica\u201d, para jovens do Ensino M\u00e9dio e T\u00e9cnico; \u201cEstudante Universit\u00e1rio\u201d, para estudantes de gradua\u00e7\u00f5es e de pesquisa; \u201cJovem Pesquisador\u201d, categoria que abarca graduados, estudantes de mestrado, mestres, estudantes de doutorado e doutores que tenham, no m\u00e1ximo, 35 anos de idade; e \u201cPesquisador S\u00eanior\u201d, para os que possuem 36 anos ou mais, podendo ser concorrida individualmente ou em equipe. H\u00e1 tamb\u00e9m a categoria \u201cIntegra\u00e7\u00e3o\u201d, modalidade exclusiva para equipes, que devem ter minimamente dois integrantes de pa\u00edses diferentes do Mercosul.<br>O valor total das premia\u00e7\u00f5es \u00e9 de R$ 105 mil. Al\u00e9m disso, a comiss\u00e3o julgadora tamb\u00e9m poder\u00e1 conferir uma men\u00e7\u00e3o honrosa em cada categoria.<\/p>\n\n\n\n<h4 class=\"wp-block-heading\">O Pr\u00eamio<\/h4>\n\n\n\n<p>Institu\u00eddo em 1997 pela Reuni\u00e3o Especializada em Ci\u00eancia e Tecnologia do Mercosul (RECyT), busca incentivar e reconhecer pesquisadores com estudos que apresentem potencial contribui\u00e7\u00e3o para o desenvolvimento cient\u00edfico e tecnol\u00f3gico da regi\u00e3o. Al\u00e9m disso, contribui para o processo de integra\u00e7\u00e3o dos pa\u00edses do bloco, por meio do est\u00edmulo \u00e0 difus\u00e3o das realiza\u00e7\u00f5es e dos avan\u00e7os cient\u00edficos e tecnol\u00f3gicos.<br>Na edi\u00e7\u00e3o passada, foram submetidos 175 trabalhos representando nove pa\u00edses do bloco, e foram premiados pesquisadores do Brasil, da Argentina e do Uruguai. Desde seu lan\u00e7amento, em 1997, o Pr\u00eamio Mercosul de Ci\u00eancia e Tecnologia j\u00e1 recebeu mais de 2,4 mil trabalhos com 297 agraciados entre pesquisadores e equipes.<br>A iniciativa \u00e9 patrocinada pelo MCTI do Brasil e conta com o apoio do Conselho Nacional de Desenvolvimento Cient\u00edfico e Tecnol\u00f3gico (CNPq\/Brasil), Minist\u00e9rio de Educa\u00e7\u00e3o, Cultura, Ci\u00eancia e Tecnologia da Argentina, Conselho Nacional de Ci\u00eancia e Tecnologia do Paraguai e Minist\u00e9rio de Educa\u00e7\u00e3o e Cultura do Uruguai.<br>Para mais informa\u00e7\u00f5es e inscri\u00e7\u00f5es, acesse <strong><a href=\"http:\/\/www.premiomercosul.cnpq.br\/\">www.premiomercosul.cnpq.br<\/a><\/strong>.<\/p>\n\n\n\n<p><strong><em>Fonte: <a href=\"https:\/\/sedu.es.gov.br\/Not%C3%ADcia\/inscricoes-abertas-para-o-premio-mercosul-de-ciencia-e-tecnologia\">Sedu-ES<\/a><\/em><\/strong><\/p>\n","protected":false},"excerpt":{"rendered":"<p>Tema escolhido para a edi\u00e7\u00e3o deste ano \u00e9 &#8216;Intelig\u00eancia Artificial&#8217;. Interessados t\u00eam at\u00e9 o dia 11 de setembro para se inscrever em uma das cinco categorias Est\u00e3o abertas as inscri\u00e7\u00f5es para o Pr\u00eamio Mercosul de Ci\u00eancia e Tecnologia de 2020, destinado a estudantes e pesquisadores da \u00e1rea de CT&amp;I. O tema escolhido para a edi\u00e7\u00e3o [&hellip;]<\/p>\n","protected":false},"author":2,"featured_media":8159,"comment_status":"open","ping_status":"open","sticky":false,"template":"","format":"standard","meta":{"footnotes":""},"categories":[7],"tags":[4530,53,4529,4528],"class_list":["post-8158","post","type-post","status-publish","format-standard","has-post-thumbnail","hentry","category-educacao","tag-cnpq-brasil","tag-inteligencia-artificial","tag-mcti","tag-premio-mercosul-de-ciencia-e-tecnologia-de-2020"],"yoast_head":"<!-- This site is optimized with the Yoast SEO plugin v26.5 - https:\/\/yoast.com\/wordpress\/plugins\/seo\/ -->\n<title>Inscri\u00e7\u00f5es abertas para o Pr\u00eamio Mercosul de Ci\u00eancia e Tecnologia - Jornal Fatos e Not\u00edcias<\/title>\n<meta name=\"robots\" content=\"index, follow, max-snippet:-1, max-image-preview:large, max-video-preview:-1\" \/>\n<link rel=\"canonical\" href=\"https:\/\/jornalfatosenoticias.com.br\/index.php\/2020\/08\/26\/inscricoes-abertas-para-o-premio-mercosul-de-ciencia-e-tecnologia\/\" \/>\n<meta property=\"og:locale\" content=\"pt_BR\" \/>\n<meta property=\"og:type\" content=\"article\" \/>\n<meta property=\"og:title\" content=\"Inscri\u00e7\u00f5es abertas para o Pr\u00eamio Mercosul de Ci\u00eancia e Tecnologia - Jornal Fatos e Not\u00edcias\" \/>\n<meta property=\"og:description\" content=\"Tema escolhido para a edi\u00e7\u00e3o deste ano \u00e9 &#8216;Intelig\u00eancia Artificial&#8217;. Interessados t\u00eam at\u00e9 o dia 11 de setembro para se inscrever em uma das cinco categorias Est\u00e3o abertas as inscri\u00e7\u00f5es para o Pr\u00eamio Mercosul de Ci\u00eancia e Tecnologia de 2020, destinado a estudantes e pesquisadores da \u00e1rea de CT&amp;I. O tema escolhido para a edi\u00e7\u00e3o [&hellip;]\" \/>\n<meta property=\"og:url\" content=\"https:\/\/jornalfatosenoticias.com.br\/index.php\/2020\/08\/26\/inscricoes-abertas-para-o-premio-mercosul-de-ciencia-e-tecnologia\/\" \/>\n<meta property=\"og:site_name\" content=\"Jornal Fatos e Not\u00edcias\" \/>\n<meta property=\"article:published_time\" content=\"2020-08-26T12:21:04+00:00\" \/>\n<meta property=\"article:modified_time\" content=\"2020-08-26T12:21:06+00:00\" \/>\n<meta property=\"og:image\" content=\"https:\/\/jornalfatosenoticias.com.br\/wp-content\/uploads\/2020\/08\/logo_premio_mercosul_de_ciencia_e_tecnologia.png\" \/>\n\t<meta property=\"og:image:width\" content=\"960\" \/>\n\t<meta property=\"og:image:height\" content=\"640\" \/>\n\t<meta property=\"og:image:type\" content=\"image\/png\" \/>\n<meta name=\"author\" content=\"Luzimara Fernandes\" \/>\n<meta name=\"twitter:card\" content=\"summary_large_image\" \/>\n<meta name=\"twitter:label1\" content=\"Escrito por\" \/>\n\t<meta name=\"twitter:data1\" content=\"Luzimara Fernandes\" \/>\n\t<meta name=\"twitter:label2\" content=\"Est. tempo de leitura\" \/>\n\t<meta name=\"twitter:data2\" content=\"2 minutos\" \/>\n<script type=\"application\/ld+json\" class=\"yoast-schema-graph\">{\"@context\":\"https:\/\/schema.org\",\"@graph\":[{\"@type\":\"Article\",\"@id\":\"https:\/\/jornalfatosenoticias.com.br\/index.php\/2020\/08\/26\/inscricoes-abertas-para-o-premio-mercosul-de-ciencia-e-tecnologia\/#article\",\"isPartOf\":{\"@id\":\"https:\/\/jornalfatosenoticias.com.br\/index.php\/2020\/08\/26\/inscricoes-abertas-para-o-premio-mercosul-de-ciencia-e-tecnologia\/\"},\"author\":{\"name\":\"Luzimara Fernandes\",\"@id\":\"https:\/\/jornalfatosenoticias.com.br\/#\/schema\/person\/d63837fa13ac8666eb9e74e0985d6f81\"},\"headline\":\"Inscri\u00e7\u00f5es abertas para o Pr\u00eamio Mercosul de Ci\u00eancia e Tecnologia\",\"datePublished\":\"2020-08-26T12:21:04+00:00\",\"dateModified\":\"2020-08-26T12:21:06+00:00\",\"mainEntityOfPage\":{\"@id\":\"https:\/\/jornalfatosenoticias.com.br\/index.php\/2020\/08\/26\/inscricoes-abertas-para-o-premio-mercosul-de-ciencia-e-tecnologia\/\"},\"wordCount\":484,\"commentCount\":0,\"publisher\":{\"@id\":\"https:\/\/jornalfatosenoticias.com.br\/#organization\"},\"image\":{\"@id\":\"https:\/\/jornalfatosenoticias.com.br\/index.php\/2020\/08\/26\/inscricoes-abertas-para-o-premio-mercosul-de-ciencia-e-tecnologia\/#primaryimage\"},\"thumbnailUrl\":\"https:\/\/jornalfatosenoticias.com.br\/wp-content\/uploads\/2020\/08\/logo_premio_mercosul_de_ciencia_e_tecnologia.png\",\"keywords\":[\"CNPq\/Brasil\",\"intelig\u00eancia artificial\",\"MCTI\",\"Pr\u00eamio Mercosul de Ci\u00eancia e Tecnologia de 2020\"],\"articleSection\":[\"Educa\u00e7\u00e3o\"],\"inLanguage\":\"pt-BR\",\"potentialAction\":[{\"@type\":\"CommentAction\",\"name\":\"Comment\",\"target\":[\"https:\/\/jornalfatosenoticias.com.br\/index.php\/2020\/08\/26\/inscricoes-abertas-para-o-premio-mercosul-de-ciencia-e-tecnologia\/#respond\"]}]},{\"@type\":\"WebPage\",\"@id\":\"https:\/\/jornalfatosenoticias.com.br\/index.php\/2020\/08\/26\/inscricoes-abertas-para-o-premio-mercosul-de-ciencia-e-tecnologia\/\",\"url\":\"https:\/\/jornalfatosenoticias.com.br\/index.php\/2020\/08\/26\/inscricoes-abertas-para-o-premio-mercosul-de-ciencia-e-tecnologia\/\",\"name\":\"Inscri\u00e7\u00f5es abertas para o Pr\u00eamio Mercosul de Ci\u00eancia e Tecnologia - Jornal Fatos e Not\u00edcias\",\"isPartOf\":{\"@id\":\"https:\/\/jornalfatosenoticias.com.br\/#website\"},\"primaryImageOfPage\":{\"@id\":\"https:\/\/jornalfatosenoticias.com.br\/index.php\/2020\/08\/26\/inscricoes-abertas-para-o-premio-mercosul-de-ciencia-e-tecnologia\/#primaryimage\"},\"image\":{\"@id\":\"https:\/\/jornalfatosenoticias.com.br\/index.php\/2020\/08\/26\/inscricoes-abertas-para-o-premio-mercosul-de-ciencia-e-tecnologia\/#primaryimage\"},\"thumbnailUrl\":\"https:\/\/jornalfatosenoticias.com.br\/wp-content\/uploads\/2020\/08\/logo_premio_mercosul_de_ciencia_e_tecnologia.png\",\"datePublished\":\"2020-08-26T12:21:04+00:00\",\"dateModified\":\"2020-08-26T12:21:06+00:00\",\"breadcrumb\":{\"@id\":\"https:\/\/jornalfatosenoticias.com.br\/index.php\/2020\/08\/26\/inscricoes-abertas-para-o-premio-mercosul-de-ciencia-e-tecnologia\/#breadcrumb\"},\"inLanguage\":\"pt-BR\",\"potentialAction\":[{\"@type\":\"ReadAction\",\"target\":[\"https:\/\/jornalfatosenoticias.com.br\/index.php\/2020\/08\/26\/inscricoes-abertas-para-o-premio-mercosul-de-ciencia-e-tecnologia\/\"]}]},{\"@type\":\"ImageObject\",\"inLanguage\":\"pt-BR\",\"@id\":\"https:\/\/jornalfatosenoticias.com.br\/index.php\/2020\/08\/26\/inscricoes-abertas-para-o-premio-mercosul-de-ciencia-e-tecnologia\/#primaryimage\",\"url\":\"https:\/\/jornalfatosenoticias.com.br\/wp-content\/uploads\/2020\/08\/logo_premio_mercosul_de_ciencia_e_tecnologia.png\",\"contentUrl\":\"https:\/\/jornalfatosenoticias.com.br\/wp-content\/uploads\/2020\/08\/logo_premio_mercosul_de_ciencia_e_tecnologia.png\",\"width\":960,\"height\":640},{\"@type\":\"BreadcrumbList\",\"@id\":\"https:\/\/jornalfatosenoticias.com.br\/index.php\/2020\/08\/26\/inscricoes-abertas-para-o-premio-mercosul-de-ciencia-e-tecnologia\/#breadcrumb\",\"itemListElement\":[{\"@type\":\"ListItem\",\"position\":1,\"name\":\"In\u00edcio\",\"item\":\"https:\/\/jornalfatosenoticias.com.br\/\"},{\"@type\":\"ListItem\",\"position\":2,\"name\":\"Inscri\u00e7\u00f5es abertas para o Pr\u00eamio Mercosul de Ci\u00eancia e Tecnologia\"}]},{\"@type\":\"WebSite\",\"@id\":\"https:\/\/jornalfatosenoticias.com.br\/#website\",\"url\":\"https:\/\/jornalfatosenoticias.com.br\/\",\"name\":\"Jornal Fatos e Not\u00edcias\",\"description\":\"Not\u00edcias em geral\",\"publisher\":{\"@id\":\"https:\/\/jornalfatosenoticias.com.br\/#organization\"},\"potentialAction\":[{\"@type\":\"SearchAction\",\"target\":{\"@type\":\"EntryPoint\",\"urlTemplate\":\"https:\/\/jornalfatosenoticias.com.br\/?s={search_term_string}\"},\"query-input\":{\"@type\":\"PropertyValueSpecification\",\"valueRequired\":true,\"valueName\":\"search_term_string\"}}],\"inLanguage\":\"pt-BR\"},{\"@type\":\"Organization\",\"@id\":\"https:\/\/jornalfatosenoticias.com.br\/#organization\",\"name\":\"Jornal Fatos e Not\u00edcias\",\"url\":\"https:\/\/jornalfatosenoticias.com.br\/\",\"logo\":{\"@type\":\"ImageObject\",\"inLanguage\":\"pt-BR\",\"@id\":\"https:\/\/jornalfatosenoticias.com.br\/#\/schema\/logo\/image\/\",\"url\":\"https:\/\/jornalfatosenoticias.com.br\/wp-content\/uploads\/2020\/02\/logo120.png\",\"contentUrl\":\"https:\/\/jornalfatosenoticias.com.br\/wp-content\/uploads\/2020\/02\/logo120.png\",\"width\":1227,\"height\":120,\"caption\":\"Jornal Fatos e Not\u00edcias\"},\"image\":{\"@id\":\"https:\/\/jornalfatosenoticias.com.br\/#\/schema\/logo\/image\/\"}},{\"@type\":\"Person\",\"@id\":\"https:\/\/jornalfatosenoticias.com.br\/#\/schema\/person\/d63837fa13ac8666eb9e74e0985d6f81\",\"name\":\"Luzimara Fernandes\",\"image\":{\"@type\":\"ImageObject\",\"inLanguage\":\"pt-BR\",\"@id\":\"https:\/\/jornalfatosenoticias.com.br\/#\/schema\/person\/image\/\",\"url\":\"https:\/\/jornalfatosenoticias.com.br\/wp-content\/uploads\/2025\/05\/EU_portal.jpg\",\"contentUrl\":\"https:\/\/jornalfatosenoticias.com.br\/wp-content\/uploads\/2025\/05\/EU_portal.jpg\",\"caption\":\"Luzimara Fernandes\"},\"description\":\"Jornalista MTB 2358-ES\",\"sameAs\":[\"https:\/\/jornalfatosenoticias.com.br\"],\"url\":\"https:\/\/jornalfatosenoticias.com.br\/index.php\/author\/luzimara\/\"}]}<\/script>\n<!-- \/ Yoast SEO plugin. -->","yoast_head_json":{"title":"Inscri\u00e7\u00f5es abertas para o Pr\u00eamio Mercosul de Ci\u00eancia e Tecnologia - Jornal Fatos e Not\u00edcias","robots":{"index":"index","follow":"follow","max-snippet":"max-snippet:-1","max-image-preview":"max-image-preview:large","max-video-preview":"max-video-preview:-1"},"canonical":"https:\/\/jornalfatosenoticias.com.br\/index.php\/2020\/08\/26\/inscricoes-abertas-para-o-premio-mercosul-de-ciencia-e-tecnologia\/","og_locale":"pt_BR","og_type":"article","og_title":"Inscri\u00e7\u00f5es abertas para o Pr\u00eamio Mercosul de Ci\u00eancia e Tecnologia - Jornal Fatos e Not\u00edcias","og_description":"Tema escolhido para a edi\u00e7\u00e3o deste ano \u00e9 &#8216;Intelig\u00eancia Artificial&#8217;. Interessados t\u00eam at\u00e9 o dia 11 de setembro para se inscrever em uma das cinco categorias Est\u00e3o abertas as inscri\u00e7\u00f5es para o Pr\u00eamio Mercosul de Ci\u00eancia e Tecnologia de 2020, destinado a estudantes e pesquisadores da \u00e1rea de CT&amp;I. O tema escolhido para a edi\u00e7\u00e3o [&hellip;]","og_url":"https:\/\/jornalfatosenoticias.com.br\/index.php\/2020\/08\/26\/inscricoes-abertas-para-o-premio-mercosul-de-ciencia-e-tecnologia\/","og_site_name":"Jornal Fatos e Not\u00edcias","article_published_time":"2020-08-26T12:21:04+00:00","article_modified_time":"2020-08-26T12:21:06+00:00","og_image":[{"width":960,"height":640,"url":"https:\/\/jornalfatosenoticias.com.br\/wp-content\/uploads\/2020\/08\/logo_premio_mercosul_de_ciencia_e_tecnologia.png","type":"image\/png"}],"author":"Luzimara Fernandes","twitter_card":"summary_large_image","twitter_misc":{"Escrito por":"Luzimara Fernandes","Est. tempo de leitura":"2 minutos"},"schema":{"@context":"https:\/\/schema.org","@graph":[{"@type":"Article","@id":"https:\/\/jornalfatosenoticias.com.br\/index.php\/2020\/08\/26\/inscricoes-abertas-para-o-premio-mercosul-de-ciencia-e-tecnologia\/#article","isPartOf":{"@id":"https:\/\/jornalfatosenoticias.com.br\/index.php\/2020\/08\/26\/inscricoes-abertas-para-o-premio-mercosul-de-ciencia-e-tecnologia\/"},"author":{"name":"Luzimara Fernandes","@id":"https:\/\/jornalfatosenoticias.com.br\/#\/schema\/person\/d63837fa13ac8666eb9e74e0985d6f81"},"headline":"Inscri\u00e7\u00f5es abertas para o Pr\u00eamio Mercosul de Ci\u00eancia e Tecnologia","datePublished":"2020-08-26T12:21:04+00:00","dateModified":"2020-08-26T12:21:06+00:00","mainEntityOfPage":{"@id":"https:\/\/jornalfatosenoticias.com.br\/index.php\/2020\/08\/26\/inscricoes-abertas-para-o-premio-mercosul-de-ciencia-e-tecnologia\/"},"wordCount":484,"commentCount":0,"publisher":{"@id":"https:\/\/jornalfatosenoticias.com.br\/#organization"},"image":{"@id":"https:\/\/jornalfatosenoticias.com.br\/index.php\/2020\/08\/26\/inscricoes-abertas-para-o-premio-mercosul-de-ciencia-e-tecnologia\/#primaryimage"},"thumbnailUrl":"https:\/\/jornalfatosenoticias.com.br\/wp-content\/uploads\/2020\/08\/logo_premio_mercosul_de_ciencia_e_tecnologia.png","keywords":["CNPq\/Brasil","intelig\u00eancia artificial","MCTI","Pr\u00eamio Mercosul de Ci\u00eancia e Tecnologia de 2020"],"articleSection":["Educa\u00e7\u00e3o"],"inLanguage":"pt-BR","potentialAction":[{"@type":"CommentAction","name":"Comment","target":["https:\/\/jornalfatosenoticias.com.br\/index.php\/2020\/08\/26\/inscricoes-abertas-para-o-premio-mercosul-de-ciencia-e-tecnologia\/#respond"]}]},{"@type":"WebPage","@id":"https:\/\/jornalfatosenoticias.com.br\/index.php\/2020\/08\/26\/inscricoes-abertas-para-o-premio-mercosul-de-ciencia-e-tecnologia\/","url":"https:\/\/jornalfatosenoticias.com.br\/index.php\/2020\/08\/26\/inscricoes-abertas-para-o-premio-mercosul-de-ciencia-e-tecnologia\/","name":"Inscri\u00e7\u00f5es abertas para o Pr\u00eamio Mercosul de Ci\u00eancia e Tecnologia - Jornal Fatos e Not\u00edcias","isPartOf":{"@id":"https:\/\/jornalfatosenoticias.com.br\/#website"},"primaryImageOfPage":{"@id":"https:\/\/jornalfatosenoticias.com.br\/index.php\/2020\/08\/26\/inscricoes-abertas-para-o-premio-mercosul-de-ciencia-e-tecnologia\/#primaryimage"},"image":{"@id":"https:\/\/jornalfatosenoticias.com.br\/index.php\/2020\/08\/26\/inscricoes-abertas-para-o-premio-mercosul-de-ciencia-e-tecnologia\/#primaryimage"},"thumbnailUrl":"https:\/\/jornalfatosenoticias.com.br\/wp-content\/uploads\/2020\/08\/logo_premio_mercosul_de_ciencia_e_tecnologia.png","datePublished":"2020-08-26T12:21:04+00:00","dateModified":"2020-08-26T12:21:06+00:00","breadcrumb":{"@id":"https:\/\/jornalfatosenoticias.com.br\/index.php\/2020\/08\/26\/inscricoes-abertas-para-o-premio-mercosul-de-ciencia-e-tecnologia\/#breadcrumb"},"inLanguage":"pt-BR","potentialAction":[{"@type":"ReadAction","target":["https:\/\/jornalfatosenoticias.com.br\/index.php\/2020\/08\/26\/inscricoes-abertas-para-o-premio-mercosul-de-ciencia-e-tecnologia\/"]}]},{"@type":"ImageObject","inLanguage":"pt-BR","@id":"https:\/\/jornalfatosenoticias.com.br\/index.php\/2020\/08\/26\/inscricoes-abertas-para-o-premio-mercosul-de-ciencia-e-tecnologia\/#primaryimage","url":"https:\/\/jornalfatosenoticias.com.br\/wp-content\/uploads\/2020\/08\/logo_premio_mercosul_de_ciencia_e_tecnologia.png","contentUrl":"https:\/\/jornalfatosenoticias.com.br\/wp-content\/uploads\/2020\/08\/logo_premio_mercosul_de_ciencia_e_tecnologia.png","width":960,"height":640},{"@type":"BreadcrumbList","@id":"https:\/\/jornalfatosenoticias.com.br\/index.php\/2020\/08\/26\/inscricoes-abertas-para-o-premio-mercosul-de-ciencia-e-tecnologia\/#breadcrumb","itemListElement":[{"@type":"ListItem","position":1,"name":"In\u00edcio","item":"https:\/\/jornalfatosenoticias.com.br\/"},{"@type":"ListItem","position":2,"name":"Inscri\u00e7\u00f5es abertas para o Pr\u00eamio Mercosul de Ci\u00eancia e Tecnologia"}]},{"@type":"WebSite","@id":"https:\/\/jornalfatosenoticias.com.br\/#website","url":"https:\/\/jornalfatosenoticias.com.br\/","name":"Jornal Fatos e Not\u00edcias","description":"Not\u00edcias em geral","publisher":{"@id":"https:\/\/jornalfatosenoticias.com.br\/#organization"},"potentialAction":[{"@type":"SearchAction","target":{"@type":"EntryPoint","urlTemplate":"https:\/\/jornalfatosenoticias.com.br\/?s={search_term_string}"},"query-input":{"@type":"PropertyValueSpecification","valueRequired":true,"valueName":"search_term_string"}}],"inLanguage":"pt-BR"},{"@type":"Organization","@id":"https:\/\/jornalfatosenoticias.com.br\/#organization","name":"Jornal Fatos e Not\u00edcias","url":"https:\/\/jornalfatosenoticias.com.br\/","logo":{"@type":"ImageObject","inLanguage":"pt-BR","@id":"https:\/\/jornalfatosenoticias.com.br\/#\/schema\/logo\/image\/","url":"https:\/\/jornalfatosenoticias.com.br\/wp-content\/uploads\/2020\/02\/logo120.png","contentUrl":"https:\/\/jornalfatosenoticias.com.br\/wp-content\/uploads\/2020\/02\/logo120.png","width":1227,"height":120,"caption":"Jornal Fatos e Not\u00edcias"},"image":{"@id":"https:\/\/jornalfatosenoticias.com.br\/#\/schema\/logo\/image\/"}},{"@type":"Person","@id":"https:\/\/jornalfatosenoticias.com.br\/#\/schema\/person\/d63837fa13ac8666eb9e74e0985d6f81","name":"Luzimara Fernandes","image":{"@type":"ImageObject","inLanguage":"pt-BR","@id":"https:\/\/jornalfatosenoticias.com.br\/#\/schema\/person\/image\/","url":"https:\/\/jornalfatosenoticias.com.br\/wp-content\/uploads\/2025\/05\/EU_portal.jpg","contentUrl":"https:\/\/jornalfatosenoticias.com.br\/wp-content\/uploads\/2025\/05\/EU_portal.jpg","caption":"Luzimara Fernandes"},"description":"Jornalista MTB 2358-ES","sameAs":["https:\/\/jornalfatosenoticias.com.br"],"url":"https:\/\/jornalfatosenoticias.com.br\/index.php\/author\/luzimara\/"}]}},"cc_featured_image_caption":{"caption_text":"","source_text":"","source_url":""},"jetpack_featured_media_url":"https:\/\/jornalfatosenoticias.com.br\/wp-content\/uploads\/2020\/08\/logo_premio_mercosul_de_ciencia_e_tecnologia.png","_links":{"self":[{"href":"https:\/\/jornalfatosenoticias.com.br\/index.php\/wp-json\/wp\/v2\/posts\/8158","targetHints":{"allow":["GET"]}}],"collection":[{"href":"https:\/\/jornalfatosenoticias.com.br\/index.php\/wp-json\/wp\/v2\/posts"}],"about":[{"href":"https:\/\/jornalfatosenoticias.com.br\/index.php\/wp-json\/wp\/v2\/types\/post"}],"author":[{"embeddable":true,"href":"https:\/\/jornalfatosenoticias.com.br\/index.php\/wp-json\/wp\/v2\/users\/2"}],"replies":[{"embeddable":true,"href":"https:\/\/jornalfatosenoticias.com.br\/index.php\/wp-json\/wp\/v2\/comments?post=8158"}],"version-history":[{"count":0,"href":"https:\/\/jornalfatosenoticias.com.br\/index.php\/wp-json\/wp\/v2\/posts\/8158\/revisions"}],"wp:featuredmedia":[{"embeddable":true,"href":"https:\/\/jornalfatosenoticias.com.br\/index.php\/wp-json\/wp\/v2\/media\/8159"}],"wp:attachment":[{"href":"https:\/\/jornalfatosenoticias.com.br\/index.php\/wp-json\/wp\/v2\/media?parent=8158"}],"wp:term":[{"taxonomy":"category","embeddable":true,"href":"https:\/\/jornalfatosenoticias.com.br\/index.php\/wp-json\/wp\/v2\/categories?post=8158"},{"taxonomy":"post_tag","embeddable":true,"href":"https:\/\/jornalfatosenoticias.com.br\/index.php\/wp-json\/wp\/v2\/tags?post=8158"}],"curies":[{"name":"wp","href":"https:\/\/api.w.org\/{rel}","templated":true}]}}