{"id":8172,"date":"2020-08-26T09:46:36","date_gmt":"2020-08-26T12:46:36","guid":{"rendered":"https:\/\/jornalfatosenoticias.com.br\/?p=8172"},"modified":"2020-08-26T09:46:37","modified_gmt":"2020-08-26T12:46:37","slug":"pessoas-em-tratamento-contra-o-cancer-podem-e-devem-ter-animais","status":"publish","type":"post","link":"https:\/\/jornalfatosenoticias.com.br\/index.php\/2020\/08\/26\/pessoas-em-tratamento-contra-o-cancer-podem-e-devem-ter-animais\/","title":{"rendered":"Pessoas em tratamento contra o c\u00e2ncer podem e devem ter animais"},"content":{"rendered":"\n<h6 class=\"wp-block-heading\"><em>Com cuidados simples, d\u00e1 para conviver e aproveitar a companhia de pets como c\u00e3es e gatos. Alguns bichos, por\u00e9m, precisam ser evitados nessa fase<\/em><\/h6>\n\n\n\n<p>Quem tem sabe. Al\u00e9m de fazer companhia e trazer alegria para a casa, animais de estima\u00e7\u00e3o oferecem um importante suporte psicol\u00f3gico quando passamos por momentos dif\u00edceis ao longo da vida. E n\u00e3o \u00e9 de hoje que s\u00e3o chamados para melhorar nossa qualidade de vida. O caso mais emblem\u00e1tico \u00e9 o do c\u00e3o-guia, que auxilia pessoas com defici\u00eancia visual. Mas cachorros, gatos e cavalos tamb\u00e9m aparecem em diversos centros de sa\u00fade para ajudar no tratamento ou na reabilita\u00e7\u00e3o de doen\u00e7as f\u00edsicas e psicol\u00f3gicas.<br>Em tempos de pandemia, pode ser ainda mais dif\u00edcil aguentar sozinho um tratamento. \u00c9 a\u00ed que os pets podem se tornar grandes aliados. Para pacientes em tratamento contra o c\u00e2ncer, conviver com eles n\u00e3o \u00e9 s\u00f3 seguro como altamente recomend\u00e1vel. Basta ter alguns cuidados simples na rotina.<br>Os animais de estima\u00e7\u00e3o s\u00e3o parceiros nos momentos de isolamento social e afli\u00e7\u00e3o e ajudam a minimizar sentimentos de solid\u00e3o e o risco de depress\u00e3o. Ter um c\u00e3o ou gato em casa faz com que a gente invista tempo cuidando dele, o que mant\u00e9m a cabe\u00e7a ocupada e mais blindada diante do fluxo de informa\u00e7\u00f5es alarmantes que circulam por a\u00ed.<br>Alguns cuidados s\u00e3o fundamentais tanto para o dono como para o pet. Em primeiro lugar, devemos lev\u00e1-lo ao veterin\u00e1rio de tempos em tempos para checar se est\u00e1 tudo certo com a sa\u00fade dele. Depois, temos de mant\u00ea-lo sempre limpo, com unhas aparadas e a vacina\u00e7\u00e3o e a vermifuga\u00e7\u00e3o em dia.<br>Os pacientes devem evitar lambidas em \u00e1reas pr\u00f3ximas a feridas, machucados ou a algum cateter ou outro dispositivo usado no tratamento. Melhor n\u00e3o receber lambidas na regi\u00e3o do rosto nessa fase tamb\u00e9m. Outro cuidado \u00e9 com eventuais mordidas ou arranh\u00f5es, que podem gerar les\u00f5es capazes de expor a pessoa a maior risco de infec\u00e7\u00e3o. Isso \u00e9 particularmente cr\u00edtico para os pacientes com a imunidade alterada devido a tratamentos como quimioterapia. Se isso acontecer, lave bem a \u00e1rea afetada com \u00e1gua e sab\u00e3o e fique de olho em qualquer sinal de infec\u00e7\u00e3o, como vermelhid\u00e3o, aumento da temperatura no local ou sinais de pus.<br>Ao cuidar da higiene do seu bichinho, utilize luvas para evitar contato com urina e fezes e lave bem as m\u00e3os assim que terminar a limpeza. Se algu\u00e9m puder desempenhar essas tarefas em seu lugar, ainda melhor. Al\u00e9m disso, os pacientes submetidos a transplante de medula \u00f3ssea devem ter cuidado redobrado devido \u00e0 imunidade fragilizada ap\u00f3s o procedimento. Pensando nas crian\u00e7as em tratamento, o ideal \u00e9 ter sempre a supervis\u00e3o de um adulto por perto durante o contato com os pets.<br>Alguns animais oferecem, sem querer, um maior risco de infec\u00e7\u00e3o e deveriam ser evitados nesse per\u00edodo. S\u00e3o eles: r\u00e9pteis (cobras, iguanas, tartarugas\u2026), roedores (hamsters, porquinho-da-\u00edndia\u2026) e aves como galinha e pato. Isso porque, com maior frequ\u00eancia, eles podem transmitir um tipo de bact\u00e9ria chamada salmonela, capaz de provocar infec\u00e7\u00f5es graves em pessoas com o sistema imune comprometido.<br>\u00c9 prudente n\u00e3o ter contato, nessa fase, com animais ex\u00f3ticos, como macacos e chinchilas, devido ao maior risco de mordidas, arranh\u00f5es e infec\u00e7\u00f5es. N\u00e3o \u00e9 recomendado trazer esses e outros animais para a casa pelo menos ao longo do tratamento.<br>Fora dessas situa\u00e7\u00f5es, e respeitados os cuidados, n\u00e3o h\u00e1 o que temer. Pelo contr\u00e1rio, s\u00f3 a ganhar. Pesquisas mostram que o contato com os animais faz nosso corpo liberar horm\u00f4nios como a endorfina (considerada um analg\u00e9sico natural) e a serotonina (ligada ao bom humor) e baixar as taxas de cortisol (relacionado ao estresse).<br>Quem n\u00e3o quer se sentir melhor e ainda receber um afago peludo todos os dias?<\/p>\n\n\n\n<p><strong><em>Fonte: <a href=\"https:\/\/saude.abril.com.br\/blog\/com-a-palavra\/pessoas-em-tratamento-contra-o-cancer-podem-e-devem-ter-animais\/\">Sa\u00fade \u00e9 Vital<\/a><\/em><\/strong><\/p>\n","protected":false},"excerpt":{"rendered":"<p>Com cuidados simples, d\u00e1 para conviver e aproveitar a companhia de pets como c\u00e3es e gatos. Alguns bichos, por\u00e9m, precisam ser evitados nessa fase Quem tem sabe. Al\u00e9m de fazer companhia e trazer alegria para a casa, animais de estima\u00e7\u00e3o oferecem um importante suporte psicol\u00f3gico quando passamos por momentos dif\u00edceis ao longo da vida. E [&hellip;]<\/p>\n","protected":false},"author":2,"featured_media":8174,"comment_status":"open","ping_status":"open","sticky":false,"template":"","format":"standard","meta":{"footnotes":""},"categories":[11],"tags":[4535,642,4536,4157,4537],"class_list":["post-8172","post","type-post","status-publish","format-standard","has-post-thumbnail","hentry","category-saude","tag-animais-de-estimacao","tag-cancer","tag-higiene-pessoal","tag-pets","tag-terapias-alternativas"],"yoast_head":"<!-- This site is optimized with the Yoast SEO plugin v26.5 - https:\/\/yoast.com\/wordpress\/plugins\/seo\/ -->\n<title>Pessoas em tratamento contra o c\u00e2ncer podem e devem ter animais - Jornal Fatos e Not\u00edcias<\/title>\n<meta name=\"robots\" content=\"index, follow, max-snippet:-1, max-image-preview:large, max-video-preview:-1\" \/>\n<link rel=\"canonical\" href=\"https:\/\/jornalfatosenoticias.com.br\/index.php\/2020\/08\/26\/pessoas-em-tratamento-contra-o-cancer-podem-e-devem-ter-animais\/\" \/>\n<meta property=\"og:locale\" content=\"pt_BR\" \/>\n<meta property=\"og:type\" content=\"article\" \/>\n<meta property=\"og:title\" content=\"Pessoas em tratamento contra o c\u00e2ncer podem e devem ter animais - Jornal Fatos e Not\u00edcias\" \/>\n<meta property=\"og:description\" content=\"Com cuidados simples, d\u00e1 para conviver e aproveitar a companhia de pets como c\u00e3es e gatos. Alguns bichos, por\u00e9m, precisam ser evitados nessa fase Quem tem sabe. Al\u00e9m de fazer companhia e trazer alegria para a casa, animais de estima\u00e7\u00e3o oferecem um importante suporte psicol\u00f3gico quando passamos por momentos dif\u00edceis ao longo da vida. E [&hellip;]\" \/>\n<meta property=\"og:url\" content=\"https:\/\/jornalfatosenoticias.com.br\/index.php\/2020\/08\/26\/pessoas-em-tratamento-contra-o-cancer-podem-e-devem-ter-animais\/\" \/>\n<meta property=\"og:site_name\" content=\"Jornal Fatos e Not\u00edcias\" \/>\n<meta property=\"article:published_time\" content=\"2020-08-26T12:46:36+00:00\" \/>\n<meta property=\"article:modified_time\" content=\"2020-08-26T12:46:37+00:00\" \/>\n<meta property=\"og:image\" content=\"https:\/\/jornalfatosenoticias.com.br\/wp-content\/uploads\/2020\/08\/crianca-e-cachorro-tratamento-cancer.png\" \/>\n\t<meta property=\"og:image:width\" content=\"980\" \/>\n\t<meta property=\"og:image:height\" content=\"652\" \/>\n\t<meta property=\"og:image:type\" content=\"image\/png\" \/>\n<meta name=\"author\" content=\"Luzimara Fernandes\" \/>\n<meta name=\"twitter:card\" content=\"summary_large_image\" \/>\n<meta name=\"twitter:label1\" content=\"Escrito por\" \/>\n\t<meta name=\"twitter:data1\" content=\"Luzimara Fernandes\" \/>\n\t<meta name=\"twitter:label2\" content=\"Est. tempo de leitura\" \/>\n\t<meta name=\"twitter:data2\" content=\"3 minutos\" \/>\n<script type=\"application\/ld+json\" class=\"yoast-schema-graph\">{\"@context\":\"https:\/\/schema.org\",\"@graph\":[{\"@type\":\"Article\",\"@id\":\"https:\/\/jornalfatosenoticias.com.br\/index.php\/2020\/08\/26\/pessoas-em-tratamento-contra-o-cancer-podem-e-devem-ter-animais\/#article\",\"isPartOf\":{\"@id\":\"https:\/\/jornalfatosenoticias.com.br\/index.php\/2020\/08\/26\/pessoas-em-tratamento-contra-o-cancer-podem-e-devem-ter-animais\/\"},\"author\":{\"name\":\"Luzimara Fernandes\",\"@id\":\"https:\/\/jornalfatosenoticias.com.br\/#\/schema\/person\/d63837fa13ac8666eb9e74e0985d6f81\"},\"headline\":\"Pessoas em tratamento contra o c\u00e2ncer podem e devem ter animais\",\"datePublished\":\"2020-08-26T12:46:36+00:00\",\"dateModified\":\"2020-08-26T12:46:37+00:00\",\"mainEntityOfPage\":{\"@id\":\"https:\/\/jornalfatosenoticias.com.br\/index.php\/2020\/08\/26\/pessoas-em-tratamento-contra-o-cancer-podem-e-devem-ter-animais\/\"},\"wordCount\":690,\"commentCount\":0,\"publisher\":{\"@id\":\"https:\/\/jornalfatosenoticias.com.br\/#organization\"},\"image\":{\"@id\":\"https:\/\/jornalfatosenoticias.com.br\/index.php\/2020\/08\/26\/pessoas-em-tratamento-contra-o-cancer-podem-e-devem-ter-animais\/#primaryimage\"},\"thumbnailUrl\":\"https:\/\/jornalfatosenoticias.com.br\/wp-content\/uploads\/2020\/08\/crianca-e-cachorro-tratamento-cancer.png\",\"keywords\":[\"animais de estima\u00e7\u00e3o\",\"c\u00e2ncer\",\"higiene pessoal\",\"pets\",\"terapias alternativas\"],\"articleSection\":[\"Sa\u00fade\"],\"inLanguage\":\"pt-BR\",\"potentialAction\":[{\"@type\":\"CommentAction\",\"name\":\"Comment\",\"target\":[\"https:\/\/jornalfatosenoticias.com.br\/index.php\/2020\/08\/26\/pessoas-em-tratamento-contra-o-cancer-podem-e-devem-ter-animais\/#respond\"]}]},{\"@type\":\"WebPage\",\"@id\":\"https:\/\/jornalfatosenoticias.com.br\/index.php\/2020\/08\/26\/pessoas-em-tratamento-contra-o-cancer-podem-e-devem-ter-animais\/\",\"url\":\"https:\/\/jornalfatosenoticias.com.br\/index.php\/2020\/08\/26\/pessoas-em-tratamento-contra-o-cancer-podem-e-devem-ter-animais\/\",\"name\":\"Pessoas em tratamento contra o c\u00e2ncer podem e devem ter animais - Jornal Fatos e Not\u00edcias\",\"isPartOf\":{\"@id\":\"https:\/\/jornalfatosenoticias.com.br\/#website\"},\"primaryImageOfPage\":{\"@id\":\"https:\/\/jornalfatosenoticias.com.br\/index.php\/2020\/08\/26\/pessoas-em-tratamento-contra-o-cancer-podem-e-devem-ter-animais\/#primaryimage\"},\"image\":{\"@id\":\"https:\/\/jornalfatosenoticias.com.br\/index.php\/2020\/08\/26\/pessoas-em-tratamento-contra-o-cancer-podem-e-devem-ter-animais\/#primaryimage\"},\"thumbnailUrl\":\"https:\/\/jornalfatosenoticias.com.br\/wp-content\/uploads\/2020\/08\/crianca-e-cachorro-tratamento-cancer.png\",\"datePublished\":\"2020-08-26T12:46:36+00:00\",\"dateModified\":\"2020-08-26T12:46:37+00:00\",\"breadcrumb\":{\"@id\":\"https:\/\/jornalfatosenoticias.com.br\/index.php\/2020\/08\/26\/pessoas-em-tratamento-contra-o-cancer-podem-e-devem-ter-animais\/#breadcrumb\"},\"inLanguage\":\"pt-BR\",\"potentialAction\":[{\"@type\":\"ReadAction\",\"target\":[\"https:\/\/jornalfatosenoticias.com.br\/index.php\/2020\/08\/26\/pessoas-em-tratamento-contra-o-cancer-podem-e-devem-ter-animais\/\"]}]},{\"@type\":\"ImageObject\",\"inLanguage\":\"pt-BR\",\"@id\":\"https:\/\/jornalfatosenoticias.com.br\/index.php\/2020\/08\/26\/pessoas-em-tratamento-contra-o-cancer-podem-e-devem-ter-animais\/#primaryimage\",\"url\":\"https:\/\/jornalfatosenoticias.com.br\/wp-content\/uploads\/2020\/08\/crianca-e-cachorro-tratamento-cancer.png\",\"contentUrl\":\"https:\/\/jornalfatosenoticias.com.br\/wp-content\/uploads\/2020\/08\/crianca-e-cachorro-tratamento-cancer.png\",\"width\":980,\"height\":652},{\"@type\":\"BreadcrumbList\",\"@id\":\"https:\/\/jornalfatosenoticias.com.br\/index.php\/2020\/08\/26\/pessoas-em-tratamento-contra-o-cancer-podem-e-devem-ter-animais\/#breadcrumb\",\"itemListElement\":[{\"@type\":\"ListItem\",\"position\":1,\"name\":\"In\u00edcio\",\"item\":\"https:\/\/jornalfatosenoticias.com.br\/\"},{\"@type\":\"ListItem\",\"position\":2,\"name\":\"Pessoas em tratamento contra o c\u00e2ncer podem e devem ter animais\"}]},{\"@type\":\"WebSite\",\"@id\":\"https:\/\/jornalfatosenoticias.com.br\/#website\",\"url\":\"https:\/\/jornalfatosenoticias.com.br\/\",\"name\":\"Jornal Fatos e Not\u00edcias\",\"description\":\"Not\u00edcias em geral\",\"publisher\":{\"@id\":\"https:\/\/jornalfatosenoticias.com.br\/#organization\"},\"potentialAction\":[{\"@type\":\"SearchAction\",\"target\":{\"@type\":\"EntryPoint\",\"urlTemplate\":\"https:\/\/jornalfatosenoticias.com.br\/?s={search_term_string}\"},\"query-input\":{\"@type\":\"PropertyValueSpecification\",\"valueRequired\":true,\"valueName\":\"search_term_string\"}}],\"inLanguage\":\"pt-BR\"},{\"@type\":\"Organization\",\"@id\":\"https:\/\/jornalfatosenoticias.com.br\/#organization\",\"name\":\"Jornal Fatos e Not\u00edcias\",\"url\":\"https:\/\/jornalfatosenoticias.com.br\/\",\"logo\":{\"@type\":\"ImageObject\",\"inLanguage\":\"pt-BR\",\"@id\":\"https:\/\/jornalfatosenoticias.com.br\/#\/schema\/logo\/image\/\",\"url\":\"https:\/\/jornalfatosenoticias.com.br\/wp-content\/uploads\/2020\/02\/logo120.png\",\"contentUrl\":\"https:\/\/jornalfatosenoticias.com.br\/wp-content\/uploads\/2020\/02\/logo120.png\",\"width\":1227,\"height\":120,\"caption\":\"Jornal Fatos e Not\u00edcias\"},\"image\":{\"@id\":\"https:\/\/jornalfatosenoticias.com.br\/#\/schema\/logo\/image\/\"}},{\"@type\":\"Person\",\"@id\":\"https:\/\/jornalfatosenoticias.com.br\/#\/schema\/person\/d63837fa13ac8666eb9e74e0985d6f81\",\"name\":\"Luzimara Fernandes\",\"image\":{\"@type\":\"ImageObject\",\"inLanguage\":\"pt-BR\",\"@id\":\"https:\/\/jornalfatosenoticias.com.br\/#\/schema\/person\/image\/\",\"url\":\"https:\/\/jornalfatosenoticias.com.br\/wp-content\/uploads\/2025\/05\/EU_portal.jpg\",\"contentUrl\":\"https:\/\/jornalfatosenoticias.com.br\/wp-content\/uploads\/2025\/05\/EU_portal.jpg\",\"caption\":\"Luzimara Fernandes\"},\"description\":\"Jornalista MTB 2358-ES\",\"sameAs\":[\"https:\/\/jornalfatosenoticias.com.br\"],\"url\":\"https:\/\/jornalfatosenoticias.com.br\/index.php\/author\/luzimara\/\"}]}<\/script>\n<!-- \/ Yoast SEO plugin. -->","yoast_head_json":{"title":"Pessoas em tratamento contra o c\u00e2ncer podem e devem ter animais - Jornal Fatos e Not\u00edcias","robots":{"index":"index","follow":"follow","max-snippet":"max-snippet:-1","max-image-preview":"max-image-preview:large","max-video-preview":"max-video-preview:-1"},"canonical":"https:\/\/jornalfatosenoticias.com.br\/index.php\/2020\/08\/26\/pessoas-em-tratamento-contra-o-cancer-podem-e-devem-ter-animais\/","og_locale":"pt_BR","og_type":"article","og_title":"Pessoas em tratamento contra o c\u00e2ncer podem e devem ter animais - Jornal Fatos e Not\u00edcias","og_description":"Com cuidados simples, d\u00e1 para conviver e aproveitar a companhia de pets como c\u00e3es e gatos. Alguns bichos, por\u00e9m, precisam ser evitados nessa fase Quem tem sabe. Al\u00e9m de fazer companhia e trazer alegria para a casa, animais de estima\u00e7\u00e3o oferecem um importante suporte psicol\u00f3gico quando passamos por momentos dif\u00edceis ao longo da vida. E [&hellip;]","og_url":"https:\/\/jornalfatosenoticias.com.br\/index.php\/2020\/08\/26\/pessoas-em-tratamento-contra-o-cancer-podem-e-devem-ter-animais\/","og_site_name":"Jornal Fatos e Not\u00edcias","article_published_time":"2020-08-26T12:46:36+00:00","article_modified_time":"2020-08-26T12:46:37+00:00","og_image":[{"width":980,"height":652,"url":"https:\/\/jornalfatosenoticias.com.br\/wp-content\/uploads\/2020\/08\/crianca-e-cachorro-tratamento-cancer.png","type":"image\/png"}],"author":"Luzimara Fernandes","twitter_card":"summary_large_image","twitter_misc":{"Escrito por":"Luzimara Fernandes","Est. tempo de leitura":"3 minutos"},"schema":{"@context":"https:\/\/schema.org","@graph":[{"@type":"Article","@id":"https:\/\/jornalfatosenoticias.com.br\/index.php\/2020\/08\/26\/pessoas-em-tratamento-contra-o-cancer-podem-e-devem-ter-animais\/#article","isPartOf":{"@id":"https:\/\/jornalfatosenoticias.com.br\/index.php\/2020\/08\/26\/pessoas-em-tratamento-contra-o-cancer-podem-e-devem-ter-animais\/"},"author":{"name":"Luzimara Fernandes","@id":"https:\/\/jornalfatosenoticias.com.br\/#\/schema\/person\/d63837fa13ac8666eb9e74e0985d6f81"},"headline":"Pessoas em tratamento contra o c\u00e2ncer podem e devem ter animais","datePublished":"2020-08-26T12:46:36+00:00","dateModified":"2020-08-26T12:46:37+00:00","mainEntityOfPage":{"@id":"https:\/\/jornalfatosenoticias.com.br\/index.php\/2020\/08\/26\/pessoas-em-tratamento-contra-o-cancer-podem-e-devem-ter-animais\/"},"wordCount":690,"commentCount":0,"publisher":{"@id":"https:\/\/jornalfatosenoticias.com.br\/#organization"},"image":{"@id":"https:\/\/jornalfatosenoticias.com.br\/index.php\/2020\/08\/26\/pessoas-em-tratamento-contra-o-cancer-podem-e-devem-ter-animais\/#primaryimage"},"thumbnailUrl":"https:\/\/jornalfatosenoticias.com.br\/wp-content\/uploads\/2020\/08\/crianca-e-cachorro-tratamento-cancer.png","keywords":["animais de estima\u00e7\u00e3o","c\u00e2ncer","higiene pessoal","pets","terapias alternativas"],"articleSection":["Sa\u00fade"],"inLanguage":"pt-BR","potentialAction":[{"@type":"CommentAction","name":"Comment","target":["https:\/\/jornalfatosenoticias.com.br\/index.php\/2020\/08\/26\/pessoas-em-tratamento-contra-o-cancer-podem-e-devem-ter-animais\/#respond"]}]},{"@type":"WebPage","@id":"https:\/\/jornalfatosenoticias.com.br\/index.php\/2020\/08\/26\/pessoas-em-tratamento-contra-o-cancer-podem-e-devem-ter-animais\/","url":"https:\/\/jornalfatosenoticias.com.br\/index.php\/2020\/08\/26\/pessoas-em-tratamento-contra-o-cancer-podem-e-devem-ter-animais\/","name":"Pessoas em tratamento contra o c\u00e2ncer podem e devem ter animais - Jornal Fatos e Not\u00edcias","isPartOf":{"@id":"https:\/\/jornalfatosenoticias.com.br\/#website"},"primaryImageOfPage":{"@id":"https:\/\/jornalfatosenoticias.com.br\/index.php\/2020\/08\/26\/pessoas-em-tratamento-contra-o-cancer-podem-e-devem-ter-animais\/#primaryimage"},"image":{"@id":"https:\/\/jornalfatosenoticias.com.br\/index.php\/2020\/08\/26\/pessoas-em-tratamento-contra-o-cancer-podem-e-devem-ter-animais\/#primaryimage"},"thumbnailUrl":"https:\/\/jornalfatosenoticias.com.br\/wp-content\/uploads\/2020\/08\/crianca-e-cachorro-tratamento-cancer.png","datePublished":"2020-08-26T12:46:36+00:00","dateModified":"2020-08-26T12:46:37+00:00","breadcrumb":{"@id":"https:\/\/jornalfatosenoticias.com.br\/index.php\/2020\/08\/26\/pessoas-em-tratamento-contra-o-cancer-podem-e-devem-ter-animais\/#breadcrumb"},"inLanguage":"pt-BR","potentialAction":[{"@type":"ReadAction","target":["https:\/\/jornalfatosenoticias.com.br\/index.php\/2020\/08\/26\/pessoas-em-tratamento-contra-o-cancer-podem-e-devem-ter-animais\/"]}]},{"@type":"ImageObject","inLanguage":"pt-BR","@id":"https:\/\/jornalfatosenoticias.com.br\/index.php\/2020\/08\/26\/pessoas-em-tratamento-contra-o-cancer-podem-e-devem-ter-animais\/#primaryimage","url":"https:\/\/jornalfatosenoticias.com.br\/wp-content\/uploads\/2020\/08\/crianca-e-cachorro-tratamento-cancer.png","contentUrl":"https:\/\/jornalfatosenoticias.com.br\/wp-content\/uploads\/2020\/08\/crianca-e-cachorro-tratamento-cancer.png","width":980,"height":652},{"@type":"BreadcrumbList","@id":"https:\/\/jornalfatosenoticias.com.br\/index.php\/2020\/08\/26\/pessoas-em-tratamento-contra-o-cancer-podem-e-devem-ter-animais\/#breadcrumb","itemListElement":[{"@type":"ListItem","position":1,"name":"In\u00edcio","item":"https:\/\/jornalfatosenoticias.com.br\/"},{"@type":"ListItem","position":2,"name":"Pessoas em tratamento contra o c\u00e2ncer podem e devem ter animais"}]},{"@type":"WebSite","@id":"https:\/\/jornalfatosenoticias.com.br\/#website","url":"https:\/\/jornalfatosenoticias.com.br\/","name":"Jornal Fatos e Not\u00edcias","description":"Not\u00edcias em geral","publisher":{"@id":"https:\/\/jornalfatosenoticias.com.br\/#organization"},"potentialAction":[{"@type":"SearchAction","target":{"@type":"EntryPoint","urlTemplate":"https:\/\/jornalfatosenoticias.com.br\/?s={search_term_string}"},"query-input":{"@type":"PropertyValueSpecification","valueRequired":true,"valueName":"search_term_string"}}],"inLanguage":"pt-BR"},{"@type":"Organization","@id":"https:\/\/jornalfatosenoticias.com.br\/#organization","name":"Jornal Fatos e Not\u00edcias","url":"https:\/\/jornalfatosenoticias.com.br\/","logo":{"@type":"ImageObject","inLanguage":"pt-BR","@id":"https:\/\/jornalfatosenoticias.com.br\/#\/schema\/logo\/image\/","url":"https:\/\/jornalfatosenoticias.com.br\/wp-content\/uploads\/2020\/02\/logo120.png","contentUrl":"https:\/\/jornalfatosenoticias.com.br\/wp-content\/uploads\/2020\/02\/logo120.png","width":1227,"height":120,"caption":"Jornal Fatos e Not\u00edcias"},"image":{"@id":"https:\/\/jornalfatosenoticias.com.br\/#\/schema\/logo\/image\/"}},{"@type":"Person","@id":"https:\/\/jornalfatosenoticias.com.br\/#\/schema\/person\/d63837fa13ac8666eb9e74e0985d6f81","name":"Luzimara Fernandes","image":{"@type":"ImageObject","inLanguage":"pt-BR","@id":"https:\/\/jornalfatosenoticias.com.br\/#\/schema\/person\/image\/","url":"https:\/\/jornalfatosenoticias.com.br\/wp-content\/uploads\/2025\/05\/EU_portal.jpg","contentUrl":"https:\/\/jornalfatosenoticias.com.br\/wp-content\/uploads\/2025\/05\/EU_portal.jpg","caption":"Luzimara Fernandes"},"description":"Jornalista MTB 2358-ES","sameAs":["https:\/\/jornalfatosenoticias.com.br"],"url":"https:\/\/jornalfatosenoticias.com.br\/index.php\/author\/luzimara\/"}]}},"cc_featured_image_caption":{"caption_text":"Companhia de um pet ajuda","source_text":"","source_url":""},"jetpack_featured_media_url":"https:\/\/jornalfatosenoticias.com.br\/wp-content\/uploads\/2020\/08\/crianca-e-cachorro-tratamento-cancer.png","_links":{"self":[{"href":"https:\/\/jornalfatosenoticias.com.br\/index.php\/wp-json\/wp\/v2\/posts\/8172","targetHints":{"allow":["GET"]}}],"collection":[{"href":"https:\/\/jornalfatosenoticias.com.br\/index.php\/wp-json\/wp\/v2\/posts"}],"about":[{"href":"https:\/\/jornalfatosenoticias.com.br\/index.php\/wp-json\/wp\/v2\/types\/post"}],"author":[{"embeddable":true,"href":"https:\/\/jornalfatosenoticias.com.br\/index.php\/wp-json\/wp\/v2\/users\/2"}],"replies":[{"embeddable":true,"href":"https:\/\/jornalfatosenoticias.com.br\/index.php\/wp-json\/wp\/v2\/comments?post=8172"}],"version-history":[{"count":0,"href":"https:\/\/jornalfatosenoticias.com.br\/index.php\/wp-json\/wp\/v2\/posts\/8172\/revisions"}],"wp:featuredmedia":[{"embeddable":true,"href":"https:\/\/jornalfatosenoticias.com.br\/index.php\/wp-json\/wp\/v2\/media\/8174"}],"wp:attachment":[{"href":"https:\/\/jornalfatosenoticias.com.br\/index.php\/wp-json\/wp\/v2\/media?parent=8172"}],"wp:term":[{"taxonomy":"category","embeddable":true,"href":"https:\/\/jornalfatosenoticias.com.br\/index.php\/wp-json\/wp\/v2\/categories?post=8172"},{"taxonomy":"post_tag","embeddable":true,"href":"https:\/\/jornalfatosenoticias.com.br\/index.php\/wp-json\/wp\/v2\/tags?post=8172"}],"curies":[{"name":"wp","href":"https:\/\/api.w.org\/{rel}","templated":true}]}}