{"id":8176,"date":"2020-08-26T09:52:05","date_gmt":"2020-08-26T12:52:05","guid":{"rendered":"https:\/\/jornalfatosenoticias.com.br\/?p=8176"},"modified":"2020-08-26T09:52:06","modified_gmt":"2020-08-26T12:52:06","slug":"tesla-desenvolve-sensor-que-detecta-crianca-presa-em-carro-fechado","status":"publish","type":"post","link":"https:\/\/jornalfatosenoticias.com.br\/index.php\/2020\/08\/26\/tesla-desenvolve-sensor-que-detecta-crianca-presa-em-carro-fechado\/","title":{"rendered":"Tesla desenvolve sensor que detecta crian\u00e7a presa em carro fechado"},"content":{"rendered":"\n<h6 class=\"wp-block-heading\"><em>Ondas emitidas pelo sensor s\u00e3o capazes de identificar batimentos card\u00edacos, respira\u00e7\u00e3o e tamanho do corpo; montadora agora busca aprova\u00e7\u00e3o para implementar a tecnologia em seus carros<\/em><\/h6>\n\n\n\n<p>Elon Musk acredita que alguns problemas s\u00e3o ultrapassados demais para 2020. \u00c9 inadmiss\u00edvel, por exemplo, uma crian\u00e7a morrer por ter sido esquecida dentro de um carro fechado. Por isso, a Tesla est\u00e1 desenvolvendo um sensor de detec\u00e7\u00e3o de movimento capaz de identificar se algu\u00e9m foi deixado para tr\u00e1s nos ve\u00edculos.<br>A tecnologia, descrita como um &#8220;sensor de ondas milim\u00e9tricas&#8221;, funciona por meio de quatro antenas de transmiss\u00e3o e tr\u00eas de recep\u00e7\u00e3o acionadas por uma unidade frontal de radar. As ondas emitidas pelo sistema conseguem identificar uma s\u00e9rie de caracter\u00edsticas no interior dos autom\u00f3veis. Entre elas: a profundidade do ambiente, distinguindo crian\u00e7as de adultos pelo tamanho do corpo; micromovimentos como padr\u00f5es de respira\u00e7\u00e3o e batimentos card\u00edacos, identificando se j\u00e1 come\u00e7a a faltar oxig\u00eanio dentro do ve\u00edculo; gra\u00e7as \u00e0 capacidade de detectar a respira\u00e7\u00e3o, o sensor \u00e9 apto a perceber a diferen\u00e7a entre uma crian\u00e7a e um objeto deixado no assento, reduzindo a probabilidade de disparar alarmes falsos; por fim, as ondas ultrapassam materiais pouco densos, como cobertores, e identificam a presen\u00e7a de crian\u00e7as no carro mesmo se elas estiverem cobertas.<br>\u00c9 incerto o modo como a Tesla avisar\u00e1 aos pais quando detectada a presen\u00e7a de crian\u00e7as presas em um autom\u00f3vel. Procurada pelo The Verge, a empresa n\u00e3o quis dar mais detalhes sobre o sensor.<\/p>\n\n\n\n<figure class=\"wp-block-image size-large\"><img loading=\"lazy\" decoding=\"async\" width=\"980\" height=\"653\" src=\"https:\/\/jornalfatosenoticias.com.br\/wp-content\/uploads\/2020\/08\/carros-tesla_iStock.jpg\" alt=\"\" class=\"wp-image-8177\" srcset=\"https:\/\/jornalfatosenoticias.com.br\/wp-content\/uploads\/2020\/08\/carros-tesla_iStock.jpg 980w, https:\/\/jornalfatosenoticias.com.br\/wp-content\/uploads\/2020\/08\/carros-tesla_iStock-300x200.jpg 300w, https:\/\/jornalfatosenoticias.com.br\/wp-content\/uploads\/2020\/08\/carros-tesla_iStock-768x512.jpg 768w\" sizes=\"auto, (max-width: 980px) 100vw, 980px\" \/><figcaption><em>Carros da Tesla est\u00e3o entre os mais modernos do mercado (Foto: iStock)<\/em><\/figcaption><\/figure>\n\n\n\n<h4 class=\"wp-block-heading\">Aprova\u00e7\u00e3o<\/h4>\n\n\n\n<p>A Tesla aguarda permiss\u00e3o da Comiss\u00e3o Federal de Comunica\u00e7\u00f5es (FCC) para incorporar a novidade aos seus autom\u00f3veis. Para conseguir a aprova\u00e7\u00e3o, a empresa argumentou que o dispositivo pode ser utilizado para reduzir o risco de insola\u00e7\u00e3o veicular pedi\u00e1trica e melhorar os sistemas de preven\u00e7\u00e3o de roubo.<br>A empresa de Elon Musk citou tamb\u00e9m os dados da Administra\u00e7\u00e3o Nacional de Seguran\u00e7a de Tr\u00e2nsito nas Rodovias (NHTSA), que apontam que mais de 50 crian\u00e7as morreram entre 2018 e 2019 por terem sido esquecidas dentro de autom\u00f3veis.<br>Contudo, os novos sensores da Tesla apresentam uma limita\u00e7\u00e3o crucial. Para funcionar, eles precisam operar em n\u00edveis de pot\u00eancia mais elevados do que os permitidos pelas regras existentes. Por isso, n\u00e3o surpreende se a FCC decidir por n\u00e3o liberar a licen\u00e7a para o produto.<\/p>\n\n\n\n<p><strong><em>Fonte: <a href=\"https:\/\/olhardigital.com.br\/carros-e-tecnologia\/noticia\/tesla-desenvolve-sensor-que-detecta-crianca-presa-em-carro-fechado\/105592#:~:text=Elon%20Musk%20acredita%20que%20alguns,deixado%20para%20tr%C3%A1s%20nos%20ve%C3%ADculos.\">Olhar Digital<\/a><\/em><\/strong><\/p>\n","protected":false},"excerpt":{"rendered":"<p>Ondas emitidas pelo sensor s\u00e3o capazes de identificar batimentos card\u00edacos, respira\u00e7\u00e3o e tamanho do corpo; montadora agora busca aprova\u00e7\u00e3o para implementar a tecnologia em seus carros Elon Musk acredita que alguns problemas s\u00e3o ultrapassados demais para 2020. \u00c9 inadmiss\u00edvel, por exemplo, uma crian\u00e7a morrer por ter sido esquecida dentro de um carro fechado. Por isso, [&hellip;]<\/p>\n","protected":false},"author":2,"featured_media":8178,"comment_status":"open","ping_status":"open","sticky":false,"template":"","format":"standard","meta":{"footnotes":""},"categories":[3],"tags":[4538,670,1634,4540,4539,1632],"class_list":["post-8176","post","type-post","status-publish","format-standard","has-post-thumbnail","hentry","category-tecnologia","tag-carros-e-tecnologia","tag-criancas","tag-elon-musk","tag-radar","tag-sensor","tag-tesla"],"yoast_head":"<!-- This site is optimized with the Yoast SEO plugin v26.5 - https:\/\/yoast.com\/wordpress\/plugins\/seo\/ -->\n<title>Tesla desenvolve sensor que detecta crian\u00e7a presa em carro fechado - Jornal Fatos e Not\u00edcias<\/title>\n<meta name=\"robots\" content=\"index, follow, max-snippet:-1, max-image-preview:large, max-video-preview:-1\" \/>\n<link rel=\"canonical\" href=\"https:\/\/jornalfatosenoticias.com.br\/index.php\/2020\/08\/26\/tesla-desenvolve-sensor-que-detecta-crianca-presa-em-carro-fechado\/\" \/>\n<meta property=\"og:locale\" content=\"pt_BR\" \/>\n<meta property=\"og:type\" content=\"article\" \/>\n<meta property=\"og:title\" content=\"Tesla desenvolve sensor que detecta crian\u00e7a presa em carro fechado - Jornal Fatos e Not\u00edcias\" \/>\n<meta property=\"og:description\" content=\"Ondas emitidas pelo sensor s\u00e3o capazes de identificar batimentos card\u00edacos, respira\u00e7\u00e3o e tamanho do corpo; montadora agora busca aprova\u00e7\u00e3o para implementar a tecnologia em seus carros Elon Musk acredita que alguns problemas s\u00e3o ultrapassados demais para 2020. \u00c9 inadmiss\u00edvel, por exemplo, uma crian\u00e7a morrer por ter sido esquecida dentro de um carro fechado. Por isso, [&hellip;]\" \/>\n<meta property=\"og:url\" content=\"https:\/\/jornalfatosenoticias.com.br\/index.php\/2020\/08\/26\/tesla-desenvolve-sensor-que-detecta-crianca-presa-em-carro-fechado\/\" \/>\n<meta property=\"og:site_name\" content=\"Jornal Fatos e Not\u00edcias\" \/>\n<meta property=\"article:published_time\" content=\"2020-08-26T12:52:05+00:00\" \/>\n<meta property=\"article:modified_time\" content=\"2020-08-26T12:52:06+00:00\" \/>\n<meta property=\"og:image\" content=\"https:\/\/jornalfatosenoticias.com.br\/wp-content\/uploads\/2020\/08\/sensor_da_tesla_detecta_se_criancas_foram_deixadas_em_carros_fechados.jpg\" \/>\n\t<meta property=\"og:image:width\" content=\"980\" \/>\n\t<meta property=\"og:image:height\" content=\"550\" \/>\n\t<meta property=\"og:image:type\" content=\"image\/jpeg\" \/>\n<meta name=\"author\" content=\"Luzimara Fernandes\" \/>\n<meta name=\"twitter:card\" content=\"summary_large_image\" \/>\n<meta name=\"twitter:label1\" content=\"Escrito por\" \/>\n\t<meta name=\"twitter:data1\" content=\"Luzimara Fernandes\" \/>\n\t<meta name=\"twitter:label2\" content=\"Est. tempo de leitura\" \/>\n\t<meta name=\"twitter:data2\" content=\"2 minutos\" \/>\n<script type=\"application\/ld+json\" class=\"yoast-schema-graph\">{\"@context\":\"https:\/\/schema.org\",\"@graph\":[{\"@type\":\"Article\",\"@id\":\"https:\/\/jornalfatosenoticias.com.br\/index.php\/2020\/08\/26\/tesla-desenvolve-sensor-que-detecta-crianca-presa-em-carro-fechado\/#article\",\"isPartOf\":{\"@id\":\"https:\/\/jornalfatosenoticias.com.br\/index.php\/2020\/08\/26\/tesla-desenvolve-sensor-que-detecta-crianca-presa-em-carro-fechado\/\"},\"author\":{\"name\":\"Luzimara Fernandes\",\"@id\":\"https:\/\/jornalfatosenoticias.com.br\/#\/schema\/person\/d63837fa13ac8666eb9e74e0985d6f81\"},\"headline\":\"Tesla desenvolve sensor que detecta crian\u00e7a presa em carro fechado\",\"datePublished\":\"2020-08-26T12:52:05+00:00\",\"dateModified\":\"2020-08-26T12:52:06+00:00\",\"mainEntityOfPage\":{\"@id\":\"https:\/\/jornalfatosenoticias.com.br\/index.php\/2020\/08\/26\/tesla-desenvolve-sensor-que-detecta-crianca-presa-em-carro-fechado\/\"},\"wordCount\":443,\"commentCount\":0,\"publisher\":{\"@id\":\"https:\/\/jornalfatosenoticias.com.br\/#organization\"},\"image\":{\"@id\":\"https:\/\/jornalfatosenoticias.com.br\/index.php\/2020\/08\/26\/tesla-desenvolve-sensor-que-detecta-crianca-presa-em-carro-fechado\/#primaryimage\"},\"thumbnailUrl\":\"https:\/\/jornalfatosenoticias.com.br\/wp-content\/uploads\/2020\/08\/sensor_da_tesla_detecta_se_criancas_foram_deixadas_em_carros_fechados.jpg\",\"keywords\":[\"carros e tecnologia\",\"crian\u00e7as\",\"Elon Musk\",\"radar\",\"sensor\",\"Tesla\"],\"articleSection\":[\"Tecnologia &amp; Inova\u00e7\u00e3o\"],\"inLanguage\":\"pt-BR\",\"potentialAction\":[{\"@type\":\"CommentAction\",\"name\":\"Comment\",\"target\":[\"https:\/\/jornalfatosenoticias.com.br\/index.php\/2020\/08\/26\/tesla-desenvolve-sensor-que-detecta-crianca-presa-em-carro-fechado\/#respond\"]}]},{\"@type\":\"WebPage\",\"@id\":\"https:\/\/jornalfatosenoticias.com.br\/index.php\/2020\/08\/26\/tesla-desenvolve-sensor-que-detecta-crianca-presa-em-carro-fechado\/\",\"url\":\"https:\/\/jornalfatosenoticias.com.br\/index.php\/2020\/08\/26\/tesla-desenvolve-sensor-que-detecta-crianca-presa-em-carro-fechado\/\",\"name\":\"Tesla desenvolve sensor que detecta crian\u00e7a presa em carro fechado - Jornal Fatos e Not\u00edcias\",\"isPartOf\":{\"@id\":\"https:\/\/jornalfatosenoticias.com.br\/#website\"},\"primaryImageOfPage\":{\"@id\":\"https:\/\/jornalfatosenoticias.com.br\/index.php\/2020\/08\/26\/tesla-desenvolve-sensor-que-detecta-crianca-presa-em-carro-fechado\/#primaryimage\"},\"image\":{\"@id\":\"https:\/\/jornalfatosenoticias.com.br\/index.php\/2020\/08\/26\/tesla-desenvolve-sensor-que-detecta-crianca-presa-em-carro-fechado\/#primaryimage\"},\"thumbnailUrl\":\"https:\/\/jornalfatosenoticias.com.br\/wp-content\/uploads\/2020\/08\/sensor_da_tesla_detecta_se_criancas_foram_deixadas_em_carros_fechados.jpg\",\"datePublished\":\"2020-08-26T12:52:05+00:00\",\"dateModified\":\"2020-08-26T12:52:06+00:00\",\"breadcrumb\":{\"@id\":\"https:\/\/jornalfatosenoticias.com.br\/index.php\/2020\/08\/26\/tesla-desenvolve-sensor-que-detecta-crianca-presa-em-carro-fechado\/#breadcrumb\"},\"inLanguage\":\"pt-BR\",\"potentialAction\":[{\"@type\":\"ReadAction\",\"target\":[\"https:\/\/jornalfatosenoticias.com.br\/index.php\/2020\/08\/26\/tesla-desenvolve-sensor-que-detecta-crianca-presa-em-carro-fechado\/\"]}]},{\"@type\":\"ImageObject\",\"inLanguage\":\"pt-BR\",\"@id\":\"https:\/\/jornalfatosenoticias.com.br\/index.php\/2020\/08\/26\/tesla-desenvolve-sensor-que-detecta-crianca-presa-em-carro-fechado\/#primaryimage\",\"url\":\"https:\/\/jornalfatosenoticias.com.br\/wp-content\/uploads\/2020\/08\/sensor_da_tesla_detecta_se_criancas_foram_deixadas_em_carros_fechados.jpg\",\"contentUrl\":\"https:\/\/jornalfatosenoticias.com.br\/wp-content\/uploads\/2020\/08\/sensor_da_tesla_detecta_se_criancas_foram_deixadas_em_carros_fechados.jpg\",\"width\":980,\"height\":550},{\"@type\":\"BreadcrumbList\",\"@id\":\"https:\/\/jornalfatosenoticias.com.br\/index.php\/2020\/08\/26\/tesla-desenvolve-sensor-que-detecta-crianca-presa-em-carro-fechado\/#breadcrumb\",\"itemListElement\":[{\"@type\":\"ListItem\",\"position\":1,\"name\":\"In\u00edcio\",\"item\":\"https:\/\/jornalfatosenoticias.com.br\/\"},{\"@type\":\"ListItem\",\"position\":2,\"name\":\"Tesla desenvolve sensor que detecta crian\u00e7a presa em carro fechado\"}]},{\"@type\":\"WebSite\",\"@id\":\"https:\/\/jornalfatosenoticias.com.br\/#website\",\"url\":\"https:\/\/jornalfatosenoticias.com.br\/\",\"name\":\"Jornal Fatos e Not\u00edcias\",\"description\":\"Not\u00edcias em geral\",\"publisher\":{\"@id\":\"https:\/\/jornalfatosenoticias.com.br\/#organization\"},\"potentialAction\":[{\"@type\":\"SearchAction\",\"target\":{\"@type\":\"EntryPoint\",\"urlTemplate\":\"https:\/\/jornalfatosenoticias.com.br\/?s={search_term_string}\"},\"query-input\":{\"@type\":\"PropertyValueSpecification\",\"valueRequired\":true,\"valueName\":\"search_term_string\"}}],\"inLanguage\":\"pt-BR\"},{\"@type\":\"Organization\",\"@id\":\"https:\/\/jornalfatosenoticias.com.br\/#organization\",\"name\":\"Jornal Fatos e Not\u00edcias\",\"url\":\"https:\/\/jornalfatosenoticias.com.br\/\",\"logo\":{\"@type\":\"ImageObject\",\"inLanguage\":\"pt-BR\",\"@id\":\"https:\/\/jornalfatosenoticias.com.br\/#\/schema\/logo\/image\/\",\"url\":\"https:\/\/jornalfatosenoticias.com.br\/wp-content\/uploads\/2020\/02\/logo120.png\",\"contentUrl\":\"https:\/\/jornalfatosenoticias.com.br\/wp-content\/uploads\/2020\/02\/logo120.png\",\"width\":1227,\"height\":120,\"caption\":\"Jornal Fatos e Not\u00edcias\"},\"image\":{\"@id\":\"https:\/\/jornalfatosenoticias.com.br\/#\/schema\/logo\/image\/\"}},{\"@type\":\"Person\",\"@id\":\"https:\/\/jornalfatosenoticias.com.br\/#\/schema\/person\/d63837fa13ac8666eb9e74e0985d6f81\",\"name\":\"Luzimara Fernandes\",\"image\":{\"@type\":\"ImageObject\",\"inLanguage\":\"pt-BR\",\"@id\":\"https:\/\/jornalfatosenoticias.com.br\/#\/schema\/person\/image\/\",\"url\":\"https:\/\/jornalfatosenoticias.com.br\/wp-content\/uploads\/2025\/05\/EU_portal.jpg\",\"contentUrl\":\"https:\/\/jornalfatosenoticias.com.br\/wp-content\/uploads\/2025\/05\/EU_portal.jpg\",\"caption\":\"Luzimara Fernandes\"},\"description\":\"Jornalista MTB 2358-ES\",\"sameAs\":[\"https:\/\/jornalfatosenoticias.com.br\"],\"url\":\"https:\/\/jornalfatosenoticias.com.br\/index.php\/author\/luzimara\/\"}]}<\/script>\n<!-- \/ Yoast SEO plugin. -->","yoast_head_json":{"title":"Tesla desenvolve sensor que detecta crian\u00e7a presa em carro fechado - Jornal Fatos e Not\u00edcias","robots":{"index":"index","follow":"follow","max-snippet":"max-snippet:-1","max-image-preview":"max-image-preview:large","max-video-preview":"max-video-preview:-1"},"canonical":"https:\/\/jornalfatosenoticias.com.br\/index.php\/2020\/08\/26\/tesla-desenvolve-sensor-que-detecta-crianca-presa-em-carro-fechado\/","og_locale":"pt_BR","og_type":"article","og_title":"Tesla desenvolve sensor que detecta crian\u00e7a presa em carro fechado - Jornal Fatos e Not\u00edcias","og_description":"Ondas emitidas pelo sensor s\u00e3o capazes de identificar batimentos card\u00edacos, respira\u00e7\u00e3o e tamanho do corpo; montadora agora busca aprova\u00e7\u00e3o para implementar a tecnologia em seus carros Elon Musk acredita que alguns problemas s\u00e3o ultrapassados demais para 2020. \u00c9 inadmiss\u00edvel, por exemplo, uma crian\u00e7a morrer por ter sido esquecida dentro de um carro fechado. Por isso, [&hellip;]","og_url":"https:\/\/jornalfatosenoticias.com.br\/index.php\/2020\/08\/26\/tesla-desenvolve-sensor-que-detecta-crianca-presa-em-carro-fechado\/","og_site_name":"Jornal Fatos e Not\u00edcias","article_published_time":"2020-08-26T12:52:05+00:00","article_modified_time":"2020-08-26T12:52:06+00:00","og_image":[{"width":980,"height":550,"url":"https:\/\/jornalfatosenoticias.com.br\/wp-content\/uploads\/2020\/08\/sensor_da_tesla_detecta_se_criancas_foram_deixadas_em_carros_fechados.jpg","type":"image\/jpeg"}],"author":"Luzimara Fernandes","twitter_card":"summary_large_image","twitter_misc":{"Escrito por":"Luzimara Fernandes","Est. tempo de leitura":"2 minutos"},"schema":{"@context":"https:\/\/schema.org","@graph":[{"@type":"Article","@id":"https:\/\/jornalfatosenoticias.com.br\/index.php\/2020\/08\/26\/tesla-desenvolve-sensor-que-detecta-crianca-presa-em-carro-fechado\/#article","isPartOf":{"@id":"https:\/\/jornalfatosenoticias.com.br\/index.php\/2020\/08\/26\/tesla-desenvolve-sensor-que-detecta-crianca-presa-em-carro-fechado\/"},"author":{"name":"Luzimara Fernandes","@id":"https:\/\/jornalfatosenoticias.com.br\/#\/schema\/person\/d63837fa13ac8666eb9e74e0985d6f81"},"headline":"Tesla desenvolve sensor que detecta crian\u00e7a presa em carro fechado","datePublished":"2020-08-26T12:52:05+00:00","dateModified":"2020-08-26T12:52:06+00:00","mainEntityOfPage":{"@id":"https:\/\/jornalfatosenoticias.com.br\/index.php\/2020\/08\/26\/tesla-desenvolve-sensor-que-detecta-crianca-presa-em-carro-fechado\/"},"wordCount":443,"commentCount":0,"publisher":{"@id":"https:\/\/jornalfatosenoticias.com.br\/#organization"},"image":{"@id":"https:\/\/jornalfatosenoticias.com.br\/index.php\/2020\/08\/26\/tesla-desenvolve-sensor-que-detecta-crianca-presa-em-carro-fechado\/#primaryimage"},"thumbnailUrl":"https:\/\/jornalfatosenoticias.com.br\/wp-content\/uploads\/2020\/08\/sensor_da_tesla_detecta_se_criancas_foram_deixadas_em_carros_fechados.jpg","keywords":["carros e tecnologia","crian\u00e7as","Elon Musk","radar","sensor","Tesla"],"articleSection":["Tecnologia &amp; Inova\u00e7\u00e3o"],"inLanguage":"pt-BR","potentialAction":[{"@type":"CommentAction","name":"Comment","target":["https:\/\/jornalfatosenoticias.com.br\/index.php\/2020\/08\/26\/tesla-desenvolve-sensor-que-detecta-crianca-presa-em-carro-fechado\/#respond"]}]},{"@type":"WebPage","@id":"https:\/\/jornalfatosenoticias.com.br\/index.php\/2020\/08\/26\/tesla-desenvolve-sensor-que-detecta-crianca-presa-em-carro-fechado\/","url":"https:\/\/jornalfatosenoticias.com.br\/index.php\/2020\/08\/26\/tesla-desenvolve-sensor-que-detecta-crianca-presa-em-carro-fechado\/","name":"Tesla desenvolve sensor que detecta crian\u00e7a presa em carro fechado - Jornal Fatos e Not\u00edcias","isPartOf":{"@id":"https:\/\/jornalfatosenoticias.com.br\/#website"},"primaryImageOfPage":{"@id":"https:\/\/jornalfatosenoticias.com.br\/index.php\/2020\/08\/26\/tesla-desenvolve-sensor-que-detecta-crianca-presa-em-carro-fechado\/#primaryimage"},"image":{"@id":"https:\/\/jornalfatosenoticias.com.br\/index.php\/2020\/08\/26\/tesla-desenvolve-sensor-que-detecta-crianca-presa-em-carro-fechado\/#primaryimage"},"thumbnailUrl":"https:\/\/jornalfatosenoticias.com.br\/wp-content\/uploads\/2020\/08\/sensor_da_tesla_detecta_se_criancas_foram_deixadas_em_carros_fechados.jpg","datePublished":"2020-08-26T12:52:05+00:00","dateModified":"2020-08-26T12:52:06+00:00","breadcrumb":{"@id":"https:\/\/jornalfatosenoticias.com.br\/index.php\/2020\/08\/26\/tesla-desenvolve-sensor-que-detecta-crianca-presa-em-carro-fechado\/#breadcrumb"},"inLanguage":"pt-BR","potentialAction":[{"@type":"ReadAction","target":["https:\/\/jornalfatosenoticias.com.br\/index.php\/2020\/08\/26\/tesla-desenvolve-sensor-que-detecta-crianca-presa-em-carro-fechado\/"]}]},{"@type":"ImageObject","inLanguage":"pt-BR","@id":"https:\/\/jornalfatosenoticias.com.br\/index.php\/2020\/08\/26\/tesla-desenvolve-sensor-que-detecta-crianca-presa-em-carro-fechado\/#primaryimage","url":"https:\/\/jornalfatosenoticias.com.br\/wp-content\/uploads\/2020\/08\/sensor_da_tesla_detecta_se_criancas_foram_deixadas_em_carros_fechados.jpg","contentUrl":"https:\/\/jornalfatosenoticias.com.br\/wp-content\/uploads\/2020\/08\/sensor_da_tesla_detecta_se_criancas_foram_deixadas_em_carros_fechados.jpg","width":980,"height":550},{"@type":"BreadcrumbList","@id":"https:\/\/jornalfatosenoticias.com.br\/index.php\/2020\/08\/26\/tesla-desenvolve-sensor-que-detecta-crianca-presa-em-carro-fechado\/#breadcrumb","itemListElement":[{"@type":"ListItem","position":1,"name":"In\u00edcio","item":"https:\/\/jornalfatosenoticias.com.br\/"},{"@type":"ListItem","position":2,"name":"Tesla desenvolve sensor que detecta crian\u00e7a presa em carro fechado"}]},{"@type":"WebSite","@id":"https:\/\/jornalfatosenoticias.com.br\/#website","url":"https:\/\/jornalfatosenoticias.com.br\/","name":"Jornal Fatos e Not\u00edcias","description":"Not\u00edcias em geral","publisher":{"@id":"https:\/\/jornalfatosenoticias.com.br\/#organization"},"potentialAction":[{"@type":"SearchAction","target":{"@type":"EntryPoint","urlTemplate":"https:\/\/jornalfatosenoticias.com.br\/?s={search_term_string}"},"query-input":{"@type":"PropertyValueSpecification","valueRequired":true,"valueName":"search_term_string"}}],"inLanguage":"pt-BR"},{"@type":"Organization","@id":"https:\/\/jornalfatosenoticias.com.br\/#organization","name":"Jornal Fatos e Not\u00edcias","url":"https:\/\/jornalfatosenoticias.com.br\/","logo":{"@type":"ImageObject","inLanguage":"pt-BR","@id":"https:\/\/jornalfatosenoticias.com.br\/#\/schema\/logo\/image\/","url":"https:\/\/jornalfatosenoticias.com.br\/wp-content\/uploads\/2020\/02\/logo120.png","contentUrl":"https:\/\/jornalfatosenoticias.com.br\/wp-content\/uploads\/2020\/02\/logo120.png","width":1227,"height":120,"caption":"Jornal Fatos e Not\u00edcias"},"image":{"@id":"https:\/\/jornalfatosenoticias.com.br\/#\/schema\/logo\/image\/"}},{"@type":"Person","@id":"https:\/\/jornalfatosenoticias.com.br\/#\/schema\/person\/d63837fa13ac8666eb9e74e0985d6f81","name":"Luzimara Fernandes","image":{"@type":"ImageObject","inLanguage":"pt-BR","@id":"https:\/\/jornalfatosenoticias.com.br\/#\/schema\/person\/image\/","url":"https:\/\/jornalfatosenoticias.com.br\/wp-content\/uploads\/2025\/05\/EU_portal.jpg","contentUrl":"https:\/\/jornalfatosenoticias.com.br\/wp-content\/uploads\/2025\/05\/EU_portal.jpg","caption":"Luzimara Fernandes"},"description":"Jornalista MTB 2358-ES","sameAs":["https:\/\/jornalfatosenoticias.com.br"],"url":"https:\/\/jornalfatosenoticias.com.br\/index.php\/author\/luzimara\/"}]}},"cc_featured_image_caption":{"caption_text":"(Foto: iStock) ","source_text":"","source_url":""},"jetpack_featured_media_url":"https:\/\/jornalfatosenoticias.com.br\/wp-content\/uploads\/2020\/08\/sensor_da_tesla_detecta_se_criancas_foram_deixadas_em_carros_fechados.jpg","_links":{"self":[{"href":"https:\/\/jornalfatosenoticias.com.br\/index.php\/wp-json\/wp\/v2\/posts\/8176","targetHints":{"allow":["GET"]}}],"collection":[{"href":"https:\/\/jornalfatosenoticias.com.br\/index.php\/wp-json\/wp\/v2\/posts"}],"about":[{"href":"https:\/\/jornalfatosenoticias.com.br\/index.php\/wp-json\/wp\/v2\/types\/post"}],"author":[{"embeddable":true,"href":"https:\/\/jornalfatosenoticias.com.br\/index.php\/wp-json\/wp\/v2\/users\/2"}],"replies":[{"embeddable":true,"href":"https:\/\/jornalfatosenoticias.com.br\/index.php\/wp-json\/wp\/v2\/comments?post=8176"}],"version-history":[{"count":0,"href":"https:\/\/jornalfatosenoticias.com.br\/index.php\/wp-json\/wp\/v2\/posts\/8176\/revisions"}],"wp:featuredmedia":[{"embeddable":true,"href":"https:\/\/jornalfatosenoticias.com.br\/index.php\/wp-json\/wp\/v2\/media\/8178"}],"wp:attachment":[{"href":"https:\/\/jornalfatosenoticias.com.br\/index.php\/wp-json\/wp\/v2\/media?parent=8176"}],"wp:term":[{"taxonomy":"category","embeddable":true,"href":"https:\/\/jornalfatosenoticias.com.br\/index.php\/wp-json\/wp\/v2\/categories?post=8176"},{"taxonomy":"post_tag","embeddable":true,"href":"https:\/\/jornalfatosenoticias.com.br\/index.php\/wp-json\/wp\/v2\/tags?post=8176"}],"curies":[{"name":"wp","href":"https:\/\/api.w.org\/{rel}","templated":true}]}}