{"id":8180,"date":"2020-08-26T09:56:47","date_gmt":"2020-08-26T12:56:47","guid":{"rendered":"https:\/\/jornalfatosenoticias.com.br\/?p=8180"},"modified":"2020-08-26T09:56:48","modified_gmt":"2020-08-26T12:56:48","slug":"onda-de-calor-causou-a-extincao-do-rinoceronte-lanudo-nao-a-caca","status":"publish","type":"post","link":"https:\/\/jornalfatosenoticias.com.br\/index.php\/2020\/08\/26\/onda-de-calor-causou-a-extincao-do-rinoceronte-lanudo-nao-a-caca\/","title":{"rendered":"Onda de calor causou a extin\u00e7\u00e3o do rinoceronte-lanudo, n\u00e3o a ca\u00e7a"},"content":{"rendered":"\n<h6 class=\"wp-block-heading\"><em>Descoberta foi feita por cientistas suecos ao analisarem o DNA de f\u00f3ssil da esp\u00e9cie; altas temperaturas dificultaram adapta\u00e7\u00e3o do animal<\/em><\/h6>\n\n\n\n<p>Uma recente pesquisa feita por cientistas suecos contesta a causa do desaparecimento do rinoceronte-lanudo, esp\u00e9cie adaptada ao frio que entrou em extin\u00e7\u00e3o na Sib\u00e9ria h\u00e1 aproximadamente 14 mil anos. At\u00e9 ent\u00e3o, acreditava-se que a presen\u00e7a dos primeiros humanos na regi\u00e3o teria sido o motivo. No entanto, segundo os pesquisadores, isso teria acontecido devido \u00e0s mudan\u00e7as clim\u00e1ticas.<br>&#8220;Pensava-se, inicialmente, que os humanos apareceram no nordeste da Sib\u00e9ria 14 ou 15 mil anos atr\u00e1s, na mesma \u00e9poca em que o rinoceronte-lanudo foi extinto. Mas recentemente houve v\u00e1rias descobertas de locais de ocupa\u00e7\u00e3o humana muito mais antigos&#8221;, afirmou o autor do estudo Love Dal\u00e9n, do Museu de Hist\u00f3ria Natural Sueco.<br>Os cientistas reuniram amostras de tecido, ossos e pelos de 14 animais. Entretanto, foi uma evid\u00eancia f\u00f3ssil de um rinoceronte-lanudo, de aproximadamente 18.530 anos atr\u00e1s, que permitiu a extra\u00e7\u00e3o de um conjunto completo de DNA nuclear. Com base nisso, o grupo de pesquisa sup\u00f4s o tamanho das popula\u00e7\u00f5es antes da extin\u00e7\u00e3o e constatou a continuidade da esp\u00e9cie mesmo ap\u00f3s a chegada dos humanos \u00e0 regi\u00e3o.<br>\u201cO decl\u00ednio em dire\u00e7\u00e3o \u00e0 extin\u00e7\u00e3o do rinoceronte-lanudo n\u00e3o coincide tanto com o primeiro aparecimento dos humanos na regi\u00e3o. De fato, vemos algo como um aumento no tamanho da popula\u00e7\u00e3o durante esse per\u00edodo\u201d, explica Dal\u00e9n.<br>As evid\u00eancias revelam que a esp\u00e9cie teve um pico de 21 mil animais h\u00e1 152 mil anos. &#8220;Descobrimos que depois de um aumento no tamanho da popula\u00e7\u00e3o no in\u00edcio de um per\u00edodo frio, h\u00e1 cerca de 29 mil anos, o tamanho da popula\u00e7\u00e3o de rinocerontes-lanudos permaneceu constante&#8221;, explicou o coautor e pesquisador do Centro de Paleogen\u00e9tica da Su\u00e9cia, Nicolas Dussex.<br>De acordo com Edana Lord, coautora do estudo e geneticista evolucionista, foi uma extrema mudan\u00e7a clim\u00e1tica h\u00e1 14.600 e 12.800 anos que ocasionou o sumi\u00e7o do animal. Os sobreviventes migraram para o leste na tentativa de fugir do clima quente e \u00famido at\u00e9 desaparecerem completamente. \u201cProvavelmente desempenhou um grande papel no r\u00e1pido decl\u00ednio desta esp\u00e9cie adaptada ao frio\u201d, contou.<br>O estudo foi publicado na revista cient\u00edfica ScienceDirect.<\/p>\n\n\n\n<p><strong><em>Fonte: <a href=\"https:\/\/olhardigital.com.br\/noticia\/onda-de-calor-causou-a-extincao-do-rinoceronte-lanudo-nao-a-caca\/105494#:~:text=Uma%20recente%20pesquisa%20feita%20por,h%C3%A1%20aproximadamente%2014%20mil%20anos.&amp;text=No%20entanto%2C%20segundo%20os%20pesquisadores,acontecido%20devido%20%C3%A0s%20mudan%C3%A7as%20clim%C3%A1ticas.\">Olhar Digital<\/a><\/em><\/strong><\/p>\n","protected":false},"excerpt":{"rendered":"<p>Descoberta foi feita por cientistas suecos ao analisarem o DNA de f\u00f3ssil da esp\u00e9cie; altas temperaturas dificultaram adapta\u00e7\u00e3o do animal Uma recente pesquisa feita por cientistas suecos contesta a causa do desaparecimento do rinoceronte-lanudo, esp\u00e9cie adaptada ao frio que entrou em extin\u00e7\u00e3o na Sib\u00e9ria h\u00e1 aproximadamente 14 mil anos. At\u00e9 ent\u00e3o, acreditava-se que a presen\u00e7a [&hellip;]<\/p>\n","protected":false},"author":2,"featured_media":8182,"comment_status":"open","ping_status":"open","sticky":false,"template":"","format":"standard","meta":{"footnotes":""},"categories":[2,8],"tags":[219,1614,945,115,4543],"class_list":["post-8180","post","type-post","status-publish","format-standard","has-post-thumbnail","hentry","category-ciencia","category-meio-ambiente","tag-extincao","tag-fosseis","tag-meio-ambiente","tag-pesquisa","tag-rinoceronte-lanudo"],"yoast_head":"<!-- This site is optimized with the Yoast SEO plugin v26.5 - https:\/\/yoast.com\/wordpress\/plugins\/seo\/ -->\n<title>Onda de calor causou a extin\u00e7\u00e3o do rinoceronte-lanudo, n\u00e3o a ca\u00e7a - Jornal Fatos e Not\u00edcias<\/title>\n<meta name=\"robots\" content=\"index, follow, max-snippet:-1, max-image-preview:large, max-video-preview:-1\" \/>\n<link rel=\"canonical\" href=\"https:\/\/jornalfatosenoticias.com.br\/index.php\/2020\/08\/26\/onda-de-calor-causou-a-extincao-do-rinoceronte-lanudo-nao-a-caca\/\" \/>\n<meta property=\"og:locale\" content=\"pt_BR\" \/>\n<meta property=\"og:type\" content=\"article\" \/>\n<meta property=\"og:title\" content=\"Onda de calor causou a extin\u00e7\u00e3o do rinoceronte-lanudo, n\u00e3o a ca\u00e7a - Jornal Fatos e Not\u00edcias\" \/>\n<meta property=\"og:description\" content=\"Descoberta foi feita por cientistas suecos ao analisarem o DNA de f\u00f3ssil da esp\u00e9cie; altas temperaturas dificultaram adapta\u00e7\u00e3o do animal Uma recente pesquisa feita por cientistas suecos contesta a causa do desaparecimento do rinoceronte-lanudo, esp\u00e9cie adaptada ao frio que entrou em extin\u00e7\u00e3o na Sib\u00e9ria h\u00e1 aproximadamente 14 mil anos. At\u00e9 ent\u00e3o, acreditava-se que a presen\u00e7a [&hellip;]\" \/>\n<meta property=\"og:url\" content=\"https:\/\/jornalfatosenoticias.com.br\/index.php\/2020\/08\/26\/onda-de-calor-causou-a-extincao-do-rinoceronte-lanudo-nao-a-caca\/\" \/>\n<meta property=\"og:site_name\" content=\"Jornal Fatos e Not\u00edcias\" \/>\n<meta property=\"article:published_time\" content=\"2020-08-26T12:56:47+00:00\" \/>\n<meta property=\"article:modified_time\" content=\"2020-08-26T12:56:48+00:00\" \/>\n<meta property=\"og:image\" content=\"https:\/\/jornalfatosenoticias.com.br\/wp-content\/uploads\/2020\/08\/rinoceronte_lanudo2.jpg\" \/>\n\t<meta property=\"og:image:width\" content=\"960\" \/>\n\t<meta property=\"og:image:height\" content=\"539\" \/>\n\t<meta property=\"og:image:type\" content=\"image\/jpeg\" \/>\n<meta name=\"author\" content=\"Luzimara Fernandes\" \/>\n<meta name=\"twitter:card\" content=\"summary_large_image\" \/>\n<meta name=\"twitter:label1\" content=\"Escrito por\" \/>\n\t<meta name=\"twitter:data1\" content=\"Luzimara Fernandes\" \/>\n\t<meta name=\"twitter:label2\" content=\"Est. tempo de leitura\" \/>\n\t<meta name=\"twitter:data2\" content=\"2 minutos\" \/>\n<script type=\"application\/ld+json\" class=\"yoast-schema-graph\">{\"@context\":\"https:\/\/schema.org\",\"@graph\":[{\"@type\":\"Article\",\"@id\":\"https:\/\/jornalfatosenoticias.com.br\/index.php\/2020\/08\/26\/onda-de-calor-causou-a-extincao-do-rinoceronte-lanudo-nao-a-caca\/#article\",\"isPartOf\":{\"@id\":\"https:\/\/jornalfatosenoticias.com.br\/index.php\/2020\/08\/26\/onda-de-calor-causou-a-extincao-do-rinoceronte-lanudo-nao-a-caca\/\"},\"author\":{\"name\":\"Luzimara Fernandes\",\"@id\":\"https:\/\/jornalfatosenoticias.com.br\/#\/schema\/person\/d63837fa13ac8666eb9e74e0985d6f81\"},\"headline\":\"Onda de calor causou a extin\u00e7\u00e3o do rinoceronte-lanudo, n\u00e3o a ca\u00e7a\",\"datePublished\":\"2020-08-26T12:56:47+00:00\",\"dateModified\":\"2020-08-26T12:56:48+00:00\",\"mainEntityOfPage\":{\"@id\":\"https:\/\/jornalfatosenoticias.com.br\/index.php\/2020\/08\/26\/onda-de-calor-causou-a-extincao-do-rinoceronte-lanudo-nao-a-caca\/\"},\"wordCount\":409,\"commentCount\":0,\"publisher\":{\"@id\":\"https:\/\/jornalfatosenoticias.com.br\/#organization\"},\"image\":{\"@id\":\"https:\/\/jornalfatosenoticias.com.br\/index.php\/2020\/08\/26\/onda-de-calor-causou-a-extincao-do-rinoceronte-lanudo-nao-a-caca\/#primaryimage\"},\"thumbnailUrl\":\"https:\/\/jornalfatosenoticias.com.br\/wp-content\/uploads\/2020\/08\/rinoceronte_lanudo2.jpg\",\"keywords\":[\"extin\u00e7\u00e3o\",\"f\u00f3sseis\",\"meio ambiente\",\"pesquisa\",\"rinoceronte-lanudo\"],\"articleSection\":[\"Ci\u00eancia\",\"Meio ambiente\"],\"inLanguage\":\"pt-BR\",\"potentialAction\":[{\"@type\":\"CommentAction\",\"name\":\"Comment\",\"target\":[\"https:\/\/jornalfatosenoticias.com.br\/index.php\/2020\/08\/26\/onda-de-calor-causou-a-extincao-do-rinoceronte-lanudo-nao-a-caca\/#respond\"]}]},{\"@type\":\"WebPage\",\"@id\":\"https:\/\/jornalfatosenoticias.com.br\/index.php\/2020\/08\/26\/onda-de-calor-causou-a-extincao-do-rinoceronte-lanudo-nao-a-caca\/\",\"url\":\"https:\/\/jornalfatosenoticias.com.br\/index.php\/2020\/08\/26\/onda-de-calor-causou-a-extincao-do-rinoceronte-lanudo-nao-a-caca\/\",\"name\":\"Onda de calor causou a extin\u00e7\u00e3o do rinoceronte-lanudo, n\u00e3o a ca\u00e7a - Jornal Fatos e Not\u00edcias\",\"isPartOf\":{\"@id\":\"https:\/\/jornalfatosenoticias.com.br\/#website\"},\"primaryImageOfPage\":{\"@id\":\"https:\/\/jornalfatosenoticias.com.br\/index.php\/2020\/08\/26\/onda-de-calor-causou-a-extincao-do-rinoceronte-lanudo-nao-a-caca\/#primaryimage\"},\"image\":{\"@id\":\"https:\/\/jornalfatosenoticias.com.br\/index.php\/2020\/08\/26\/onda-de-calor-causou-a-extincao-do-rinoceronte-lanudo-nao-a-caca\/#primaryimage\"},\"thumbnailUrl\":\"https:\/\/jornalfatosenoticias.com.br\/wp-content\/uploads\/2020\/08\/rinoceronte_lanudo2.jpg\",\"datePublished\":\"2020-08-26T12:56:47+00:00\",\"dateModified\":\"2020-08-26T12:56:48+00:00\",\"breadcrumb\":{\"@id\":\"https:\/\/jornalfatosenoticias.com.br\/index.php\/2020\/08\/26\/onda-de-calor-causou-a-extincao-do-rinoceronte-lanudo-nao-a-caca\/#breadcrumb\"},\"inLanguage\":\"pt-BR\",\"potentialAction\":[{\"@type\":\"ReadAction\",\"target\":[\"https:\/\/jornalfatosenoticias.com.br\/index.php\/2020\/08\/26\/onda-de-calor-causou-a-extincao-do-rinoceronte-lanudo-nao-a-caca\/\"]}]},{\"@type\":\"ImageObject\",\"inLanguage\":\"pt-BR\",\"@id\":\"https:\/\/jornalfatosenoticias.com.br\/index.php\/2020\/08\/26\/onda-de-calor-causou-a-extincao-do-rinoceronte-lanudo-nao-a-caca\/#primaryimage\",\"url\":\"https:\/\/jornalfatosenoticias.com.br\/wp-content\/uploads\/2020\/08\/rinoceronte_lanudo2.jpg\",\"contentUrl\":\"https:\/\/jornalfatosenoticias.com.br\/wp-content\/uploads\/2020\/08\/rinoceronte_lanudo2.jpg\",\"width\":960,\"height\":539},{\"@type\":\"BreadcrumbList\",\"@id\":\"https:\/\/jornalfatosenoticias.com.br\/index.php\/2020\/08\/26\/onda-de-calor-causou-a-extincao-do-rinoceronte-lanudo-nao-a-caca\/#breadcrumb\",\"itemListElement\":[{\"@type\":\"ListItem\",\"position\":1,\"name\":\"In\u00edcio\",\"item\":\"https:\/\/jornalfatosenoticias.com.br\/\"},{\"@type\":\"ListItem\",\"position\":2,\"name\":\"Onda de calor causou a extin\u00e7\u00e3o do rinoceronte-lanudo, n\u00e3o a ca\u00e7a\"}]},{\"@type\":\"WebSite\",\"@id\":\"https:\/\/jornalfatosenoticias.com.br\/#website\",\"url\":\"https:\/\/jornalfatosenoticias.com.br\/\",\"name\":\"Jornal Fatos e Not\u00edcias\",\"description\":\"Not\u00edcias em geral\",\"publisher\":{\"@id\":\"https:\/\/jornalfatosenoticias.com.br\/#organization\"},\"potentialAction\":[{\"@type\":\"SearchAction\",\"target\":{\"@type\":\"EntryPoint\",\"urlTemplate\":\"https:\/\/jornalfatosenoticias.com.br\/?s={search_term_string}\"},\"query-input\":{\"@type\":\"PropertyValueSpecification\",\"valueRequired\":true,\"valueName\":\"search_term_string\"}}],\"inLanguage\":\"pt-BR\"},{\"@type\":\"Organization\",\"@id\":\"https:\/\/jornalfatosenoticias.com.br\/#organization\",\"name\":\"Jornal Fatos e Not\u00edcias\",\"url\":\"https:\/\/jornalfatosenoticias.com.br\/\",\"logo\":{\"@type\":\"ImageObject\",\"inLanguage\":\"pt-BR\",\"@id\":\"https:\/\/jornalfatosenoticias.com.br\/#\/schema\/logo\/image\/\",\"url\":\"https:\/\/jornalfatosenoticias.com.br\/wp-content\/uploads\/2020\/02\/logo120.png\",\"contentUrl\":\"https:\/\/jornalfatosenoticias.com.br\/wp-content\/uploads\/2020\/02\/logo120.png\",\"width\":1227,\"height\":120,\"caption\":\"Jornal Fatos e Not\u00edcias\"},\"image\":{\"@id\":\"https:\/\/jornalfatosenoticias.com.br\/#\/schema\/logo\/image\/\"}},{\"@type\":\"Person\",\"@id\":\"https:\/\/jornalfatosenoticias.com.br\/#\/schema\/person\/d63837fa13ac8666eb9e74e0985d6f81\",\"name\":\"Luzimara Fernandes\",\"image\":{\"@type\":\"ImageObject\",\"inLanguage\":\"pt-BR\",\"@id\":\"https:\/\/jornalfatosenoticias.com.br\/#\/schema\/person\/image\/\",\"url\":\"https:\/\/jornalfatosenoticias.com.br\/wp-content\/uploads\/2025\/05\/EU_portal.jpg\",\"contentUrl\":\"https:\/\/jornalfatosenoticias.com.br\/wp-content\/uploads\/2025\/05\/EU_portal.jpg\",\"caption\":\"Luzimara Fernandes\"},\"description\":\"Jornalista MTB 2358-ES\",\"sameAs\":[\"https:\/\/jornalfatosenoticias.com.br\"],\"url\":\"https:\/\/jornalfatosenoticias.com.br\/index.php\/author\/luzimara\/\"}]}<\/script>\n<!-- \/ Yoast SEO plugin. -->","yoast_head_json":{"title":"Onda de calor causou a extin\u00e7\u00e3o do rinoceronte-lanudo, n\u00e3o a ca\u00e7a - Jornal Fatos e Not\u00edcias","robots":{"index":"index","follow":"follow","max-snippet":"max-snippet:-1","max-image-preview":"max-image-preview:large","max-video-preview":"max-video-preview:-1"},"canonical":"https:\/\/jornalfatosenoticias.com.br\/index.php\/2020\/08\/26\/onda-de-calor-causou-a-extincao-do-rinoceronte-lanudo-nao-a-caca\/","og_locale":"pt_BR","og_type":"article","og_title":"Onda de calor causou a extin\u00e7\u00e3o do rinoceronte-lanudo, n\u00e3o a ca\u00e7a - Jornal Fatos e Not\u00edcias","og_description":"Descoberta foi feita por cientistas suecos ao analisarem o DNA de f\u00f3ssil da esp\u00e9cie; altas temperaturas dificultaram adapta\u00e7\u00e3o do animal Uma recente pesquisa feita por cientistas suecos contesta a causa do desaparecimento do rinoceronte-lanudo, esp\u00e9cie adaptada ao frio que entrou em extin\u00e7\u00e3o na Sib\u00e9ria h\u00e1 aproximadamente 14 mil anos. At\u00e9 ent\u00e3o, acreditava-se que a presen\u00e7a [&hellip;]","og_url":"https:\/\/jornalfatosenoticias.com.br\/index.php\/2020\/08\/26\/onda-de-calor-causou-a-extincao-do-rinoceronte-lanudo-nao-a-caca\/","og_site_name":"Jornal Fatos e Not\u00edcias","article_published_time":"2020-08-26T12:56:47+00:00","article_modified_time":"2020-08-26T12:56:48+00:00","og_image":[{"width":960,"height":539,"url":"https:\/\/jornalfatosenoticias.com.br\/wp-content\/uploads\/2020\/08\/rinoceronte_lanudo2.jpg","type":"image\/jpeg"}],"author":"Luzimara Fernandes","twitter_card":"summary_large_image","twitter_misc":{"Escrito por":"Luzimara Fernandes","Est. tempo de leitura":"2 minutos"},"schema":{"@context":"https:\/\/schema.org","@graph":[{"@type":"Article","@id":"https:\/\/jornalfatosenoticias.com.br\/index.php\/2020\/08\/26\/onda-de-calor-causou-a-extincao-do-rinoceronte-lanudo-nao-a-caca\/#article","isPartOf":{"@id":"https:\/\/jornalfatosenoticias.com.br\/index.php\/2020\/08\/26\/onda-de-calor-causou-a-extincao-do-rinoceronte-lanudo-nao-a-caca\/"},"author":{"name":"Luzimara Fernandes","@id":"https:\/\/jornalfatosenoticias.com.br\/#\/schema\/person\/d63837fa13ac8666eb9e74e0985d6f81"},"headline":"Onda de calor causou a extin\u00e7\u00e3o do rinoceronte-lanudo, n\u00e3o a ca\u00e7a","datePublished":"2020-08-26T12:56:47+00:00","dateModified":"2020-08-26T12:56:48+00:00","mainEntityOfPage":{"@id":"https:\/\/jornalfatosenoticias.com.br\/index.php\/2020\/08\/26\/onda-de-calor-causou-a-extincao-do-rinoceronte-lanudo-nao-a-caca\/"},"wordCount":409,"commentCount":0,"publisher":{"@id":"https:\/\/jornalfatosenoticias.com.br\/#organization"},"image":{"@id":"https:\/\/jornalfatosenoticias.com.br\/index.php\/2020\/08\/26\/onda-de-calor-causou-a-extincao-do-rinoceronte-lanudo-nao-a-caca\/#primaryimage"},"thumbnailUrl":"https:\/\/jornalfatosenoticias.com.br\/wp-content\/uploads\/2020\/08\/rinoceronte_lanudo2.jpg","keywords":["extin\u00e7\u00e3o","f\u00f3sseis","meio ambiente","pesquisa","rinoceronte-lanudo"],"articleSection":["Ci\u00eancia","Meio ambiente"],"inLanguage":"pt-BR","potentialAction":[{"@type":"CommentAction","name":"Comment","target":["https:\/\/jornalfatosenoticias.com.br\/index.php\/2020\/08\/26\/onda-de-calor-causou-a-extincao-do-rinoceronte-lanudo-nao-a-caca\/#respond"]}]},{"@type":"WebPage","@id":"https:\/\/jornalfatosenoticias.com.br\/index.php\/2020\/08\/26\/onda-de-calor-causou-a-extincao-do-rinoceronte-lanudo-nao-a-caca\/","url":"https:\/\/jornalfatosenoticias.com.br\/index.php\/2020\/08\/26\/onda-de-calor-causou-a-extincao-do-rinoceronte-lanudo-nao-a-caca\/","name":"Onda de calor causou a extin\u00e7\u00e3o do rinoceronte-lanudo, n\u00e3o a ca\u00e7a - Jornal Fatos e Not\u00edcias","isPartOf":{"@id":"https:\/\/jornalfatosenoticias.com.br\/#website"},"primaryImageOfPage":{"@id":"https:\/\/jornalfatosenoticias.com.br\/index.php\/2020\/08\/26\/onda-de-calor-causou-a-extincao-do-rinoceronte-lanudo-nao-a-caca\/#primaryimage"},"image":{"@id":"https:\/\/jornalfatosenoticias.com.br\/index.php\/2020\/08\/26\/onda-de-calor-causou-a-extincao-do-rinoceronte-lanudo-nao-a-caca\/#primaryimage"},"thumbnailUrl":"https:\/\/jornalfatosenoticias.com.br\/wp-content\/uploads\/2020\/08\/rinoceronte_lanudo2.jpg","datePublished":"2020-08-26T12:56:47+00:00","dateModified":"2020-08-26T12:56:48+00:00","breadcrumb":{"@id":"https:\/\/jornalfatosenoticias.com.br\/index.php\/2020\/08\/26\/onda-de-calor-causou-a-extincao-do-rinoceronte-lanudo-nao-a-caca\/#breadcrumb"},"inLanguage":"pt-BR","potentialAction":[{"@type":"ReadAction","target":["https:\/\/jornalfatosenoticias.com.br\/index.php\/2020\/08\/26\/onda-de-calor-causou-a-extincao-do-rinoceronte-lanudo-nao-a-caca\/"]}]},{"@type":"ImageObject","inLanguage":"pt-BR","@id":"https:\/\/jornalfatosenoticias.com.br\/index.php\/2020\/08\/26\/onda-de-calor-causou-a-extincao-do-rinoceronte-lanudo-nao-a-caca\/#primaryimage","url":"https:\/\/jornalfatosenoticias.com.br\/wp-content\/uploads\/2020\/08\/rinoceronte_lanudo2.jpg","contentUrl":"https:\/\/jornalfatosenoticias.com.br\/wp-content\/uploads\/2020\/08\/rinoceronte_lanudo2.jpg","width":960,"height":539},{"@type":"BreadcrumbList","@id":"https:\/\/jornalfatosenoticias.com.br\/index.php\/2020\/08\/26\/onda-de-calor-causou-a-extincao-do-rinoceronte-lanudo-nao-a-caca\/#breadcrumb","itemListElement":[{"@type":"ListItem","position":1,"name":"In\u00edcio","item":"https:\/\/jornalfatosenoticias.com.br\/"},{"@type":"ListItem","position":2,"name":"Onda de calor causou a extin\u00e7\u00e3o do rinoceronte-lanudo, n\u00e3o a ca\u00e7a"}]},{"@type":"WebSite","@id":"https:\/\/jornalfatosenoticias.com.br\/#website","url":"https:\/\/jornalfatosenoticias.com.br\/","name":"Jornal Fatos e Not\u00edcias","description":"Not\u00edcias em geral","publisher":{"@id":"https:\/\/jornalfatosenoticias.com.br\/#organization"},"potentialAction":[{"@type":"SearchAction","target":{"@type":"EntryPoint","urlTemplate":"https:\/\/jornalfatosenoticias.com.br\/?s={search_term_string}"},"query-input":{"@type":"PropertyValueSpecification","valueRequired":true,"valueName":"search_term_string"}}],"inLanguage":"pt-BR"},{"@type":"Organization","@id":"https:\/\/jornalfatosenoticias.com.br\/#organization","name":"Jornal Fatos e Not\u00edcias","url":"https:\/\/jornalfatosenoticias.com.br\/","logo":{"@type":"ImageObject","inLanguage":"pt-BR","@id":"https:\/\/jornalfatosenoticias.com.br\/#\/schema\/logo\/image\/","url":"https:\/\/jornalfatosenoticias.com.br\/wp-content\/uploads\/2020\/02\/logo120.png","contentUrl":"https:\/\/jornalfatosenoticias.com.br\/wp-content\/uploads\/2020\/02\/logo120.png","width":1227,"height":120,"caption":"Jornal Fatos e Not\u00edcias"},"image":{"@id":"https:\/\/jornalfatosenoticias.com.br\/#\/schema\/logo\/image\/"}},{"@type":"Person","@id":"https:\/\/jornalfatosenoticias.com.br\/#\/schema\/person\/d63837fa13ac8666eb9e74e0985d6f81","name":"Luzimara Fernandes","image":{"@type":"ImageObject","inLanguage":"pt-BR","@id":"https:\/\/jornalfatosenoticias.com.br\/#\/schema\/person\/image\/","url":"https:\/\/jornalfatosenoticias.com.br\/wp-content\/uploads\/2025\/05\/EU_portal.jpg","contentUrl":"https:\/\/jornalfatosenoticias.com.br\/wp-content\/uploads\/2025\/05\/EU_portal.jpg","caption":"Luzimara Fernandes"},"description":"Jornalista MTB 2358-ES","sameAs":["https:\/\/jornalfatosenoticias.com.br"],"url":"https:\/\/jornalfatosenoticias.com.br\/index.php\/author\/luzimara\/"}]}},"cc_featured_image_caption":{"caption_text":"Rinoceronte-lanudo \r\n","source_text":"","source_url":""},"jetpack_featured_media_url":"https:\/\/jornalfatosenoticias.com.br\/wp-content\/uploads\/2020\/08\/rinoceronte_lanudo2.jpg","_links":{"self":[{"href":"https:\/\/jornalfatosenoticias.com.br\/index.php\/wp-json\/wp\/v2\/posts\/8180","targetHints":{"allow":["GET"]}}],"collection":[{"href":"https:\/\/jornalfatosenoticias.com.br\/index.php\/wp-json\/wp\/v2\/posts"}],"about":[{"href":"https:\/\/jornalfatosenoticias.com.br\/index.php\/wp-json\/wp\/v2\/types\/post"}],"author":[{"embeddable":true,"href":"https:\/\/jornalfatosenoticias.com.br\/index.php\/wp-json\/wp\/v2\/users\/2"}],"replies":[{"embeddable":true,"href":"https:\/\/jornalfatosenoticias.com.br\/index.php\/wp-json\/wp\/v2\/comments?post=8180"}],"version-history":[{"count":0,"href":"https:\/\/jornalfatosenoticias.com.br\/index.php\/wp-json\/wp\/v2\/posts\/8180\/revisions"}],"wp:featuredmedia":[{"embeddable":true,"href":"https:\/\/jornalfatosenoticias.com.br\/index.php\/wp-json\/wp\/v2\/media\/8182"}],"wp:attachment":[{"href":"https:\/\/jornalfatosenoticias.com.br\/index.php\/wp-json\/wp\/v2\/media?parent=8180"}],"wp:term":[{"taxonomy":"category","embeddable":true,"href":"https:\/\/jornalfatosenoticias.com.br\/index.php\/wp-json\/wp\/v2\/categories?post=8180"},{"taxonomy":"post_tag","embeddable":true,"href":"https:\/\/jornalfatosenoticias.com.br\/index.php\/wp-json\/wp\/v2\/tags?post=8180"}],"curies":[{"name":"wp","href":"https:\/\/api.w.org\/{rel}","templated":true}]}}