{"id":8233,"date":"2020-08-27T19:42:44","date_gmt":"2020-08-27T22:42:44","guid":{"rendered":"https:\/\/jornalfatosenoticias.com.br\/?p=8233"},"modified":"2020-08-27T19:43:51","modified_gmt":"2020-08-27T22:43:51","slug":"autor-paraense-escreve-romance-ambientado-no-cirio-de-nazare","status":"publish","type":"post","link":"https:\/\/jornalfatosenoticias.com.br\/index.php\/2020\/08\/27\/autor-paraense-escreve-romance-ambientado-no-cirio-de-nazare\/","title":{"rendered":"Autor paraense escreve romance ambientado no C\u00edrio de Nazar\u00e9"},"content":{"rendered":"\n<h6 class=\"wp-block-heading\"><em>Com lan\u00e7amento previsto para a primeira semana de outubro, quase toda tiragem inicial est\u00e1 reservada<\/em><\/h6>\n\n\n\n<p>Com lan\u00e7amento previsto para a primeira semana de outubro, o novo livro do jornalista e escritor Tiago J\u00falio Martins, &#8220;Outubro&#8221;, narra hist\u00f3ria de um casal de desconhecidos que se apaixona em meio ao clima e \u00e0s prociss\u00f5es dos dois principais dias da quadra nazarena. A pr\u00e9-venda do livro est\u00e1 aberta e segue at\u00e9 30 de setembro.<br>Devido \u00e0 pandemia do novo coronav\u00edrus, este \u00e9 um ano totalmente at\u00edpico para o mundo todo. No Par\u00e1, fora as preocupa\u00e7\u00f5es gerais com a sa\u00fade, muitos devotos est\u00e3o tendo que aprender a lidar com um fato impens\u00e1vel, at\u00e9 o in\u00edcio do ano: o C\u00edrio 2020 n\u00e3o ir\u00e1 tomar as ruas de Bel\u00e9m, tradi\u00e7\u00e3o que ocorre h\u00e1 mais de dois s\u00e9culos, anualmente, na cidade.<br>Se uma das maiores romarias religiosas que existem n\u00e3o ocorrer\u00e1 da forma como todos estamos acostumados, a menos na fic\u00e7\u00e3o o C\u00edrio de Nazar\u00e9 est\u00e1 garantido. Antes mesmo de ser lan\u00e7ando, &#8220;Outubro&#8221; j\u00e1 \u00e9 um sucesso de p\u00fablico. Quase toda tiragem inicial est\u00e1 reservada, faltando mais de um m\u00eas para o lan\u00e7amento, o que obrigou o autor a pedir mais livros, al\u00e9m dos previstos.<br>Quem comprar antecipadamente, leva seu exemplar autografado e com um marca-p\u00e1gina personalizado. O pre\u00e7o \u00e9 \u00fanico: R$ 35, com frete incluso. O livros ser\u00e3o despachados a partir do dia cinco de outubro e os leitores receber\u00e3o seus exemplares em casa.<br>Como trata-se de uma publica\u00e7\u00e3o independente, comprar na pr\u00e9-venda fortalece e valoriza o trabalho do autor. Quanto mais exemplares forem vendidos antecipadamente, melhor ser\u00e1 o lan\u00e7amento.<br>Por conta da pandemia e das restri\u00e7\u00f5es sanit\u00e1rias, talvez n\u00e3o haja evento de lan\u00e7amento f\u00edsico. Por\u00e9m, no dia tr\u00eas de outubro (s\u00e1bado) ser\u00e1 realizada uma live nas redes sociais, em que Tiago J\u00falio ser\u00e1 entrevistado, falar\u00e1 sobre &#8220;Outubro&#8221; e lan\u00e7ar\u00e1 simbolicamente a obra.<br>Para adquirir o livro, basta entrar em contato diretamente com o escritor, por WhatsApp, redes sociais ou e-mail. O pagamento pode ser feito por transfer\u00eancia banc\u00e1ria, boleto ou cart\u00e3o de cr\u00e9dito.<\/p>\n\n\n\n<figure class=\"wp-block-image size-large\"><img loading=\"lazy\" decoding=\"async\" width=\"980\" height=\"679\" src=\"https:\/\/jornalfatosenoticias.com.br\/wp-content\/uploads\/2020\/08\/autor-paraense_lancamento-livro.jpg\" alt=\"\" class=\"wp-image-8235\" srcset=\"https:\/\/jornalfatosenoticias.com.br\/wp-content\/uploads\/2020\/08\/autor-paraense_lancamento-livro.jpg 980w, https:\/\/jornalfatosenoticias.com.br\/wp-content\/uploads\/2020\/08\/autor-paraense_lancamento-livro-300x208.jpg 300w, https:\/\/jornalfatosenoticias.com.br\/wp-content\/uploads\/2020\/08\/autor-paraense_lancamento-livro-768x532.jpg 768w\" sizes=\"auto, (max-width: 980px) 100vw, 980px\" \/><figcaption><em>Outubro, lan\u00e7amento (Foto: Divulga\u00e7\u00e3o)<\/em><\/figcaption><\/figure>\n\n\n\n<p><strong>Para vendas e contato<br>Celular:<\/strong> (91)9918-88952 (WhatsApp)<br><strong>E-mail:<\/strong> tiagojulio.martins@gmail.com<br><strong>Redes sociais:<\/strong> <strong>Instagram:<\/strong> <a href=\"https:\/\/www.instagram.com\/otiagojulio\/\">@otiagojulio<\/a><br><strong>Facebook: <\/strong><a href=\"https:\/\/www.facebook.com\/tiagojuliom\">Tiago J\u00falio Martins<\/a><\/p>\n\n\n\n<p><strong><em>Fonte: <a href=\"https:\/\/portalamazonia.com\/cultura\/autor-paraense-escreve-romance-ambientado-no-cirio-de-nazare\">Portal Amaz\u00f4nia<\/a><\/em><\/strong><\/p>\n","protected":false},"excerpt":{"rendered":"<p>Com lan\u00e7amento previsto para a primeira semana de outubro, quase toda tiragem inicial est\u00e1 reservada Com lan\u00e7amento previsto para a primeira semana de outubro, o novo livro do jornalista e escritor Tiago J\u00falio Martins, &#8220;Outubro&#8221;, narra hist\u00f3ria de um casal de desconhecidos que se apaixona em meio ao clima e \u00e0s prociss\u00f5es dos dois principais [&hellip;]<\/p>\n","protected":false},"author":2,"featured_media":8234,"comment_status":"open","ping_status":"open","sticky":false,"template":"","format":"standard","meta":{"footnotes":""},"categories":[4],"tags":[4568,914,940,4569],"class_list":["post-8233","post","type-post","status-publish","format-standard","has-post-thumbnail","hentry","category-cultura","tag-cirio-de-nazare","tag-literatura","tag-para","tag-tiago-julio-martins"],"yoast_head":"<!-- This site is optimized with the Yoast SEO plugin v26.5 - https:\/\/yoast.com\/wordpress\/plugins\/seo\/ -->\n<title>Autor paraense escreve romance ambientado no C\u00edrio de Nazar\u00e9 - Jornal Fatos e Not\u00edcias<\/title>\n<meta name=\"robots\" content=\"index, follow, max-snippet:-1, max-image-preview:large, max-video-preview:-1\" \/>\n<link rel=\"canonical\" href=\"https:\/\/jornalfatosenoticias.com.br\/index.php\/2020\/08\/27\/autor-paraense-escreve-romance-ambientado-no-cirio-de-nazare\/\" \/>\n<meta property=\"og:locale\" content=\"pt_BR\" \/>\n<meta property=\"og:type\" content=\"article\" \/>\n<meta property=\"og:title\" content=\"Autor paraense escreve romance ambientado no C\u00edrio de Nazar\u00e9 - Jornal Fatos e Not\u00edcias\" \/>\n<meta property=\"og:description\" content=\"Com lan\u00e7amento previsto para a primeira semana de outubro, quase toda tiragem inicial est\u00e1 reservada Com lan\u00e7amento previsto para a primeira semana de outubro, o novo livro do jornalista e escritor Tiago J\u00falio Martins, &#8220;Outubro&#8221;, narra hist\u00f3ria de um casal de desconhecidos que se apaixona em meio ao clima e \u00e0s prociss\u00f5es dos dois principais [&hellip;]\" \/>\n<meta property=\"og:url\" content=\"https:\/\/jornalfatosenoticias.com.br\/index.php\/2020\/08\/27\/autor-paraense-escreve-romance-ambientado-no-cirio-de-nazare\/\" \/>\n<meta property=\"og:site_name\" content=\"Jornal Fatos e Not\u00edcias\" \/>\n<meta property=\"article:published_time\" content=\"2020-08-27T22:42:44+00:00\" \/>\n<meta property=\"article:modified_time\" content=\"2020-08-27T22:43:51+00:00\" \/>\n<meta property=\"og:image\" content=\"https:\/\/jornalfatosenoticias.com.br\/wp-content\/uploads\/2020\/08\/tiago-julio_autor-paraense.jpg\" \/>\n\t<meta property=\"og:image:width\" content=\"980\" \/>\n\t<meta property=\"og:image:height\" content=\"651\" \/>\n\t<meta property=\"og:image:type\" content=\"image\/jpeg\" \/>\n<meta name=\"author\" content=\"Luzimara Fernandes\" \/>\n<meta name=\"twitter:card\" content=\"summary_large_image\" \/>\n<meta name=\"twitter:label1\" content=\"Escrito por\" \/>\n\t<meta name=\"twitter:data1\" content=\"Luzimara Fernandes\" \/>\n\t<meta name=\"twitter:label2\" content=\"Est. tempo de leitura\" \/>\n\t<meta name=\"twitter:data2\" content=\"2 minutos\" \/>\n<script type=\"application\/ld+json\" class=\"yoast-schema-graph\">{\"@context\":\"https:\/\/schema.org\",\"@graph\":[{\"@type\":\"Article\",\"@id\":\"https:\/\/jornalfatosenoticias.com.br\/index.php\/2020\/08\/27\/autor-paraense-escreve-romance-ambientado-no-cirio-de-nazare\/#article\",\"isPartOf\":{\"@id\":\"https:\/\/jornalfatosenoticias.com.br\/index.php\/2020\/08\/27\/autor-paraense-escreve-romance-ambientado-no-cirio-de-nazare\/\"},\"author\":{\"name\":\"Luzimara Fernandes\",\"@id\":\"https:\/\/jornalfatosenoticias.com.br\/#\/schema\/person\/d63837fa13ac8666eb9e74e0985d6f81\"},\"headline\":\"Autor paraense escreve romance ambientado no C\u00edrio de Nazar\u00e9\",\"datePublished\":\"2020-08-27T22:42:44+00:00\",\"dateModified\":\"2020-08-27T22:43:51+00:00\",\"mainEntityOfPage\":{\"@id\":\"https:\/\/jornalfatosenoticias.com.br\/index.php\/2020\/08\/27\/autor-paraense-escreve-romance-ambientado-no-cirio-de-nazare\/\"},\"wordCount\":418,\"commentCount\":0,\"publisher\":{\"@id\":\"https:\/\/jornalfatosenoticias.com.br\/#organization\"},\"image\":{\"@id\":\"https:\/\/jornalfatosenoticias.com.br\/index.php\/2020\/08\/27\/autor-paraense-escreve-romance-ambientado-no-cirio-de-nazare\/#primaryimage\"},\"thumbnailUrl\":\"https:\/\/jornalfatosenoticias.com.br\/wp-content\/uploads\/2020\/08\/tiago-julio_autor-paraense.jpg\",\"keywords\":[\"C\u00edrio de Nazar\u00e9\",\"literatura\",\"Par\u00e1\",\"Tiago J\u00falio Martins\"],\"articleSection\":[\"Cultura\"],\"inLanguage\":\"pt-BR\",\"potentialAction\":[{\"@type\":\"CommentAction\",\"name\":\"Comment\",\"target\":[\"https:\/\/jornalfatosenoticias.com.br\/index.php\/2020\/08\/27\/autor-paraense-escreve-romance-ambientado-no-cirio-de-nazare\/#respond\"]}]},{\"@type\":\"WebPage\",\"@id\":\"https:\/\/jornalfatosenoticias.com.br\/index.php\/2020\/08\/27\/autor-paraense-escreve-romance-ambientado-no-cirio-de-nazare\/\",\"url\":\"https:\/\/jornalfatosenoticias.com.br\/index.php\/2020\/08\/27\/autor-paraense-escreve-romance-ambientado-no-cirio-de-nazare\/\",\"name\":\"Autor paraense escreve romance ambientado no C\u00edrio de Nazar\u00e9 - Jornal Fatos e Not\u00edcias\",\"isPartOf\":{\"@id\":\"https:\/\/jornalfatosenoticias.com.br\/#website\"},\"primaryImageOfPage\":{\"@id\":\"https:\/\/jornalfatosenoticias.com.br\/index.php\/2020\/08\/27\/autor-paraense-escreve-romance-ambientado-no-cirio-de-nazare\/#primaryimage\"},\"image\":{\"@id\":\"https:\/\/jornalfatosenoticias.com.br\/index.php\/2020\/08\/27\/autor-paraense-escreve-romance-ambientado-no-cirio-de-nazare\/#primaryimage\"},\"thumbnailUrl\":\"https:\/\/jornalfatosenoticias.com.br\/wp-content\/uploads\/2020\/08\/tiago-julio_autor-paraense.jpg\",\"datePublished\":\"2020-08-27T22:42:44+00:00\",\"dateModified\":\"2020-08-27T22:43:51+00:00\",\"breadcrumb\":{\"@id\":\"https:\/\/jornalfatosenoticias.com.br\/index.php\/2020\/08\/27\/autor-paraense-escreve-romance-ambientado-no-cirio-de-nazare\/#breadcrumb\"},\"inLanguage\":\"pt-BR\",\"potentialAction\":[{\"@type\":\"ReadAction\",\"target\":[\"https:\/\/jornalfatosenoticias.com.br\/index.php\/2020\/08\/27\/autor-paraense-escreve-romance-ambientado-no-cirio-de-nazare\/\"]}]},{\"@type\":\"ImageObject\",\"inLanguage\":\"pt-BR\",\"@id\":\"https:\/\/jornalfatosenoticias.com.br\/index.php\/2020\/08\/27\/autor-paraense-escreve-romance-ambientado-no-cirio-de-nazare\/#primaryimage\",\"url\":\"https:\/\/jornalfatosenoticias.com.br\/wp-content\/uploads\/2020\/08\/tiago-julio_autor-paraense.jpg\",\"contentUrl\":\"https:\/\/jornalfatosenoticias.com.br\/wp-content\/uploads\/2020\/08\/tiago-julio_autor-paraense.jpg\",\"width\":980,\"height\":651},{\"@type\":\"BreadcrumbList\",\"@id\":\"https:\/\/jornalfatosenoticias.com.br\/index.php\/2020\/08\/27\/autor-paraense-escreve-romance-ambientado-no-cirio-de-nazare\/#breadcrumb\",\"itemListElement\":[{\"@type\":\"ListItem\",\"position\":1,\"name\":\"In\u00edcio\",\"item\":\"https:\/\/jornalfatosenoticias.com.br\/\"},{\"@type\":\"ListItem\",\"position\":2,\"name\":\"Autor paraense escreve romance ambientado no C\u00edrio de Nazar\u00e9\"}]},{\"@type\":\"WebSite\",\"@id\":\"https:\/\/jornalfatosenoticias.com.br\/#website\",\"url\":\"https:\/\/jornalfatosenoticias.com.br\/\",\"name\":\"Jornal Fatos e Not\u00edcias\",\"description\":\"Not\u00edcias em geral\",\"publisher\":{\"@id\":\"https:\/\/jornalfatosenoticias.com.br\/#organization\"},\"potentialAction\":[{\"@type\":\"SearchAction\",\"target\":{\"@type\":\"EntryPoint\",\"urlTemplate\":\"https:\/\/jornalfatosenoticias.com.br\/?s={search_term_string}\"},\"query-input\":{\"@type\":\"PropertyValueSpecification\",\"valueRequired\":true,\"valueName\":\"search_term_string\"}}],\"inLanguage\":\"pt-BR\"},{\"@type\":\"Organization\",\"@id\":\"https:\/\/jornalfatosenoticias.com.br\/#organization\",\"name\":\"Jornal Fatos e Not\u00edcias\",\"url\":\"https:\/\/jornalfatosenoticias.com.br\/\",\"logo\":{\"@type\":\"ImageObject\",\"inLanguage\":\"pt-BR\",\"@id\":\"https:\/\/jornalfatosenoticias.com.br\/#\/schema\/logo\/image\/\",\"url\":\"https:\/\/jornalfatosenoticias.com.br\/wp-content\/uploads\/2020\/02\/logo120.png\",\"contentUrl\":\"https:\/\/jornalfatosenoticias.com.br\/wp-content\/uploads\/2020\/02\/logo120.png\",\"width\":1227,\"height\":120,\"caption\":\"Jornal Fatos e Not\u00edcias\"},\"image\":{\"@id\":\"https:\/\/jornalfatosenoticias.com.br\/#\/schema\/logo\/image\/\"}},{\"@type\":\"Person\",\"@id\":\"https:\/\/jornalfatosenoticias.com.br\/#\/schema\/person\/d63837fa13ac8666eb9e74e0985d6f81\",\"name\":\"Luzimara Fernandes\",\"image\":{\"@type\":\"ImageObject\",\"inLanguage\":\"pt-BR\",\"@id\":\"https:\/\/jornalfatosenoticias.com.br\/#\/schema\/person\/image\/\",\"url\":\"https:\/\/jornalfatosenoticias.com.br\/wp-content\/uploads\/2025\/05\/EU_portal.jpg\",\"contentUrl\":\"https:\/\/jornalfatosenoticias.com.br\/wp-content\/uploads\/2025\/05\/EU_portal.jpg\",\"caption\":\"Luzimara Fernandes\"},\"description\":\"Jornalista MTB 2358-ES\",\"sameAs\":[\"https:\/\/jornalfatosenoticias.com.br\"],\"url\":\"https:\/\/jornalfatosenoticias.com.br\/index.php\/author\/luzimara\/\"}]}<\/script>\n<!-- \/ Yoast SEO plugin. -->","yoast_head_json":{"title":"Autor paraense escreve romance ambientado no C\u00edrio de Nazar\u00e9 - Jornal Fatos e Not\u00edcias","robots":{"index":"index","follow":"follow","max-snippet":"max-snippet:-1","max-image-preview":"max-image-preview:large","max-video-preview":"max-video-preview:-1"},"canonical":"https:\/\/jornalfatosenoticias.com.br\/index.php\/2020\/08\/27\/autor-paraense-escreve-romance-ambientado-no-cirio-de-nazare\/","og_locale":"pt_BR","og_type":"article","og_title":"Autor paraense escreve romance ambientado no C\u00edrio de Nazar\u00e9 - Jornal Fatos e Not\u00edcias","og_description":"Com lan\u00e7amento previsto para a primeira semana de outubro, quase toda tiragem inicial est\u00e1 reservada Com lan\u00e7amento previsto para a primeira semana de outubro, o novo livro do jornalista e escritor Tiago J\u00falio Martins, &#8220;Outubro&#8221;, narra hist\u00f3ria de um casal de desconhecidos que se apaixona em meio ao clima e \u00e0s prociss\u00f5es dos dois principais [&hellip;]","og_url":"https:\/\/jornalfatosenoticias.com.br\/index.php\/2020\/08\/27\/autor-paraense-escreve-romance-ambientado-no-cirio-de-nazare\/","og_site_name":"Jornal Fatos e Not\u00edcias","article_published_time":"2020-08-27T22:42:44+00:00","article_modified_time":"2020-08-27T22:43:51+00:00","og_image":[{"width":980,"height":651,"url":"https:\/\/jornalfatosenoticias.com.br\/wp-content\/uploads\/2020\/08\/tiago-julio_autor-paraense.jpg","type":"image\/jpeg"}],"author":"Luzimara Fernandes","twitter_card":"summary_large_image","twitter_misc":{"Escrito por":"Luzimara Fernandes","Est. tempo de leitura":"2 minutos"},"schema":{"@context":"https:\/\/schema.org","@graph":[{"@type":"Article","@id":"https:\/\/jornalfatosenoticias.com.br\/index.php\/2020\/08\/27\/autor-paraense-escreve-romance-ambientado-no-cirio-de-nazare\/#article","isPartOf":{"@id":"https:\/\/jornalfatosenoticias.com.br\/index.php\/2020\/08\/27\/autor-paraense-escreve-romance-ambientado-no-cirio-de-nazare\/"},"author":{"name":"Luzimara Fernandes","@id":"https:\/\/jornalfatosenoticias.com.br\/#\/schema\/person\/d63837fa13ac8666eb9e74e0985d6f81"},"headline":"Autor paraense escreve romance ambientado no C\u00edrio de Nazar\u00e9","datePublished":"2020-08-27T22:42:44+00:00","dateModified":"2020-08-27T22:43:51+00:00","mainEntityOfPage":{"@id":"https:\/\/jornalfatosenoticias.com.br\/index.php\/2020\/08\/27\/autor-paraense-escreve-romance-ambientado-no-cirio-de-nazare\/"},"wordCount":418,"commentCount":0,"publisher":{"@id":"https:\/\/jornalfatosenoticias.com.br\/#organization"},"image":{"@id":"https:\/\/jornalfatosenoticias.com.br\/index.php\/2020\/08\/27\/autor-paraense-escreve-romance-ambientado-no-cirio-de-nazare\/#primaryimage"},"thumbnailUrl":"https:\/\/jornalfatosenoticias.com.br\/wp-content\/uploads\/2020\/08\/tiago-julio_autor-paraense.jpg","keywords":["C\u00edrio de Nazar\u00e9","literatura","Par\u00e1","Tiago J\u00falio Martins"],"articleSection":["Cultura"],"inLanguage":"pt-BR","potentialAction":[{"@type":"CommentAction","name":"Comment","target":["https:\/\/jornalfatosenoticias.com.br\/index.php\/2020\/08\/27\/autor-paraense-escreve-romance-ambientado-no-cirio-de-nazare\/#respond"]}]},{"@type":"WebPage","@id":"https:\/\/jornalfatosenoticias.com.br\/index.php\/2020\/08\/27\/autor-paraense-escreve-romance-ambientado-no-cirio-de-nazare\/","url":"https:\/\/jornalfatosenoticias.com.br\/index.php\/2020\/08\/27\/autor-paraense-escreve-romance-ambientado-no-cirio-de-nazare\/","name":"Autor paraense escreve romance ambientado no C\u00edrio de Nazar\u00e9 - Jornal Fatos e Not\u00edcias","isPartOf":{"@id":"https:\/\/jornalfatosenoticias.com.br\/#website"},"primaryImageOfPage":{"@id":"https:\/\/jornalfatosenoticias.com.br\/index.php\/2020\/08\/27\/autor-paraense-escreve-romance-ambientado-no-cirio-de-nazare\/#primaryimage"},"image":{"@id":"https:\/\/jornalfatosenoticias.com.br\/index.php\/2020\/08\/27\/autor-paraense-escreve-romance-ambientado-no-cirio-de-nazare\/#primaryimage"},"thumbnailUrl":"https:\/\/jornalfatosenoticias.com.br\/wp-content\/uploads\/2020\/08\/tiago-julio_autor-paraense.jpg","datePublished":"2020-08-27T22:42:44+00:00","dateModified":"2020-08-27T22:43:51+00:00","breadcrumb":{"@id":"https:\/\/jornalfatosenoticias.com.br\/index.php\/2020\/08\/27\/autor-paraense-escreve-romance-ambientado-no-cirio-de-nazare\/#breadcrumb"},"inLanguage":"pt-BR","potentialAction":[{"@type":"ReadAction","target":["https:\/\/jornalfatosenoticias.com.br\/index.php\/2020\/08\/27\/autor-paraense-escreve-romance-ambientado-no-cirio-de-nazare\/"]}]},{"@type":"ImageObject","inLanguage":"pt-BR","@id":"https:\/\/jornalfatosenoticias.com.br\/index.php\/2020\/08\/27\/autor-paraense-escreve-romance-ambientado-no-cirio-de-nazare\/#primaryimage","url":"https:\/\/jornalfatosenoticias.com.br\/wp-content\/uploads\/2020\/08\/tiago-julio_autor-paraense.jpg","contentUrl":"https:\/\/jornalfatosenoticias.com.br\/wp-content\/uploads\/2020\/08\/tiago-julio_autor-paraense.jpg","width":980,"height":651},{"@type":"BreadcrumbList","@id":"https:\/\/jornalfatosenoticias.com.br\/index.php\/2020\/08\/27\/autor-paraense-escreve-romance-ambientado-no-cirio-de-nazare\/#breadcrumb","itemListElement":[{"@type":"ListItem","position":1,"name":"In\u00edcio","item":"https:\/\/jornalfatosenoticias.com.br\/"},{"@type":"ListItem","position":2,"name":"Autor paraense escreve romance ambientado no C\u00edrio de Nazar\u00e9"}]},{"@type":"WebSite","@id":"https:\/\/jornalfatosenoticias.com.br\/#website","url":"https:\/\/jornalfatosenoticias.com.br\/","name":"Jornal Fatos e Not\u00edcias","description":"Not\u00edcias em geral","publisher":{"@id":"https:\/\/jornalfatosenoticias.com.br\/#organization"},"potentialAction":[{"@type":"SearchAction","target":{"@type":"EntryPoint","urlTemplate":"https:\/\/jornalfatosenoticias.com.br\/?s={search_term_string}"},"query-input":{"@type":"PropertyValueSpecification","valueRequired":true,"valueName":"search_term_string"}}],"inLanguage":"pt-BR"},{"@type":"Organization","@id":"https:\/\/jornalfatosenoticias.com.br\/#organization","name":"Jornal Fatos e Not\u00edcias","url":"https:\/\/jornalfatosenoticias.com.br\/","logo":{"@type":"ImageObject","inLanguage":"pt-BR","@id":"https:\/\/jornalfatosenoticias.com.br\/#\/schema\/logo\/image\/","url":"https:\/\/jornalfatosenoticias.com.br\/wp-content\/uploads\/2020\/02\/logo120.png","contentUrl":"https:\/\/jornalfatosenoticias.com.br\/wp-content\/uploads\/2020\/02\/logo120.png","width":1227,"height":120,"caption":"Jornal Fatos e Not\u00edcias"},"image":{"@id":"https:\/\/jornalfatosenoticias.com.br\/#\/schema\/logo\/image\/"}},{"@type":"Person","@id":"https:\/\/jornalfatosenoticias.com.br\/#\/schema\/person\/d63837fa13ac8666eb9e74e0985d6f81","name":"Luzimara Fernandes","image":{"@type":"ImageObject","inLanguage":"pt-BR","@id":"https:\/\/jornalfatosenoticias.com.br\/#\/schema\/person\/image\/","url":"https:\/\/jornalfatosenoticias.com.br\/wp-content\/uploads\/2025\/05\/EU_portal.jpg","contentUrl":"https:\/\/jornalfatosenoticias.com.br\/wp-content\/uploads\/2025\/05\/EU_portal.jpg","caption":"Luzimara Fernandes"},"description":"Jornalista MTB 2358-ES","sameAs":["https:\/\/jornalfatosenoticias.com.br"],"url":"https:\/\/jornalfatosenoticias.com.br\/index.php\/author\/luzimara\/"}]}},"cc_featured_image_caption":{"caption_text":"Tiago J\u00falio Martins (Foto: Divulga\u00e7\u00e3o) \r\n","source_text":"","source_url":""},"jetpack_featured_media_url":"https:\/\/jornalfatosenoticias.com.br\/wp-content\/uploads\/2020\/08\/tiago-julio_autor-paraense.jpg","_links":{"self":[{"href":"https:\/\/jornalfatosenoticias.com.br\/index.php\/wp-json\/wp\/v2\/posts\/8233","targetHints":{"allow":["GET"]}}],"collection":[{"href":"https:\/\/jornalfatosenoticias.com.br\/index.php\/wp-json\/wp\/v2\/posts"}],"about":[{"href":"https:\/\/jornalfatosenoticias.com.br\/index.php\/wp-json\/wp\/v2\/types\/post"}],"author":[{"embeddable":true,"href":"https:\/\/jornalfatosenoticias.com.br\/index.php\/wp-json\/wp\/v2\/users\/2"}],"replies":[{"embeddable":true,"href":"https:\/\/jornalfatosenoticias.com.br\/index.php\/wp-json\/wp\/v2\/comments?post=8233"}],"version-history":[{"count":0,"href":"https:\/\/jornalfatosenoticias.com.br\/index.php\/wp-json\/wp\/v2\/posts\/8233\/revisions"}],"wp:featuredmedia":[{"embeddable":true,"href":"https:\/\/jornalfatosenoticias.com.br\/index.php\/wp-json\/wp\/v2\/media\/8234"}],"wp:attachment":[{"href":"https:\/\/jornalfatosenoticias.com.br\/index.php\/wp-json\/wp\/v2\/media?parent=8233"}],"wp:term":[{"taxonomy":"category","embeddable":true,"href":"https:\/\/jornalfatosenoticias.com.br\/index.php\/wp-json\/wp\/v2\/categories?post=8233"},{"taxonomy":"post_tag","embeddable":true,"href":"https:\/\/jornalfatosenoticias.com.br\/index.php\/wp-json\/wp\/v2\/tags?post=8233"}],"curies":[{"name":"wp","href":"https:\/\/api.w.org\/{rel}","templated":true}]}}