{"id":8263,"date":"2020-08-28T14:59:07","date_gmt":"2020-08-28T17:59:07","guid":{"rendered":"https:\/\/jornalfatosenoticias.com.br\/?p=8263"},"modified":"2020-08-28T14:59:10","modified_gmt":"2020-08-28T17:59:10","slug":"no-final-ficam-os-cedros","status":"publish","type":"post","link":"https:\/\/jornalfatosenoticias.com.br\/index.php\/2020\/08\/28\/no-final-ficam-os-cedros\/","title":{"rendered":"No Final Ficam os Cedros"},"content":{"rendered":"\n<p>N\u00e3o \u00e9 \u00e0 toa que a literatura \u00e9 considerada uma manifesta\u00e7\u00e3o art\u00edstica das mais densas e complexas. Seus caminhos podem transportar os leitores para outros lugares e outras \u00e9pocas. Poeta teatral, nascido na Jord\u00e2nia e criado na Alemanha, Pierre Jarawan traz uma hist\u00f3ria surpreendente pela busca das origens e descobertas de na\u00e7\u00f5es que se inter-relacionam em seu primeiro romance, que j\u00e1 se tornou best-seller internacional: \u201cNo Final Ficam os Cedros\u201d (The Storyteller em seu t\u00edtulo original), lan\u00e7amento da editora Jangada, selo do Grupo Editorial Pensamento.<br>Premiado na Alemanha e na Holanda, \u201cNo Final Ficam os Cedros\u201d relata a vida de Samir e sua fam\u00edlia, libaneses chegados \u00e0 Alemanha em uma \u00e9poca em que seu pa\u00eds sofria os efeitos de guerra civil. Quando tinha oito anos, seu pai desapareceu sem deixar uma mensagem sequer. Contudo, atormentado pela culpa por guardar um importante segredo, Samir decide viajar ao L\u00edbano duas d\u00e9cadas depois em busca de pistas que possam o levar ao paradeiro de seu pai.<br>Nessa busca, Samir se depara com a realidade de um p\u00f3s-guerra que ainda faz sangrar um pa\u00eds inteiro. Atirar-se no desconhecido era sua \u00fanica op\u00e7\u00e3o em busca do paradeiro de seu her\u00f3i de inf\u00e2ncia, respons\u00e1vel por alimentar o imagin\u00e1rio do ainda garoto Samir com hist\u00f3rias do tal \u201cPa\u00eds dos Cedros\u201d. Al\u00e9m de conviver com as incertezas geradas pelo desaparecimento, ele ter\u00e1 de lutar contra a realidade imposta a si anos depois.<\/p>\n\n\n\n<figure class=\"wp-block-image size-large is-resized\"><img loading=\"lazy\" decoding=\"async\" src=\"https:\/\/jornalfatosenoticias.com.br\/wp-content\/uploads\/2020\/08\/No-Final-Ficam-os-Cedros.jpg\" alt=\"\" class=\"wp-image-8264\" width=\"448\" height=\"644\" srcset=\"https:\/\/jornalfatosenoticias.com.br\/wp-content\/uploads\/2020\/08\/No-Final-Ficam-os-Cedros.jpg 348w, https:\/\/jornalfatosenoticias.com.br\/wp-content\/uploads\/2020\/08\/No-Final-Ficam-os-Cedros-209x300.jpg 209w\" sizes=\"auto, (max-width: 448px) 100vw, 448px\" \/><figcaption><em>Capa do livro (Foto: amazon.com.br eBooks Kindle)<\/em><\/figcaption><\/figure>\n\n\n\n<p>Permeado por acontecimentos hist\u00f3ricos do pa\u00eds mediterr\u00e2neo, o livro, segundo o autor, narra a trajet\u00f3ria de uma na\u00e7\u00e3o e a crise do Oriente M\u00e9dio e ajuda a compreender as quest\u00f5es que envolvem refugiados e imigrantes que foram viver sobretudo nos EUA e na Europa.<br>\u201cObra-prima\u201d, \u201csutil e comovente\u201d e \u201cincr\u00edvel maturidade\u201d s\u00e3o alguns adjetivos usados ao redor do mundo para definir \u201cNo Final Ficam os Cedros\u201d e Pierre Jarawan.<\/p>\n\n\n\n<p><strong><em>Fonte: <a href=\"https:\/\/veja.abril.com.br\/blog\/veja-recomenda\/no-final-ficam-os-cedros-cativante-romance-de-drama-familiar-no-libano\/\">Veja<\/a><\/em><\/strong><\/p>\n","protected":false},"excerpt":{"rendered":"<p>N\u00e3o \u00e9 \u00e0 toa que a literatura \u00e9 considerada uma manifesta\u00e7\u00e3o art\u00edstica das mais densas e complexas. Seus caminhos podem transportar os leitores para outros lugares e outras \u00e9pocas. Poeta teatral, nascido na Jord\u00e2nia e criado na Alemanha, Pierre Jarawan traz uma hist\u00f3ria surpreendente pela busca das origens e descobertas de na\u00e7\u00f5es que se inter-relacionam [&hellip;]<\/p>\n","protected":false},"author":2,"featured_media":8265,"comment_status":"open","ping_status":"open","sticky":false,"template":"","format":"standard","meta":{"footnotes":""},"categories":[4],"tags":[4582,4146,914,4584,4583,3045],"class_list":["post-8263","post","type-post","status-publish","format-standard","has-post-thumbnail","hentry","category-cultura","tag-best-seller","tag-libano","tag-literatura","tag-no-final-ficam-os-cedros","tag-pierre-jarawan","tag-romance"],"yoast_head":"<!-- This site is optimized with the Yoast SEO plugin v26.5 - https:\/\/yoast.com\/wordpress\/plugins\/seo\/ -->\n<title>No Final Ficam os Cedros - Jornal Fatos e Not\u00edcias<\/title>\n<meta name=\"robots\" content=\"index, follow, max-snippet:-1, max-image-preview:large, max-video-preview:-1\" \/>\n<link rel=\"canonical\" href=\"https:\/\/jornalfatosenoticias.com.br\/index.php\/2020\/08\/28\/no-final-ficam-os-cedros\/\" \/>\n<meta property=\"og:locale\" content=\"pt_BR\" \/>\n<meta property=\"og:type\" content=\"article\" \/>\n<meta property=\"og:title\" content=\"No Final Ficam os Cedros - Jornal Fatos e Not\u00edcias\" \/>\n<meta property=\"og:description\" content=\"N\u00e3o \u00e9 \u00e0 toa que a literatura \u00e9 considerada uma manifesta\u00e7\u00e3o art\u00edstica das mais densas e complexas. Seus caminhos podem transportar os leitores para outros lugares e outras \u00e9pocas. Poeta teatral, nascido na Jord\u00e2nia e criado na Alemanha, Pierre Jarawan traz uma hist\u00f3ria surpreendente pela busca das origens e descobertas de na\u00e7\u00f5es que se inter-relacionam [&hellip;]\" \/>\n<meta property=\"og:url\" content=\"https:\/\/jornalfatosenoticias.com.br\/index.php\/2020\/08\/28\/no-final-ficam-os-cedros\/\" \/>\n<meta property=\"og:site_name\" content=\"Jornal Fatos e Not\u00edcias\" \/>\n<meta property=\"article:published_time\" content=\"2020-08-28T17:59:07+00:00\" \/>\n<meta property=\"article:modified_time\" content=\"2020-08-28T17:59:10+00:00\" \/>\n<meta property=\"og:image\" content=\"https:\/\/jornalfatosenoticias.com.br\/wp-content\/uploads\/2020\/08\/Pierre-Jarawan.jpg\" \/>\n\t<meta property=\"og:image:width\" content=\"980\" \/>\n\t<meta property=\"og:image:height\" content=\"653\" \/>\n\t<meta property=\"og:image:type\" content=\"image\/jpeg\" \/>\n<meta name=\"author\" content=\"Luzimara Fernandes\" \/>\n<meta name=\"twitter:card\" content=\"summary_large_image\" \/>\n<meta name=\"twitter:label1\" content=\"Escrito por\" \/>\n\t<meta name=\"twitter:data1\" content=\"Luzimara Fernandes\" \/>\n\t<meta name=\"twitter:label2\" content=\"Est. tempo de leitura\" \/>\n\t<meta name=\"twitter:data2\" content=\"2 minutos\" \/>\n<script type=\"application\/ld+json\" class=\"yoast-schema-graph\">{\"@context\":\"https:\/\/schema.org\",\"@graph\":[{\"@type\":\"Article\",\"@id\":\"https:\/\/jornalfatosenoticias.com.br\/index.php\/2020\/08\/28\/no-final-ficam-os-cedros\/#article\",\"isPartOf\":{\"@id\":\"https:\/\/jornalfatosenoticias.com.br\/index.php\/2020\/08\/28\/no-final-ficam-os-cedros\/\"},\"author\":{\"name\":\"Luzimara Fernandes\",\"@id\":\"https:\/\/jornalfatosenoticias.com.br\/#\/schema\/person\/d63837fa13ac8666eb9e74e0985d6f81\"},\"headline\":\"No Final Ficam os Cedros\",\"datePublished\":\"2020-08-28T17:59:07+00:00\",\"dateModified\":\"2020-08-28T17:59:10+00:00\",\"mainEntityOfPage\":{\"@id\":\"https:\/\/jornalfatosenoticias.com.br\/index.php\/2020\/08\/28\/no-final-ficam-os-cedros\/\"},\"wordCount\":346,\"commentCount\":0,\"publisher\":{\"@id\":\"https:\/\/jornalfatosenoticias.com.br\/#organization\"},\"image\":{\"@id\":\"https:\/\/jornalfatosenoticias.com.br\/index.php\/2020\/08\/28\/no-final-ficam-os-cedros\/#primaryimage\"},\"thumbnailUrl\":\"https:\/\/jornalfatosenoticias.com.br\/wp-content\/uploads\/2020\/08\/Pierre-Jarawan.jpg\",\"keywords\":[\"best-seller\",\"L\u00edbano\",\"literatura\",\"No Final Ficam os Cedros\",\"Pierre Jarawan\",\"romance\"],\"articleSection\":[\"Cultura\"],\"inLanguage\":\"pt-BR\",\"potentialAction\":[{\"@type\":\"CommentAction\",\"name\":\"Comment\",\"target\":[\"https:\/\/jornalfatosenoticias.com.br\/index.php\/2020\/08\/28\/no-final-ficam-os-cedros\/#respond\"]}]},{\"@type\":\"WebPage\",\"@id\":\"https:\/\/jornalfatosenoticias.com.br\/index.php\/2020\/08\/28\/no-final-ficam-os-cedros\/\",\"url\":\"https:\/\/jornalfatosenoticias.com.br\/index.php\/2020\/08\/28\/no-final-ficam-os-cedros\/\",\"name\":\"No Final Ficam os Cedros - Jornal Fatos e Not\u00edcias\",\"isPartOf\":{\"@id\":\"https:\/\/jornalfatosenoticias.com.br\/#website\"},\"primaryImageOfPage\":{\"@id\":\"https:\/\/jornalfatosenoticias.com.br\/index.php\/2020\/08\/28\/no-final-ficam-os-cedros\/#primaryimage\"},\"image\":{\"@id\":\"https:\/\/jornalfatosenoticias.com.br\/index.php\/2020\/08\/28\/no-final-ficam-os-cedros\/#primaryimage\"},\"thumbnailUrl\":\"https:\/\/jornalfatosenoticias.com.br\/wp-content\/uploads\/2020\/08\/Pierre-Jarawan.jpg\",\"datePublished\":\"2020-08-28T17:59:07+00:00\",\"dateModified\":\"2020-08-28T17:59:10+00:00\",\"breadcrumb\":{\"@id\":\"https:\/\/jornalfatosenoticias.com.br\/index.php\/2020\/08\/28\/no-final-ficam-os-cedros\/#breadcrumb\"},\"inLanguage\":\"pt-BR\",\"potentialAction\":[{\"@type\":\"ReadAction\",\"target\":[\"https:\/\/jornalfatosenoticias.com.br\/index.php\/2020\/08\/28\/no-final-ficam-os-cedros\/\"]}]},{\"@type\":\"ImageObject\",\"inLanguage\":\"pt-BR\",\"@id\":\"https:\/\/jornalfatosenoticias.com.br\/index.php\/2020\/08\/28\/no-final-ficam-os-cedros\/#primaryimage\",\"url\":\"https:\/\/jornalfatosenoticias.com.br\/wp-content\/uploads\/2020\/08\/Pierre-Jarawan.jpg\",\"contentUrl\":\"https:\/\/jornalfatosenoticias.com.br\/wp-content\/uploads\/2020\/08\/Pierre-Jarawan.jpg\",\"width\":980,\"height\":653},{\"@type\":\"BreadcrumbList\",\"@id\":\"https:\/\/jornalfatosenoticias.com.br\/index.php\/2020\/08\/28\/no-final-ficam-os-cedros\/#breadcrumb\",\"itemListElement\":[{\"@type\":\"ListItem\",\"position\":1,\"name\":\"In\u00edcio\",\"item\":\"https:\/\/jornalfatosenoticias.com.br\/\"},{\"@type\":\"ListItem\",\"position\":2,\"name\":\"No Final Ficam os Cedros\"}]},{\"@type\":\"WebSite\",\"@id\":\"https:\/\/jornalfatosenoticias.com.br\/#website\",\"url\":\"https:\/\/jornalfatosenoticias.com.br\/\",\"name\":\"Jornal Fatos e Not\u00edcias\",\"description\":\"Not\u00edcias em geral\",\"publisher\":{\"@id\":\"https:\/\/jornalfatosenoticias.com.br\/#organization\"},\"potentialAction\":[{\"@type\":\"SearchAction\",\"target\":{\"@type\":\"EntryPoint\",\"urlTemplate\":\"https:\/\/jornalfatosenoticias.com.br\/?s={search_term_string}\"},\"query-input\":{\"@type\":\"PropertyValueSpecification\",\"valueRequired\":true,\"valueName\":\"search_term_string\"}}],\"inLanguage\":\"pt-BR\"},{\"@type\":\"Organization\",\"@id\":\"https:\/\/jornalfatosenoticias.com.br\/#organization\",\"name\":\"Jornal Fatos e Not\u00edcias\",\"url\":\"https:\/\/jornalfatosenoticias.com.br\/\",\"logo\":{\"@type\":\"ImageObject\",\"inLanguage\":\"pt-BR\",\"@id\":\"https:\/\/jornalfatosenoticias.com.br\/#\/schema\/logo\/image\/\",\"url\":\"https:\/\/jornalfatosenoticias.com.br\/wp-content\/uploads\/2020\/02\/logo120.png\",\"contentUrl\":\"https:\/\/jornalfatosenoticias.com.br\/wp-content\/uploads\/2020\/02\/logo120.png\",\"width\":1227,\"height\":120,\"caption\":\"Jornal Fatos e Not\u00edcias\"},\"image\":{\"@id\":\"https:\/\/jornalfatosenoticias.com.br\/#\/schema\/logo\/image\/\"}},{\"@type\":\"Person\",\"@id\":\"https:\/\/jornalfatosenoticias.com.br\/#\/schema\/person\/d63837fa13ac8666eb9e74e0985d6f81\",\"name\":\"Luzimara Fernandes\",\"image\":{\"@type\":\"ImageObject\",\"inLanguage\":\"pt-BR\",\"@id\":\"https:\/\/jornalfatosenoticias.com.br\/#\/schema\/person\/image\/\",\"url\":\"https:\/\/jornalfatosenoticias.com.br\/wp-content\/uploads\/2025\/05\/EU_portal.jpg\",\"contentUrl\":\"https:\/\/jornalfatosenoticias.com.br\/wp-content\/uploads\/2025\/05\/EU_portal.jpg\",\"caption\":\"Luzimara Fernandes\"},\"description\":\"Jornalista MTB 2358-ES\",\"sameAs\":[\"https:\/\/jornalfatosenoticias.com.br\"],\"url\":\"https:\/\/jornalfatosenoticias.com.br\/index.php\/author\/luzimara\/\"}]}<\/script>\n<!-- \/ Yoast SEO plugin. -->","yoast_head_json":{"title":"No Final Ficam os Cedros - Jornal Fatos e Not\u00edcias","robots":{"index":"index","follow":"follow","max-snippet":"max-snippet:-1","max-image-preview":"max-image-preview:large","max-video-preview":"max-video-preview:-1"},"canonical":"https:\/\/jornalfatosenoticias.com.br\/index.php\/2020\/08\/28\/no-final-ficam-os-cedros\/","og_locale":"pt_BR","og_type":"article","og_title":"No Final Ficam os Cedros - Jornal Fatos e Not\u00edcias","og_description":"N\u00e3o \u00e9 \u00e0 toa que a literatura \u00e9 considerada uma manifesta\u00e7\u00e3o art\u00edstica das mais densas e complexas. Seus caminhos podem transportar os leitores para outros lugares e outras \u00e9pocas. Poeta teatral, nascido na Jord\u00e2nia e criado na Alemanha, Pierre Jarawan traz uma hist\u00f3ria surpreendente pela busca das origens e descobertas de na\u00e7\u00f5es que se inter-relacionam [&hellip;]","og_url":"https:\/\/jornalfatosenoticias.com.br\/index.php\/2020\/08\/28\/no-final-ficam-os-cedros\/","og_site_name":"Jornal Fatos e Not\u00edcias","article_published_time":"2020-08-28T17:59:07+00:00","article_modified_time":"2020-08-28T17:59:10+00:00","og_image":[{"width":980,"height":653,"url":"https:\/\/jornalfatosenoticias.com.br\/wp-content\/uploads\/2020\/08\/Pierre-Jarawan.jpg","type":"image\/jpeg"}],"author":"Luzimara Fernandes","twitter_card":"summary_large_image","twitter_misc":{"Escrito por":"Luzimara Fernandes","Est. tempo de leitura":"2 minutos"},"schema":{"@context":"https:\/\/schema.org","@graph":[{"@type":"Article","@id":"https:\/\/jornalfatosenoticias.com.br\/index.php\/2020\/08\/28\/no-final-ficam-os-cedros\/#article","isPartOf":{"@id":"https:\/\/jornalfatosenoticias.com.br\/index.php\/2020\/08\/28\/no-final-ficam-os-cedros\/"},"author":{"name":"Luzimara Fernandes","@id":"https:\/\/jornalfatosenoticias.com.br\/#\/schema\/person\/d63837fa13ac8666eb9e74e0985d6f81"},"headline":"No Final Ficam os Cedros","datePublished":"2020-08-28T17:59:07+00:00","dateModified":"2020-08-28T17:59:10+00:00","mainEntityOfPage":{"@id":"https:\/\/jornalfatosenoticias.com.br\/index.php\/2020\/08\/28\/no-final-ficam-os-cedros\/"},"wordCount":346,"commentCount":0,"publisher":{"@id":"https:\/\/jornalfatosenoticias.com.br\/#organization"},"image":{"@id":"https:\/\/jornalfatosenoticias.com.br\/index.php\/2020\/08\/28\/no-final-ficam-os-cedros\/#primaryimage"},"thumbnailUrl":"https:\/\/jornalfatosenoticias.com.br\/wp-content\/uploads\/2020\/08\/Pierre-Jarawan.jpg","keywords":["best-seller","L\u00edbano","literatura","No Final Ficam os Cedros","Pierre Jarawan","romance"],"articleSection":["Cultura"],"inLanguage":"pt-BR","potentialAction":[{"@type":"CommentAction","name":"Comment","target":["https:\/\/jornalfatosenoticias.com.br\/index.php\/2020\/08\/28\/no-final-ficam-os-cedros\/#respond"]}]},{"@type":"WebPage","@id":"https:\/\/jornalfatosenoticias.com.br\/index.php\/2020\/08\/28\/no-final-ficam-os-cedros\/","url":"https:\/\/jornalfatosenoticias.com.br\/index.php\/2020\/08\/28\/no-final-ficam-os-cedros\/","name":"No Final Ficam os Cedros - Jornal Fatos e Not\u00edcias","isPartOf":{"@id":"https:\/\/jornalfatosenoticias.com.br\/#website"},"primaryImageOfPage":{"@id":"https:\/\/jornalfatosenoticias.com.br\/index.php\/2020\/08\/28\/no-final-ficam-os-cedros\/#primaryimage"},"image":{"@id":"https:\/\/jornalfatosenoticias.com.br\/index.php\/2020\/08\/28\/no-final-ficam-os-cedros\/#primaryimage"},"thumbnailUrl":"https:\/\/jornalfatosenoticias.com.br\/wp-content\/uploads\/2020\/08\/Pierre-Jarawan.jpg","datePublished":"2020-08-28T17:59:07+00:00","dateModified":"2020-08-28T17:59:10+00:00","breadcrumb":{"@id":"https:\/\/jornalfatosenoticias.com.br\/index.php\/2020\/08\/28\/no-final-ficam-os-cedros\/#breadcrumb"},"inLanguage":"pt-BR","potentialAction":[{"@type":"ReadAction","target":["https:\/\/jornalfatosenoticias.com.br\/index.php\/2020\/08\/28\/no-final-ficam-os-cedros\/"]}]},{"@type":"ImageObject","inLanguage":"pt-BR","@id":"https:\/\/jornalfatosenoticias.com.br\/index.php\/2020\/08\/28\/no-final-ficam-os-cedros\/#primaryimage","url":"https:\/\/jornalfatosenoticias.com.br\/wp-content\/uploads\/2020\/08\/Pierre-Jarawan.jpg","contentUrl":"https:\/\/jornalfatosenoticias.com.br\/wp-content\/uploads\/2020\/08\/Pierre-Jarawan.jpg","width":980,"height":653},{"@type":"BreadcrumbList","@id":"https:\/\/jornalfatosenoticias.com.br\/index.php\/2020\/08\/28\/no-final-ficam-os-cedros\/#breadcrumb","itemListElement":[{"@type":"ListItem","position":1,"name":"In\u00edcio","item":"https:\/\/jornalfatosenoticias.com.br\/"},{"@type":"ListItem","position":2,"name":"No Final Ficam os Cedros"}]},{"@type":"WebSite","@id":"https:\/\/jornalfatosenoticias.com.br\/#website","url":"https:\/\/jornalfatosenoticias.com.br\/","name":"Jornal Fatos e Not\u00edcias","description":"Not\u00edcias em geral","publisher":{"@id":"https:\/\/jornalfatosenoticias.com.br\/#organization"},"potentialAction":[{"@type":"SearchAction","target":{"@type":"EntryPoint","urlTemplate":"https:\/\/jornalfatosenoticias.com.br\/?s={search_term_string}"},"query-input":{"@type":"PropertyValueSpecification","valueRequired":true,"valueName":"search_term_string"}}],"inLanguage":"pt-BR"},{"@type":"Organization","@id":"https:\/\/jornalfatosenoticias.com.br\/#organization","name":"Jornal Fatos e Not\u00edcias","url":"https:\/\/jornalfatosenoticias.com.br\/","logo":{"@type":"ImageObject","inLanguage":"pt-BR","@id":"https:\/\/jornalfatosenoticias.com.br\/#\/schema\/logo\/image\/","url":"https:\/\/jornalfatosenoticias.com.br\/wp-content\/uploads\/2020\/02\/logo120.png","contentUrl":"https:\/\/jornalfatosenoticias.com.br\/wp-content\/uploads\/2020\/02\/logo120.png","width":1227,"height":120,"caption":"Jornal Fatos e Not\u00edcias"},"image":{"@id":"https:\/\/jornalfatosenoticias.com.br\/#\/schema\/logo\/image\/"}},{"@type":"Person","@id":"https:\/\/jornalfatosenoticias.com.br\/#\/schema\/person\/d63837fa13ac8666eb9e74e0985d6f81","name":"Luzimara Fernandes","image":{"@type":"ImageObject","inLanguage":"pt-BR","@id":"https:\/\/jornalfatosenoticias.com.br\/#\/schema\/person\/image\/","url":"https:\/\/jornalfatosenoticias.com.br\/wp-content\/uploads\/2025\/05\/EU_portal.jpg","contentUrl":"https:\/\/jornalfatosenoticias.com.br\/wp-content\/uploads\/2025\/05\/EU_portal.jpg","caption":"Luzimara Fernandes"},"description":"Jornalista MTB 2358-ES","sameAs":["https:\/\/jornalfatosenoticias.com.br"],"url":"https:\/\/jornalfatosenoticias.com.br\/index.php\/author\/luzimara\/"}]}},"cc_featured_image_caption":{"caption_text":"Pierre Jarawan (Foto: Divulga\u00e7\u00e3o) ","source_text":"","source_url":""},"jetpack_featured_media_url":"https:\/\/jornalfatosenoticias.com.br\/wp-content\/uploads\/2020\/08\/Pierre-Jarawan.jpg","_links":{"self":[{"href":"https:\/\/jornalfatosenoticias.com.br\/index.php\/wp-json\/wp\/v2\/posts\/8263","targetHints":{"allow":["GET"]}}],"collection":[{"href":"https:\/\/jornalfatosenoticias.com.br\/index.php\/wp-json\/wp\/v2\/posts"}],"about":[{"href":"https:\/\/jornalfatosenoticias.com.br\/index.php\/wp-json\/wp\/v2\/types\/post"}],"author":[{"embeddable":true,"href":"https:\/\/jornalfatosenoticias.com.br\/index.php\/wp-json\/wp\/v2\/users\/2"}],"replies":[{"embeddable":true,"href":"https:\/\/jornalfatosenoticias.com.br\/index.php\/wp-json\/wp\/v2\/comments?post=8263"}],"version-history":[{"count":0,"href":"https:\/\/jornalfatosenoticias.com.br\/index.php\/wp-json\/wp\/v2\/posts\/8263\/revisions"}],"wp:featuredmedia":[{"embeddable":true,"href":"https:\/\/jornalfatosenoticias.com.br\/index.php\/wp-json\/wp\/v2\/media\/8265"}],"wp:attachment":[{"href":"https:\/\/jornalfatosenoticias.com.br\/index.php\/wp-json\/wp\/v2\/media?parent=8263"}],"wp:term":[{"taxonomy":"category","embeddable":true,"href":"https:\/\/jornalfatosenoticias.com.br\/index.php\/wp-json\/wp\/v2\/categories?post=8263"},{"taxonomy":"post_tag","embeddable":true,"href":"https:\/\/jornalfatosenoticias.com.br\/index.php\/wp-json\/wp\/v2\/tags?post=8263"}],"curies":[{"name":"wp","href":"https:\/\/api.w.org\/{rel}","templated":true}]}}