{"id":8292,"date":"2020-08-28T15:35:17","date_gmt":"2020-08-28T18:35:17","guid":{"rendered":"https:\/\/jornalfatosenoticias.com.br\/?p=8292"},"modified":"2020-08-28T15:35:19","modified_gmt":"2020-08-28T18:35:19","slug":"estudo-sugere-que-antas-e-queixadas-sao-responsaveis-por-fertilizacao-do-solo","status":"publish","type":"post","link":"https:\/\/jornalfatosenoticias.com.br\/index.php\/2020\/08\/28\/estudo-sugere-que-antas-e-queixadas-sao-responsaveis-por-fertilizacao-do-solo\/","title":{"rendered":"Estudo sugere que antas e queixadas s\u00e3o respons\u00e1veis por fertiliza\u00e7\u00e3o do solo"},"content":{"rendered":"\n<h6 class=\"wp-block-heading\"><em>Os dois maiores herb\u00edvoros da Am\u00e9rica do Sul podem ser ainda mais importantes do que se imaginava para a din\u00e2mica florestal \u2014 ajudando no crescimento de plantas nativas da Mata Atl\u00e2ntica<\/em><\/h6>\n\n\n\n<p>Os dois maiores herb\u00edvoros da Am\u00e9rica do Sul podem ser ainda mais importantes do que se imaginava para a din\u00e2mica florestal. Pesquisadores do Laborat\u00f3rio de Biologia da Conserva\u00e7\u00e3o (LaBic), da Universidade Estadual Paulista J\u00falio de Mesquita Filho (Unesp-Rio Claro), est\u00e3o estudando o papel das antas (Tapirus terrestris) e queixadas (Tayassu pecari) na fertiliza\u00e7\u00e3o do solo por meio da mat\u00e9ria org\u00e2nica das fezes e dispers\u00e3o de fungos presentes em ra\u00edzes.<br>O experimento, realizado no viveiro do <a rel=\"noreferrer noopener\" href=\"https:\/\/ciclovivo.com.br\/planeta\/meio-ambiente\/reserva-em-sp-fauna-ameacada-mata-atlantica\/\" target=\"_blank\">Legado das \u00c1guas<\/a> \u2014 maior reserva privada de Mata Atl\u00e2ntica do pa\u00eds, j\u00e1 demonstra resultados que podem significar a descoberta que esta \u00e9 uma outra fun\u00e7\u00e3o ecol\u00f3gica desempenhada por esses animais.<br>A pesquisa, desenvolvida pela ec\u00f3loga Let\u00edcia Bulascoschi Cagnoni, orientada pelo Professor Dr. Mauro Galetti, tamb\u00e9m da Unesp \u2014 campus Rio Claro, est\u00e1 investigando a intera\u00e7\u00e3o entre as plantas, fungos de solo e essas duas esp\u00e9cies de animais herb\u00edvoros.<br>\u201cSabe-se que cerca de 80% de plantas est\u00e3o associadas a fungos micorr\u00edzicos (que vivem nas ra\u00edzes e crescem pelo solo) para absorver melhor os nutrientes, como nitrog\u00eanio e f\u00f3sforo. Por\u00e9m, o que buscamos entender \u00e9 se de fato a anta e o queixada adicionam nutrientes ao solo e fazem a dispers\u00e3o desses fungos pelas fezes\u201d, explica a ec\u00f3loga.<br>Mas porque esses fungos s\u00e3o t\u00e3o importantes? 13 dos 16 elementos que as plantas precisam para completar o ciclo de vida est\u00e3o presentes no solo, e esses fungos micorr\u00edzicos ajudam as plantas a absorv\u00ea-los de forma mais eficiente. Em troca, as plantas fornecem carbono para o fungo continuar crescendo. Essa solidariedade escondida sob a terra, gera um solo mais rico e f\u00e9rtil e uma floresta mais saud\u00e1vel.<br>De acordo com Let\u00edcia, o estudo sugere que a dieta dos queixadas e das antas \u00e9 rica em frutos, sendo que boa parte do card\u00e1pio est\u00e1 no ch\u00e3o, e ao mexer na terra para com\u00ea-los, eles acabam ingerindo os fungos tamb\u00e9m.<br>Al\u00e9m disso, tais animais se alimentam de uma enorme variedade de folhas. Portanto, as suas fezes ofereceriam \u00e0 floresta o servi\u00e7o completo: as sementes, os fungos e a mat\u00e9ria org\u00e2nica rica em nutrientes, principalmente em nitrog\u00eanio e pot\u00e1ssio, muito consumidos pelas plantas em fase de crescimento.<br>Para comprovar que esses herb\u00edvoros desempenham esses pap\u00e9is, uma das estufas do viveiro do Legado das \u00c1guas \u00e9 utilizada como laborat\u00f3rio para testar 500 mudas de cinco esp\u00e9cies de plantas nativas da Mata Atl\u00e2ntica em diferentes condi\u00e7\u00f5es, fertilizadas com as fezes e com fertilizantes sint\u00e9ticos em dosagens iguais. As mudas s\u00e3o acompanhadas durante sete meses e, ap\u00f3s esse per\u00edodo, o desempenho delas nos diferentes cen\u00e1rios \u00e9 comparado.<br>A pesquisa, que come\u00e7ou h\u00e1 mais de um ano, j\u00e1 apresentou os primeiros resultados. \u201cAs primeiras esp\u00e9cies testadas foram Cryptocarya mandioccana, da fam\u00edlia das canelas, e a Myrcia pubipetala, da fam\u00edlia Myrtaceae, muito ingerida por aves. As plantas em solo fertilizado com as fezes de antas ou queixadas em condi\u00e7\u00f5es de sombra, tiveram desempenho consideravelmente melhor que as demais com fertilizante industrial. Esse resultado j\u00e1 demonstra que h\u00e1 alguma influ\u00eancia exercida por esses animais no ecossistema florestal\u201d, diz a ec\u00f3loga, acrescentando que os dados tamb\u00e9m podem subsidiar a cria\u00e7\u00e3o de compostos org\u00e2nicos como alternativa para nutri\u00e7\u00e3o de culturas, que atualmente, utilizam grandes quantidades de fertilizantes qu\u00edmicos que agridem o solo.<\/p>\n\n\n\n<figure class=\"wp-block-image size-large\"><img loading=\"lazy\" decoding=\"async\" width=\"1000\" height=\"666\" src=\"https:\/\/jornalfatosenoticias.com.br\/wp-content\/uploads\/2020\/08\/arvore-legado-orquidea.jpg\" alt=\"\" class=\"wp-image-8293\" srcset=\"https:\/\/jornalfatosenoticias.com.br\/wp-content\/uploads\/2020\/08\/arvore-legado-orquidea.jpg 1000w, https:\/\/jornalfatosenoticias.com.br\/wp-content\/uploads\/2020\/08\/arvore-legado-orquidea-300x200.jpg 300w, https:\/\/jornalfatosenoticias.com.br\/wp-content\/uploads\/2020\/08\/arvore-legado-orquidea-768x511.jpg 768w\" sizes=\"auto, (max-width: 1000px) 100vw, 1000px\" \/><figcaption><em>Phymathidium tiladsiodes (orqu\u00eddea) (Foto: Luciano Zandon\u00e1)<\/em><\/figcaption><\/figure>\n\n\n\n<p>Outro ponto destacado por Let\u00edcia \u00e9 o alto grau de conserva\u00e7\u00e3o da floresta do Legado das \u00c1guas, que, segundo ela, \u00e9 essencial para qualidade da pesquisa. \u201cA floresta conservada da Reserva fornece material de confian\u00e7a para testar como os ambientes naturais se comportam, e quais impactos os ambientes florestais sofrem pela aus\u00eancia das esp\u00e9cies animais\u201d, diz Let\u00edcia referindo-se ao que chama de \u201cfloresta vazia\u201d, um fen\u00f4meno causado pela defauna\u00e7\u00e3o, que \u00e9 a diminui\u00e7\u00e3o acelerada e dr\u00e1stica de esp\u00e9cies animais na floresta.<br>Let\u00edcia acrescenta que h\u00e1 uma ideia de que todo cont\u00ednuo florestal ou fragmentos s\u00e3o ambientes saud\u00e1veis, mas pode n\u00e3o ser bem assim. \u201cAinda que a ci\u00eancia esteja caminhando para entender os efeitos da perda de fauna, a presen\u00e7a dos animais \u00e9 sem d\u00favida indispens\u00e1vel para o equil\u00edbrio florestal. Entre os nossos objetivos com essa pesquisa \u00e9 entender qu\u00e3o significativa \u00e9 a contribui\u00e7\u00e3o das antas e queixadas, visto que s\u00e3o respons\u00e1veis pela dispers\u00e3o de 25% das esp\u00e9cies arb\u00f3reas da Mata Atl\u00e2ntica. Por outro lado, junto com primatas, est\u00e3o entre as esp\u00e9cies mais amea\u00e7adas quando uma floresta est\u00e1 em perigo, seja por ca\u00e7a ou desmatamento. Por isso, o Legado das \u00c1guas \u00e9 uma \u00e1rea que pode apontar para descobertas bastante interessantes devido a quantidade expressiva de floresta prim\u00e1ria conservada e com grandes popula\u00e7\u00f5es animais\u201d, diz.<br>O experimento, realizado no Legado das \u00c1guas, integra um conjunto de pesquisas financiadas pela Fapesp (Funda\u00e7\u00e3o de Amparo \u00e0 Pesquisa de o Estado de S\u00e3o Paulo) que busca entender os efeitos da defauna\u00e7\u00e3o, principalmente de grandes herb\u00edvoros, nos ecossistemas tropicais, lideradas pelos pesquisadores Mauro Galetti, Claudia Paz, Nacho Villar e Let\u00edcia Bulascoschi Cagnoni.<br>Com essa pesquisa, o Legado das \u00c1guas j\u00e1 contabiliza mais dez estudos que recebeu em seu territ\u00f3rio, entre levantamento e monitoramento de fauna e flora, mapeamento gen\u00e9tico e outros, realizados por meio de investimento pr\u00f3prio e parcerias.<br>\u201cO Legado tem o compromisso de sempre receber institui\u00e7\u00f5es de pesquisas e, com isso, gerar conhecimento sobre a Mata Atl\u00e2ntica, um dos biomas mais biodiversos do planeta. Temos colhidos bons frutos e acreditamos no potencial de cada pesquisa para a conserva\u00e7\u00e3o e a gera\u00e7\u00e3o de neg\u00f3cios da nova economia\u201d, comenta David Canassa, diretor da Reservas Votorantim, que faz a gest\u00e3o do Legado das \u00c1guas.<\/p>\n\n\n\n<p><strong><em>Fonte: <a href=\"https:\/\/ciclovivo.com.br\/planeta\/meio-ambiente\/antas-e-queixadas-responsaveis-fertilizar-solo\/#:~:text=Estudo%20sugere%20que%20antas%20e%20queixadas%20s%C3%A3o%20respons%C3%A1veis%20por%20fertiliza%C3%A7%C3%A3o%20do%20solo&amp;text=%E2%80%9CSabe%2Dse%20que%20cerca%20de,nutrientes%2C%20como%20nitrog%C3%AAnio%20e%20f%C3%B3sforo.\">CicloVivo<\/a><\/em><\/strong><\/p>\n","protected":false},"excerpt":{"rendered":"<p>Os dois maiores herb\u00edvoros da Am\u00e9rica do Sul podem ser ainda mais importantes do que se imaginava para a din\u00e2mica florestal \u2014 ajudando no crescimento de plantas nativas da Mata Atl\u00e2ntica Os dois maiores herb\u00edvoros da Am\u00e9rica do Sul podem ser ainda mais importantes do que se imaginava para a din\u00e2mica florestal. Pesquisadores do Laborat\u00f3rio [&hellip;]<\/p>\n","protected":false},"author":2,"featured_media":8294,"comment_status":"open","ping_status":"open","sticky":false,"template":"","format":"standard","meta":{"footnotes":""},"categories":[8],"tags":[4598,4600,784,4599,4601],"class_list":["post-8292","post","type-post","status-publish","format-standard","has-post-thumbnail","hentry","category-meio-ambiente","tag-antas","tag-fertilizacao","tag-plantas","tag-queixadas","tag-solo"],"yoast_head":"<!-- This site is optimized with the Yoast SEO plugin v26.5 - https:\/\/yoast.com\/wordpress\/plugins\/seo\/ -->\n<title>Estudo sugere que antas e queixadas s\u00e3o respons\u00e1veis por fertiliza\u00e7\u00e3o do solo - Jornal Fatos e Not\u00edcias<\/title>\n<meta name=\"robots\" content=\"index, follow, max-snippet:-1, max-image-preview:large, max-video-preview:-1\" \/>\n<link rel=\"canonical\" href=\"https:\/\/jornalfatosenoticias.com.br\/index.php\/2020\/08\/28\/estudo-sugere-que-antas-e-queixadas-sao-responsaveis-por-fertilizacao-do-solo\/\" \/>\n<meta property=\"og:locale\" content=\"pt_BR\" \/>\n<meta property=\"og:type\" content=\"article\" \/>\n<meta property=\"og:title\" content=\"Estudo sugere que antas e queixadas s\u00e3o respons\u00e1veis por fertiliza\u00e7\u00e3o do solo - Jornal Fatos e Not\u00edcias\" \/>\n<meta property=\"og:description\" content=\"Os dois maiores herb\u00edvoros da Am\u00e9rica do Sul podem ser ainda mais importantes do que se imaginava para a din\u00e2mica florestal \u2014 ajudando no crescimento de plantas nativas da Mata Atl\u00e2ntica Os dois maiores herb\u00edvoros da Am\u00e9rica do Sul podem ser ainda mais importantes do que se imaginava para a din\u00e2mica florestal. Pesquisadores do Laborat\u00f3rio [&hellip;]\" \/>\n<meta property=\"og:url\" content=\"https:\/\/jornalfatosenoticias.com.br\/index.php\/2020\/08\/28\/estudo-sugere-que-antas-e-queixadas-sao-responsaveis-por-fertilizacao-do-solo\/\" \/>\n<meta property=\"og:site_name\" content=\"Jornal Fatos e Not\u00edcias\" \/>\n<meta property=\"article:published_time\" content=\"2020-08-28T18:35:17+00:00\" \/>\n<meta property=\"article:modified_time\" content=\"2020-08-28T18:35:19+00:00\" \/>\n<meta property=\"og:image\" content=\"https:\/\/jornalfatosenoticias.com.br\/wp-content\/uploads\/2020\/08\/anta_iStock.jpg\" \/>\n\t<meta property=\"og:image:width\" content=\"1000\" \/>\n\t<meta property=\"og:image:height\" content=\"666\" \/>\n\t<meta property=\"og:image:type\" content=\"image\/jpeg\" \/>\n<meta name=\"author\" content=\"Luzimara Fernandes\" \/>\n<meta name=\"twitter:card\" content=\"summary_large_image\" \/>\n<meta name=\"twitter:label1\" content=\"Escrito por\" \/>\n\t<meta name=\"twitter:data1\" content=\"Luzimara Fernandes\" \/>\n\t<meta name=\"twitter:label2\" content=\"Est. tempo de leitura\" \/>\n\t<meta name=\"twitter:data2\" content=\"5 minutos\" \/>\n<script type=\"application\/ld+json\" class=\"yoast-schema-graph\">{\"@context\":\"https:\/\/schema.org\",\"@graph\":[{\"@type\":\"Article\",\"@id\":\"https:\/\/jornalfatosenoticias.com.br\/index.php\/2020\/08\/28\/estudo-sugere-que-antas-e-queixadas-sao-responsaveis-por-fertilizacao-do-solo\/#article\",\"isPartOf\":{\"@id\":\"https:\/\/jornalfatosenoticias.com.br\/index.php\/2020\/08\/28\/estudo-sugere-que-antas-e-queixadas-sao-responsaveis-por-fertilizacao-do-solo\/\"},\"author\":{\"name\":\"Luzimara Fernandes\",\"@id\":\"https:\/\/jornalfatosenoticias.com.br\/#\/schema\/person\/d63837fa13ac8666eb9e74e0985d6f81\"},\"headline\":\"Estudo sugere que antas e queixadas s\u00e3o respons\u00e1veis por fertiliza\u00e7\u00e3o do solo\",\"datePublished\":\"2020-08-28T18:35:17+00:00\",\"dateModified\":\"2020-08-28T18:35:19+00:00\",\"mainEntityOfPage\":{\"@id\":\"https:\/\/jornalfatosenoticias.com.br\/index.php\/2020\/08\/28\/estudo-sugere-que-antas-e-queixadas-sao-responsaveis-por-fertilizacao-do-solo\/\"},\"wordCount\":1058,\"commentCount\":0,\"publisher\":{\"@id\":\"https:\/\/jornalfatosenoticias.com.br\/#organization\"},\"image\":{\"@id\":\"https:\/\/jornalfatosenoticias.com.br\/index.php\/2020\/08\/28\/estudo-sugere-que-antas-e-queixadas-sao-responsaveis-por-fertilizacao-do-solo\/#primaryimage\"},\"thumbnailUrl\":\"https:\/\/jornalfatosenoticias.com.br\/wp-content\/uploads\/2020\/08\/anta_iStock.jpg\",\"keywords\":[\"antas\",\"fertiliza\u00e7\u00e3o\",\"plantas\",\"queixadas\",\"solo\"],\"articleSection\":[\"Meio ambiente\"],\"inLanguage\":\"pt-BR\",\"potentialAction\":[{\"@type\":\"CommentAction\",\"name\":\"Comment\",\"target\":[\"https:\/\/jornalfatosenoticias.com.br\/index.php\/2020\/08\/28\/estudo-sugere-que-antas-e-queixadas-sao-responsaveis-por-fertilizacao-do-solo\/#respond\"]}]},{\"@type\":\"WebPage\",\"@id\":\"https:\/\/jornalfatosenoticias.com.br\/index.php\/2020\/08\/28\/estudo-sugere-que-antas-e-queixadas-sao-responsaveis-por-fertilizacao-do-solo\/\",\"url\":\"https:\/\/jornalfatosenoticias.com.br\/index.php\/2020\/08\/28\/estudo-sugere-que-antas-e-queixadas-sao-responsaveis-por-fertilizacao-do-solo\/\",\"name\":\"Estudo sugere que antas e queixadas s\u00e3o respons\u00e1veis por fertiliza\u00e7\u00e3o do solo - Jornal Fatos e Not\u00edcias\",\"isPartOf\":{\"@id\":\"https:\/\/jornalfatosenoticias.com.br\/#website\"},\"primaryImageOfPage\":{\"@id\":\"https:\/\/jornalfatosenoticias.com.br\/index.php\/2020\/08\/28\/estudo-sugere-que-antas-e-queixadas-sao-responsaveis-por-fertilizacao-do-solo\/#primaryimage\"},\"image\":{\"@id\":\"https:\/\/jornalfatosenoticias.com.br\/index.php\/2020\/08\/28\/estudo-sugere-que-antas-e-queixadas-sao-responsaveis-por-fertilizacao-do-solo\/#primaryimage\"},\"thumbnailUrl\":\"https:\/\/jornalfatosenoticias.com.br\/wp-content\/uploads\/2020\/08\/anta_iStock.jpg\",\"datePublished\":\"2020-08-28T18:35:17+00:00\",\"dateModified\":\"2020-08-28T18:35:19+00:00\",\"breadcrumb\":{\"@id\":\"https:\/\/jornalfatosenoticias.com.br\/index.php\/2020\/08\/28\/estudo-sugere-que-antas-e-queixadas-sao-responsaveis-por-fertilizacao-do-solo\/#breadcrumb\"},\"inLanguage\":\"pt-BR\",\"potentialAction\":[{\"@type\":\"ReadAction\",\"target\":[\"https:\/\/jornalfatosenoticias.com.br\/index.php\/2020\/08\/28\/estudo-sugere-que-antas-e-queixadas-sao-responsaveis-por-fertilizacao-do-solo\/\"]}]},{\"@type\":\"ImageObject\",\"inLanguage\":\"pt-BR\",\"@id\":\"https:\/\/jornalfatosenoticias.com.br\/index.php\/2020\/08\/28\/estudo-sugere-que-antas-e-queixadas-sao-responsaveis-por-fertilizacao-do-solo\/#primaryimage\",\"url\":\"https:\/\/jornalfatosenoticias.com.br\/wp-content\/uploads\/2020\/08\/anta_iStock.jpg\",\"contentUrl\":\"https:\/\/jornalfatosenoticias.com.br\/wp-content\/uploads\/2020\/08\/anta_iStock.jpg\",\"width\":1000,\"height\":666},{\"@type\":\"BreadcrumbList\",\"@id\":\"https:\/\/jornalfatosenoticias.com.br\/index.php\/2020\/08\/28\/estudo-sugere-que-antas-e-queixadas-sao-responsaveis-por-fertilizacao-do-solo\/#breadcrumb\",\"itemListElement\":[{\"@type\":\"ListItem\",\"position\":1,\"name\":\"In\u00edcio\",\"item\":\"https:\/\/jornalfatosenoticias.com.br\/\"},{\"@type\":\"ListItem\",\"position\":2,\"name\":\"Estudo sugere que antas e queixadas s\u00e3o respons\u00e1veis por fertiliza\u00e7\u00e3o do solo\"}]},{\"@type\":\"WebSite\",\"@id\":\"https:\/\/jornalfatosenoticias.com.br\/#website\",\"url\":\"https:\/\/jornalfatosenoticias.com.br\/\",\"name\":\"Jornal Fatos e Not\u00edcias\",\"description\":\"Not\u00edcias em geral\",\"publisher\":{\"@id\":\"https:\/\/jornalfatosenoticias.com.br\/#organization\"},\"potentialAction\":[{\"@type\":\"SearchAction\",\"target\":{\"@type\":\"EntryPoint\",\"urlTemplate\":\"https:\/\/jornalfatosenoticias.com.br\/?s={search_term_string}\"},\"query-input\":{\"@type\":\"PropertyValueSpecification\",\"valueRequired\":true,\"valueName\":\"search_term_string\"}}],\"inLanguage\":\"pt-BR\"},{\"@type\":\"Organization\",\"@id\":\"https:\/\/jornalfatosenoticias.com.br\/#organization\",\"name\":\"Jornal Fatos e Not\u00edcias\",\"url\":\"https:\/\/jornalfatosenoticias.com.br\/\",\"logo\":{\"@type\":\"ImageObject\",\"inLanguage\":\"pt-BR\",\"@id\":\"https:\/\/jornalfatosenoticias.com.br\/#\/schema\/logo\/image\/\",\"url\":\"https:\/\/jornalfatosenoticias.com.br\/wp-content\/uploads\/2020\/02\/logo120.png\",\"contentUrl\":\"https:\/\/jornalfatosenoticias.com.br\/wp-content\/uploads\/2020\/02\/logo120.png\",\"width\":1227,\"height\":120,\"caption\":\"Jornal Fatos e Not\u00edcias\"},\"image\":{\"@id\":\"https:\/\/jornalfatosenoticias.com.br\/#\/schema\/logo\/image\/\"}},{\"@type\":\"Person\",\"@id\":\"https:\/\/jornalfatosenoticias.com.br\/#\/schema\/person\/d63837fa13ac8666eb9e74e0985d6f81\",\"name\":\"Luzimara Fernandes\",\"image\":{\"@type\":\"ImageObject\",\"inLanguage\":\"pt-BR\",\"@id\":\"https:\/\/jornalfatosenoticias.com.br\/#\/schema\/person\/image\/\",\"url\":\"https:\/\/jornalfatosenoticias.com.br\/wp-content\/uploads\/2025\/05\/EU_portal.jpg\",\"contentUrl\":\"https:\/\/jornalfatosenoticias.com.br\/wp-content\/uploads\/2025\/05\/EU_portal.jpg\",\"caption\":\"Luzimara Fernandes\"},\"description\":\"Jornalista MTB 2358-ES\",\"sameAs\":[\"https:\/\/jornalfatosenoticias.com.br\"],\"url\":\"https:\/\/jornalfatosenoticias.com.br\/index.php\/author\/luzimara\/\"}]}<\/script>\n<!-- \/ Yoast SEO plugin. -->","yoast_head_json":{"title":"Estudo sugere que antas e queixadas s\u00e3o respons\u00e1veis por fertiliza\u00e7\u00e3o do solo - Jornal Fatos e Not\u00edcias","robots":{"index":"index","follow":"follow","max-snippet":"max-snippet:-1","max-image-preview":"max-image-preview:large","max-video-preview":"max-video-preview:-1"},"canonical":"https:\/\/jornalfatosenoticias.com.br\/index.php\/2020\/08\/28\/estudo-sugere-que-antas-e-queixadas-sao-responsaveis-por-fertilizacao-do-solo\/","og_locale":"pt_BR","og_type":"article","og_title":"Estudo sugere que antas e queixadas s\u00e3o respons\u00e1veis por fertiliza\u00e7\u00e3o do solo - Jornal Fatos e Not\u00edcias","og_description":"Os dois maiores herb\u00edvoros da Am\u00e9rica do Sul podem ser ainda mais importantes do que se imaginava para a din\u00e2mica florestal \u2014 ajudando no crescimento de plantas nativas da Mata Atl\u00e2ntica Os dois maiores herb\u00edvoros da Am\u00e9rica do Sul podem ser ainda mais importantes do que se imaginava para a din\u00e2mica florestal. Pesquisadores do Laborat\u00f3rio [&hellip;]","og_url":"https:\/\/jornalfatosenoticias.com.br\/index.php\/2020\/08\/28\/estudo-sugere-que-antas-e-queixadas-sao-responsaveis-por-fertilizacao-do-solo\/","og_site_name":"Jornal Fatos e Not\u00edcias","article_published_time":"2020-08-28T18:35:17+00:00","article_modified_time":"2020-08-28T18:35:19+00:00","og_image":[{"width":1000,"height":666,"url":"https:\/\/jornalfatosenoticias.com.br\/wp-content\/uploads\/2020\/08\/anta_iStock.jpg","type":"image\/jpeg"}],"author":"Luzimara Fernandes","twitter_card":"summary_large_image","twitter_misc":{"Escrito por":"Luzimara Fernandes","Est. tempo de leitura":"5 minutos"},"schema":{"@context":"https:\/\/schema.org","@graph":[{"@type":"Article","@id":"https:\/\/jornalfatosenoticias.com.br\/index.php\/2020\/08\/28\/estudo-sugere-que-antas-e-queixadas-sao-responsaveis-por-fertilizacao-do-solo\/#article","isPartOf":{"@id":"https:\/\/jornalfatosenoticias.com.br\/index.php\/2020\/08\/28\/estudo-sugere-que-antas-e-queixadas-sao-responsaveis-por-fertilizacao-do-solo\/"},"author":{"name":"Luzimara Fernandes","@id":"https:\/\/jornalfatosenoticias.com.br\/#\/schema\/person\/d63837fa13ac8666eb9e74e0985d6f81"},"headline":"Estudo sugere que antas e queixadas s\u00e3o respons\u00e1veis por fertiliza\u00e7\u00e3o do solo","datePublished":"2020-08-28T18:35:17+00:00","dateModified":"2020-08-28T18:35:19+00:00","mainEntityOfPage":{"@id":"https:\/\/jornalfatosenoticias.com.br\/index.php\/2020\/08\/28\/estudo-sugere-que-antas-e-queixadas-sao-responsaveis-por-fertilizacao-do-solo\/"},"wordCount":1058,"commentCount":0,"publisher":{"@id":"https:\/\/jornalfatosenoticias.com.br\/#organization"},"image":{"@id":"https:\/\/jornalfatosenoticias.com.br\/index.php\/2020\/08\/28\/estudo-sugere-que-antas-e-queixadas-sao-responsaveis-por-fertilizacao-do-solo\/#primaryimage"},"thumbnailUrl":"https:\/\/jornalfatosenoticias.com.br\/wp-content\/uploads\/2020\/08\/anta_iStock.jpg","keywords":["antas","fertiliza\u00e7\u00e3o","plantas","queixadas","solo"],"articleSection":["Meio ambiente"],"inLanguage":"pt-BR","potentialAction":[{"@type":"CommentAction","name":"Comment","target":["https:\/\/jornalfatosenoticias.com.br\/index.php\/2020\/08\/28\/estudo-sugere-que-antas-e-queixadas-sao-responsaveis-por-fertilizacao-do-solo\/#respond"]}]},{"@type":"WebPage","@id":"https:\/\/jornalfatosenoticias.com.br\/index.php\/2020\/08\/28\/estudo-sugere-que-antas-e-queixadas-sao-responsaveis-por-fertilizacao-do-solo\/","url":"https:\/\/jornalfatosenoticias.com.br\/index.php\/2020\/08\/28\/estudo-sugere-que-antas-e-queixadas-sao-responsaveis-por-fertilizacao-do-solo\/","name":"Estudo sugere que antas e queixadas s\u00e3o respons\u00e1veis por fertiliza\u00e7\u00e3o do solo - Jornal Fatos e Not\u00edcias","isPartOf":{"@id":"https:\/\/jornalfatosenoticias.com.br\/#website"},"primaryImageOfPage":{"@id":"https:\/\/jornalfatosenoticias.com.br\/index.php\/2020\/08\/28\/estudo-sugere-que-antas-e-queixadas-sao-responsaveis-por-fertilizacao-do-solo\/#primaryimage"},"image":{"@id":"https:\/\/jornalfatosenoticias.com.br\/index.php\/2020\/08\/28\/estudo-sugere-que-antas-e-queixadas-sao-responsaveis-por-fertilizacao-do-solo\/#primaryimage"},"thumbnailUrl":"https:\/\/jornalfatosenoticias.com.br\/wp-content\/uploads\/2020\/08\/anta_iStock.jpg","datePublished":"2020-08-28T18:35:17+00:00","dateModified":"2020-08-28T18:35:19+00:00","breadcrumb":{"@id":"https:\/\/jornalfatosenoticias.com.br\/index.php\/2020\/08\/28\/estudo-sugere-que-antas-e-queixadas-sao-responsaveis-por-fertilizacao-do-solo\/#breadcrumb"},"inLanguage":"pt-BR","potentialAction":[{"@type":"ReadAction","target":["https:\/\/jornalfatosenoticias.com.br\/index.php\/2020\/08\/28\/estudo-sugere-que-antas-e-queixadas-sao-responsaveis-por-fertilizacao-do-solo\/"]}]},{"@type":"ImageObject","inLanguage":"pt-BR","@id":"https:\/\/jornalfatosenoticias.com.br\/index.php\/2020\/08\/28\/estudo-sugere-que-antas-e-queixadas-sao-responsaveis-por-fertilizacao-do-solo\/#primaryimage","url":"https:\/\/jornalfatosenoticias.com.br\/wp-content\/uploads\/2020\/08\/anta_iStock.jpg","contentUrl":"https:\/\/jornalfatosenoticias.com.br\/wp-content\/uploads\/2020\/08\/anta_iStock.jpg","width":1000,"height":666},{"@type":"BreadcrumbList","@id":"https:\/\/jornalfatosenoticias.com.br\/index.php\/2020\/08\/28\/estudo-sugere-que-antas-e-queixadas-sao-responsaveis-por-fertilizacao-do-solo\/#breadcrumb","itemListElement":[{"@type":"ListItem","position":1,"name":"In\u00edcio","item":"https:\/\/jornalfatosenoticias.com.br\/"},{"@type":"ListItem","position":2,"name":"Estudo sugere que antas e queixadas s\u00e3o respons\u00e1veis por fertiliza\u00e7\u00e3o do solo"}]},{"@type":"WebSite","@id":"https:\/\/jornalfatosenoticias.com.br\/#website","url":"https:\/\/jornalfatosenoticias.com.br\/","name":"Jornal Fatos e Not\u00edcias","description":"Not\u00edcias em geral","publisher":{"@id":"https:\/\/jornalfatosenoticias.com.br\/#organization"},"potentialAction":[{"@type":"SearchAction","target":{"@type":"EntryPoint","urlTemplate":"https:\/\/jornalfatosenoticias.com.br\/?s={search_term_string}"},"query-input":{"@type":"PropertyValueSpecification","valueRequired":true,"valueName":"search_term_string"}}],"inLanguage":"pt-BR"},{"@type":"Organization","@id":"https:\/\/jornalfatosenoticias.com.br\/#organization","name":"Jornal Fatos e Not\u00edcias","url":"https:\/\/jornalfatosenoticias.com.br\/","logo":{"@type":"ImageObject","inLanguage":"pt-BR","@id":"https:\/\/jornalfatosenoticias.com.br\/#\/schema\/logo\/image\/","url":"https:\/\/jornalfatosenoticias.com.br\/wp-content\/uploads\/2020\/02\/logo120.png","contentUrl":"https:\/\/jornalfatosenoticias.com.br\/wp-content\/uploads\/2020\/02\/logo120.png","width":1227,"height":120,"caption":"Jornal Fatos e Not\u00edcias"},"image":{"@id":"https:\/\/jornalfatosenoticias.com.br\/#\/schema\/logo\/image\/"}},{"@type":"Person","@id":"https:\/\/jornalfatosenoticias.com.br\/#\/schema\/person\/d63837fa13ac8666eb9e74e0985d6f81","name":"Luzimara Fernandes","image":{"@type":"ImageObject","inLanguage":"pt-BR","@id":"https:\/\/jornalfatosenoticias.com.br\/#\/schema\/person\/image\/","url":"https:\/\/jornalfatosenoticias.com.br\/wp-content\/uploads\/2025\/05\/EU_portal.jpg","contentUrl":"https:\/\/jornalfatosenoticias.com.br\/wp-content\/uploads\/2025\/05\/EU_portal.jpg","caption":"Luzimara Fernandes"},"description":"Jornalista MTB 2358-ES","sameAs":["https:\/\/jornalfatosenoticias.com.br"],"url":"https:\/\/jornalfatosenoticias.com.br\/index.php\/author\/luzimara\/"}]}},"cc_featured_image_caption":{"caption_text":"\r\n(Foto: iStock) \r\n","source_text":"","source_url":""},"jetpack_featured_media_url":"https:\/\/jornalfatosenoticias.com.br\/wp-content\/uploads\/2020\/08\/anta_iStock.jpg","_links":{"self":[{"href":"https:\/\/jornalfatosenoticias.com.br\/index.php\/wp-json\/wp\/v2\/posts\/8292","targetHints":{"allow":["GET"]}}],"collection":[{"href":"https:\/\/jornalfatosenoticias.com.br\/index.php\/wp-json\/wp\/v2\/posts"}],"about":[{"href":"https:\/\/jornalfatosenoticias.com.br\/index.php\/wp-json\/wp\/v2\/types\/post"}],"author":[{"embeddable":true,"href":"https:\/\/jornalfatosenoticias.com.br\/index.php\/wp-json\/wp\/v2\/users\/2"}],"replies":[{"embeddable":true,"href":"https:\/\/jornalfatosenoticias.com.br\/index.php\/wp-json\/wp\/v2\/comments?post=8292"}],"version-history":[{"count":0,"href":"https:\/\/jornalfatosenoticias.com.br\/index.php\/wp-json\/wp\/v2\/posts\/8292\/revisions"}],"wp:featuredmedia":[{"embeddable":true,"href":"https:\/\/jornalfatosenoticias.com.br\/index.php\/wp-json\/wp\/v2\/media\/8294"}],"wp:attachment":[{"href":"https:\/\/jornalfatosenoticias.com.br\/index.php\/wp-json\/wp\/v2\/media?parent=8292"}],"wp:term":[{"taxonomy":"category","embeddable":true,"href":"https:\/\/jornalfatosenoticias.com.br\/index.php\/wp-json\/wp\/v2\/categories?post=8292"},{"taxonomy":"post_tag","embeddable":true,"href":"https:\/\/jornalfatosenoticias.com.br\/index.php\/wp-json\/wp\/v2\/tags?post=8292"}],"curies":[{"name":"wp","href":"https:\/\/api.w.org\/{rel}","templated":true}]}}