{"id":8376,"date":"2020-09-02T08:42:18","date_gmt":"2020-09-02T11:42:18","guid":{"rendered":"https:\/\/jornalfatosenoticias.com.br\/?p=8376"},"modified":"2020-09-02T08:42:22","modified_gmt":"2020-09-02T11:42:22","slug":"a-cultura-do-estupro-de-crianca-e-a-pedofilia-intrafamiliar-acobertada-final","status":"publish","type":"post","link":"https:\/\/jornalfatosenoticias.com.br\/index.php\/2020\/09\/02\/a-cultura-do-estupro-de-crianca-e-a-pedofilia-intrafamiliar-acobertada-final\/","title":{"rendered":"A Cultura do Estupro de Crian\u00e7a e a Pedofilia Intrafamiliar Acobertada \u2014 Final"},"content":{"rendered":"\n<h6 class=\"wp-block-heading\"><em>Meninos e meninas s\u00e3o abandonados por profissionais que tomam conhecimento, mas preferem se calar<\/em><\/h6>\n\n\n\n<p>Como hav\u00edamos comentado, a como\u00e7\u00e3o em torno da menina gr\u00e1vida aos 10 anos, resultado de abusos sexuais intrafamiliares desde os seis anos, j\u00e1 se dissipou. Isto \u00e9 bom quando d\u00e1 lugar \u00e0 atitude respons\u00e1vel. Mas o que apareceu foi uma Portaria do Minist\u00e9rio da Sa\u00fade, que, prontamente, incrementou a press\u00e3o sobre as meninas gr\u00e1vidas, inclusive \u201coferecendo\u201d a imagem ultrassonogr\u00e1fica para plantar a culpa da m\u00e3e\/menina. Qual seria a raz\u00e3o de mostrar a imagem do embri\u00e3o\/feto para uma menina? N\u00e3o podemos deixar de pensar que a inten\u00e7\u00e3o \u00e9 assombrar a crian\u00e7a, vivendo a dor do estupro continuado e perpetrado, na grande maioria das vezes, por algu\u00e9m que ela ama e obedece, que quebrou a interdi\u00e7\u00e3o ao incesto. A interdi\u00e7\u00e3o ao incesto, n\u00e3o podemos esquecer, \u00e9 o marco civilizat\u00f3rio da humanidade.<br>O tempo midi\u00e1tico passou. At\u00e9 mesmo a querela religiosa perdeu as cores aberrantes e berrantes. Mas n\u00e3o foi e estupro continuado que mexeu com a sociedade. N\u00e3o foi a desprote\u00e7\u00e3o de uma crian\u00e7a emblem\u00e1tica, pelo Estado, pelas Institui\u00e7\u00f5es P\u00fablicas e Civis, pela sociedade toda. O que estar\u00e1 acontecendo agora com aquela menina? Sem poder voltar para sua casa bem prec\u00e1ria, mas onde estavam seus poucos objetos pessoais. Sem cheiros, os ru\u00eddos, o claro e o escuro, ambiente que estava acostumada. N\u00e3o era bom, do\u00eda, mas era conhecido. Mas nossa transgress\u00e3o arraigada, n\u00e3o permitiu nem mesmo a exist\u00eancia social desta menina. A gan\u00e2ncia pela sensa\u00e7\u00e3o ilus\u00f3ria de vencer uma guerra, tirou desta menina a identidade dela porque ela n\u00e3o queria continuar arriscando a pr\u00f3pria vida por uma viol\u00eancia que n\u00e3o iria nunca descolar do resultado de estupros continuados por anos. Perdeu o nome. Talvez o seu \u00fanico bem dur\u00e1vel, j\u00e1 que o corpo j\u00e1 lhe tinha sido roubado e deformado pela viol\u00eancia.<br>Sobrevivente de uma tatuagem impressa em sua alma, esta crian\u00e7a, representante de milhares de outras crian\u00e7as, vive uma solid\u00e3o de grande dimens\u00e3o. Tem 10 anos, mas envelheceu. Sua mem\u00f3ria transborda de lembran\u00e7as que quer esquecer. Perdeu o processo de confiar no outro. Perdeu o processo de se sensibilizar e se colocar no lugar do outro. Perdeu a conex\u00e3o com seu corpo que ter\u00e1 que carregar para sempre como sujo, vergonhoso, testemunha permanente do horror que viveu no lugar da inf\u00e2ncia.<br>Mas, j\u00e1 a esquecemos. E, nada fizemos, efetivamente. A fila andou. Uma nova menina, 11 anos, est\u00e1 com oito semanas de gravidez. Foram 84 meninas entre 10 a 14 anos que deram \u00e0 luz em um trimestre. Este n\u00famero se refere apenas \u00e0s crian\u00e7as que chegaram ao hospital. Quantas teriam sido de verdade? A Portaria do Minist\u00e9rio da Sa\u00fade, t\u00e3o desfalcado, traz mais press\u00e3o, den\u00fancia policial, para o cumprimento da lei de interrup\u00e7\u00e3o de gravidez na inf\u00e2ncia e na adolesc\u00eancia. J\u00e1 h\u00e1 um artigo no ECA que fala da obrigatoriedade de denunciar \u00e0 autoridade competente o abuso sexual. Pais, respons\u00e1veis, professores, m\u00e9dicos. Por que, novamente, fazer sobreposi\u00e7\u00e3o neste momento, apontando para as meninas estupradas que engravidaram? Os m\u00e9dicos preferem n\u00e3o enxergar os vest\u00edgios dos abusos intrafamiliares. As amea\u00e7as, o Backlash, \u00e9 certo. E muitos fogem do problema que ter\u00e3o que encarar. Meninos e meninas s\u00e3o abandonados por profissionais que tomam conhecimento, mas preferem se calar. Omiss\u00e3o ativa.<br>Para completar o requinte de crueldade, o m\u00e9dico deve oferecer a imagem da ultrassonografia para a crian\u00e7a ver. Nesta mesma linha, surgiram in\u00fameras ideias de campanhas para ensinar a crian\u00e7a a dizer \u201cn\u00e3o\u201d para o abusador. Qual ser\u00e1 a crian\u00e7a que n\u00e3o disse \u201cn\u00e3o\u201d ao abusador? Todas disseram e dizem. E, qual foi o abusador que atendeu \u00e0 crian\u00e7a? Lan\u00e7aram uma chantagem ou uma amea\u00e7a e foram em frente. Mais uma vez, a sobrecarga em cima do vulner\u00e1vel.<\/p>\n\n\n\n<figure class=\"wp-block-image size-large\"><img loading=\"lazy\" decoding=\"async\" width=\"980\" height=\"554\" src=\"https:\/\/jornalfatosenoticias.com.br\/wp-content\/uploads\/2020\/09\/grafico-infancia.jpg\" alt=\"\" class=\"wp-image-8378\" srcset=\"https:\/\/jornalfatosenoticias.com.br\/wp-content\/uploads\/2020\/09\/grafico-infancia.jpg 980w, https:\/\/jornalfatosenoticias.com.br\/wp-content\/uploads\/2020\/09\/grafico-infancia-300x170.jpg 300w, https:\/\/jornalfatosenoticias.com.br\/wp-content\/uploads\/2020\/09\/grafico-infancia-768x434.jpg 768w\" sizes=\"auto, (max-width: 980px) 100vw, 980px\" \/><\/figure>\n\n\n\n<p>N\u00e3o encontrei nenhuma ideia sobre o abusador. Nem o da menina em foco, nem sobre nenhuma responsabiliza\u00e7\u00e3o de quem comete este criem. Alguns xingamentos, mas nenhuma reflex\u00e3o que possa promover prote\u00e7\u00e3o para a crian\u00e7a. Faz-se necess\u00e1rio responsabilizar autores incestuosos de abusos sexuais intrafamiliares, garantindo os Direitos Fundamentais da Crian\u00e7a e do Adolescente. Urge o combate \u00e0 Cultura do Estupro de Crian\u00e7a. S\u00e3o meninas que engravidam ainda na inf\u00e2ncia, s\u00e3o meninos que est\u00e3o sendo criados pelos seus abusadores por conta de um v\u00edcio jur\u00eddico de nome aliena\u00e7\u00e3o parental. S\u00e3o beb\u00eas que t\u00eam seus corpos violados para a produ\u00e7\u00e3o de v\u00eddeos pornogr\u00e1ficos na ind\u00fastria milion\u00e1ria deste novo formato da Explora\u00e7\u00e3o Sexual de Crian\u00e7as, submetidas ao trabalho escravo dentro de suas pr\u00f3prias casas. Beb\u00eas que sofrer\u00e3o de uma ang\u00fastia corporal flutuante, porque ainda nem possuem a no\u00e7\u00e3o de esquema corporal. Menos ainda a aquisi\u00e7\u00e3o da linguagem para localizar e descrever esta ang\u00fastia. Antes de adquirir a capacidade de representa\u00e7\u00e3o, foram coisificados.<br>Os Crimes de Pedofilia Intrafamiliar, mal investigados, muitas vezes n\u00e3o investigados, impunes, est\u00e3o exterminando toda uma gera\u00e7\u00e3o que est\u00e1 sendo mutilada civilmente. Todos, somos respons\u00e1veis pelas nossas crian\u00e7as. Por que n\u00e3o responsabilizar culpados? Onde est\u00e3o as Pol\u00edticas P\u00fablicas de efetiva efic\u00e1cia? Prote\u00e7\u00e3o pertinente, persistente, e consequente? A aus\u00eancia das Pol\u00edticas P\u00fablicas de Responsabilidade nos aponta a coniv\u00eancia silenciosa, por vezes ruidosa agora, com a Cultura do Estupro de Crian\u00e7a e Adolescente. Quando vamos fundar a Cultura do Respeito? Respeito \u00e0s Leis, Respeito \u00e0s Crian\u00e7as, Respeito \u00e0s Mulheres, Respeito aos Idosos, Respeito \u00e0s Minorias, Respeito aos Portadores das Diversas Diferen\u00e7as. As ditas \u201cexce\u00e7\u00f5es\u201d tamb\u00e9m s\u00e3o cidad\u00e3os.<\/p>\n","protected":false},"excerpt":{"rendered":"<p>Meninos e meninas s\u00e3o abandonados por profissionais que tomam conhecimento, mas preferem se calar Como hav\u00edamos comentado, a como\u00e7\u00e3o em torno da menina gr\u00e1vida aos 10 anos, resultado de abusos sexuais intrafamiliares desde os seis anos, j\u00e1 se dissipou. Isto \u00e9 bom quando d\u00e1 lugar \u00e0 atitude respons\u00e1vel. Mas o que apareceu foi uma Portaria [&hellip;]<\/p>\n","protected":false},"author":8,"featured_media":8377,"comment_status":"open","ping_status":"open","sticky":false,"template":"","format":"standard","meta":{"footnotes":""},"categories":[2522],"tags":[4400,1317,3528,4628],"class_list":["post-8376","post","type-post","status-publish","format-standard","has-post-thumbnail","hentry","category-comportamento","tag-abuso-sexual-infantil","tag-crianca","tag-pedofilia","tag-relacoes-intrafamiliares"],"yoast_head":"<!-- This site is optimized with the Yoast SEO plugin v26.5 - https:\/\/yoast.com\/wordpress\/plugins\/seo\/ -->\n<title>A Cultura do Estupro de Crian\u00e7a e a Pedofilia Intrafamiliar Acobertada \u2014 Final - Jornal Fatos e Not\u00edcias<\/title>\n<meta name=\"robots\" content=\"index, follow, max-snippet:-1, max-image-preview:large, max-video-preview:-1\" \/>\n<link rel=\"canonical\" href=\"https:\/\/jornalfatosenoticias.com.br\/index.php\/2020\/09\/02\/a-cultura-do-estupro-de-crianca-e-a-pedofilia-intrafamiliar-acobertada-final\/\" \/>\n<meta property=\"og:locale\" content=\"pt_BR\" \/>\n<meta property=\"og:type\" content=\"article\" \/>\n<meta property=\"og:title\" content=\"A Cultura do Estupro de Crian\u00e7a e a Pedofilia Intrafamiliar Acobertada \u2014 Final - Jornal Fatos e Not\u00edcias\" \/>\n<meta property=\"og:description\" content=\"Meninos e meninas s\u00e3o abandonados por profissionais que tomam conhecimento, mas preferem se calar Como hav\u00edamos comentado, a como\u00e7\u00e3o em torno da menina gr\u00e1vida aos 10 anos, resultado de abusos sexuais intrafamiliares desde os seis anos, j\u00e1 se dissipou. Isto \u00e9 bom quando d\u00e1 lugar \u00e0 atitude respons\u00e1vel. Mas o que apareceu foi uma Portaria [&hellip;]\" \/>\n<meta property=\"og:url\" content=\"https:\/\/jornalfatosenoticias.com.br\/index.php\/2020\/09\/02\/a-cultura-do-estupro-de-crianca-e-a-pedofilia-intrafamiliar-acobertada-final\/\" \/>\n<meta property=\"og:site_name\" content=\"Jornal Fatos e Not\u00edcias\" \/>\n<meta property=\"article:published_time\" content=\"2020-09-02T11:42:18+00:00\" \/>\n<meta property=\"article:modified_time\" content=\"2020-09-02T11:42:22+00:00\" \/>\n<meta property=\"og:image\" content=\"https:\/\/jornalfatosenoticias.com.br\/wp-content\/uploads\/2020\/09\/gravidez-adolescencia_marcelino.jpg\" \/>\n\t<meta property=\"og:image:width\" content=\"960\" \/>\n\t<meta property=\"og:image:height\" content=\"640\" \/>\n\t<meta property=\"og:image:type\" content=\"image\/jpeg\" \/>\n<meta name=\"author\" content=\"Ana Maria Iencarelli\" \/>\n<meta name=\"twitter:card\" content=\"summary_large_image\" \/>\n<meta name=\"twitter:label1\" content=\"Escrito por\" \/>\n\t<meta name=\"twitter:data1\" content=\"Ana Maria Iencarelli\" \/>\n\t<meta name=\"twitter:label2\" content=\"Est. tempo de leitura\" \/>\n\t<meta name=\"twitter:data2\" content=\"5 minutos\" \/>\n<script type=\"application\/ld+json\" class=\"yoast-schema-graph\">{\"@context\":\"https:\/\/schema.org\",\"@graph\":[{\"@type\":\"Article\",\"@id\":\"https:\/\/jornalfatosenoticias.com.br\/index.php\/2020\/09\/02\/a-cultura-do-estupro-de-crianca-e-a-pedofilia-intrafamiliar-acobertada-final\/#article\",\"isPartOf\":{\"@id\":\"https:\/\/jornalfatosenoticias.com.br\/index.php\/2020\/09\/02\/a-cultura-do-estupro-de-crianca-e-a-pedofilia-intrafamiliar-acobertada-final\/\"},\"author\":{\"name\":\"Ana Maria Iencarelli\",\"@id\":\"https:\/\/jornalfatosenoticias.com.br\/#\/schema\/person\/c33fcf5fb02d729d3fec92c6737a22d1\"},\"headline\":\"A Cultura do Estupro de Crian\u00e7a e a Pedofilia Intrafamiliar Acobertada \u2014 Final\",\"datePublished\":\"2020-09-02T11:42:18+00:00\",\"dateModified\":\"2020-09-02T11:42:22+00:00\",\"mainEntityOfPage\":{\"@id\":\"https:\/\/jornalfatosenoticias.com.br\/index.php\/2020\/09\/02\/a-cultura-do-estupro-de-crianca-e-a-pedofilia-intrafamiliar-acobertada-final\/\"},\"wordCount\":1022,\"commentCount\":0,\"publisher\":{\"@id\":\"https:\/\/jornalfatosenoticias.com.br\/#organization\"},\"image\":{\"@id\":\"https:\/\/jornalfatosenoticias.com.br\/index.php\/2020\/09\/02\/a-cultura-do-estupro-de-crianca-e-a-pedofilia-intrafamiliar-acobertada-final\/#primaryimage\"},\"thumbnailUrl\":\"https:\/\/jornalfatosenoticias.com.br\/wp-content\/uploads\/2020\/09\/gravidez-adolescencia_marcelino.jpg\",\"keywords\":[\"abuso sexual infantil\",\"crian\u00e7a\",\"pedofilia\",\"rela\u00e7\u00f5es intrafamiliares\"],\"articleSection\":[\"Comportamento &amp; Equil\u00edbrio\"],\"inLanguage\":\"pt-BR\",\"potentialAction\":[{\"@type\":\"CommentAction\",\"name\":\"Comment\",\"target\":[\"https:\/\/jornalfatosenoticias.com.br\/index.php\/2020\/09\/02\/a-cultura-do-estupro-de-crianca-e-a-pedofilia-intrafamiliar-acobertada-final\/#respond\"]}]},{\"@type\":\"WebPage\",\"@id\":\"https:\/\/jornalfatosenoticias.com.br\/index.php\/2020\/09\/02\/a-cultura-do-estupro-de-crianca-e-a-pedofilia-intrafamiliar-acobertada-final\/\",\"url\":\"https:\/\/jornalfatosenoticias.com.br\/index.php\/2020\/09\/02\/a-cultura-do-estupro-de-crianca-e-a-pedofilia-intrafamiliar-acobertada-final\/\",\"name\":\"A Cultura do Estupro de Crian\u00e7a e a Pedofilia Intrafamiliar Acobertada \u2014 Final - Jornal Fatos e Not\u00edcias\",\"isPartOf\":{\"@id\":\"https:\/\/jornalfatosenoticias.com.br\/#website\"},\"primaryImageOfPage\":{\"@id\":\"https:\/\/jornalfatosenoticias.com.br\/index.php\/2020\/09\/02\/a-cultura-do-estupro-de-crianca-e-a-pedofilia-intrafamiliar-acobertada-final\/#primaryimage\"},\"image\":{\"@id\":\"https:\/\/jornalfatosenoticias.com.br\/index.php\/2020\/09\/02\/a-cultura-do-estupro-de-crianca-e-a-pedofilia-intrafamiliar-acobertada-final\/#primaryimage\"},\"thumbnailUrl\":\"https:\/\/jornalfatosenoticias.com.br\/wp-content\/uploads\/2020\/09\/gravidez-adolescencia_marcelino.jpg\",\"datePublished\":\"2020-09-02T11:42:18+00:00\",\"dateModified\":\"2020-09-02T11:42:22+00:00\",\"breadcrumb\":{\"@id\":\"https:\/\/jornalfatosenoticias.com.br\/index.php\/2020\/09\/02\/a-cultura-do-estupro-de-crianca-e-a-pedofilia-intrafamiliar-acobertada-final\/#breadcrumb\"},\"inLanguage\":\"pt-BR\",\"potentialAction\":[{\"@type\":\"ReadAction\",\"target\":[\"https:\/\/jornalfatosenoticias.com.br\/index.php\/2020\/09\/02\/a-cultura-do-estupro-de-crianca-e-a-pedofilia-intrafamiliar-acobertada-final\/\"]}]},{\"@type\":\"ImageObject\",\"inLanguage\":\"pt-BR\",\"@id\":\"https:\/\/jornalfatosenoticias.com.br\/index.php\/2020\/09\/02\/a-cultura-do-estupro-de-crianca-e-a-pedofilia-intrafamiliar-acobertada-final\/#primaryimage\",\"url\":\"https:\/\/jornalfatosenoticias.com.br\/wp-content\/uploads\/2020\/09\/gravidez-adolescencia_marcelino.jpg\",\"contentUrl\":\"https:\/\/jornalfatosenoticias.com.br\/wp-content\/uploads\/2020\/09\/gravidez-adolescencia_marcelino.jpg\",\"width\":960,\"height\":640},{\"@type\":\"BreadcrumbList\",\"@id\":\"https:\/\/jornalfatosenoticias.com.br\/index.php\/2020\/09\/02\/a-cultura-do-estupro-de-crianca-e-a-pedofilia-intrafamiliar-acobertada-final\/#breadcrumb\",\"itemListElement\":[{\"@type\":\"ListItem\",\"position\":1,\"name\":\"In\u00edcio\",\"item\":\"https:\/\/jornalfatosenoticias.com.br\/\"},{\"@type\":\"ListItem\",\"position\":2,\"name\":\"A Cultura do Estupro de Crian\u00e7a e a Pedofilia Intrafamiliar Acobertada \u2014 Final\"}]},{\"@type\":\"WebSite\",\"@id\":\"https:\/\/jornalfatosenoticias.com.br\/#website\",\"url\":\"https:\/\/jornalfatosenoticias.com.br\/\",\"name\":\"Jornal Fatos e Not\u00edcias\",\"description\":\"Not\u00edcias em geral\",\"publisher\":{\"@id\":\"https:\/\/jornalfatosenoticias.com.br\/#organization\"},\"potentialAction\":[{\"@type\":\"SearchAction\",\"target\":{\"@type\":\"EntryPoint\",\"urlTemplate\":\"https:\/\/jornalfatosenoticias.com.br\/?s={search_term_string}\"},\"query-input\":{\"@type\":\"PropertyValueSpecification\",\"valueRequired\":true,\"valueName\":\"search_term_string\"}}],\"inLanguage\":\"pt-BR\"},{\"@type\":\"Organization\",\"@id\":\"https:\/\/jornalfatosenoticias.com.br\/#organization\",\"name\":\"Jornal Fatos e Not\u00edcias\",\"url\":\"https:\/\/jornalfatosenoticias.com.br\/\",\"logo\":{\"@type\":\"ImageObject\",\"inLanguage\":\"pt-BR\",\"@id\":\"https:\/\/jornalfatosenoticias.com.br\/#\/schema\/logo\/image\/\",\"url\":\"https:\/\/jornalfatosenoticias.com.br\/wp-content\/uploads\/2020\/02\/logo120.png\",\"contentUrl\":\"https:\/\/jornalfatosenoticias.com.br\/wp-content\/uploads\/2020\/02\/logo120.png\",\"width\":1227,\"height\":120,\"caption\":\"Jornal Fatos e Not\u00edcias\"},\"image\":{\"@id\":\"https:\/\/jornalfatosenoticias.com.br\/#\/schema\/logo\/image\/\"}},{\"@type\":\"Person\",\"@id\":\"https:\/\/jornalfatosenoticias.com.br\/#\/schema\/person\/c33fcf5fb02d729d3fec92c6737a22d1\",\"name\":\"Ana Maria Iencarelli\",\"image\":{\"@type\":\"ImageObject\",\"inLanguage\":\"pt-BR\",\"@id\":\"https:\/\/jornalfatosenoticias.com.br\/#\/schema\/person\/image\/\",\"url\":\"https:\/\/jornalfatosenoticias.com.br\/wp-content\/uploads\/2020\/02\/Ana-Maria-Iencarelli-1-150x150.jpg\",\"contentUrl\":\"https:\/\/jornalfatosenoticias.com.br\/wp-content\/uploads\/2020\/02\/Ana-Maria-Iencarelli-1-150x150.jpg\",\"caption\":\"Ana Maria Iencarelli\"},\"description\":\"Psicanalista Cl\u00ednica, especializada no atendimento a Crian\u00e7as e Adolescentes. Presidente da ONG Vozes de Anjos.\",\"url\":\"https:\/\/jornalfatosenoticias.com.br\/index.php\/author\/anamaria\/\"}]}<\/script>\n<!-- \/ Yoast SEO plugin. -->","yoast_head_json":{"title":"A Cultura do Estupro de Crian\u00e7a e a Pedofilia Intrafamiliar Acobertada \u2014 Final - Jornal Fatos e Not\u00edcias","robots":{"index":"index","follow":"follow","max-snippet":"max-snippet:-1","max-image-preview":"max-image-preview:large","max-video-preview":"max-video-preview:-1"},"canonical":"https:\/\/jornalfatosenoticias.com.br\/index.php\/2020\/09\/02\/a-cultura-do-estupro-de-crianca-e-a-pedofilia-intrafamiliar-acobertada-final\/","og_locale":"pt_BR","og_type":"article","og_title":"A Cultura do Estupro de Crian\u00e7a e a Pedofilia Intrafamiliar Acobertada \u2014 Final - Jornal Fatos e Not\u00edcias","og_description":"Meninos e meninas s\u00e3o abandonados por profissionais que tomam conhecimento, mas preferem se calar Como hav\u00edamos comentado, a como\u00e7\u00e3o em torno da menina gr\u00e1vida aos 10 anos, resultado de abusos sexuais intrafamiliares desde os seis anos, j\u00e1 se dissipou. Isto \u00e9 bom quando d\u00e1 lugar \u00e0 atitude respons\u00e1vel. Mas o que apareceu foi uma Portaria [&hellip;]","og_url":"https:\/\/jornalfatosenoticias.com.br\/index.php\/2020\/09\/02\/a-cultura-do-estupro-de-crianca-e-a-pedofilia-intrafamiliar-acobertada-final\/","og_site_name":"Jornal Fatos e Not\u00edcias","article_published_time":"2020-09-02T11:42:18+00:00","article_modified_time":"2020-09-02T11:42:22+00:00","og_image":[{"width":960,"height":640,"url":"https:\/\/jornalfatosenoticias.com.br\/wp-content\/uploads\/2020\/09\/gravidez-adolescencia_marcelino.jpg","type":"image\/jpeg"}],"author":"Ana Maria Iencarelli","twitter_card":"summary_large_image","twitter_misc":{"Escrito por":"Ana Maria Iencarelli","Est. tempo de leitura":"5 minutos"},"schema":{"@context":"https:\/\/schema.org","@graph":[{"@type":"Article","@id":"https:\/\/jornalfatosenoticias.com.br\/index.php\/2020\/09\/02\/a-cultura-do-estupro-de-crianca-e-a-pedofilia-intrafamiliar-acobertada-final\/#article","isPartOf":{"@id":"https:\/\/jornalfatosenoticias.com.br\/index.php\/2020\/09\/02\/a-cultura-do-estupro-de-crianca-e-a-pedofilia-intrafamiliar-acobertada-final\/"},"author":{"name":"Ana Maria Iencarelli","@id":"https:\/\/jornalfatosenoticias.com.br\/#\/schema\/person\/c33fcf5fb02d729d3fec92c6737a22d1"},"headline":"A Cultura do Estupro de Crian\u00e7a e a Pedofilia Intrafamiliar Acobertada \u2014 Final","datePublished":"2020-09-02T11:42:18+00:00","dateModified":"2020-09-02T11:42:22+00:00","mainEntityOfPage":{"@id":"https:\/\/jornalfatosenoticias.com.br\/index.php\/2020\/09\/02\/a-cultura-do-estupro-de-crianca-e-a-pedofilia-intrafamiliar-acobertada-final\/"},"wordCount":1022,"commentCount":0,"publisher":{"@id":"https:\/\/jornalfatosenoticias.com.br\/#organization"},"image":{"@id":"https:\/\/jornalfatosenoticias.com.br\/index.php\/2020\/09\/02\/a-cultura-do-estupro-de-crianca-e-a-pedofilia-intrafamiliar-acobertada-final\/#primaryimage"},"thumbnailUrl":"https:\/\/jornalfatosenoticias.com.br\/wp-content\/uploads\/2020\/09\/gravidez-adolescencia_marcelino.jpg","keywords":["abuso sexual infantil","crian\u00e7a","pedofilia","rela\u00e7\u00f5es intrafamiliares"],"articleSection":["Comportamento &amp; Equil\u00edbrio"],"inLanguage":"pt-BR","potentialAction":[{"@type":"CommentAction","name":"Comment","target":["https:\/\/jornalfatosenoticias.com.br\/index.php\/2020\/09\/02\/a-cultura-do-estupro-de-crianca-e-a-pedofilia-intrafamiliar-acobertada-final\/#respond"]}]},{"@type":"WebPage","@id":"https:\/\/jornalfatosenoticias.com.br\/index.php\/2020\/09\/02\/a-cultura-do-estupro-de-crianca-e-a-pedofilia-intrafamiliar-acobertada-final\/","url":"https:\/\/jornalfatosenoticias.com.br\/index.php\/2020\/09\/02\/a-cultura-do-estupro-de-crianca-e-a-pedofilia-intrafamiliar-acobertada-final\/","name":"A Cultura do Estupro de Crian\u00e7a e a Pedofilia Intrafamiliar Acobertada \u2014 Final - Jornal Fatos e Not\u00edcias","isPartOf":{"@id":"https:\/\/jornalfatosenoticias.com.br\/#website"},"primaryImageOfPage":{"@id":"https:\/\/jornalfatosenoticias.com.br\/index.php\/2020\/09\/02\/a-cultura-do-estupro-de-crianca-e-a-pedofilia-intrafamiliar-acobertada-final\/#primaryimage"},"image":{"@id":"https:\/\/jornalfatosenoticias.com.br\/index.php\/2020\/09\/02\/a-cultura-do-estupro-de-crianca-e-a-pedofilia-intrafamiliar-acobertada-final\/#primaryimage"},"thumbnailUrl":"https:\/\/jornalfatosenoticias.com.br\/wp-content\/uploads\/2020\/09\/gravidez-adolescencia_marcelino.jpg","datePublished":"2020-09-02T11:42:18+00:00","dateModified":"2020-09-02T11:42:22+00:00","breadcrumb":{"@id":"https:\/\/jornalfatosenoticias.com.br\/index.php\/2020\/09\/02\/a-cultura-do-estupro-de-crianca-e-a-pedofilia-intrafamiliar-acobertada-final\/#breadcrumb"},"inLanguage":"pt-BR","potentialAction":[{"@type":"ReadAction","target":["https:\/\/jornalfatosenoticias.com.br\/index.php\/2020\/09\/02\/a-cultura-do-estupro-de-crianca-e-a-pedofilia-intrafamiliar-acobertada-final\/"]}]},{"@type":"ImageObject","inLanguage":"pt-BR","@id":"https:\/\/jornalfatosenoticias.com.br\/index.php\/2020\/09\/02\/a-cultura-do-estupro-de-crianca-e-a-pedofilia-intrafamiliar-acobertada-final\/#primaryimage","url":"https:\/\/jornalfatosenoticias.com.br\/wp-content\/uploads\/2020\/09\/gravidez-adolescencia_marcelino.jpg","contentUrl":"https:\/\/jornalfatosenoticias.com.br\/wp-content\/uploads\/2020\/09\/gravidez-adolescencia_marcelino.jpg","width":960,"height":640},{"@type":"BreadcrumbList","@id":"https:\/\/jornalfatosenoticias.com.br\/index.php\/2020\/09\/02\/a-cultura-do-estupro-de-crianca-e-a-pedofilia-intrafamiliar-acobertada-final\/#breadcrumb","itemListElement":[{"@type":"ListItem","position":1,"name":"In\u00edcio","item":"https:\/\/jornalfatosenoticias.com.br\/"},{"@type":"ListItem","position":2,"name":"A Cultura do Estupro de Crian\u00e7a e a Pedofilia Intrafamiliar Acobertada \u2014 Final"}]},{"@type":"WebSite","@id":"https:\/\/jornalfatosenoticias.com.br\/#website","url":"https:\/\/jornalfatosenoticias.com.br\/","name":"Jornal Fatos e Not\u00edcias","description":"Not\u00edcias em geral","publisher":{"@id":"https:\/\/jornalfatosenoticias.com.br\/#organization"},"potentialAction":[{"@type":"SearchAction","target":{"@type":"EntryPoint","urlTemplate":"https:\/\/jornalfatosenoticias.com.br\/?s={search_term_string}"},"query-input":{"@type":"PropertyValueSpecification","valueRequired":true,"valueName":"search_term_string"}}],"inLanguage":"pt-BR"},{"@type":"Organization","@id":"https:\/\/jornalfatosenoticias.com.br\/#organization","name":"Jornal Fatos e Not\u00edcias","url":"https:\/\/jornalfatosenoticias.com.br\/","logo":{"@type":"ImageObject","inLanguage":"pt-BR","@id":"https:\/\/jornalfatosenoticias.com.br\/#\/schema\/logo\/image\/","url":"https:\/\/jornalfatosenoticias.com.br\/wp-content\/uploads\/2020\/02\/logo120.png","contentUrl":"https:\/\/jornalfatosenoticias.com.br\/wp-content\/uploads\/2020\/02\/logo120.png","width":1227,"height":120,"caption":"Jornal Fatos e Not\u00edcias"},"image":{"@id":"https:\/\/jornalfatosenoticias.com.br\/#\/schema\/logo\/image\/"}},{"@type":"Person","@id":"https:\/\/jornalfatosenoticias.com.br\/#\/schema\/person\/c33fcf5fb02d729d3fec92c6737a22d1","name":"Ana Maria Iencarelli","image":{"@type":"ImageObject","inLanguage":"pt-BR","@id":"https:\/\/jornalfatosenoticias.com.br\/#\/schema\/person\/image\/","url":"https:\/\/jornalfatosenoticias.com.br\/wp-content\/uploads\/2020\/02\/Ana-Maria-Iencarelli-1-150x150.jpg","contentUrl":"https:\/\/jornalfatosenoticias.com.br\/wp-content\/uploads\/2020\/02\/Ana-Maria-Iencarelli-1-150x150.jpg","caption":"Ana Maria Iencarelli"},"description":"Psicanalista Cl\u00ednica, especializada no atendimento a Crian\u00e7as e Adolescentes. Presidente da ONG Vozes de Anjos.","url":"https:\/\/jornalfatosenoticias.com.br\/index.php\/author\/anamaria\/"}]}},"cc_featured_image_caption":{"caption_text":"(Foto: Unicef\/BRZ\/Ueslei Marcelino) \r\n","source_text":"","source_url":""},"jetpack_featured_media_url":"https:\/\/jornalfatosenoticias.com.br\/wp-content\/uploads\/2020\/09\/gravidez-adolescencia_marcelino.jpg","_links":{"self":[{"href":"https:\/\/jornalfatosenoticias.com.br\/index.php\/wp-json\/wp\/v2\/posts\/8376","targetHints":{"allow":["GET"]}}],"collection":[{"href":"https:\/\/jornalfatosenoticias.com.br\/index.php\/wp-json\/wp\/v2\/posts"}],"about":[{"href":"https:\/\/jornalfatosenoticias.com.br\/index.php\/wp-json\/wp\/v2\/types\/post"}],"author":[{"embeddable":true,"href":"https:\/\/jornalfatosenoticias.com.br\/index.php\/wp-json\/wp\/v2\/users\/8"}],"replies":[{"embeddable":true,"href":"https:\/\/jornalfatosenoticias.com.br\/index.php\/wp-json\/wp\/v2\/comments?post=8376"}],"version-history":[{"count":0,"href":"https:\/\/jornalfatosenoticias.com.br\/index.php\/wp-json\/wp\/v2\/posts\/8376\/revisions"}],"wp:featuredmedia":[{"embeddable":true,"href":"https:\/\/jornalfatosenoticias.com.br\/index.php\/wp-json\/wp\/v2\/media\/8377"}],"wp:attachment":[{"href":"https:\/\/jornalfatosenoticias.com.br\/index.php\/wp-json\/wp\/v2\/media?parent=8376"}],"wp:term":[{"taxonomy":"category","embeddable":true,"href":"https:\/\/jornalfatosenoticias.com.br\/index.php\/wp-json\/wp\/v2\/categories?post=8376"},{"taxonomy":"post_tag","embeddable":true,"href":"https:\/\/jornalfatosenoticias.com.br\/index.php\/wp-json\/wp\/v2\/tags?post=8376"}],"curies":[{"name":"wp","href":"https:\/\/api.w.org\/{rel}","templated":true}]}}