{"id":8412,"date":"2020-09-02T09:29:43","date_gmt":"2020-09-02T12:29:43","guid":{"rendered":"https:\/\/jornalfatosenoticias.com.br\/?p=8412"},"modified":"2020-09-02T09:31:13","modified_gmt":"2020-09-02T12:31:13","slug":"filme-brasileiro-a-febre-vence-festival-de-lima","status":"publish","type":"post","link":"https:\/\/jornalfatosenoticias.com.br\/index.php\/2020\/09\/02\/filme-brasileiro-a-febre-vence-festival-de-lima\/","title":{"rendered":"Filme brasileiro &#8216;A Febre&#8217; vence Festival de Lima"},"content":{"rendered":"\n<p>O longa brasileiro &#8220;A Febre&#8221; venceu o pr\u00eamio de Melhor Filme do Festival de Cinema de Lima, no Peru, que no \u00faltimo domingo (30) encerrou sua 24\u00aa edi\u00e7\u00e3o \u2014 a primeira virtual, devido \u00e0 pandemia de covid-19.<br>Exibido pela primeira vez h\u00e1 um ano, no Festival Internacional de Locarno, na Su\u00ed\u00e7a, quando Regis Myrupu conquistou o pr\u00eamio de Melhor Ator, &#8220;A Febre&#8221; \u00e9 o longa de estreia da jovem cineasta Maya Da-Rin e j\u00e1 tamb\u00e9m tinha sido premiado nos festivais de Biarritz (Fran\u00e7a), Bras\u00edlia e Punta del Este (Uruguai).<br>O filme narra a hist\u00f3ria de Justino (Myrupu), um ind\u00edgena do povo Desana que trabalha como vigia em um porto de cargas e vive na periferia de Manaus. Desde a morte da sua esposa, sua principal companhia \u00e9 a filha Vanessa, que est\u00e1 de partida para estudar medicina em Bras\u00edlia. Com a expectativa de ficar sozinho, Justino \u00e9 tomado por uma febre forte. Durante a noite, uma criatura misteriosa segue seus passos. Durante o dia, ele luta para se manter acordado no trabalho.<br>Em sua primeira edi\u00e7\u00e3o on-line, o Festival de Lima recebeu 170 mil visitantes virtuais ao longo de nove dias de atividades, entre exibi\u00e7\u00f5es de filmes e debates. Curiosamente, este foi o segundo ano consecutivo que um filme brasileiro venceu a premia\u00e7\u00e3o do evento. Em 2019, o vencedor foi &#8220;Bacurau&#8221;, dirigido por Kleber Mendon\u00e7a Filho e Juliano Dornelles.<\/p>\n\n\n\n<p><em>Cr\u00e9dito da foto: Divulga\u00e7\u00e3o\/Vitrine Filmes\/Pipoca Moderna<\/em><\/p>\n\n\n\n<p><strong><em>Fonte: <a href=\"https:\/\/www.terra.com.br\/diversao\/cinema\/a-febre-filme-brasileiro-vence-festival-de-lima,9d9c979f34f069494036d5e0a3eff82els2pi8ze.html\">Terra<\/a><\/em><\/strong><\/p>\n","protected":false},"excerpt":{"rendered":"<p>O longa brasileiro &#8220;A Febre&#8221; venceu o pr\u00eamio de Melhor Filme do Festival de Cinema de Lima, no Peru, que no \u00faltimo domingo (30) encerrou sua 24\u00aa edi\u00e7\u00e3o \u2014 a primeira virtual, devido \u00e0 pandemia de covid-19.Exibido pela primeira vez h\u00e1 um ano, no Festival Internacional de Locarno, na Su\u00ed\u00e7a, quando Regis Myrupu conquistou o [&hellip;]<\/p>\n","protected":false},"author":2,"featured_media":8413,"comment_status":"open","ping_status":"open","sticky":false,"template":"","format":"standard","meta":{"footnotes":""},"categories":[4],"tags":[4644,3439,4645,1001],"class_list":["post-8412","post","type-post","status-publish","format-standard","has-post-thumbnail","hentry","category-cultura","tag-a-febre","tag-cinema-brasileiro","tag-festival-de-cinema-de-lima","tag-peru"],"yoast_head":"<!-- This site is optimized with the Yoast SEO plugin v26.5 - https:\/\/yoast.com\/wordpress\/plugins\/seo\/ -->\n<title>Filme brasileiro &#039;A Febre&#039; vence Festival de Lima - Jornal Fatos e Not\u00edcias<\/title>\n<meta name=\"robots\" content=\"index, follow, max-snippet:-1, max-image-preview:large, max-video-preview:-1\" \/>\n<link rel=\"canonical\" href=\"https:\/\/jornalfatosenoticias.com.br\/index.php\/2020\/09\/02\/filme-brasileiro-a-febre-vence-festival-de-lima\/\" \/>\n<meta property=\"og:locale\" content=\"pt_BR\" \/>\n<meta property=\"og:type\" content=\"article\" \/>\n<meta property=\"og:title\" content=\"Filme brasileiro &#039;A Febre&#039; vence Festival de Lima - Jornal Fatos e Not\u00edcias\" \/>\n<meta property=\"og:description\" content=\"O longa brasileiro &#8220;A Febre&#8221; venceu o pr\u00eamio de Melhor Filme do Festival de Cinema de Lima, no Peru, que no \u00faltimo domingo (30) encerrou sua 24\u00aa edi\u00e7\u00e3o \u2014 a primeira virtual, devido \u00e0 pandemia de covid-19.Exibido pela primeira vez h\u00e1 um ano, no Festival Internacional de Locarno, na Su\u00ed\u00e7a, quando Regis Myrupu conquistou o [&hellip;]\" \/>\n<meta property=\"og:url\" content=\"https:\/\/jornalfatosenoticias.com.br\/index.php\/2020\/09\/02\/filme-brasileiro-a-febre-vence-festival-de-lima\/\" \/>\n<meta property=\"og:site_name\" content=\"Jornal Fatos e Not\u00edcias\" \/>\n<meta property=\"article:published_time\" content=\"2020-09-02T12:29:43+00:00\" \/>\n<meta property=\"article:modified_time\" content=\"2020-09-02T12:31:13+00:00\" \/>\n<meta property=\"og:image\" content=\"https:\/\/jornalfatosenoticias.com.br\/wp-content\/uploads\/2020\/09\/A-febre-filme.jpg\" \/>\n\t<meta property=\"og:image:width\" content=\"960\" \/>\n\t<meta property=\"og:image:height\" content=\"1068\" \/>\n\t<meta property=\"og:image:type\" content=\"image\/jpeg\" \/>\n<meta name=\"author\" content=\"Luzimara Fernandes\" \/>\n<meta name=\"twitter:card\" content=\"summary_large_image\" \/>\n<meta name=\"twitter:label1\" content=\"Escrito por\" \/>\n\t<meta name=\"twitter:data1\" content=\"Luzimara Fernandes\" \/>\n\t<meta name=\"twitter:label2\" content=\"Est. tempo de leitura\" \/>\n\t<meta name=\"twitter:data2\" content=\"1 minuto\" \/>\n<script type=\"application\/ld+json\" class=\"yoast-schema-graph\">{\"@context\":\"https:\/\/schema.org\",\"@graph\":[{\"@type\":\"Article\",\"@id\":\"https:\/\/jornalfatosenoticias.com.br\/index.php\/2020\/09\/02\/filme-brasileiro-a-febre-vence-festival-de-lima\/#article\",\"isPartOf\":{\"@id\":\"https:\/\/jornalfatosenoticias.com.br\/index.php\/2020\/09\/02\/filme-brasileiro-a-febre-vence-festival-de-lima\/\"},\"author\":{\"name\":\"Luzimara Fernandes\",\"@id\":\"https:\/\/jornalfatosenoticias.com.br\/#\/schema\/person\/d63837fa13ac8666eb9e74e0985d6f81\"},\"headline\":\"Filme brasileiro &#8216;A Febre&#8217; vence Festival de Lima\",\"datePublished\":\"2020-09-02T12:29:43+00:00\",\"dateModified\":\"2020-09-02T12:31:13+00:00\",\"mainEntityOfPage\":{\"@id\":\"https:\/\/jornalfatosenoticias.com.br\/index.php\/2020\/09\/02\/filme-brasileiro-a-febre-vence-festival-de-lima\/\"},\"wordCount\":254,\"commentCount\":0,\"publisher\":{\"@id\":\"https:\/\/jornalfatosenoticias.com.br\/#organization\"},\"image\":{\"@id\":\"https:\/\/jornalfatosenoticias.com.br\/index.php\/2020\/09\/02\/filme-brasileiro-a-febre-vence-festival-de-lima\/#primaryimage\"},\"thumbnailUrl\":\"https:\/\/jornalfatosenoticias.com.br\/wp-content\/uploads\/2020\/09\/A-febre-filme.jpg\",\"keywords\":[\"A Febre\",\"cinema brasileiro\",\"Festival de Cinema de Lima\",\"Peru\"],\"articleSection\":[\"Cultura\"],\"inLanguage\":\"pt-BR\",\"potentialAction\":[{\"@type\":\"CommentAction\",\"name\":\"Comment\",\"target\":[\"https:\/\/jornalfatosenoticias.com.br\/index.php\/2020\/09\/02\/filme-brasileiro-a-febre-vence-festival-de-lima\/#respond\"]}]},{\"@type\":\"WebPage\",\"@id\":\"https:\/\/jornalfatosenoticias.com.br\/index.php\/2020\/09\/02\/filme-brasileiro-a-febre-vence-festival-de-lima\/\",\"url\":\"https:\/\/jornalfatosenoticias.com.br\/index.php\/2020\/09\/02\/filme-brasileiro-a-febre-vence-festival-de-lima\/\",\"name\":\"Filme brasileiro 'A Febre' vence Festival de Lima - Jornal Fatos e Not\u00edcias\",\"isPartOf\":{\"@id\":\"https:\/\/jornalfatosenoticias.com.br\/#website\"},\"primaryImageOfPage\":{\"@id\":\"https:\/\/jornalfatosenoticias.com.br\/index.php\/2020\/09\/02\/filme-brasileiro-a-febre-vence-festival-de-lima\/#primaryimage\"},\"image\":{\"@id\":\"https:\/\/jornalfatosenoticias.com.br\/index.php\/2020\/09\/02\/filme-brasileiro-a-febre-vence-festival-de-lima\/#primaryimage\"},\"thumbnailUrl\":\"https:\/\/jornalfatosenoticias.com.br\/wp-content\/uploads\/2020\/09\/A-febre-filme.jpg\",\"datePublished\":\"2020-09-02T12:29:43+00:00\",\"dateModified\":\"2020-09-02T12:31:13+00:00\",\"breadcrumb\":{\"@id\":\"https:\/\/jornalfatosenoticias.com.br\/index.php\/2020\/09\/02\/filme-brasileiro-a-febre-vence-festival-de-lima\/#breadcrumb\"},\"inLanguage\":\"pt-BR\",\"potentialAction\":[{\"@type\":\"ReadAction\",\"target\":[\"https:\/\/jornalfatosenoticias.com.br\/index.php\/2020\/09\/02\/filme-brasileiro-a-febre-vence-festival-de-lima\/\"]}]},{\"@type\":\"ImageObject\",\"inLanguage\":\"pt-BR\",\"@id\":\"https:\/\/jornalfatosenoticias.com.br\/index.php\/2020\/09\/02\/filme-brasileiro-a-febre-vence-festival-de-lima\/#primaryimage\",\"url\":\"https:\/\/jornalfatosenoticias.com.br\/wp-content\/uploads\/2020\/09\/A-febre-filme.jpg\",\"contentUrl\":\"https:\/\/jornalfatosenoticias.com.br\/wp-content\/uploads\/2020\/09\/A-febre-filme.jpg\",\"width\":960,\"height\":1068},{\"@type\":\"BreadcrumbList\",\"@id\":\"https:\/\/jornalfatosenoticias.com.br\/index.php\/2020\/09\/02\/filme-brasileiro-a-febre-vence-festival-de-lima\/#breadcrumb\",\"itemListElement\":[{\"@type\":\"ListItem\",\"position\":1,\"name\":\"In\u00edcio\",\"item\":\"https:\/\/jornalfatosenoticias.com.br\/\"},{\"@type\":\"ListItem\",\"position\":2,\"name\":\"Filme brasileiro &#8216;A Febre&#8217; vence Festival de Lima\"}]},{\"@type\":\"WebSite\",\"@id\":\"https:\/\/jornalfatosenoticias.com.br\/#website\",\"url\":\"https:\/\/jornalfatosenoticias.com.br\/\",\"name\":\"Jornal Fatos e Not\u00edcias\",\"description\":\"Not\u00edcias em geral\",\"publisher\":{\"@id\":\"https:\/\/jornalfatosenoticias.com.br\/#organization\"},\"potentialAction\":[{\"@type\":\"SearchAction\",\"target\":{\"@type\":\"EntryPoint\",\"urlTemplate\":\"https:\/\/jornalfatosenoticias.com.br\/?s={search_term_string}\"},\"query-input\":{\"@type\":\"PropertyValueSpecification\",\"valueRequired\":true,\"valueName\":\"search_term_string\"}}],\"inLanguage\":\"pt-BR\"},{\"@type\":\"Organization\",\"@id\":\"https:\/\/jornalfatosenoticias.com.br\/#organization\",\"name\":\"Jornal Fatos e Not\u00edcias\",\"url\":\"https:\/\/jornalfatosenoticias.com.br\/\",\"logo\":{\"@type\":\"ImageObject\",\"inLanguage\":\"pt-BR\",\"@id\":\"https:\/\/jornalfatosenoticias.com.br\/#\/schema\/logo\/image\/\",\"url\":\"https:\/\/jornalfatosenoticias.com.br\/wp-content\/uploads\/2020\/02\/logo120.png\",\"contentUrl\":\"https:\/\/jornalfatosenoticias.com.br\/wp-content\/uploads\/2020\/02\/logo120.png\",\"width\":1227,\"height\":120,\"caption\":\"Jornal Fatos e Not\u00edcias\"},\"image\":{\"@id\":\"https:\/\/jornalfatosenoticias.com.br\/#\/schema\/logo\/image\/\"}},{\"@type\":\"Person\",\"@id\":\"https:\/\/jornalfatosenoticias.com.br\/#\/schema\/person\/d63837fa13ac8666eb9e74e0985d6f81\",\"name\":\"Luzimara Fernandes\",\"image\":{\"@type\":\"ImageObject\",\"inLanguage\":\"pt-BR\",\"@id\":\"https:\/\/jornalfatosenoticias.com.br\/#\/schema\/person\/image\/\",\"url\":\"https:\/\/jornalfatosenoticias.com.br\/wp-content\/uploads\/2025\/05\/EU_portal.jpg\",\"contentUrl\":\"https:\/\/jornalfatosenoticias.com.br\/wp-content\/uploads\/2025\/05\/EU_portal.jpg\",\"caption\":\"Luzimara Fernandes\"},\"description\":\"Jornalista MTB 2358-ES\",\"sameAs\":[\"https:\/\/jornalfatosenoticias.com.br\"],\"url\":\"https:\/\/jornalfatosenoticias.com.br\/index.php\/author\/luzimara\/\"}]}<\/script>\n<!-- \/ Yoast SEO plugin. -->","yoast_head_json":{"title":"Filme brasileiro 'A Febre' vence Festival de Lima - Jornal Fatos e Not\u00edcias","robots":{"index":"index","follow":"follow","max-snippet":"max-snippet:-1","max-image-preview":"max-image-preview:large","max-video-preview":"max-video-preview:-1"},"canonical":"https:\/\/jornalfatosenoticias.com.br\/index.php\/2020\/09\/02\/filme-brasileiro-a-febre-vence-festival-de-lima\/","og_locale":"pt_BR","og_type":"article","og_title":"Filme brasileiro 'A Febre' vence Festival de Lima - Jornal Fatos e Not\u00edcias","og_description":"O longa brasileiro &#8220;A Febre&#8221; venceu o pr\u00eamio de Melhor Filme do Festival de Cinema de Lima, no Peru, que no \u00faltimo domingo (30) encerrou sua 24\u00aa edi\u00e7\u00e3o \u2014 a primeira virtual, devido \u00e0 pandemia de covid-19.Exibido pela primeira vez h\u00e1 um ano, no Festival Internacional de Locarno, na Su\u00ed\u00e7a, quando Regis Myrupu conquistou o [&hellip;]","og_url":"https:\/\/jornalfatosenoticias.com.br\/index.php\/2020\/09\/02\/filme-brasileiro-a-febre-vence-festival-de-lima\/","og_site_name":"Jornal Fatos e Not\u00edcias","article_published_time":"2020-09-02T12:29:43+00:00","article_modified_time":"2020-09-02T12:31:13+00:00","og_image":[{"width":960,"height":1068,"url":"https:\/\/jornalfatosenoticias.com.br\/wp-content\/uploads\/2020\/09\/A-febre-filme.jpg","type":"image\/jpeg"}],"author":"Luzimara Fernandes","twitter_card":"summary_large_image","twitter_misc":{"Escrito por":"Luzimara Fernandes","Est. tempo de leitura":"1 minuto"},"schema":{"@context":"https:\/\/schema.org","@graph":[{"@type":"Article","@id":"https:\/\/jornalfatosenoticias.com.br\/index.php\/2020\/09\/02\/filme-brasileiro-a-febre-vence-festival-de-lima\/#article","isPartOf":{"@id":"https:\/\/jornalfatosenoticias.com.br\/index.php\/2020\/09\/02\/filme-brasileiro-a-febre-vence-festival-de-lima\/"},"author":{"name":"Luzimara Fernandes","@id":"https:\/\/jornalfatosenoticias.com.br\/#\/schema\/person\/d63837fa13ac8666eb9e74e0985d6f81"},"headline":"Filme brasileiro &#8216;A Febre&#8217; vence Festival de Lima","datePublished":"2020-09-02T12:29:43+00:00","dateModified":"2020-09-02T12:31:13+00:00","mainEntityOfPage":{"@id":"https:\/\/jornalfatosenoticias.com.br\/index.php\/2020\/09\/02\/filme-brasileiro-a-febre-vence-festival-de-lima\/"},"wordCount":254,"commentCount":0,"publisher":{"@id":"https:\/\/jornalfatosenoticias.com.br\/#organization"},"image":{"@id":"https:\/\/jornalfatosenoticias.com.br\/index.php\/2020\/09\/02\/filme-brasileiro-a-febre-vence-festival-de-lima\/#primaryimage"},"thumbnailUrl":"https:\/\/jornalfatosenoticias.com.br\/wp-content\/uploads\/2020\/09\/A-febre-filme.jpg","keywords":["A Febre","cinema brasileiro","Festival de Cinema de Lima","Peru"],"articleSection":["Cultura"],"inLanguage":"pt-BR","potentialAction":[{"@type":"CommentAction","name":"Comment","target":["https:\/\/jornalfatosenoticias.com.br\/index.php\/2020\/09\/02\/filme-brasileiro-a-febre-vence-festival-de-lima\/#respond"]}]},{"@type":"WebPage","@id":"https:\/\/jornalfatosenoticias.com.br\/index.php\/2020\/09\/02\/filme-brasileiro-a-febre-vence-festival-de-lima\/","url":"https:\/\/jornalfatosenoticias.com.br\/index.php\/2020\/09\/02\/filme-brasileiro-a-febre-vence-festival-de-lima\/","name":"Filme brasileiro 'A Febre' vence Festival de Lima - Jornal Fatos e Not\u00edcias","isPartOf":{"@id":"https:\/\/jornalfatosenoticias.com.br\/#website"},"primaryImageOfPage":{"@id":"https:\/\/jornalfatosenoticias.com.br\/index.php\/2020\/09\/02\/filme-brasileiro-a-febre-vence-festival-de-lima\/#primaryimage"},"image":{"@id":"https:\/\/jornalfatosenoticias.com.br\/index.php\/2020\/09\/02\/filme-brasileiro-a-febre-vence-festival-de-lima\/#primaryimage"},"thumbnailUrl":"https:\/\/jornalfatosenoticias.com.br\/wp-content\/uploads\/2020\/09\/A-febre-filme.jpg","datePublished":"2020-09-02T12:29:43+00:00","dateModified":"2020-09-02T12:31:13+00:00","breadcrumb":{"@id":"https:\/\/jornalfatosenoticias.com.br\/index.php\/2020\/09\/02\/filme-brasileiro-a-febre-vence-festival-de-lima\/#breadcrumb"},"inLanguage":"pt-BR","potentialAction":[{"@type":"ReadAction","target":["https:\/\/jornalfatosenoticias.com.br\/index.php\/2020\/09\/02\/filme-brasileiro-a-febre-vence-festival-de-lima\/"]}]},{"@type":"ImageObject","inLanguage":"pt-BR","@id":"https:\/\/jornalfatosenoticias.com.br\/index.php\/2020\/09\/02\/filme-brasileiro-a-febre-vence-festival-de-lima\/#primaryimage","url":"https:\/\/jornalfatosenoticias.com.br\/wp-content\/uploads\/2020\/09\/A-febre-filme.jpg","contentUrl":"https:\/\/jornalfatosenoticias.com.br\/wp-content\/uploads\/2020\/09\/A-febre-filme.jpg","width":960,"height":1068},{"@type":"BreadcrumbList","@id":"https:\/\/jornalfatosenoticias.com.br\/index.php\/2020\/09\/02\/filme-brasileiro-a-febre-vence-festival-de-lima\/#breadcrumb","itemListElement":[{"@type":"ListItem","position":1,"name":"In\u00edcio","item":"https:\/\/jornalfatosenoticias.com.br\/"},{"@type":"ListItem","position":2,"name":"Filme brasileiro &#8216;A Febre&#8217; vence Festival de Lima"}]},{"@type":"WebSite","@id":"https:\/\/jornalfatosenoticias.com.br\/#website","url":"https:\/\/jornalfatosenoticias.com.br\/","name":"Jornal Fatos e Not\u00edcias","description":"Not\u00edcias em geral","publisher":{"@id":"https:\/\/jornalfatosenoticias.com.br\/#organization"},"potentialAction":[{"@type":"SearchAction","target":{"@type":"EntryPoint","urlTemplate":"https:\/\/jornalfatosenoticias.com.br\/?s={search_term_string}"},"query-input":{"@type":"PropertyValueSpecification","valueRequired":true,"valueName":"search_term_string"}}],"inLanguage":"pt-BR"},{"@type":"Organization","@id":"https:\/\/jornalfatosenoticias.com.br\/#organization","name":"Jornal Fatos e Not\u00edcias","url":"https:\/\/jornalfatosenoticias.com.br\/","logo":{"@type":"ImageObject","inLanguage":"pt-BR","@id":"https:\/\/jornalfatosenoticias.com.br\/#\/schema\/logo\/image\/","url":"https:\/\/jornalfatosenoticias.com.br\/wp-content\/uploads\/2020\/02\/logo120.png","contentUrl":"https:\/\/jornalfatosenoticias.com.br\/wp-content\/uploads\/2020\/02\/logo120.png","width":1227,"height":120,"caption":"Jornal Fatos e Not\u00edcias"},"image":{"@id":"https:\/\/jornalfatosenoticias.com.br\/#\/schema\/logo\/image\/"}},{"@type":"Person","@id":"https:\/\/jornalfatosenoticias.com.br\/#\/schema\/person\/d63837fa13ac8666eb9e74e0985d6f81","name":"Luzimara Fernandes","image":{"@type":"ImageObject","inLanguage":"pt-BR","@id":"https:\/\/jornalfatosenoticias.com.br\/#\/schema\/person\/image\/","url":"https:\/\/jornalfatosenoticias.com.br\/wp-content\/uploads\/2025\/05\/EU_portal.jpg","contentUrl":"https:\/\/jornalfatosenoticias.com.br\/wp-content\/uploads\/2025\/05\/EU_portal.jpg","caption":"Luzimara Fernandes"},"description":"Jornalista MTB 2358-ES","sameAs":["https:\/\/jornalfatosenoticias.com.br"],"url":"https:\/\/jornalfatosenoticias.com.br\/index.php\/author\/luzimara\/"}]}},"cc_featured_image_caption":{"caption_text":"","source_text":"","source_url":""},"jetpack_featured_media_url":"https:\/\/jornalfatosenoticias.com.br\/wp-content\/uploads\/2020\/09\/A-febre-filme.jpg","_links":{"self":[{"href":"https:\/\/jornalfatosenoticias.com.br\/index.php\/wp-json\/wp\/v2\/posts\/8412","targetHints":{"allow":["GET"]}}],"collection":[{"href":"https:\/\/jornalfatosenoticias.com.br\/index.php\/wp-json\/wp\/v2\/posts"}],"about":[{"href":"https:\/\/jornalfatosenoticias.com.br\/index.php\/wp-json\/wp\/v2\/types\/post"}],"author":[{"embeddable":true,"href":"https:\/\/jornalfatosenoticias.com.br\/index.php\/wp-json\/wp\/v2\/users\/2"}],"replies":[{"embeddable":true,"href":"https:\/\/jornalfatosenoticias.com.br\/index.php\/wp-json\/wp\/v2\/comments?post=8412"}],"version-history":[{"count":0,"href":"https:\/\/jornalfatosenoticias.com.br\/index.php\/wp-json\/wp\/v2\/posts\/8412\/revisions"}],"wp:featuredmedia":[{"embeddable":true,"href":"https:\/\/jornalfatosenoticias.com.br\/index.php\/wp-json\/wp\/v2\/media\/8413"}],"wp:attachment":[{"href":"https:\/\/jornalfatosenoticias.com.br\/index.php\/wp-json\/wp\/v2\/media?parent=8412"}],"wp:term":[{"taxonomy":"category","embeddable":true,"href":"https:\/\/jornalfatosenoticias.com.br\/index.php\/wp-json\/wp\/v2\/categories?post=8412"},{"taxonomy":"post_tag","embeddable":true,"href":"https:\/\/jornalfatosenoticias.com.br\/index.php\/wp-json\/wp\/v2\/tags?post=8412"}],"curies":[{"name":"wp","href":"https:\/\/api.w.org\/{rel}","templated":true}]}}