{"id":8520,"date":"2020-09-04T08:56:08","date_gmt":"2020-09-04T11:56:08","guid":{"rendered":"https:\/\/jornalfatosenoticias.com.br\/?p=8520"},"modified":"2020-09-04T08:56:13","modified_gmt":"2020-09-04T11:56:13","slug":"galeria-homero-massena-prorroga-inscricoes-para-forum-da-imagem","status":"publish","type":"post","link":"https:\/\/jornalfatosenoticias.com.br\/index.php\/2020\/09\/04\/galeria-homero-massena-prorroga-inscricoes-para-forum-da-imagem\/","title":{"rendered":"Galeria Homero Massena prorroga inscri\u00e7\u00f5es para \u2018F\u00f3rum da Imagem\u2019"},"content":{"rendered":"\n<p>A Galeria Homero Massena (GHM) prorrogou o prazo de inscri\u00e7\u00f5es do chamamento p\u00fablico \u2018F\u00f3rum da Imagem\u2019 para 20 de setembro. O espa\u00e7o busca entender como a produ\u00e7\u00e3o art\u00edstica responde sempre ao seu tempo e \u00e0s suas urg\u00eancias. Para isso, cinco textos cr\u00edticos que falam de mem\u00f3ria, identidade, autoimagem, hist\u00f3ria e cultura foram selecionados na primeira etapa do f\u00f3rum. O pr\u00f3ximo passo \u00e9 buscar imagens, in\u00e9ditas ou n\u00e3o, que confrontam e se relacionam especificamente com os temas sugeridos pelos textos.<\/p>\n\n\n\n<p>Acesse o Edital na \u00edntegra e saiba as condi\u00e7\u00f5es para participar\u00a0<a href=\"https:\/\/secult.es.gov.br\/Media\/secult\/002\/EDITAL%20DE%20CHAMAMENTO%20PARA%20ENVIO%20DE%20IMAGENS%20-%20FORUM%20DA%20IMAGEM%20.pdf\">AQUI<\/a>.<\/p>\n\n\n\n<p>Os textos selecionados abordam temas atuais que enfrentamos no atual momento e a ideia \u00e9 despertar a discuss\u00e3o por meio de ideias e imagens. O resultado ser\u00e1 um cat\u00e1logo reunindo tudo isso em um s\u00f3 lugar.<\/p>\n\n\n\n<p><strong>Voc\u00ea pode acessar as publica\u00e7\u00f5es selecionadas abaixo:&nbsp;<\/strong><\/p>\n\n\n\n<p><a href=\"https:\/\/forumdaimagem.files.wordpress.com\/2020\/08\/1por-que-as-imagens-me-tem.pdf\">Por que as imagens me tem?<\/a><\/p>\n\n\n\n<p><strong>Maria Menezes<\/strong><\/p>\n\n\n\n<p><a href=\"https:\/\/forumdaimagem.files.wordpress.com\/2020\/08\/2o-acervo-como-espaco-de-criacao.pdf\">O acervo como espa\u00e7o de cria\u00e7\u00e3o<\/a><\/p>\n\n\n\n<p><strong>L\u00edlia Pessanha<\/strong><\/p>\n\n\n\n<p><a href=\"https:\/\/forumdaimagem.files.wordpress.com\/2020\/08\/3jogo-da-memoria_ve-tanto-que-esquece.pdf\">Jogo da Mem\u00f3ria: V\u00ea tanto que esquece<\/a><\/p>\n\n\n\n<p><strong>Rog\u00e9rio F\u00e9lix<\/strong><\/p>\n\n\n\n<p><a href=\"https:\/\/forumdaimagem.files.wordpress.com\/2020\/08\/4bucolico-marginal_uma-experimentacao-em-tempos-pandemicos.pdf\">Buc\u00f3lico Marginal: Uma experimenta\u00e7\u00e3o em tempos pandemicos<\/a><\/p>\n\n\n\n<p><strong>Esther Almeida e Luis Maria<\/strong><\/p>\n\n\n\n<p><a href=\"https:\/\/forumdaimagem.files.wordpress.com\/2020\/08\/5a-imobilidade-na-producao-e-o-que-isso-diz-sobre-os-artistas-contemporaneos.pdf\">A imobilidade na produ\u00e7\u00e3o e o que isso diz sobre os artistas contempor\u00e2neos<\/a><\/p>\n\n\n\n<p><strong>Amanda Amaral e Lindoberto Ferreira<\/strong><\/p>\n\n\n\n<p>Acesse:&nbsp;<a href=\"https:\/\/forumdaimagem.wordpress.com\/textos\/\">https:\/\/forumdaimagem.wordpress.com\/textos\/<\/a><\/p>\n\n\n\n<p><strong><em>Fonte: <a href=\"https:\/\/secult.es.gov.br\/Not%C3%ADcia\/galeria-homero-massena-prorroga-inscricoes-para-forum-da-imagem\">Secult-ES<\/a><\/em><\/strong><\/p>\n","protected":false},"excerpt":{"rendered":"<p>A Galeria Homero Massena (GHM) prorrogou o prazo de inscri\u00e7\u00f5es do chamamento p\u00fablico \u2018F\u00f3rum da Imagem\u2019 para 20 de setembro. O espa\u00e7o busca entender como a produ\u00e7\u00e3o art\u00edstica responde sempre ao seu tempo e \u00e0s suas urg\u00eancias. Para isso, cinco textos cr\u00edticos que falam de mem\u00f3ria, identidade, autoimagem, hist\u00f3ria e cultura foram selecionados na primeira [&hellip;]<\/p>\n","protected":false},"author":2,"featured_media":8521,"comment_status":"open","ping_status":"open","sticky":false,"template":"","format":"standard","meta":{"footnotes":""},"categories":[4],"tags":[4693,397,2556,399],"class_list":["post-8520","post","type-post","status-publish","format-standard","has-post-thumbnail","hentry","category-cultura","tag-forum-da-imagem","tag-galeria-homero-massena","tag-inscricoes","tag-secult-es"],"yoast_head":"<!-- This site is optimized with the Yoast SEO plugin v26.5 - https:\/\/yoast.com\/wordpress\/plugins\/seo\/ -->\n<title>Galeria Homero Massena prorroga inscri\u00e7\u00f5es para \u2018F\u00f3rum da Imagem\u2019 - Jornal Fatos e Not\u00edcias<\/title>\n<meta name=\"robots\" content=\"index, follow, max-snippet:-1, max-image-preview:large, max-video-preview:-1\" \/>\n<link rel=\"canonical\" href=\"https:\/\/jornalfatosenoticias.com.br\/index.php\/2020\/09\/04\/galeria-homero-massena-prorroga-inscricoes-para-forum-da-imagem\/\" \/>\n<meta property=\"og:locale\" content=\"pt_BR\" \/>\n<meta property=\"og:type\" content=\"article\" \/>\n<meta property=\"og:title\" content=\"Galeria Homero Massena prorroga inscri\u00e7\u00f5es para \u2018F\u00f3rum da Imagem\u2019 - Jornal Fatos e Not\u00edcias\" \/>\n<meta property=\"og:description\" content=\"A Galeria Homero Massena (GHM) prorrogou o prazo de inscri\u00e7\u00f5es do chamamento p\u00fablico \u2018F\u00f3rum da Imagem\u2019 para 20 de setembro. O espa\u00e7o busca entender como a produ\u00e7\u00e3o art\u00edstica responde sempre ao seu tempo e \u00e0s suas urg\u00eancias. Para isso, cinco textos cr\u00edticos que falam de mem\u00f3ria, identidade, autoimagem, hist\u00f3ria e cultura foram selecionados na primeira [&hellip;]\" \/>\n<meta property=\"og:url\" content=\"https:\/\/jornalfatosenoticias.com.br\/index.php\/2020\/09\/04\/galeria-homero-massena-prorroga-inscricoes-para-forum-da-imagem\/\" \/>\n<meta property=\"og:site_name\" content=\"Jornal Fatos e Not\u00edcias\" \/>\n<meta property=\"article:published_time\" content=\"2020-09-04T11:56:08+00:00\" \/>\n<meta property=\"article:modified_time\" content=\"2020-09-04T11:56:13+00:00\" \/>\n<meta property=\"og:image\" content=\"https:\/\/jornalfatosenoticias.com.br\/wp-content\/uploads\/2020\/09\/homero-massena_secult.jpeg\" \/>\n\t<meta property=\"og:image:width\" content=\"960\" \/>\n\t<meta property=\"og:image:height\" content=\"539\" \/>\n\t<meta property=\"og:image:type\" content=\"image\/jpeg\" \/>\n<meta name=\"author\" content=\"Luzimara Fernandes\" \/>\n<meta name=\"twitter:card\" content=\"summary_large_image\" \/>\n<meta name=\"twitter:label1\" content=\"Escrito por\" \/>\n\t<meta name=\"twitter:data1\" content=\"Luzimara Fernandes\" \/>\n\t<meta name=\"twitter:label2\" content=\"Est. tempo de leitura\" \/>\n\t<meta name=\"twitter:data2\" content=\"1 minuto\" \/>\n<script type=\"application\/ld+json\" class=\"yoast-schema-graph\">{\"@context\":\"https:\/\/schema.org\",\"@graph\":[{\"@type\":\"Article\",\"@id\":\"https:\/\/jornalfatosenoticias.com.br\/index.php\/2020\/09\/04\/galeria-homero-massena-prorroga-inscricoes-para-forum-da-imagem\/#article\",\"isPartOf\":{\"@id\":\"https:\/\/jornalfatosenoticias.com.br\/index.php\/2020\/09\/04\/galeria-homero-massena-prorroga-inscricoes-para-forum-da-imagem\/\"},\"author\":{\"name\":\"Luzimara Fernandes\",\"@id\":\"https:\/\/jornalfatosenoticias.com.br\/#\/schema\/person\/d63837fa13ac8666eb9e74e0985d6f81\"},\"headline\":\"Galeria Homero Massena prorroga inscri\u00e7\u00f5es para \u2018F\u00f3rum da Imagem\u2019\",\"datePublished\":\"2020-09-04T11:56:08+00:00\",\"dateModified\":\"2020-09-04T11:56:13+00:00\",\"mainEntityOfPage\":{\"@id\":\"https:\/\/jornalfatosenoticias.com.br\/index.php\/2020\/09\/04\/galeria-homero-massena-prorroga-inscricoes-para-forum-da-imagem\/\"},\"wordCount\":235,\"commentCount\":0,\"publisher\":{\"@id\":\"https:\/\/jornalfatosenoticias.com.br\/#organization\"},\"image\":{\"@id\":\"https:\/\/jornalfatosenoticias.com.br\/index.php\/2020\/09\/04\/galeria-homero-massena-prorroga-inscricoes-para-forum-da-imagem\/#primaryimage\"},\"thumbnailUrl\":\"https:\/\/jornalfatosenoticias.com.br\/wp-content\/uploads\/2020\/09\/homero-massena_secult.jpeg\",\"keywords\":[\"F\u00f3rum da Imagem\",\"Galeria Homero Massena\",\"inscri\u00e7\u00f5es\",\"Secult-ES\"],\"articleSection\":[\"Cultura\"],\"inLanguage\":\"pt-BR\",\"potentialAction\":[{\"@type\":\"CommentAction\",\"name\":\"Comment\",\"target\":[\"https:\/\/jornalfatosenoticias.com.br\/index.php\/2020\/09\/04\/galeria-homero-massena-prorroga-inscricoes-para-forum-da-imagem\/#respond\"]}]},{\"@type\":\"WebPage\",\"@id\":\"https:\/\/jornalfatosenoticias.com.br\/index.php\/2020\/09\/04\/galeria-homero-massena-prorroga-inscricoes-para-forum-da-imagem\/\",\"url\":\"https:\/\/jornalfatosenoticias.com.br\/index.php\/2020\/09\/04\/galeria-homero-massena-prorroga-inscricoes-para-forum-da-imagem\/\",\"name\":\"Galeria Homero Massena prorroga inscri\u00e7\u00f5es para \u2018F\u00f3rum da Imagem\u2019 - Jornal Fatos e Not\u00edcias\",\"isPartOf\":{\"@id\":\"https:\/\/jornalfatosenoticias.com.br\/#website\"},\"primaryImageOfPage\":{\"@id\":\"https:\/\/jornalfatosenoticias.com.br\/index.php\/2020\/09\/04\/galeria-homero-massena-prorroga-inscricoes-para-forum-da-imagem\/#primaryimage\"},\"image\":{\"@id\":\"https:\/\/jornalfatosenoticias.com.br\/index.php\/2020\/09\/04\/galeria-homero-massena-prorroga-inscricoes-para-forum-da-imagem\/#primaryimage\"},\"thumbnailUrl\":\"https:\/\/jornalfatosenoticias.com.br\/wp-content\/uploads\/2020\/09\/homero-massena_secult.jpeg\",\"datePublished\":\"2020-09-04T11:56:08+00:00\",\"dateModified\":\"2020-09-04T11:56:13+00:00\",\"breadcrumb\":{\"@id\":\"https:\/\/jornalfatosenoticias.com.br\/index.php\/2020\/09\/04\/galeria-homero-massena-prorroga-inscricoes-para-forum-da-imagem\/#breadcrumb\"},\"inLanguage\":\"pt-BR\",\"potentialAction\":[{\"@type\":\"ReadAction\",\"target\":[\"https:\/\/jornalfatosenoticias.com.br\/index.php\/2020\/09\/04\/galeria-homero-massena-prorroga-inscricoes-para-forum-da-imagem\/\"]}]},{\"@type\":\"ImageObject\",\"inLanguage\":\"pt-BR\",\"@id\":\"https:\/\/jornalfatosenoticias.com.br\/index.php\/2020\/09\/04\/galeria-homero-massena-prorroga-inscricoes-para-forum-da-imagem\/#primaryimage\",\"url\":\"https:\/\/jornalfatosenoticias.com.br\/wp-content\/uploads\/2020\/09\/homero-massena_secult.jpeg\",\"contentUrl\":\"https:\/\/jornalfatosenoticias.com.br\/wp-content\/uploads\/2020\/09\/homero-massena_secult.jpeg\",\"width\":960,\"height\":539},{\"@type\":\"BreadcrumbList\",\"@id\":\"https:\/\/jornalfatosenoticias.com.br\/index.php\/2020\/09\/04\/galeria-homero-massena-prorroga-inscricoes-para-forum-da-imagem\/#breadcrumb\",\"itemListElement\":[{\"@type\":\"ListItem\",\"position\":1,\"name\":\"In\u00edcio\",\"item\":\"https:\/\/jornalfatosenoticias.com.br\/\"},{\"@type\":\"ListItem\",\"position\":2,\"name\":\"Galeria Homero Massena prorroga inscri\u00e7\u00f5es para \u2018F\u00f3rum da Imagem\u2019\"}]},{\"@type\":\"WebSite\",\"@id\":\"https:\/\/jornalfatosenoticias.com.br\/#website\",\"url\":\"https:\/\/jornalfatosenoticias.com.br\/\",\"name\":\"Jornal Fatos e Not\u00edcias\",\"description\":\"Not\u00edcias em geral\",\"publisher\":{\"@id\":\"https:\/\/jornalfatosenoticias.com.br\/#organization\"},\"potentialAction\":[{\"@type\":\"SearchAction\",\"target\":{\"@type\":\"EntryPoint\",\"urlTemplate\":\"https:\/\/jornalfatosenoticias.com.br\/?s={search_term_string}\"},\"query-input\":{\"@type\":\"PropertyValueSpecification\",\"valueRequired\":true,\"valueName\":\"search_term_string\"}}],\"inLanguage\":\"pt-BR\"},{\"@type\":\"Organization\",\"@id\":\"https:\/\/jornalfatosenoticias.com.br\/#organization\",\"name\":\"Jornal Fatos e Not\u00edcias\",\"url\":\"https:\/\/jornalfatosenoticias.com.br\/\",\"logo\":{\"@type\":\"ImageObject\",\"inLanguage\":\"pt-BR\",\"@id\":\"https:\/\/jornalfatosenoticias.com.br\/#\/schema\/logo\/image\/\",\"url\":\"https:\/\/jornalfatosenoticias.com.br\/wp-content\/uploads\/2020\/02\/logo120.png\",\"contentUrl\":\"https:\/\/jornalfatosenoticias.com.br\/wp-content\/uploads\/2020\/02\/logo120.png\",\"width\":1227,\"height\":120,\"caption\":\"Jornal Fatos e Not\u00edcias\"},\"image\":{\"@id\":\"https:\/\/jornalfatosenoticias.com.br\/#\/schema\/logo\/image\/\"}},{\"@type\":\"Person\",\"@id\":\"https:\/\/jornalfatosenoticias.com.br\/#\/schema\/person\/d63837fa13ac8666eb9e74e0985d6f81\",\"name\":\"Luzimara Fernandes\",\"image\":{\"@type\":\"ImageObject\",\"inLanguage\":\"pt-BR\",\"@id\":\"https:\/\/jornalfatosenoticias.com.br\/#\/schema\/person\/image\/\",\"url\":\"https:\/\/jornalfatosenoticias.com.br\/wp-content\/uploads\/2025\/05\/EU_portal.jpg\",\"contentUrl\":\"https:\/\/jornalfatosenoticias.com.br\/wp-content\/uploads\/2025\/05\/EU_portal.jpg\",\"caption\":\"Luzimara Fernandes\"},\"description\":\"Jornalista MTB 2358-ES\",\"sameAs\":[\"https:\/\/jornalfatosenoticias.com.br\"],\"url\":\"https:\/\/jornalfatosenoticias.com.br\/index.php\/author\/luzimara\/\"}]}<\/script>\n<!-- \/ Yoast SEO plugin. -->","yoast_head_json":{"title":"Galeria Homero Massena prorroga inscri\u00e7\u00f5es para \u2018F\u00f3rum da Imagem\u2019 - Jornal Fatos e Not\u00edcias","robots":{"index":"index","follow":"follow","max-snippet":"max-snippet:-1","max-image-preview":"max-image-preview:large","max-video-preview":"max-video-preview:-1"},"canonical":"https:\/\/jornalfatosenoticias.com.br\/index.php\/2020\/09\/04\/galeria-homero-massena-prorroga-inscricoes-para-forum-da-imagem\/","og_locale":"pt_BR","og_type":"article","og_title":"Galeria Homero Massena prorroga inscri\u00e7\u00f5es para \u2018F\u00f3rum da Imagem\u2019 - Jornal Fatos e Not\u00edcias","og_description":"A Galeria Homero Massena (GHM) prorrogou o prazo de inscri\u00e7\u00f5es do chamamento p\u00fablico \u2018F\u00f3rum da Imagem\u2019 para 20 de setembro. O espa\u00e7o busca entender como a produ\u00e7\u00e3o art\u00edstica responde sempre ao seu tempo e \u00e0s suas urg\u00eancias. Para isso, cinco textos cr\u00edticos que falam de mem\u00f3ria, identidade, autoimagem, hist\u00f3ria e cultura foram selecionados na primeira [&hellip;]","og_url":"https:\/\/jornalfatosenoticias.com.br\/index.php\/2020\/09\/04\/galeria-homero-massena-prorroga-inscricoes-para-forum-da-imagem\/","og_site_name":"Jornal Fatos e Not\u00edcias","article_published_time":"2020-09-04T11:56:08+00:00","article_modified_time":"2020-09-04T11:56:13+00:00","og_image":[{"width":960,"height":539,"url":"https:\/\/jornalfatosenoticias.com.br\/wp-content\/uploads\/2020\/09\/homero-massena_secult.jpeg","type":"image\/jpeg"}],"author":"Luzimara Fernandes","twitter_card":"summary_large_image","twitter_misc":{"Escrito por":"Luzimara Fernandes","Est. tempo de leitura":"1 minuto"},"schema":{"@context":"https:\/\/schema.org","@graph":[{"@type":"Article","@id":"https:\/\/jornalfatosenoticias.com.br\/index.php\/2020\/09\/04\/galeria-homero-massena-prorroga-inscricoes-para-forum-da-imagem\/#article","isPartOf":{"@id":"https:\/\/jornalfatosenoticias.com.br\/index.php\/2020\/09\/04\/galeria-homero-massena-prorroga-inscricoes-para-forum-da-imagem\/"},"author":{"name":"Luzimara Fernandes","@id":"https:\/\/jornalfatosenoticias.com.br\/#\/schema\/person\/d63837fa13ac8666eb9e74e0985d6f81"},"headline":"Galeria Homero Massena prorroga inscri\u00e7\u00f5es para \u2018F\u00f3rum da Imagem\u2019","datePublished":"2020-09-04T11:56:08+00:00","dateModified":"2020-09-04T11:56:13+00:00","mainEntityOfPage":{"@id":"https:\/\/jornalfatosenoticias.com.br\/index.php\/2020\/09\/04\/galeria-homero-massena-prorroga-inscricoes-para-forum-da-imagem\/"},"wordCount":235,"commentCount":0,"publisher":{"@id":"https:\/\/jornalfatosenoticias.com.br\/#organization"},"image":{"@id":"https:\/\/jornalfatosenoticias.com.br\/index.php\/2020\/09\/04\/galeria-homero-massena-prorroga-inscricoes-para-forum-da-imagem\/#primaryimage"},"thumbnailUrl":"https:\/\/jornalfatosenoticias.com.br\/wp-content\/uploads\/2020\/09\/homero-massena_secult.jpeg","keywords":["F\u00f3rum da Imagem","Galeria Homero Massena","inscri\u00e7\u00f5es","Secult-ES"],"articleSection":["Cultura"],"inLanguage":"pt-BR","potentialAction":[{"@type":"CommentAction","name":"Comment","target":["https:\/\/jornalfatosenoticias.com.br\/index.php\/2020\/09\/04\/galeria-homero-massena-prorroga-inscricoes-para-forum-da-imagem\/#respond"]}]},{"@type":"WebPage","@id":"https:\/\/jornalfatosenoticias.com.br\/index.php\/2020\/09\/04\/galeria-homero-massena-prorroga-inscricoes-para-forum-da-imagem\/","url":"https:\/\/jornalfatosenoticias.com.br\/index.php\/2020\/09\/04\/galeria-homero-massena-prorroga-inscricoes-para-forum-da-imagem\/","name":"Galeria Homero Massena prorroga inscri\u00e7\u00f5es para \u2018F\u00f3rum da Imagem\u2019 - Jornal Fatos e Not\u00edcias","isPartOf":{"@id":"https:\/\/jornalfatosenoticias.com.br\/#website"},"primaryImageOfPage":{"@id":"https:\/\/jornalfatosenoticias.com.br\/index.php\/2020\/09\/04\/galeria-homero-massena-prorroga-inscricoes-para-forum-da-imagem\/#primaryimage"},"image":{"@id":"https:\/\/jornalfatosenoticias.com.br\/index.php\/2020\/09\/04\/galeria-homero-massena-prorroga-inscricoes-para-forum-da-imagem\/#primaryimage"},"thumbnailUrl":"https:\/\/jornalfatosenoticias.com.br\/wp-content\/uploads\/2020\/09\/homero-massena_secult.jpeg","datePublished":"2020-09-04T11:56:08+00:00","dateModified":"2020-09-04T11:56:13+00:00","breadcrumb":{"@id":"https:\/\/jornalfatosenoticias.com.br\/index.php\/2020\/09\/04\/galeria-homero-massena-prorroga-inscricoes-para-forum-da-imagem\/#breadcrumb"},"inLanguage":"pt-BR","potentialAction":[{"@type":"ReadAction","target":["https:\/\/jornalfatosenoticias.com.br\/index.php\/2020\/09\/04\/galeria-homero-massena-prorroga-inscricoes-para-forum-da-imagem\/"]}]},{"@type":"ImageObject","inLanguage":"pt-BR","@id":"https:\/\/jornalfatosenoticias.com.br\/index.php\/2020\/09\/04\/galeria-homero-massena-prorroga-inscricoes-para-forum-da-imagem\/#primaryimage","url":"https:\/\/jornalfatosenoticias.com.br\/wp-content\/uploads\/2020\/09\/homero-massena_secult.jpeg","contentUrl":"https:\/\/jornalfatosenoticias.com.br\/wp-content\/uploads\/2020\/09\/homero-massena_secult.jpeg","width":960,"height":539},{"@type":"BreadcrumbList","@id":"https:\/\/jornalfatosenoticias.com.br\/index.php\/2020\/09\/04\/galeria-homero-massena-prorroga-inscricoes-para-forum-da-imagem\/#breadcrumb","itemListElement":[{"@type":"ListItem","position":1,"name":"In\u00edcio","item":"https:\/\/jornalfatosenoticias.com.br\/"},{"@type":"ListItem","position":2,"name":"Galeria Homero Massena prorroga inscri\u00e7\u00f5es para \u2018F\u00f3rum da Imagem\u2019"}]},{"@type":"WebSite","@id":"https:\/\/jornalfatosenoticias.com.br\/#website","url":"https:\/\/jornalfatosenoticias.com.br\/","name":"Jornal Fatos e Not\u00edcias","description":"Not\u00edcias em geral","publisher":{"@id":"https:\/\/jornalfatosenoticias.com.br\/#organization"},"potentialAction":[{"@type":"SearchAction","target":{"@type":"EntryPoint","urlTemplate":"https:\/\/jornalfatosenoticias.com.br\/?s={search_term_string}"},"query-input":{"@type":"PropertyValueSpecification","valueRequired":true,"valueName":"search_term_string"}}],"inLanguage":"pt-BR"},{"@type":"Organization","@id":"https:\/\/jornalfatosenoticias.com.br\/#organization","name":"Jornal Fatos e Not\u00edcias","url":"https:\/\/jornalfatosenoticias.com.br\/","logo":{"@type":"ImageObject","inLanguage":"pt-BR","@id":"https:\/\/jornalfatosenoticias.com.br\/#\/schema\/logo\/image\/","url":"https:\/\/jornalfatosenoticias.com.br\/wp-content\/uploads\/2020\/02\/logo120.png","contentUrl":"https:\/\/jornalfatosenoticias.com.br\/wp-content\/uploads\/2020\/02\/logo120.png","width":1227,"height":120,"caption":"Jornal Fatos e Not\u00edcias"},"image":{"@id":"https:\/\/jornalfatosenoticias.com.br\/#\/schema\/logo\/image\/"}},{"@type":"Person","@id":"https:\/\/jornalfatosenoticias.com.br\/#\/schema\/person\/d63837fa13ac8666eb9e74e0985d6f81","name":"Luzimara Fernandes","image":{"@type":"ImageObject","inLanguage":"pt-BR","@id":"https:\/\/jornalfatosenoticias.com.br\/#\/schema\/person\/image\/","url":"https:\/\/jornalfatosenoticias.com.br\/wp-content\/uploads\/2025\/05\/EU_portal.jpg","contentUrl":"https:\/\/jornalfatosenoticias.com.br\/wp-content\/uploads\/2025\/05\/EU_portal.jpg","caption":"Luzimara Fernandes"},"description":"Jornalista MTB 2358-ES","sameAs":["https:\/\/jornalfatosenoticias.com.br"],"url":"https:\/\/jornalfatosenoticias.com.br\/index.php\/author\/luzimara\/"}]}},"cc_featured_image_caption":{"caption_text":"(Foto: Ascom Secult) ","source_text":"","source_url":""},"jetpack_featured_media_url":"https:\/\/jornalfatosenoticias.com.br\/wp-content\/uploads\/2020\/09\/homero-massena_secult.jpeg","_links":{"self":[{"href":"https:\/\/jornalfatosenoticias.com.br\/index.php\/wp-json\/wp\/v2\/posts\/8520","targetHints":{"allow":["GET"]}}],"collection":[{"href":"https:\/\/jornalfatosenoticias.com.br\/index.php\/wp-json\/wp\/v2\/posts"}],"about":[{"href":"https:\/\/jornalfatosenoticias.com.br\/index.php\/wp-json\/wp\/v2\/types\/post"}],"author":[{"embeddable":true,"href":"https:\/\/jornalfatosenoticias.com.br\/index.php\/wp-json\/wp\/v2\/users\/2"}],"replies":[{"embeddable":true,"href":"https:\/\/jornalfatosenoticias.com.br\/index.php\/wp-json\/wp\/v2\/comments?post=8520"}],"version-history":[{"count":0,"href":"https:\/\/jornalfatosenoticias.com.br\/index.php\/wp-json\/wp\/v2\/posts\/8520\/revisions"}],"wp:featuredmedia":[{"embeddable":true,"href":"https:\/\/jornalfatosenoticias.com.br\/index.php\/wp-json\/wp\/v2\/media\/8521"}],"wp:attachment":[{"href":"https:\/\/jornalfatosenoticias.com.br\/index.php\/wp-json\/wp\/v2\/media?parent=8520"}],"wp:term":[{"taxonomy":"category","embeddable":true,"href":"https:\/\/jornalfatosenoticias.com.br\/index.php\/wp-json\/wp\/v2\/categories?post=8520"},{"taxonomy":"post_tag","embeddable":true,"href":"https:\/\/jornalfatosenoticias.com.br\/index.php\/wp-json\/wp\/v2\/tags?post=8520"}],"curies":[{"name":"wp","href":"https:\/\/api.w.org\/{rel}","templated":true}]}}