{"id":8536,"date":"2020-09-04T09:16:00","date_gmt":"2020-09-04T12:16:00","guid":{"rendered":"https:\/\/jornalfatosenoticias.com.br\/?p=8536"},"modified":"2020-09-04T09:16:04","modified_gmt":"2020-09-04T12:16:04","slug":"projetos-inovadores-de-alunos-de-escolas-publicas-recebem-homenagem","status":"publish","type":"post","link":"https:\/\/jornalfatosenoticias.com.br\/index.php\/2020\/09\/04\/projetos-inovadores-de-alunos-de-escolas-publicas-recebem-homenagem\/","title":{"rendered":"Projetos inovadores de alunos de escolas p\u00fablicas recebem homenagem"},"content":{"rendered":"\n<h6 class=\"wp-block-heading\"><em>Confira a hist\u00f3ria de como estudantes que participaram do Respostas para o Amanh\u00e3, pr\u00eamio criado pela Samsung, desenvolveram uma nova forma para tratar \u00e1gua no interior de Goi\u00e1s<\/em><\/h6>\n\n\n\n<p>A Samsung est\u00e1 comemorando seis anos do programa Respostas para o Amanh\u00e3 no Brasil, uma iniciativa global da empresa e que conta com a coordena\u00e7\u00e3o t\u00e9cnica do Centro de Estudos e Pesquisas em Educa\u00e7\u00e3o, Cultura e A\u00e7\u00e3o Comunit\u00e1ria (Cenpec Educa\u00e7\u00e3o) para estimular projetos focados em ci\u00eancias, tecnologia, engenharia e matem\u00e1tica.<br>Apresentado em 2014, o programa j\u00e1 atingiu mais de 161 mil alunos e 14,8 mil professores de 4,7 mil escolas p\u00fablicas do Pa\u00eds. A cada edi\u00e7\u00e3o, estudantes do ensino m\u00e9dio da rede p\u00fablica s\u00e3o desafiados a desenvolver solu\u00e7\u00f5es para problemas locais por meio da experimenta\u00e7\u00e3o cient\u00edfica e tecnol\u00f3gica, sob orienta\u00e7\u00e3o de professores das \u00e1reas de ci\u00eancias e matem\u00e1tica.<br>Para homenagear e relembrar os principais projetos desenvolvidos por participantes do Respostas para o Amanh\u00e3, a empresa lan\u00e7ou epis\u00f3dios contando as hist\u00f3rias dos vencedores. A a\u00e7\u00e3o segue o posicionamento Do What You Can\u2019t, que empodera as pessoas a realizarem o que elas acham imposs\u00edvel, mostrando a capacidade de cada um para superar qualquer barreira.<br>O primeiro projeto a ser premiado pelo programa, l\u00e1 em 2015, foi orientado pela professora Ayanda Ferreira Nascimento Lima e realizado por seus alunos do 2\u00ba ano do ensino m\u00e9dio do Col\u00e9gio Estadual Dom Veloso, em Itumbiara, Goi\u00e1s. Segundo Lima, o in\u00edcio do projeto foi um desafio. \u201cEles eram uma turma dif\u00edcil, desinteressada, mas eu me dispus a ficar com eles e acreditava em uma mudan\u00e7a, j\u00e1 que, para mim, a educa\u00e7\u00e3o pode mudar vidas&#8221;, afirma a professora.<\/p>\n\n\n\n<figure class=\"wp-block-image size-large\"><img loading=\"lazy\" decoding=\"async\" width=\"900\" height=\"596\" src=\"https:\/\/jornalfatosenoticias.com.br\/wp-content\/uploads\/2020\/09\/respostas-para-o-amanha2.jpg\" alt=\"\" class=\"wp-image-8537\" srcset=\"https:\/\/jornalfatosenoticias.com.br\/wp-content\/uploads\/2020\/09\/respostas-para-o-amanha2.jpg 900w, https:\/\/jornalfatosenoticias.com.br\/wp-content\/uploads\/2020\/09\/respostas-para-o-amanha2-300x199.jpg 300w, https:\/\/jornalfatosenoticias.com.br\/wp-content\/uploads\/2020\/09\/respostas-para-o-amanha2-768x509.jpg 768w\" sizes=\"auto, (max-width: 900px) 100vw, 900px\" \/><figcaption><em>Projetos inovadores de alunos e professores da rede p\u00fablica recebem homenagem (Foto: <\/em>Reprodu\u00e7\u00e3o<em>)<\/em><\/figcaption><\/figure>\n\n\n\n<p>Cerca de um quarto dos mais de 100 mil habitantes de Itumbiara vive em \u00e1rea rural e n\u00e3o possui f\u00e1cil acesso \u00e0 \u00e1gua pot\u00e1vel. Por isso, Lima e os estudantes se inscreveram no programa da Samsung e passaram a se interessar mais pelas aulas e por ci\u00eancia a fim de venceram o concurso e acharem uma solu\u00e7\u00e3o para o problema. \u201cO pr\u00eamio foi uma loucura para todos n\u00f3s\u201d, relembra Lima.<br>Depois de pensarem muito em um projeto, eles decidiram criar um m\u00e9todo de tratamento de \u00e1gua com o potencial antimicrobiano do extrato da semente da moringa oleifera (tamb\u00e9m conhecida como ac\u00e1cia-branca), algo que a fam\u00edlia de uma das alunas j\u00e1 fazia. A ideia surgiu ap\u00f3s uma aluna da classe ficar doente por conta da falta de saneamento b\u00e1sico. Eles, ent\u00e3o, usaram o laborat\u00f3rio da escola para realizar as pesquisas e os testes, at\u00e9 descobrirem que o material, ao entrar em contato com a \u00e1gua em cisternas, comuns na regi\u00e3o, liberava enzimas que \u201csugam\u201d as impurezas, eliminando as bact\u00e9rias presentes em \u00e1gua n\u00e3o tratada.<br>Vencedor entre os 342 projetos inscritos, o col\u00e9gio foi equipado com 40 notebooks Samsung, enquanto os participantes receberam tablets e celulares. Hoje, o col\u00e9gio \u00e9 refer\u00eancia de ensino na regi\u00e3o e muitos dos criadores do projeto foram para universidades federais. \u201cUm estudante me disse \u2018esse projeto mudou minha vida\u2019 e a minha tamb\u00e9m. Hoje eu me sinto quase a Mulher-Maravilha. Acredito mais no meu potencial como professora\u201d, disse Ayanda.<br>Para participar, a inscri\u00e7\u00e3o deve ser feita por professores de biologia, f\u00edsica, qu\u00edmica e matem\u00e1tica ou outras disciplinas pertencentes \u00e0s \u00e1reas das Ci\u00eancias da Natureza e da Matem\u00e1tica e suas Tecnologias. Os profissionais devem lecionar no ensino m\u00e9dio, em escolas p\u00fablicas das redes municipal, estadual ou federal. O professor que realizar a inscri\u00e7\u00e3o ser\u00e1 o orientador do projeto. As inscri\u00e7\u00f5es de 2020 j\u00e1 se encerraram, mas vale a pena conferir as regras no site oficial (https:\/\/respostasparaoamanha.com.br\/) do programa e se preparar para a edi\u00e7\u00e3o de 2021.<\/p>\n\n\n\n<figure class=\"wp-block-embed-youtube wp-block-embed is-type-video is-provider-youtube wp-embed-aspect-16-9 wp-has-aspect-ratio\"><div class=\"wp-block-embed__wrapper\">\nhttps:\/\/www.youtube.com\/watch?v=irI-PhhpC7Q&#038;feature=emb_logo\n<\/div><\/figure>\n\n\n\n<p><strong><em>Fonte: <a href=\"https:\/\/revistagalileu.globo.com\/Sociedade\/noticia\/2020\/09\/projetos-inovadores-de-alunos-de-escolas-publicas-recebem-homenagem.html\">Revista Galileu<\/a><\/em><\/strong><\/p>\n","protected":false},"excerpt":{"rendered":"<p>Confira a hist\u00f3ria de como estudantes que participaram do Respostas para o Amanh\u00e3, pr\u00eamio criado pela Samsung, desenvolveram uma nova forma para tratar \u00e1gua no interior de Goi\u00e1s A Samsung est\u00e1 comemorando seis anos do programa Respostas para o Amanh\u00e3 no Brasil, uma iniciativa global da empresa e que conta com a coordena\u00e7\u00e3o t\u00e9cnica do [&hellip;]<\/p>\n","protected":false},"author":2,"featured_media":8538,"comment_status":"open","ping_status":"open","sticky":false,"template":"","format":"standard","meta":{"footnotes":""},"categories":[7],"tags":[649,3424,4701,4702],"class_list":["post-8536","post","type-post","status-publish","format-standard","has-post-thumbnail","hentry","category-educacao","tag-alunos","tag-escolas-publicas","tag-projetos-inovadores","tag-respostas-para-o-amanha"],"yoast_head":"<!-- This site is optimized with the Yoast SEO plugin v26.5 - https:\/\/yoast.com\/wordpress\/plugins\/seo\/ -->\n<title>Projetos inovadores de alunos de escolas p\u00fablicas recebem homenagem - Jornal Fatos e Not\u00edcias<\/title>\n<meta name=\"robots\" content=\"index, follow, max-snippet:-1, max-image-preview:large, max-video-preview:-1\" \/>\n<link rel=\"canonical\" href=\"https:\/\/jornalfatosenoticias.com.br\/index.php\/2020\/09\/04\/projetos-inovadores-de-alunos-de-escolas-publicas-recebem-homenagem\/\" \/>\n<meta property=\"og:locale\" content=\"pt_BR\" \/>\n<meta property=\"og:type\" content=\"article\" \/>\n<meta property=\"og:title\" content=\"Projetos inovadores de alunos de escolas p\u00fablicas recebem homenagem - Jornal Fatos e Not\u00edcias\" \/>\n<meta property=\"og:description\" content=\"Confira a hist\u00f3ria de como estudantes que participaram do Respostas para o Amanh\u00e3, pr\u00eamio criado pela Samsung, desenvolveram uma nova forma para tratar \u00e1gua no interior de Goi\u00e1s A Samsung est\u00e1 comemorando seis anos do programa Respostas para o Amanh\u00e3 no Brasil, uma iniciativa global da empresa e que conta com a coordena\u00e7\u00e3o t\u00e9cnica do [&hellip;]\" \/>\n<meta property=\"og:url\" content=\"https:\/\/jornalfatosenoticias.com.br\/index.php\/2020\/09\/04\/projetos-inovadores-de-alunos-de-escolas-publicas-recebem-homenagem\/\" \/>\n<meta property=\"og:site_name\" content=\"Jornal Fatos e Not\u00edcias\" \/>\n<meta property=\"article:published_time\" content=\"2020-09-04T12:16:00+00:00\" \/>\n<meta property=\"article:modified_time\" content=\"2020-09-04T12:16:04+00:00\" \/>\n<meta property=\"og:image\" content=\"https:\/\/jornalfatosenoticias.com.br\/wp-content\/uploads\/2020\/09\/Projetos-inovadores-de-alunos-e-professores-da-rede-publica-recebem-homenagem.jpg\" \/>\n\t<meta property=\"og:image:width\" content=\"960\" \/>\n\t<meta property=\"og:image:height\" content=\"661\" \/>\n\t<meta property=\"og:image:type\" content=\"image\/jpeg\" \/>\n<meta name=\"author\" content=\"Luzimara Fernandes\" \/>\n<meta name=\"twitter:card\" content=\"summary_large_image\" \/>\n<meta name=\"twitter:label1\" content=\"Escrito por\" \/>\n\t<meta name=\"twitter:data1\" content=\"Luzimara Fernandes\" \/>\n\t<meta name=\"twitter:label2\" content=\"Est. tempo de leitura\" \/>\n\t<meta name=\"twitter:data2\" content=\"3 minutos\" \/>\n<script type=\"application\/ld+json\" class=\"yoast-schema-graph\">{\"@context\":\"https:\/\/schema.org\",\"@graph\":[{\"@type\":\"Article\",\"@id\":\"https:\/\/jornalfatosenoticias.com.br\/index.php\/2020\/09\/04\/projetos-inovadores-de-alunos-de-escolas-publicas-recebem-homenagem\/#article\",\"isPartOf\":{\"@id\":\"https:\/\/jornalfatosenoticias.com.br\/index.php\/2020\/09\/04\/projetos-inovadores-de-alunos-de-escolas-publicas-recebem-homenagem\/\"},\"author\":{\"name\":\"Luzimara Fernandes\",\"@id\":\"https:\/\/jornalfatosenoticias.com.br\/#\/schema\/person\/d63837fa13ac8666eb9e74e0985d6f81\"},\"headline\":\"Projetos inovadores de alunos de escolas p\u00fablicas recebem homenagem\",\"datePublished\":\"2020-09-04T12:16:00+00:00\",\"dateModified\":\"2020-09-04T12:16:04+00:00\",\"mainEntityOfPage\":{\"@id\":\"https:\/\/jornalfatosenoticias.com.br\/index.php\/2020\/09\/04\/projetos-inovadores-de-alunos-de-escolas-publicas-recebem-homenagem\/\"},\"wordCount\":697,\"commentCount\":0,\"publisher\":{\"@id\":\"https:\/\/jornalfatosenoticias.com.br\/#organization\"},\"image\":{\"@id\":\"https:\/\/jornalfatosenoticias.com.br\/index.php\/2020\/09\/04\/projetos-inovadores-de-alunos-de-escolas-publicas-recebem-homenagem\/#primaryimage\"},\"thumbnailUrl\":\"https:\/\/jornalfatosenoticias.com.br\/wp-content\/uploads\/2020\/09\/Projetos-inovadores-de-alunos-e-professores-da-rede-publica-recebem-homenagem.jpg\",\"keywords\":[\"alunos\",\"escolas p\u00fablicas\",\"projetos inovadores\",\"Respostas para o Amanh\u00e3\"],\"articleSection\":[\"Educa\u00e7\u00e3o\"],\"inLanguage\":\"pt-BR\",\"potentialAction\":[{\"@type\":\"CommentAction\",\"name\":\"Comment\",\"target\":[\"https:\/\/jornalfatosenoticias.com.br\/index.php\/2020\/09\/04\/projetos-inovadores-de-alunos-de-escolas-publicas-recebem-homenagem\/#respond\"]}]},{\"@type\":\"WebPage\",\"@id\":\"https:\/\/jornalfatosenoticias.com.br\/index.php\/2020\/09\/04\/projetos-inovadores-de-alunos-de-escolas-publicas-recebem-homenagem\/\",\"url\":\"https:\/\/jornalfatosenoticias.com.br\/index.php\/2020\/09\/04\/projetos-inovadores-de-alunos-de-escolas-publicas-recebem-homenagem\/\",\"name\":\"Projetos inovadores de alunos de escolas p\u00fablicas recebem homenagem - Jornal Fatos e Not\u00edcias\",\"isPartOf\":{\"@id\":\"https:\/\/jornalfatosenoticias.com.br\/#website\"},\"primaryImageOfPage\":{\"@id\":\"https:\/\/jornalfatosenoticias.com.br\/index.php\/2020\/09\/04\/projetos-inovadores-de-alunos-de-escolas-publicas-recebem-homenagem\/#primaryimage\"},\"image\":{\"@id\":\"https:\/\/jornalfatosenoticias.com.br\/index.php\/2020\/09\/04\/projetos-inovadores-de-alunos-de-escolas-publicas-recebem-homenagem\/#primaryimage\"},\"thumbnailUrl\":\"https:\/\/jornalfatosenoticias.com.br\/wp-content\/uploads\/2020\/09\/Projetos-inovadores-de-alunos-e-professores-da-rede-publica-recebem-homenagem.jpg\",\"datePublished\":\"2020-09-04T12:16:00+00:00\",\"dateModified\":\"2020-09-04T12:16:04+00:00\",\"breadcrumb\":{\"@id\":\"https:\/\/jornalfatosenoticias.com.br\/index.php\/2020\/09\/04\/projetos-inovadores-de-alunos-de-escolas-publicas-recebem-homenagem\/#breadcrumb\"},\"inLanguage\":\"pt-BR\",\"potentialAction\":[{\"@type\":\"ReadAction\",\"target\":[\"https:\/\/jornalfatosenoticias.com.br\/index.php\/2020\/09\/04\/projetos-inovadores-de-alunos-de-escolas-publicas-recebem-homenagem\/\"]}]},{\"@type\":\"ImageObject\",\"inLanguage\":\"pt-BR\",\"@id\":\"https:\/\/jornalfatosenoticias.com.br\/index.php\/2020\/09\/04\/projetos-inovadores-de-alunos-de-escolas-publicas-recebem-homenagem\/#primaryimage\",\"url\":\"https:\/\/jornalfatosenoticias.com.br\/wp-content\/uploads\/2020\/09\/Projetos-inovadores-de-alunos-e-professores-da-rede-publica-recebem-homenagem.jpg\",\"contentUrl\":\"https:\/\/jornalfatosenoticias.com.br\/wp-content\/uploads\/2020\/09\/Projetos-inovadores-de-alunos-e-professores-da-rede-publica-recebem-homenagem.jpg\",\"width\":960,\"height\":661},{\"@type\":\"BreadcrumbList\",\"@id\":\"https:\/\/jornalfatosenoticias.com.br\/index.php\/2020\/09\/04\/projetos-inovadores-de-alunos-de-escolas-publicas-recebem-homenagem\/#breadcrumb\",\"itemListElement\":[{\"@type\":\"ListItem\",\"position\":1,\"name\":\"In\u00edcio\",\"item\":\"https:\/\/jornalfatosenoticias.com.br\/\"},{\"@type\":\"ListItem\",\"position\":2,\"name\":\"Projetos inovadores de alunos de escolas p\u00fablicas recebem homenagem\"}]},{\"@type\":\"WebSite\",\"@id\":\"https:\/\/jornalfatosenoticias.com.br\/#website\",\"url\":\"https:\/\/jornalfatosenoticias.com.br\/\",\"name\":\"Jornal Fatos e Not\u00edcias\",\"description\":\"Not\u00edcias em geral\",\"publisher\":{\"@id\":\"https:\/\/jornalfatosenoticias.com.br\/#organization\"},\"potentialAction\":[{\"@type\":\"SearchAction\",\"target\":{\"@type\":\"EntryPoint\",\"urlTemplate\":\"https:\/\/jornalfatosenoticias.com.br\/?s={search_term_string}\"},\"query-input\":{\"@type\":\"PropertyValueSpecification\",\"valueRequired\":true,\"valueName\":\"search_term_string\"}}],\"inLanguage\":\"pt-BR\"},{\"@type\":\"Organization\",\"@id\":\"https:\/\/jornalfatosenoticias.com.br\/#organization\",\"name\":\"Jornal Fatos e Not\u00edcias\",\"url\":\"https:\/\/jornalfatosenoticias.com.br\/\",\"logo\":{\"@type\":\"ImageObject\",\"inLanguage\":\"pt-BR\",\"@id\":\"https:\/\/jornalfatosenoticias.com.br\/#\/schema\/logo\/image\/\",\"url\":\"https:\/\/jornalfatosenoticias.com.br\/wp-content\/uploads\/2020\/02\/logo120.png\",\"contentUrl\":\"https:\/\/jornalfatosenoticias.com.br\/wp-content\/uploads\/2020\/02\/logo120.png\",\"width\":1227,\"height\":120,\"caption\":\"Jornal Fatos e Not\u00edcias\"},\"image\":{\"@id\":\"https:\/\/jornalfatosenoticias.com.br\/#\/schema\/logo\/image\/\"}},{\"@type\":\"Person\",\"@id\":\"https:\/\/jornalfatosenoticias.com.br\/#\/schema\/person\/d63837fa13ac8666eb9e74e0985d6f81\",\"name\":\"Luzimara Fernandes\",\"image\":{\"@type\":\"ImageObject\",\"inLanguage\":\"pt-BR\",\"@id\":\"https:\/\/jornalfatosenoticias.com.br\/#\/schema\/person\/image\/\",\"url\":\"https:\/\/jornalfatosenoticias.com.br\/wp-content\/uploads\/2025\/05\/EU_portal.jpg\",\"contentUrl\":\"https:\/\/jornalfatosenoticias.com.br\/wp-content\/uploads\/2025\/05\/EU_portal.jpg\",\"caption\":\"Luzimara Fernandes\"},\"description\":\"Jornalista MTB 2358-ES\",\"sameAs\":[\"https:\/\/jornalfatosenoticias.com.br\"],\"url\":\"https:\/\/jornalfatosenoticias.com.br\/index.php\/author\/luzimara\/\"}]}<\/script>\n<!-- \/ Yoast SEO plugin. -->","yoast_head_json":{"title":"Projetos inovadores de alunos de escolas p\u00fablicas recebem homenagem - Jornal Fatos e Not\u00edcias","robots":{"index":"index","follow":"follow","max-snippet":"max-snippet:-1","max-image-preview":"max-image-preview:large","max-video-preview":"max-video-preview:-1"},"canonical":"https:\/\/jornalfatosenoticias.com.br\/index.php\/2020\/09\/04\/projetos-inovadores-de-alunos-de-escolas-publicas-recebem-homenagem\/","og_locale":"pt_BR","og_type":"article","og_title":"Projetos inovadores de alunos de escolas p\u00fablicas recebem homenagem - Jornal Fatos e Not\u00edcias","og_description":"Confira a hist\u00f3ria de como estudantes que participaram do Respostas para o Amanh\u00e3, pr\u00eamio criado pela Samsung, desenvolveram uma nova forma para tratar \u00e1gua no interior de Goi\u00e1s A Samsung est\u00e1 comemorando seis anos do programa Respostas para o Amanh\u00e3 no Brasil, uma iniciativa global da empresa e que conta com a coordena\u00e7\u00e3o t\u00e9cnica do [&hellip;]","og_url":"https:\/\/jornalfatosenoticias.com.br\/index.php\/2020\/09\/04\/projetos-inovadores-de-alunos-de-escolas-publicas-recebem-homenagem\/","og_site_name":"Jornal Fatos e Not\u00edcias","article_published_time":"2020-09-04T12:16:00+00:00","article_modified_time":"2020-09-04T12:16:04+00:00","og_image":[{"width":960,"height":661,"url":"https:\/\/jornalfatosenoticias.com.br\/wp-content\/uploads\/2020\/09\/Projetos-inovadores-de-alunos-e-professores-da-rede-publica-recebem-homenagem.jpg","type":"image\/jpeg"}],"author":"Luzimara Fernandes","twitter_card":"summary_large_image","twitter_misc":{"Escrito por":"Luzimara Fernandes","Est. tempo de leitura":"3 minutos"},"schema":{"@context":"https:\/\/schema.org","@graph":[{"@type":"Article","@id":"https:\/\/jornalfatosenoticias.com.br\/index.php\/2020\/09\/04\/projetos-inovadores-de-alunos-de-escolas-publicas-recebem-homenagem\/#article","isPartOf":{"@id":"https:\/\/jornalfatosenoticias.com.br\/index.php\/2020\/09\/04\/projetos-inovadores-de-alunos-de-escolas-publicas-recebem-homenagem\/"},"author":{"name":"Luzimara Fernandes","@id":"https:\/\/jornalfatosenoticias.com.br\/#\/schema\/person\/d63837fa13ac8666eb9e74e0985d6f81"},"headline":"Projetos inovadores de alunos de escolas p\u00fablicas recebem homenagem","datePublished":"2020-09-04T12:16:00+00:00","dateModified":"2020-09-04T12:16:04+00:00","mainEntityOfPage":{"@id":"https:\/\/jornalfatosenoticias.com.br\/index.php\/2020\/09\/04\/projetos-inovadores-de-alunos-de-escolas-publicas-recebem-homenagem\/"},"wordCount":697,"commentCount":0,"publisher":{"@id":"https:\/\/jornalfatosenoticias.com.br\/#organization"},"image":{"@id":"https:\/\/jornalfatosenoticias.com.br\/index.php\/2020\/09\/04\/projetos-inovadores-de-alunos-de-escolas-publicas-recebem-homenagem\/#primaryimage"},"thumbnailUrl":"https:\/\/jornalfatosenoticias.com.br\/wp-content\/uploads\/2020\/09\/Projetos-inovadores-de-alunos-e-professores-da-rede-publica-recebem-homenagem.jpg","keywords":["alunos","escolas p\u00fablicas","projetos inovadores","Respostas para o Amanh\u00e3"],"articleSection":["Educa\u00e7\u00e3o"],"inLanguage":"pt-BR","potentialAction":[{"@type":"CommentAction","name":"Comment","target":["https:\/\/jornalfatosenoticias.com.br\/index.php\/2020\/09\/04\/projetos-inovadores-de-alunos-de-escolas-publicas-recebem-homenagem\/#respond"]}]},{"@type":"WebPage","@id":"https:\/\/jornalfatosenoticias.com.br\/index.php\/2020\/09\/04\/projetos-inovadores-de-alunos-de-escolas-publicas-recebem-homenagem\/","url":"https:\/\/jornalfatosenoticias.com.br\/index.php\/2020\/09\/04\/projetos-inovadores-de-alunos-de-escolas-publicas-recebem-homenagem\/","name":"Projetos inovadores de alunos de escolas p\u00fablicas recebem homenagem - Jornal Fatos e Not\u00edcias","isPartOf":{"@id":"https:\/\/jornalfatosenoticias.com.br\/#website"},"primaryImageOfPage":{"@id":"https:\/\/jornalfatosenoticias.com.br\/index.php\/2020\/09\/04\/projetos-inovadores-de-alunos-de-escolas-publicas-recebem-homenagem\/#primaryimage"},"image":{"@id":"https:\/\/jornalfatosenoticias.com.br\/index.php\/2020\/09\/04\/projetos-inovadores-de-alunos-de-escolas-publicas-recebem-homenagem\/#primaryimage"},"thumbnailUrl":"https:\/\/jornalfatosenoticias.com.br\/wp-content\/uploads\/2020\/09\/Projetos-inovadores-de-alunos-e-professores-da-rede-publica-recebem-homenagem.jpg","datePublished":"2020-09-04T12:16:00+00:00","dateModified":"2020-09-04T12:16:04+00:00","breadcrumb":{"@id":"https:\/\/jornalfatosenoticias.com.br\/index.php\/2020\/09\/04\/projetos-inovadores-de-alunos-de-escolas-publicas-recebem-homenagem\/#breadcrumb"},"inLanguage":"pt-BR","potentialAction":[{"@type":"ReadAction","target":["https:\/\/jornalfatosenoticias.com.br\/index.php\/2020\/09\/04\/projetos-inovadores-de-alunos-de-escolas-publicas-recebem-homenagem\/"]}]},{"@type":"ImageObject","inLanguage":"pt-BR","@id":"https:\/\/jornalfatosenoticias.com.br\/index.php\/2020\/09\/04\/projetos-inovadores-de-alunos-de-escolas-publicas-recebem-homenagem\/#primaryimage","url":"https:\/\/jornalfatosenoticias.com.br\/wp-content\/uploads\/2020\/09\/Projetos-inovadores-de-alunos-e-professores-da-rede-publica-recebem-homenagem.jpg","contentUrl":"https:\/\/jornalfatosenoticias.com.br\/wp-content\/uploads\/2020\/09\/Projetos-inovadores-de-alunos-e-professores-da-rede-publica-recebem-homenagem.jpg","width":960,"height":661},{"@type":"BreadcrumbList","@id":"https:\/\/jornalfatosenoticias.com.br\/index.php\/2020\/09\/04\/projetos-inovadores-de-alunos-de-escolas-publicas-recebem-homenagem\/#breadcrumb","itemListElement":[{"@type":"ListItem","position":1,"name":"In\u00edcio","item":"https:\/\/jornalfatosenoticias.com.br\/"},{"@type":"ListItem","position":2,"name":"Projetos inovadores de alunos de escolas p\u00fablicas recebem homenagem"}]},{"@type":"WebSite","@id":"https:\/\/jornalfatosenoticias.com.br\/#website","url":"https:\/\/jornalfatosenoticias.com.br\/","name":"Jornal Fatos e Not\u00edcias","description":"Not\u00edcias em geral","publisher":{"@id":"https:\/\/jornalfatosenoticias.com.br\/#organization"},"potentialAction":[{"@type":"SearchAction","target":{"@type":"EntryPoint","urlTemplate":"https:\/\/jornalfatosenoticias.com.br\/?s={search_term_string}"},"query-input":{"@type":"PropertyValueSpecification","valueRequired":true,"valueName":"search_term_string"}}],"inLanguage":"pt-BR"},{"@type":"Organization","@id":"https:\/\/jornalfatosenoticias.com.br\/#organization","name":"Jornal Fatos e Not\u00edcias","url":"https:\/\/jornalfatosenoticias.com.br\/","logo":{"@type":"ImageObject","inLanguage":"pt-BR","@id":"https:\/\/jornalfatosenoticias.com.br\/#\/schema\/logo\/image\/","url":"https:\/\/jornalfatosenoticias.com.br\/wp-content\/uploads\/2020\/02\/logo120.png","contentUrl":"https:\/\/jornalfatosenoticias.com.br\/wp-content\/uploads\/2020\/02\/logo120.png","width":1227,"height":120,"caption":"Jornal Fatos e Not\u00edcias"},"image":{"@id":"https:\/\/jornalfatosenoticias.com.br\/#\/schema\/logo\/image\/"}},{"@type":"Person","@id":"https:\/\/jornalfatosenoticias.com.br\/#\/schema\/person\/d63837fa13ac8666eb9e74e0985d6f81","name":"Luzimara Fernandes","image":{"@type":"ImageObject","inLanguage":"pt-BR","@id":"https:\/\/jornalfatosenoticias.com.br\/#\/schema\/person\/image\/","url":"https:\/\/jornalfatosenoticias.com.br\/wp-content\/uploads\/2025\/05\/EU_portal.jpg","contentUrl":"https:\/\/jornalfatosenoticias.com.br\/wp-content\/uploads\/2025\/05\/EU_portal.jpg","caption":"Luzimara Fernandes"},"description":"Jornalista MTB 2358-ES","sameAs":["https:\/\/jornalfatosenoticias.com.br"],"url":"https:\/\/jornalfatosenoticias.com.br\/index.php\/author\/luzimara\/"}]}},"cc_featured_image_caption":{"caption_text":" (Foto: Reprodu\u00e7\u00e3o) ","source_text":"","source_url":""},"jetpack_featured_media_url":"https:\/\/jornalfatosenoticias.com.br\/wp-content\/uploads\/2020\/09\/Projetos-inovadores-de-alunos-e-professores-da-rede-publica-recebem-homenagem.jpg","_links":{"self":[{"href":"https:\/\/jornalfatosenoticias.com.br\/index.php\/wp-json\/wp\/v2\/posts\/8536","targetHints":{"allow":["GET"]}}],"collection":[{"href":"https:\/\/jornalfatosenoticias.com.br\/index.php\/wp-json\/wp\/v2\/posts"}],"about":[{"href":"https:\/\/jornalfatosenoticias.com.br\/index.php\/wp-json\/wp\/v2\/types\/post"}],"author":[{"embeddable":true,"href":"https:\/\/jornalfatosenoticias.com.br\/index.php\/wp-json\/wp\/v2\/users\/2"}],"replies":[{"embeddable":true,"href":"https:\/\/jornalfatosenoticias.com.br\/index.php\/wp-json\/wp\/v2\/comments?post=8536"}],"version-history":[{"count":0,"href":"https:\/\/jornalfatosenoticias.com.br\/index.php\/wp-json\/wp\/v2\/posts\/8536\/revisions"}],"wp:featuredmedia":[{"embeddable":true,"href":"https:\/\/jornalfatosenoticias.com.br\/index.php\/wp-json\/wp\/v2\/media\/8538"}],"wp:attachment":[{"href":"https:\/\/jornalfatosenoticias.com.br\/index.php\/wp-json\/wp\/v2\/media?parent=8536"}],"wp:term":[{"taxonomy":"category","embeddable":true,"href":"https:\/\/jornalfatosenoticias.com.br\/index.php\/wp-json\/wp\/v2\/categories?post=8536"},{"taxonomy":"post_tag","embeddable":true,"href":"https:\/\/jornalfatosenoticias.com.br\/index.php\/wp-json\/wp\/v2\/tags?post=8536"}],"curies":[{"name":"wp","href":"https:\/\/api.w.org\/{rel}","templated":true}]}}