{"id":8545,"date":"2020-09-04T09:26:24","date_gmt":"2020-09-04T12:26:24","guid":{"rendered":"https:\/\/jornalfatosenoticias.com.br\/?p=8545"},"modified":"2020-09-04T09:26:29","modified_gmt":"2020-09-04T12:26:29","slug":"klm-levanta-voo-de-aviao-futuristico-com-eficiencia-energetica","status":"publish","type":"post","link":"https:\/\/jornalfatosenoticias.com.br\/index.php\/2020\/09\/04\/klm-levanta-voo-de-aviao-futuristico-com-eficiencia-energetica\/","title":{"rendered":"KLM levanta voo de avi\u00e3o futur\u00edstico com efici\u00eancia energ\u00e9tica"},"content":{"rendered":"\n<h6 class=\"wp-block-heading\"><em>1\u00b0 voo de teste foi conduzido na Alemanha<\/em><\/h6>\n\n\n\n<p>A companhia a\u00e9rea KLM se uniu \u00e0 Universidade de Tecnologia de Delft (TU Delft) para projetar um avi\u00e3o futur\u00edstico. Ap\u00f3s extensos testes em t\u00fanel de vento e em solo, o Flying-V ficou pronto e j\u00e1 levantou seu primeiro voo.<br>Intitulado pela companhia como a \u201caeronave do futuro com efici\u00eancia energ\u00e9tica\u201d, o Flying-V foi bem-sucedido em seu primeiro teste de voo, realizado na Alemanha em agosto. O experimento foi conduzido por uma equipe de pesquisadores, engenheiros e um piloto de drone da TU Delft. Confira a filmagem do voo abaixo:<\/p>\n\n\n\n<figure class=\"wp-block-embed-youtube wp-block-embed is-type-video is-provider-youtube wp-embed-aspect-16-9 wp-has-aspect-ratio\"><div class=\"wp-block-embed__wrapper\">\n<iframe loading=\"lazy\" title=\"KLM &amp; TU Delft present: Flying the model Flying-V\" width=\"660\" height=\"371\" src=\"https:\/\/www.youtube.com\/embed\/MFoc8wbuasM?feature=oembed\" frameborder=\"0\" allow=\"accelerometer; autoplay; clipboard-write; encrypted-media; gyroscope; picture-in-picture; web-share\" referrerpolicy=\"strict-origin-when-cross-origin\" allowfullscreen><\/iframe>\n<\/div><\/figure>\n\n\n\n<p>\u201cO design se encaixa em nossa iniciativa Fly Responsably, que representa tudo o que estamos fazendo e faremos para melhorar nossa sustentabilidade. Queremos um futuro sustent\u00e1vel para a avia\u00e7\u00e3o e a inova\u00e7\u00e3o faz parte disso. A KLM est\u00e1 entre as tr\u00eas companhias a\u00e9reas mais sustent\u00e1veis do mundo no \u00cdndice Dow Jones de Sustentabilidade por muitos anos. Queremos continuar a ter esse protagonismo. Portanto, estamos muito orgulhosos de termos conseguido isso juntos em um per\u00edodo de tempo t\u00e3o curto\u201d, disse Pieter Elbers, presidente e CEO da KLM.<br>Elbers tamb\u00e9m destacou a import\u00e2ncia de selar parcerias e que \u00e9 imposs\u00edvel \u201ctornar o setor de avia\u00e7\u00e3o mais sustent\u00e1vel sozinho\u201d.<br>Ainda segundo informa a companhia, o objetivo \u00e9 projetar uma aeronave de longa dist\u00e2ncia com grande efici\u00eancia energ\u00e9tica. \u201cO design da aeronave integra a cabine de passageiros, compartimento de carga e tanques de combust\u00edvel nas asas, criando um formato em V. C\u00e1lculos de computador previram que a forma aerodin\u00e2mica aprimorada e o peso inferior da aeronave reduzir\u00e3o o consumo de combust\u00edvel em 20% em compara\u00e7\u00e3o com as aeronaves mais avan\u00e7adas de hoje\u201d, diz em comunicado.<\/p>\n\n\n\n<figure class=\"wp-block-image size-large\"><img loading=\"lazy\" decoding=\"async\" width=\"1000\" height=\"510\" src=\"https:\/\/jornalfatosenoticias.com.br\/wp-content\/uploads\/2020\/09\/KLM2.jpg\" alt=\"\" class=\"wp-image-8546\" srcset=\"https:\/\/jornalfatosenoticias.com.br\/wp-content\/uploads\/2020\/09\/KLM2.jpg 1000w, https:\/\/jornalfatosenoticias.com.br\/wp-content\/uploads\/2020\/09\/KLM2-300x153.jpg 300w, https:\/\/jornalfatosenoticias.com.br\/wp-content\/uploads\/2020\/09\/KLM2-768x392.jpg 768w\" sizes=\"auto, (max-width: 1000px) 100vw, 1000px\" \/><figcaption><em>(Foto: Divulga\u00e7\u00e3o\/KLM)<\/em><\/figcaption><\/figure>\n\n\n\n<p>Apesar do avan\u00e7o ainda ser lento, o setor de avia\u00e7\u00e3o tem cases interessantes. O mais proeminente deles \u00e9, sem d\u00favidas, o Solar Impulse \u2014 avi\u00e3o movido a energia solar que completou a volta ao mundo. Outros projetos buscam encontrar solu\u00e7\u00f5es para modelos el\u00e9tricos.<br>Por outro lado, o uso de biocombust\u00edveis em voos comerciais j\u00e1 \u00e9 uma realidade. Ali\u00e1s, o pr\u00f3ximo passo da Flying V ser\u00e1 inserir combust\u00edvel sustent\u00e1vel \u2014 a companhia n\u00e3o especificou qual tipo ser\u00e1 testado.<\/p>\n\n\n\n<p><strong><em>Fonte: <a href=\"https:\/\/ciclovivo.com.br\/inovacao\/tecnologia\/klm-aviao-futuristico-eficiencia-energetica\/#:~:text=A%20companhia%20a%C3%A9rea%20KLM%20se,j%C3%A1%20levantou%20seu%20primeiro%20voo.\">CicloVivo<\/a><\/em><\/strong><\/p>\n","protected":false},"excerpt":{"rendered":"<p>1\u00b0 voo de teste foi conduzido na Alemanha A companhia a\u00e9rea KLM se uniu \u00e0 Universidade de Tecnologia de Delft (TU Delft) para projetar um avi\u00e3o futur\u00edstico. Ap\u00f3s extensos testes em t\u00fanel de vento e em solo, o Flying-V ficou pronto e j\u00e1 levantou seu primeiro voo.Intitulado pela companhia como a \u201caeronave do futuro com [&hellip;]<\/p>\n","protected":false},"author":2,"featured_media":8547,"comment_status":"open","ping_status":"open","sticky":false,"template":"","format":"standard","meta":{"footnotes":""},"categories":[3],"tags":[4710,4707,4708],"class_list":["post-8545","post","type-post","status-publish","format-standard","has-post-thumbnail","hentry","category-tecnologia","tag-aeronave-do-futuro","tag-aviao-futuristico","tag-eficiencia-energetica"],"yoast_head":"<!-- This site is optimized with the Yoast SEO plugin v26.5 - https:\/\/yoast.com\/wordpress\/plugins\/seo\/ -->\n<title>KLM levanta voo de avi\u00e3o futur\u00edstico com efici\u00eancia energ\u00e9tica - Jornal Fatos e Not\u00edcias<\/title>\n<meta name=\"robots\" content=\"index, follow, max-snippet:-1, max-image-preview:large, max-video-preview:-1\" \/>\n<link rel=\"canonical\" href=\"https:\/\/jornalfatosenoticias.com.br\/index.php\/2020\/09\/04\/klm-levanta-voo-de-aviao-futuristico-com-eficiencia-energetica\/\" \/>\n<meta property=\"og:locale\" content=\"pt_BR\" \/>\n<meta property=\"og:type\" content=\"article\" \/>\n<meta property=\"og:title\" content=\"KLM levanta voo de avi\u00e3o futur\u00edstico com efici\u00eancia energ\u00e9tica - Jornal Fatos e Not\u00edcias\" \/>\n<meta property=\"og:description\" content=\"1\u00b0 voo de teste foi conduzido na Alemanha A companhia a\u00e9rea KLM se uniu \u00e0 Universidade de Tecnologia de Delft (TU Delft) para projetar um avi\u00e3o futur\u00edstico. Ap\u00f3s extensos testes em t\u00fanel de vento e em solo, o Flying-V ficou pronto e j\u00e1 levantou seu primeiro voo.Intitulado pela companhia como a \u201caeronave do futuro com [&hellip;]\" \/>\n<meta property=\"og:url\" content=\"https:\/\/jornalfatosenoticias.com.br\/index.php\/2020\/09\/04\/klm-levanta-voo-de-aviao-futuristico-com-eficiencia-energetica\/\" \/>\n<meta property=\"og:site_name\" content=\"Jornal Fatos e Not\u00edcias\" \/>\n<meta property=\"article:published_time\" content=\"2020-09-04T12:26:24+00:00\" \/>\n<meta property=\"article:modified_time\" content=\"2020-09-04T12:26:29+00:00\" \/>\n<meta property=\"og:image\" content=\"https:\/\/jornalfatosenoticias.com.br\/wp-content\/uploads\/2020\/09\/KLM.jpg\" \/>\n\t<meta property=\"og:image:width\" content=\"1000\" \/>\n\t<meta property=\"og:image:height\" content=\"472\" \/>\n\t<meta property=\"og:image:type\" content=\"image\/jpeg\" \/>\n<meta name=\"author\" content=\"Luzimara Fernandes\" \/>\n<meta name=\"twitter:card\" content=\"summary_large_image\" \/>\n<meta name=\"twitter:label1\" content=\"Escrito por\" \/>\n\t<meta name=\"twitter:data1\" content=\"Luzimara Fernandes\" \/>\n\t<meta name=\"twitter:label2\" content=\"Est. tempo de leitura\" \/>\n\t<meta name=\"twitter:data2\" content=\"2 minutos\" \/>\n<script type=\"application\/ld+json\" class=\"yoast-schema-graph\">{\"@context\":\"https:\/\/schema.org\",\"@graph\":[{\"@type\":\"Article\",\"@id\":\"https:\/\/jornalfatosenoticias.com.br\/index.php\/2020\/09\/04\/klm-levanta-voo-de-aviao-futuristico-com-eficiencia-energetica\/#article\",\"isPartOf\":{\"@id\":\"https:\/\/jornalfatosenoticias.com.br\/index.php\/2020\/09\/04\/klm-levanta-voo-de-aviao-futuristico-com-eficiencia-energetica\/\"},\"author\":{\"name\":\"Luzimara Fernandes\",\"@id\":\"https:\/\/jornalfatosenoticias.com.br\/#\/schema\/person\/d63837fa13ac8666eb9e74e0985d6f81\"},\"headline\":\"KLM levanta voo de avi\u00e3o futur\u00edstico com efici\u00eancia energ\u00e9tica\",\"datePublished\":\"2020-09-04T12:26:24+00:00\",\"dateModified\":\"2020-09-04T12:26:29+00:00\",\"mainEntityOfPage\":{\"@id\":\"https:\/\/jornalfatosenoticias.com.br\/index.php\/2020\/09\/04\/klm-levanta-voo-de-aviao-futuristico-com-eficiencia-energetica\/\"},\"wordCount\":419,\"commentCount\":0,\"publisher\":{\"@id\":\"https:\/\/jornalfatosenoticias.com.br\/#organization\"},\"image\":{\"@id\":\"https:\/\/jornalfatosenoticias.com.br\/index.php\/2020\/09\/04\/klm-levanta-voo-de-aviao-futuristico-com-eficiencia-energetica\/#primaryimage\"},\"thumbnailUrl\":\"https:\/\/jornalfatosenoticias.com.br\/wp-content\/uploads\/2020\/09\/KLM.jpg\",\"keywords\":[\"aeronave do futuro\",\"avi\u00e3o futur\u00edstico\",\"efici\u00eancia energ\u00e9tica\"],\"articleSection\":[\"Tecnologia &amp; Inova\u00e7\u00e3o\"],\"inLanguage\":\"pt-BR\",\"potentialAction\":[{\"@type\":\"CommentAction\",\"name\":\"Comment\",\"target\":[\"https:\/\/jornalfatosenoticias.com.br\/index.php\/2020\/09\/04\/klm-levanta-voo-de-aviao-futuristico-com-eficiencia-energetica\/#respond\"]}]},{\"@type\":\"WebPage\",\"@id\":\"https:\/\/jornalfatosenoticias.com.br\/index.php\/2020\/09\/04\/klm-levanta-voo-de-aviao-futuristico-com-eficiencia-energetica\/\",\"url\":\"https:\/\/jornalfatosenoticias.com.br\/index.php\/2020\/09\/04\/klm-levanta-voo-de-aviao-futuristico-com-eficiencia-energetica\/\",\"name\":\"KLM levanta voo de avi\u00e3o futur\u00edstico com efici\u00eancia energ\u00e9tica - Jornal Fatos e Not\u00edcias\",\"isPartOf\":{\"@id\":\"https:\/\/jornalfatosenoticias.com.br\/#website\"},\"primaryImageOfPage\":{\"@id\":\"https:\/\/jornalfatosenoticias.com.br\/index.php\/2020\/09\/04\/klm-levanta-voo-de-aviao-futuristico-com-eficiencia-energetica\/#primaryimage\"},\"image\":{\"@id\":\"https:\/\/jornalfatosenoticias.com.br\/index.php\/2020\/09\/04\/klm-levanta-voo-de-aviao-futuristico-com-eficiencia-energetica\/#primaryimage\"},\"thumbnailUrl\":\"https:\/\/jornalfatosenoticias.com.br\/wp-content\/uploads\/2020\/09\/KLM.jpg\",\"datePublished\":\"2020-09-04T12:26:24+00:00\",\"dateModified\":\"2020-09-04T12:26:29+00:00\",\"breadcrumb\":{\"@id\":\"https:\/\/jornalfatosenoticias.com.br\/index.php\/2020\/09\/04\/klm-levanta-voo-de-aviao-futuristico-com-eficiencia-energetica\/#breadcrumb\"},\"inLanguage\":\"pt-BR\",\"potentialAction\":[{\"@type\":\"ReadAction\",\"target\":[\"https:\/\/jornalfatosenoticias.com.br\/index.php\/2020\/09\/04\/klm-levanta-voo-de-aviao-futuristico-com-eficiencia-energetica\/\"]}]},{\"@type\":\"ImageObject\",\"inLanguage\":\"pt-BR\",\"@id\":\"https:\/\/jornalfatosenoticias.com.br\/index.php\/2020\/09\/04\/klm-levanta-voo-de-aviao-futuristico-com-eficiencia-energetica\/#primaryimage\",\"url\":\"https:\/\/jornalfatosenoticias.com.br\/wp-content\/uploads\/2020\/09\/KLM.jpg\",\"contentUrl\":\"https:\/\/jornalfatosenoticias.com.br\/wp-content\/uploads\/2020\/09\/KLM.jpg\",\"width\":1000,\"height\":472},{\"@type\":\"BreadcrumbList\",\"@id\":\"https:\/\/jornalfatosenoticias.com.br\/index.php\/2020\/09\/04\/klm-levanta-voo-de-aviao-futuristico-com-eficiencia-energetica\/#breadcrumb\",\"itemListElement\":[{\"@type\":\"ListItem\",\"position\":1,\"name\":\"In\u00edcio\",\"item\":\"https:\/\/jornalfatosenoticias.com.br\/\"},{\"@type\":\"ListItem\",\"position\":2,\"name\":\"KLM levanta voo de avi\u00e3o futur\u00edstico com efici\u00eancia energ\u00e9tica\"}]},{\"@type\":\"WebSite\",\"@id\":\"https:\/\/jornalfatosenoticias.com.br\/#website\",\"url\":\"https:\/\/jornalfatosenoticias.com.br\/\",\"name\":\"Jornal Fatos e Not\u00edcias\",\"description\":\"Not\u00edcias em geral\",\"publisher\":{\"@id\":\"https:\/\/jornalfatosenoticias.com.br\/#organization\"},\"potentialAction\":[{\"@type\":\"SearchAction\",\"target\":{\"@type\":\"EntryPoint\",\"urlTemplate\":\"https:\/\/jornalfatosenoticias.com.br\/?s={search_term_string}\"},\"query-input\":{\"@type\":\"PropertyValueSpecification\",\"valueRequired\":true,\"valueName\":\"search_term_string\"}}],\"inLanguage\":\"pt-BR\"},{\"@type\":\"Organization\",\"@id\":\"https:\/\/jornalfatosenoticias.com.br\/#organization\",\"name\":\"Jornal Fatos e Not\u00edcias\",\"url\":\"https:\/\/jornalfatosenoticias.com.br\/\",\"logo\":{\"@type\":\"ImageObject\",\"inLanguage\":\"pt-BR\",\"@id\":\"https:\/\/jornalfatosenoticias.com.br\/#\/schema\/logo\/image\/\",\"url\":\"https:\/\/jornalfatosenoticias.com.br\/wp-content\/uploads\/2020\/02\/logo120.png\",\"contentUrl\":\"https:\/\/jornalfatosenoticias.com.br\/wp-content\/uploads\/2020\/02\/logo120.png\",\"width\":1227,\"height\":120,\"caption\":\"Jornal Fatos e Not\u00edcias\"},\"image\":{\"@id\":\"https:\/\/jornalfatosenoticias.com.br\/#\/schema\/logo\/image\/\"}},{\"@type\":\"Person\",\"@id\":\"https:\/\/jornalfatosenoticias.com.br\/#\/schema\/person\/d63837fa13ac8666eb9e74e0985d6f81\",\"name\":\"Luzimara Fernandes\",\"image\":{\"@type\":\"ImageObject\",\"inLanguage\":\"pt-BR\",\"@id\":\"https:\/\/jornalfatosenoticias.com.br\/#\/schema\/person\/image\/\",\"url\":\"https:\/\/jornalfatosenoticias.com.br\/wp-content\/uploads\/2025\/05\/EU_portal.jpg\",\"contentUrl\":\"https:\/\/jornalfatosenoticias.com.br\/wp-content\/uploads\/2025\/05\/EU_portal.jpg\",\"caption\":\"Luzimara Fernandes\"},\"description\":\"Jornalista MTB 2358-ES\",\"sameAs\":[\"https:\/\/jornalfatosenoticias.com.br\"],\"url\":\"https:\/\/jornalfatosenoticias.com.br\/index.php\/author\/luzimara\/\"}]}<\/script>\n<!-- \/ Yoast SEO plugin. -->","yoast_head_json":{"title":"KLM levanta voo de avi\u00e3o futur\u00edstico com efici\u00eancia energ\u00e9tica - Jornal Fatos e Not\u00edcias","robots":{"index":"index","follow":"follow","max-snippet":"max-snippet:-1","max-image-preview":"max-image-preview:large","max-video-preview":"max-video-preview:-1"},"canonical":"https:\/\/jornalfatosenoticias.com.br\/index.php\/2020\/09\/04\/klm-levanta-voo-de-aviao-futuristico-com-eficiencia-energetica\/","og_locale":"pt_BR","og_type":"article","og_title":"KLM levanta voo de avi\u00e3o futur\u00edstico com efici\u00eancia energ\u00e9tica - Jornal Fatos e Not\u00edcias","og_description":"1\u00b0 voo de teste foi conduzido na Alemanha A companhia a\u00e9rea KLM se uniu \u00e0 Universidade de Tecnologia de Delft (TU Delft) para projetar um avi\u00e3o futur\u00edstico. Ap\u00f3s extensos testes em t\u00fanel de vento e em solo, o Flying-V ficou pronto e j\u00e1 levantou seu primeiro voo.Intitulado pela companhia como a \u201caeronave do futuro com [&hellip;]","og_url":"https:\/\/jornalfatosenoticias.com.br\/index.php\/2020\/09\/04\/klm-levanta-voo-de-aviao-futuristico-com-eficiencia-energetica\/","og_site_name":"Jornal Fatos e Not\u00edcias","article_published_time":"2020-09-04T12:26:24+00:00","article_modified_time":"2020-09-04T12:26:29+00:00","og_image":[{"width":1000,"height":472,"url":"https:\/\/jornalfatosenoticias.com.br\/wp-content\/uploads\/2020\/09\/KLM.jpg","type":"image\/jpeg"}],"author":"Luzimara Fernandes","twitter_card":"summary_large_image","twitter_misc":{"Escrito por":"Luzimara Fernandes","Est. tempo de leitura":"2 minutos"},"schema":{"@context":"https:\/\/schema.org","@graph":[{"@type":"Article","@id":"https:\/\/jornalfatosenoticias.com.br\/index.php\/2020\/09\/04\/klm-levanta-voo-de-aviao-futuristico-com-eficiencia-energetica\/#article","isPartOf":{"@id":"https:\/\/jornalfatosenoticias.com.br\/index.php\/2020\/09\/04\/klm-levanta-voo-de-aviao-futuristico-com-eficiencia-energetica\/"},"author":{"name":"Luzimara Fernandes","@id":"https:\/\/jornalfatosenoticias.com.br\/#\/schema\/person\/d63837fa13ac8666eb9e74e0985d6f81"},"headline":"KLM levanta voo de avi\u00e3o futur\u00edstico com efici\u00eancia energ\u00e9tica","datePublished":"2020-09-04T12:26:24+00:00","dateModified":"2020-09-04T12:26:29+00:00","mainEntityOfPage":{"@id":"https:\/\/jornalfatosenoticias.com.br\/index.php\/2020\/09\/04\/klm-levanta-voo-de-aviao-futuristico-com-eficiencia-energetica\/"},"wordCount":419,"commentCount":0,"publisher":{"@id":"https:\/\/jornalfatosenoticias.com.br\/#organization"},"image":{"@id":"https:\/\/jornalfatosenoticias.com.br\/index.php\/2020\/09\/04\/klm-levanta-voo-de-aviao-futuristico-com-eficiencia-energetica\/#primaryimage"},"thumbnailUrl":"https:\/\/jornalfatosenoticias.com.br\/wp-content\/uploads\/2020\/09\/KLM.jpg","keywords":["aeronave do futuro","avi\u00e3o futur\u00edstico","efici\u00eancia energ\u00e9tica"],"articleSection":["Tecnologia &amp; Inova\u00e7\u00e3o"],"inLanguage":"pt-BR","potentialAction":[{"@type":"CommentAction","name":"Comment","target":["https:\/\/jornalfatosenoticias.com.br\/index.php\/2020\/09\/04\/klm-levanta-voo-de-aviao-futuristico-com-eficiencia-energetica\/#respond"]}]},{"@type":"WebPage","@id":"https:\/\/jornalfatosenoticias.com.br\/index.php\/2020\/09\/04\/klm-levanta-voo-de-aviao-futuristico-com-eficiencia-energetica\/","url":"https:\/\/jornalfatosenoticias.com.br\/index.php\/2020\/09\/04\/klm-levanta-voo-de-aviao-futuristico-com-eficiencia-energetica\/","name":"KLM levanta voo de avi\u00e3o futur\u00edstico com efici\u00eancia energ\u00e9tica - Jornal Fatos e Not\u00edcias","isPartOf":{"@id":"https:\/\/jornalfatosenoticias.com.br\/#website"},"primaryImageOfPage":{"@id":"https:\/\/jornalfatosenoticias.com.br\/index.php\/2020\/09\/04\/klm-levanta-voo-de-aviao-futuristico-com-eficiencia-energetica\/#primaryimage"},"image":{"@id":"https:\/\/jornalfatosenoticias.com.br\/index.php\/2020\/09\/04\/klm-levanta-voo-de-aviao-futuristico-com-eficiencia-energetica\/#primaryimage"},"thumbnailUrl":"https:\/\/jornalfatosenoticias.com.br\/wp-content\/uploads\/2020\/09\/KLM.jpg","datePublished":"2020-09-04T12:26:24+00:00","dateModified":"2020-09-04T12:26:29+00:00","breadcrumb":{"@id":"https:\/\/jornalfatosenoticias.com.br\/index.php\/2020\/09\/04\/klm-levanta-voo-de-aviao-futuristico-com-eficiencia-energetica\/#breadcrumb"},"inLanguage":"pt-BR","potentialAction":[{"@type":"ReadAction","target":["https:\/\/jornalfatosenoticias.com.br\/index.php\/2020\/09\/04\/klm-levanta-voo-de-aviao-futuristico-com-eficiencia-energetica\/"]}]},{"@type":"ImageObject","inLanguage":"pt-BR","@id":"https:\/\/jornalfatosenoticias.com.br\/index.php\/2020\/09\/04\/klm-levanta-voo-de-aviao-futuristico-com-eficiencia-energetica\/#primaryimage","url":"https:\/\/jornalfatosenoticias.com.br\/wp-content\/uploads\/2020\/09\/KLM.jpg","contentUrl":"https:\/\/jornalfatosenoticias.com.br\/wp-content\/uploads\/2020\/09\/KLM.jpg","width":1000,"height":472},{"@type":"BreadcrumbList","@id":"https:\/\/jornalfatosenoticias.com.br\/index.php\/2020\/09\/04\/klm-levanta-voo-de-aviao-futuristico-com-eficiencia-energetica\/#breadcrumb","itemListElement":[{"@type":"ListItem","position":1,"name":"In\u00edcio","item":"https:\/\/jornalfatosenoticias.com.br\/"},{"@type":"ListItem","position":2,"name":"KLM levanta voo de avi\u00e3o futur\u00edstico com efici\u00eancia energ\u00e9tica"}]},{"@type":"WebSite","@id":"https:\/\/jornalfatosenoticias.com.br\/#website","url":"https:\/\/jornalfatosenoticias.com.br\/","name":"Jornal Fatos e Not\u00edcias","description":"Not\u00edcias em geral","publisher":{"@id":"https:\/\/jornalfatosenoticias.com.br\/#organization"},"potentialAction":[{"@type":"SearchAction","target":{"@type":"EntryPoint","urlTemplate":"https:\/\/jornalfatosenoticias.com.br\/?s={search_term_string}"},"query-input":{"@type":"PropertyValueSpecification","valueRequired":true,"valueName":"search_term_string"}}],"inLanguage":"pt-BR"},{"@type":"Organization","@id":"https:\/\/jornalfatosenoticias.com.br\/#organization","name":"Jornal Fatos e Not\u00edcias","url":"https:\/\/jornalfatosenoticias.com.br\/","logo":{"@type":"ImageObject","inLanguage":"pt-BR","@id":"https:\/\/jornalfatosenoticias.com.br\/#\/schema\/logo\/image\/","url":"https:\/\/jornalfatosenoticias.com.br\/wp-content\/uploads\/2020\/02\/logo120.png","contentUrl":"https:\/\/jornalfatosenoticias.com.br\/wp-content\/uploads\/2020\/02\/logo120.png","width":1227,"height":120,"caption":"Jornal Fatos e Not\u00edcias"},"image":{"@id":"https:\/\/jornalfatosenoticias.com.br\/#\/schema\/logo\/image\/"}},{"@type":"Person","@id":"https:\/\/jornalfatosenoticias.com.br\/#\/schema\/person\/d63837fa13ac8666eb9e74e0985d6f81","name":"Luzimara Fernandes","image":{"@type":"ImageObject","inLanguage":"pt-BR","@id":"https:\/\/jornalfatosenoticias.com.br\/#\/schema\/person\/image\/","url":"https:\/\/jornalfatosenoticias.com.br\/wp-content\/uploads\/2025\/05\/EU_portal.jpg","contentUrl":"https:\/\/jornalfatosenoticias.com.br\/wp-content\/uploads\/2025\/05\/EU_portal.jpg","caption":"Luzimara Fernandes"},"description":"Jornalista MTB 2358-ES","sameAs":["https:\/\/jornalfatosenoticias.com.br"],"url":"https:\/\/jornalfatosenoticias.com.br\/index.php\/author\/luzimara\/"}]}},"cc_featured_image_caption":{"caption_text":"(Foto: Divulga\u00e7\u00e3o\/KLM) ","source_text":"","source_url":""},"jetpack_featured_media_url":"https:\/\/jornalfatosenoticias.com.br\/wp-content\/uploads\/2020\/09\/KLM.jpg","_links":{"self":[{"href":"https:\/\/jornalfatosenoticias.com.br\/index.php\/wp-json\/wp\/v2\/posts\/8545","targetHints":{"allow":["GET"]}}],"collection":[{"href":"https:\/\/jornalfatosenoticias.com.br\/index.php\/wp-json\/wp\/v2\/posts"}],"about":[{"href":"https:\/\/jornalfatosenoticias.com.br\/index.php\/wp-json\/wp\/v2\/types\/post"}],"author":[{"embeddable":true,"href":"https:\/\/jornalfatosenoticias.com.br\/index.php\/wp-json\/wp\/v2\/users\/2"}],"replies":[{"embeddable":true,"href":"https:\/\/jornalfatosenoticias.com.br\/index.php\/wp-json\/wp\/v2\/comments?post=8545"}],"version-history":[{"count":0,"href":"https:\/\/jornalfatosenoticias.com.br\/index.php\/wp-json\/wp\/v2\/posts\/8545\/revisions"}],"wp:featuredmedia":[{"embeddable":true,"href":"https:\/\/jornalfatosenoticias.com.br\/index.php\/wp-json\/wp\/v2\/media\/8547"}],"wp:attachment":[{"href":"https:\/\/jornalfatosenoticias.com.br\/index.php\/wp-json\/wp\/v2\/media?parent=8545"}],"wp:term":[{"taxonomy":"category","embeddable":true,"href":"https:\/\/jornalfatosenoticias.com.br\/index.php\/wp-json\/wp\/v2\/categories?post=8545"},{"taxonomy":"post_tag","embeddable":true,"href":"https:\/\/jornalfatosenoticias.com.br\/index.php\/wp-json\/wp\/v2\/tags?post=8545"}],"curies":[{"name":"wp","href":"https:\/\/api.w.org\/{rel}","templated":true}]}}