{"id":8606,"date":"2020-09-07T14:26:13","date_gmt":"2020-09-07T17:26:13","guid":{"rendered":"https:\/\/jornalfatosenoticias.com.br\/?p=8606"},"modified":"2020-09-07T14:26:20","modified_gmt":"2020-09-07T17:26:20","slug":"animacao-brasileira-a-linha-ganha-emmy-usando-realidade-virtual","status":"publish","type":"post","link":"https:\/\/jornalfatosenoticias.com.br\/index.php\/2020\/09\/07\/animacao-brasileira-a-linha-ganha-emmy-usando-realidade-virtual\/","title":{"rendered":"Anima\u00e7\u00e3o brasileira &#8216;A Linha&#8217; ganha Emmy usando realidade virtual"},"content":{"rendered":"\n<h6 class=\"wp-block-heading\"><em>Dirigido por Ricardo Laganaro e com voz em ingl\u00eas de Rodrigo Santoro, filme interativo \u00e9 centrado nos personagens Pedro e Rosa em uma S\u00e3o Paulo dos anos 1940<\/em><\/h6>\n\n\n\n<p>O rep\u00f3rter estava no Est\u00fadio \u00c1rvore, em Pinheiros, quando o diretor Ricardo Laganaro e o produtor Ricardo Justus, de A Linha, receberam o e-mail comunicando que o curta havia vencido uma importante categoria do Emmy Internacional, o Primetime Emmy Award. Brasil na cabe\u00e7a. Mas, ent\u00e3o, por que a dupla se manteve t\u00e3o low profile? Nenhuma comemora\u00e7\u00e3o. &#8220;J\u00e1 comemoramos com champanhe, remotamente, h\u00e1 uma semana, quando soubemos que hav\u00edamos ganhado. S\u00f3 n\u00e3o pod\u00edamos anunciar, porque o comunicado teria de vir do Emmy&#8221;, conta Justus.<br>Essa \u00e9 uma categoria especial e o an\u00fancio do vencedor n\u00e3o \u00e9 feito na grande festa do Emmy, o Oscar da TV, marcada para o dia 20. \u00c9 como no Oscar \u2014 algumas categorias t\u00e9cnicas e premia\u00e7\u00f5es especiais ocorrem numa festa paralela. Excepcional inova\u00e7\u00e3o em m\u00eddia interativa. O rep\u00f3rter que o diga. Estava assistindo ao curta quando chegou o aguardado e-mail. Trata-se de uma narrativa em realidade virtual (VR) totalmente pensada e desenvolvida para ser contada neste formato. A obra inova ao permitir que o usu\u00e1rio interaja com a experi\u00eancia usando o pr\u00f3prio corpo em vez de controles e \u00e9 uma porta de entrada para o grande p\u00fablico experimentar a tecnologia de VR.<br>Uma maquete de S\u00e3o Paulo nos anos 1940. Miniaturas \u2014 um jovem casal, Pedro e Rosa. L\u00e1 atr\u00e1s, quando tudo come\u00e7ou, os nomes eram outros, John e Mary. Pedro entrega jornais e ama Rosa. Todo dia experimenta o desejo de se declarar, entregando-lhe uma rosa amarela. Como bonecos, cada um anda no seu trilho. A moral da hist\u00f3ria \u00e9 que, \u00e0s vezes, \u00e9 preciso sair dos trilhos para ser feliz. A vit\u00f3ria da ousadia sobre a conformidade.<br>Cerca de 15 minutos. Justamente por ser interativo, o curta tem a dura\u00e7\u00e3o aproximada. Depende de quem participa da narrativa imersiva, fazendo avan\u00e7ar os personagens face \u00e0s dificuldades que a trama imp\u00f5e a Pedro, a Rosa \u2014 e a quem est\u00e1 com os \u00f3culos. &#8220;A ideia era abordar um tema universal como o amor, mas agregando camadas como rotina e medo da mudan\u00e7a. Essa quest\u00e3o da mudan\u00e7a \u00e9 fundamental, porque estamos trabalhando com algo novo. Nossa narrativa foi formatada para o Oculus Quest, que ainda nem est\u00e1 \u00e0 venda no Brasil e permite o rastreamento de m\u00e3os&#8221;, diz Justus. O que significa isso, hand tracking? &#8220;\u00c9 a ferramenta que amplia a imers\u00e3o do usu\u00e1rio e seu senso de dire\u00e7\u00e3o ao participar da trama&#8221;.<br>O mais bacana nessa hist\u00f3ria \u00e9 que o Est\u00fadio \u00c1rvore vem agregando uma mo\u00e7ada de artistas gr\u00e1ficos que, inicialmente, conhecia pouco ou nada dessas inova\u00e7\u00f5es, mas que foi enfrentando o desafio e dominando as ferramentas. Veneza iniciou esta semana mais uma edi\u00e7\u00e3o de sua tradicional mostra de arte cinematogr\u00e1fica \u2014 a mais antiga do mundo.<\/p>\n\n\n\n<figure class=\"wp-block-image size-large\"><img loading=\"lazy\" decoding=\"async\" width=\"1000\" height=\"750\" src=\"https:\/\/jornalfatosenoticias.com.br\/wp-content\/uploads\/2020\/09\/a-linha-papo-de-cinema.jpg\" alt=\"\" class=\"wp-image-8607\" srcset=\"https:\/\/jornalfatosenoticias.com.br\/wp-content\/uploads\/2020\/09\/a-linha-papo-de-cinema.jpg 1000w, https:\/\/jornalfatosenoticias.com.br\/wp-content\/uploads\/2020\/09\/a-linha-papo-de-cinema-300x225.jpg 300w, https:\/\/jornalfatosenoticias.com.br\/wp-content\/uploads\/2020\/09\/a-linha-papo-de-cinema-768x576.jpg 768w\" sizes=\"auto, (max-width: 1000px) 100vw, 1000px\" \/><figcaption><em>&#8216;A Linha&#8217; ganha Emmy usando realidade virtual (Foto: Divulga\u00e7\u00e3o)<\/em><\/figcaption><\/figure>\n\n\n\n<p>No ano passado, numa se\u00e7\u00e3o dedicada \u00e0 VR, A Linha tamb\u00e9m j\u00e1 havia sido premiado como Melhor Experi\u00eancia em Virtual Reality, concorrendo com obras de todo o mundo e, teoricamente, vindas de pa\u00edses onde essa pesquisa poderia estar mais avan\u00e7ada.<br>Cannes, sempre na vanguarda, j\u00e1 abrigou, em 2017, uma experi\u00eancia imersiva de Alejandro Gonz\u00e1lez-I\u00f1\u00e1rritu, Carne y Arena\/Flesh and Sand. &#8220;O que esses grandes festivais t\u00eam feito \u00e9 abrir espa\u00e7o para a VR, mas sempre com o atrativo de um grande nome&#8221;, conta Laganaro. &#8220;Nossa hist\u00f3ria tem um narrador. Pensamos em conseguir um nome conhecido de Hollywood. Fizemos contato com o Christopher Plummer, mas a coisa n\u00e3o andou&#8221;, explica Justus, CEO do \u00c1rvore.<br>Foi quando a dupla Laganaro\/Terra pensou num nome brasileiro com circula\u00e7\u00e3o internacional. Bingo! &#8220;Entramos em contato com o assessor de Rodrigo Santoro, que se entusiasmou; o pr\u00f3prio Rodrigo abra\u00e7ou a ideia e eu fui encontr\u00e1-lo nos EUA, onde ele estava gravando&#8221;, lembra o diretor. Al\u00e9m de ser o ator talentoso que \u00e9, Santoro tem experi\u00eancia como dublador e at\u00e9 forneceu a voz original para a s\u00e9rie Rio, de Carlos Saldanha. Ele faz a grava\u00e7\u00e3o em ingl\u00eas de A Linha \u2014 \u00e0 qual o rep\u00f3rter assistiu (e interagiu). Simone Kliass faz a narrativa em portugu\u00eas. Algum espectador j\u00e1 ter\u00e1 participado do experimento. Ap\u00f3s a vitoriosa passagem por Veneza, em 2019, A Linha teve sua estreia nacional na Mostra de S\u00e3o Paulo do ano passado. O mais belo dessa hist\u00f3ria toda \u00e9 que, por mais inovadora que seja a t\u00e9cnica, a trama \u00e9 sob medida para mexer com as emo\u00e7\u00f5es do espectador.<br>Pedro, o her\u00f3i da hist\u00f3ria, repete todo dia o mesmo percurso entregando jornais, mas, a cada ciclo, se permite uma pequena escapada para colher uma rosa amarela que deixa, anonimamente, na porta da casa de Rosa. Quando as rosas terminam, Pedro enfrenta o desafio de vencer seu medo e ter de buscar caminhos alternativos, com novas rosas.<\/p>\n\n\n\n<figure class=\"wp-block-image size-large\"><img loading=\"lazy\" decoding=\"async\" width=\"1004\" height=\"564\" src=\"https:\/\/jornalfatosenoticias.com.br\/wp-content\/uploads\/2020\/09\/A-linha_animacao3.jpg\" alt=\"\" class=\"wp-image-8608\" srcset=\"https:\/\/jornalfatosenoticias.com.br\/wp-content\/uploads\/2020\/09\/A-linha_animacao3.jpg 1004w, https:\/\/jornalfatosenoticias.com.br\/wp-content\/uploads\/2020\/09\/A-linha_animacao3-300x169.jpg 300w, https:\/\/jornalfatosenoticias.com.br\/wp-content\/uploads\/2020\/09\/A-linha_animacao3-768x431.jpg 768w\" sizes=\"auto, (max-width: 1004px) 100vw, 1004px\" \/><figcaption><em>&#8216;A Linha&#8217; ganha Emmy usando realidade virtual (Foto: Divulga\u00e7\u00e3o)<\/em><\/figcaption><\/figure>\n\n\n\n<p>Uma hist\u00f3ria regional, passada numa S\u00e3o Paulo ainda provinciana, h\u00e1 quase 80 anos \u2014 que Laganaro encontrou num \u00e1lbum de fam\u00edlia \u2014 torna-se universal. Para isso, o diretor fez quest\u00e3o de utilizar refer\u00eancias pr\u00f3prias da cultura brasileira. A m\u00fasica \u2014 um chorinho \u2014 embala a hist\u00f3ria. A trilha \u00e9 assinada por Gilson Fukushima e Rubem Feffer. Voc\u00ea sabe quem \u00e9 \u2014 Feffer comp\u00f4s com Gustavo Kurlat a trilha da anima\u00e7\u00e3o O Menino e o Mundo, de Al\u00ea Abreu, que foi indicada para o Oscar em 2016.<br>Laganaro iniciou-se na O2, trabalhando com anima\u00e7\u00e3o de stop motion. Foi um aprendizado importante para ele, mas tamb\u00e9m havia uma limita\u00e7\u00e3o. A O2, como empresa produtora, tem outras prioridades e n\u00e3o investe pesado nessa linha que ele pretendia seguir. Foi quando Laganaro conheceu Terra. Ambos jovens, descobriram suas afinidades e a vontade de trabalhar nessa \u00e1rea. O resto \u00e9 hist\u00f3ria.<br>O est\u00fadio n\u00e3o para de crescer \u2014 embora agora pare\u00e7a um escrit\u00f3rio fantasma. Todos aqueles computadores parados. Onde est\u00e3o as pessoas? &#8220;Est\u00e1 todo mundo em casa, trabalhando remotamente. S\u00f3 viemos para que voc\u00ea pudesse ver o Linha com os \u00f3culos&#8221;, explica Laganaro. Outstanding, rapazes. S\u00f3 um problema \u2014 por conta da pandemia e das restri\u00e7\u00f5es \u00e0 entrada de brasileiros nos EUA, o diretor e o produtor n\u00e3o poder\u00e3o estar presencialmente na festa, que vai ocorrer com um r\u00edgido protocolo de seguran\u00e7a (e eles j\u00e1 gravaram o agradecimento).<\/p>\n\n\n\n<figure class=\"wp-block-embed-youtube wp-block-embed is-type-video is-provider-youtube wp-embed-aspect-16-9 wp-has-aspect-ratio\"><div class=\"wp-block-embed__wrapper\">\n<iframe loading=\"lazy\" title=\"&#039;A Linha&#039; \u00e9 o representante brasileiro na mostra paralela do Festival de Veneza | Cinema\" width=\"660\" height=\"371\" src=\"https:\/\/www.youtube.com\/embed\/PufNbMooo3U?feature=oembed\" frameborder=\"0\" allow=\"accelerometer; autoplay; clipboard-write; encrypted-media; gyroscope; picture-in-picture; web-share\" referrerpolicy=\"strict-origin-when-cross-origin\" allowfullscreen><\/iframe>\n<\/div><\/figure>\n\n\n\n<p><strong><em>Fonte: <a href=\"https:\/\/www.terra.com.br\/diversao\/cinema\/animacao-brasileira-a-linha-ganha-emmy-usando-realidade-virtual,09f1705ca3df237d28bb7b7e3807eacewauez4tn.html\">Terra<\/a><\/em><\/strong><\/p>\n","protected":false},"excerpt":{"rendered":"<p>Dirigido por Ricardo Laganaro e com voz em ingl\u00eas de Rodrigo Santoro, filme interativo \u00e9 centrado nos personagens Pedro e Rosa em uma S\u00e3o Paulo dos anos 1940 O rep\u00f3rter estava no Est\u00fadio \u00c1rvore, em Pinheiros, quando o diretor Ricardo Laganaro e o produtor Ricardo Justus, de A Linha, receberam o e-mail comunicando que o [&hellip;]<\/p>\n","protected":false},"author":2,"featured_media":8609,"comment_status":"open","ping_status":"open","sticky":false,"template":"","format":"standard","meta":{"footnotes":""},"categories":[4],"tags":[4744,4745,4743,502],"class_list":["post-8606","post","type-post","status-publish","format-standard","has-post-thumbnail","hentry","category-cultura","tag-a-linha-2","tag-animacoes","tag-emmy","tag-realidade-virtual"],"yoast_head":"<!-- This site is optimized with the Yoast SEO plugin v26.5 - https:\/\/yoast.com\/wordpress\/plugins\/seo\/ -->\n<title>Anima\u00e7\u00e3o brasileira &#039;A Linha&#039; ganha Emmy usando realidade virtual - Jornal Fatos e Not\u00edcias<\/title>\n<meta name=\"robots\" content=\"index, follow, max-snippet:-1, max-image-preview:large, max-video-preview:-1\" \/>\n<link rel=\"canonical\" href=\"https:\/\/jornalfatosenoticias.com.br\/index.php\/2020\/09\/07\/animacao-brasileira-a-linha-ganha-emmy-usando-realidade-virtual\/\" \/>\n<meta property=\"og:locale\" content=\"pt_BR\" \/>\n<meta property=\"og:type\" content=\"article\" \/>\n<meta property=\"og:title\" content=\"Anima\u00e7\u00e3o brasileira &#039;A Linha&#039; ganha Emmy usando realidade virtual - Jornal Fatos e Not\u00edcias\" \/>\n<meta property=\"og:description\" content=\"Dirigido por Ricardo Laganaro e com voz em ingl\u00eas de Rodrigo Santoro, filme interativo \u00e9 centrado nos personagens Pedro e Rosa em uma S\u00e3o Paulo dos anos 1940 O rep\u00f3rter estava no Est\u00fadio \u00c1rvore, em Pinheiros, quando o diretor Ricardo Laganaro e o produtor Ricardo Justus, de A Linha, receberam o e-mail comunicando que o [&hellip;]\" \/>\n<meta property=\"og:url\" content=\"https:\/\/jornalfatosenoticias.com.br\/index.php\/2020\/09\/07\/animacao-brasileira-a-linha-ganha-emmy-usando-realidade-virtual\/\" \/>\n<meta property=\"og:site_name\" content=\"Jornal Fatos e Not\u00edcias\" \/>\n<meta property=\"article:published_time\" content=\"2020-09-07T17:26:13+00:00\" \/>\n<meta property=\"article:modified_time\" content=\"2020-09-07T17:26:20+00:00\" \/>\n<meta property=\"og:image\" content=\"https:\/\/jornalfatosenoticias.com.br\/wp-content\/uploads\/2020\/09\/A-linha_animacao.jpg\" \/>\n\t<meta property=\"og:image:width\" content=\"1000\" \/>\n\t<meta property=\"og:image:height\" content=\"750\" \/>\n\t<meta property=\"og:image:type\" content=\"image\/jpeg\" \/>\n<meta name=\"author\" content=\"Luzimara Fernandes\" \/>\n<meta name=\"twitter:card\" content=\"summary_large_image\" \/>\n<meta name=\"twitter:label1\" content=\"Escrito por\" \/>\n\t<meta name=\"twitter:data1\" content=\"Luzimara Fernandes\" \/>\n\t<meta name=\"twitter:label2\" content=\"Est. tempo de leitura\" \/>\n\t<meta name=\"twitter:data2\" content=\"6 minutos\" \/>\n<script type=\"application\/ld+json\" class=\"yoast-schema-graph\">{\"@context\":\"https:\/\/schema.org\",\"@graph\":[{\"@type\":\"Article\",\"@id\":\"https:\/\/jornalfatosenoticias.com.br\/index.php\/2020\/09\/07\/animacao-brasileira-a-linha-ganha-emmy-usando-realidade-virtual\/#article\",\"isPartOf\":{\"@id\":\"https:\/\/jornalfatosenoticias.com.br\/index.php\/2020\/09\/07\/animacao-brasileira-a-linha-ganha-emmy-usando-realidade-virtual\/\"},\"author\":{\"name\":\"Luzimara Fernandes\",\"@id\":\"https:\/\/jornalfatosenoticias.com.br\/#\/schema\/person\/d63837fa13ac8666eb9e74e0985d6f81\"},\"headline\":\"Anima\u00e7\u00e3o brasileira &#8216;A Linha&#8217; ganha Emmy usando realidade virtual\",\"datePublished\":\"2020-09-07T17:26:13+00:00\",\"dateModified\":\"2020-09-07T17:26:20+00:00\",\"mainEntityOfPage\":{\"@id\":\"https:\/\/jornalfatosenoticias.com.br\/index.php\/2020\/09\/07\/animacao-brasileira-a-linha-ganha-emmy-usando-realidade-virtual\/\"},\"wordCount\":1131,\"commentCount\":0,\"publisher\":{\"@id\":\"https:\/\/jornalfatosenoticias.com.br\/#organization\"},\"image\":{\"@id\":\"https:\/\/jornalfatosenoticias.com.br\/index.php\/2020\/09\/07\/animacao-brasileira-a-linha-ganha-emmy-usando-realidade-virtual\/#primaryimage\"},\"thumbnailUrl\":\"https:\/\/jornalfatosenoticias.com.br\/wp-content\/uploads\/2020\/09\/A-linha_animacao.jpg\",\"keywords\":[\"A Linha\",\"anima\u00e7\u00f5es\",\"Emmy\",\"realidade virtual\"],\"articleSection\":[\"Cultura\"],\"inLanguage\":\"pt-BR\",\"potentialAction\":[{\"@type\":\"CommentAction\",\"name\":\"Comment\",\"target\":[\"https:\/\/jornalfatosenoticias.com.br\/index.php\/2020\/09\/07\/animacao-brasileira-a-linha-ganha-emmy-usando-realidade-virtual\/#respond\"]}]},{\"@type\":\"WebPage\",\"@id\":\"https:\/\/jornalfatosenoticias.com.br\/index.php\/2020\/09\/07\/animacao-brasileira-a-linha-ganha-emmy-usando-realidade-virtual\/\",\"url\":\"https:\/\/jornalfatosenoticias.com.br\/index.php\/2020\/09\/07\/animacao-brasileira-a-linha-ganha-emmy-usando-realidade-virtual\/\",\"name\":\"Anima\u00e7\u00e3o brasileira 'A Linha' ganha Emmy usando realidade virtual - Jornal Fatos e Not\u00edcias\",\"isPartOf\":{\"@id\":\"https:\/\/jornalfatosenoticias.com.br\/#website\"},\"primaryImageOfPage\":{\"@id\":\"https:\/\/jornalfatosenoticias.com.br\/index.php\/2020\/09\/07\/animacao-brasileira-a-linha-ganha-emmy-usando-realidade-virtual\/#primaryimage\"},\"image\":{\"@id\":\"https:\/\/jornalfatosenoticias.com.br\/index.php\/2020\/09\/07\/animacao-brasileira-a-linha-ganha-emmy-usando-realidade-virtual\/#primaryimage\"},\"thumbnailUrl\":\"https:\/\/jornalfatosenoticias.com.br\/wp-content\/uploads\/2020\/09\/A-linha_animacao.jpg\",\"datePublished\":\"2020-09-07T17:26:13+00:00\",\"dateModified\":\"2020-09-07T17:26:20+00:00\",\"breadcrumb\":{\"@id\":\"https:\/\/jornalfatosenoticias.com.br\/index.php\/2020\/09\/07\/animacao-brasileira-a-linha-ganha-emmy-usando-realidade-virtual\/#breadcrumb\"},\"inLanguage\":\"pt-BR\",\"potentialAction\":[{\"@type\":\"ReadAction\",\"target\":[\"https:\/\/jornalfatosenoticias.com.br\/index.php\/2020\/09\/07\/animacao-brasileira-a-linha-ganha-emmy-usando-realidade-virtual\/\"]}]},{\"@type\":\"ImageObject\",\"inLanguage\":\"pt-BR\",\"@id\":\"https:\/\/jornalfatosenoticias.com.br\/index.php\/2020\/09\/07\/animacao-brasileira-a-linha-ganha-emmy-usando-realidade-virtual\/#primaryimage\",\"url\":\"https:\/\/jornalfatosenoticias.com.br\/wp-content\/uploads\/2020\/09\/A-linha_animacao.jpg\",\"contentUrl\":\"https:\/\/jornalfatosenoticias.com.br\/wp-content\/uploads\/2020\/09\/A-linha_animacao.jpg\",\"width\":1000,\"height\":750},{\"@type\":\"BreadcrumbList\",\"@id\":\"https:\/\/jornalfatosenoticias.com.br\/index.php\/2020\/09\/07\/animacao-brasileira-a-linha-ganha-emmy-usando-realidade-virtual\/#breadcrumb\",\"itemListElement\":[{\"@type\":\"ListItem\",\"position\":1,\"name\":\"In\u00edcio\",\"item\":\"https:\/\/jornalfatosenoticias.com.br\/\"},{\"@type\":\"ListItem\",\"position\":2,\"name\":\"Anima\u00e7\u00e3o brasileira &#8216;A Linha&#8217; ganha Emmy usando realidade virtual\"}]},{\"@type\":\"WebSite\",\"@id\":\"https:\/\/jornalfatosenoticias.com.br\/#website\",\"url\":\"https:\/\/jornalfatosenoticias.com.br\/\",\"name\":\"Jornal Fatos e Not\u00edcias\",\"description\":\"Not\u00edcias em geral\",\"publisher\":{\"@id\":\"https:\/\/jornalfatosenoticias.com.br\/#organization\"},\"potentialAction\":[{\"@type\":\"SearchAction\",\"target\":{\"@type\":\"EntryPoint\",\"urlTemplate\":\"https:\/\/jornalfatosenoticias.com.br\/?s={search_term_string}\"},\"query-input\":{\"@type\":\"PropertyValueSpecification\",\"valueRequired\":true,\"valueName\":\"search_term_string\"}}],\"inLanguage\":\"pt-BR\"},{\"@type\":\"Organization\",\"@id\":\"https:\/\/jornalfatosenoticias.com.br\/#organization\",\"name\":\"Jornal Fatos e Not\u00edcias\",\"url\":\"https:\/\/jornalfatosenoticias.com.br\/\",\"logo\":{\"@type\":\"ImageObject\",\"inLanguage\":\"pt-BR\",\"@id\":\"https:\/\/jornalfatosenoticias.com.br\/#\/schema\/logo\/image\/\",\"url\":\"https:\/\/jornalfatosenoticias.com.br\/wp-content\/uploads\/2020\/02\/logo120.png\",\"contentUrl\":\"https:\/\/jornalfatosenoticias.com.br\/wp-content\/uploads\/2020\/02\/logo120.png\",\"width\":1227,\"height\":120,\"caption\":\"Jornal Fatos e Not\u00edcias\"},\"image\":{\"@id\":\"https:\/\/jornalfatosenoticias.com.br\/#\/schema\/logo\/image\/\"}},{\"@type\":\"Person\",\"@id\":\"https:\/\/jornalfatosenoticias.com.br\/#\/schema\/person\/d63837fa13ac8666eb9e74e0985d6f81\",\"name\":\"Luzimara Fernandes\",\"image\":{\"@type\":\"ImageObject\",\"inLanguage\":\"pt-BR\",\"@id\":\"https:\/\/jornalfatosenoticias.com.br\/#\/schema\/person\/image\/\",\"url\":\"https:\/\/jornalfatosenoticias.com.br\/wp-content\/uploads\/2025\/05\/EU_portal.jpg\",\"contentUrl\":\"https:\/\/jornalfatosenoticias.com.br\/wp-content\/uploads\/2025\/05\/EU_portal.jpg\",\"caption\":\"Luzimara Fernandes\"},\"description\":\"Jornalista MTB 2358-ES\",\"sameAs\":[\"https:\/\/jornalfatosenoticias.com.br\"],\"url\":\"https:\/\/jornalfatosenoticias.com.br\/index.php\/author\/luzimara\/\"}]}<\/script>\n<!-- \/ Yoast SEO plugin. -->","yoast_head_json":{"title":"Anima\u00e7\u00e3o brasileira 'A Linha' ganha Emmy usando realidade virtual - Jornal Fatos e Not\u00edcias","robots":{"index":"index","follow":"follow","max-snippet":"max-snippet:-1","max-image-preview":"max-image-preview:large","max-video-preview":"max-video-preview:-1"},"canonical":"https:\/\/jornalfatosenoticias.com.br\/index.php\/2020\/09\/07\/animacao-brasileira-a-linha-ganha-emmy-usando-realidade-virtual\/","og_locale":"pt_BR","og_type":"article","og_title":"Anima\u00e7\u00e3o brasileira 'A Linha' ganha Emmy usando realidade virtual - Jornal Fatos e Not\u00edcias","og_description":"Dirigido por Ricardo Laganaro e com voz em ingl\u00eas de Rodrigo Santoro, filme interativo \u00e9 centrado nos personagens Pedro e Rosa em uma S\u00e3o Paulo dos anos 1940 O rep\u00f3rter estava no Est\u00fadio \u00c1rvore, em Pinheiros, quando o diretor Ricardo Laganaro e o produtor Ricardo Justus, de A Linha, receberam o e-mail comunicando que o [&hellip;]","og_url":"https:\/\/jornalfatosenoticias.com.br\/index.php\/2020\/09\/07\/animacao-brasileira-a-linha-ganha-emmy-usando-realidade-virtual\/","og_site_name":"Jornal Fatos e Not\u00edcias","article_published_time":"2020-09-07T17:26:13+00:00","article_modified_time":"2020-09-07T17:26:20+00:00","og_image":[{"width":1000,"height":750,"url":"https:\/\/jornalfatosenoticias.com.br\/wp-content\/uploads\/2020\/09\/A-linha_animacao.jpg","type":"image\/jpeg"}],"author":"Luzimara Fernandes","twitter_card":"summary_large_image","twitter_misc":{"Escrito por":"Luzimara Fernandes","Est. tempo de leitura":"6 minutos"},"schema":{"@context":"https:\/\/schema.org","@graph":[{"@type":"Article","@id":"https:\/\/jornalfatosenoticias.com.br\/index.php\/2020\/09\/07\/animacao-brasileira-a-linha-ganha-emmy-usando-realidade-virtual\/#article","isPartOf":{"@id":"https:\/\/jornalfatosenoticias.com.br\/index.php\/2020\/09\/07\/animacao-brasileira-a-linha-ganha-emmy-usando-realidade-virtual\/"},"author":{"name":"Luzimara Fernandes","@id":"https:\/\/jornalfatosenoticias.com.br\/#\/schema\/person\/d63837fa13ac8666eb9e74e0985d6f81"},"headline":"Anima\u00e7\u00e3o brasileira &#8216;A Linha&#8217; ganha Emmy usando realidade virtual","datePublished":"2020-09-07T17:26:13+00:00","dateModified":"2020-09-07T17:26:20+00:00","mainEntityOfPage":{"@id":"https:\/\/jornalfatosenoticias.com.br\/index.php\/2020\/09\/07\/animacao-brasileira-a-linha-ganha-emmy-usando-realidade-virtual\/"},"wordCount":1131,"commentCount":0,"publisher":{"@id":"https:\/\/jornalfatosenoticias.com.br\/#organization"},"image":{"@id":"https:\/\/jornalfatosenoticias.com.br\/index.php\/2020\/09\/07\/animacao-brasileira-a-linha-ganha-emmy-usando-realidade-virtual\/#primaryimage"},"thumbnailUrl":"https:\/\/jornalfatosenoticias.com.br\/wp-content\/uploads\/2020\/09\/A-linha_animacao.jpg","keywords":["A Linha","anima\u00e7\u00f5es","Emmy","realidade virtual"],"articleSection":["Cultura"],"inLanguage":"pt-BR","potentialAction":[{"@type":"CommentAction","name":"Comment","target":["https:\/\/jornalfatosenoticias.com.br\/index.php\/2020\/09\/07\/animacao-brasileira-a-linha-ganha-emmy-usando-realidade-virtual\/#respond"]}]},{"@type":"WebPage","@id":"https:\/\/jornalfatosenoticias.com.br\/index.php\/2020\/09\/07\/animacao-brasileira-a-linha-ganha-emmy-usando-realidade-virtual\/","url":"https:\/\/jornalfatosenoticias.com.br\/index.php\/2020\/09\/07\/animacao-brasileira-a-linha-ganha-emmy-usando-realidade-virtual\/","name":"Anima\u00e7\u00e3o brasileira 'A Linha' ganha Emmy usando realidade virtual - Jornal Fatos e Not\u00edcias","isPartOf":{"@id":"https:\/\/jornalfatosenoticias.com.br\/#website"},"primaryImageOfPage":{"@id":"https:\/\/jornalfatosenoticias.com.br\/index.php\/2020\/09\/07\/animacao-brasileira-a-linha-ganha-emmy-usando-realidade-virtual\/#primaryimage"},"image":{"@id":"https:\/\/jornalfatosenoticias.com.br\/index.php\/2020\/09\/07\/animacao-brasileira-a-linha-ganha-emmy-usando-realidade-virtual\/#primaryimage"},"thumbnailUrl":"https:\/\/jornalfatosenoticias.com.br\/wp-content\/uploads\/2020\/09\/A-linha_animacao.jpg","datePublished":"2020-09-07T17:26:13+00:00","dateModified":"2020-09-07T17:26:20+00:00","breadcrumb":{"@id":"https:\/\/jornalfatosenoticias.com.br\/index.php\/2020\/09\/07\/animacao-brasileira-a-linha-ganha-emmy-usando-realidade-virtual\/#breadcrumb"},"inLanguage":"pt-BR","potentialAction":[{"@type":"ReadAction","target":["https:\/\/jornalfatosenoticias.com.br\/index.php\/2020\/09\/07\/animacao-brasileira-a-linha-ganha-emmy-usando-realidade-virtual\/"]}]},{"@type":"ImageObject","inLanguage":"pt-BR","@id":"https:\/\/jornalfatosenoticias.com.br\/index.php\/2020\/09\/07\/animacao-brasileira-a-linha-ganha-emmy-usando-realidade-virtual\/#primaryimage","url":"https:\/\/jornalfatosenoticias.com.br\/wp-content\/uploads\/2020\/09\/A-linha_animacao.jpg","contentUrl":"https:\/\/jornalfatosenoticias.com.br\/wp-content\/uploads\/2020\/09\/A-linha_animacao.jpg","width":1000,"height":750},{"@type":"BreadcrumbList","@id":"https:\/\/jornalfatosenoticias.com.br\/index.php\/2020\/09\/07\/animacao-brasileira-a-linha-ganha-emmy-usando-realidade-virtual\/#breadcrumb","itemListElement":[{"@type":"ListItem","position":1,"name":"In\u00edcio","item":"https:\/\/jornalfatosenoticias.com.br\/"},{"@type":"ListItem","position":2,"name":"Anima\u00e7\u00e3o brasileira &#8216;A Linha&#8217; ganha Emmy usando realidade virtual"}]},{"@type":"WebSite","@id":"https:\/\/jornalfatosenoticias.com.br\/#website","url":"https:\/\/jornalfatosenoticias.com.br\/","name":"Jornal Fatos e Not\u00edcias","description":"Not\u00edcias em geral","publisher":{"@id":"https:\/\/jornalfatosenoticias.com.br\/#organization"},"potentialAction":[{"@type":"SearchAction","target":{"@type":"EntryPoint","urlTemplate":"https:\/\/jornalfatosenoticias.com.br\/?s={search_term_string}"},"query-input":{"@type":"PropertyValueSpecification","valueRequired":true,"valueName":"search_term_string"}}],"inLanguage":"pt-BR"},{"@type":"Organization","@id":"https:\/\/jornalfatosenoticias.com.br\/#organization","name":"Jornal Fatos e Not\u00edcias","url":"https:\/\/jornalfatosenoticias.com.br\/","logo":{"@type":"ImageObject","inLanguage":"pt-BR","@id":"https:\/\/jornalfatosenoticias.com.br\/#\/schema\/logo\/image\/","url":"https:\/\/jornalfatosenoticias.com.br\/wp-content\/uploads\/2020\/02\/logo120.png","contentUrl":"https:\/\/jornalfatosenoticias.com.br\/wp-content\/uploads\/2020\/02\/logo120.png","width":1227,"height":120,"caption":"Jornal Fatos e Not\u00edcias"},"image":{"@id":"https:\/\/jornalfatosenoticias.com.br\/#\/schema\/logo\/image\/"}},{"@type":"Person","@id":"https:\/\/jornalfatosenoticias.com.br\/#\/schema\/person\/d63837fa13ac8666eb9e74e0985d6f81","name":"Luzimara Fernandes","image":{"@type":"ImageObject","inLanguage":"pt-BR","@id":"https:\/\/jornalfatosenoticias.com.br\/#\/schema\/person\/image\/","url":"https:\/\/jornalfatosenoticias.com.br\/wp-content\/uploads\/2025\/05\/EU_portal.jpg","contentUrl":"https:\/\/jornalfatosenoticias.com.br\/wp-content\/uploads\/2025\/05\/EU_portal.jpg","caption":"Luzimara Fernandes"},"description":"Jornalista MTB 2358-ES","sameAs":["https:\/\/jornalfatosenoticias.com.br"],"url":"https:\/\/jornalfatosenoticias.com.br\/index.php\/author\/luzimara\/"}]}},"cc_featured_image_caption":{"caption_text":"(Foto: Divulga\u00e7\u00e3o)\r\n","source_text":"","source_url":""},"jetpack_featured_media_url":"https:\/\/jornalfatosenoticias.com.br\/wp-content\/uploads\/2020\/09\/A-linha_animacao.jpg","_links":{"self":[{"href":"https:\/\/jornalfatosenoticias.com.br\/index.php\/wp-json\/wp\/v2\/posts\/8606","targetHints":{"allow":["GET"]}}],"collection":[{"href":"https:\/\/jornalfatosenoticias.com.br\/index.php\/wp-json\/wp\/v2\/posts"}],"about":[{"href":"https:\/\/jornalfatosenoticias.com.br\/index.php\/wp-json\/wp\/v2\/types\/post"}],"author":[{"embeddable":true,"href":"https:\/\/jornalfatosenoticias.com.br\/index.php\/wp-json\/wp\/v2\/users\/2"}],"replies":[{"embeddable":true,"href":"https:\/\/jornalfatosenoticias.com.br\/index.php\/wp-json\/wp\/v2\/comments?post=8606"}],"version-history":[{"count":0,"href":"https:\/\/jornalfatosenoticias.com.br\/index.php\/wp-json\/wp\/v2\/posts\/8606\/revisions"}],"wp:featuredmedia":[{"embeddable":true,"href":"https:\/\/jornalfatosenoticias.com.br\/index.php\/wp-json\/wp\/v2\/media\/8609"}],"wp:attachment":[{"href":"https:\/\/jornalfatosenoticias.com.br\/index.php\/wp-json\/wp\/v2\/media?parent=8606"}],"wp:term":[{"taxonomy":"category","embeddable":true,"href":"https:\/\/jornalfatosenoticias.com.br\/index.php\/wp-json\/wp\/v2\/categories?post=8606"},{"taxonomy":"post_tag","embeddable":true,"href":"https:\/\/jornalfatosenoticias.com.br\/index.php\/wp-json\/wp\/v2\/tags?post=8606"}],"curies":[{"name":"wp","href":"https:\/\/api.w.org\/{rel}","templated":true}]}}