{"id":8616,"date":"2020-09-07T15:24:26","date_gmt":"2020-09-07T18:24:26","guid":{"rendered":"https:\/\/jornalfatosenoticias.com.br\/?p=8616"},"modified":"2020-09-07T15:24:31","modified_gmt":"2020-09-07T18:24:31","slug":"campanha-alerta-para-necessidade-de-prevencao-do-cancer-de-intestino","status":"publish","type":"post","link":"https:\/\/jornalfatosenoticias.com.br\/index.php\/2020\/09\/07\/campanha-alerta-para-necessidade-de-prevencao-do-cancer-de-intestino\/","title":{"rendered":"Campanha alerta para necessidade de preven\u00e7\u00e3o do c\u00e2ncer de intestino"},"content":{"rendered":"\n<h6 class=\"wp-block-heading\"><em>M\u00e9dico diz que h\u00e1bitos alimentares saud\u00e1veis ajudam a evitar a doen\u00e7a<\/em><\/h6>\n\n\n\n<p>Com a mudan\u00e7a do padr\u00e3o internacional de 50 anos para 45 anos de idade, por causa do aumento da frequ\u00eancia do c\u00e2ncer colorretal na popula\u00e7\u00e3o adulta, especialistas passaram a recomendar \u00e0s pessoas que fa\u00e7am a preven\u00e7\u00e3o da doen\u00e7a na faixa de 45 anos a 50 anos e n\u00e3o mais somente a partir dos 50 anos. Os casos t\u00eam aumentado em todo o mundo.<br>\u201cAcima dos 45 anos, \u00e9 uma recomenda\u00e7\u00e3o forte para fazer a preven\u00e7\u00e3o. E acima dos 50 anos, \u00e9 obrigat\u00f3ria a preven\u00e7\u00e3o\u201d, disse hoje \u00e0 Ag\u00eancia Brasil o coloproctologista Paulo Maur\u00edcio Chagas Bruno, membro titular da Sociedade Brasileira de Coloproctologia (SBCP) e diretor da Associa\u00e7\u00e3o Brasileira de Preven\u00e7\u00e3o do C\u00e2ncer de Intestino (Abrapreci).<br>A morte do ator Chadwick Boseman, que interpretou o personagem Pantera Negra no cinema, em decorr\u00eancia do c\u00e2ncer de c\u00f3lon, serviu como alerta para a preven\u00e7\u00e3o do c\u00e2ncer colorretal, que abrange o c\u00f3lon e o reto. A necessidade de preven\u00e7\u00e3o da doen\u00e7a que matou o ator aos 43 anos est\u00e1 sendo lembrada neste m\u00eas de setembro. Para informar a popula\u00e7\u00e3o sobre h\u00e1bitos que podem prevenir o c\u00e2ncer colorretal, a SBCP est\u00e1 promovendo a Campanha de Preven\u00e7\u00e3o do C\u00e2ncer de Intestino. Em raz\u00e3o da pandemia do novo coronav\u00edrus, a campanha ser\u00e1 divulgada este ano no <strong><a href=\"http:\/\/www.facebook.com\/portalcoloprocto\" target=\"_blank\" rel=\"noreferrer noopener\">Facebook<\/a>, <\/strong>no<strong>\u00a0<a href=\"http:\/\/www.instagram.com\/portaldacoloproctologia\" target=\"_blank\" rel=\"noreferrer noopener\">Instagram<\/a>\u00a0<\/strong>e no<strong><a href=\"http:\/\/www.portaldacoloproctologia.com.br\/\" target=\"_blank\" rel=\"noreferrer noopener\">\u00a0Portal da Coloproctologia<\/a><\/strong>.<br>A Abrapreci tamb\u00e9m est\u00e1 divulgando v\u00eddeos sobre a import\u00e2ncia da preven\u00e7\u00e3o do c\u00e2ncer colorretal, que \u00e9 o terceiro e quarto mais frequentemente encontrado em homens e mulheres, respectivamente, informou Chagas Bruno. O Instituto Nacional de C\u00e2ncer Jos\u00e9 Alencar Gomes da Silva (Inca) estima que, em 2020, ser\u00e3o registrados no Brasil mais 40.990 casos da doen\u00e7a \u2014 20.520 em homens e 20.470 em mulheres \u2014 com aumento de mais de 12% em rela\u00e7\u00e3o ao \u00edndice anterior. \u201cA incid\u00eancia est\u00e1 realmente aumentando&#8221;, disse o m\u00e9dico.<\/p>\n\n\n\n<h3 class=\"wp-block-heading\">Exames<\/h3>\n\n\n\n<p>Paulo Maur\u00edcio Chagas Bruno explicou que, inicialmente, a preven\u00e7\u00e3o em grande escala \u00e9 feita em pesquisa de sangue oculto nas fezes por meio do exame de hemoglobina humana, que n\u00e3o precisa de dieta pr\u00e9via. Se o resultado for positivo, o paciente deve fazer a colonoscopia, quando os m\u00e9dicos colhem material e tiram p\u00f3lipos, que s\u00e3o precursores do c\u00e2ncer. Os p\u00f3lipos de pequeno tamanho t\u00eam baixa malignidade, mas, \u00e0 medida que v\u00e3o crescendo, aumenta a possibilidade de tumor. A retirada dos p\u00f3lipos reduz a incid\u00eancia de c\u00e2ncer em quase 40% da popula\u00e7\u00e3o. Estima-se que, em m\u00e9dia, 28% das pessoas com mais de 50 anos tenham p\u00f3lipos no intestino. A colonoscopia \u00e9 um exame de imagem feito com a introdu\u00e7\u00e3o de um aparelho flex\u00edvel do \u00e2nus at\u00e9 o intestino, com o paciente anestesiado.<br>O m\u00e9dico destacou tamb\u00e9m a import\u00e2ncia de h\u00e1bitos alimentares saud\u00e1veis, com o consumo de muitas frutas, legumes, verduras e cereais, que \u201cdiminuem substancialmente a incid\u00eancia de c\u00e2ncer\u201d. Ele alertou que carnes vermelhas e alimentos defumados e com conservantes \u201caumentam a incid\u00eancia de c\u00e2ncer\u201d; assim como o consumo de \u00e1lcool em excesso. De acordo com o coloproctologista, a obesidade m\u00f3rbida tamb\u00e9m \u00e9 fator de aumento da incid\u00eancia do c\u00e2ncer colorretal. Isso ocorre tamb\u00e9m com o tabagismo, h\u00e1bito que chega a ampliar em 21% a incid\u00eancia da doen\u00e7a em homens e em 12% nas mulheres.<br>Para evitar o c\u00e2ncer colorretal, os especialistas recomendam ainda a pr\u00e1tica de exerc\u00edcios f\u00edsicos regulares e a ingest\u00e3o de muita \u00e1gua \u2014 cerca de dois litros por dia.<\/p>\n\n\n\n<h3 class=\"wp-block-heading\">Fam\u00edlia<\/h3>\n\n\n\n<p>Chagas Bruno salientou ainda a incid\u00eancia de c\u00e2ncer familiar, que acomete 10% da popula\u00e7\u00e3o e, em alguns grupos, chega a at\u00e9 15% ou 20%. A maioria dos c\u00e2nceres \u00e9 espor\u00e1dica, mas, se uma pessoa tiver algum parente de primeiro grau com c\u00e2ncer colorretal em torno de 50 anos de idade, a possibilidade de ele tamb\u00e9m ter essa doen\u00e7a \u00e9 tr\u00eas vezes maior do que a popula\u00e7\u00e3o normal. Se o parente de primeiro grau tem c\u00e2ncer estiver com menos de 45 anos, isso aumenta em quatro vezes a possibilidade de algu\u00e9m da fam\u00edlia desenvolver o c\u00e2ncer.<br>O m\u00e9dico enfatiza que a preven\u00e7\u00e3o do c\u00e2ncer colorretal, al\u00e9m de diminuir o sofrimento da fam\u00edlia e do paciente, significa a redu\u00e7\u00e3o de gastos com quimioterapia, radioterapia e cirurgia. Ele lembrou que, embora os conv\u00eanios de planos de sa\u00fade e mesmo o Sistema \u00danico de Sa\u00fade (SUS) paguem as cirurgias, existem elementos paralelos que encarecem muito o tratamento, como bolsas de colostomia, alimenta\u00e7\u00e3o e medicamentos especiais, \u201ccom muito sofrimento ps\u00edquico\u201d.<br>A pandemia da covid-19 levou muitas pessoas a protelar a realiza\u00e7\u00e3o de exames preventivos, interrompendo processos de diagn\u00f3stico. Por isso, a SBCP teme que o \u00edndice de c\u00e2ncer intestinal aumente, porque a demora na descoberta pode agravar a doen\u00e7a e dificultar o tratamento e a cura.<\/p>\n\n\n\n<h3 class=\"wp-block-heading\">Preocupa\u00e7\u00e3o<\/h3>\n\n\n\n<p>Estudo feito por pesquisadores da University College London, que se encontra em fase de revis\u00e3o e ser\u00e1 publicado no The British Medical Journal, confirma que os \u00edndices de c\u00e2ncer em geral tendem a piorar pelo fato de muitas pessoas terem adiado exames e tratamentos por receio do cont\u00e1gio da covid-19 em unidades de sa\u00fade.<br>Os pesquisadores brit\u00e2nicos analisaram dados semanais de oito hospitais, ou o equivalente a 3,8 milh\u00f5es de pacientes, e chegaram \u00e0 conclus\u00e3o de que ca\u00edram 76% os encaminhamentos urgentes de pessoas com suspeita de c\u00e2ncer e 60% os agendamentos de quimioterapia em compara\u00e7\u00e3o com o per\u00edodo anterior \u00e0 pandemia. A estimativa \u00e9 que cerca de 30 mil pacientes com c\u00e2ncer rec\u00e9m-diagnosticado antes da pandemia morrer\u00e3o em at\u00e9 um ano, na Inglaterra.<\/p>\n\n\n\n<h3 class=\"wp-block-heading\">Sintomas<\/h3>\n\n\n\n<p>De acordo com a SBCP, o principal sinal de alerta para o c\u00e2ncer colorretal \u00e9 a presen\u00e7a de sangue nas fezes, mas outros sintomas podem ocorrer, entre os quais altera\u00e7\u00f5es dos h\u00e1bitos intestinais (diarreia ou pris\u00e3o de ventre persistente), c\u00f3lica, dor na regi\u00e3o anal, fraqueza, anemia e emagrecimento. Ao notar qualquer desses sintomas, a recomenda\u00e7\u00e3o \u00e9 procurar um coloproctologista para diagn\u00f3stico e tratamento adequado.<\/p>\n\n\n\n<p><strong><em>Fonte: <a href=\"https:\/\/agenciabrasil.ebc.com.br\/saude\/noticia\/2020-09\/campanha-alerta-para-necessidade-de-prevencao-do-cancer-de-intestino\">Ag\u00eancia Brasil<\/a><\/em><\/strong><\/p>\n","protected":false},"excerpt":{"rendered":"<p>M\u00e9dico diz que h\u00e1bitos alimentares saud\u00e1veis ajudam a evitar a doen\u00e7a Com a mudan\u00e7a do padr\u00e3o internacional de 50 anos para 45 anos de idade, por causa do aumento da frequ\u00eancia do c\u00e2ncer colorretal na popula\u00e7\u00e3o adulta, especialistas passaram a recomendar \u00e0s pessoas que fa\u00e7am a preven\u00e7\u00e3o da doen\u00e7a na faixa de 45 anos a [&hellip;]<\/p>\n","protected":false},"author":2,"featured_media":8617,"comment_status":"open","ping_status":"open","sticky":false,"template":"","format":"standard","meta":{"footnotes":""},"categories":[11],"tags":[4753,4750,4749,4748,4752,645,4751],"class_list":["post-8616","post","type-post","status-publish","format-standard","has-post-thumbnail","hentry","category-saude","tag-abrapreci","tag-campanha-de-prevencao","tag-cancer-colorretal","tag-cancer-de-intestino","tag-chadwick-boseman","tag-colon","tag-pantera-negra"],"yoast_head":"<!-- This site is optimized with the Yoast SEO plugin v26.5 - https:\/\/yoast.com\/wordpress\/plugins\/seo\/ -->\n<title>Campanha alerta para necessidade de preven\u00e7\u00e3o do c\u00e2ncer de intestino - Jornal Fatos e Not\u00edcias<\/title>\n<meta name=\"robots\" content=\"index, follow, max-snippet:-1, max-image-preview:large, max-video-preview:-1\" \/>\n<link rel=\"canonical\" href=\"https:\/\/jornalfatosenoticias.com.br\/index.php\/2020\/09\/07\/campanha-alerta-para-necessidade-de-prevencao-do-cancer-de-intestino\/\" \/>\n<meta property=\"og:locale\" content=\"pt_BR\" \/>\n<meta property=\"og:type\" content=\"article\" \/>\n<meta property=\"og:title\" content=\"Campanha alerta para necessidade de preven\u00e7\u00e3o do c\u00e2ncer de intestino - Jornal Fatos e Not\u00edcias\" \/>\n<meta property=\"og:description\" content=\"M\u00e9dico diz que h\u00e1bitos alimentares saud\u00e1veis ajudam a evitar a doen\u00e7a Com a mudan\u00e7a do padr\u00e3o internacional de 50 anos para 45 anos de idade, por causa do aumento da frequ\u00eancia do c\u00e2ncer colorretal na popula\u00e7\u00e3o adulta, especialistas passaram a recomendar \u00e0s pessoas que fa\u00e7am a preven\u00e7\u00e3o da doen\u00e7a na faixa de 45 anos a [&hellip;]\" \/>\n<meta property=\"og:url\" content=\"https:\/\/jornalfatosenoticias.com.br\/index.php\/2020\/09\/07\/campanha-alerta-para-necessidade-de-prevencao-do-cancer-de-intestino\/\" \/>\n<meta property=\"og:site_name\" content=\"Jornal Fatos e Not\u00edcias\" \/>\n<meta property=\"article:published_time\" content=\"2020-09-07T18:24:26+00:00\" \/>\n<meta property=\"article:modified_time\" content=\"2020-09-07T18:24:31+00:00\" \/>\n<meta property=\"og:image\" content=\"https:\/\/jornalfatosenoticias.com.br\/wp-content\/uploads\/2020\/09\/divulgacao_abrapreci_cancer.jpg\" \/>\n\t<meta property=\"og:image:width\" content=\"1000\" \/>\n\t<meta property=\"og:image:height\" content=\"598\" \/>\n\t<meta property=\"og:image:type\" content=\"image\/jpeg\" \/>\n<meta name=\"author\" content=\"Luzimara Fernandes\" \/>\n<meta name=\"twitter:card\" content=\"summary_large_image\" \/>\n<meta name=\"twitter:label1\" content=\"Escrito por\" \/>\n\t<meta name=\"twitter:data1\" content=\"Luzimara Fernandes\" \/>\n\t<meta name=\"twitter:label2\" content=\"Est. tempo de leitura\" \/>\n\t<meta name=\"twitter:data2\" content=\"5 minutos\" \/>\n<script type=\"application\/ld+json\" class=\"yoast-schema-graph\">{\"@context\":\"https:\/\/schema.org\",\"@graph\":[{\"@type\":\"Article\",\"@id\":\"https:\/\/jornalfatosenoticias.com.br\/index.php\/2020\/09\/07\/campanha-alerta-para-necessidade-de-prevencao-do-cancer-de-intestino\/#article\",\"isPartOf\":{\"@id\":\"https:\/\/jornalfatosenoticias.com.br\/index.php\/2020\/09\/07\/campanha-alerta-para-necessidade-de-prevencao-do-cancer-de-intestino\/\"},\"author\":{\"name\":\"Luzimara Fernandes\",\"@id\":\"https:\/\/jornalfatosenoticias.com.br\/#\/schema\/person\/d63837fa13ac8666eb9e74e0985d6f81\"},\"headline\":\"Campanha alerta para necessidade de preven\u00e7\u00e3o do c\u00e2ncer de intestino\",\"datePublished\":\"2020-09-07T18:24:26+00:00\",\"dateModified\":\"2020-09-07T18:24:31+00:00\",\"mainEntityOfPage\":{\"@id\":\"https:\/\/jornalfatosenoticias.com.br\/index.php\/2020\/09\/07\/campanha-alerta-para-necessidade-de-prevencao-do-cancer-de-intestino\/\"},\"wordCount\":1082,\"commentCount\":0,\"publisher\":{\"@id\":\"https:\/\/jornalfatosenoticias.com.br\/#organization\"},\"image\":{\"@id\":\"https:\/\/jornalfatosenoticias.com.br\/index.php\/2020\/09\/07\/campanha-alerta-para-necessidade-de-prevencao-do-cancer-de-intestino\/#primaryimage\"},\"thumbnailUrl\":\"https:\/\/jornalfatosenoticias.com.br\/wp-content\/uploads\/2020\/09\/divulgacao_abrapreci_cancer.jpg\",\"keywords\":[\"Abrapreci\",\"Campanha de preven\u00e7\u00e3o\",\"c\u00e2ncer colorretal\",\"c\u00e2ncer de intestino\",\"Chadwick Boseman\",\"c\u00f3lon\",\"Pantera Negra\"],\"articleSection\":[\"Sa\u00fade\"],\"inLanguage\":\"pt-BR\",\"potentialAction\":[{\"@type\":\"CommentAction\",\"name\":\"Comment\",\"target\":[\"https:\/\/jornalfatosenoticias.com.br\/index.php\/2020\/09\/07\/campanha-alerta-para-necessidade-de-prevencao-do-cancer-de-intestino\/#respond\"]}]},{\"@type\":\"WebPage\",\"@id\":\"https:\/\/jornalfatosenoticias.com.br\/index.php\/2020\/09\/07\/campanha-alerta-para-necessidade-de-prevencao-do-cancer-de-intestino\/\",\"url\":\"https:\/\/jornalfatosenoticias.com.br\/index.php\/2020\/09\/07\/campanha-alerta-para-necessidade-de-prevencao-do-cancer-de-intestino\/\",\"name\":\"Campanha alerta para necessidade de preven\u00e7\u00e3o do c\u00e2ncer de intestino - Jornal Fatos e Not\u00edcias\",\"isPartOf\":{\"@id\":\"https:\/\/jornalfatosenoticias.com.br\/#website\"},\"primaryImageOfPage\":{\"@id\":\"https:\/\/jornalfatosenoticias.com.br\/index.php\/2020\/09\/07\/campanha-alerta-para-necessidade-de-prevencao-do-cancer-de-intestino\/#primaryimage\"},\"image\":{\"@id\":\"https:\/\/jornalfatosenoticias.com.br\/index.php\/2020\/09\/07\/campanha-alerta-para-necessidade-de-prevencao-do-cancer-de-intestino\/#primaryimage\"},\"thumbnailUrl\":\"https:\/\/jornalfatosenoticias.com.br\/wp-content\/uploads\/2020\/09\/divulgacao_abrapreci_cancer.jpg\",\"datePublished\":\"2020-09-07T18:24:26+00:00\",\"dateModified\":\"2020-09-07T18:24:31+00:00\",\"breadcrumb\":{\"@id\":\"https:\/\/jornalfatosenoticias.com.br\/index.php\/2020\/09\/07\/campanha-alerta-para-necessidade-de-prevencao-do-cancer-de-intestino\/#breadcrumb\"},\"inLanguage\":\"pt-BR\",\"potentialAction\":[{\"@type\":\"ReadAction\",\"target\":[\"https:\/\/jornalfatosenoticias.com.br\/index.php\/2020\/09\/07\/campanha-alerta-para-necessidade-de-prevencao-do-cancer-de-intestino\/\"]}]},{\"@type\":\"ImageObject\",\"inLanguage\":\"pt-BR\",\"@id\":\"https:\/\/jornalfatosenoticias.com.br\/index.php\/2020\/09\/07\/campanha-alerta-para-necessidade-de-prevencao-do-cancer-de-intestino\/#primaryimage\",\"url\":\"https:\/\/jornalfatosenoticias.com.br\/wp-content\/uploads\/2020\/09\/divulgacao_abrapreci_cancer.jpg\",\"contentUrl\":\"https:\/\/jornalfatosenoticias.com.br\/wp-content\/uploads\/2020\/09\/divulgacao_abrapreci_cancer.jpg\",\"width\":1000,\"height\":598},{\"@type\":\"BreadcrumbList\",\"@id\":\"https:\/\/jornalfatosenoticias.com.br\/index.php\/2020\/09\/07\/campanha-alerta-para-necessidade-de-prevencao-do-cancer-de-intestino\/#breadcrumb\",\"itemListElement\":[{\"@type\":\"ListItem\",\"position\":1,\"name\":\"In\u00edcio\",\"item\":\"https:\/\/jornalfatosenoticias.com.br\/\"},{\"@type\":\"ListItem\",\"position\":2,\"name\":\"Campanha alerta para necessidade de preven\u00e7\u00e3o do c\u00e2ncer de intestino\"}]},{\"@type\":\"WebSite\",\"@id\":\"https:\/\/jornalfatosenoticias.com.br\/#website\",\"url\":\"https:\/\/jornalfatosenoticias.com.br\/\",\"name\":\"Jornal Fatos e Not\u00edcias\",\"description\":\"Not\u00edcias em geral\",\"publisher\":{\"@id\":\"https:\/\/jornalfatosenoticias.com.br\/#organization\"},\"potentialAction\":[{\"@type\":\"SearchAction\",\"target\":{\"@type\":\"EntryPoint\",\"urlTemplate\":\"https:\/\/jornalfatosenoticias.com.br\/?s={search_term_string}\"},\"query-input\":{\"@type\":\"PropertyValueSpecification\",\"valueRequired\":true,\"valueName\":\"search_term_string\"}}],\"inLanguage\":\"pt-BR\"},{\"@type\":\"Organization\",\"@id\":\"https:\/\/jornalfatosenoticias.com.br\/#organization\",\"name\":\"Jornal Fatos e Not\u00edcias\",\"url\":\"https:\/\/jornalfatosenoticias.com.br\/\",\"logo\":{\"@type\":\"ImageObject\",\"inLanguage\":\"pt-BR\",\"@id\":\"https:\/\/jornalfatosenoticias.com.br\/#\/schema\/logo\/image\/\",\"url\":\"https:\/\/jornalfatosenoticias.com.br\/wp-content\/uploads\/2020\/02\/logo120.png\",\"contentUrl\":\"https:\/\/jornalfatosenoticias.com.br\/wp-content\/uploads\/2020\/02\/logo120.png\",\"width\":1227,\"height\":120,\"caption\":\"Jornal Fatos e Not\u00edcias\"},\"image\":{\"@id\":\"https:\/\/jornalfatosenoticias.com.br\/#\/schema\/logo\/image\/\"}},{\"@type\":\"Person\",\"@id\":\"https:\/\/jornalfatosenoticias.com.br\/#\/schema\/person\/d63837fa13ac8666eb9e74e0985d6f81\",\"name\":\"Luzimara Fernandes\",\"image\":{\"@type\":\"ImageObject\",\"inLanguage\":\"pt-BR\",\"@id\":\"https:\/\/jornalfatosenoticias.com.br\/#\/schema\/person\/image\/\",\"url\":\"https:\/\/jornalfatosenoticias.com.br\/wp-content\/uploads\/2025\/05\/EU_portal.jpg\",\"contentUrl\":\"https:\/\/jornalfatosenoticias.com.br\/wp-content\/uploads\/2025\/05\/EU_portal.jpg\",\"caption\":\"Luzimara Fernandes\"},\"description\":\"Jornalista MTB 2358-ES\",\"sameAs\":[\"https:\/\/jornalfatosenoticias.com.br\"],\"url\":\"https:\/\/jornalfatosenoticias.com.br\/index.php\/author\/luzimara\/\"}]}<\/script>\n<!-- \/ Yoast SEO plugin. -->","yoast_head_json":{"title":"Campanha alerta para necessidade de preven\u00e7\u00e3o do c\u00e2ncer de intestino - Jornal Fatos e Not\u00edcias","robots":{"index":"index","follow":"follow","max-snippet":"max-snippet:-1","max-image-preview":"max-image-preview:large","max-video-preview":"max-video-preview:-1"},"canonical":"https:\/\/jornalfatosenoticias.com.br\/index.php\/2020\/09\/07\/campanha-alerta-para-necessidade-de-prevencao-do-cancer-de-intestino\/","og_locale":"pt_BR","og_type":"article","og_title":"Campanha alerta para necessidade de preven\u00e7\u00e3o do c\u00e2ncer de intestino - Jornal Fatos e Not\u00edcias","og_description":"M\u00e9dico diz que h\u00e1bitos alimentares saud\u00e1veis ajudam a evitar a doen\u00e7a Com a mudan\u00e7a do padr\u00e3o internacional de 50 anos para 45 anos de idade, por causa do aumento da frequ\u00eancia do c\u00e2ncer colorretal na popula\u00e7\u00e3o adulta, especialistas passaram a recomendar \u00e0s pessoas que fa\u00e7am a preven\u00e7\u00e3o da doen\u00e7a na faixa de 45 anos a [&hellip;]","og_url":"https:\/\/jornalfatosenoticias.com.br\/index.php\/2020\/09\/07\/campanha-alerta-para-necessidade-de-prevencao-do-cancer-de-intestino\/","og_site_name":"Jornal Fatos e Not\u00edcias","article_published_time":"2020-09-07T18:24:26+00:00","article_modified_time":"2020-09-07T18:24:31+00:00","og_image":[{"width":1000,"height":598,"url":"https:\/\/jornalfatosenoticias.com.br\/wp-content\/uploads\/2020\/09\/divulgacao_abrapreci_cancer.jpg","type":"image\/jpeg"}],"author":"Luzimara Fernandes","twitter_card":"summary_large_image","twitter_misc":{"Escrito por":"Luzimara Fernandes","Est. tempo de leitura":"5 minutos"},"schema":{"@context":"https:\/\/schema.org","@graph":[{"@type":"Article","@id":"https:\/\/jornalfatosenoticias.com.br\/index.php\/2020\/09\/07\/campanha-alerta-para-necessidade-de-prevencao-do-cancer-de-intestino\/#article","isPartOf":{"@id":"https:\/\/jornalfatosenoticias.com.br\/index.php\/2020\/09\/07\/campanha-alerta-para-necessidade-de-prevencao-do-cancer-de-intestino\/"},"author":{"name":"Luzimara Fernandes","@id":"https:\/\/jornalfatosenoticias.com.br\/#\/schema\/person\/d63837fa13ac8666eb9e74e0985d6f81"},"headline":"Campanha alerta para necessidade de preven\u00e7\u00e3o do c\u00e2ncer de intestino","datePublished":"2020-09-07T18:24:26+00:00","dateModified":"2020-09-07T18:24:31+00:00","mainEntityOfPage":{"@id":"https:\/\/jornalfatosenoticias.com.br\/index.php\/2020\/09\/07\/campanha-alerta-para-necessidade-de-prevencao-do-cancer-de-intestino\/"},"wordCount":1082,"commentCount":0,"publisher":{"@id":"https:\/\/jornalfatosenoticias.com.br\/#organization"},"image":{"@id":"https:\/\/jornalfatosenoticias.com.br\/index.php\/2020\/09\/07\/campanha-alerta-para-necessidade-de-prevencao-do-cancer-de-intestino\/#primaryimage"},"thumbnailUrl":"https:\/\/jornalfatosenoticias.com.br\/wp-content\/uploads\/2020\/09\/divulgacao_abrapreci_cancer.jpg","keywords":["Abrapreci","Campanha de preven\u00e7\u00e3o","c\u00e2ncer colorretal","c\u00e2ncer de intestino","Chadwick Boseman","c\u00f3lon","Pantera Negra"],"articleSection":["Sa\u00fade"],"inLanguage":"pt-BR","potentialAction":[{"@type":"CommentAction","name":"Comment","target":["https:\/\/jornalfatosenoticias.com.br\/index.php\/2020\/09\/07\/campanha-alerta-para-necessidade-de-prevencao-do-cancer-de-intestino\/#respond"]}]},{"@type":"WebPage","@id":"https:\/\/jornalfatosenoticias.com.br\/index.php\/2020\/09\/07\/campanha-alerta-para-necessidade-de-prevencao-do-cancer-de-intestino\/","url":"https:\/\/jornalfatosenoticias.com.br\/index.php\/2020\/09\/07\/campanha-alerta-para-necessidade-de-prevencao-do-cancer-de-intestino\/","name":"Campanha alerta para necessidade de preven\u00e7\u00e3o do c\u00e2ncer de intestino - Jornal Fatos e Not\u00edcias","isPartOf":{"@id":"https:\/\/jornalfatosenoticias.com.br\/#website"},"primaryImageOfPage":{"@id":"https:\/\/jornalfatosenoticias.com.br\/index.php\/2020\/09\/07\/campanha-alerta-para-necessidade-de-prevencao-do-cancer-de-intestino\/#primaryimage"},"image":{"@id":"https:\/\/jornalfatosenoticias.com.br\/index.php\/2020\/09\/07\/campanha-alerta-para-necessidade-de-prevencao-do-cancer-de-intestino\/#primaryimage"},"thumbnailUrl":"https:\/\/jornalfatosenoticias.com.br\/wp-content\/uploads\/2020\/09\/divulgacao_abrapreci_cancer.jpg","datePublished":"2020-09-07T18:24:26+00:00","dateModified":"2020-09-07T18:24:31+00:00","breadcrumb":{"@id":"https:\/\/jornalfatosenoticias.com.br\/index.php\/2020\/09\/07\/campanha-alerta-para-necessidade-de-prevencao-do-cancer-de-intestino\/#breadcrumb"},"inLanguage":"pt-BR","potentialAction":[{"@type":"ReadAction","target":["https:\/\/jornalfatosenoticias.com.br\/index.php\/2020\/09\/07\/campanha-alerta-para-necessidade-de-prevencao-do-cancer-de-intestino\/"]}]},{"@type":"ImageObject","inLanguage":"pt-BR","@id":"https:\/\/jornalfatosenoticias.com.br\/index.php\/2020\/09\/07\/campanha-alerta-para-necessidade-de-prevencao-do-cancer-de-intestino\/#primaryimage","url":"https:\/\/jornalfatosenoticias.com.br\/wp-content\/uploads\/2020\/09\/divulgacao_abrapreci_cancer.jpg","contentUrl":"https:\/\/jornalfatosenoticias.com.br\/wp-content\/uploads\/2020\/09\/divulgacao_abrapreci_cancer.jpg","width":1000,"height":598},{"@type":"BreadcrumbList","@id":"https:\/\/jornalfatosenoticias.com.br\/index.php\/2020\/09\/07\/campanha-alerta-para-necessidade-de-prevencao-do-cancer-de-intestino\/#breadcrumb","itemListElement":[{"@type":"ListItem","position":1,"name":"In\u00edcio","item":"https:\/\/jornalfatosenoticias.com.br\/"},{"@type":"ListItem","position":2,"name":"Campanha alerta para necessidade de preven\u00e7\u00e3o do c\u00e2ncer de intestino"}]},{"@type":"WebSite","@id":"https:\/\/jornalfatosenoticias.com.br\/#website","url":"https:\/\/jornalfatosenoticias.com.br\/","name":"Jornal Fatos e Not\u00edcias","description":"Not\u00edcias em geral","publisher":{"@id":"https:\/\/jornalfatosenoticias.com.br\/#organization"},"potentialAction":[{"@type":"SearchAction","target":{"@type":"EntryPoint","urlTemplate":"https:\/\/jornalfatosenoticias.com.br\/?s={search_term_string}"},"query-input":{"@type":"PropertyValueSpecification","valueRequired":true,"valueName":"search_term_string"}}],"inLanguage":"pt-BR"},{"@type":"Organization","@id":"https:\/\/jornalfatosenoticias.com.br\/#organization","name":"Jornal Fatos e Not\u00edcias","url":"https:\/\/jornalfatosenoticias.com.br\/","logo":{"@type":"ImageObject","inLanguage":"pt-BR","@id":"https:\/\/jornalfatosenoticias.com.br\/#\/schema\/logo\/image\/","url":"https:\/\/jornalfatosenoticias.com.br\/wp-content\/uploads\/2020\/02\/logo120.png","contentUrl":"https:\/\/jornalfatosenoticias.com.br\/wp-content\/uploads\/2020\/02\/logo120.png","width":1227,"height":120,"caption":"Jornal Fatos e Not\u00edcias"},"image":{"@id":"https:\/\/jornalfatosenoticias.com.br\/#\/schema\/logo\/image\/"}},{"@type":"Person","@id":"https:\/\/jornalfatosenoticias.com.br\/#\/schema\/person\/d63837fa13ac8666eb9e74e0985d6f81","name":"Luzimara Fernandes","image":{"@type":"ImageObject","inLanguage":"pt-BR","@id":"https:\/\/jornalfatosenoticias.com.br\/#\/schema\/person\/image\/","url":"https:\/\/jornalfatosenoticias.com.br\/wp-content\/uploads\/2025\/05\/EU_portal.jpg","contentUrl":"https:\/\/jornalfatosenoticias.com.br\/wp-content\/uploads\/2025\/05\/EU_portal.jpg","caption":"Luzimara Fernandes"},"description":"Jornalista MTB 2358-ES","sameAs":["https:\/\/jornalfatosenoticias.com.br"],"url":"https:\/\/jornalfatosenoticias.com.br\/index.php\/author\/luzimara\/"}]}},"cc_featured_image_caption":{"caption_text":"(Foto: Divulga\u00e7\u00e3o\/Abrapreci)","source_text":"","source_url":""},"jetpack_featured_media_url":"https:\/\/jornalfatosenoticias.com.br\/wp-content\/uploads\/2020\/09\/divulgacao_abrapreci_cancer.jpg","_links":{"self":[{"href":"https:\/\/jornalfatosenoticias.com.br\/index.php\/wp-json\/wp\/v2\/posts\/8616","targetHints":{"allow":["GET"]}}],"collection":[{"href":"https:\/\/jornalfatosenoticias.com.br\/index.php\/wp-json\/wp\/v2\/posts"}],"about":[{"href":"https:\/\/jornalfatosenoticias.com.br\/index.php\/wp-json\/wp\/v2\/types\/post"}],"author":[{"embeddable":true,"href":"https:\/\/jornalfatosenoticias.com.br\/index.php\/wp-json\/wp\/v2\/users\/2"}],"replies":[{"embeddable":true,"href":"https:\/\/jornalfatosenoticias.com.br\/index.php\/wp-json\/wp\/v2\/comments?post=8616"}],"version-history":[{"count":0,"href":"https:\/\/jornalfatosenoticias.com.br\/index.php\/wp-json\/wp\/v2\/posts\/8616\/revisions"}],"wp:featuredmedia":[{"embeddable":true,"href":"https:\/\/jornalfatosenoticias.com.br\/index.php\/wp-json\/wp\/v2\/media\/8617"}],"wp:attachment":[{"href":"https:\/\/jornalfatosenoticias.com.br\/index.php\/wp-json\/wp\/v2\/media?parent=8616"}],"wp:term":[{"taxonomy":"category","embeddable":true,"href":"https:\/\/jornalfatosenoticias.com.br\/index.php\/wp-json\/wp\/v2\/categories?post=8616"},{"taxonomy":"post_tag","embeddable":true,"href":"https:\/\/jornalfatosenoticias.com.br\/index.php\/wp-json\/wp\/v2\/tags?post=8616"}],"curies":[{"name":"wp","href":"https:\/\/api.w.org\/{rel}","templated":true}]}}