{"id":8684,"date":"2020-09-08T17:44:02","date_gmt":"2020-09-08T20:44:02","guid":{"rendered":"https:\/\/jornalfatosenoticias.com.br\/?p=8684"},"modified":"2020-09-08T17:45:13","modified_gmt":"2020-09-08T20:45:13","slug":"o-campo-digitalizado","status":"publish","type":"post","link":"https:\/\/jornalfatosenoticias.com.br\/index.php\/2020\/09\/08\/o-campo-digitalizado\/","title":{"rendered":"O campo digitalizado"},"content":{"rendered":"\n<h6 class=\"wp-block-heading\"><em>Levantamento da Embrapa, do Sebrae e do Inpe mostra que 84% dos agricultores brasileiros j\u00e1 recorrem a tecnologias digitais em seu dia a dia<\/em><\/h6>\n\n\n\n<p>Oito em cada 10 agricultores brasileiros empregam pelo menos uma ferramenta digital para apoiar a produ\u00e7\u00e3o em suas propriedades. Essa \u00e9 a principal conclus\u00e3o de uma pesquisa conduzida pela Empresa Brasileira de Pesquisa Agropecu\u00e1ria (Embrapa) em conjunto com o Servi\u00e7o de Apoio \u00e0s Micro e Pequenas Empresas (Sebrae) e o Instituto Nacional de Pesquisas Espaciais (Inpe). O levantamento foi realizado entre os meses de abril e junho e os resultados divulgados em agosto.<br>O estudo contou com a participa\u00e7\u00e3o de 504 produtores rurais, que se dedicam \u00e0 agricultura, pecu\u00e1ria ou silvicultura (cultivo de florestas), al\u00e9m de 249 empresas ou prestadores de servi\u00e7os em agricultura digital. Participantes de 556 munic\u00edpios brasileiros enviaram suas respostas, sendo que a maior parte deles pertence \u00e0 regi\u00e3o Sudeste (<a href=\"https:\/\/revistapesquisa.fapesp.br\/o-campo-digitalizado\/#SITE_agriculturaDigital\"><em>ver infogr\u00e1fico abaixo<\/em><\/a>).<br>\u201cNosso objetivo foi tra\u00e7ar um diagn\u00f3stico do uso atual das tecnologias, aplica\u00e7\u00f5es, desafios e perspectivas futuras da agricultura digital no Brasil\u201d, diz o engenheiro florestal \u00c9dson Bolfe, pesquisador da Embrapa Inform\u00e1tica Agropecu\u00e1ria e coordenador do estudo. \u201cAl\u00e9m do uso de tecnologias de agricultura de precis\u00e3o, como sensores de solo e de clima, imagens de sat\u00e9lite, eletr\u00f4nica de precis\u00e3o ou drones, que s\u00e3o empregadas no processo produtivo em si, a pesquisa tamb\u00e9m abordou o uso de tecnologias antes e depois da porteira, nos est\u00e1gios de pr\u00e9 e p\u00f3s-produ\u00e7\u00e3o, como aplicativos que auxiliam na compra de insumos, na gest\u00e3o da propriedade e na venda da produ\u00e7\u00e3o\u201d, explica.<\/p>\n\n\n\n<h3 class=\"has-text-align-left wp-block-heading\">Internet e redes sociais<\/h3>\n\n\n\n<p>Navegar na internet para acessar informa\u00e7\u00f5es gerais sobre o setor e o mercado agr\u00edcola \u00e9 a principal aplica\u00e7\u00e3o das ferramentas digitais utilizadas pelos agricultores, com 70% de men\u00e7\u00f5es. As redes sociais, como Facebook e os servi\u00e7os de mensagem, como WhatsApp, foram citadas por mais da metade dos produtores rurais como meios empregados para obten\u00e7\u00e3o de informa\u00e7\u00f5es relativas \u00e0 propriedade, aquisi\u00e7\u00e3o de insumos e comercializa\u00e7\u00e3o da produ\u00e7\u00e3o.<br>\u201cOs agricultores utilizam essas ferramentas [internet, redes sociais e servi\u00e7os de mensagem] em atividades gerais para ajudar no planejamento e na administra\u00e7\u00e3o de suas propriedades\u201d, avalia Bolfe. \u201cMas muitos j\u00e1 recorrem a aplica\u00e7\u00f5es mais sofisticadas e complexas. Um ter\u00e7o emprega tecnologias para mapear e planejar o uso da terra\u201d.<br>Tecnologias mais especializadas, como sensoriamento remoto por drones, sat\u00e9lites e avi\u00f5es para obten\u00e7\u00e3o de imagens da lavoura, sensores proximais para acesso a dados do campo ou sistemas automatizados ou robotizados no apoio \u00e0 produ\u00e7\u00e3o, foram mencionadas, respectivamente, por 17%, 16% e 7% dos entrevistados. \u201cAtualmente, quanto mais inovadora \u00e9 a tecnologia digital, maior a complexidade de aplica\u00e7\u00e3o e menor o n\u00famero de agricultores usu\u00e1rios\u201d, destaca Bolfe.<\/p>\n\n\n\n<figure class=\"wp-block-image size-large\"><img loading=\"lazy\" decoding=\"async\" width=\"1000\" height=\"567\" src=\"https:\/\/jornalfatosenoticias.com.br\/wp-content\/uploads\/2020\/09\/Agricultura-Digital-tablet.png\" alt=\"\" class=\"wp-image-8685\" srcset=\"https:\/\/jornalfatosenoticias.com.br\/wp-content\/uploads\/2020\/09\/Agricultura-Digital-tablet.png 1000w, https:\/\/jornalfatosenoticias.com.br\/wp-content\/uploads\/2020\/09\/Agricultura-Digital-tablet-300x170.png 300w, https:\/\/jornalfatosenoticias.com.br\/wp-content\/uploads\/2020\/09\/Agricultura-Digital-tablet-768x435.png 768w\" sizes=\"auto, (max-width: 1000px) 100vw, 1000px\" \/><\/figure>\n\n\n\n<figure class=\"wp-block-image size-large\"><img loading=\"lazy\" decoding=\"async\" width=\"1000\" height=\"438\" src=\"https:\/\/jornalfatosenoticias.com.br\/wp-content\/uploads\/2020\/09\/Agricultura-Digital-tablet-v2.png\" alt=\"\" class=\"wp-image-8686\" srcset=\"https:\/\/jornalfatosenoticias.com.br\/wp-content\/uploads\/2020\/09\/Agricultura-Digital-tablet-v2.png 1000w, https:\/\/jornalfatosenoticias.com.br\/wp-content\/uploads\/2020\/09\/Agricultura-Digital-tablet-v2-300x131.png 300w, https:\/\/jornalfatosenoticias.com.br\/wp-content\/uploads\/2020\/09\/Agricultura-Digital-tablet-v2-768x336.png 768w\" sizes=\"auto, (max-width: 1000px) 100vw, 1000px\" \/><\/figure>\n\n\n\n<h3 class=\"wp-block-heading\">Custo e conectividade<\/h3>\n\n\n\n<p>Entre os entrevistados, 72% s\u00e3o donos de estabelecimentos com at\u00e9 50 hectares e sete em cada 10 t\u00eam mais de 10 anos na atividade no campo. \u00c9 uma amostragem que se assemelha ao perfil dos produtores rurais brasileiros, formado em sua grande maioria por pequenos e m\u00e9dios propriet\u00e1rios. O estudo mostrou que os principais desafios para elevar a ado\u00e7\u00e3o de tecnologias digitais em suas fazendas s\u00e3o o custo de implanta\u00e7\u00e3o dos equipamentos digitais (67%) e os problemas de conectividade (48%).<br>Estudo recente da Escola Superior de Agricultura Luiz de Queiroz da Universidade de S\u00e3o Paulo (Esalq-USP) indicou que apenas 5% da \u00e1rea agricultur\u00e1vel do pa\u00eds est\u00e1 conectada \u00e0 internet. Para ampliar a cobertura para cerca de 90% seria necess\u00e1rio instalar algo como 16 mil antenas de transmiss\u00e3o, segundo estudo do Minist\u00e9rio da Agricultura, Pecu\u00e1ria e Abastecimento (Mapa) (<a href=\"https:\/\/revistapesquisa.fapesp.br\/agricultura-4-0\/\" target=\"_blank\" rel=\"noreferrer noopener\"><em>ver&nbsp;<\/em>Pesquisa FAPESP&nbsp;<em>n\u00ba&nbsp;287<\/em><\/a>).<br>\u201cA conectividade no campo faz toda a diferen\u00e7a. Ela traz sustentabilidade financeira e uma qualidade melhor na tomada de decis\u00e3o\u201d, diz o pecuarista S\u00e9rgio Rocha, dono de uma fazenda de cria\u00e7\u00e3o de gado no Tocantins e fundador e CEO da Agrotools, empresa paulista voltada para fornecer solu\u00e7\u00f5es digitais para corpora\u00e7\u00f5es do agroneg\u00f3cio.<\/p>\n\n\n\n<h3 class=\"wp-block-heading\">Perspectivas futuras<\/h3>\n\n\n\n<p>A pesquisa tamb\u00e9m apontou que o uso das ferramentas digitais deve crescer nos pr\u00f3ximos anos. Pensando no futuro, quase metade dos entrevistados respondeu que gostaria de contar com instrumentos que os auxiliasse na detec\u00e7\u00e3o de riscos clim\u00e1ticos, no controle de pragas e na elabora\u00e7\u00e3o de estimativas de produtividade \u2013 tecnologias que dependem de inova\u00e7\u00f5es em sensores e t\u00e9cnicas avan\u00e7adas, como intelig\u00eancia artificial e internet das coisas (ioT).<br>\u201cO uso de tecnologias digitais \u00e9 um caminho sem volta no mundo rural. Ela vai contribuir n\u00e3o apenas com o aumento da produtividade, mas tamb\u00e9m com uma agricultura mais inteligente, mais eficiente e sustent\u00e1vel\u201d, destaca o agr\u00f4nomo Francisco Severino, produtor de cana-de-a\u00e7\u00facar no munic\u00edpio de Serra Azul (SP) e gerente t\u00e9cnico da Cooperativa dos Plantadores de Cana do Estado de S\u00e3o Paulo (Coplacana), que re\u00fane 14 mil cooperados.<\/p>\n\n\n\n<p><strong><em>Fonte: <a href=\"https:\/\/revistapesquisa.fapesp.br\/o-campo-digitalizado\/\">Revista Pesquisa Fapesp<\/a><\/em><\/strong><\/p>\n","protected":false},"excerpt":{"rendered":"<p>Levantamento da Embrapa, do Sebrae e do Inpe mostra que 84% dos agricultores brasileiros j\u00e1 recorrem a tecnologias digitais em seu dia a dia Oito em cada 10 agricultores brasileiros empregam pelo menos uma ferramenta digital para apoiar a produ\u00e7\u00e3o em suas propriedades. Essa \u00e9 a principal conclus\u00e3o de uma pesquisa conduzida pela Empresa Brasileira [&hellip;]<\/p>\n","protected":false},"author":2,"featured_media":8687,"comment_status":"open","ping_status":"open","sticky":false,"template":"","format":"standard","meta":{"footnotes":""},"categories":[3],"tags":[3061,4782,71,855,198],"class_list":["post-8684","post","type-post","status-publish","format-standard","has-post-thumbnail","hentry","category-tecnologia","tag-agricultura","tag-campo-digitalizado","tag-embrapa","tag-sebrae","tag-tecnologia"],"yoast_head":"<!-- This site is optimized with the Yoast SEO plugin v26.5 - https:\/\/yoast.com\/wordpress\/plugins\/seo\/ -->\n<title>O campo digitalizado - Jornal Fatos e Not\u00edcias<\/title>\n<meta name=\"robots\" content=\"index, follow, max-snippet:-1, max-image-preview:large, max-video-preview:-1\" \/>\n<link rel=\"canonical\" href=\"https:\/\/jornalfatosenoticias.com.br\/index.php\/2020\/09\/08\/o-campo-digitalizado\/\" \/>\n<meta property=\"og:locale\" content=\"pt_BR\" \/>\n<meta property=\"og:type\" content=\"article\" \/>\n<meta property=\"og:title\" content=\"O campo digitalizado - Jornal Fatos e Not\u00edcias\" \/>\n<meta property=\"og:description\" content=\"Levantamento da Embrapa, do Sebrae e do Inpe mostra que 84% dos agricultores brasileiros j\u00e1 recorrem a tecnologias digitais em seu dia a dia Oito em cada 10 agricultores brasileiros empregam pelo menos uma ferramenta digital para apoiar a produ\u00e7\u00e3o em suas propriedades. Essa \u00e9 a principal conclus\u00e3o de uma pesquisa conduzida pela Empresa Brasileira [&hellip;]\" \/>\n<meta property=\"og:url\" content=\"https:\/\/jornalfatosenoticias.com.br\/index.php\/2020\/09\/08\/o-campo-digitalizado\/\" \/>\n<meta property=\"og:site_name\" content=\"Jornal Fatos e Not\u00edcias\" \/>\n<meta property=\"article:published_time\" content=\"2020-09-08T20:44:02+00:00\" \/>\n<meta property=\"article:modified_time\" content=\"2020-09-08T20:45:13+00:00\" \/>\n<meta property=\"og:image\" content=\"https:\/\/jornalfatosenoticias.com.br\/wp-content\/uploads\/2020\/09\/Agricultura-Digital-fapesp.jpg\" \/>\n\t<meta property=\"og:image:width\" content=\"1000\" \/>\n\t<meta property=\"og:image:height\" content=\"593\" \/>\n\t<meta property=\"og:image:type\" content=\"image\/jpeg\" \/>\n<meta name=\"author\" content=\"Luzimara Fernandes\" \/>\n<meta name=\"twitter:card\" content=\"summary_large_image\" \/>\n<meta name=\"twitter:label1\" content=\"Escrito por\" \/>\n\t<meta name=\"twitter:data1\" content=\"Luzimara Fernandes\" \/>\n\t<meta name=\"twitter:label2\" content=\"Est. tempo de leitura\" \/>\n\t<meta name=\"twitter:data2\" content=\"4 minutos\" \/>\n<script type=\"application\/ld+json\" class=\"yoast-schema-graph\">{\"@context\":\"https:\/\/schema.org\",\"@graph\":[{\"@type\":\"Article\",\"@id\":\"https:\/\/jornalfatosenoticias.com.br\/index.php\/2020\/09\/08\/o-campo-digitalizado\/#article\",\"isPartOf\":{\"@id\":\"https:\/\/jornalfatosenoticias.com.br\/index.php\/2020\/09\/08\/o-campo-digitalizado\/\"},\"author\":{\"name\":\"Luzimara Fernandes\",\"@id\":\"https:\/\/jornalfatosenoticias.com.br\/#\/schema\/person\/d63837fa13ac8666eb9e74e0985d6f81\"},\"headline\":\"O campo digitalizado\",\"datePublished\":\"2020-09-08T20:44:02+00:00\",\"dateModified\":\"2020-09-08T20:45:13+00:00\",\"mainEntityOfPage\":{\"@id\":\"https:\/\/jornalfatosenoticias.com.br\/index.php\/2020\/09\/08\/o-campo-digitalizado\/\"},\"wordCount\":841,\"commentCount\":0,\"publisher\":{\"@id\":\"https:\/\/jornalfatosenoticias.com.br\/#organization\"},\"image\":{\"@id\":\"https:\/\/jornalfatosenoticias.com.br\/index.php\/2020\/09\/08\/o-campo-digitalizado\/#primaryimage\"},\"thumbnailUrl\":\"https:\/\/jornalfatosenoticias.com.br\/wp-content\/uploads\/2020\/09\/Agricultura-Digital-fapesp.jpg\",\"keywords\":[\"agricultura\",\"campo digitalizado\",\"embrapa\",\"Sebrae\",\"tecnologia\"],\"articleSection\":[\"Tecnologia &amp; Inova\u00e7\u00e3o\"],\"inLanguage\":\"pt-BR\",\"potentialAction\":[{\"@type\":\"CommentAction\",\"name\":\"Comment\",\"target\":[\"https:\/\/jornalfatosenoticias.com.br\/index.php\/2020\/09\/08\/o-campo-digitalizado\/#respond\"]}]},{\"@type\":\"WebPage\",\"@id\":\"https:\/\/jornalfatosenoticias.com.br\/index.php\/2020\/09\/08\/o-campo-digitalizado\/\",\"url\":\"https:\/\/jornalfatosenoticias.com.br\/index.php\/2020\/09\/08\/o-campo-digitalizado\/\",\"name\":\"O campo digitalizado - Jornal Fatos e Not\u00edcias\",\"isPartOf\":{\"@id\":\"https:\/\/jornalfatosenoticias.com.br\/#website\"},\"primaryImageOfPage\":{\"@id\":\"https:\/\/jornalfatosenoticias.com.br\/index.php\/2020\/09\/08\/o-campo-digitalizado\/#primaryimage\"},\"image\":{\"@id\":\"https:\/\/jornalfatosenoticias.com.br\/index.php\/2020\/09\/08\/o-campo-digitalizado\/#primaryimage\"},\"thumbnailUrl\":\"https:\/\/jornalfatosenoticias.com.br\/wp-content\/uploads\/2020\/09\/Agricultura-Digital-fapesp.jpg\",\"datePublished\":\"2020-09-08T20:44:02+00:00\",\"dateModified\":\"2020-09-08T20:45:13+00:00\",\"breadcrumb\":{\"@id\":\"https:\/\/jornalfatosenoticias.com.br\/index.php\/2020\/09\/08\/o-campo-digitalizado\/#breadcrumb\"},\"inLanguage\":\"pt-BR\",\"potentialAction\":[{\"@type\":\"ReadAction\",\"target\":[\"https:\/\/jornalfatosenoticias.com.br\/index.php\/2020\/09\/08\/o-campo-digitalizado\/\"]}]},{\"@type\":\"ImageObject\",\"inLanguage\":\"pt-BR\",\"@id\":\"https:\/\/jornalfatosenoticias.com.br\/index.php\/2020\/09\/08\/o-campo-digitalizado\/#primaryimage\",\"url\":\"https:\/\/jornalfatosenoticias.com.br\/wp-content\/uploads\/2020\/09\/Agricultura-Digital-fapesp.jpg\",\"contentUrl\":\"https:\/\/jornalfatosenoticias.com.br\/wp-content\/uploads\/2020\/09\/Agricultura-Digital-fapesp.jpg\",\"width\":1000,\"height\":593},{\"@type\":\"BreadcrumbList\",\"@id\":\"https:\/\/jornalfatosenoticias.com.br\/index.php\/2020\/09\/08\/o-campo-digitalizado\/#breadcrumb\",\"itemListElement\":[{\"@type\":\"ListItem\",\"position\":1,\"name\":\"In\u00edcio\",\"item\":\"https:\/\/jornalfatosenoticias.com.br\/\"},{\"@type\":\"ListItem\",\"position\":2,\"name\":\"O campo digitalizado\"}]},{\"@type\":\"WebSite\",\"@id\":\"https:\/\/jornalfatosenoticias.com.br\/#website\",\"url\":\"https:\/\/jornalfatosenoticias.com.br\/\",\"name\":\"Jornal Fatos e Not\u00edcias\",\"description\":\"Not\u00edcias em geral\",\"publisher\":{\"@id\":\"https:\/\/jornalfatosenoticias.com.br\/#organization\"},\"potentialAction\":[{\"@type\":\"SearchAction\",\"target\":{\"@type\":\"EntryPoint\",\"urlTemplate\":\"https:\/\/jornalfatosenoticias.com.br\/?s={search_term_string}\"},\"query-input\":{\"@type\":\"PropertyValueSpecification\",\"valueRequired\":true,\"valueName\":\"search_term_string\"}}],\"inLanguage\":\"pt-BR\"},{\"@type\":\"Organization\",\"@id\":\"https:\/\/jornalfatosenoticias.com.br\/#organization\",\"name\":\"Jornal Fatos e Not\u00edcias\",\"url\":\"https:\/\/jornalfatosenoticias.com.br\/\",\"logo\":{\"@type\":\"ImageObject\",\"inLanguage\":\"pt-BR\",\"@id\":\"https:\/\/jornalfatosenoticias.com.br\/#\/schema\/logo\/image\/\",\"url\":\"https:\/\/jornalfatosenoticias.com.br\/wp-content\/uploads\/2020\/02\/logo120.png\",\"contentUrl\":\"https:\/\/jornalfatosenoticias.com.br\/wp-content\/uploads\/2020\/02\/logo120.png\",\"width\":1227,\"height\":120,\"caption\":\"Jornal Fatos e Not\u00edcias\"},\"image\":{\"@id\":\"https:\/\/jornalfatosenoticias.com.br\/#\/schema\/logo\/image\/\"}},{\"@type\":\"Person\",\"@id\":\"https:\/\/jornalfatosenoticias.com.br\/#\/schema\/person\/d63837fa13ac8666eb9e74e0985d6f81\",\"name\":\"Luzimara Fernandes\",\"image\":{\"@type\":\"ImageObject\",\"inLanguage\":\"pt-BR\",\"@id\":\"https:\/\/jornalfatosenoticias.com.br\/#\/schema\/person\/image\/\",\"url\":\"https:\/\/jornalfatosenoticias.com.br\/wp-content\/uploads\/2025\/05\/EU_portal.jpg\",\"contentUrl\":\"https:\/\/jornalfatosenoticias.com.br\/wp-content\/uploads\/2025\/05\/EU_portal.jpg\",\"caption\":\"Luzimara Fernandes\"},\"description\":\"Jornalista MTB 2358-ES\",\"sameAs\":[\"https:\/\/jornalfatosenoticias.com.br\"],\"url\":\"https:\/\/jornalfatosenoticias.com.br\/index.php\/author\/luzimara\/\"}]}<\/script>\n<!-- \/ Yoast SEO plugin. -->","yoast_head_json":{"title":"O campo digitalizado - Jornal Fatos e Not\u00edcias","robots":{"index":"index","follow":"follow","max-snippet":"max-snippet:-1","max-image-preview":"max-image-preview:large","max-video-preview":"max-video-preview:-1"},"canonical":"https:\/\/jornalfatosenoticias.com.br\/index.php\/2020\/09\/08\/o-campo-digitalizado\/","og_locale":"pt_BR","og_type":"article","og_title":"O campo digitalizado - Jornal Fatos e Not\u00edcias","og_description":"Levantamento da Embrapa, do Sebrae e do Inpe mostra que 84% dos agricultores brasileiros j\u00e1 recorrem a tecnologias digitais em seu dia a dia Oito em cada 10 agricultores brasileiros empregam pelo menos uma ferramenta digital para apoiar a produ\u00e7\u00e3o em suas propriedades. Essa \u00e9 a principal conclus\u00e3o de uma pesquisa conduzida pela Empresa Brasileira [&hellip;]","og_url":"https:\/\/jornalfatosenoticias.com.br\/index.php\/2020\/09\/08\/o-campo-digitalizado\/","og_site_name":"Jornal Fatos e Not\u00edcias","article_published_time":"2020-09-08T20:44:02+00:00","article_modified_time":"2020-09-08T20:45:13+00:00","og_image":[{"width":1000,"height":593,"url":"https:\/\/jornalfatosenoticias.com.br\/wp-content\/uploads\/2020\/09\/Agricultura-Digital-fapesp.jpg","type":"image\/jpeg"}],"author":"Luzimara Fernandes","twitter_card":"summary_large_image","twitter_misc":{"Escrito por":"Luzimara Fernandes","Est. tempo de leitura":"4 minutos"},"schema":{"@context":"https:\/\/schema.org","@graph":[{"@type":"Article","@id":"https:\/\/jornalfatosenoticias.com.br\/index.php\/2020\/09\/08\/o-campo-digitalizado\/#article","isPartOf":{"@id":"https:\/\/jornalfatosenoticias.com.br\/index.php\/2020\/09\/08\/o-campo-digitalizado\/"},"author":{"name":"Luzimara Fernandes","@id":"https:\/\/jornalfatosenoticias.com.br\/#\/schema\/person\/d63837fa13ac8666eb9e74e0985d6f81"},"headline":"O campo digitalizado","datePublished":"2020-09-08T20:44:02+00:00","dateModified":"2020-09-08T20:45:13+00:00","mainEntityOfPage":{"@id":"https:\/\/jornalfatosenoticias.com.br\/index.php\/2020\/09\/08\/o-campo-digitalizado\/"},"wordCount":841,"commentCount":0,"publisher":{"@id":"https:\/\/jornalfatosenoticias.com.br\/#organization"},"image":{"@id":"https:\/\/jornalfatosenoticias.com.br\/index.php\/2020\/09\/08\/o-campo-digitalizado\/#primaryimage"},"thumbnailUrl":"https:\/\/jornalfatosenoticias.com.br\/wp-content\/uploads\/2020\/09\/Agricultura-Digital-fapesp.jpg","keywords":["agricultura","campo digitalizado","embrapa","Sebrae","tecnologia"],"articleSection":["Tecnologia &amp; Inova\u00e7\u00e3o"],"inLanguage":"pt-BR","potentialAction":[{"@type":"CommentAction","name":"Comment","target":["https:\/\/jornalfatosenoticias.com.br\/index.php\/2020\/09\/08\/o-campo-digitalizado\/#respond"]}]},{"@type":"WebPage","@id":"https:\/\/jornalfatosenoticias.com.br\/index.php\/2020\/09\/08\/o-campo-digitalizado\/","url":"https:\/\/jornalfatosenoticias.com.br\/index.php\/2020\/09\/08\/o-campo-digitalizado\/","name":"O campo digitalizado - Jornal Fatos e Not\u00edcias","isPartOf":{"@id":"https:\/\/jornalfatosenoticias.com.br\/#website"},"primaryImageOfPage":{"@id":"https:\/\/jornalfatosenoticias.com.br\/index.php\/2020\/09\/08\/o-campo-digitalizado\/#primaryimage"},"image":{"@id":"https:\/\/jornalfatosenoticias.com.br\/index.php\/2020\/09\/08\/o-campo-digitalizado\/#primaryimage"},"thumbnailUrl":"https:\/\/jornalfatosenoticias.com.br\/wp-content\/uploads\/2020\/09\/Agricultura-Digital-fapesp.jpg","datePublished":"2020-09-08T20:44:02+00:00","dateModified":"2020-09-08T20:45:13+00:00","breadcrumb":{"@id":"https:\/\/jornalfatosenoticias.com.br\/index.php\/2020\/09\/08\/o-campo-digitalizado\/#breadcrumb"},"inLanguage":"pt-BR","potentialAction":[{"@type":"ReadAction","target":["https:\/\/jornalfatosenoticias.com.br\/index.php\/2020\/09\/08\/o-campo-digitalizado\/"]}]},{"@type":"ImageObject","inLanguage":"pt-BR","@id":"https:\/\/jornalfatosenoticias.com.br\/index.php\/2020\/09\/08\/o-campo-digitalizado\/#primaryimage","url":"https:\/\/jornalfatosenoticias.com.br\/wp-content\/uploads\/2020\/09\/Agricultura-Digital-fapesp.jpg","contentUrl":"https:\/\/jornalfatosenoticias.com.br\/wp-content\/uploads\/2020\/09\/Agricultura-Digital-fapesp.jpg","width":1000,"height":593},{"@type":"BreadcrumbList","@id":"https:\/\/jornalfatosenoticias.com.br\/index.php\/2020\/09\/08\/o-campo-digitalizado\/#breadcrumb","itemListElement":[{"@type":"ListItem","position":1,"name":"In\u00edcio","item":"https:\/\/jornalfatosenoticias.com.br\/"},{"@type":"ListItem","position":2,"name":"O campo digitalizado"}]},{"@type":"WebSite","@id":"https:\/\/jornalfatosenoticias.com.br\/#website","url":"https:\/\/jornalfatosenoticias.com.br\/","name":"Jornal Fatos e Not\u00edcias","description":"Not\u00edcias em geral","publisher":{"@id":"https:\/\/jornalfatosenoticias.com.br\/#organization"},"potentialAction":[{"@type":"SearchAction","target":{"@type":"EntryPoint","urlTemplate":"https:\/\/jornalfatosenoticias.com.br\/?s={search_term_string}"},"query-input":{"@type":"PropertyValueSpecification","valueRequired":true,"valueName":"search_term_string"}}],"inLanguage":"pt-BR"},{"@type":"Organization","@id":"https:\/\/jornalfatosenoticias.com.br\/#organization","name":"Jornal Fatos e Not\u00edcias","url":"https:\/\/jornalfatosenoticias.com.br\/","logo":{"@type":"ImageObject","inLanguage":"pt-BR","@id":"https:\/\/jornalfatosenoticias.com.br\/#\/schema\/logo\/image\/","url":"https:\/\/jornalfatosenoticias.com.br\/wp-content\/uploads\/2020\/02\/logo120.png","contentUrl":"https:\/\/jornalfatosenoticias.com.br\/wp-content\/uploads\/2020\/02\/logo120.png","width":1227,"height":120,"caption":"Jornal Fatos e Not\u00edcias"},"image":{"@id":"https:\/\/jornalfatosenoticias.com.br\/#\/schema\/logo\/image\/"}},{"@type":"Person","@id":"https:\/\/jornalfatosenoticias.com.br\/#\/schema\/person\/d63837fa13ac8666eb9e74e0985d6f81","name":"Luzimara Fernandes","image":{"@type":"ImageObject","inLanguage":"pt-BR","@id":"https:\/\/jornalfatosenoticias.com.br\/#\/schema\/person\/image\/","url":"https:\/\/jornalfatosenoticias.com.br\/wp-content\/uploads\/2025\/05\/EU_portal.jpg","contentUrl":"https:\/\/jornalfatosenoticias.com.br\/wp-content\/uploads\/2025\/05\/EU_portal.jpg","caption":"Luzimara Fernandes"},"description":"Jornalista MTB 2358-ES","sameAs":["https:\/\/jornalfatosenoticias.com.br"],"url":"https:\/\/jornalfatosenoticias.com.br\/index.php\/author\/luzimara\/"}]}},"cc_featured_image_caption":{"caption_text":"(Foto: L\u00e9o Ramos Chaves)\r\n\r\n","source_text":"","source_url":""},"jetpack_featured_media_url":"https:\/\/jornalfatosenoticias.com.br\/wp-content\/uploads\/2020\/09\/Agricultura-Digital-fapesp.jpg","_links":{"self":[{"href":"https:\/\/jornalfatosenoticias.com.br\/index.php\/wp-json\/wp\/v2\/posts\/8684","targetHints":{"allow":["GET"]}}],"collection":[{"href":"https:\/\/jornalfatosenoticias.com.br\/index.php\/wp-json\/wp\/v2\/posts"}],"about":[{"href":"https:\/\/jornalfatosenoticias.com.br\/index.php\/wp-json\/wp\/v2\/types\/post"}],"author":[{"embeddable":true,"href":"https:\/\/jornalfatosenoticias.com.br\/index.php\/wp-json\/wp\/v2\/users\/2"}],"replies":[{"embeddable":true,"href":"https:\/\/jornalfatosenoticias.com.br\/index.php\/wp-json\/wp\/v2\/comments?post=8684"}],"version-history":[{"count":0,"href":"https:\/\/jornalfatosenoticias.com.br\/index.php\/wp-json\/wp\/v2\/posts\/8684\/revisions"}],"wp:featuredmedia":[{"embeddable":true,"href":"https:\/\/jornalfatosenoticias.com.br\/index.php\/wp-json\/wp\/v2\/media\/8687"}],"wp:attachment":[{"href":"https:\/\/jornalfatosenoticias.com.br\/index.php\/wp-json\/wp\/v2\/media?parent=8684"}],"wp:term":[{"taxonomy":"category","embeddable":true,"href":"https:\/\/jornalfatosenoticias.com.br\/index.php\/wp-json\/wp\/v2\/categories?post=8684"},{"taxonomy":"post_tag","embeddable":true,"href":"https:\/\/jornalfatosenoticias.com.br\/index.php\/wp-json\/wp\/v2\/tags?post=8684"}],"curies":[{"name":"wp","href":"https:\/\/api.w.org\/{rel}","templated":true}]}}