{"id":8748,"date":"2020-09-11T07:48:12","date_gmt":"2020-09-11T10:48:12","guid":{"rendered":"https:\/\/jornalfatosenoticias.com.br\/?p=8748"},"modified":"2020-09-11T07:48:17","modified_gmt":"2020-09-11T10:48:17","slug":"jovem-se-diz-preparado-para-administrar-a-capital-do-es","status":"publish","type":"post","link":"https:\/\/jornalfatosenoticias.com.br\/index.php\/2020\/09\/11\/jovem-se-diz-preparado-para-administrar-a-capital-do-es\/","title":{"rendered":"Jovem se diz preparado para administrar a capital do ES"},"content":{"rendered":"\n<p>Ele se chama Weverson Valcker Meireles, tem 29 anos de idade, \u00e9 formado em administra\u00e7\u00e3o pela Universidade Federal do Esp\u00edrito Santo (Ufes) e diz que desde sempre militou no movimento estudantil e viu que tinha condi\u00e7\u00f5es para contribuir com algu\u00e9m, al\u00e9m dele mesmo.<br>\u201cFazer algo para minha rua, pelo meu bairro, pela minha escola, sempre me moveu e uma das ansiedades que eu tinha na vida era completar dezesseis anos, emitir o meu t\u00edtulo de eleitor e poder me filiar no PDT\u201d, descreve. Para Weverson, a pol\u00edtica partid\u00e1ria est\u00e1 no sangue e essa paix\u00e3o veio de pai para filho. \u201cEu j\u00e1 frequentava as reuni\u00f5es do partido. Meu pai tem 31 anos de PDT em Vit\u00f3ria. No dia que completei 16 anos, o cart\u00f3rio da cidade alta abre \u00e0s 13 horas, \u00e0s 12h40 eu estava l\u00e1 esperando o cart\u00f3rio abrir. O cart\u00f3rio abriu eu emiti meu t\u00edtulo e corri para a sede do partido para me filiar. Antes disso, eu j\u00e1 participava das reuni\u00f5es do partido, debatia ideias no PDT, sempre tive esse prazer de falar e discutir pol\u00edtica em larga escala. A pol\u00edtica \u00e9 uma ferramenta gigantesca de ampliar o bem\u201d, afirma.<br>Ele conta que entrar na pol\u00edtica foi uma coisa natural e por influ\u00eancia familiar. \u201cMinha fam\u00edlia \u00e9 muito cr\u00edtica, meu pai foi l\u00edder comunit\u00e1rio, presidente e vice-presidente do PDT. Se todos os jovens tivessem a oportunidade de debater pol\u00edtica, n\u00f3s estar\u00edamos em outro patamar, n\u00e3o falo s\u00f3 de pol\u00edtica eleitoral, me refiro a todas as pol\u00edticas porque tudo passa pela pol\u00edtica\u201d, diz.<br>Weverson analisa ainda as dificuldades em ser um pr\u00e9-candidato em uma cidade como a capital. Muito em fun\u00e7\u00e3o de uma melhor instru\u00e7\u00e3o e criticidade dos habitantes. \u201cHistoricamente, a popula\u00e7\u00e3o de Vit\u00f3ria n\u00e3o pode reclamar dos seus gestores e, no entanto, os moradores s\u00e3o muito cr\u00edticos. A popula\u00e7\u00e3o sempre teve muita consci\u00eancia nas suas escolhas. A nossa educa\u00e7\u00e3o sempre teve bons \u00edndices de avalia\u00e7\u00e3o, agora, o grande \u201cX\u201d dessa quest\u00e3o, \u00e9 que nada est\u00e1 t\u00e3o bom que n\u00e3o possa melhorar. N\u00f3s temos a Meta 17 do Plano Nacional de Educa\u00e7\u00e3o (PNE), que \u00e9 justamente a meta em que n\u00f3s precisamos equiparar o sal\u00e1rio dos nossos profissionais da educa\u00e7\u00e3o. A nossa educa\u00e7\u00e3o n\u00e3o \u00e9 ruim, mas temos muito a melhorar e n\u00e3o tem como debater o aumento da qualidade da educa\u00e7\u00e3o de Vit\u00f3ria que n\u00e3o seja, tamb\u00e9m, com a valoriza\u00e7\u00e3o do profissional. Todos n\u00f3s temos algo de muito valor quando falamos de professor, todos n\u00f3s passamos pelas m\u00e3os deles. Outro desafio que Vit\u00f3ria tem, s\u00e3o as escolas de tempo integral. Vejo que esses s\u00e3o os dois grandes desafios. A educa\u00e7\u00e3o c\u00edvico-militar, quando bem debatida e constru\u00edda com a sociedade tem, sim, como contribuir sem d\u00favida nenhuma\u201d, explica.<\/p>\n\n\n\n<figure class=\"wp-block-image size-large\"><img loading=\"lazy\" decoding=\"async\" width=\"980\" height=\"695\" src=\"https:\/\/jornalfatosenoticias.com.br\/wp-content\/uploads\/2020\/09\/Weverson-04.jpg\" alt=\"\" class=\"wp-image-8749\" srcset=\"https:\/\/jornalfatosenoticias.com.br\/wp-content\/uploads\/2020\/09\/Weverson-04.jpg 980w, https:\/\/jornalfatosenoticias.com.br\/wp-content\/uploads\/2020\/09\/Weverson-04-300x213.jpg 300w, https:\/\/jornalfatosenoticias.com.br\/wp-content\/uploads\/2020\/09\/Weverson-04-768x545.jpg 768w\" sizes=\"auto, (max-width: 980px) 100vw, 980px\" \/><figcaption><em>Vista a\u00e9rea de Vit\u00f3ria (Foto: Pinterest)<\/em><\/figcaption><\/figure>\n\n\n\n<p>A sa\u00fade, como em qualquer lugar do territ\u00f3rio nacional, \u00e9 um tema que exige bastante debate e gest\u00e3o competente para melhorar. \u201cSabemos que as especialidades s\u00e3o obriga\u00e7\u00e3o do Estado, mas, nesse processo, os munic\u00edpios podem ajudar. S\u00f3 temos que buscar meios para desafogar as filas de especialidades e, isso, se faz com estudos. A capital teve um grande avan\u00e7o que foi a informatiza\u00e7\u00e3o. Os moradores j\u00e1 conseguem marcar suas consultas pelo aplicativo, isso otimiza para que n\u00e3o tenha perda do hor\u00e1rio do m\u00e9dico. Agora, precisamos avan\u00e7ar no sistema quando falamos do retorno do paciente. \u00c0s vezes, o paciente faz o exame, tem que voltar para saber dos resultados, sendo que um \u00fanico contato do pr\u00f3prio m\u00e9dico informando a este paciente que os exames n\u00e3o constataram nada e ele n\u00e3o precisa voltar, enfrentar filas desnecessariamente. S\u00f3 retornaria caso houvesse alguma altera\u00e7\u00e3o nas taxas, a\u00ed sim, para ser consultado com o m\u00e9dico. Apesar do sistema ser informatizado, h\u00e1 espa\u00e7o para melhor\u00e1-lo\u201d, pontua.<br>Outro aspecto, principalmente na capital, que precisa ser urgentemente analisado \u00e9 a mobilidade urbana. Um tema t\u00e3o difundido nos pa\u00edses desenvolvidos e que traz um ganho enorme no que diz ao deslocamento e ao meio ambiente. \u201cNa mobilidade urbana, precisamos, primeiramente, assumir o problema depois, compartilhar essa responsabilidade, nos despir de todas as nossas vaidades e encarar esse problema que n\u00e3o \u00e9 s\u00f3 pertencente a Vit\u00f3ria, ele \u00e9 de toda a Grande Vit\u00f3ria. N\u00e3o tem como debater esse tema sem um debate com toda a regi\u00e3o metropolitana. A quantidade de pessoas de outros munic\u00edpios que passam por Vit\u00f3ria \u00e9 muito grande e essas pessoas passam a maior parte do tempo no \u00f4nibus ou no carro em seu translado de casa para o servi\u00e7o e vice-versa. Elas ficam menos tempo com a fam\u00edlia, t\u00eam menos tempo para descansar. Essas interven\u00e7\u00f5es s\u00e3o caras e necess\u00e1rias, mas que precisam da participa\u00e7\u00e3o de todos os munic\u00edpios envolvidos, dos governos estadual e federal e da iniciativa privada. Com a mobilidade urbana, podemos interligar Vit\u00f3ria, Serra, Vila Velha e Cariacica pelas hidrovias, atrav\u00e9s de um sistema aquavi\u00e1rio. Outro ponto \u00e9 aumentar a nossa malha ciclovi\u00e1ria. Se fizermos essas a\u00e7\u00f5es, eu tenho toda certeza do mundo de que iremos estancar os problemas que afligem a mobilidade n\u00e3o s\u00f3 na capital, como tamb\u00e9m nos munic\u00edpios que fazem divisa com Vit\u00f3ria\u201d, adverte.<br>Aproveitando a oportunidade, Weverson fez quest\u00e3o de frisar que \u201co PDT me convocou para essa miss\u00e3o e, eu, como bom soldado, aceitei, mas o partido tem dialogado com outras for\u00e7as de Vit\u00f3ria que se assemelham com o nosso modo de pensar, que tenham o trabalhos e a educa\u00e7\u00e3o como suas principais bandeiras, que s\u00e3o as do PDT. Por esses motivos, h\u00e1 a possibilidade de apoiarmos um nome ao inv\u00e9s de lan\u00e7ar uma candidatura pr\u00f3pria\u201d, informa.<\/p>\n\n\n\n<figure class=\"wp-block-image size-large\"><img loading=\"lazy\" decoding=\"async\" width=\"960\" height=\"636\" src=\"https:\/\/jornalfatosenoticias.com.br\/wp-content\/uploads\/2020\/09\/Weverson-03.jpg\" alt=\"\" class=\"wp-image-8750\" srcset=\"https:\/\/jornalfatosenoticias.com.br\/wp-content\/uploads\/2020\/09\/Weverson-03.jpg 960w, https:\/\/jornalfatosenoticias.com.br\/wp-content\/uploads\/2020\/09\/Weverson-03-300x199.jpg 300w, https:\/\/jornalfatosenoticias.com.br\/wp-content\/uploads\/2020\/09\/Weverson-03-768x509.jpg 768w\" sizes=\"auto, (max-width: 960px) 100vw, 960px\" \/><figcaption><em>Ciclovia (Foto: Reprodu\u00e7\u00e3o Internet)<\/em><\/figcaption><\/figure>\n\n\n\n<p>E para finalizar, Weverson deixa um recado a todos os leitores do Fatos &amp; Not\u00edcias. \u201cQue tenhamos f\u00e9, precisamos passar por esse momento dif\u00edcil unidos, temos uma responsabilidade gigantesca nesse processo eleitoral. Precisamos ter consci\u00eancia que o nosso voto tem que ser com a raz\u00e3o, avaliar curr\u00edculo e escolher quem realmente tem capacidade para liderar nossa capital\u201d, alertou o pr\u00e9-candidato.<\/p>\n","protected":false},"excerpt":{"rendered":"<p>Ele se chama Weverson Valcker Meireles, tem 29 anos de idade, \u00e9 formado em administra\u00e7\u00e3o pela Universidade Federal do Esp\u00edrito Santo (Ufes) e diz que desde sempre militou no movimento estudantil e viu que tinha condi\u00e7\u00f5es para contribuir com algu\u00e9m, al\u00e9m dele mesmo.\u201cFazer algo para minha rua, pelo meu bairro, pela minha escola, sempre me [&hellip;]<\/p>\n","protected":false},"author":3,"featured_media":8751,"comment_status":"open","ping_status":"open","sticky":false,"template":"","format":"standard","meta":{"footnotes":""},"categories":[10],"tags":[345,3706,545,74,4826],"class_list":["post-8748","post","type-post","status-publish","format-standard","has-post-thumbnail","hentry","category-politica","tag-educacao","tag-mobilidade-urbana","tag-politica","tag-saude","tag-weverson-valcker-meireles"],"yoast_head":"<!-- This site is optimized with the Yoast SEO plugin v26.5 - https:\/\/yoast.com\/wordpress\/plugins\/seo\/ -->\n<title>Jovem se diz preparado para administrar a capital do ES - Jornal Fatos e Not\u00edcias<\/title>\n<meta name=\"robots\" content=\"index, follow, max-snippet:-1, max-image-preview:large, max-video-preview:-1\" \/>\n<link rel=\"canonical\" href=\"https:\/\/jornalfatosenoticias.com.br\/index.php\/2020\/09\/11\/jovem-se-diz-preparado-para-administrar-a-capital-do-es\/\" \/>\n<meta property=\"og:locale\" content=\"pt_BR\" \/>\n<meta property=\"og:type\" content=\"article\" \/>\n<meta property=\"og:title\" content=\"Jovem se diz preparado para administrar a capital do ES - Jornal Fatos e Not\u00edcias\" \/>\n<meta property=\"og:description\" content=\"Ele se chama Weverson Valcker Meireles, tem 29 anos de idade, \u00e9 formado em administra\u00e7\u00e3o pela Universidade Federal do Esp\u00edrito Santo (Ufes) e diz que desde sempre militou no movimento estudantil e viu que tinha condi\u00e7\u00f5es para contribuir com algu\u00e9m, al\u00e9m dele mesmo.\u201cFazer algo para minha rua, pelo meu bairro, pela minha escola, sempre me [&hellip;]\" \/>\n<meta property=\"og:url\" content=\"https:\/\/jornalfatosenoticias.com.br\/index.php\/2020\/09\/11\/jovem-se-diz-preparado-para-administrar-a-capital-do-es\/\" \/>\n<meta property=\"og:site_name\" content=\"Jornal Fatos e Not\u00edcias\" \/>\n<meta property=\"article:published_time\" content=\"2020-09-11T10:48:12+00:00\" \/>\n<meta property=\"article:modified_time\" content=\"2020-09-11T10:48:17+00:00\" \/>\n<meta property=\"og:image\" content=\"https:\/\/jornalfatosenoticias.com.br\/wp-content\/uploads\/2020\/09\/Weverson-02.jpg\" \/>\n\t<meta property=\"og:image:width\" content=\"980\" \/>\n\t<meta property=\"og:image:height\" content=\"753\" \/>\n\t<meta property=\"og:image:type\" content=\"image\/jpeg\" \/>\n<meta name=\"author\" content=\"Haroldo Filho\" \/>\n<meta name=\"twitter:card\" content=\"summary_large_image\" \/>\n<meta name=\"twitter:label1\" content=\"Escrito por\" \/>\n\t<meta name=\"twitter:data1\" content=\"Haroldo Filho\" \/>\n\t<meta name=\"twitter:label2\" content=\"Est. tempo de leitura\" \/>\n\t<meta name=\"twitter:data2\" content=\"5 minutos\" \/>\n<script type=\"application\/ld+json\" class=\"yoast-schema-graph\">{\"@context\":\"https:\/\/schema.org\",\"@graph\":[{\"@type\":\"Article\",\"@id\":\"https:\/\/jornalfatosenoticias.com.br\/index.php\/2020\/09\/11\/jovem-se-diz-preparado-para-administrar-a-capital-do-es\/#article\",\"isPartOf\":{\"@id\":\"https:\/\/jornalfatosenoticias.com.br\/index.php\/2020\/09\/11\/jovem-se-diz-preparado-para-administrar-a-capital-do-es\/\"},\"author\":{\"name\":\"Haroldo Filho\",\"@id\":\"https:\/\/jornalfatosenoticias.com.br\/#\/schema\/person\/05c46cc25b42a5c27e004fb0fa6b4965\"},\"headline\":\"Jovem se diz preparado para administrar a capital do ES\",\"datePublished\":\"2020-09-11T10:48:12+00:00\",\"dateModified\":\"2020-09-11T10:48:17+00:00\",\"mainEntityOfPage\":{\"@id\":\"https:\/\/jornalfatosenoticias.com.br\/index.php\/2020\/09\/11\/jovem-se-diz-preparado-para-administrar-a-capital-do-es\/\"},\"wordCount\":1103,\"commentCount\":0,\"publisher\":{\"@id\":\"https:\/\/jornalfatosenoticias.com.br\/#organization\"},\"image\":{\"@id\":\"https:\/\/jornalfatosenoticias.com.br\/index.php\/2020\/09\/11\/jovem-se-diz-preparado-para-administrar-a-capital-do-es\/#primaryimage\"},\"thumbnailUrl\":\"https:\/\/jornalfatosenoticias.com.br\/wp-content\/uploads\/2020\/09\/Weverson-02.jpg\",\"keywords\":[\"educa\u00e7\u00e3o\",\"mobilidade urbana\",\"pol\u00edtica\",\"sa\u00fade\",\"Weverson Valcker Meireles\"],\"articleSection\":[\"Pol\u00edtica\"],\"inLanguage\":\"pt-BR\",\"potentialAction\":[{\"@type\":\"CommentAction\",\"name\":\"Comment\",\"target\":[\"https:\/\/jornalfatosenoticias.com.br\/index.php\/2020\/09\/11\/jovem-se-diz-preparado-para-administrar-a-capital-do-es\/#respond\"]}]},{\"@type\":\"WebPage\",\"@id\":\"https:\/\/jornalfatosenoticias.com.br\/index.php\/2020\/09\/11\/jovem-se-diz-preparado-para-administrar-a-capital-do-es\/\",\"url\":\"https:\/\/jornalfatosenoticias.com.br\/index.php\/2020\/09\/11\/jovem-se-diz-preparado-para-administrar-a-capital-do-es\/\",\"name\":\"Jovem se diz preparado para administrar a capital do ES - Jornal Fatos e Not\u00edcias\",\"isPartOf\":{\"@id\":\"https:\/\/jornalfatosenoticias.com.br\/#website\"},\"primaryImageOfPage\":{\"@id\":\"https:\/\/jornalfatosenoticias.com.br\/index.php\/2020\/09\/11\/jovem-se-diz-preparado-para-administrar-a-capital-do-es\/#primaryimage\"},\"image\":{\"@id\":\"https:\/\/jornalfatosenoticias.com.br\/index.php\/2020\/09\/11\/jovem-se-diz-preparado-para-administrar-a-capital-do-es\/#primaryimage\"},\"thumbnailUrl\":\"https:\/\/jornalfatosenoticias.com.br\/wp-content\/uploads\/2020\/09\/Weverson-02.jpg\",\"datePublished\":\"2020-09-11T10:48:12+00:00\",\"dateModified\":\"2020-09-11T10:48:17+00:00\",\"breadcrumb\":{\"@id\":\"https:\/\/jornalfatosenoticias.com.br\/index.php\/2020\/09\/11\/jovem-se-diz-preparado-para-administrar-a-capital-do-es\/#breadcrumb\"},\"inLanguage\":\"pt-BR\",\"potentialAction\":[{\"@type\":\"ReadAction\",\"target\":[\"https:\/\/jornalfatosenoticias.com.br\/index.php\/2020\/09\/11\/jovem-se-diz-preparado-para-administrar-a-capital-do-es\/\"]}]},{\"@type\":\"ImageObject\",\"inLanguage\":\"pt-BR\",\"@id\":\"https:\/\/jornalfatosenoticias.com.br\/index.php\/2020\/09\/11\/jovem-se-diz-preparado-para-administrar-a-capital-do-es\/#primaryimage\",\"url\":\"https:\/\/jornalfatosenoticias.com.br\/wp-content\/uploads\/2020\/09\/Weverson-02.jpg\",\"contentUrl\":\"https:\/\/jornalfatosenoticias.com.br\/wp-content\/uploads\/2020\/09\/Weverson-02.jpg\",\"width\":980,\"height\":753},{\"@type\":\"BreadcrumbList\",\"@id\":\"https:\/\/jornalfatosenoticias.com.br\/index.php\/2020\/09\/11\/jovem-se-diz-preparado-para-administrar-a-capital-do-es\/#breadcrumb\",\"itemListElement\":[{\"@type\":\"ListItem\",\"position\":1,\"name\":\"In\u00edcio\",\"item\":\"https:\/\/jornalfatosenoticias.com.br\/\"},{\"@type\":\"ListItem\",\"position\":2,\"name\":\"Jovem se diz preparado para administrar a capital do ES\"}]},{\"@type\":\"WebSite\",\"@id\":\"https:\/\/jornalfatosenoticias.com.br\/#website\",\"url\":\"https:\/\/jornalfatosenoticias.com.br\/\",\"name\":\"Jornal Fatos e Not\u00edcias\",\"description\":\"Not\u00edcias em geral\",\"publisher\":{\"@id\":\"https:\/\/jornalfatosenoticias.com.br\/#organization\"},\"potentialAction\":[{\"@type\":\"SearchAction\",\"target\":{\"@type\":\"EntryPoint\",\"urlTemplate\":\"https:\/\/jornalfatosenoticias.com.br\/?s={search_term_string}\"},\"query-input\":{\"@type\":\"PropertyValueSpecification\",\"valueRequired\":true,\"valueName\":\"search_term_string\"}}],\"inLanguage\":\"pt-BR\"},{\"@type\":\"Organization\",\"@id\":\"https:\/\/jornalfatosenoticias.com.br\/#organization\",\"name\":\"Jornal Fatos e Not\u00edcias\",\"url\":\"https:\/\/jornalfatosenoticias.com.br\/\",\"logo\":{\"@type\":\"ImageObject\",\"inLanguage\":\"pt-BR\",\"@id\":\"https:\/\/jornalfatosenoticias.com.br\/#\/schema\/logo\/image\/\",\"url\":\"https:\/\/jornalfatosenoticias.com.br\/wp-content\/uploads\/2020\/02\/logo120.png\",\"contentUrl\":\"https:\/\/jornalfatosenoticias.com.br\/wp-content\/uploads\/2020\/02\/logo120.png\",\"width\":1227,\"height\":120,\"caption\":\"Jornal Fatos e Not\u00edcias\"},\"image\":{\"@id\":\"https:\/\/jornalfatosenoticias.com.br\/#\/schema\/logo\/image\/\"}},{\"@type\":\"Person\",\"@id\":\"https:\/\/jornalfatosenoticias.com.br\/#\/schema\/person\/05c46cc25b42a5c27e004fb0fa6b4965\",\"name\":\"Haroldo Filho\",\"image\":{\"@type\":\"ImageObject\",\"inLanguage\":\"pt-BR\",\"@id\":\"https:\/\/jornalfatosenoticias.com.br\/#\/schema\/person\/image\/\",\"url\":\"https:\/\/jornalfatosenoticias.com.br\/wp-content\/uploads\/2025\/08\/WhatsApp-Image-2025-08-18-at-15.30.28-150x150.jpeg\",\"contentUrl\":\"https:\/\/jornalfatosenoticias.com.br\/wp-content\/uploads\/2025\/08\/WhatsApp-Image-2025-08-18-at-15.30.28-150x150.jpeg\",\"caption\":\"Haroldo Filho\"},\"description\":\"Jornalista \u2013 DRT: 0003818\/ES Coordenador-geral da ONG Educar para Crescer\",\"url\":\"https:\/\/jornalfatosenoticias.com.br\/index.php\/author\/haroldo\/\"}]}<\/script>\n<!-- \/ Yoast SEO plugin. -->","yoast_head_json":{"title":"Jovem se diz preparado para administrar a capital do ES - Jornal Fatos e Not\u00edcias","robots":{"index":"index","follow":"follow","max-snippet":"max-snippet:-1","max-image-preview":"max-image-preview:large","max-video-preview":"max-video-preview:-1"},"canonical":"https:\/\/jornalfatosenoticias.com.br\/index.php\/2020\/09\/11\/jovem-se-diz-preparado-para-administrar-a-capital-do-es\/","og_locale":"pt_BR","og_type":"article","og_title":"Jovem se diz preparado para administrar a capital do ES - Jornal Fatos e Not\u00edcias","og_description":"Ele se chama Weverson Valcker Meireles, tem 29 anos de idade, \u00e9 formado em administra\u00e7\u00e3o pela Universidade Federal do Esp\u00edrito Santo (Ufes) e diz que desde sempre militou no movimento estudantil e viu que tinha condi\u00e7\u00f5es para contribuir com algu\u00e9m, al\u00e9m dele mesmo.\u201cFazer algo para minha rua, pelo meu bairro, pela minha escola, sempre me [&hellip;]","og_url":"https:\/\/jornalfatosenoticias.com.br\/index.php\/2020\/09\/11\/jovem-se-diz-preparado-para-administrar-a-capital-do-es\/","og_site_name":"Jornal Fatos e Not\u00edcias","article_published_time":"2020-09-11T10:48:12+00:00","article_modified_time":"2020-09-11T10:48:17+00:00","og_image":[{"width":980,"height":753,"url":"https:\/\/jornalfatosenoticias.com.br\/wp-content\/uploads\/2020\/09\/Weverson-02.jpg","type":"image\/jpeg"}],"author":"Haroldo Filho","twitter_card":"summary_large_image","twitter_misc":{"Escrito por":"Haroldo Filho","Est. tempo de leitura":"5 minutos"},"schema":{"@context":"https:\/\/schema.org","@graph":[{"@type":"Article","@id":"https:\/\/jornalfatosenoticias.com.br\/index.php\/2020\/09\/11\/jovem-se-diz-preparado-para-administrar-a-capital-do-es\/#article","isPartOf":{"@id":"https:\/\/jornalfatosenoticias.com.br\/index.php\/2020\/09\/11\/jovem-se-diz-preparado-para-administrar-a-capital-do-es\/"},"author":{"name":"Haroldo Filho","@id":"https:\/\/jornalfatosenoticias.com.br\/#\/schema\/person\/05c46cc25b42a5c27e004fb0fa6b4965"},"headline":"Jovem se diz preparado para administrar a capital do ES","datePublished":"2020-09-11T10:48:12+00:00","dateModified":"2020-09-11T10:48:17+00:00","mainEntityOfPage":{"@id":"https:\/\/jornalfatosenoticias.com.br\/index.php\/2020\/09\/11\/jovem-se-diz-preparado-para-administrar-a-capital-do-es\/"},"wordCount":1103,"commentCount":0,"publisher":{"@id":"https:\/\/jornalfatosenoticias.com.br\/#organization"},"image":{"@id":"https:\/\/jornalfatosenoticias.com.br\/index.php\/2020\/09\/11\/jovem-se-diz-preparado-para-administrar-a-capital-do-es\/#primaryimage"},"thumbnailUrl":"https:\/\/jornalfatosenoticias.com.br\/wp-content\/uploads\/2020\/09\/Weverson-02.jpg","keywords":["educa\u00e7\u00e3o","mobilidade urbana","pol\u00edtica","sa\u00fade","Weverson Valcker Meireles"],"articleSection":["Pol\u00edtica"],"inLanguage":"pt-BR","potentialAction":[{"@type":"CommentAction","name":"Comment","target":["https:\/\/jornalfatosenoticias.com.br\/index.php\/2020\/09\/11\/jovem-se-diz-preparado-para-administrar-a-capital-do-es\/#respond"]}]},{"@type":"WebPage","@id":"https:\/\/jornalfatosenoticias.com.br\/index.php\/2020\/09\/11\/jovem-se-diz-preparado-para-administrar-a-capital-do-es\/","url":"https:\/\/jornalfatosenoticias.com.br\/index.php\/2020\/09\/11\/jovem-se-diz-preparado-para-administrar-a-capital-do-es\/","name":"Jovem se diz preparado para administrar a capital do ES - Jornal Fatos e Not\u00edcias","isPartOf":{"@id":"https:\/\/jornalfatosenoticias.com.br\/#website"},"primaryImageOfPage":{"@id":"https:\/\/jornalfatosenoticias.com.br\/index.php\/2020\/09\/11\/jovem-se-diz-preparado-para-administrar-a-capital-do-es\/#primaryimage"},"image":{"@id":"https:\/\/jornalfatosenoticias.com.br\/index.php\/2020\/09\/11\/jovem-se-diz-preparado-para-administrar-a-capital-do-es\/#primaryimage"},"thumbnailUrl":"https:\/\/jornalfatosenoticias.com.br\/wp-content\/uploads\/2020\/09\/Weverson-02.jpg","datePublished":"2020-09-11T10:48:12+00:00","dateModified":"2020-09-11T10:48:17+00:00","breadcrumb":{"@id":"https:\/\/jornalfatosenoticias.com.br\/index.php\/2020\/09\/11\/jovem-se-diz-preparado-para-administrar-a-capital-do-es\/#breadcrumb"},"inLanguage":"pt-BR","potentialAction":[{"@type":"ReadAction","target":["https:\/\/jornalfatosenoticias.com.br\/index.php\/2020\/09\/11\/jovem-se-diz-preparado-para-administrar-a-capital-do-es\/"]}]},{"@type":"ImageObject","inLanguage":"pt-BR","@id":"https:\/\/jornalfatosenoticias.com.br\/index.php\/2020\/09\/11\/jovem-se-diz-preparado-para-administrar-a-capital-do-es\/#primaryimage","url":"https:\/\/jornalfatosenoticias.com.br\/wp-content\/uploads\/2020\/09\/Weverson-02.jpg","contentUrl":"https:\/\/jornalfatosenoticias.com.br\/wp-content\/uploads\/2020\/09\/Weverson-02.jpg","width":980,"height":753},{"@type":"BreadcrumbList","@id":"https:\/\/jornalfatosenoticias.com.br\/index.php\/2020\/09\/11\/jovem-se-diz-preparado-para-administrar-a-capital-do-es\/#breadcrumb","itemListElement":[{"@type":"ListItem","position":1,"name":"In\u00edcio","item":"https:\/\/jornalfatosenoticias.com.br\/"},{"@type":"ListItem","position":2,"name":"Jovem se diz preparado para administrar a capital do ES"}]},{"@type":"WebSite","@id":"https:\/\/jornalfatosenoticias.com.br\/#website","url":"https:\/\/jornalfatosenoticias.com.br\/","name":"Jornal Fatos e Not\u00edcias","description":"Not\u00edcias em geral","publisher":{"@id":"https:\/\/jornalfatosenoticias.com.br\/#organization"},"potentialAction":[{"@type":"SearchAction","target":{"@type":"EntryPoint","urlTemplate":"https:\/\/jornalfatosenoticias.com.br\/?s={search_term_string}"},"query-input":{"@type":"PropertyValueSpecification","valueRequired":true,"valueName":"search_term_string"}}],"inLanguage":"pt-BR"},{"@type":"Organization","@id":"https:\/\/jornalfatosenoticias.com.br\/#organization","name":"Jornal Fatos e Not\u00edcias","url":"https:\/\/jornalfatosenoticias.com.br\/","logo":{"@type":"ImageObject","inLanguage":"pt-BR","@id":"https:\/\/jornalfatosenoticias.com.br\/#\/schema\/logo\/image\/","url":"https:\/\/jornalfatosenoticias.com.br\/wp-content\/uploads\/2020\/02\/logo120.png","contentUrl":"https:\/\/jornalfatosenoticias.com.br\/wp-content\/uploads\/2020\/02\/logo120.png","width":1227,"height":120,"caption":"Jornal Fatos e Not\u00edcias"},"image":{"@id":"https:\/\/jornalfatosenoticias.com.br\/#\/schema\/logo\/image\/"}},{"@type":"Person","@id":"https:\/\/jornalfatosenoticias.com.br\/#\/schema\/person\/05c46cc25b42a5c27e004fb0fa6b4965","name":"Haroldo Filho","image":{"@type":"ImageObject","inLanguage":"pt-BR","@id":"https:\/\/jornalfatosenoticias.com.br\/#\/schema\/person\/image\/","url":"https:\/\/jornalfatosenoticias.com.br\/wp-content\/uploads\/2025\/08\/WhatsApp-Image-2025-08-18-at-15.30.28-150x150.jpeg","contentUrl":"https:\/\/jornalfatosenoticias.com.br\/wp-content\/uploads\/2025\/08\/WhatsApp-Image-2025-08-18-at-15.30.28-150x150.jpeg","caption":"Haroldo Filho"},"description":"Jornalista \u2013 DRT: 0003818\/ES Coordenador-geral da ONG Educar para Crescer","url":"https:\/\/jornalfatosenoticias.com.br\/index.php\/author\/haroldo\/"}]}},"cc_featured_image_caption":{"caption_text":"(Foto: Haroldo Cordeiro Filho)\r\n","source_text":"","source_url":""},"jetpack_featured_media_url":"https:\/\/jornalfatosenoticias.com.br\/wp-content\/uploads\/2020\/09\/Weverson-02.jpg","_links":{"self":[{"href":"https:\/\/jornalfatosenoticias.com.br\/index.php\/wp-json\/wp\/v2\/posts\/8748","targetHints":{"allow":["GET"]}}],"collection":[{"href":"https:\/\/jornalfatosenoticias.com.br\/index.php\/wp-json\/wp\/v2\/posts"}],"about":[{"href":"https:\/\/jornalfatosenoticias.com.br\/index.php\/wp-json\/wp\/v2\/types\/post"}],"author":[{"embeddable":true,"href":"https:\/\/jornalfatosenoticias.com.br\/index.php\/wp-json\/wp\/v2\/users\/3"}],"replies":[{"embeddable":true,"href":"https:\/\/jornalfatosenoticias.com.br\/index.php\/wp-json\/wp\/v2\/comments?post=8748"}],"version-history":[{"count":0,"href":"https:\/\/jornalfatosenoticias.com.br\/index.php\/wp-json\/wp\/v2\/posts\/8748\/revisions"}],"wp:featuredmedia":[{"embeddable":true,"href":"https:\/\/jornalfatosenoticias.com.br\/index.php\/wp-json\/wp\/v2\/media\/8751"}],"wp:attachment":[{"href":"https:\/\/jornalfatosenoticias.com.br\/index.php\/wp-json\/wp\/v2\/media?parent=8748"}],"wp:term":[{"taxonomy":"category","embeddable":true,"href":"https:\/\/jornalfatosenoticias.com.br\/index.php\/wp-json\/wp\/v2\/categories?post=8748"},{"taxonomy":"post_tag","embeddable":true,"href":"https:\/\/jornalfatosenoticias.com.br\/index.php\/wp-json\/wp\/v2\/tags?post=8748"}],"curies":[{"name":"wp","href":"https:\/\/api.w.org\/{rel}","templated":true}]}}