{"id":8782,"date":"2020-09-11T08:47:17","date_gmt":"2020-09-11T11:47:17","guid":{"rendered":"https:\/\/jornalfatosenoticias.com.br\/?p=8782"},"modified":"2020-09-11T08:47:23","modified_gmt":"2020-09-11T11:47:23","slug":"tres-veroes-decepciona-ao-tratar-lava-jato-de-forma-superficial","status":"publish","type":"post","link":"https:\/\/jornalfatosenoticias.com.br\/index.php\/2020\/09\/11\/tres-veroes-decepciona-ao-tratar-lava-jato-de-forma-superficial\/","title":{"rendered":"&#8216;Tr\u00eas Ver\u00f5es&#8217; decepciona ao tratar Lava Jato de forma superficial"},"content":{"rendered":"\n<h6 class=\"wp-block-heading\"><em>A dire\u00e7\u00e3o de &#8216;Tr\u00eas Ver\u00f5es&#8217; \u00e9 de Sandra Kogut<\/em><\/h6>\n\n\n\n<p>Diretora com mais prest\u00edgio do que pr\u00eamios, Sandra Kogut lan\u00e7a-se com &#8220;Tr\u00eas Ver\u00f5es&#8221; na busca por um p\u00fablico mais amplo. A tem\u00e1tica escolhida j\u00e1 sugere a inten\u00e7\u00e3o: um encontro entre opera\u00e7\u00e3o Lava Jato e corrup\u00e7\u00e3o brasileira, mais seus efeitos sobre pessoas de classes pobres. Digo &#8220;classes pobres&#8221; porque n\u00e3o se trata de oper\u00e1rios, ou das pessoas \u2018uberizadas\u2019, os &#8220;por conta pr\u00f3pria&#8221; da nova economia. Elas s\u00e3o representadas por Regina Cas\u00e9, a caseira de um rica\u00e7o que, pouco ap\u00f3s dar uma grande festa, \u00e9 preso junto com a mulher. Este \u00e9 o primeiro ver\u00e3o, o de 2015.<br>Ali, j\u00e1 pontifica Regina Cas\u00e9, como Mad\u00e1, a caseira da mans\u00e3o, que de uma hora para outra se v\u00ea perdida, \u00e0s voltas com os demais funcion\u00e1rios, com sal\u00e1rios atrasados, questionamentos policiais, etc. Cas\u00e9 \u00e9 o caminho na busca desse p\u00fablico mais amplo, que aderiu com razo\u00e1vel intensidade ao &#8220;Que Horas Ela Volta?&#8221; de Anna Muylaert, alguns anos atr\u00e1s. Outros tempos e quest\u00f5es, certamente.<br>O segundo ver\u00e3o, de 2016, \u00e9 marcado pela depress\u00e3o. O neg\u00f3cio que Mad\u00e1 planejava vai para o buraco, envolvido nas tramoias do patr\u00e3o, a crise na casa se aprofunda. Come\u00e7a a surgir um personagem, seu Lira (Rog\u00e9rio Fr\u00f3es), pai do dono da mans\u00e3o. Antes, um mero fantasma que passava por ali com ar meio demente, ele se torna o centro dos cuidados de Mad\u00e1.<br>Passamos a saber, com o tempo, que suas diverg\u00eancias com o filho s\u00e3o muitas. Que a uma gera\u00e7\u00e3o letrada sucedeu na fam\u00edlia uma gera\u00e7\u00e3o argent\u00e1ria. Seu Lira n\u00e3o gosta disso. Sente-se mais pr\u00f3ximo da caseira do que se sentia da pr\u00f3pria fam\u00edlia. Ao mesmo tempo, Mad\u00e1 vai adquirindo uma nova percep\u00e7\u00e3o sobre os antigos patr\u00f5es, inclusive sobre o fato de absorver seus valores. O lugar torna-se atra\u00e7\u00e3o tur\u00edstica e Mad\u00e1 guia excurs\u00f5es de barco \u2014 aqui morava o fulano, que est\u00e1 preso, ali morava o sicrano, que fugiu. Maneiras de sobreviver, enfim.<br>O terceiro ver\u00e3o, de 2018, \u00e9 o mais complicado, qualquer que seja o ponto de vista. Acentua-se a necessidade de vira\u00e7\u00e3o para manter a casa. A ilha da fantasia de outrora vira ilha da fantasia do presente, quer dizer, aluga-se o lugar para filmes publicit\u00e1rios. N\u00e3o \u00e9 um momento feliz para o filme. Poderia ser: a mudan\u00e7a do real em cen\u00e1rio de filmagem, com toda a falsidade que embute (como neve para o Natal) \u00e9 uma ideia interessante. Mas filmagem \u00e9 uma das coisas mais chatas do mundo para quem n\u00e3o est\u00e1 envolvido.<br>\u00c9 um problema que Sandra Kogut n\u00e3o resolveu bem (Ugo Giorgetti contornou muito bem esse risco em &#8220;S\u00e1bado&#8221;; Kogut opta pela estrat\u00e9gia das repeti\u00e7\u00f5es e tal, mas nem todo mundo \u00e9 Abbas Kiarostami). Transformar a filmagem em lugar de verdade parece uma solu\u00e7\u00e3o um tanto advent\u00edcia. Ali, promovida a atriz, Mad\u00e1 come\u00e7a a enumerar todas aquelas belezas t\u00edpicas das pe\u00e7as publicit\u00e1rias, mas desvia o rumo e passa a falar das durezas de sua triste vida, que at\u00e9 agora haviam sido abafadas pelo otimismo e alegria da personagem.<br>Em todo caso, essa transforma\u00e7\u00e3o na personagem \u00e9 uma passagem no tempo: da empregada orgulhosa de &#8220;Que Horas Ela Volta?&#8221; para a desesperan\u00e7a dos tempos Lava Jato (o filme precede a Vaza Jato, que deixaria mais claras que o dia certas malandragens da opera\u00e7\u00e3o). Ficando por a\u00ed, o filme j\u00e1 n\u00e3o daria conta, sen\u00e3o superficialmente, dos complexos acontecimentos pol\u00edtico-policiais do per\u00edodo, tangenciando quest\u00f5es que j\u00e1 ent\u00e3o emergiam. Como se interrompe em 2017 (o filme \u00e9 de 2018), a sensa\u00e7\u00e3o de deslocamento no tempo torna-se presente, at\u00e9 demais. A escolha de um final colado \u00e0 for\u00e7a no filme n\u00e3o ajuda em nada esse quadro de foco impreciso.<br>Restam a presen\u00e7a de Regina Cas\u00e9, quase retomando seu papel em &#8220;Que Horas Ela Volta?&#8221;, e o retorno de Rog\u00e9rio Fr\u00f3es, bem marcante como seu Lira. \u00c9 muito pouco. \u00c9 um tanto decepcionante em termos de evolu\u00e7\u00e3o para quem j\u00e1 fez &#8220;Mutum&#8221;.<\/p>\n\n\n\n<h4 class=\"wp-block-heading\">TR\u00caS VER\u00d5ES<\/h4>\n\n\n\n<p><strong>Produ\u00e7\u00e3o:<\/strong> Brasil, 2019<br><strong>Dire\u00e7\u00e3o:<\/strong> Sandra Kogut<br><strong>Elenco:<\/strong> Regina Cas\u00e9, Rog\u00e9rio Fr\u00f3es e Ot\u00e1vio M\u00fcller<br><strong>Quando:<\/strong> a partir de 22 de setembro na Telecine<br><strong>Classifica\u00e7\u00e3o:<\/strong> 12 anos<br><strong>Avalia\u00e7\u00e3o:<\/strong> Regular<\/p>\n\n\n\n<p><strong><em>Fonte: <a href=\"https:\/\/www.noticiasaominuto.com.br\/cultura\/1642710\/tres-veroes-decepciona-ao-tratar-lava-jato-de-forma-superficial\">Not\u00edcias ao Minuto<\/a><\/em><\/strong><\/p>\n","protected":false},"excerpt":{"rendered":"<p>A dire\u00e7\u00e3o de &#8216;Tr\u00eas Ver\u00f5es&#8217; \u00e9 de Sandra Kogut Diretora com mais prest\u00edgio do que pr\u00eamios, Sandra Kogut lan\u00e7a-se com &#8220;Tr\u00eas Ver\u00f5es&#8221; na busca por um p\u00fablico mais amplo. A tem\u00e1tica escolhida j\u00e1 sugere a inten\u00e7\u00e3o: um encontro entre opera\u00e7\u00e3o Lava Jato e corrup\u00e7\u00e3o brasileira, mais seus efeitos sobre pessoas de classes pobres. Digo &#8220;classes [&hellip;]<\/p>\n","protected":false},"author":2,"featured_media":8783,"comment_status":"open","ping_status":"open","sticky":false,"template":"","format":"standard","meta":{"footnotes":""},"categories":[4],"tags":[4846,4847,4849,4848],"class_list":["post-8782","post","type-post","status-publish","format-standard","has-post-thumbnail","hentry","category-cultura","tag-cinema-nacional","tag-lava-jato","tag-sandra-kogut","tag-tres-veroes"],"yoast_head":"<!-- This site is optimized with the Yoast SEO plugin v26.5 - https:\/\/yoast.com\/wordpress\/plugins\/seo\/ -->\n<title>&#039;Tr\u00eas Ver\u00f5es&#039; decepciona ao tratar Lava Jato de forma superficial - Jornal Fatos e Not\u00edcias<\/title>\n<meta name=\"robots\" content=\"index, follow, max-snippet:-1, max-image-preview:large, max-video-preview:-1\" \/>\n<link rel=\"canonical\" href=\"https:\/\/jornalfatosenoticias.com.br\/index.php\/2020\/09\/11\/tres-veroes-decepciona-ao-tratar-lava-jato-de-forma-superficial\/\" \/>\n<meta property=\"og:locale\" content=\"pt_BR\" \/>\n<meta property=\"og:type\" content=\"article\" \/>\n<meta property=\"og:title\" content=\"&#039;Tr\u00eas Ver\u00f5es&#039; decepciona ao tratar Lava Jato de forma superficial - Jornal Fatos e Not\u00edcias\" \/>\n<meta property=\"og:description\" content=\"A dire\u00e7\u00e3o de &#8216;Tr\u00eas Ver\u00f5es&#8217; \u00e9 de Sandra Kogut Diretora com mais prest\u00edgio do que pr\u00eamios, Sandra Kogut lan\u00e7a-se com &#8220;Tr\u00eas Ver\u00f5es&#8221; na busca por um p\u00fablico mais amplo. A tem\u00e1tica escolhida j\u00e1 sugere a inten\u00e7\u00e3o: um encontro entre opera\u00e7\u00e3o Lava Jato e corrup\u00e7\u00e3o brasileira, mais seus efeitos sobre pessoas de classes pobres. Digo &#8220;classes [&hellip;]\" \/>\n<meta property=\"og:url\" content=\"https:\/\/jornalfatosenoticias.com.br\/index.php\/2020\/09\/11\/tres-veroes-decepciona-ao-tratar-lava-jato-de-forma-superficial\/\" \/>\n<meta property=\"og:site_name\" content=\"Jornal Fatos e Not\u00edcias\" \/>\n<meta property=\"article:published_time\" content=\"2020-09-11T11:47:17+00:00\" \/>\n<meta property=\"article:modified_time\" content=\"2020-09-11T11:47:23+00:00\" \/>\n<meta property=\"og:image\" content=\"https:\/\/jornalfatosenoticias.com.br\/wp-content\/uploads\/2020\/09\/tres-veroes.jpg\" \/>\n\t<meta property=\"og:image:width\" content=\"960\" \/>\n\t<meta property=\"og:image:height\" content=\"540\" \/>\n\t<meta property=\"og:image:type\" content=\"image\/jpeg\" \/>\n<meta name=\"author\" content=\"Luzimara Fernandes\" \/>\n<meta name=\"twitter:card\" content=\"summary_large_image\" \/>\n<meta name=\"twitter:label1\" content=\"Escrito por\" \/>\n\t<meta name=\"twitter:data1\" content=\"Luzimara Fernandes\" \/>\n\t<meta name=\"twitter:label2\" content=\"Est. tempo de leitura\" \/>\n\t<meta name=\"twitter:data2\" content=\"4 minutos\" \/>\n<script type=\"application\/ld+json\" class=\"yoast-schema-graph\">{\"@context\":\"https:\/\/schema.org\",\"@graph\":[{\"@type\":\"Article\",\"@id\":\"https:\/\/jornalfatosenoticias.com.br\/index.php\/2020\/09\/11\/tres-veroes-decepciona-ao-tratar-lava-jato-de-forma-superficial\/#article\",\"isPartOf\":{\"@id\":\"https:\/\/jornalfatosenoticias.com.br\/index.php\/2020\/09\/11\/tres-veroes-decepciona-ao-tratar-lava-jato-de-forma-superficial\/\"},\"author\":{\"name\":\"Luzimara Fernandes\",\"@id\":\"https:\/\/jornalfatosenoticias.com.br\/#\/schema\/person\/d63837fa13ac8666eb9e74e0985d6f81\"},\"headline\":\"&#8216;Tr\u00eas Ver\u00f5es&#8217; decepciona ao tratar Lava Jato de forma superficial\",\"datePublished\":\"2020-09-11T11:47:17+00:00\",\"dateModified\":\"2020-09-11T11:47:23+00:00\",\"mainEntityOfPage\":{\"@id\":\"https:\/\/jornalfatosenoticias.com.br\/index.php\/2020\/09\/11\/tres-veroes-decepciona-ao-tratar-lava-jato-de-forma-superficial\/\"},\"wordCount\":767,\"commentCount\":0,\"publisher\":{\"@id\":\"https:\/\/jornalfatosenoticias.com.br\/#organization\"},\"image\":{\"@id\":\"https:\/\/jornalfatosenoticias.com.br\/index.php\/2020\/09\/11\/tres-veroes-decepciona-ao-tratar-lava-jato-de-forma-superficial\/#primaryimage\"},\"thumbnailUrl\":\"https:\/\/jornalfatosenoticias.com.br\/wp-content\/uploads\/2020\/09\/tres-veroes.jpg\",\"keywords\":[\"cinema nacional\",\"Lava Jato\",\"Sandra kogut\",\"Tr\u00eas Ver\u00f5es\"],\"articleSection\":[\"Cultura\"],\"inLanguage\":\"pt-BR\",\"potentialAction\":[{\"@type\":\"CommentAction\",\"name\":\"Comment\",\"target\":[\"https:\/\/jornalfatosenoticias.com.br\/index.php\/2020\/09\/11\/tres-veroes-decepciona-ao-tratar-lava-jato-de-forma-superficial\/#respond\"]}]},{\"@type\":\"WebPage\",\"@id\":\"https:\/\/jornalfatosenoticias.com.br\/index.php\/2020\/09\/11\/tres-veroes-decepciona-ao-tratar-lava-jato-de-forma-superficial\/\",\"url\":\"https:\/\/jornalfatosenoticias.com.br\/index.php\/2020\/09\/11\/tres-veroes-decepciona-ao-tratar-lava-jato-de-forma-superficial\/\",\"name\":\"'Tr\u00eas Ver\u00f5es' decepciona ao tratar Lava Jato de forma superficial - Jornal Fatos e Not\u00edcias\",\"isPartOf\":{\"@id\":\"https:\/\/jornalfatosenoticias.com.br\/#website\"},\"primaryImageOfPage\":{\"@id\":\"https:\/\/jornalfatosenoticias.com.br\/index.php\/2020\/09\/11\/tres-veroes-decepciona-ao-tratar-lava-jato-de-forma-superficial\/#primaryimage\"},\"image\":{\"@id\":\"https:\/\/jornalfatosenoticias.com.br\/index.php\/2020\/09\/11\/tres-veroes-decepciona-ao-tratar-lava-jato-de-forma-superficial\/#primaryimage\"},\"thumbnailUrl\":\"https:\/\/jornalfatosenoticias.com.br\/wp-content\/uploads\/2020\/09\/tres-veroes.jpg\",\"datePublished\":\"2020-09-11T11:47:17+00:00\",\"dateModified\":\"2020-09-11T11:47:23+00:00\",\"breadcrumb\":{\"@id\":\"https:\/\/jornalfatosenoticias.com.br\/index.php\/2020\/09\/11\/tres-veroes-decepciona-ao-tratar-lava-jato-de-forma-superficial\/#breadcrumb\"},\"inLanguage\":\"pt-BR\",\"potentialAction\":[{\"@type\":\"ReadAction\",\"target\":[\"https:\/\/jornalfatosenoticias.com.br\/index.php\/2020\/09\/11\/tres-veroes-decepciona-ao-tratar-lava-jato-de-forma-superficial\/\"]}]},{\"@type\":\"ImageObject\",\"inLanguage\":\"pt-BR\",\"@id\":\"https:\/\/jornalfatosenoticias.com.br\/index.php\/2020\/09\/11\/tres-veroes-decepciona-ao-tratar-lava-jato-de-forma-superficial\/#primaryimage\",\"url\":\"https:\/\/jornalfatosenoticias.com.br\/wp-content\/uploads\/2020\/09\/tres-veroes.jpg\",\"contentUrl\":\"https:\/\/jornalfatosenoticias.com.br\/wp-content\/uploads\/2020\/09\/tres-veroes.jpg\",\"width\":960,\"height\":540},{\"@type\":\"BreadcrumbList\",\"@id\":\"https:\/\/jornalfatosenoticias.com.br\/index.php\/2020\/09\/11\/tres-veroes-decepciona-ao-tratar-lava-jato-de-forma-superficial\/#breadcrumb\",\"itemListElement\":[{\"@type\":\"ListItem\",\"position\":1,\"name\":\"In\u00edcio\",\"item\":\"https:\/\/jornalfatosenoticias.com.br\/\"},{\"@type\":\"ListItem\",\"position\":2,\"name\":\"&#8216;Tr\u00eas Ver\u00f5es&#8217; decepciona ao tratar Lava Jato de forma superficial\"}]},{\"@type\":\"WebSite\",\"@id\":\"https:\/\/jornalfatosenoticias.com.br\/#website\",\"url\":\"https:\/\/jornalfatosenoticias.com.br\/\",\"name\":\"Jornal Fatos e Not\u00edcias\",\"description\":\"Not\u00edcias em geral\",\"publisher\":{\"@id\":\"https:\/\/jornalfatosenoticias.com.br\/#organization\"},\"potentialAction\":[{\"@type\":\"SearchAction\",\"target\":{\"@type\":\"EntryPoint\",\"urlTemplate\":\"https:\/\/jornalfatosenoticias.com.br\/?s={search_term_string}\"},\"query-input\":{\"@type\":\"PropertyValueSpecification\",\"valueRequired\":true,\"valueName\":\"search_term_string\"}}],\"inLanguage\":\"pt-BR\"},{\"@type\":\"Organization\",\"@id\":\"https:\/\/jornalfatosenoticias.com.br\/#organization\",\"name\":\"Jornal Fatos e Not\u00edcias\",\"url\":\"https:\/\/jornalfatosenoticias.com.br\/\",\"logo\":{\"@type\":\"ImageObject\",\"inLanguage\":\"pt-BR\",\"@id\":\"https:\/\/jornalfatosenoticias.com.br\/#\/schema\/logo\/image\/\",\"url\":\"https:\/\/jornalfatosenoticias.com.br\/wp-content\/uploads\/2020\/02\/logo120.png\",\"contentUrl\":\"https:\/\/jornalfatosenoticias.com.br\/wp-content\/uploads\/2020\/02\/logo120.png\",\"width\":1227,\"height\":120,\"caption\":\"Jornal Fatos e Not\u00edcias\"},\"image\":{\"@id\":\"https:\/\/jornalfatosenoticias.com.br\/#\/schema\/logo\/image\/\"}},{\"@type\":\"Person\",\"@id\":\"https:\/\/jornalfatosenoticias.com.br\/#\/schema\/person\/d63837fa13ac8666eb9e74e0985d6f81\",\"name\":\"Luzimara Fernandes\",\"image\":{\"@type\":\"ImageObject\",\"inLanguage\":\"pt-BR\",\"@id\":\"https:\/\/jornalfatosenoticias.com.br\/#\/schema\/person\/image\/\",\"url\":\"https:\/\/jornalfatosenoticias.com.br\/wp-content\/uploads\/2025\/05\/EU_portal.jpg\",\"contentUrl\":\"https:\/\/jornalfatosenoticias.com.br\/wp-content\/uploads\/2025\/05\/EU_portal.jpg\",\"caption\":\"Luzimara Fernandes\"},\"description\":\"Jornalista MTB 2358-ES\",\"sameAs\":[\"https:\/\/jornalfatosenoticias.com.br\"],\"url\":\"https:\/\/jornalfatosenoticias.com.br\/index.php\/author\/luzimara\/\"}]}<\/script>\n<!-- \/ Yoast SEO plugin. -->","yoast_head_json":{"title":"'Tr\u00eas Ver\u00f5es' decepciona ao tratar Lava Jato de forma superficial - Jornal Fatos e Not\u00edcias","robots":{"index":"index","follow":"follow","max-snippet":"max-snippet:-1","max-image-preview":"max-image-preview:large","max-video-preview":"max-video-preview:-1"},"canonical":"https:\/\/jornalfatosenoticias.com.br\/index.php\/2020\/09\/11\/tres-veroes-decepciona-ao-tratar-lava-jato-de-forma-superficial\/","og_locale":"pt_BR","og_type":"article","og_title":"'Tr\u00eas Ver\u00f5es' decepciona ao tratar Lava Jato de forma superficial - Jornal Fatos e Not\u00edcias","og_description":"A dire\u00e7\u00e3o de &#8216;Tr\u00eas Ver\u00f5es&#8217; \u00e9 de Sandra Kogut Diretora com mais prest\u00edgio do que pr\u00eamios, Sandra Kogut lan\u00e7a-se com &#8220;Tr\u00eas Ver\u00f5es&#8221; na busca por um p\u00fablico mais amplo. A tem\u00e1tica escolhida j\u00e1 sugere a inten\u00e7\u00e3o: um encontro entre opera\u00e7\u00e3o Lava Jato e corrup\u00e7\u00e3o brasileira, mais seus efeitos sobre pessoas de classes pobres. Digo &#8220;classes [&hellip;]","og_url":"https:\/\/jornalfatosenoticias.com.br\/index.php\/2020\/09\/11\/tres-veroes-decepciona-ao-tratar-lava-jato-de-forma-superficial\/","og_site_name":"Jornal Fatos e Not\u00edcias","article_published_time":"2020-09-11T11:47:17+00:00","article_modified_time":"2020-09-11T11:47:23+00:00","og_image":[{"width":960,"height":540,"url":"https:\/\/jornalfatosenoticias.com.br\/wp-content\/uploads\/2020\/09\/tres-veroes.jpg","type":"image\/jpeg"}],"author":"Luzimara Fernandes","twitter_card":"summary_large_image","twitter_misc":{"Escrito por":"Luzimara Fernandes","Est. tempo de leitura":"4 minutos"},"schema":{"@context":"https:\/\/schema.org","@graph":[{"@type":"Article","@id":"https:\/\/jornalfatosenoticias.com.br\/index.php\/2020\/09\/11\/tres-veroes-decepciona-ao-tratar-lava-jato-de-forma-superficial\/#article","isPartOf":{"@id":"https:\/\/jornalfatosenoticias.com.br\/index.php\/2020\/09\/11\/tres-veroes-decepciona-ao-tratar-lava-jato-de-forma-superficial\/"},"author":{"name":"Luzimara Fernandes","@id":"https:\/\/jornalfatosenoticias.com.br\/#\/schema\/person\/d63837fa13ac8666eb9e74e0985d6f81"},"headline":"&#8216;Tr\u00eas Ver\u00f5es&#8217; decepciona ao tratar Lava Jato de forma superficial","datePublished":"2020-09-11T11:47:17+00:00","dateModified":"2020-09-11T11:47:23+00:00","mainEntityOfPage":{"@id":"https:\/\/jornalfatosenoticias.com.br\/index.php\/2020\/09\/11\/tres-veroes-decepciona-ao-tratar-lava-jato-de-forma-superficial\/"},"wordCount":767,"commentCount":0,"publisher":{"@id":"https:\/\/jornalfatosenoticias.com.br\/#organization"},"image":{"@id":"https:\/\/jornalfatosenoticias.com.br\/index.php\/2020\/09\/11\/tres-veroes-decepciona-ao-tratar-lava-jato-de-forma-superficial\/#primaryimage"},"thumbnailUrl":"https:\/\/jornalfatosenoticias.com.br\/wp-content\/uploads\/2020\/09\/tres-veroes.jpg","keywords":["cinema nacional","Lava Jato","Sandra kogut","Tr\u00eas Ver\u00f5es"],"articleSection":["Cultura"],"inLanguage":"pt-BR","potentialAction":[{"@type":"CommentAction","name":"Comment","target":["https:\/\/jornalfatosenoticias.com.br\/index.php\/2020\/09\/11\/tres-veroes-decepciona-ao-tratar-lava-jato-de-forma-superficial\/#respond"]}]},{"@type":"WebPage","@id":"https:\/\/jornalfatosenoticias.com.br\/index.php\/2020\/09\/11\/tres-veroes-decepciona-ao-tratar-lava-jato-de-forma-superficial\/","url":"https:\/\/jornalfatosenoticias.com.br\/index.php\/2020\/09\/11\/tres-veroes-decepciona-ao-tratar-lava-jato-de-forma-superficial\/","name":"'Tr\u00eas Ver\u00f5es' decepciona ao tratar Lava Jato de forma superficial - Jornal Fatos e Not\u00edcias","isPartOf":{"@id":"https:\/\/jornalfatosenoticias.com.br\/#website"},"primaryImageOfPage":{"@id":"https:\/\/jornalfatosenoticias.com.br\/index.php\/2020\/09\/11\/tres-veroes-decepciona-ao-tratar-lava-jato-de-forma-superficial\/#primaryimage"},"image":{"@id":"https:\/\/jornalfatosenoticias.com.br\/index.php\/2020\/09\/11\/tres-veroes-decepciona-ao-tratar-lava-jato-de-forma-superficial\/#primaryimage"},"thumbnailUrl":"https:\/\/jornalfatosenoticias.com.br\/wp-content\/uploads\/2020\/09\/tres-veroes.jpg","datePublished":"2020-09-11T11:47:17+00:00","dateModified":"2020-09-11T11:47:23+00:00","breadcrumb":{"@id":"https:\/\/jornalfatosenoticias.com.br\/index.php\/2020\/09\/11\/tres-veroes-decepciona-ao-tratar-lava-jato-de-forma-superficial\/#breadcrumb"},"inLanguage":"pt-BR","potentialAction":[{"@type":"ReadAction","target":["https:\/\/jornalfatosenoticias.com.br\/index.php\/2020\/09\/11\/tres-veroes-decepciona-ao-tratar-lava-jato-de-forma-superficial\/"]}]},{"@type":"ImageObject","inLanguage":"pt-BR","@id":"https:\/\/jornalfatosenoticias.com.br\/index.php\/2020\/09\/11\/tres-veroes-decepciona-ao-tratar-lava-jato-de-forma-superficial\/#primaryimage","url":"https:\/\/jornalfatosenoticias.com.br\/wp-content\/uploads\/2020\/09\/tres-veroes.jpg","contentUrl":"https:\/\/jornalfatosenoticias.com.br\/wp-content\/uploads\/2020\/09\/tres-veroes.jpg","width":960,"height":540},{"@type":"BreadcrumbList","@id":"https:\/\/jornalfatosenoticias.com.br\/index.php\/2020\/09\/11\/tres-veroes-decepciona-ao-tratar-lava-jato-de-forma-superficial\/#breadcrumb","itemListElement":[{"@type":"ListItem","position":1,"name":"In\u00edcio","item":"https:\/\/jornalfatosenoticias.com.br\/"},{"@type":"ListItem","position":2,"name":"&#8216;Tr\u00eas Ver\u00f5es&#8217; decepciona ao tratar Lava Jato de forma superficial"}]},{"@type":"WebSite","@id":"https:\/\/jornalfatosenoticias.com.br\/#website","url":"https:\/\/jornalfatosenoticias.com.br\/","name":"Jornal Fatos e Not\u00edcias","description":"Not\u00edcias em geral","publisher":{"@id":"https:\/\/jornalfatosenoticias.com.br\/#organization"},"potentialAction":[{"@type":"SearchAction","target":{"@type":"EntryPoint","urlTemplate":"https:\/\/jornalfatosenoticias.com.br\/?s={search_term_string}"},"query-input":{"@type":"PropertyValueSpecification","valueRequired":true,"valueName":"search_term_string"}}],"inLanguage":"pt-BR"},{"@type":"Organization","@id":"https:\/\/jornalfatosenoticias.com.br\/#organization","name":"Jornal Fatos e Not\u00edcias","url":"https:\/\/jornalfatosenoticias.com.br\/","logo":{"@type":"ImageObject","inLanguage":"pt-BR","@id":"https:\/\/jornalfatosenoticias.com.br\/#\/schema\/logo\/image\/","url":"https:\/\/jornalfatosenoticias.com.br\/wp-content\/uploads\/2020\/02\/logo120.png","contentUrl":"https:\/\/jornalfatosenoticias.com.br\/wp-content\/uploads\/2020\/02\/logo120.png","width":1227,"height":120,"caption":"Jornal Fatos e Not\u00edcias"},"image":{"@id":"https:\/\/jornalfatosenoticias.com.br\/#\/schema\/logo\/image\/"}},{"@type":"Person","@id":"https:\/\/jornalfatosenoticias.com.br\/#\/schema\/person\/d63837fa13ac8666eb9e74e0985d6f81","name":"Luzimara Fernandes","image":{"@type":"ImageObject","inLanguage":"pt-BR","@id":"https:\/\/jornalfatosenoticias.com.br\/#\/schema\/person\/image\/","url":"https:\/\/jornalfatosenoticias.com.br\/wp-content\/uploads\/2025\/05\/EU_portal.jpg","contentUrl":"https:\/\/jornalfatosenoticias.com.br\/wp-content\/uploads\/2025\/05\/EU_portal.jpg","caption":"Luzimara Fernandes"},"description":"Jornalista MTB 2358-ES","sameAs":["https:\/\/jornalfatosenoticias.com.br"],"url":"https:\/\/jornalfatosenoticias.com.br\/index.php\/author\/luzimara\/"}]}},"cc_featured_image_caption":{"caption_text":"(Foto: \u00a9Reprodu\u00e7\u00e3o\/TV Globo)","source_text":"","source_url":""},"jetpack_featured_media_url":"https:\/\/jornalfatosenoticias.com.br\/wp-content\/uploads\/2020\/09\/tres-veroes.jpg","_links":{"self":[{"href":"https:\/\/jornalfatosenoticias.com.br\/index.php\/wp-json\/wp\/v2\/posts\/8782","targetHints":{"allow":["GET"]}}],"collection":[{"href":"https:\/\/jornalfatosenoticias.com.br\/index.php\/wp-json\/wp\/v2\/posts"}],"about":[{"href":"https:\/\/jornalfatosenoticias.com.br\/index.php\/wp-json\/wp\/v2\/types\/post"}],"author":[{"embeddable":true,"href":"https:\/\/jornalfatosenoticias.com.br\/index.php\/wp-json\/wp\/v2\/users\/2"}],"replies":[{"embeddable":true,"href":"https:\/\/jornalfatosenoticias.com.br\/index.php\/wp-json\/wp\/v2\/comments?post=8782"}],"version-history":[{"count":0,"href":"https:\/\/jornalfatosenoticias.com.br\/index.php\/wp-json\/wp\/v2\/posts\/8782\/revisions"}],"wp:featuredmedia":[{"embeddable":true,"href":"https:\/\/jornalfatosenoticias.com.br\/index.php\/wp-json\/wp\/v2\/media\/8783"}],"wp:attachment":[{"href":"https:\/\/jornalfatosenoticias.com.br\/index.php\/wp-json\/wp\/v2\/media?parent=8782"}],"wp:term":[{"taxonomy":"category","embeddable":true,"href":"https:\/\/jornalfatosenoticias.com.br\/index.php\/wp-json\/wp\/v2\/categories?post=8782"},{"taxonomy":"post_tag","embeddable":true,"href":"https:\/\/jornalfatosenoticias.com.br\/index.php\/wp-json\/wp\/v2\/tags?post=8782"}],"curies":[{"name":"wp","href":"https:\/\/api.w.org\/{rel}","templated":true}]}}