{"id":8801,"date":"2020-09-11T09:02:45","date_gmt":"2020-09-11T12:02:45","guid":{"rendered":"https:\/\/jornalfatosenoticias.com.br\/?p=8801"},"modified":"2020-09-11T09:02:49","modified_gmt":"2020-09-11T12:02:49","slug":"ararajubas-aves-endemicas-da-regiao-amazonica-que-estao-ameacadas-de-extincao","status":"publish","type":"post","link":"https:\/\/jornalfatosenoticias.com.br\/index.php\/2020\/09\/11\/ararajubas-aves-endemicas-da-regiao-amazonica-que-estao-ameacadas-de-extincao\/","title":{"rendered":"Ararajubas: aves end\u00eamicas da regi\u00e3o amaz\u00f4nica que est\u00e3o amea\u00e7adas de extin\u00e7\u00e3o"},"content":{"rendered":"\n<h6 class=\"wp-block-heading\"><em>Com as vibrantes cores verde e amarela, as aves da fam\u00edlia dos psitac\u00eddeos (mesma dos papagaios), se alimentam basicamente de frutas e vivem entre 20 a 40 anos<\/em><\/h6>\n\n\n\n<p>A Ararajuba \u00e9 uma esp\u00e9cie end\u00eamica do bioma amaz\u00f4nico amea\u00e7ada de extin\u00e7\u00e3o e considerada &#8220;vulner\u00e1vel&#8221;, segundo a Lista Vermelha de Esp\u00e9cies Amea\u00e7adas, da Uni\u00e3o Internacional pela Conserva\u00e7\u00e3o da Natureza (IUCN), o Minist\u00e9rio de Meio Ambiente e a Resolu\u00e7\u00e3o Coema n\u00b0 54. Para transformar essa realidade, o Instituto de Desenvolvimento Florestal e da Biodiversidade do Estado do Par\u00e1 (Ideflor-bio) desenvolve o projeto de &#8216;Reintrodu\u00e7\u00e3o e Monitoramento das Ararajubas nas Unidades de Conserva\u00e7\u00e3o da Regi\u00e3o Metropolitana de Bel\u00e9m \u2013 Bel\u00e9m Mais Linda!&#8217;, que \u00e9 pioneiro no Par\u00e1.<br>&#8220;A esp\u00e9cie se encontra extinta localmente na Regi\u00e3o Metropolitana de Bel\u00e9m (RMB) e n\u00e3o era avistada em vida livre nos c\u00e9us da capital desde a d\u00e9cada de 1940. Cerca de 80% da esp\u00e9cie natural das aves vivem no Estado, por isso \u00e9 o nosso dever fazer a conserva\u00e7\u00e3o e prote\u00e7\u00e3o dessa esp\u00e9cie&#8221;, informa a gerente de Biodiversidade do Ideflor-Bio, N\u00edvia Pereira. As aves sofrem com o desmatamento, biopirataria e com o com\u00e9rcio ilegal de animais silvestres.<br>Criado em 2016, o projeto j\u00e1 realizou duas solturas, em 2018, equivalentes a 20 animais, concluindo a primeira etapa do processo. &#8220;Ap\u00f3s a soltura, identificamos que um casal reproduziu, o que \u00e9 um indicativo de sucesso muito importante para o projeto. Quando uma esp\u00e9cie que foi reintroduzida consegue reproduzir, significa que ela entende que aquele ambiente \u00e9 o habitat dela e se sente bem&#8221;, explica a representante do Ideflor-Bio.<br>A pr\u00f3xima soltura, que corresponde \u00e0 segunda fase do processo, est\u00e1 prevista para novembro de 2020, contudo, depende do desenvolvimento das sete aves durante o treinamento, que \u00e9 realizado nos avi\u00e1rios no Parque Estadual do Utinga Camillo Vianna.<br>&#8220;As aves que vivem no nosso avi\u00e1rio vieram da Funda\u00e7\u00e3o Lymington, de S\u00e3o Paulo, parceira do Instituto desde a primeira etapa deste projeto, do Parque Zoobot\u00e2nico Vale e do Centro de Triagem do Maranh\u00e3o, do Ibama, que foram frutos de uma apreens\u00e3o&#8221;, conta a gerente de Biodiversidade.<\/p>\n\n\n\n<h4 class=\"wp-block-heading\">Reintrodu\u00e7\u00e3o<\/h4>\n\n\n\n<p>Uma equipe com cinco bi\u00f3logos do Ideflor-bio \u00e9 respons\u00e1vel por acompanhar o dia a dia das aves que participam do projeto, que estimula a conserva\u00e7\u00e3o da biodiversidade. A reintrodu\u00e7\u00e3o n\u00e3o significa apenas a soltura do animal. \u00c9 composta por um processo que envolve a adapta\u00e7\u00e3o ao novo ambiente, ao clima; enriquecimento ambiental, al\u00e9m de treinamentos de voo, fortalecimento e cuidados com a suplementa\u00e7\u00e3o alimentar para que possam voar livremente na natureza.<br>Segundo o bi\u00f3logo da Ger\u00eancia de Biodiversidade do Instituto, Leonardo Magalh\u00e3es, todos os cuidados s\u00e3o tomados para que as aves tenham aptid\u00e3o para voltar para a natureza. &#8220;Fazer esse acompanhamento \u00e9 muito importante, porque, como bi\u00f3logos, n\u00f3s temos um olhar diferenciado em rela\u00e7\u00e3o \u00e0 ecologia, forma como interagem e que influenciam no treinamento aplicado a cada uma. Tentamos simular no avi\u00e1rio o ambiente que encontrar\u00e3o ap\u00f3s a soltura&#8221;, explica.<br>&#8220;O tempo de reabilita\u00e7\u00e3o \u00e9 vari\u00e1vel, porque depende da resposta de cada animal. O ideal \u00e9 que seja o menor poss\u00edvel. Quanto menos tempo eles passarem nos avi\u00e1rios, mais facilmente v\u00e3o se adaptar \u00e0 sobreviv\u00eancia na natureza. Em m\u00e9dia, no per\u00edodo de um ano, eles conseguem ganhar peso, curar as asas e estarem aptos para a soltura&#8221;, informa a bi\u00f3loga do Instituto, Renata Emin.<br>O contato dos animais com os profissionais precisa ser m\u00ednimo, porque, segundo Renata Emin, como, infelizmente, o ser humano \u00e9 o principal predador da esp\u00e9cie, \u00e9 necess\u00e1rio que as aves consigam se proteger e se defender sozinhas ap\u00f3s a soltura.<\/p>\n\n\n\n<h4 class=\"wp-block-heading\">Resultados<\/h4>\n\n\n\n<p>Alguns moradores nas proximidades do Parque Estadual do Utinga, Ananindeua e bairro do Sat\u00e9lite, em Bel\u00e9m, entraram em contato com o Instituto, relatando que viram um grupo de aves voando e colorindo o c\u00e9u. &#8220;Eles j\u00e1 mandaram fotos delas se alimentando de a\u00e7a\u00ed e manga, que s\u00e3o frutos que a gente treina com elas no avi\u00e1rio. \u00c9 muito legal de ver&#8221;, conta Leonardo Magalh\u00e3es.<\/p>\n\n\n\n<h4 class=\"wp-block-heading\">Curiosidades<\/h4>\n\n\n\n<p>A ararajuba \u00e9 uma esp\u00e9cie end\u00eamica da Regi\u00e3o Amaz\u00f4nica, que ocorre naturalmente em uma faixa estreita desde a fronteira do Par\u00e1 com o Maranh\u00e3o at\u00e9 o sudoeste do Estado, na fronteira com o Amazonas. Com as vibrantes cores verde e amarela, as aves da fam\u00edlia dos psitac\u00eddeos (mesma dos papagaios), se alimentam basicamente de frutas e vivem entre 20 a 40 anos.<\/p>\n\n\n\n<p><strong><em>Fonte: <a href=\"https:\/\/portalamazonia.com\/noticias\/meio-ambiente\/conheca-as-ararajubas-aves-endemicas-da-regiao-amazonica-que-estao-ameacadas-de-extincao#:~:text=A%20Ararajuba%20%C3%A9%20uma%20esp%C3%A9cie,Resolu%C3%A7%C3%A3o%20Coema%20n%C2%B0%2054.\">Portal Amaz\u00f4nia<\/a><\/em><\/strong><\/p>\n","protected":false},"excerpt":{"rendered":"<p>Com as vibrantes cores verde e amarela, as aves da fam\u00edlia dos psitac\u00eddeos (mesma dos papagaios), se alimentam basicamente de frutas e vivem entre 20 a 40 anos A Ararajuba \u00e9 uma esp\u00e9cie end\u00eamica do bioma amaz\u00f4nico amea\u00e7ada de extin\u00e7\u00e3o e considerada &#8220;vulner\u00e1vel&#8221;, segundo a Lista Vermelha de Esp\u00e9cies Amea\u00e7adas, da Uni\u00e3o Internacional pela Conserva\u00e7\u00e3o [&hellip;]<\/p>\n","protected":false},"author":2,"featured_media":8802,"comment_status":"open","ping_status":"open","sticky":false,"template":"","format":"standard","meta":{"footnotes":""},"categories":[8],"tags":[123,4863,4864,4865],"class_list":["post-8801","post","type-post","status-publish","format-standard","has-post-thumbnail","hentry","category-meio-ambiente","tag-amazonia","tag-ararajubas","tag-fauna-amazonica","tag-ideflor-bio"],"yoast_head":"<!-- This site is optimized with the Yoast SEO plugin v26.5 - https:\/\/yoast.com\/wordpress\/plugins\/seo\/ -->\n<title>Ararajubas: aves end\u00eamicas da regi\u00e3o amaz\u00f4nica que est\u00e3o amea\u00e7adas de extin\u00e7\u00e3o - Jornal Fatos e Not\u00edcias<\/title>\n<meta name=\"robots\" content=\"index, follow, max-snippet:-1, max-image-preview:large, max-video-preview:-1\" \/>\n<link rel=\"canonical\" href=\"https:\/\/jornalfatosenoticias.com.br\/index.php\/2020\/09\/11\/ararajubas-aves-endemicas-da-regiao-amazonica-que-estao-ameacadas-de-extincao\/\" \/>\n<meta property=\"og:locale\" content=\"pt_BR\" \/>\n<meta property=\"og:type\" content=\"article\" \/>\n<meta property=\"og:title\" content=\"Ararajubas: aves end\u00eamicas da regi\u00e3o amaz\u00f4nica que est\u00e3o amea\u00e7adas de extin\u00e7\u00e3o - Jornal Fatos e Not\u00edcias\" \/>\n<meta property=\"og:description\" content=\"Com as vibrantes cores verde e amarela, as aves da fam\u00edlia dos psitac\u00eddeos (mesma dos papagaios), se alimentam basicamente de frutas e vivem entre 20 a 40 anos A Ararajuba \u00e9 uma esp\u00e9cie end\u00eamica do bioma amaz\u00f4nico amea\u00e7ada de extin\u00e7\u00e3o e considerada &#8220;vulner\u00e1vel&#8221;, segundo a Lista Vermelha de Esp\u00e9cies Amea\u00e7adas, da Uni\u00e3o Internacional pela Conserva\u00e7\u00e3o [&hellip;]\" \/>\n<meta property=\"og:url\" content=\"https:\/\/jornalfatosenoticias.com.br\/index.php\/2020\/09\/11\/ararajubas-aves-endemicas-da-regiao-amazonica-que-estao-ameacadas-de-extincao\/\" \/>\n<meta property=\"og:site_name\" content=\"Jornal Fatos e Not\u00edcias\" \/>\n<meta property=\"article:published_time\" content=\"2020-09-11T12:02:45+00:00\" \/>\n<meta property=\"article:modified_time\" content=\"2020-09-11T12:02:49+00:00\" \/>\n<meta property=\"og:image\" content=\"https:\/\/jornalfatosenoticias.com.br\/wp-content\/uploads\/2020\/09\/Ararajuba-Guaruba-guarouba-Leonardo-Magalhaes.jpg\" \/>\n\t<meta property=\"og:image:width\" content=\"995\" \/>\n\t<meta property=\"og:image:height\" content=\"641\" \/>\n\t<meta property=\"og:image:type\" content=\"image\/jpeg\" \/>\n<meta name=\"author\" content=\"Luzimara Fernandes\" \/>\n<meta name=\"twitter:card\" content=\"summary_large_image\" \/>\n<meta name=\"twitter:label1\" content=\"Escrito por\" \/>\n\t<meta name=\"twitter:data1\" content=\"Luzimara Fernandes\" \/>\n\t<meta name=\"twitter:label2\" content=\"Est. tempo de leitura\" \/>\n\t<meta name=\"twitter:data2\" content=\"4 minutos\" \/>\n<script type=\"application\/ld+json\" class=\"yoast-schema-graph\">{\"@context\":\"https:\/\/schema.org\",\"@graph\":[{\"@type\":\"Article\",\"@id\":\"https:\/\/jornalfatosenoticias.com.br\/index.php\/2020\/09\/11\/ararajubas-aves-endemicas-da-regiao-amazonica-que-estao-ameacadas-de-extincao\/#article\",\"isPartOf\":{\"@id\":\"https:\/\/jornalfatosenoticias.com.br\/index.php\/2020\/09\/11\/ararajubas-aves-endemicas-da-regiao-amazonica-que-estao-ameacadas-de-extincao\/\"},\"author\":{\"name\":\"Luzimara Fernandes\",\"@id\":\"https:\/\/jornalfatosenoticias.com.br\/#\/schema\/person\/d63837fa13ac8666eb9e74e0985d6f81\"},\"headline\":\"Ararajubas: aves end\u00eamicas da regi\u00e3o amaz\u00f4nica que est\u00e3o amea\u00e7adas de extin\u00e7\u00e3o\",\"datePublished\":\"2020-09-11T12:02:45+00:00\",\"dateModified\":\"2020-09-11T12:02:49+00:00\",\"mainEntityOfPage\":{\"@id\":\"https:\/\/jornalfatosenoticias.com.br\/index.php\/2020\/09\/11\/ararajubas-aves-endemicas-da-regiao-amazonica-que-estao-ameacadas-de-extincao\/\"},\"wordCount\":796,\"commentCount\":0,\"publisher\":{\"@id\":\"https:\/\/jornalfatosenoticias.com.br\/#organization\"},\"image\":{\"@id\":\"https:\/\/jornalfatosenoticias.com.br\/index.php\/2020\/09\/11\/ararajubas-aves-endemicas-da-regiao-amazonica-que-estao-ameacadas-de-extincao\/#primaryimage\"},\"thumbnailUrl\":\"https:\/\/jornalfatosenoticias.com.br\/wp-content\/uploads\/2020\/09\/Ararajuba-Guaruba-guarouba-Leonardo-Magalhaes.jpg\",\"keywords\":[\"amaz\u00f4nia\",\"ararajubas\",\"fauna amaz\u00f4nica\",\"Ideflor-bio\"],\"articleSection\":[\"Meio ambiente\"],\"inLanguage\":\"pt-BR\",\"potentialAction\":[{\"@type\":\"CommentAction\",\"name\":\"Comment\",\"target\":[\"https:\/\/jornalfatosenoticias.com.br\/index.php\/2020\/09\/11\/ararajubas-aves-endemicas-da-regiao-amazonica-que-estao-ameacadas-de-extincao\/#respond\"]}]},{\"@type\":\"WebPage\",\"@id\":\"https:\/\/jornalfatosenoticias.com.br\/index.php\/2020\/09\/11\/ararajubas-aves-endemicas-da-regiao-amazonica-que-estao-ameacadas-de-extincao\/\",\"url\":\"https:\/\/jornalfatosenoticias.com.br\/index.php\/2020\/09\/11\/ararajubas-aves-endemicas-da-regiao-amazonica-que-estao-ameacadas-de-extincao\/\",\"name\":\"Ararajubas: aves end\u00eamicas da regi\u00e3o amaz\u00f4nica que est\u00e3o amea\u00e7adas de extin\u00e7\u00e3o - Jornal Fatos e Not\u00edcias\",\"isPartOf\":{\"@id\":\"https:\/\/jornalfatosenoticias.com.br\/#website\"},\"primaryImageOfPage\":{\"@id\":\"https:\/\/jornalfatosenoticias.com.br\/index.php\/2020\/09\/11\/ararajubas-aves-endemicas-da-regiao-amazonica-que-estao-ameacadas-de-extincao\/#primaryimage\"},\"image\":{\"@id\":\"https:\/\/jornalfatosenoticias.com.br\/index.php\/2020\/09\/11\/ararajubas-aves-endemicas-da-regiao-amazonica-que-estao-ameacadas-de-extincao\/#primaryimage\"},\"thumbnailUrl\":\"https:\/\/jornalfatosenoticias.com.br\/wp-content\/uploads\/2020\/09\/Ararajuba-Guaruba-guarouba-Leonardo-Magalhaes.jpg\",\"datePublished\":\"2020-09-11T12:02:45+00:00\",\"dateModified\":\"2020-09-11T12:02:49+00:00\",\"breadcrumb\":{\"@id\":\"https:\/\/jornalfatosenoticias.com.br\/index.php\/2020\/09\/11\/ararajubas-aves-endemicas-da-regiao-amazonica-que-estao-ameacadas-de-extincao\/#breadcrumb\"},\"inLanguage\":\"pt-BR\",\"potentialAction\":[{\"@type\":\"ReadAction\",\"target\":[\"https:\/\/jornalfatosenoticias.com.br\/index.php\/2020\/09\/11\/ararajubas-aves-endemicas-da-regiao-amazonica-que-estao-ameacadas-de-extincao\/\"]}]},{\"@type\":\"ImageObject\",\"inLanguage\":\"pt-BR\",\"@id\":\"https:\/\/jornalfatosenoticias.com.br\/index.php\/2020\/09\/11\/ararajubas-aves-endemicas-da-regiao-amazonica-que-estao-ameacadas-de-extincao\/#primaryimage\",\"url\":\"https:\/\/jornalfatosenoticias.com.br\/wp-content\/uploads\/2020\/09\/Ararajuba-Guaruba-guarouba-Leonardo-Magalhaes.jpg\",\"contentUrl\":\"https:\/\/jornalfatosenoticias.com.br\/wp-content\/uploads\/2020\/09\/Ararajuba-Guaruba-guarouba-Leonardo-Magalhaes.jpg\",\"width\":995,\"height\":641},{\"@type\":\"BreadcrumbList\",\"@id\":\"https:\/\/jornalfatosenoticias.com.br\/index.php\/2020\/09\/11\/ararajubas-aves-endemicas-da-regiao-amazonica-que-estao-ameacadas-de-extincao\/#breadcrumb\",\"itemListElement\":[{\"@type\":\"ListItem\",\"position\":1,\"name\":\"In\u00edcio\",\"item\":\"https:\/\/jornalfatosenoticias.com.br\/\"},{\"@type\":\"ListItem\",\"position\":2,\"name\":\"Ararajubas: aves end\u00eamicas da regi\u00e3o amaz\u00f4nica que est\u00e3o amea\u00e7adas de extin\u00e7\u00e3o\"}]},{\"@type\":\"WebSite\",\"@id\":\"https:\/\/jornalfatosenoticias.com.br\/#website\",\"url\":\"https:\/\/jornalfatosenoticias.com.br\/\",\"name\":\"Jornal Fatos e Not\u00edcias\",\"description\":\"Not\u00edcias em geral\",\"publisher\":{\"@id\":\"https:\/\/jornalfatosenoticias.com.br\/#organization\"},\"potentialAction\":[{\"@type\":\"SearchAction\",\"target\":{\"@type\":\"EntryPoint\",\"urlTemplate\":\"https:\/\/jornalfatosenoticias.com.br\/?s={search_term_string}\"},\"query-input\":{\"@type\":\"PropertyValueSpecification\",\"valueRequired\":true,\"valueName\":\"search_term_string\"}}],\"inLanguage\":\"pt-BR\"},{\"@type\":\"Organization\",\"@id\":\"https:\/\/jornalfatosenoticias.com.br\/#organization\",\"name\":\"Jornal Fatos e Not\u00edcias\",\"url\":\"https:\/\/jornalfatosenoticias.com.br\/\",\"logo\":{\"@type\":\"ImageObject\",\"inLanguage\":\"pt-BR\",\"@id\":\"https:\/\/jornalfatosenoticias.com.br\/#\/schema\/logo\/image\/\",\"url\":\"https:\/\/jornalfatosenoticias.com.br\/wp-content\/uploads\/2020\/02\/logo120.png\",\"contentUrl\":\"https:\/\/jornalfatosenoticias.com.br\/wp-content\/uploads\/2020\/02\/logo120.png\",\"width\":1227,\"height\":120,\"caption\":\"Jornal Fatos e Not\u00edcias\"},\"image\":{\"@id\":\"https:\/\/jornalfatosenoticias.com.br\/#\/schema\/logo\/image\/\"}},{\"@type\":\"Person\",\"@id\":\"https:\/\/jornalfatosenoticias.com.br\/#\/schema\/person\/d63837fa13ac8666eb9e74e0985d6f81\",\"name\":\"Luzimara Fernandes\",\"image\":{\"@type\":\"ImageObject\",\"inLanguage\":\"pt-BR\",\"@id\":\"https:\/\/jornalfatosenoticias.com.br\/#\/schema\/person\/image\/\",\"url\":\"https:\/\/jornalfatosenoticias.com.br\/wp-content\/uploads\/2025\/05\/EU_portal.jpg\",\"contentUrl\":\"https:\/\/jornalfatosenoticias.com.br\/wp-content\/uploads\/2025\/05\/EU_portal.jpg\",\"caption\":\"Luzimara Fernandes\"},\"description\":\"Jornalista MTB 2358-ES\",\"sameAs\":[\"https:\/\/jornalfatosenoticias.com.br\"],\"url\":\"https:\/\/jornalfatosenoticias.com.br\/index.php\/author\/luzimara\/\"}]}<\/script>\n<!-- \/ Yoast SEO plugin. -->","yoast_head_json":{"title":"Ararajubas: aves end\u00eamicas da regi\u00e3o amaz\u00f4nica que est\u00e3o amea\u00e7adas de extin\u00e7\u00e3o - Jornal Fatos e Not\u00edcias","robots":{"index":"index","follow":"follow","max-snippet":"max-snippet:-1","max-image-preview":"max-image-preview:large","max-video-preview":"max-video-preview:-1"},"canonical":"https:\/\/jornalfatosenoticias.com.br\/index.php\/2020\/09\/11\/ararajubas-aves-endemicas-da-regiao-amazonica-que-estao-ameacadas-de-extincao\/","og_locale":"pt_BR","og_type":"article","og_title":"Ararajubas: aves end\u00eamicas da regi\u00e3o amaz\u00f4nica que est\u00e3o amea\u00e7adas de extin\u00e7\u00e3o - Jornal Fatos e Not\u00edcias","og_description":"Com as vibrantes cores verde e amarela, as aves da fam\u00edlia dos psitac\u00eddeos (mesma dos papagaios), se alimentam basicamente de frutas e vivem entre 20 a 40 anos A Ararajuba \u00e9 uma esp\u00e9cie end\u00eamica do bioma amaz\u00f4nico amea\u00e7ada de extin\u00e7\u00e3o e considerada &#8220;vulner\u00e1vel&#8221;, segundo a Lista Vermelha de Esp\u00e9cies Amea\u00e7adas, da Uni\u00e3o Internacional pela Conserva\u00e7\u00e3o [&hellip;]","og_url":"https:\/\/jornalfatosenoticias.com.br\/index.php\/2020\/09\/11\/ararajubas-aves-endemicas-da-regiao-amazonica-que-estao-ameacadas-de-extincao\/","og_site_name":"Jornal Fatos e Not\u00edcias","article_published_time":"2020-09-11T12:02:45+00:00","article_modified_time":"2020-09-11T12:02:49+00:00","og_image":[{"width":995,"height":641,"url":"https:\/\/jornalfatosenoticias.com.br\/wp-content\/uploads\/2020\/09\/Ararajuba-Guaruba-guarouba-Leonardo-Magalhaes.jpg","type":"image\/jpeg"}],"author":"Luzimara Fernandes","twitter_card":"summary_large_image","twitter_misc":{"Escrito por":"Luzimara Fernandes","Est. tempo de leitura":"4 minutos"},"schema":{"@context":"https:\/\/schema.org","@graph":[{"@type":"Article","@id":"https:\/\/jornalfatosenoticias.com.br\/index.php\/2020\/09\/11\/ararajubas-aves-endemicas-da-regiao-amazonica-que-estao-ameacadas-de-extincao\/#article","isPartOf":{"@id":"https:\/\/jornalfatosenoticias.com.br\/index.php\/2020\/09\/11\/ararajubas-aves-endemicas-da-regiao-amazonica-que-estao-ameacadas-de-extincao\/"},"author":{"name":"Luzimara Fernandes","@id":"https:\/\/jornalfatosenoticias.com.br\/#\/schema\/person\/d63837fa13ac8666eb9e74e0985d6f81"},"headline":"Ararajubas: aves end\u00eamicas da regi\u00e3o amaz\u00f4nica que est\u00e3o amea\u00e7adas de extin\u00e7\u00e3o","datePublished":"2020-09-11T12:02:45+00:00","dateModified":"2020-09-11T12:02:49+00:00","mainEntityOfPage":{"@id":"https:\/\/jornalfatosenoticias.com.br\/index.php\/2020\/09\/11\/ararajubas-aves-endemicas-da-regiao-amazonica-que-estao-ameacadas-de-extincao\/"},"wordCount":796,"commentCount":0,"publisher":{"@id":"https:\/\/jornalfatosenoticias.com.br\/#organization"},"image":{"@id":"https:\/\/jornalfatosenoticias.com.br\/index.php\/2020\/09\/11\/ararajubas-aves-endemicas-da-regiao-amazonica-que-estao-ameacadas-de-extincao\/#primaryimage"},"thumbnailUrl":"https:\/\/jornalfatosenoticias.com.br\/wp-content\/uploads\/2020\/09\/Ararajuba-Guaruba-guarouba-Leonardo-Magalhaes.jpg","keywords":["amaz\u00f4nia","ararajubas","fauna amaz\u00f4nica","Ideflor-bio"],"articleSection":["Meio ambiente"],"inLanguage":"pt-BR","potentialAction":[{"@type":"CommentAction","name":"Comment","target":["https:\/\/jornalfatosenoticias.com.br\/index.php\/2020\/09\/11\/ararajubas-aves-endemicas-da-regiao-amazonica-que-estao-ameacadas-de-extincao\/#respond"]}]},{"@type":"WebPage","@id":"https:\/\/jornalfatosenoticias.com.br\/index.php\/2020\/09\/11\/ararajubas-aves-endemicas-da-regiao-amazonica-que-estao-ameacadas-de-extincao\/","url":"https:\/\/jornalfatosenoticias.com.br\/index.php\/2020\/09\/11\/ararajubas-aves-endemicas-da-regiao-amazonica-que-estao-ameacadas-de-extincao\/","name":"Ararajubas: aves end\u00eamicas da regi\u00e3o amaz\u00f4nica que est\u00e3o amea\u00e7adas de extin\u00e7\u00e3o - Jornal Fatos e Not\u00edcias","isPartOf":{"@id":"https:\/\/jornalfatosenoticias.com.br\/#website"},"primaryImageOfPage":{"@id":"https:\/\/jornalfatosenoticias.com.br\/index.php\/2020\/09\/11\/ararajubas-aves-endemicas-da-regiao-amazonica-que-estao-ameacadas-de-extincao\/#primaryimage"},"image":{"@id":"https:\/\/jornalfatosenoticias.com.br\/index.php\/2020\/09\/11\/ararajubas-aves-endemicas-da-regiao-amazonica-que-estao-ameacadas-de-extincao\/#primaryimage"},"thumbnailUrl":"https:\/\/jornalfatosenoticias.com.br\/wp-content\/uploads\/2020\/09\/Ararajuba-Guaruba-guarouba-Leonardo-Magalhaes.jpg","datePublished":"2020-09-11T12:02:45+00:00","dateModified":"2020-09-11T12:02:49+00:00","breadcrumb":{"@id":"https:\/\/jornalfatosenoticias.com.br\/index.php\/2020\/09\/11\/ararajubas-aves-endemicas-da-regiao-amazonica-que-estao-ameacadas-de-extincao\/#breadcrumb"},"inLanguage":"pt-BR","potentialAction":[{"@type":"ReadAction","target":["https:\/\/jornalfatosenoticias.com.br\/index.php\/2020\/09\/11\/ararajubas-aves-endemicas-da-regiao-amazonica-que-estao-ameacadas-de-extincao\/"]}]},{"@type":"ImageObject","inLanguage":"pt-BR","@id":"https:\/\/jornalfatosenoticias.com.br\/index.php\/2020\/09\/11\/ararajubas-aves-endemicas-da-regiao-amazonica-que-estao-ameacadas-de-extincao\/#primaryimage","url":"https:\/\/jornalfatosenoticias.com.br\/wp-content\/uploads\/2020\/09\/Ararajuba-Guaruba-guarouba-Leonardo-Magalhaes.jpg","contentUrl":"https:\/\/jornalfatosenoticias.com.br\/wp-content\/uploads\/2020\/09\/Ararajuba-Guaruba-guarouba-Leonardo-Magalhaes.jpg","width":995,"height":641},{"@type":"BreadcrumbList","@id":"https:\/\/jornalfatosenoticias.com.br\/index.php\/2020\/09\/11\/ararajubas-aves-endemicas-da-regiao-amazonica-que-estao-ameacadas-de-extincao\/#breadcrumb","itemListElement":[{"@type":"ListItem","position":1,"name":"In\u00edcio","item":"https:\/\/jornalfatosenoticias.com.br\/"},{"@type":"ListItem","position":2,"name":"Ararajubas: aves end\u00eamicas da regi\u00e3o amaz\u00f4nica que est\u00e3o amea\u00e7adas de extin\u00e7\u00e3o"}]},{"@type":"WebSite","@id":"https:\/\/jornalfatosenoticias.com.br\/#website","url":"https:\/\/jornalfatosenoticias.com.br\/","name":"Jornal Fatos e Not\u00edcias","description":"Not\u00edcias em geral","publisher":{"@id":"https:\/\/jornalfatosenoticias.com.br\/#organization"},"potentialAction":[{"@type":"SearchAction","target":{"@type":"EntryPoint","urlTemplate":"https:\/\/jornalfatosenoticias.com.br\/?s={search_term_string}"},"query-input":{"@type":"PropertyValueSpecification","valueRequired":true,"valueName":"search_term_string"}}],"inLanguage":"pt-BR"},{"@type":"Organization","@id":"https:\/\/jornalfatosenoticias.com.br\/#organization","name":"Jornal Fatos e Not\u00edcias","url":"https:\/\/jornalfatosenoticias.com.br\/","logo":{"@type":"ImageObject","inLanguage":"pt-BR","@id":"https:\/\/jornalfatosenoticias.com.br\/#\/schema\/logo\/image\/","url":"https:\/\/jornalfatosenoticias.com.br\/wp-content\/uploads\/2020\/02\/logo120.png","contentUrl":"https:\/\/jornalfatosenoticias.com.br\/wp-content\/uploads\/2020\/02\/logo120.png","width":1227,"height":120,"caption":"Jornal Fatos e Not\u00edcias"},"image":{"@id":"https:\/\/jornalfatosenoticias.com.br\/#\/schema\/logo\/image\/"}},{"@type":"Person","@id":"https:\/\/jornalfatosenoticias.com.br\/#\/schema\/person\/d63837fa13ac8666eb9e74e0985d6f81","name":"Luzimara Fernandes","image":{"@type":"ImageObject","inLanguage":"pt-BR","@id":"https:\/\/jornalfatosenoticias.com.br\/#\/schema\/person\/image\/","url":"https:\/\/jornalfatosenoticias.com.br\/wp-content\/uploads\/2025\/05\/EU_portal.jpg","contentUrl":"https:\/\/jornalfatosenoticias.com.br\/wp-content\/uploads\/2025\/05\/EU_portal.jpg","caption":"Luzimara Fernandes"},"description":"Jornalista MTB 2358-ES","sameAs":["https:\/\/jornalfatosenoticias.com.br"],"url":"https:\/\/jornalfatosenoticias.com.br\/index.php\/author\/luzimara\/"}]}},"cc_featured_image_caption":{"caption_text":"(Foto: Leonardo Magalh\u00e3es\/Ideflor-bio) ","source_text":"","source_url":""},"jetpack_featured_media_url":"https:\/\/jornalfatosenoticias.com.br\/wp-content\/uploads\/2020\/09\/Ararajuba-Guaruba-guarouba-Leonardo-Magalhaes.jpg","_links":{"self":[{"href":"https:\/\/jornalfatosenoticias.com.br\/index.php\/wp-json\/wp\/v2\/posts\/8801","targetHints":{"allow":["GET"]}}],"collection":[{"href":"https:\/\/jornalfatosenoticias.com.br\/index.php\/wp-json\/wp\/v2\/posts"}],"about":[{"href":"https:\/\/jornalfatosenoticias.com.br\/index.php\/wp-json\/wp\/v2\/types\/post"}],"author":[{"embeddable":true,"href":"https:\/\/jornalfatosenoticias.com.br\/index.php\/wp-json\/wp\/v2\/users\/2"}],"replies":[{"embeddable":true,"href":"https:\/\/jornalfatosenoticias.com.br\/index.php\/wp-json\/wp\/v2\/comments?post=8801"}],"version-history":[{"count":0,"href":"https:\/\/jornalfatosenoticias.com.br\/index.php\/wp-json\/wp\/v2\/posts\/8801\/revisions"}],"wp:featuredmedia":[{"embeddable":true,"href":"https:\/\/jornalfatosenoticias.com.br\/index.php\/wp-json\/wp\/v2\/media\/8802"}],"wp:attachment":[{"href":"https:\/\/jornalfatosenoticias.com.br\/index.php\/wp-json\/wp\/v2\/media?parent=8801"}],"wp:term":[{"taxonomy":"category","embeddable":true,"href":"https:\/\/jornalfatosenoticias.com.br\/index.php\/wp-json\/wp\/v2\/categories?post=8801"},{"taxonomy":"post_tag","embeddable":true,"href":"https:\/\/jornalfatosenoticias.com.br\/index.php\/wp-json\/wp\/v2\/tags?post=8801"}],"curies":[{"name":"wp","href":"https:\/\/api.w.org\/{rel}","templated":true}]}}