{"id":8815,"date":"2020-09-11T09:16:49","date_gmt":"2020-09-11T12:16:49","guid":{"rendered":"https:\/\/jornalfatosenoticias.com.br\/?p=8815"},"modified":"2020-09-11T09:16:54","modified_gmt":"2020-09-11T12:16:54","slug":"as-principais-tendencias-da-educacao-no-futuro","status":"publish","type":"post","link":"https:\/\/jornalfatosenoticias.com.br\/index.php\/2020\/09\/11\/as-principais-tendencias-da-educacao-no-futuro\/","title":{"rendered":"As principais tend\u00eancias da educa\u00e7\u00e3o no futuro"},"content":{"rendered":"\n<p>O futuro da educa\u00e7\u00e3o j\u00e1 come\u00e7ou a ser desenhado e ser\u00e1 capaz de proporcionar ao estudante uma forma\u00e7\u00e3o muito mais completa, que desenvolva n\u00e3o s\u00f3 compet\u00eancias nas \u00e1reas do conhecimento, mas, tamb\u00e9m, a rela\u00e7\u00e3o produtiva com a tecnologia e os aspectos psicoemocionais, sociais e \u00e9ticos indispens\u00e1veis na atualidade.<br>A primeira delas \u00e9 a gamifica\u00e7\u00e3o, que consiste na explora\u00e7\u00e3o de jogos para acabar com a vis\u00e3o de ensino engessado e met\u00f3dico, tornando o aprendizado mais leve, divertido e contextualizado. Algo que \u00e9 ideal para alunos que est\u00e3o em uma fase de vida movimentada, cheia de informa\u00e7\u00f5es e bastante conectada.<br>Dessa forma, fica mais f\u00e1cil transmitir conhecimentos, auxiliar a assimila\u00e7\u00e3o de novos saberes, e discutir exemplos fict\u00edcios e reais. De quebra, estimula tanto a intera\u00e7\u00e3o entre alunos e professores, quanto o interesse do seu filho em continuar aprendendo, mesmo fora da escola.<br>Outra tend\u00eancia do futuro da educa\u00e7\u00e3o s\u00e3o as salas de aula virtuais, ou seja, plataformas online nas quais os alunos podem acompanhar o conte\u00fado de cada mat\u00e9ria de forma remota e com a possibilidade de assistir \u00e0s aulas quantas vezes desejar.<br>As salas de aula virtuais podem ser acessadas quando os alunos tiverem d\u00favidas, quiserem estudar a fundo os assuntos ministrados pelos professores ou decidirem fazer resumos para as avalia\u00e7\u00f5es de cada etapa. Afinal, tal recurso permanece sempre dispon\u00edvel no sistema e ainda traz indica\u00e7\u00f5es de materiais did\u00e1ticos, com o objetivo de facilitar o aprendizado.<br>J\u00e1 a intelig\u00eancia artificial na educa\u00e7\u00e3o busca aproximar os estudantes da atual realidade tecnol\u00f3gica dispon\u00edvel na sociedade. Isso permite n\u00e3o s\u00f3 a familiariza\u00e7\u00e3o e o uso otimizado de aparelhos, programas, softwares e recursos digitais no estudo das diferentes \u00e1reas de conhecimento, mas a compreens\u00e3o do processo de cria\u00e7\u00e3o, desenvolvimento e funcionamento desses aparatos.<br>Al\u00e9m disso, com o acesso a esses equipamentos em sala de aula, o estudante tem como complementar o conte\u00fado dado pelo professor por meio de pesquisas, da visualiza\u00e7\u00e3o de material audiovisual e de experi\u00eancias virtuais (como a realidade aumentada).<br>A aprendizagem colaborativa envolve muito do que falamos sobre a autonomia do estudante no ambiente educacional. Isso porque ele n\u00e3o fica apenas sentado na carteira esperando o professor dar a mat\u00e9ria de maneira expositiva e, no fim, passar exerc\u00edcios. Ao contr\u00e1rio, ele \u00e9 chamado a participar e se envolver intensamente com o conte\u00fado.<br>Para isso, s\u00e3o promovidos debates, reflex\u00f5es, investiga\u00e7\u00f5es, pesquisas, leituras em grupo e muitas outras atividades que permitem uma imers\u00e3o dos estudantes no assunto a ser estudado. Consequentemente, garante aos alunos o desenvolvimento de uma maior capacidade cr\u00edtica para analisar os conte\u00fados, levantar pontos de vista diferentes, pensar em alternativas para a sua aplica\u00e7\u00e3o na atualidade etc.<\/p>\n\n\n\n<figure class=\"wp-block-image size-large\"><img loading=\"lazy\" decoding=\"async\" width=\"980\" height=\"653\" src=\"https:\/\/jornalfatosenoticias.com.br\/wp-content\/uploads\/2020\/09\/futuro-da-educacao.jpg\" alt=\"\" class=\"wp-image-8817\" srcset=\"https:\/\/jornalfatosenoticias.com.br\/wp-content\/uploads\/2020\/09\/futuro-da-educacao.jpg 980w, https:\/\/jornalfatosenoticias.com.br\/wp-content\/uploads\/2020\/09\/futuro-da-educacao-300x200.jpg 300w, https:\/\/jornalfatosenoticias.com.br\/wp-content\/uploads\/2020\/09\/futuro-da-educacao-768x512.jpg 768w\" sizes=\"auto, (max-width: 980px) 100vw, 980px\" \/><figcaption><em>O desenvolvimento de aplicativos \u00e9 tido como uma das profiss\u00f5es do futuro (Foto: \u00a9iStock)<\/em><\/figcaption><\/figure>\n\n\n\n<p>Outro exemplo de tecnologia na educa\u00e7\u00e3o \u00e9 o uso da rob\u00f3tica no contexto escolar, que complementa as aulas te\u00f3ricas e auxilia o ensino de conte\u00fados pr\u00e1ticos. Al\u00e9m disso, ela permite que os alunos fa\u00e7am experimentos para testar os pr\u00f3prios conhecimentos e, assim, possam entender, de forma din\u00e2mica e interativa, como as ci\u00eancias s\u00e3o capazes de desenvolver produtos e aparatos eletr\u00f4nicos que facilitam o nosso dia a dia.<br>Vale mencionar que as aulas com rob\u00f3tica ainda agu\u00e7am a curiosidade e a imagina\u00e7\u00e3o, al\u00e9m de estimularem o interesse pelas mat\u00e9rias exatas, como matem\u00e1tica, f\u00edsica e qu\u00edmica.<\/p>\n\n\n\n<p><em><strong>Fonte: <a href=\"https:\/\/catracalivre.com.br\/educacao\/conheca-as-principais-tendencias-da-educacao-no-futuro\/\">Catraca Livre<\/a><\/strong><\/em><\/p>\n","protected":false},"excerpt":{"rendered":"<p>O futuro da educa\u00e7\u00e3o j\u00e1 come\u00e7ou a ser desenhado e ser\u00e1 capaz de proporcionar ao estudante uma forma\u00e7\u00e3o muito mais completa, que desenvolva n\u00e3o s\u00f3 compet\u00eancias nas \u00e1reas do conhecimento, mas, tamb\u00e9m, a rela\u00e7\u00e3o produtiva com a tecnologia e os aspectos psicoemocionais, sociais e \u00e9ticos indispens\u00e1veis na atualidade.A primeira delas \u00e9 a gamifica\u00e7\u00e3o, que consiste [&hellip;]<\/p>\n","protected":false},"author":2,"featured_media":8816,"comment_status":"open","ping_status":"open","sticky":false,"template":"","format":"standard","meta":{"footnotes":""},"categories":[7],"tags":[4874,53,4873],"class_list":["post-8815","post","type-post","status-publish","format-standard","has-post-thumbnail","hentry","category-educacao","tag-futuro-da-educacao","tag-inteligencia-artificial","tag-tendencias-educacionais"],"yoast_head":"<!-- This site is optimized with the Yoast SEO plugin v26.5 - https:\/\/yoast.com\/wordpress\/plugins\/seo\/ -->\n<title>As principais tend\u00eancias da educa\u00e7\u00e3o no futuro - Jornal Fatos e Not\u00edcias<\/title>\n<meta name=\"robots\" content=\"index, follow, max-snippet:-1, max-image-preview:large, max-video-preview:-1\" \/>\n<link rel=\"canonical\" href=\"https:\/\/jornalfatosenoticias.com.br\/index.php\/2020\/09\/11\/as-principais-tendencias-da-educacao-no-futuro\/\" \/>\n<meta property=\"og:locale\" content=\"pt_BR\" \/>\n<meta property=\"og:type\" content=\"article\" \/>\n<meta property=\"og:title\" content=\"As principais tend\u00eancias da educa\u00e7\u00e3o no futuro - Jornal Fatos e Not\u00edcias\" \/>\n<meta property=\"og:description\" content=\"O futuro da educa\u00e7\u00e3o j\u00e1 come\u00e7ou a ser desenhado e ser\u00e1 capaz de proporcionar ao estudante uma forma\u00e7\u00e3o muito mais completa, que desenvolva n\u00e3o s\u00f3 compet\u00eancias nas \u00e1reas do conhecimento, mas, tamb\u00e9m, a rela\u00e7\u00e3o produtiva com a tecnologia e os aspectos psicoemocionais, sociais e \u00e9ticos indispens\u00e1veis na atualidade.A primeira delas \u00e9 a gamifica\u00e7\u00e3o, que consiste [&hellip;]\" \/>\n<meta property=\"og:url\" content=\"https:\/\/jornalfatosenoticias.com.br\/index.php\/2020\/09\/11\/as-principais-tendencias-da-educacao-no-futuro\/\" \/>\n<meta property=\"og:site_name\" content=\"Jornal Fatos e Not\u00edcias\" \/>\n<meta property=\"article:published_time\" content=\"2020-09-11T12:16:49+00:00\" \/>\n<meta property=\"article:modified_time\" content=\"2020-09-11T12:16:54+00:00\" \/>\n<meta property=\"og:image\" content=\"https:\/\/jornalfatosenoticias.com.br\/wp-content\/uploads\/2020\/09\/educacao-futuro.jpg\" \/>\n\t<meta property=\"og:image:width\" content=\"1000\" \/>\n\t<meta property=\"og:image:height\" content=\"563\" \/>\n\t<meta property=\"og:image:type\" content=\"image\/jpeg\" \/>\n<meta name=\"author\" content=\"Luzimara Fernandes\" \/>\n<meta name=\"twitter:card\" content=\"summary_large_image\" \/>\n<meta name=\"twitter:label1\" content=\"Escrito por\" \/>\n\t<meta name=\"twitter:data1\" content=\"Luzimara Fernandes\" \/>\n\t<meta name=\"twitter:label2\" content=\"Est. tempo de leitura\" \/>\n\t<meta name=\"twitter:data2\" content=\"3 minutos\" \/>\n<script type=\"application\/ld+json\" class=\"yoast-schema-graph\">{\"@context\":\"https:\/\/schema.org\",\"@graph\":[{\"@type\":\"Article\",\"@id\":\"https:\/\/jornalfatosenoticias.com.br\/index.php\/2020\/09\/11\/as-principais-tendencias-da-educacao-no-futuro\/#article\",\"isPartOf\":{\"@id\":\"https:\/\/jornalfatosenoticias.com.br\/index.php\/2020\/09\/11\/as-principais-tendencias-da-educacao-no-futuro\/\"},\"author\":{\"name\":\"Luzimara Fernandes\",\"@id\":\"https:\/\/jornalfatosenoticias.com.br\/#\/schema\/person\/d63837fa13ac8666eb9e74e0985d6f81\"},\"headline\":\"As principais tend\u00eancias da educa\u00e7\u00e3o no futuro\",\"datePublished\":\"2020-09-11T12:16:49+00:00\",\"dateModified\":\"2020-09-11T12:16:54+00:00\",\"mainEntityOfPage\":{\"@id\":\"https:\/\/jornalfatosenoticias.com.br\/index.php\/2020\/09\/11\/as-principais-tendencias-da-educacao-no-futuro\/\"},\"wordCount\":624,\"commentCount\":0,\"publisher\":{\"@id\":\"https:\/\/jornalfatosenoticias.com.br\/#organization\"},\"image\":{\"@id\":\"https:\/\/jornalfatosenoticias.com.br\/index.php\/2020\/09\/11\/as-principais-tendencias-da-educacao-no-futuro\/#primaryimage\"},\"thumbnailUrl\":\"https:\/\/jornalfatosenoticias.com.br\/wp-content\/uploads\/2020\/09\/educacao-futuro.jpg\",\"keywords\":[\"futuro da educa\u00e7\u00e3o\",\"intelig\u00eancia artificial\",\"tend\u00eancias educacionais\"],\"articleSection\":[\"Educa\u00e7\u00e3o\"],\"inLanguage\":\"pt-BR\",\"potentialAction\":[{\"@type\":\"CommentAction\",\"name\":\"Comment\",\"target\":[\"https:\/\/jornalfatosenoticias.com.br\/index.php\/2020\/09\/11\/as-principais-tendencias-da-educacao-no-futuro\/#respond\"]}]},{\"@type\":\"WebPage\",\"@id\":\"https:\/\/jornalfatosenoticias.com.br\/index.php\/2020\/09\/11\/as-principais-tendencias-da-educacao-no-futuro\/\",\"url\":\"https:\/\/jornalfatosenoticias.com.br\/index.php\/2020\/09\/11\/as-principais-tendencias-da-educacao-no-futuro\/\",\"name\":\"As principais tend\u00eancias da educa\u00e7\u00e3o no futuro - Jornal Fatos e Not\u00edcias\",\"isPartOf\":{\"@id\":\"https:\/\/jornalfatosenoticias.com.br\/#website\"},\"primaryImageOfPage\":{\"@id\":\"https:\/\/jornalfatosenoticias.com.br\/index.php\/2020\/09\/11\/as-principais-tendencias-da-educacao-no-futuro\/#primaryimage\"},\"image\":{\"@id\":\"https:\/\/jornalfatosenoticias.com.br\/index.php\/2020\/09\/11\/as-principais-tendencias-da-educacao-no-futuro\/#primaryimage\"},\"thumbnailUrl\":\"https:\/\/jornalfatosenoticias.com.br\/wp-content\/uploads\/2020\/09\/educacao-futuro.jpg\",\"datePublished\":\"2020-09-11T12:16:49+00:00\",\"dateModified\":\"2020-09-11T12:16:54+00:00\",\"breadcrumb\":{\"@id\":\"https:\/\/jornalfatosenoticias.com.br\/index.php\/2020\/09\/11\/as-principais-tendencias-da-educacao-no-futuro\/#breadcrumb\"},\"inLanguage\":\"pt-BR\",\"potentialAction\":[{\"@type\":\"ReadAction\",\"target\":[\"https:\/\/jornalfatosenoticias.com.br\/index.php\/2020\/09\/11\/as-principais-tendencias-da-educacao-no-futuro\/\"]}]},{\"@type\":\"ImageObject\",\"inLanguage\":\"pt-BR\",\"@id\":\"https:\/\/jornalfatosenoticias.com.br\/index.php\/2020\/09\/11\/as-principais-tendencias-da-educacao-no-futuro\/#primaryimage\",\"url\":\"https:\/\/jornalfatosenoticias.com.br\/wp-content\/uploads\/2020\/09\/educacao-futuro.jpg\",\"contentUrl\":\"https:\/\/jornalfatosenoticias.com.br\/wp-content\/uploads\/2020\/09\/educacao-futuro.jpg\",\"width\":1000,\"height\":563},{\"@type\":\"BreadcrumbList\",\"@id\":\"https:\/\/jornalfatosenoticias.com.br\/index.php\/2020\/09\/11\/as-principais-tendencias-da-educacao-no-futuro\/#breadcrumb\",\"itemListElement\":[{\"@type\":\"ListItem\",\"position\":1,\"name\":\"In\u00edcio\",\"item\":\"https:\/\/jornalfatosenoticias.com.br\/\"},{\"@type\":\"ListItem\",\"position\":2,\"name\":\"As principais tend\u00eancias da educa\u00e7\u00e3o no futuro\"}]},{\"@type\":\"WebSite\",\"@id\":\"https:\/\/jornalfatosenoticias.com.br\/#website\",\"url\":\"https:\/\/jornalfatosenoticias.com.br\/\",\"name\":\"Jornal Fatos e Not\u00edcias\",\"description\":\"Not\u00edcias em geral\",\"publisher\":{\"@id\":\"https:\/\/jornalfatosenoticias.com.br\/#organization\"},\"potentialAction\":[{\"@type\":\"SearchAction\",\"target\":{\"@type\":\"EntryPoint\",\"urlTemplate\":\"https:\/\/jornalfatosenoticias.com.br\/?s={search_term_string}\"},\"query-input\":{\"@type\":\"PropertyValueSpecification\",\"valueRequired\":true,\"valueName\":\"search_term_string\"}}],\"inLanguage\":\"pt-BR\"},{\"@type\":\"Organization\",\"@id\":\"https:\/\/jornalfatosenoticias.com.br\/#organization\",\"name\":\"Jornal Fatos e Not\u00edcias\",\"url\":\"https:\/\/jornalfatosenoticias.com.br\/\",\"logo\":{\"@type\":\"ImageObject\",\"inLanguage\":\"pt-BR\",\"@id\":\"https:\/\/jornalfatosenoticias.com.br\/#\/schema\/logo\/image\/\",\"url\":\"https:\/\/jornalfatosenoticias.com.br\/wp-content\/uploads\/2020\/02\/logo120.png\",\"contentUrl\":\"https:\/\/jornalfatosenoticias.com.br\/wp-content\/uploads\/2020\/02\/logo120.png\",\"width\":1227,\"height\":120,\"caption\":\"Jornal Fatos e Not\u00edcias\"},\"image\":{\"@id\":\"https:\/\/jornalfatosenoticias.com.br\/#\/schema\/logo\/image\/\"}},{\"@type\":\"Person\",\"@id\":\"https:\/\/jornalfatosenoticias.com.br\/#\/schema\/person\/d63837fa13ac8666eb9e74e0985d6f81\",\"name\":\"Luzimara Fernandes\",\"image\":{\"@type\":\"ImageObject\",\"inLanguage\":\"pt-BR\",\"@id\":\"https:\/\/jornalfatosenoticias.com.br\/#\/schema\/person\/image\/\",\"url\":\"https:\/\/jornalfatosenoticias.com.br\/wp-content\/uploads\/2025\/05\/EU_portal.jpg\",\"contentUrl\":\"https:\/\/jornalfatosenoticias.com.br\/wp-content\/uploads\/2025\/05\/EU_portal.jpg\",\"caption\":\"Luzimara Fernandes\"},\"description\":\"Jornalista MTB 2358-ES\",\"sameAs\":[\"https:\/\/jornalfatosenoticias.com.br\"],\"url\":\"https:\/\/jornalfatosenoticias.com.br\/index.php\/author\/luzimara\/\"}]}<\/script>\n<!-- \/ Yoast SEO plugin. -->","yoast_head_json":{"title":"As principais tend\u00eancias da educa\u00e7\u00e3o no futuro - Jornal Fatos e Not\u00edcias","robots":{"index":"index","follow":"follow","max-snippet":"max-snippet:-1","max-image-preview":"max-image-preview:large","max-video-preview":"max-video-preview:-1"},"canonical":"https:\/\/jornalfatosenoticias.com.br\/index.php\/2020\/09\/11\/as-principais-tendencias-da-educacao-no-futuro\/","og_locale":"pt_BR","og_type":"article","og_title":"As principais tend\u00eancias da educa\u00e7\u00e3o no futuro - Jornal Fatos e Not\u00edcias","og_description":"O futuro da educa\u00e7\u00e3o j\u00e1 come\u00e7ou a ser desenhado e ser\u00e1 capaz de proporcionar ao estudante uma forma\u00e7\u00e3o muito mais completa, que desenvolva n\u00e3o s\u00f3 compet\u00eancias nas \u00e1reas do conhecimento, mas, tamb\u00e9m, a rela\u00e7\u00e3o produtiva com a tecnologia e os aspectos psicoemocionais, sociais e \u00e9ticos indispens\u00e1veis na atualidade.A primeira delas \u00e9 a gamifica\u00e7\u00e3o, que consiste [&hellip;]","og_url":"https:\/\/jornalfatosenoticias.com.br\/index.php\/2020\/09\/11\/as-principais-tendencias-da-educacao-no-futuro\/","og_site_name":"Jornal Fatos e Not\u00edcias","article_published_time":"2020-09-11T12:16:49+00:00","article_modified_time":"2020-09-11T12:16:54+00:00","og_image":[{"width":1000,"height":563,"url":"https:\/\/jornalfatosenoticias.com.br\/wp-content\/uploads\/2020\/09\/educacao-futuro.jpg","type":"image\/jpeg"}],"author":"Luzimara Fernandes","twitter_card":"summary_large_image","twitter_misc":{"Escrito por":"Luzimara Fernandes","Est. tempo de leitura":"3 minutos"},"schema":{"@context":"https:\/\/schema.org","@graph":[{"@type":"Article","@id":"https:\/\/jornalfatosenoticias.com.br\/index.php\/2020\/09\/11\/as-principais-tendencias-da-educacao-no-futuro\/#article","isPartOf":{"@id":"https:\/\/jornalfatosenoticias.com.br\/index.php\/2020\/09\/11\/as-principais-tendencias-da-educacao-no-futuro\/"},"author":{"name":"Luzimara Fernandes","@id":"https:\/\/jornalfatosenoticias.com.br\/#\/schema\/person\/d63837fa13ac8666eb9e74e0985d6f81"},"headline":"As principais tend\u00eancias da educa\u00e7\u00e3o no futuro","datePublished":"2020-09-11T12:16:49+00:00","dateModified":"2020-09-11T12:16:54+00:00","mainEntityOfPage":{"@id":"https:\/\/jornalfatosenoticias.com.br\/index.php\/2020\/09\/11\/as-principais-tendencias-da-educacao-no-futuro\/"},"wordCount":624,"commentCount":0,"publisher":{"@id":"https:\/\/jornalfatosenoticias.com.br\/#organization"},"image":{"@id":"https:\/\/jornalfatosenoticias.com.br\/index.php\/2020\/09\/11\/as-principais-tendencias-da-educacao-no-futuro\/#primaryimage"},"thumbnailUrl":"https:\/\/jornalfatosenoticias.com.br\/wp-content\/uploads\/2020\/09\/educacao-futuro.jpg","keywords":["futuro da educa\u00e7\u00e3o","intelig\u00eancia artificial","tend\u00eancias educacionais"],"articleSection":["Educa\u00e7\u00e3o"],"inLanguage":"pt-BR","potentialAction":[{"@type":"CommentAction","name":"Comment","target":["https:\/\/jornalfatosenoticias.com.br\/index.php\/2020\/09\/11\/as-principais-tendencias-da-educacao-no-futuro\/#respond"]}]},{"@type":"WebPage","@id":"https:\/\/jornalfatosenoticias.com.br\/index.php\/2020\/09\/11\/as-principais-tendencias-da-educacao-no-futuro\/","url":"https:\/\/jornalfatosenoticias.com.br\/index.php\/2020\/09\/11\/as-principais-tendencias-da-educacao-no-futuro\/","name":"As principais tend\u00eancias da educa\u00e7\u00e3o no futuro - Jornal Fatos e Not\u00edcias","isPartOf":{"@id":"https:\/\/jornalfatosenoticias.com.br\/#website"},"primaryImageOfPage":{"@id":"https:\/\/jornalfatosenoticias.com.br\/index.php\/2020\/09\/11\/as-principais-tendencias-da-educacao-no-futuro\/#primaryimage"},"image":{"@id":"https:\/\/jornalfatosenoticias.com.br\/index.php\/2020\/09\/11\/as-principais-tendencias-da-educacao-no-futuro\/#primaryimage"},"thumbnailUrl":"https:\/\/jornalfatosenoticias.com.br\/wp-content\/uploads\/2020\/09\/educacao-futuro.jpg","datePublished":"2020-09-11T12:16:49+00:00","dateModified":"2020-09-11T12:16:54+00:00","breadcrumb":{"@id":"https:\/\/jornalfatosenoticias.com.br\/index.php\/2020\/09\/11\/as-principais-tendencias-da-educacao-no-futuro\/#breadcrumb"},"inLanguage":"pt-BR","potentialAction":[{"@type":"ReadAction","target":["https:\/\/jornalfatosenoticias.com.br\/index.php\/2020\/09\/11\/as-principais-tendencias-da-educacao-no-futuro\/"]}]},{"@type":"ImageObject","inLanguage":"pt-BR","@id":"https:\/\/jornalfatosenoticias.com.br\/index.php\/2020\/09\/11\/as-principais-tendencias-da-educacao-no-futuro\/#primaryimage","url":"https:\/\/jornalfatosenoticias.com.br\/wp-content\/uploads\/2020\/09\/educacao-futuro.jpg","contentUrl":"https:\/\/jornalfatosenoticias.com.br\/wp-content\/uploads\/2020\/09\/educacao-futuro.jpg","width":1000,"height":563},{"@type":"BreadcrumbList","@id":"https:\/\/jornalfatosenoticias.com.br\/index.php\/2020\/09\/11\/as-principais-tendencias-da-educacao-no-futuro\/#breadcrumb","itemListElement":[{"@type":"ListItem","position":1,"name":"In\u00edcio","item":"https:\/\/jornalfatosenoticias.com.br\/"},{"@type":"ListItem","position":2,"name":"As principais tend\u00eancias da educa\u00e7\u00e3o no futuro"}]},{"@type":"WebSite","@id":"https:\/\/jornalfatosenoticias.com.br\/#website","url":"https:\/\/jornalfatosenoticias.com.br\/","name":"Jornal Fatos e Not\u00edcias","description":"Not\u00edcias em geral","publisher":{"@id":"https:\/\/jornalfatosenoticias.com.br\/#organization"},"potentialAction":[{"@type":"SearchAction","target":{"@type":"EntryPoint","urlTemplate":"https:\/\/jornalfatosenoticias.com.br\/?s={search_term_string}"},"query-input":{"@type":"PropertyValueSpecification","valueRequired":true,"valueName":"search_term_string"}}],"inLanguage":"pt-BR"},{"@type":"Organization","@id":"https:\/\/jornalfatosenoticias.com.br\/#organization","name":"Jornal Fatos e Not\u00edcias","url":"https:\/\/jornalfatosenoticias.com.br\/","logo":{"@type":"ImageObject","inLanguage":"pt-BR","@id":"https:\/\/jornalfatosenoticias.com.br\/#\/schema\/logo\/image\/","url":"https:\/\/jornalfatosenoticias.com.br\/wp-content\/uploads\/2020\/02\/logo120.png","contentUrl":"https:\/\/jornalfatosenoticias.com.br\/wp-content\/uploads\/2020\/02\/logo120.png","width":1227,"height":120,"caption":"Jornal Fatos e Not\u00edcias"},"image":{"@id":"https:\/\/jornalfatosenoticias.com.br\/#\/schema\/logo\/image\/"}},{"@type":"Person","@id":"https:\/\/jornalfatosenoticias.com.br\/#\/schema\/person\/d63837fa13ac8666eb9e74e0985d6f81","name":"Luzimara Fernandes","image":{"@type":"ImageObject","inLanguage":"pt-BR","@id":"https:\/\/jornalfatosenoticias.com.br\/#\/schema\/person\/image\/","url":"https:\/\/jornalfatosenoticias.com.br\/wp-content\/uploads\/2025\/05\/EU_portal.jpg","contentUrl":"https:\/\/jornalfatosenoticias.com.br\/wp-content\/uploads\/2025\/05\/EU_portal.jpg","caption":"Luzimara Fernandes"},"description":"Jornalista MTB 2358-ES","sameAs":["https:\/\/jornalfatosenoticias.com.br"],"url":"https:\/\/jornalfatosenoticias.com.br\/index.php\/author\/luzimara\/"}]}},"cc_featured_image_caption":{"caption_text":"(Foto: \u00a9iStock) ","source_text":"","source_url":""},"jetpack_featured_media_url":"https:\/\/jornalfatosenoticias.com.br\/wp-content\/uploads\/2020\/09\/educacao-futuro.jpg","_links":{"self":[{"href":"https:\/\/jornalfatosenoticias.com.br\/index.php\/wp-json\/wp\/v2\/posts\/8815","targetHints":{"allow":["GET"]}}],"collection":[{"href":"https:\/\/jornalfatosenoticias.com.br\/index.php\/wp-json\/wp\/v2\/posts"}],"about":[{"href":"https:\/\/jornalfatosenoticias.com.br\/index.php\/wp-json\/wp\/v2\/types\/post"}],"author":[{"embeddable":true,"href":"https:\/\/jornalfatosenoticias.com.br\/index.php\/wp-json\/wp\/v2\/users\/2"}],"replies":[{"embeddable":true,"href":"https:\/\/jornalfatosenoticias.com.br\/index.php\/wp-json\/wp\/v2\/comments?post=8815"}],"version-history":[{"count":0,"href":"https:\/\/jornalfatosenoticias.com.br\/index.php\/wp-json\/wp\/v2\/posts\/8815\/revisions"}],"wp:featuredmedia":[{"embeddable":true,"href":"https:\/\/jornalfatosenoticias.com.br\/index.php\/wp-json\/wp\/v2\/media\/8816"}],"wp:attachment":[{"href":"https:\/\/jornalfatosenoticias.com.br\/index.php\/wp-json\/wp\/v2\/media?parent=8815"}],"wp:term":[{"taxonomy":"category","embeddable":true,"href":"https:\/\/jornalfatosenoticias.com.br\/index.php\/wp-json\/wp\/v2\/categories?post=8815"},{"taxonomy":"post_tag","embeddable":true,"href":"https:\/\/jornalfatosenoticias.com.br\/index.php\/wp-json\/wp\/v2\/tags?post=8815"}],"curies":[{"name":"wp","href":"https:\/\/api.w.org\/{rel}","templated":true}]}}