{"id":8853,"date":"2020-09-14T11:35:43","date_gmt":"2020-09-14T14:35:43","guid":{"rendered":"https:\/\/jornalfatosenoticias.com.br\/?p=8853"},"modified":"2020-09-14T11:35:48","modified_gmt":"2020-09-14T14:35:48","slug":"setembro-roxo-conheca-a-fibrose-cistica-a-doenca-do-beijo-salgado","status":"publish","type":"post","link":"https:\/\/jornalfatosenoticias.com.br\/index.php\/2020\/09\/14\/setembro-roxo-conheca-a-fibrose-cistica-a-doenca-do-beijo-salgado\/","title":{"rendered":"Setembro Roxo: conhe\u00e7a a fibrose c\u00edstica, a \u201cdoen\u00e7a do beijo salgado\u201d"},"content":{"rendered":"\n<h6 class=\"wp-block-heading\"><em>Entenda quais s\u00e3o as causas, sintomas e tratamentos desta doen\u00e7a rara que acomete um a cada 10 mil rec\u00e9m-nascidos no Pa\u00eds e pode ser diagnosticada pelo teste do pezinho<\/em><\/h6>\n\n\n\n<p>No Brasil, setembro foi escolhido como o m\u00eas de conscientiza\u00e7\u00e3o da fibrose c\u00edstica. Com a campanha Setembro Roxo, que ocorre todos os anos desde 2014, o Unidos Pela vida \u2014 Instituto Brasileiro de Aten\u00e7\u00e3o \u00e0 Fibrose C\u00edstica chama a aten\u00e7\u00e3o para essa doen\u00e7a rara que acomete uma a cada 10 mil pessoas nascidas no Pa\u00eds. A fibrose c\u00edstica \u00e9 uma doen\u00e7a gen\u00e9tica que n\u00e3o tem cura. Detectada pelo teste do pezinho, n\u00e3o \u00e9 contagiosa.<br>Popularmente, ela \u00e9 conhecida por \u201cdoen\u00e7a do beijo salgado\u201d, por causa de um de seus sintomas, o sabor salgado mais acentuado no suor. Outros sintomas incluem tosse persistente, falta de f\u00f4lego, pouco ganho de peso e diarreia. \u201cQuanto antes o paciente receber o diagn\u00f3stico, mais r\u00e1pido pode realizar o tratamento e levar uma vida praticamente normal, dentro dos seus limites\u201d, explicou em um comunicado \u00e0 imprensa Ver\u00f4nica Stasiak Bednarczuk, diagnosticada com fibrose c\u00edstica aos 23 anos e diretora-geral e fundadora do Unidos pela Vida.<br>Em 2020, por causa da pandemia de covid-19, o mote da campanha \u00e9 \u201cA gente te entende\u201d, em alus\u00e3o aos cuidados de preven\u00e7\u00e3o ao coronav\u00edrus, que tamb\u00e9m s\u00e3o adotados por quem tem fibrose c\u00edstica.<br>\u201cO uso de \u00e1lcool em gel, m\u00e1scaras e o isolamento social s\u00e3o h\u00e1 muito tempo grandes aliados das pessoas com a fibrose c\u00edstica. S\u00e3o cuidados que tomamos desde que recebemos nosso diagn\u00f3stico, e que agora, com a pandemia, se tornaram comuns a toda a popula\u00e7\u00e3o\u201d, disse Bednarczuk.<br>O m\u00eas de setembro foi escolhido para a campanha por causa de duas datas. O dia 5 marca o Dia Nacional de Conscientiza\u00e7\u00e3o e Divulga\u00e7\u00e3o da doen\u00e7a. J\u00e1 8 de setembro \u00e9 o Dia Mundial da Fibrose C\u00edstica, data em que foi publicada na Revista Science a descoberta do gene causador da doen\u00e7a, em 1989. Conhe\u00e7a mais.<\/p>\n\n\n\n<h4 class=\"wp-block-heading\">Causas<\/h4>\n\n\n\n<p>A doen\u00e7a \u00e9 causada por um defeito no gene respons\u00e1vel pela prote\u00edna CFTR. \u00c9 recessiva, portanto, deve ser herdada tanto do pai quanto da m\u00e3e. E acomete homens e mulheres na mesma propor\u00e7\u00e3o.<\/p>\n\n\n\n<h4 class=\"wp-block-heading\">Como age<\/h4>\n\n\n\n<p>A prote\u00edna CFTR fica na membrana das c\u00e9lulas epiteliais (que revestem superf\u00edcies e secretam subst\u00e2ncias) e \u00e9 respons\u00e1vel por controlar a passagem do \u00edon cloreto. Assim, a disfun\u00e7\u00e3o provoca um ac\u00famulo de cloreto dentro das c\u00e9lulas que comp\u00f5em a mucosa e as secre\u00e7\u00f5es corporais, tornando-as mais espessas. Isso atinge principalmente as vias respirat\u00f3rias, o suor e at\u00e9 mesmo o trato digestivo.<\/p>\n\n\n\n<h4 class=\"wp-block-heading\">Sintomas<\/h4>\n\n\n\n<p>Segundo o Minist\u00e9rio da Sa\u00fade, os sintomas mais comuns de fibrose c\u00edstica s\u00e3o: pele\/suor com sabor muito salgado; tosse persistente, muitas vezes com catarro; infec\u00e7\u00f5es pulmonares frequentes, como pneumonia e bronquite; chiados no peito ou falta de f\u00f4lego; baixo crescimento ou pouco ganho de peso, apesar de bom apetite; diarreia; surgimento de p\u00f3lipos nasais; baqueteamento digital (alongamento e arredondamento na ponta dos dedos).<\/p>\n\n\n\n<h4 class=\"wp-block-heading\">Diagn\u00f3stico<\/h4>\n\n\n\n<p>A fibrose c\u00edstica \u00e9 diagnosticada a partir do teste do pezinho, e confirmada ou descartada com o teste do suor, que mede os n\u00edveis de cloro na secre\u00e7\u00e3o. Este exame pode ser feito tamb\u00e9m em qualquer fase da vida. Outra maneira de diagnosticar a doen\u00e7a \u00e9 por exames gen\u00e9ticos.<\/p>\n\n\n\n<h4 class=\"wp-block-heading\">Tratamento<\/h4>\n\n\n\n<p>Embora n\u00e3o tenha cura, existe tratamento para a fibrose c\u00edstica. Ele inclui principalmente fisioterapia respirat\u00f3ria di\u00e1ria, com exerc\u00edcios para ajudar na expectora\u00e7\u00e3o e limpeza do pulm\u00e3o; atividade f\u00edsica para fortalecimento e aumento da capacidade respirat\u00f3ria; ingest\u00e3o de medicamentos, como enzimas pancre\u00e1ticas para absor\u00e7\u00e3o de gorduras e nutrientes, antibi\u00f3ticos e polivitam\u00ednicos; e inala\u00e7\u00e3o com mucol\u00edticos para facilitar a expectora\u00e7\u00e3o e limpeza do pulm\u00e3o.<\/p>\n\n\n\n<p><strong><em>Fonte: <a href=\"https:\/\/revistagalileu.globo.com\/Ciencia\/Saude\/noticia\/2020\/09\/setembro-roxo-conheca-fibrose-cistica-doenca-do-beijo-salgado.html\">Revista Galileu<\/a><\/em><\/strong><\/p>\n","protected":false},"excerpt":{"rendered":"<p>Entenda quais s\u00e3o as causas, sintomas e tratamentos desta doen\u00e7a rara que acomete um a cada 10 mil rec\u00e9m-nascidos no Pa\u00eds e pode ser diagnosticada pelo teste do pezinho No Brasil, setembro foi escolhido como o m\u00eas de conscientiza\u00e7\u00e3o da fibrose c\u00edstica. Com a campanha Setembro Roxo, que ocorre todos os anos desde 2014, o [&hellip;]<\/p>\n","protected":false},"author":2,"featured_media":8854,"comment_status":"open","ping_status":"open","sticky":false,"template":"","format":"standard","meta":{"footnotes":""},"categories":[11],"tags":[394,4890,4891,4892],"class_list":["post-8853","post","type-post","status-publish","format-standard","has-post-thumbnail","hentry","category-saude","tag-doenca","tag-fibrose-cistica","tag-setembro-roxo","tag-teste-do-pezinho"],"yoast_head":"<!-- This site is optimized with the Yoast SEO plugin v26.5 - https:\/\/yoast.com\/wordpress\/plugins\/seo\/ -->\n<title>Setembro Roxo: conhe\u00e7a a fibrose c\u00edstica, a \u201cdoen\u00e7a do beijo salgado\u201d - Jornal Fatos e Not\u00edcias<\/title>\n<meta name=\"robots\" content=\"index, follow, max-snippet:-1, max-image-preview:large, max-video-preview:-1\" \/>\n<link rel=\"canonical\" href=\"https:\/\/jornalfatosenoticias.com.br\/index.php\/2020\/09\/14\/setembro-roxo-conheca-a-fibrose-cistica-a-doenca-do-beijo-salgado\/\" \/>\n<meta property=\"og:locale\" content=\"pt_BR\" \/>\n<meta property=\"og:type\" content=\"article\" \/>\n<meta property=\"og:title\" content=\"Setembro Roxo: conhe\u00e7a a fibrose c\u00edstica, a \u201cdoen\u00e7a do beijo salgado\u201d - Jornal Fatos e Not\u00edcias\" \/>\n<meta property=\"og:description\" content=\"Entenda quais s\u00e3o as causas, sintomas e tratamentos desta doen\u00e7a rara que acomete um a cada 10 mil rec\u00e9m-nascidos no Pa\u00eds e pode ser diagnosticada pelo teste do pezinho No Brasil, setembro foi escolhido como o m\u00eas de conscientiza\u00e7\u00e3o da fibrose c\u00edstica. Com a campanha Setembro Roxo, que ocorre todos os anos desde 2014, o [&hellip;]\" \/>\n<meta property=\"og:url\" content=\"https:\/\/jornalfatosenoticias.com.br\/index.php\/2020\/09\/14\/setembro-roxo-conheca-a-fibrose-cistica-a-doenca-do-beijo-salgado\/\" \/>\n<meta property=\"og:site_name\" content=\"Jornal Fatos e Not\u00edcias\" \/>\n<meta property=\"article:published_time\" content=\"2020-09-14T14:35:43+00:00\" \/>\n<meta property=\"article:modified_time\" content=\"2020-09-14T14:35:48+00:00\" \/>\n<meta property=\"og:image\" content=\"https:\/\/jornalfatosenoticias.com.br\/wp-content\/uploads\/2020\/09\/pexels-pixabay-PEZINHO.jpg\" \/>\n\t<meta property=\"og:image:width\" content=\"1000\" \/>\n\t<meta property=\"og:image:height\" content=\"666\" \/>\n\t<meta property=\"og:image:type\" content=\"image\/jpeg\" \/>\n<meta name=\"author\" content=\"Luzimara Fernandes\" \/>\n<meta name=\"twitter:card\" content=\"summary_large_image\" \/>\n<meta name=\"twitter:label1\" content=\"Escrito por\" \/>\n\t<meta name=\"twitter:data1\" content=\"Luzimara Fernandes\" \/>\n\t<meta name=\"twitter:label2\" content=\"Est. tempo de leitura\" \/>\n\t<meta name=\"twitter:data2\" content=\"3 minutos\" \/>\n<script type=\"application\/ld+json\" class=\"yoast-schema-graph\">{\"@context\":\"https:\/\/schema.org\",\"@graph\":[{\"@type\":\"Article\",\"@id\":\"https:\/\/jornalfatosenoticias.com.br\/index.php\/2020\/09\/14\/setembro-roxo-conheca-a-fibrose-cistica-a-doenca-do-beijo-salgado\/#article\",\"isPartOf\":{\"@id\":\"https:\/\/jornalfatosenoticias.com.br\/index.php\/2020\/09\/14\/setembro-roxo-conheca-a-fibrose-cistica-a-doenca-do-beijo-salgado\/\"},\"author\":{\"name\":\"Luzimara Fernandes\",\"@id\":\"https:\/\/jornalfatosenoticias.com.br\/#\/schema\/person\/d63837fa13ac8666eb9e74e0985d6f81\"},\"headline\":\"Setembro Roxo: conhe\u00e7a a fibrose c\u00edstica, a \u201cdoen\u00e7a do beijo salgado\u201d\",\"datePublished\":\"2020-09-14T14:35:43+00:00\",\"dateModified\":\"2020-09-14T14:35:48+00:00\",\"mainEntityOfPage\":{\"@id\":\"https:\/\/jornalfatosenoticias.com.br\/index.php\/2020\/09\/14\/setembro-roxo-conheca-a-fibrose-cistica-a-doenca-do-beijo-salgado\/\"},\"wordCount\":686,\"commentCount\":0,\"publisher\":{\"@id\":\"https:\/\/jornalfatosenoticias.com.br\/#organization\"},\"image\":{\"@id\":\"https:\/\/jornalfatosenoticias.com.br\/index.php\/2020\/09\/14\/setembro-roxo-conheca-a-fibrose-cistica-a-doenca-do-beijo-salgado\/#primaryimage\"},\"thumbnailUrl\":\"https:\/\/jornalfatosenoticias.com.br\/wp-content\/uploads\/2020\/09\/pexels-pixabay-PEZINHO.jpg\",\"keywords\":[\"doen\u00e7a\",\"fibrose c\u00edstica\",\"Setembro Roxo\",\"teste do pezinho\"],\"articleSection\":[\"Sa\u00fade\"],\"inLanguage\":\"pt-BR\",\"potentialAction\":[{\"@type\":\"CommentAction\",\"name\":\"Comment\",\"target\":[\"https:\/\/jornalfatosenoticias.com.br\/index.php\/2020\/09\/14\/setembro-roxo-conheca-a-fibrose-cistica-a-doenca-do-beijo-salgado\/#respond\"]}]},{\"@type\":\"WebPage\",\"@id\":\"https:\/\/jornalfatosenoticias.com.br\/index.php\/2020\/09\/14\/setembro-roxo-conheca-a-fibrose-cistica-a-doenca-do-beijo-salgado\/\",\"url\":\"https:\/\/jornalfatosenoticias.com.br\/index.php\/2020\/09\/14\/setembro-roxo-conheca-a-fibrose-cistica-a-doenca-do-beijo-salgado\/\",\"name\":\"Setembro Roxo: conhe\u00e7a a fibrose c\u00edstica, a \u201cdoen\u00e7a do beijo salgado\u201d - Jornal Fatos e Not\u00edcias\",\"isPartOf\":{\"@id\":\"https:\/\/jornalfatosenoticias.com.br\/#website\"},\"primaryImageOfPage\":{\"@id\":\"https:\/\/jornalfatosenoticias.com.br\/index.php\/2020\/09\/14\/setembro-roxo-conheca-a-fibrose-cistica-a-doenca-do-beijo-salgado\/#primaryimage\"},\"image\":{\"@id\":\"https:\/\/jornalfatosenoticias.com.br\/index.php\/2020\/09\/14\/setembro-roxo-conheca-a-fibrose-cistica-a-doenca-do-beijo-salgado\/#primaryimage\"},\"thumbnailUrl\":\"https:\/\/jornalfatosenoticias.com.br\/wp-content\/uploads\/2020\/09\/pexels-pixabay-PEZINHO.jpg\",\"datePublished\":\"2020-09-14T14:35:43+00:00\",\"dateModified\":\"2020-09-14T14:35:48+00:00\",\"breadcrumb\":{\"@id\":\"https:\/\/jornalfatosenoticias.com.br\/index.php\/2020\/09\/14\/setembro-roxo-conheca-a-fibrose-cistica-a-doenca-do-beijo-salgado\/#breadcrumb\"},\"inLanguage\":\"pt-BR\",\"potentialAction\":[{\"@type\":\"ReadAction\",\"target\":[\"https:\/\/jornalfatosenoticias.com.br\/index.php\/2020\/09\/14\/setembro-roxo-conheca-a-fibrose-cistica-a-doenca-do-beijo-salgado\/\"]}]},{\"@type\":\"ImageObject\",\"inLanguage\":\"pt-BR\",\"@id\":\"https:\/\/jornalfatosenoticias.com.br\/index.php\/2020\/09\/14\/setembro-roxo-conheca-a-fibrose-cistica-a-doenca-do-beijo-salgado\/#primaryimage\",\"url\":\"https:\/\/jornalfatosenoticias.com.br\/wp-content\/uploads\/2020\/09\/pexels-pixabay-PEZINHO.jpg\",\"contentUrl\":\"https:\/\/jornalfatosenoticias.com.br\/wp-content\/uploads\/2020\/09\/pexels-pixabay-PEZINHO.jpg\",\"width\":1000,\"height\":666},{\"@type\":\"BreadcrumbList\",\"@id\":\"https:\/\/jornalfatosenoticias.com.br\/index.php\/2020\/09\/14\/setembro-roxo-conheca-a-fibrose-cistica-a-doenca-do-beijo-salgado\/#breadcrumb\",\"itemListElement\":[{\"@type\":\"ListItem\",\"position\":1,\"name\":\"In\u00edcio\",\"item\":\"https:\/\/jornalfatosenoticias.com.br\/\"},{\"@type\":\"ListItem\",\"position\":2,\"name\":\"Setembro Roxo: conhe\u00e7a a fibrose c\u00edstica, a \u201cdoen\u00e7a do beijo salgado\u201d\"}]},{\"@type\":\"WebSite\",\"@id\":\"https:\/\/jornalfatosenoticias.com.br\/#website\",\"url\":\"https:\/\/jornalfatosenoticias.com.br\/\",\"name\":\"Jornal Fatos e Not\u00edcias\",\"description\":\"Not\u00edcias em geral\",\"publisher\":{\"@id\":\"https:\/\/jornalfatosenoticias.com.br\/#organization\"},\"potentialAction\":[{\"@type\":\"SearchAction\",\"target\":{\"@type\":\"EntryPoint\",\"urlTemplate\":\"https:\/\/jornalfatosenoticias.com.br\/?s={search_term_string}\"},\"query-input\":{\"@type\":\"PropertyValueSpecification\",\"valueRequired\":true,\"valueName\":\"search_term_string\"}}],\"inLanguage\":\"pt-BR\"},{\"@type\":\"Organization\",\"@id\":\"https:\/\/jornalfatosenoticias.com.br\/#organization\",\"name\":\"Jornal Fatos e Not\u00edcias\",\"url\":\"https:\/\/jornalfatosenoticias.com.br\/\",\"logo\":{\"@type\":\"ImageObject\",\"inLanguage\":\"pt-BR\",\"@id\":\"https:\/\/jornalfatosenoticias.com.br\/#\/schema\/logo\/image\/\",\"url\":\"https:\/\/jornalfatosenoticias.com.br\/wp-content\/uploads\/2020\/02\/logo120.png\",\"contentUrl\":\"https:\/\/jornalfatosenoticias.com.br\/wp-content\/uploads\/2020\/02\/logo120.png\",\"width\":1227,\"height\":120,\"caption\":\"Jornal Fatos e Not\u00edcias\"},\"image\":{\"@id\":\"https:\/\/jornalfatosenoticias.com.br\/#\/schema\/logo\/image\/\"}},{\"@type\":\"Person\",\"@id\":\"https:\/\/jornalfatosenoticias.com.br\/#\/schema\/person\/d63837fa13ac8666eb9e74e0985d6f81\",\"name\":\"Luzimara Fernandes\",\"image\":{\"@type\":\"ImageObject\",\"inLanguage\":\"pt-BR\",\"@id\":\"https:\/\/jornalfatosenoticias.com.br\/#\/schema\/person\/image\/\",\"url\":\"https:\/\/jornalfatosenoticias.com.br\/wp-content\/uploads\/2025\/05\/EU_portal.jpg\",\"contentUrl\":\"https:\/\/jornalfatosenoticias.com.br\/wp-content\/uploads\/2025\/05\/EU_portal.jpg\",\"caption\":\"Luzimara Fernandes\"},\"description\":\"Jornalista MTB 2358-ES\",\"sameAs\":[\"https:\/\/jornalfatosenoticias.com.br\"],\"url\":\"https:\/\/jornalfatosenoticias.com.br\/index.php\/author\/luzimara\/\"}]}<\/script>\n<!-- \/ Yoast SEO plugin. -->","yoast_head_json":{"title":"Setembro Roxo: conhe\u00e7a a fibrose c\u00edstica, a \u201cdoen\u00e7a do beijo salgado\u201d - Jornal Fatos e Not\u00edcias","robots":{"index":"index","follow":"follow","max-snippet":"max-snippet:-1","max-image-preview":"max-image-preview:large","max-video-preview":"max-video-preview:-1"},"canonical":"https:\/\/jornalfatosenoticias.com.br\/index.php\/2020\/09\/14\/setembro-roxo-conheca-a-fibrose-cistica-a-doenca-do-beijo-salgado\/","og_locale":"pt_BR","og_type":"article","og_title":"Setembro Roxo: conhe\u00e7a a fibrose c\u00edstica, a \u201cdoen\u00e7a do beijo salgado\u201d - Jornal Fatos e Not\u00edcias","og_description":"Entenda quais s\u00e3o as causas, sintomas e tratamentos desta doen\u00e7a rara que acomete um a cada 10 mil rec\u00e9m-nascidos no Pa\u00eds e pode ser diagnosticada pelo teste do pezinho No Brasil, setembro foi escolhido como o m\u00eas de conscientiza\u00e7\u00e3o da fibrose c\u00edstica. Com a campanha Setembro Roxo, que ocorre todos os anos desde 2014, o [&hellip;]","og_url":"https:\/\/jornalfatosenoticias.com.br\/index.php\/2020\/09\/14\/setembro-roxo-conheca-a-fibrose-cistica-a-doenca-do-beijo-salgado\/","og_site_name":"Jornal Fatos e Not\u00edcias","article_published_time":"2020-09-14T14:35:43+00:00","article_modified_time":"2020-09-14T14:35:48+00:00","og_image":[{"width":1000,"height":666,"url":"https:\/\/jornalfatosenoticias.com.br\/wp-content\/uploads\/2020\/09\/pexels-pixabay-PEZINHO.jpg","type":"image\/jpeg"}],"author":"Luzimara Fernandes","twitter_card":"summary_large_image","twitter_misc":{"Escrito por":"Luzimara Fernandes","Est. tempo de leitura":"3 minutos"},"schema":{"@context":"https:\/\/schema.org","@graph":[{"@type":"Article","@id":"https:\/\/jornalfatosenoticias.com.br\/index.php\/2020\/09\/14\/setembro-roxo-conheca-a-fibrose-cistica-a-doenca-do-beijo-salgado\/#article","isPartOf":{"@id":"https:\/\/jornalfatosenoticias.com.br\/index.php\/2020\/09\/14\/setembro-roxo-conheca-a-fibrose-cistica-a-doenca-do-beijo-salgado\/"},"author":{"name":"Luzimara Fernandes","@id":"https:\/\/jornalfatosenoticias.com.br\/#\/schema\/person\/d63837fa13ac8666eb9e74e0985d6f81"},"headline":"Setembro Roxo: conhe\u00e7a a fibrose c\u00edstica, a \u201cdoen\u00e7a do beijo salgado\u201d","datePublished":"2020-09-14T14:35:43+00:00","dateModified":"2020-09-14T14:35:48+00:00","mainEntityOfPage":{"@id":"https:\/\/jornalfatosenoticias.com.br\/index.php\/2020\/09\/14\/setembro-roxo-conheca-a-fibrose-cistica-a-doenca-do-beijo-salgado\/"},"wordCount":686,"commentCount":0,"publisher":{"@id":"https:\/\/jornalfatosenoticias.com.br\/#organization"},"image":{"@id":"https:\/\/jornalfatosenoticias.com.br\/index.php\/2020\/09\/14\/setembro-roxo-conheca-a-fibrose-cistica-a-doenca-do-beijo-salgado\/#primaryimage"},"thumbnailUrl":"https:\/\/jornalfatosenoticias.com.br\/wp-content\/uploads\/2020\/09\/pexels-pixabay-PEZINHO.jpg","keywords":["doen\u00e7a","fibrose c\u00edstica","Setembro Roxo","teste do pezinho"],"articleSection":["Sa\u00fade"],"inLanguage":"pt-BR","potentialAction":[{"@type":"CommentAction","name":"Comment","target":["https:\/\/jornalfatosenoticias.com.br\/index.php\/2020\/09\/14\/setembro-roxo-conheca-a-fibrose-cistica-a-doenca-do-beijo-salgado\/#respond"]}]},{"@type":"WebPage","@id":"https:\/\/jornalfatosenoticias.com.br\/index.php\/2020\/09\/14\/setembro-roxo-conheca-a-fibrose-cistica-a-doenca-do-beijo-salgado\/","url":"https:\/\/jornalfatosenoticias.com.br\/index.php\/2020\/09\/14\/setembro-roxo-conheca-a-fibrose-cistica-a-doenca-do-beijo-salgado\/","name":"Setembro Roxo: conhe\u00e7a a fibrose c\u00edstica, a \u201cdoen\u00e7a do beijo salgado\u201d - Jornal Fatos e Not\u00edcias","isPartOf":{"@id":"https:\/\/jornalfatosenoticias.com.br\/#website"},"primaryImageOfPage":{"@id":"https:\/\/jornalfatosenoticias.com.br\/index.php\/2020\/09\/14\/setembro-roxo-conheca-a-fibrose-cistica-a-doenca-do-beijo-salgado\/#primaryimage"},"image":{"@id":"https:\/\/jornalfatosenoticias.com.br\/index.php\/2020\/09\/14\/setembro-roxo-conheca-a-fibrose-cistica-a-doenca-do-beijo-salgado\/#primaryimage"},"thumbnailUrl":"https:\/\/jornalfatosenoticias.com.br\/wp-content\/uploads\/2020\/09\/pexels-pixabay-PEZINHO.jpg","datePublished":"2020-09-14T14:35:43+00:00","dateModified":"2020-09-14T14:35:48+00:00","breadcrumb":{"@id":"https:\/\/jornalfatosenoticias.com.br\/index.php\/2020\/09\/14\/setembro-roxo-conheca-a-fibrose-cistica-a-doenca-do-beijo-salgado\/#breadcrumb"},"inLanguage":"pt-BR","potentialAction":[{"@type":"ReadAction","target":["https:\/\/jornalfatosenoticias.com.br\/index.php\/2020\/09\/14\/setembro-roxo-conheca-a-fibrose-cistica-a-doenca-do-beijo-salgado\/"]}]},{"@type":"ImageObject","inLanguage":"pt-BR","@id":"https:\/\/jornalfatosenoticias.com.br\/index.php\/2020\/09\/14\/setembro-roxo-conheca-a-fibrose-cistica-a-doenca-do-beijo-salgado\/#primaryimage","url":"https:\/\/jornalfatosenoticias.com.br\/wp-content\/uploads\/2020\/09\/pexels-pixabay-PEZINHO.jpg","contentUrl":"https:\/\/jornalfatosenoticias.com.br\/wp-content\/uploads\/2020\/09\/pexels-pixabay-PEZINHO.jpg","width":1000,"height":666},{"@type":"BreadcrumbList","@id":"https:\/\/jornalfatosenoticias.com.br\/index.php\/2020\/09\/14\/setembro-roxo-conheca-a-fibrose-cistica-a-doenca-do-beijo-salgado\/#breadcrumb","itemListElement":[{"@type":"ListItem","position":1,"name":"In\u00edcio","item":"https:\/\/jornalfatosenoticias.com.br\/"},{"@type":"ListItem","position":2,"name":"Setembro Roxo: conhe\u00e7a a fibrose c\u00edstica, a \u201cdoen\u00e7a do beijo salgado\u201d"}]},{"@type":"WebSite","@id":"https:\/\/jornalfatosenoticias.com.br\/#website","url":"https:\/\/jornalfatosenoticias.com.br\/","name":"Jornal Fatos e Not\u00edcias","description":"Not\u00edcias em geral","publisher":{"@id":"https:\/\/jornalfatosenoticias.com.br\/#organization"},"potentialAction":[{"@type":"SearchAction","target":{"@type":"EntryPoint","urlTemplate":"https:\/\/jornalfatosenoticias.com.br\/?s={search_term_string}"},"query-input":{"@type":"PropertyValueSpecification","valueRequired":true,"valueName":"search_term_string"}}],"inLanguage":"pt-BR"},{"@type":"Organization","@id":"https:\/\/jornalfatosenoticias.com.br\/#organization","name":"Jornal Fatos e Not\u00edcias","url":"https:\/\/jornalfatosenoticias.com.br\/","logo":{"@type":"ImageObject","inLanguage":"pt-BR","@id":"https:\/\/jornalfatosenoticias.com.br\/#\/schema\/logo\/image\/","url":"https:\/\/jornalfatosenoticias.com.br\/wp-content\/uploads\/2020\/02\/logo120.png","contentUrl":"https:\/\/jornalfatosenoticias.com.br\/wp-content\/uploads\/2020\/02\/logo120.png","width":1227,"height":120,"caption":"Jornal Fatos e Not\u00edcias"},"image":{"@id":"https:\/\/jornalfatosenoticias.com.br\/#\/schema\/logo\/image\/"}},{"@type":"Person","@id":"https:\/\/jornalfatosenoticias.com.br\/#\/schema\/person\/d63837fa13ac8666eb9e74e0985d6f81","name":"Luzimara Fernandes","image":{"@type":"ImageObject","inLanguage":"pt-BR","@id":"https:\/\/jornalfatosenoticias.com.br\/#\/schema\/person\/image\/","url":"https:\/\/jornalfatosenoticias.com.br\/wp-content\/uploads\/2025\/05\/EU_portal.jpg","contentUrl":"https:\/\/jornalfatosenoticias.com.br\/wp-content\/uploads\/2025\/05\/EU_portal.jpg","caption":"Luzimara Fernandes"},"description":"Jornalista MTB 2358-ES","sameAs":["https:\/\/jornalfatosenoticias.com.br"],"url":"https:\/\/jornalfatosenoticias.com.br\/index.php\/author\/luzimara\/"}]}},"cc_featured_image_caption":{"caption_text":"Rec\u00e9m-nascido (Foto: Pixabay)","source_text":"","source_url":""},"jetpack_featured_media_url":"https:\/\/jornalfatosenoticias.com.br\/wp-content\/uploads\/2020\/09\/pexels-pixabay-PEZINHO.jpg","_links":{"self":[{"href":"https:\/\/jornalfatosenoticias.com.br\/index.php\/wp-json\/wp\/v2\/posts\/8853","targetHints":{"allow":["GET"]}}],"collection":[{"href":"https:\/\/jornalfatosenoticias.com.br\/index.php\/wp-json\/wp\/v2\/posts"}],"about":[{"href":"https:\/\/jornalfatosenoticias.com.br\/index.php\/wp-json\/wp\/v2\/types\/post"}],"author":[{"embeddable":true,"href":"https:\/\/jornalfatosenoticias.com.br\/index.php\/wp-json\/wp\/v2\/users\/2"}],"replies":[{"embeddable":true,"href":"https:\/\/jornalfatosenoticias.com.br\/index.php\/wp-json\/wp\/v2\/comments?post=8853"}],"version-history":[{"count":0,"href":"https:\/\/jornalfatosenoticias.com.br\/index.php\/wp-json\/wp\/v2\/posts\/8853\/revisions"}],"wp:featuredmedia":[{"embeddable":true,"href":"https:\/\/jornalfatosenoticias.com.br\/index.php\/wp-json\/wp\/v2\/media\/8854"}],"wp:attachment":[{"href":"https:\/\/jornalfatosenoticias.com.br\/index.php\/wp-json\/wp\/v2\/media?parent=8853"}],"wp:term":[{"taxonomy":"category","embeddable":true,"href":"https:\/\/jornalfatosenoticias.com.br\/index.php\/wp-json\/wp\/v2\/categories?post=8853"},{"taxonomy":"post_tag","embeddable":true,"href":"https:\/\/jornalfatosenoticias.com.br\/index.php\/wp-json\/wp\/v2\/tags?post=8853"}],"curies":[{"name":"wp","href":"https:\/\/api.w.org\/{rel}","templated":true}]}}