{"id":8856,"date":"2020-09-14T13:40:20","date_gmt":"2020-09-14T16:40:20","guid":{"rendered":"https:\/\/jornalfatosenoticias.com.br\/?p=8856"},"modified":"2020-09-14T13:41:31","modified_gmt":"2020-09-14T16:41:31","slug":"embarcacao-do-seculo-17-e-encontrada-quase-intacta-no-mar-baltico","status":"publish","type":"post","link":"https:\/\/jornalfatosenoticias.com.br\/index.php\/2020\/09\/14\/embarcacao-do-seculo-17-e-encontrada-quase-intacta-no-mar-baltico\/","title":{"rendered":"Embarca\u00e7\u00e3o do s\u00e9culo 17 \u00e9 encontrada quase intacta no Mar B\u00e1ltico"},"content":{"rendered":"\n<h6 class=\"wp-block-heading\"><em>A preserva\u00e7\u00e3o do not\u00e1vel navio do Imp\u00e9rio Holand\u00eas gerou muitas d\u00favidas sobre como ocorreu seu desaparecimento<\/em><\/h6>\n\n\n\n<p>De acordo com informa\u00e7\u00f5es do jornal brit\u00e2nico Daily Mail, uma equipe de mergulho liderada por Jouni Polkko encontrou destro\u00e7os de um dos mais importantes navios usados pelo Imp\u00e9rio Holand\u00eas durante o s\u00e9culo 17. As investiga\u00e7\u00f5es ocorreram no fundo das \u00e1guas do Mar B\u00e1ltico, mais especificamente na foz do Golfo da Finl\u00e2ndia.<br>Conhecido como fluyt, o barco foi uma pe\u00e7a fundamental para a explora\u00e7\u00e3o de outros continentes realizada por exploradores holandeses. Para Juha Flinkman, tamb\u00e9m do time de mergulho, \u201cesta fam\u00edlia de navios foi fundamental para a ascens\u00e3o da Rep\u00fablica Holandesa \u00e0 superpot\u00eancia econ\u00f4mica que foi\u201d.<br>\u201cEm sua \u00e9poca, eles eram navios muito eficientes. E \u00e9 preciso lembrar que era esse tipo de navio que praticamente todos os exploradores holandeses usavam \u2014 como Willem Barents no \u00c1rtico e aqueles que foram para a Austr\u00e1lia e a \u00c1sia\u201d, explicou.<br>O mais impressionante, por\u00e9m, \u00e9 que o navio foi encontrado em condi\u00e7\u00f5es quase perfeitas, o que fez com que os especialistas ficassem intrigados com a causa do desaparecimento da embarca\u00e7\u00e3o nas \u00e1guas.<br>\u201cO casco est\u00e1 intacto. Est\u00e1 no meio do mar, por isso n\u00e3o encalhou. Talvez tenha virado durante uma tempestade ou as bombas tenham ficado presas e o navio tenha entrado com muita \u00e1gua por causa de um vazamento\u201d, disse Jouni Polkko. \u201cOu talvez o cordame tenha congelado e tornado a nave inst\u00e1vel. Mas realmente n\u00e3o sabemos\u201d.<\/p>\n\n\n\n<figure class=\"wp-block-image size-large\"><img loading=\"lazy\" decoding=\"async\" width=\"1000\" height=\"562\" src=\"https:\/\/jornalfatosenoticias.com.br\/wp-content\/uploads\/2020\/09\/naufragio_holandes3.jpg\" alt=\"\" class=\"wp-image-8857\" srcset=\"https:\/\/jornalfatosenoticias.com.br\/wp-content\/uploads\/2020\/09\/naufragio_holandes3.jpg 1000w, https:\/\/jornalfatosenoticias.com.br\/wp-content\/uploads\/2020\/09\/naufragio_holandes3-300x169.jpg 300w, https:\/\/jornalfatosenoticias.com.br\/wp-content\/uploads\/2020\/09\/naufragio_holandes3-768x432.jpg 768w\" sizes=\"auto, (max-width: 1000px) 100vw, 1000px\" \/><figcaption><em>Naufr\u00e1gio de navio do Imp\u00e9rio Holand\u00eas encontrado no Mar B\u00e1ltico (Foto: Divulga\u00e7\u00e3o\/Badewanne\/Pen News)<\/em><\/figcaption><\/figure>\n\n\n\n<p>O barco tinha apenas danos considerados \u201cleves\u201d. Acredita-se que as condi\u00e7\u00f5es do ambiente fizeram com que ele ficasse t\u00e3o preservado. \u201c\u00c9 apenas em lugares raros ao redor do mundo, incluindo o Mar B\u00e1ltico, onde destro\u00e7os de madeira podem sobreviver por s\u00e9culos sem serem destru\u00eddos. Devido \u00e0 baixa salinidade, escurid\u00e3o absoluta e temperaturas muito baixas durante todo o ano, esses processos s\u00e3o muito lentos no B\u00e1ltico\u201d, explicou Polkko.<br>Segundo o mergulhador \u201ctodo o Mar B\u00e1ltico \u00e9 bom para preservar antigos naufr\u00e1gios. Mas em dire\u00e7\u00e3o ao Golfo da Finl\u00e2ndia, as condi\u00e7\u00f5es apenas melhoram \u00e0 medida que a salinidade diminui\u201d. O resultado disso s\u00e3o os impressionantes barcos afundados encontrados no mar gelado.<\/p>\n\n\n\n<h4 class=\"wp-block-heading\">Confira o v\u00eddeo publicado pelo jornal brit\u00e2nico Daily Mail:<\/h4>\n\n\n\n<figure class=\"wp-block-video\"><video controls src=\"https:\/\/videos.dailymail.co.uk\/video\/mol\/2020\/09\/09\/4048929556573568169\/640x360_MP4_4048929556573568169.mp4\"><\/video><\/figure>\n\n\n\n<p><em><strong>Fonte: <a href=\"https:\/\/aventurasnahistoria.uol.com.br\/noticias\/historia-hoje\/embarcacao-do-seculo-17-e-encontrada-quase-intacta-no-mar-baltico.phtml\">Aventuras na Hist\u00f3ria<\/a><\/strong><\/em><\/p>\n","protected":false},"excerpt":{"rendered":"<p>A preserva\u00e7\u00e3o do not\u00e1vel navio do Imp\u00e9rio Holand\u00eas gerou muitas d\u00favidas sobre como ocorreu seu desaparecimento De acordo com informa\u00e7\u00f5es do jornal brit\u00e2nico Daily Mail, uma equipe de mergulho liderada por Jouni Polkko encontrou destro\u00e7os de um dos mais importantes navios usados pelo Imp\u00e9rio Holand\u00eas durante o s\u00e9culo 17. As investiga\u00e7\u00f5es ocorreram no fundo das [&hellip;]<\/p>\n","protected":false},"author":2,"featured_media":8858,"comment_status":"open","ping_status":"open","sticky":false,"template":"","format":"standard","meta":{"footnotes":""},"categories":[2],"tags":[1478,4893,4894,248],"class_list":["post-8856","post","type-post","status-publish","format-standard","has-post-thumbnail","hentry","category-ciencia","tag-arqueologia","tag-imperio-holandes","tag-mar-baltico","tag-naufragio"],"yoast_head":"<!-- This site is optimized with the Yoast SEO plugin v26.5 - https:\/\/yoast.com\/wordpress\/plugins\/seo\/ -->\n<title>Embarca\u00e7\u00e3o do s\u00e9culo 17 \u00e9 encontrada quase intacta no Mar B\u00e1ltico - Jornal Fatos e Not\u00edcias<\/title>\n<meta name=\"robots\" content=\"index, follow, max-snippet:-1, max-image-preview:large, max-video-preview:-1\" \/>\n<link rel=\"canonical\" href=\"https:\/\/jornalfatosenoticias.com.br\/index.php\/2020\/09\/14\/embarcacao-do-seculo-17-e-encontrada-quase-intacta-no-mar-baltico\/\" \/>\n<meta property=\"og:locale\" content=\"pt_BR\" \/>\n<meta property=\"og:type\" content=\"article\" \/>\n<meta property=\"og:title\" content=\"Embarca\u00e7\u00e3o do s\u00e9culo 17 \u00e9 encontrada quase intacta no Mar B\u00e1ltico - Jornal Fatos e Not\u00edcias\" \/>\n<meta property=\"og:description\" content=\"A preserva\u00e7\u00e3o do not\u00e1vel navio do Imp\u00e9rio Holand\u00eas gerou muitas d\u00favidas sobre como ocorreu seu desaparecimento De acordo com informa\u00e7\u00f5es do jornal brit\u00e2nico Daily Mail, uma equipe de mergulho liderada por Jouni Polkko encontrou destro\u00e7os de um dos mais importantes navios usados pelo Imp\u00e9rio Holand\u00eas durante o s\u00e9culo 17. As investiga\u00e7\u00f5es ocorreram no fundo das [&hellip;]\" \/>\n<meta property=\"og:url\" content=\"https:\/\/jornalfatosenoticias.com.br\/index.php\/2020\/09\/14\/embarcacao-do-seculo-17-e-encontrada-quase-intacta-no-mar-baltico\/\" \/>\n<meta property=\"og:site_name\" content=\"Jornal Fatos e Not\u00edcias\" \/>\n<meta property=\"article:published_time\" content=\"2020-09-14T16:40:20+00:00\" \/>\n<meta property=\"article:modified_time\" content=\"2020-09-14T16:41:31+00:00\" \/>\n<meta property=\"og:image\" content=\"https:\/\/jornalfatosenoticias.com.br\/wp-content\/uploads\/2020\/09\/naufragio_holandes-sec.17.jpg\" \/>\n\t<meta property=\"og:image:width\" content=\"800\" \/>\n\t<meta property=\"og:image:height\" content=\"450\" \/>\n\t<meta property=\"og:image:type\" content=\"image\/jpeg\" \/>\n<meta name=\"author\" content=\"Luzimara Fernandes\" \/>\n<meta name=\"twitter:card\" content=\"summary_large_image\" \/>\n<meta name=\"twitter:label1\" content=\"Escrito por\" \/>\n\t<meta name=\"twitter:data1\" content=\"Luzimara Fernandes\" \/>\n\t<meta name=\"twitter:label2\" content=\"Est. tempo de leitura\" \/>\n\t<meta name=\"twitter:data2\" content=\"2 minutos\" \/>\n<script type=\"application\/ld+json\" class=\"yoast-schema-graph\">{\"@context\":\"https:\/\/schema.org\",\"@graph\":[{\"@type\":\"Article\",\"@id\":\"https:\/\/jornalfatosenoticias.com.br\/index.php\/2020\/09\/14\/embarcacao-do-seculo-17-e-encontrada-quase-intacta-no-mar-baltico\/#article\",\"isPartOf\":{\"@id\":\"https:\/\/jornalfatosenoticias.com.br\/index.php\/2020\/09\/14\/embarcacao-do-seculo-17-e-encontrada-quase-intacta-no-mar-baltico\/\"},\"author\":{\"name\":\"Luzimara Fernandes\",\"@id\":\"https:\/\/jornalfatosenoticias.com.br\/#\/schema\/person\/d63837fa13ac8666eb9e74e0985d6f81\"},\"headline\":\"Embarca\u00e7\u00e3o do s\u00e9culo 17 \u00e9 encontrada quase intacta no Mar B\u00e1ltico\",\"datePublished\":\"2020-09-14T16:40:20+00:00\",\"dateModified\":\"2020-09-14T16:41:31+00:00\",\"mainEntityOfPage\":{\"@id\":\"https:\/\/jornalfatosenoticias.com.br\/index.php\/2020\/09\/14\/embarcacao-do-seculo-17-e-encontrada-quase-intacta-no-mar-baltico\/\"},\"wordCount\":433,\"commentCount\":0,\"publisher\":{\"@id\":\"https:\/\/jornalfatosenoticias.com.br\/#organization\"},\"image\":{\"@id\":\"https:\/\/jornalfatosenoticias.com.br\/index.php\/2020\/09\/14\/embarcacao-do-seculo-17-e-encontrada-quase-intacta-no-mar-baltico\/#primaryimage\"},\"thumbnailUrl\":\"https:\/\/jornalfatosenoticias.com.br\/wp-content\/uploads\/2020\/09\/naufragio_holandes-sec.17.jpg\",\"keywords\":[\"arqueologia\",\"imp\u00e9rio holand\u00eas\",\"Mar B\u00e1ltico\",\"naufr\u00e1gio\"],\"articleSection\":[\"Ci\u00eancia\"],\"inLanguage\":\"pt-BR\",\"potentialAction\":[{\"@type\":\"CommentAction\",\"name\":\"Comment\",\"target\":[\"https:\/\/jornalfatosenoticias.com.br\/index.php\/2020\/09\/14\/embarcacao-do-seculo-17-e-encontrada-quase-intacta-no-mar-baltico\/#respond\"]}]},{\"@type\":\"WebPage\",\"@id\":\"https:\/\/jornalfatosenoticias.com.br\/index.php\/2020\/09\/14\/embarcacao-do-seculo-17-e-encontrada-quase-intacta-no-mar-baltico\/\",\"url\":\"https:\/\/jornalfatosenoticias.com.br\/index.php\/2020\/09\/14\/embarcacao-do-seculo-17-e-encontrada-quase-intacta-no-mar-baltico\/\",\"name\":\"Embarca\u00e7\u00e3o do s\u00e9culo 17 \u00e9 encontrada quase intacta no Mar B\u00e1ltico - Jornal Fatos e Not\u00edcias\",\"isPartOf\":{\"@id\":\"https:\/\/jornalfatosenoticias.com.br\/#website\"},\"primaryImageOfPage\":{\"@id\":\"https:\/\/jornalfatosenoticias.com.br\/index.php\/2020\/09\/14\/embarcacao-do-seculo-17-e-encontrada-quase-intacta-no-mar-baltico\/#primaryimage\"},\"image\":{\"@id\":\"https:\/\/jornalfatosenoticias.com.br\/index.php\/2020\/09\/14\/embarcacao-do-seculo-17-e-encontrada-quase-intacta-no-mar-baltico\/#primaryimage\"},\"thumbnailUrl\":\"https:\/\/jornalfatosenoticias.com.br\/wp-content\/uploads\/2020\/09\/naufragio_holandes-sec.17.jpg\",\"datePublished\":\"2020-09-14T16:40:20+00:00\",\"dateModified\":\"2020-09-14T16:41:31+00:00\",\"breadcrumb\":{\"@id\":\"https:\/\/jornalfatosenoticias.com.br\/index.php\/2020\/09\/14\/embarcacao-do-seculo-17-e-encontrada-quase-intacta-no-mar-baltico\/#breadcrumb\"},\"inLanguage\":\"pt-BR\",\"potentialAction\":[{\"@type\":\"ReadAction\",\"target\":[\"https:\/\/jornalfatosenoticias.com.br\/index.php\/2020\/09\/14\/embarcacao-do-seculo-17-e-encontrada-quase-intacta-no-mar-baltico\/\"]}]},{\"@type\":\"ImageObject\",\"inLanguage\":\"pt-BR\",\"@id\":\"https:\/\/jornalfatosenoticias.com.br\/index.php\/2020\/09\/14\/embarcacao-do-seculo-17-e-encontrada-quase-intacta-no-mar-baltico\/#primaryimage\",\"url\":\"https:\/\/jornalfatosenoticias.com.br\/wp-content\/uploads\/2020\/09\/naufragio_holandes-sec.17.jpg\",\"contentUrl\":\"https:\/\/jornalfatosenoticias.com.br\/wp-content\/uploads\/2020\/09\/naufragio_holandes-sec.17.jpg\",\"width\":800,\"height\":450},{\"@type\":\"BreadcrumbList\",\"@id\":\"https:\/\/jornalfatosenoticias.com.br\/index.php\/2020\/09\/14\/embarcacao-do-seculo-17-e-encontrada-quase-intacta-no-mar-baltico\/#breadcrumb\",\"itemListElement\":[{\"@type\":\"ListItem\",\"position\":1,\"name\":\"In\u00edcio\",\"item\":\"https:\/\/jornalfatosenoticias.com.br\/\"},{\"@type\":\"ListItem\",\"position\":2,\"name\":\"Embarca\u00e7\u00e3o do s\u00e9culo 17 \u00e9 encontrada quase intacta no Mar B\u00e1ltico\"}]},{\"@type\":\"WebSite\",\"@id\":\"https:\/\/jornalfatosenoticias.com.br\/#website\",\"url\":\"https:\/\/jornalfatosenoticias.com.br\/\",\"name\":\"Jornal Fatos e Not\u00edcias\",\"description\":\"Not\u00edcias em geral\",\"publisher\":{\"@id\":\"https:\/\/jornalfatosenoticias.com.br\/#organization\"},\"potentialAction\":[{\"@type\":\"SearchAction\",\"target\":{\"@type\":\"EntryPoint\",\"urlTemplate\":\"https:\/\/jornalfatosenoticias.com.br\/?s={search_term_string}\"},\"query-input\":{\"@type\":\"PropertyValueSpecification\",\"valueRequired\":true,\"valueName\":\"search_term_string\"}}],\"inLanguage\":\"pt-BR\"},{\"@type\":\"Organization\",\"@id\":\"https:\/\/jornalfatosenoticias.com.br\/#organization\",\"name\":\"Jornal Fatos e Not\u00edcias\",\"url\":\"https:\/\/jornalfatosenoticias.com.br\/\",\"logo\":{\"@type\":\"ImageObject\",\"inLanguage\":\"pt-BR\",\"@id\":\"https:\/\/jornalfatosenoticias.com.br\/#\/schema\/logo\/image\/\",\"url\":\"https:\/\/jornalfatosenoticias.com.br\/wp-content\/uploads\/2020\/02\/logo120.png\",\"contentUrl\":\"https:\/\/jornalfatosenoticias.com.br\/wp-content\/uploads\/2020\/02\/logo120.png\",\"width\":1227,\"height\":120,\"caption\":\"Jornal Fatos e Not\u00edcias\"},\"image\":{\"@id\":\"https:\/\/jornalfatosenoticias.com.br\/#\/schema\/logo\/image\/\"}},{\"@type\":\"Person\",\"@id\":\"https:\/\/jornalfatosenoticias.com.br\/#\/schema\/person\/d63837fa13ac8666eb9e74e0985d6f81\",\"name\":\"Luzimara Fernandes\",\"image\":{\"@type\":\"ImageObject\",\"inLanguage\":\"pt-BR\",\"@id\":\"https:\/\/jornalfatosenoticias.com.br\/#\/schema\/person\/image\/\",\"url\":\"https:\/\/jornalfatosenoticias.com.br\/wp-content\/uploads\/2025\/05\/EU_portal.jpg\",\"contentUrl\":\"https:\/\/jornalfatosenoticias.com.br\/wp-content\/uploads\/2025\/05\/EU_portal.jpg\",\"caption\":\"Luzimara Fernandes\"},\"description\":\"Jornalista MTB 2358-ES\",\"sameAs\":[\"https:\/\/jornalfatosenoticias.com.br\"],\"url\":\"https:\/\/jornalfatosenoticias.com.br\/index.php\/author\/luzimara\/\"}]}<\/script>\n<!-- \/ Yoast SEO plugin. -->","yoast_head_json":{"title":"Embarca\u00e7\u00e3o do s\u00e9culo 17 \u00e9 encontrada quase intacta no Mar B\u00e1ltico - Jornal Fatos e Not\u00edcias","robots":{"index":"index","follow":"follow","max-snippet":"max-snippet:-1","max-image-preview":"max-image-preview:large","max-video-preview":"max-video-preview:-1"},"canonical":"https:\/\/jornalfatosenoticias.com.br\/index.php\/2020\/09\/14\/embarcacao-do-seculo-17-e-encontrada-quase-intacta-no-mar-baltico\/","og_locale":"pt_BR","og_type":"article","og_title":"Embarca\u00e7\u00e3o do s\u00e9culo 17 \u00e9 encontrada quase intacta no Mar B\u00e1ltico - Jornal Fatos e Not\u00edcias","og_description":"A preserva\u00e7\u00e3o do not\u00e1vel navio do Imp\u00e9rio Holand\u00eas gerou muitas d\u00favidas sobre como ocorreu seu desaparecimento De acordo com informa\u00e7\u00f5es do jornal brit\u00e2nico Daily Mail, uma equipe de mergulho liderada por Jouni Polkko encontrou destro\u00e7os de um dos mais importantes navios usados pelo Imp\u00e9rio Holand\u00eas durante o s\u00e9culo 17. As investiga\u00e7\u00f5es ocorreram no fundo das [&hellip;]","og_url":"https:\/\/jornalfatosenoticias.com.br\/index.php\/2020\/09\/14\/embarcacao-do-seculo-17-e-encontrada-quase-intacta-no-mar-baltico\/","og_site_name":"Jornal Fatos e Not\u00edcias","article_published_time":"2020-09-14T16:40:20+00:00","article_modified_time":"2020-09-14T16:41:31+00:00","og_image":[{"width":800,"height":450,"url":"https:\/\/jornalfatosenoticias.com.br\/wp-content\/uploads\/2020\/09\/naufragio_holandes-sec.17.jpg","type":"image\/jpeg"}],"author":"Luzimara Fernandes","twitter_card":"summary_large_image","twitter_misc":{"Escrito por":"Luzimara Fernandes","Est. tempo de leitura":"2 minutos"},"schema":{"@context":"https:\/\/schema.org","@graph":[{"@type":"Article","@id":"https:\/\/jornalfatosenoticias.com.br\/index.php\/2020\/09\/14\/embarcacao-do-seculo-17-e-encontrada-quase-intacta-no-mar-baltico\/#article","isPartOf":{"@id":"https:\/\/jornalfatosenoticias.com.br\/index.php\/2020\/09\/14\/embarcacao-do-seculo-17-e-encontrada-quase-intacta-no-mar-baltico\/"},"author":{"name":"Luzimara Fernandes","@id":"https:\/\/jornalfatosenoticias.com.br\/#\/schema\/person\/d63837fa13ac8666eb9e74e0985d6f81"},"headline":"Embarca\u00e7\u00e3o do s\u00e9culo 17 \u00e9 encontrada quase intacta no Mar B\u00e1ltico","datePublished":"2020-09-14T16:40:20+00:00","dateModified":"2020-09-14T16:41:31+00:00","mainEntityOfPage":{"@id":"https:\/\/jornalfatosenoticias.com.br\/index.php\/2020\/09\/14\/embarcacao-do-seculo-17-e-encontrada-quase-intacta-no-mar-baltico\/"},"wordCount":433,"commentCount":0,"publisher":{"@id":"https:\/\/jornalfatosenoticias.com.br\/#organization"},"image":{"@id":"https:\/\/jornalfatosenoticias.com.br\/index.php\/2020\/09\/14\/embarcacao-do-seculo-17-e-encontrada-quase-intacta-no-mar-baltico\/#primaryimage"},"thumbnailUrl":"https:\/\/jornalfatosenoticias.com.br\/wp-content\/uploads\/2020\/09\/naufragio_holandes-sec.17.jpg","keywords":["arqueologia","imp\u00e9rio holand\u00eas","Mar B\u00e1ltico","naufr\u00e1gio"],"articleSection":["Ci\u00eancia"],"inLanguage":"pt-BR","potentialAction":[{"@type":"CommentAction","name":"Comment","target":["https:\/\/jornalfatosenoticias.com.br\/index.php\/2020\/09\/14\/embarcacao-do-seculo-17-e-encontrada-quase-intacta-no-mar-baltico\/#respond"]}]},{"@type":"WebPage","@id":"https:\/\/jornalfatosenoticias.com.br\/index.php\/2020\/09\/14\/embarcacao-do-seculo-17-e-encontrada-quase-intacta-no-mar-baltico\/","url":"https:\/\/jornalfatosenoticias.com.br\/index.php\/2020\/09\/14\/embarcacao-do-seculo-17-e-encontrada-quase-intacta-no-mar-baltico\/","name":"Embarca\u00e7\u00e3o do s\u00e9culo 17 \u00e9 encontrada quase intacta no Mar B\u00e1ltico - Jornal Fatos e Not\u00edcias","isPartOf":{"@id":"https:\/\/jornalfatosenoticias.com.br\/#website"},"primaryImageOfPage":{"@id":"https:\/\/jornalfatosenoticias.com.br\/index.php\/2020\/09\/14\/embarcacao-do-seculo-17-e-encontrada-quase-intacta-no-mar-baltico\/#primaryimage"},"image":{"@id":"https:\/\/jornalfatosenoticias.com.br\/index.php\/2020\/09\/14\/embarcacao-do-seculo-17-e-encontrada-quase-intacta-no-mar-baltico\/#primaryimage"},"thumbnailUrl":"https:\/\/jornalfatosenoticias.com.br\/wp-content\/uploads\/2020\/09\/naufragio_holandes-sec.17.jpg","datePublished":"2020-09-14T16:40:20+00:00","dateModified":"2020-09-14T16:41:31+00:00","breadcrumb":{"@id":"https:\/\/jornalfatosenoticias.com.br\/index.php\/2020\/09\/14\/embarcacao-do-seculo-17-e-encontrada-quase-intacta-no-mar-baltico\/#breadcrumb"},"inLanguage":"pt-BR","potentialAction":[{"@type":"ReadAction","target":["https:\/\/jornalfatosenoticias.com.br\/index.php\/2020\/09\/14\/embarcacao-do-seculo-17-e-encontrada-quase-intacta-no-mar-baltico\/"]}]},{"@type":"ImageObject","inLanguage":"pt-BR","@id":"https:\/\/jornalfatosenoticias.com.br\/index.php\/2020\/09\/14\/embarcacao-do-seculo-17-e-encontrada-quase-intacta-no-mar-baltico\/#primaryimage","url":"https:\/\/jornalfatosenoticias.com.br\/wp-content\/uploads\/2020\/09\/naufragio_holandes-sec.17.jpg","contentUrl":"https:\/\/jornalfatosenoticias.com.br\/wp-content\/uploads\/2020\/09\/naufragio_holandes-sec.17.jpg","width":800,"height":450},{"@type":"BreadcrumbList","@id":"https:\/\/jornalfatosenoticias.com.br\/index.php\/2020\/09\/14\/embarcacao-do-seculo-17-e-encontrada-quase-intacta-no-mar-baltico\/#breadcrumb","itemListElement":[{"@type":"ListItem","position":1,"name":"In\u00edcio","item":"https:\/\/jornalfatosenoticias.com.br\/"},{"@type":"ListItem","position":2,"name":"Embarca\u00e7\u00e3o do s\u00e9culo 17 \u00e9 encontrada quase intacta no Mar B\u00e1ltico"}]},{"@type":"WebSite","@id":"https:\/\/jornalfatosenoticias.com.br\/#website","url":"https:\/\/jornalfatosenoticias.com.br\/","name":"Jornal Fatos e Not\u00edcias","description":"Not\u00edcias em geral","publisher":{"@id":"https:\/\/jornalfatosenoticias.com.br\/#organization"},"potentialAction":[{"@type":"SearchAction","target":{"@type":"EntryPoint","urlTemplate":"https:\/\/jornalfatosenoticias.com.br\/?s={search_term_string}"},"query-input":{"@type":"PropertyValueSpecification","valueRequired":true,"valueName":"search_term_string"}}],"inLanguage":"pt-BR"},{"@type":"Organization","@id":"https:\/\/jornalfatosenoticias.com.br\/#organization","name":"Jornal Fatos e Not\u00edcias","url":"https:\/\/jornalfatosenoticias.com.br\/","logo":{"@type":"ImageObject","inLanguage":"pt-BR","@id":"https:\/\/jornalfatosenoticias.com.br\/#\/schema\/logo\/image\/","url":"https:\/\/jornalfatosenoticias.com.br\/wp-content\/uploads\/2020\/02\/logo120.png","contentUrl":"https:\/\/jornalfatosenoticias.com.br\/wp-content\/uploads\/2020\/02\/logo120.png","width":1227,"height":120,"caption":"Jornal Fatos e Not\u00edcias"},"image":{"@id":"https:\/\/jornalfatosenoticias.com.br\/#\/schema\/logo\/image\/"}},{"@type":"Person","@id":"https:\/\/jornalfatosenoticias.com.br\/#\/schema\/person\/d63837fa13ac8666eb9e74e0985d6f81","name":"Luzimara Fernandes","image":{"@type":"ImageObject","inLanguage":"pt-BR","@id":"https:\/\/jornalfatosenoticias.com.br\/#\/schema\/person\/image\/","url":"https:\/\/jornalfatosenoticias.com.br\/wp-content\/uploads\/2025\/05\/EU_portal.jpg","contentUrl":"https:\/\/jornalfatosenoticias.com.br\/wp-content\/uploads\/2025\/05\/EU_portal.jpg","caption":"Luzimara Fernandes"},"description":"Jornalista MTB 2358-ES","sameAs":["https:\/\/jornalfatosenoticias.com.br"],"url":"https:\/\/jornalfatosenoticias.com.br\/index.php\/author\/luzimara\/"}]}},"cc_featured_image_caption":{"caption_text":"(Foto: Divulga\u00e7\u00e3o\/Badewanne\/Pen News) \r\n","source_text":"","source_url":""},"jetpack_featured_media_url":"https:\/\/jornalfatosenoticias.com.br\/wp-content\/uploads\/2020\/09\/naufragio_holandes-sec.17.jpg","_links":{"self":[{"href":"https:\/\/jornalfatosenoticias.com.br\/index.php\/wp-json\/wp\/v2\/posts\/8856","targetHints":{"allow":["GET"]}}],"collection":[{"href":"https:\/\/jornalfatosenoticias.com.br\/index.php\/wp-json\/wp\/v2\/posts"}],"about":[{"href":"https:\/\/jornalfatosenoticias.com.br\/index.php\/wp-json\/wp\/v2\/types\/post"}],"author":[{"embeddable":true,"href":"https:\/\/jornalfatosenoticias.com.br\/index.php\/wp-json\/wp\/v2\/users\/2"}],"replies":[{"embeddable":true,"href":"https:\/\/jornalfatosenoticias.com.br\/index.php\/wp-json\/wp\/v2\/comments?post=8856"}],"version-history":[{"count":0,"href":"https:\/\/jornalfatosenoticias.com.br\/index.php\/wp-json\/wp\/v2\/posts\/8856\/revisions"}],"wp:featuredmedia":[{"embeddable":true,"href":"https:\/\/jornalfatosenoticias.com.br\/index.php\/wp-json\/wp\/v2\/media\/8858"}],"wp:attachment":[{"href":"https:\/\/jornalfatosenoticias.com.br\/index.php\/wp-json\/wp\/v2\/media?parent=8856"}],"wp:term":[{"taxonomy":"category","embeddable":true,"href":"https:\/\/jornalfatosenoticias.com.br\/index.php\/wp-json\/wp\/v2\/categories?post=8856"},{"taxonomy":"post_tag","embeddable":true,"href":"https:\/\/jornalfatosenoticias.com.br\/index.php\/wp-json\/wp\/v2\/tags?post=8856"}],"curies":[{"name":"wp","href":"https:\/\/api.w.org\/{rel}","templated":true}]}}